{"id":43746,"date":"2012-11-09T19:29:14","date_gmt":"2012-11-09T18:29:14","guid":{"rendered":"http:\/\/www.bellunopress.it\/?p=43746"},"modified":"2012-11-09T19:29:14","modified_gmt":"2012-11-09T18:29:14","slug":"sportful-dolomiti-race-oltre-1-500-iscritti-nel-primo-mese","status":"publish","type":"post","link":"https:\/\/www.bellunopress.it\/fr\/2012\/11\/09\/sportful-dolomiti-race-oltre-1-500-iscritti-nel-primo-mese\/","title":{"rendered":"Sportful Dolomiti Race: oltre 1.500 iscritti nel primo mese"},"content":{"rendered":"<p><a href=\"http:\/\/www.bellunopress.it\/wp-content\/uploads\/2010\/06\/sportful-dolomiti-race-130x130.jpg\"><img loading=\"lazy\" decoding=\"async\" class=\"alignleft size-full wp-image-16493\" title=\"sportful-dolomiti-race-130x130\" src=\"http:\/\/www.bellunopress.it\/wp-content\/uploads\/2010\/06\/sportful-dolomiti-race-130x130.jpg\" alt=\"\" width=\"130\" height=\"130\" \/><\/a>Le Dolomiti Bellunesi hanno un fascino tutto speciale e lo dimostrano gli oltre 1.500 amatori che si sono gi\u00e0 iscritti all\u2019appuntamento del 16 giugno 2013 con la 19ma Sportful Dolomiti Race di Feltre.<\/p>\n<p>Un autentico boom di iscrizioni provenienti da tutto il mondo, com\u2019\u00e8 tradizione per la gran fondo bellunese che attraversa da quasi 20 anni le Dolomiti riconosciute dall\u2019Unesco patrimonio dell\u2019Umanit\u00e0, facendo scalare alcune delle salite leggendarie per il ciclismo.<\/p>\n<p>Il comitato organizzatore \u00e8 gi\u00e0 al lavoro per l\u2019edizione della vigilia del Ventennale della manifestazione considerata prova \u201cmonumento\u201d dalla rivista Cicloturismo-Bicisport che promuove il circuito Prestigio che racchiude le migliori gran fondo italiane e alcune straniere.<\/p>\n<p>Il 16 giugno si partir\u00e0 un po\u2019 prima del solito, lo start sar\u00e0 dato alle ore 7.00 (anzich\u00e9 le 7.30) soprattutto per consentire una migliore gestione della viabilit\u00e0 nella zona del Primiero (discesa Passo Cereda).<\/p>\n<p>L\u2019apertura delle griglie sar\u00e0 quindi alle ore 6.00. Novit\u00e0 anche nel tempo massimo che sar\u00e0 di 12 ore e mezzo, quindi si dovr\u00e0 tagliare il traguardo di Piazza Maggiore entro le ore 19.30. Di conseguenza il cancello del tempo massimo a Cencenighe sar\u00e0 alle ore 13.30.<\/p>\n<p>Per quanto riguarda il gadget del 2013, il comitato organizzatore e l\u2019azienda Sportful hanno deciso di seguire la linea di abbigliamento tecnico da riposo di questi ultimi anni. Quindi, dopo felpa, polo, bermuda i granfondisti troveranno\u00a0nel pacco gara una giacca estiva tecnica da riposo.<\/p>","protected":false},"excerpt":{"rendered":"<p>Le Dolomiti Bellunesi hanno un fascino tutto speciale e lo dimostrano gli oltre 1.500 amatori che si sono gi\u00e0 iscritti all\u2019appuntamento del 16 giugno 2013 con la 19ma Sportful Dolomiti Race di Feltre. Un autentico boom di iscrizioni provenienti da tutto il mondo, com\u2019\u00e8 tradizione per la gran fondo bellunese che attraversa da quasi 20 [&hellip;]<\/p>\n","protected":false},"author":2,"featured_media":0,"comment_status":"closed","ping_status":"open","sticky":false,"template":"","format":"standard","meta":{"footnotes":""},"categories":[26,4],"tags":[],"class_list":["post-43746","post","type-post","status-publish","format-standard","category-prima-pagina","category-sport"],"yoast_head":"<!-- This site is optimized with the Yoast SEO plugin v28.4 - https:\/\/yoast.com\/product\/yoast-seo-wordpress\/ -->\n<title>Sportful Dolomiti Race: oltre 1.500 iscritti nel primo mese - Bellunopress - Dolomiti<\/title>\n<meta name=\"robots\" content=\"index, follow, max-snippet:-1, max-image-preview:large, max-video-preview:-1\" \/>\n<link rel=\"canonical\" href=\"https:\/\/www.bellunopress.it\/fr\/2012\/11\/09\/sportful-dolomiti-race-oltre-1-500-iscritti-nel-primo-mese\/\" \/>\n<meta property=\"og:locale\" content=\"fr_FR\" \/>\n<meta property=\"og:type\" content=\"article\" \/>\n<meta property=\"og:title\" content=\"Sportful Dolomiti Race: oltre 1.500 iscritti nel primo mese - Bellunopress - Dolomiti\" \/>\n<meta property=\"og:description\" content=\"Le Dolomiti Bellunesi hanno un fascino tutto speciale e lo dimostrano gli oltre 1.500 amatori che si sono gi\u00e0 iscritti all\u2019appuntamento del 16 giugno 2013 con la 19ma Sportful Dolomiti Race di Feltre. Un autentico boom di iscrizioni provenienti da tutto il mondo, com\u2019\u00e8 tradizione per la gran fondo bellunese che attraversa da quasi 20 [&hellip;]\" \/>\n<meta property=\"og:url\" content=\"https:\/\/www.bellunopress.it\/fr\/2012\/11\/09\/sportful-dolomiti-race-oltre-1-500-iscritti-nel-primo-mese\/\" \/>\n<meta property=\"og:site_name\" content=\"Bellunopress - Dolomiti\" \/>\n<meta property=\"article:publisher\" content=\"https:\/\/www.facebook.com\/profile.php?id=100008943462799\" \/>\n<meta property=\"article:published_time\" content=\"2012-11-09T18:29:14+00:00\" \/>\n<meta property=\"og:image\" content=\"http:\/\/www.bellunopress.it\/wp-content\/uploads\/2010\/06\/sportful-dolomiti-race-130x130.jpg\" \/>\n<meta name=\"author\" content=\"redazione\" \/>\n<meta name=\"twitter:card\" content=\"summary_large_image\" \/>\n<meta name=\"twitter:creator\" content=\"@bellunopress\" \/>\n<meta name=\"twitter:site\" content=\"@bellunopress\" \/>\n<meta name=\"twitter:label1\" content=\"\u00c9crit par\" \/>\n\t<meta name=\"twitter:data1\" content=\"redazione\" \/>\n\t<meta name=\"twitter:label2\" content=\"Dur\u00e9e de lecture estim\u00e9e\" \/>\n\t<meta name=\"twitter:data2\" content=\"1 minute\" \/>\n<script type=\"application\/ld+json\" class=\"yoast-schema-graph\">{\"@context\":\"https:\\\/\\\/schema.org\",\"@graph\":[{\"@type\":\"Article\",\"@id\":\"https:\\\/\\\/www.bellunopress.it\\\/2012\\\/11\\\/09\\\/sportful-dolomiti-race-oltre-1-500-iscritti-nel-primo-mese\\\/#article\",\"isPartOf\":{\"@id\":\"https:\\\/\\\/www.bellunopress.it\\\/2012\\\/11\\\/09\\\/sportful-dolomiti-race-oltre-1-500-iscritti-nel-primo-mese\\\/\"},\"author\":{\"name\":\"redazione\",\"@id\":\"https:\\\/\\\/www.bellunopress.it\\\/#\\\/schema\\\/person\\\/79bb06722b37ece1c03d3e94beb30d73\"},\"headline\":\"Sportful Dolomiti Race: oltre 1.500 iscritti nel primo mese\",\"datePublished\":\"2012-11-09T18:29:14+00:00\",\"mainEntityOfPage\":{\"@id\":\"https:\\\/\\\/www.bellunopress.it\\\/2012\\\/11\\\/09\\\/sportful-dolomiti-race-oltre-1-500-iscritti-nel-primo-mese\\\/\"},\"wordCount\":234,\"publisher\":{\"@id\":\"https:\\\/\\\/www.bellunopress.it\\\/#organization\"},\"image\":{\"@id\":\"https:\\\/\\\/www.bellunopress.it\\\/2012\\\/11\\\/09\\\/sportful-dolomiti-race-oltre-1-500-iscritti-nel-primo-mese\\\/#primaryimage\"},\"thumbnailUrl\":\"http:\\\/\\\/www.bellunopress.it\\\/wp-content\\\/uploads\\\/2010\\\/06\\\/sportful-dolomiti-race-130x130.jpg\",\"articleSection\":[\"Prima Pagina\",\"Sport, tempo libero\"],\"inLanguage\":\"fr-FR\"},{\"@type\":\"WebPage\",\"@id\":\"https:\\\/\\\/www.bellunopress.it\\\/2012\\\/11\\\/09\\\/sportful-dolomiti-race-oltre-1-500-iscritti-nel-primo-mese\\\/\",\"url\":\"https:\\\/\\\/www.bellunopress.it\\\/2012\\\/11\\\/09\\\/sportful-dolomiti-race-oltre-1-500-iscritti-nel-primo-mese\\\/\",\"name\":\"Sportful Dolomiti Race: oltre 1.500 iscritti nel primo mese - Bellunopress - Dolomiti\",\"isPartOf\":{\"@id\":\"https:\\\/\\\/www.bellunopress.it\\\/#website\"},\"primaryImageOfPage\":{\"@id\":\"https:\\\/\\\/www.bellunopress.it\\\/2012\\\/11\\\/09\\\/sportful-dolomiti-race-oltre-1-500-iscritti-nel-primo-mese\\\/#primaryimage\"},\"image\":{\"@id\":\"https:\\\/\\\/www.bellunopress.it\\\/2012\\\/11\\\/09\\\/sportful-dolomiti-race-oltre-1-500-iscritti-nel-primo-mese\\\/#primaryimage\"},\"thumbnailUrl\":\"http:\\\/\\\/www.bellunopress.it\\\/wp-content\\\/uploads\\\/2010\\\/06\\\/sportful-dolomiti-race-130x130.jpg\",\"datePublished\":\"2012-11-09T18:29:14+00:00\",\"breadcrumb\":{\"@id\":\"https:\\\/\\\/www.bellunopress.it\\\/2012\\\/11\\\/09\\\/sportful-dolomiti-race-oltre-1-500-iscritti-nel-primo-mese\\\/#breadcrumb\"},\"inLanguage\":\"fr-FR\",\"potentialAction\":[{\"@type\":\"ReadAction\",\"target\":[\"https:\\\/\\\/www.bellunopress.it\\\/2012\\\/11\\\/09\\\/sportful-dolomiti-race-oltre-1-500-iscritti-nel-primo-mese\\\/\"]}]},{\"@type\":\"ImageObject\",\"inLanguage\":\"fr-FR\",\"@id\":\"https:\\\/\\\/www.bellunopress.it\\\/2012\\\/11\\\/09\\\/sportful-dolomiti-race-oltre-1-500-iscritti-nel-primo-mese\\\/#primaryimage\",\"url\":\"http:\\\/\\\/www.bellunopress.it\\\/wp-content\\\/uploads\\\/2010\\\/06\\\/sportful-dolomiti-race-130x130.jpg\",\"contentUrl\":\"http:\\\/\\\/www.bellunopress.it\\\/wp-content\\\/uploads\\\/2010\\\/06\\\/sportful-dolomiti-race-130x130.jpg\"},{\"@type\":\"BreadcrumbList\",\"@id\":\"https:\\\/\\\/www.bellunopress.it\\\/2012\\\/11\\\/09\\\/sportful-dolomiti-race-oltre-1-500-iscritti-nel-primo-mese\\\/#breadcrumb\",\"itemListElement\":[{\"@type\":\"ListItem\",\"position\":1,\"name\":\"Home\",\"item\":\"https:\\\/\\\/www.bellunopress.it\\\/\"},{\"@type\":\"ListItem\",\"position\":2,\"name\":\"Sportful Dolomiti Race: oltre 1.500 iscritti nel primo mese\"}]},{\"@type\":\"WebSite\",\"@id\":\"https:\\\/\\\/www.bellunopress.it\\\/#website\",\"url\":\"https:\\\/\\\/www.bellunopress.it\\\/\",\"name\":\"Bellunopress - Dolomiti\",\"description\":\"e-mail: redazione@bellunopress.it\",\"publisher\":{\"@id\":\"https:\\\/\\\/www.bellunopress.it\\\/#organization\"},\"potentialAction\":[{\"@type\":\"SearchAction\",\"target\":{\"@type\":\"EntryPoint\",\"urlTemplate\":\"https:\\\/\\\/www.bellunopress.it\\\/?s={search_term_string}\"},\"query-input\":{\"@type\":\"PropertyValueSpecification\",\"valueRequired\":true,\"valueName\":\"search_term_string\"}}],\"inLanguage\":\"fr-FR\"},{\"@type\":\"Organization\",\"@id\":\"https:\\\/\\\/www.bellunopress.it\\\/#organization\",\"name\":\"Bellunopress\",\"url\":\"https:\\\/\\\/www.bellunopress.it\\\/\",\"logo\":{\"@type\":\"ImageObject\",\"inLanguage\":\"fr-FR\",\"@id\":\"https:\\\/\\\/www.bellunopress.it\\\/#\\\/schema\\\/logo\\\/image\\\/\",\"url\":\"https:\\\/\\\/www.bellunopress.it\\\/wp-content\\\/uploads\\\/2011\\\/05\\\/cropped-logo-bellunopress-.jpg\",\"contentUrl\":\"https:\\\/\\\/www.bellunopress.it\\\/wp-content\\\/uploads\\\/2011\\\/05\\\/cropped-logo-bellunopress-.jpg\",\"width\":512,\"height\":512,\"caption\":\"Bellunopress\"},\"image\":{\"@id\":\"https:\\\/\\\/www.bellunopress.it\\\/#\\\/schema\\\/logo\\\/image\\\/\"},\"sameAs\":[\"https:\\\/\\\/www.facebook.com\\\/profile.php?id=100008943462799\",\"https:\\\/\\\/x.com\\\/bellunopress\",\"https:\\\/\\\/www.linkedin.com\\\/hp\\\/?dnr=JBzUWaJfMUw8vbXJJ2tVW5-I3jZKvC4wsoxE&amp;amp;amp;amp;amp;amp;trk=nav_responsive_tab_home\",\"https:\\\/\\\/www.youtube.com\\\/channel\\\/UCxL0wu1uN0_3_7hGG0306cw\"]},{\"@type\":\"Person\",\"@id\":\"https:\\\/\\\/www.bellunopress.it\\\/#\\\/schema\\\/person\\\/79bb06722b37ece1c03d3e94beb30d73\",\"name\":\"redazione\",\"image\":{\"@type\":\"ImageObject\",\"inLanguage\":\"fr-FR\",\"@id\":\"https:\\\/\\\/secure.gravatar.com\\\/avatar\\\/37d968a2e67a6fd04c169c4bdef102d0bc5d31b2546345219e348575eb80e9a0?s=96&d=mm&r=g\",\"url\":\"https:\\\/\\\/secure.gravatar.com\\\/avatar\\\/37d968a2e67a6fd04c169c4bdef102d0bc5d31b2546345219e348575eb80e9a0?s=96&d=mm&r=g\",\"contentUrl\":\"https:\\\/\\\/secure.gravatar.com\\\/avatar\\\/37d968a2e67a6fd04c169c4bdef102d0bc5d31b2546345219e348575eb80e9a0?s=96&d=mm&r=g\",\"caption\":\"redazione\"},\"sameAs\":[\"http:\\\/\\\/www.bellunopress.it\",\"https:\\\/\\\/x.com\\\/bellunopress\"],\"url\":\"https:\\\/\\\/www.bellunopress.it\\\/fr\\\/author\\\/redazione\\\/\"}]}<\/script>\n<!-- \/ Yoast SEO plugin. -->","yoast_head_json":{"title":"Sportful Dolomiti Race: oltre 1.500 iscritti nel primo mese - Bellunopress - Dolomiti","robots":{"index":"index","follow":"follow","max-snippet":"max-snippet:-1","max-image-preview":"max-image-preview:large","max-video-preview":"max-video-preview:-1"},"canonical":"https:\/\/www.bellunopress.it\/fr\/2012\/11\/09\/sportful-dolomiti-race-oltre-1-500-iscritti-nel-primo-mese\/","og_locale":"fr_FR","og_type":"article","og_title":"Sportful Dolomiti Race: oltre 1.500 iscritti nel primo mese - Bellunopress - Dolomiti","og_description":"Le Dolomiti Bellunesi hanno un fascino tutto speciale e lo dimostrano gli oltre 1.500 amatori che si sono gi\u00e0 iscritti all\u2019appuntamento del 16 giugno 2013 con la 19ma Sportful Dolomiti Race di Feltre. Un autentico boom di iscrizioni provenienti da tutto il mondo, com\u2019\u00e8 tradizione per la gran fondo bellunese che attraversa da quasi 20 [&hellip;]","og_url":"https:\/\/www.bellunopress.it\/fr\/2012\/11\/09\/sportful-dolomiti-race-oltre-1-500-iscritti-nel-primo-mese\/","og_site_name":"Bellunopress - Dolomiti","article_publisher":"https:\/\/www.facebook.com\/profile.php?id=100008943462799","article_published_time":"2012-11-09T18:29:14+00:00","og_image":[{"url":"http:\/\/www.bellunopress.it\/wp-content\/uploads\/2010\/06\/sportful-dolomiti-race-130x130.jpg","type":"","width":"","height":""}],"author":"redazione","twitter_card":"summary_large_image","twitter_creator":"@bellunopress","twitter_site":"@bellunopress","twitter_misc":{"\u00c9crit par":"redazione","Dur\u00e9e de lecture estim\u00e9e":"1 minute"},"schema":{"@context":"https:\/\/schema.org","@graph":[{"@type":"Article","@id":"https:\/\/www.bellunopress.it\/2012\/11\/09\/sportful-dolomiti-race-oltre-1-500-iscritti-nel-primo-mese\/#article","isPartOf":{"@id":"https:\/\/www.bellunopress.it\/2012\/11\/09\/sportful-dolomiti-race-oltre-1-500-iscritti-nel-primo-mese\/"},"author":{"name":"redazione","@id":"https:\/\/www.bellunopress.it\/#\/schema\/person\/79bb06722b37ece1c03d3e94beb30d73"},"headline":"Sportful Dolomiti Race: oltre 1.500 iscritti nel primo mese","datePublished":"2012-11-09T18:29:14+00:00","mainEntityOfPage":{"@id":"https:\/\/www.bellunopress.it\/2012\/11\/09\/sportful-dolomiti-race-oltre-1-500-iscritti-nel-primo-mese\/"},"wordCount":234,"publisher":{"@id":"https:\/\/www.bellunopress.it\/#organization"},"image":{"@id":"https:\/\/www.bellunopress.it\/2012\/11\/09\/sportful-dolomiti-race-oltre-1-500-iscritti-nel-primo-mese\/#primaryimage"},"thumbnailUrl":"http:\/\/www.bellunopress.it\/wp-content\/uploads\/2010\/06\/sportful-dolomiti-race-130x130.jpg","articleSection":["Prima Pagina","Sport, tempo libero"],"inLanguage":"fr-FR"},{"@type":"WebPage","@id":"https:\/\/www.bellunopress.it\/2012\/11\/09\/sportful-dolomiti-race-oltre-1-500-iscritti-nel-primo-mese\/","url":"https:\/\/www.bellunopress.it\/2012\/11\/09\/sportful-dolomiti-race-oltre-1-500-iscritti-nel-primo-mese\/","name":"Sportful Dolomiti Race: oltre 1.500 iscritti nel primo mese - Bellunopress - Dolomiti","isPartOf":{"@id":"https:\/\/www.bellunopress.it\/#website"},"primaryImageOfPage":{"@id":"https:\/\/www.bellunopress.it\/2012\/11\/09\/sportful-dolomiti-race-oltre-1-500-iscritti-nel-primo-mese\/#primaryimage"},"image":{"@id":"https:\/\/www.bellunopress.it\/2012\/11\/09\/sportful-dolomiti-race-oltre-1-500-iscritti-nel-primo-mese\/#primaryimage"},"thumbnailUrl":"http:\/\/www.bellunopress.it\/wp-content\/uploads\/2010\/06\/sportful-dolomiti-race-130x130.jpg","datePublished":"2012-11-09T18:29:14+00:00","breadcrumb":{"@id":"https:\/\/www.bellunopress.it\/2012\/11\/09\/sportful-dolomiti-race-oltre-1-500-iscritti-nel-primo-mese\/#breadcrumb"},"inLanguage":"fr-FR","potentialAction":[{"@type":"ReadAction","target":["https:\/\/www.bellunopress.it\/2012\/11\/09\/sportful-dolomiti-race-oltre-1-500-iscritti-nel-primo-mese\/"]}]},{"@type":"ImageObject","inLanguage":"fr-FR","@id":"https:\/\/www.bellunopress.it\/2012\/11\/09\/sportful-dolomiti-race-oltre-1-500-iscritti-nel-primo-mese\/#primaryimage","url":"http:\/\/www.bellunopress.it\/wp-content\/uploads\/2010\/06\/sportful-dolomiti-race-130x130.jpg","contentUrl":"http:\/\/www.bellunopress.it\/wp-content\/uploads\/2010\/06\/sportful-dolomiti-race-130x130.jpg"},{"@type":"BreadcrumbList","@id":"https:\/\/www.bellunopress.it\/2012\/11\/09\/sportful-dolomiti-race-oltre-1-500-iscritti-nel-primo-mese\/#breadcrumb","itemListElement":[{"@type":"ListItem","position":1,"name":"Home","item":"https:\/\/www.bellunopress.it\/"},{"@type":"ListItem","position":2,"name":"Sportful Dolomiti Race: oltre 1.500 iscritti nel primo mese"}]},{"@type":"WebSite","@id":"https:\/\/www.bellunopress.it\/#website","url":"https:\/\/www.bellunopress.it\/","name":"Bellunopress - Dolomiti","description":"e-mail: redazione@bellunopress.it","publisher":{"@id":"https:\/\/www.bellunopress.it\/#organization"},"potentialAction":[{"@type":"SearchAction","target":{"@type":"EntryPoint","urlTemplate":"https:\/\/www.bellunopress.it\/?s={search_term_string}"},"query-input":{"@type":"PropertyValueSpecification","valueRequired":true,"valueName":"search_term_string"}}],"inLanguage":"fr-FR"},{"@type":"Organization","@id":"https:\/\/www.bellunopress.it\/#organization","name":"Bellunopress","url":"https:\/\/www.bellunopress.it\/","logo":{"@type":"ImageObject","inLanguage":"fr-FR","@id":"https:\/\/www.bellunopress.it\/#\/schema\/logo\/image\/","url":"https:\/\/www.bellunopress.it\/wp-content\/uploads\/2011\/05\/cropped-logo-bellunopress-.jpg","contentUrl":"https:\/\/www.bellunopress.it\/wp-content\/uploads\/2011\/05\/cropped-logo-bellunopress-.jpg","width":512,"height":512,"caption":"Bellunopress"},"image":{"@id":"https:\/\/www.bellunopress.it\/#\/schema\/logo\/image\/"},"sameAs":["https:\/\/www.facebook.com\/profile.php?id=100008943462799","https:\/\/x.com\/bellunopress","https:\/\/www.linkedin.com\/hp\/?dnr=JBzUWaJfMUw8vbXJJ2tVW5-I3jZKvC4wsoxE&amp;amp;amp;amp;amp;amp;trk=nav_responsive_tab_home","https:\/\/www.youtube.com\/channel\/UCxL0wu1uN0_3_7hGG0306cw"]},{"@type":"Person","@id":"https:\/\/www.bellunopress.it\/#\/schema\/person\/79bb06722b37ece1c03d3e94beb30d73","name":"r\u00e9daction","image":{"@type":"ImageObject","inLanguage":"fr-FR","@id":"https:\/\/secure.gravatar.com\/avatar\/37d968a2e67a6fd04c169c4bdef102d0bc5d31b2546345219e348575eb80e9a0?s=96&d=mm&r=g","url":"https:\/\/secure.gravatar.com\/avatar\/37d968a2e67a6fd04c169c4bdef102d0bc5d31b2546345219e348575eb80e9a0?s=96&d=mm&r=g","contentUrl":"https:\/\/secure.gravatar.com\/avatar\/37d968a2e67a6fd04c169c4bdef102d0bc5d31b2546345219e348575eb80e9a0?s=96&d=mm&r=g","caption":"redazione"},"sameAs":["http:\/\/www.bellunopress.it","https:\/\/x.com\/bellunopress"],"url":"https:\/\/www.bellunopress.it\/fr\/author\/redazione\/"}]}},"_links":{"self":[{"href":"https:\/\/www.bellunopress.it\/fr\/wp-json\/wp\/v2\/posts\/43746","targetHints":{"allow":["GET"]}}],"collection":[{"href":"https:\/\/www.bellunopress.it\/fr\/wp-json\/wp\/v2\/posts"}],"about":[{"href":"https:\/\/www.bellunopress.it\/fr\/wp-json\/wp\/v2\/types\/post"}],"author":[{"embeddable":true,"href":"https:\/\/www.bellunopress.it\/fr\/wp-json\/wp\/v2\/users\/2"}],"replies":[{"embeddable":true,"href":"https:\/\/www.bellunopress.it\/fr\/wp-json\/wp\/v2\/comments?post=43746"}],"version-history":[{"count":1,"href":"https:\/\/www.bellunopress.it\/fr\/wp-json\/wp\/v2\/posts\/43746\/revisions"}],"predecessor-version":[{"id":43747,"href":"https:\/\/www.bellunopress.it\/fr\/wp-json\/wp\/v2\/posts\/43746\/revisions\/43747"}],"wp:attachment":[{"href":"https:\/\/www.bellunopress.it\/fr\/wp-json\/wp\/v2\/media?parent=43746"}],"wp:term":[{"taxonomy":"category","embeddable":true,"href":"https:\/\/www.bellunopress.it\/fr\/wp-json\/wp\/v2\/categories?post=43746"},{"taxonomy":"post_tag","embeddable":true,"href":"https:\/\/www.bellunopress.it\/fr\/wp-json\/wp\/v2\/tags?post=43746"}],"curies":[{"name":"wp","href":"https:\/\/api.w.org\/{rel}","templated":true}]}}