{"id":43744,"date":"2012-11-09T16:52:54","date_gmt":"2012-11-09T15:52:54","guid":{"rendered":"http:\/\/www.bellunopress.it\/?p=43744"},"modified":"2012-11-09T16:52:54","modified_gmt":"2012-11-09T15:52:54","slug":"visita-guidata-al-cimitero-di-prade-nellambito-di-passi-e-trapassi-sabato-10-novembre-alle-11","status":"publish","type":"post","link":"https:\/\/www.bellunopress.it\/fr\/2012\/11\/09\/visita-guidata-al-cimitero-di-prade-nellambito-di-passi-e-trapassi-sabato-10-novembre-alle-11\/","title":{"rendered":"Visita guidata al Cimitero di Prade. Nell&#8217;ambito di \u201cPassi e trapassi\u201d, sabato 10 novembre, alle 11"},"content":{"rendered":"<p><a href=\"http:\/\/www.bellunopress.it\/wp-content\/uploads\/2009\/12\/crepadona-leggeriss.jpg\"><img loading=\"lazy\" decoding=\"async\" class=\"alignleft size-full wp-image-10611\" title=\"crepadona-leggeriss\" src=\"http:\/\/www.bellunopress.it\/wp-content\/uploads\/2009\/12\/crepadona-leggeriss.jpg\" alt=\"\" width=\"130\" height=\"130\" \/><\/a>Nell\u2019ambito dell\u2019iniziativa \u201cPassi e trapassi. Rassegna sui temi della morte e del morire\u201d, promossa dall\u2019Assessorato alla Cultura del Comune di Belluno, la Biblioteca civica si propone di offrire alla popolazione la possibilit\u00e0 di approfondire alcune conoscenze storiche e artistiche della Citt\u00e0 attraverso un originale percorso nel Cimitero di Prade.<\/p>\n<p>Dopo una breve introduzione di carattere storico generale, la volont\u00e0 principale \u00e8 quella di valorizzare storie individuali di particolari personaggi l\u00ec sepolti, e a volte dimenticati, attraverso racconti e notizie relative a personalit\u00e0 legate in maniera considerevole alla vita culturale e politica della Citt\u00e0 di Belluno.<\/p>\n<p>Inoltre, il percorso sar\u00e0 occasione per valutare le caratteristiche dell\u2019arte funeraria bellunese della fine 19\u00b0-inizio 20\u00b0 secolo, attraverso l\u2019analisi di alcune delle tombe monumentali pi\u00f9 rilevanti dell\u2019ala storica del cimitero.<\/p>\n<p>L\u2019incontro, che sar\u00e0 curato da Paola Nard, \u00e8 programmato per la giornata di sabato 10 novembre, con ritrovo davanti all\u2019ingresso principale del cimitero alle ore 11.00 ed \u00e8 aperto alla partecipazione di tutti.<\/p>\n<p>Per ulteriori informazioni, rivolgersi presso la sede della Biblioteca (tel 0437948093 o e-mail: biblioteca@comune.belluno.it).<\/p>\n<p>&nbsp;<\/p>","protected":false},"excerpt":{"rendered":"<p>Nell\u2019ambito dell\u2019iniziativa \u201cPassi e trapassi. Rassegna sui temi della morte e del morire\u201d, promossa dall\u2019Assessorato alla Cultura del Comune di Belluno, la Biblioteca civica si propone di offrire alla popolazione la possibilit\u00e0 di approfondire alcune conoscenze storiche e artistiche della Citt\u00e0 attraverso un originale percorso nel Cimitero di Prade. Dopo una breve introduzione di carattere [&hellip;]<\/p>\n","protected":false},"author":2,"featured_media":0,"comment_status":"closed","ping_status":"open","sticky":false,"template":"","format":"standard","meta":{"footnotes":""},"categories":[27,3,26],"tags":[],"class_list":["post-43744","post","type-post","status-publish","format-standard","category-appuntamenti","category-arte-cultura-spettacoli-scienza-archivi","category-prima-pagina"],"yoast_head":"<!-- This site is optimized with the Yoast SEO plugin v28.4 - https:\/\/yoast.com\/product\/yoast-seo-wordpress\/ -->\n<title>Visita guidata al Cimitero di Prade. Nell&#039;ambito di \u201cPassi e trapassi\u201d, sabato 10 novembre, alle 11   - Bellunopress - Dolomiti<\/title>\n<meta name=\"robots\" content=\"index, follow, max-snippet:-1, max-image-preview:large, max-video-preview:-1\" \/>\n<link rel=\"canonical\" href=\"https:\/\/www.bellunopress.it\/fr\/2012\/11\/09\/visita-guidata-al-cimitero-di-prade-nellambito-di-passi-e-trapassi-sabato-10-novembre-alle-11\/\" \/>\n<meta property=\"og:locale\" content=\"fr_FR\" \/>\n<meta property=\"og:type\" content=\"article\" \/>\n<meta property=\"og:title\" content=\"Visita guidata al Cimitero di Prade. Nell&#039;ambito di \u201cPassi e trapassi\u201d, sabato 10 novembre, alle 11   - Bellunopress - Dolomiti\" \/>\n<meta property=\"og:description\" content=\"Nell\u2019ambito dell\u2019iniziativa \u201cPassi e trapassi. Rassegna sui temi della morte e del morire\u201d, promossa dall\u2019Assessorato alla Cultura del Comune di Belluno, la Biblioteca civica si propone di offrire alla popolazione la possibilit\u00e0 di approfondire alcune conoscenze storiche e artistiche della Citt\u00e0 attraverso un originale percorso nel Cimitero di Prade. Dopo una breve introduzione di carattere [&hellip;]\" \/>\n<meta property=\"og:url\" content=\"https:\/\/www.bellunopress.it\/fr\/2012\/11\/09\/visita-guidata-al-cimitero-di-prade-nellambito-di-passi-e-trapassi-sabato-10-novembre-alle-11\/\" \/>\n<meta property=\"og:site_name\" content=\"Bellunopress - Dolomiti\" \/>\n<meta property=\"article:publisher\" content=\"https:\/\/www.facebook.com\/profile.php?id=100008943462799\" \/>\n<meta property=\"article:published_time\" content=\"2012-11-09T15:52:54+00:00\" \/>\n<meta property=\"og:image\" content=\"http:\/\/www.bellunopress.it\/wp-content\/uploads\/2009\/12\/crepadona-leggeriss.jpg\" \/>\n<meta name=\"author\" content=\"redazione\" \/>\n<meta name=\"twitter:card\" content=\"summary_large_image\" \/>\n<meta name=\"twitter:creator\" content=\"@bellunopress\" \/>\n<meta name=\"twitter:site\" content=\"@bellunopress\" \/>\n<meta name=\"twitter:label1\" content=\"\u00c9crit par\" \/>\n\t<meta name=\"twitter:data1\" content=\"redazione\" \/>\n\t<meta name=\"twitter:label2\" content=\"Dur\u00e9e de lecture estim\u00e9e\" \/>\n\t<meta name=\"twitter:data2\" content=\"1 minute\" \/>\n<script type=\"application\/ld+json\" class=\"yoast-schema-graph\">{\"@context\":\"https:\\\/\\\/schema.org\",\"@graph\":[{\"@type\":\"Article\",\"@id\":\"https:\\\/\\\/www.bellunopress.it\\\/2012\\\/11\\\/09\\\/visita-guidata-al-cimitero-di-prade-nellambito-di-passi-e-trapassi-sabato-10-novembre-alle-11\\\/#article\",\"isPartOf\":{\"@id\":\"https:\\\/\\\/www.bellunopress.it\\\/2012\\\/11\\\/09\\\/visita-guidata-al-cimitero-di-prade-nellambito-di-passi-e-trapassi-sabato-10-novembre-alle-11\\\/\"},\"author\":{\"name\":\"redazione\",\"@id\":\"https:\\\/\\\/www.bellunopress.it\\\/#\\\/schema\\\/person\\\/79bb06722b37ece1c03d3e94beb30d73\"},\"headline\":\"Visita guidata al Cimitero di Prade. Nell&#8217;ambito di \u201cPassi e trapassi\u201d, sabato 10 novembre, alle 11\",\"datePublished\":\"2012-11-09T15:52:54+00:00\",\"mainEntityOfPage\":{\"@id\":\"https:\\\/\\\/www.bellunopress.it\\\/2012\\\/11\\\/09\\\/visita-guidata-al-cimitero-di-prade-nellambito-di-passi-e-trapassi-sabato-10-novembre-alle-11\\\/\"},\"wordCount\":192,\"publisher\":{\"@id\":\"https:\\\/\\\/www.bellunopress.it\\\/#organization\"},\"image\":{\"@id\":\"https:\\\/\\\/www.bellunopress.it\\\/2012\\\/11\\\/09\\\/visita-guidata-al-cimitero-di-prade-nellambito-di-passi-e-trapassi-sabato-10-novembre-alle-11\\\/#primaryimage\"},\"thumbnailUrl\":\"http:\\\/\\\/www.bellunopress.it\\\/wp-content\\\/uploads\\\/2009\\\/12\\\/crepadona-leggeriss.jpg\",\"articleSection\":[\"Appuntamenti, Eventi\",\"Arte, Cultura, Spettacoli, Scienza\",\"Prima Pagina\"],\"inLanguage\":\"fr-FR\"},{\"@type\":\"WebPage\",\"@id\":\"https:\\\/\\\/www.bellunopress.it\\\/2012\\\/11\\\/09\\\/visita-guidata-al-cimitero-di-prade-nellambito-di-passi-e-trapassi-sabato-10-novembre-alle-11\\\/\",\"url\":\"https:\\\/\\\/www.bellunopress.it\\\/2012\\\/11\\\/09\\\/visita-guidata-al-cimitero-di-prade-nellambito-di-passi-e-trapassi-sabato-10-novembre-alle-11\\\/\",\"name\":\"Visita guidata al Cimitero di Prade. Nell'ambito di \u201cPassi e trapassi\u201d, sabato 10 novembre, alle 11 - Bellunopress - Dolomiti\",\"isPartOf\":{\"@id\":\"https:\\\/\\\/www.bellunopress.it\\\/#website\"},\"primaryImageOfPage\":{\"@id\":\"https:\\\/\\\/www.bellunopress.it\\\/2012\\\/11\\\/09\\\/visita-guidata-al-cimitero-di-prade-nellambito-di-passi-e-trapassi-sabato-10-novembre-alle-11\\\/#primaryimage\"},\"image\":{\"@id\":\"https:\\\/\\\/www.bellunopress.it\\\/2012\\\/11\\\/09\\\/visita-guidata-al-cimitero-di-prade-nellambito-di-passi-e-trapassi-sabato-10-novembre-alle-11\\\/#primaryimage\"},\"thumbnailUrl\":\"http:\\\/\\\/www.bellunopress.it\\\/wp-content\\\/uploads\\\/2009\\\/12\\\/crepadona-leggeriss.jpg\",\"datePublished\":\"2012-11-09T15:52:54+00:00\",\"breadcrumb\":{\"@id\":\"https:\\\/\\\/www.bellunopress.it\\\/2012\\\/11\\\/09\\\/visita-guidata-al-cimitero-di-prade-nellambito-di-passi-e-trapassi-sabato-10-novembre-alle-11\\\/#breadcrumb\"},\"inLanguage\":\"fr-FR\",\"potentialAction\":[{\"@type\":\"ReadAction\",\"target\":[\"https:\\\/\\\/www.bellunopress.it\\\/2012\\\/11\\\/09\\\/visita-guidata-al-cimitero-di-prade-nellambito-di-passi-e-trapassi-sabato-10-novembre-alle-11\\\/\"]}]},{\"@type\":\"ImageObject\",\"inLanguage\":\"fr-FR\",\"@id\":\"https:\\\/\\\/www.bellunopress.it\\\/2012\\\/11\\\/09\\\/visita-guidata-al-cimitero-di-prade-nellambito-di-passi-e-trapassi-sabato-10-novembre-alle-11\\\/#primaryimage\",\"url\":\"http:\\\/\\\/www.bellunopress.it\\\/wp-content\\\/uploads\\\/2009\\\/12\\\/crepadona-leggeriss.jpg\",\"contentUrl\":\"http:\\\/\\\/www.bellunopress.it\\\/wp-content\\\/uploads\\\/2009\\\/12\\\/crepadona-leggeriss.jpg\"},{\"@type\":\"BreadcrumbList\",\"@id\":\"https:\\\/\\\/www.bellunopress.it\\\/2012\\\/11\\\/09\\\/visita-guidata-al-cimitero-di-prade-nellambito-di-passi-e-trapassi-sabato-10-novembre-alle-11\\\/#breadcrumb\",\"itemListElement\":[{\"@type\":\"ListItem\",\"position\":1,\"name\":\"Home\",\"item\":\"https:\\\/\\\/www.bellunopress.it\\\/\"},{\"@type\":\"ListItem\",\"position\":2,\"name\":\"Visita guidata al Cimitero di Prade. Nell&#8217;ambito di \u201cPassi e trapassi\u201d, sabato 10 novembre, alle 11\"}]},{\"@type\":\"WebSite\",\"@id\":\"https:\\\/\\\/www.bellunopress.it\\\/#website\",\"url\":\"https:\\\/\\\/www.bellunopress.it\\\/\",\"name\":\"Bellunopress - Dolomiti\",\"description\":\"e-mail: redazione@bellunopress.it\",\"publisher\":{\"@id\":\"https:\\\/\\\/www.bellunopress.it\\\/#organization\"},\"potentialAction\":[{\"@type\":\"SearchAction\",\"target\":{\"@type\":\"EntryPoint\",\"urlTemplate\":\"https:\\\/\\\/www.bellunopress.it\\\/?s={search_term_string}\"},\"query-input\":{\"@type\":\"PropertyValueSpecification\",\"valueRequired\":true,\"valueName\":\"search_term_string\"}}],\"inLanguage\":\"fr-FR\"},{\"@type\":\"Organization\",\"@id\":\"https:\\\/\\\/www.bellunopress.it\\\/#organization\",\"name\":\"Bellunopress\",\"url\":\"https:\\\/\\\/www.bellunopress.it\\\/\",\"logo\":{\"@type\":\"ImageObject\",\"inLanguage\":\"fr-FR\",\"@id\":\"https:\\\/\\\/www.bellunopress.it\\\/#\\\/schema\\\/logo\\\/image\\\/\",\"url\":\"https:\\\/\\\/www.bellunopress.it\\\/wp-content\\\/uploads\\\/2011\\\/05\\\/cropped-logo-bellunopress-.jpg\",\"contentUrl\":\"https:\\\/\\\/www.bellunopress.it\\\/wp-content\\\/uploads\\\/2011\\\/05\\\/cropped-logo-bellunopress-.jpg\",\"width\":512,\"height\":512,\"caption\":\"Bellunopress\"},\"image\":{\"@id\":\"https:\\\/\\\/www.bellunopress.it\\\/#\\\/schema\\\/logo\\\/image\\\/\"},\"sameAs\":[\"https:\\\/\\\/www.facebook.com\\\/profile.php?id=100008943462799\",\"https:\\\/\\\/x.com\\\/bellunopress\",\"https:\\\/\\\/www.linkedin.com\\\/hp\\\/?dnr=JBzUWaJfMUw8vbXJJ2tVW5-I3jZKvC4wsoxE&amp;amp;amp;amp;amp;amp;trk=nav_responsive_tab_home\",\"https:\\\/\\\/www.youtube.com\\\/channel\\\/UCxL0wu1uN0_3_7hGG0306cw\"]},{\"@type\":\"Person\",\"@id\":\"https:\\\/\\\/www.bellunopress.it\\\/#\\\/schema\\\/person\\\/79bb06722b37ece1c03d3e94beb30d73\",\"name\":\"redazione\",\"image\":{\"@type\":\"ImageObject\",\"inLanguage\":\"fr-FR\",\"@id\":\"https:\\\/\\\/secure.gravatar.com\\\/avatar\\\/37d968a2e67a6fd04c169c4bdef102d0bc5d31b2546345219e348575eb80e9a0?s=96&d=mm&r=g\",\"url\":\"https:\\\/\\\/secure.gravatar.com\\\/avatar\\\/37d968a2e67a6fd04c169c4bdef102d0bc5d31b2546345219e348575eb80e9a0?s=96&d=mm&r=g\",\"contentUrl\":\"https:\\\/\\\/secure.gravatar.com\\\/avatar\\\/37d968a2e67a6fd04c169c4bdef102d0bc5d31b2546345219e348575eb80e9a0?s=96&d=mm&r=g\",\"caption\":\"redazione\"},\"sameAs\":[\"http:\\\/\\\/www.bellunopress.it\",\"https:\\\/\\\/x.com\\\/bellunopress\"],\"url\":\"https:\\\/\\\/www.bellunopress.it\\\/fr\\\/author\\\/redazione\\\/\"}]}<\/script>\n<!-- \/ Yoast SEO plugin. -->","yoast_head_json":{"title":"Visita guidata al Cimitero di Prade. Nell'ambito di \u201cPassi e trapassi\u201d, sabato 10 novembre, alle 11   - Bellunopress - Dolomiti","robots":{"index":"index","follow":"follow","max-snippet":"max-snippet:-1","max-image-preview":"max-image-preview:large","max-video-preview":"max-video-preview:-1"},"canonical":"https:\/\/www.bellunopress.it\/fr\/2012\/11\/09\/visita-guidata-al-cimitero-di-prade-nellambito-di-passi-e-trapassi-sabato-10-novembre-alle-11\/","og_locale":"fr_FR","og_type":"article","og_title":"Visita guidata al Cimitero di Prade. Nell'ambito di \u201cPassi e trapassi\u201d, sabato 10 novembre, alle 11   - Bellunopress - Dolomiti","og_description":"Nell\u2019ambito dell\u2019iniziativa \u201cPassi e trapassi. Rassegna sui temi della morte e del morire\u201d, promossa dall\u2019Assessorato alla Cultura del Comune di Belluno, la Biblioteca civica si propone di offrire alla popolazione la possibilit\u00e0 di approfondire alcune conoscenze storiche e artistiche della Citt\u00e0 attraverso un originale percorso nel Cimitero di Prade. Dopo una breve introduzione di carattere [&hellip;]","og_url":"https:\/\/www.bellunopress.it\/fr\/2012\/11\/09\/visita-guidata-al-cimitero-di-prade-nellambito-di-passi-e-trapassi-sabato-10-novembre-alle-11\/","og_site_name":"Bellunopress - Dolomiti","article_publisher":"https:\/\/www.facebook.com\/profile.php?id=100008943462799","article_published_time":"2012-11-09T15:52:54+00:00","og_image":[{"url":"http:\/\/www.bellunopress.it\/wp-content\/uploads\/2009\/12\/crepadona-leggeriss.jpg","type":"","width":"","height":""}],"author":"redazione","twitter_card":"summary_large_image","twitter_creator":"@bellunopress","twitter_site":"@bellunopress","twitter_misc":{"\u00c9crit par":"redazione","Dur\u00e9e de lecture estim\u00e9e":"1 minute"},"schema":{"@context":"https:\/\/schema.org","@graph":[{"@type":"Article","@id":"https:\/\/www.bellunopress.it\/2012\/11\/09\/visita-guidata-al-cimitero-di-prade-nellambito-di-passi-e-trapassi-sabato-10-novembre-alle-11\/#article","isPartOf":{"@id":"https:\/\/www.bellunopress.it\/2012\/11\/09\/visita-guidata-al-cimitero-di-prade-nellambito-di-passi-e-trapassi-sabato-10-novembre-alle-11\/"},"author":{"name":"redazione","@id":"https:\/\/www.bellunopress.it\/#\/schema\/person\/79bb06722b37ece1c03d3e94beb30d73"},"headline":"Visita guidata al Cimitero di Prade. Nell&#8217;ambito di \u201cPassi e trapassi\u201d, sabato 10 novembre, alle 11","datePublished":"2012-11-09T15:52:54+00:00","mainEntityOfPage":{"@id":"https:\/\/www.bellunopress.it\/2012\/11\/09\/visita-guidata-al-cimitero-di-prade-nellambito-di-passi-e-trapassi-sabato-10-novembre-alle-11\/"},"wordCount":192,"publisher":{"@id":"https:\/\/www.bellunopress.it\/#organization"},"image":{"@id":"https:\/\/www.bellunopress.it\/2012\/11\/09\/visita-guidata-al-cimitero-di-prade-nellambito-di-passi-e-trapassi-sabato-10-novembre-alle-11\/#primaryimage"},"thumbnailUrl":"http:\/\/www.bellunopress.it\/wp-content\/uploads\/2009\/12\/crepadona-leggeriss.jpg","articleSection":["Appuntamenti, Eventi","Arte, Cultura, Spettacoli, Scienza","Prima Pagina"],"inLanguage":"fr-FR"},{"@type":"WebPage","@id":"https:\/\/www.bellunopress.it\/2012\/11\/09\/visita-guidata-al-cimitero-di-prade-nellambito-di-passi-e-trapassi-sabato-10-novembre-alle-11\/","url":"https:\/\/www.bellunopress.it\/2012\/11\/09\/visita-guidata-al-cimitero-di-prade-nellambito-di-passi-e-trapassi-sabato-10-novembre-alle-11\/","name":"Visita guidata al Cimitero di Prade. Nell'ambito di \u201cPassi e trapassi\u201d, sabato 10 novembre, alle 11 - Bellunopress - Dolomiti","isPartOf":{"@id":"https:\/\/www.bellunopress.it\/#website"},"primaryImageOfPage":{"@id":"https:\/\/www.bellunopress.it\/2012\/11\/09\/visita-guidata-al-cimitero-di-prade-nellambito-di-passi-e-trapassi-sabato-10-novembre-alle-11\/#primaryimage"},"image":{"@id":"https:\/\/www.bellunopress.it\/2012\/11\/09\/visita-guidata-al-cimitero-di-prade-nellambito-di-passi-e-trapassi-sabato-10-novembre-alle-11\/#primaryimage"},"thumbnailUrl":"http:\/\/www.bellunopress.it\/wp-content\/uploads\/2009\/12\/crepadona-leggeriss.jpg","datePublished":"2012-11-09T15:52:54+00:00","breadcrumb":{"@id":"https:\/\/www.bellunopress.it\/2012\/11\/09\/visita-guidata-al-cimitero-di-prade-nellambito-di-passi-e-trapassi-sabato-10-novembre-alle-11\/#breadcrumb"},"inLanguage":"fr-FR","potentialAction":[{"@type":"ReadAction","target":["https:\/\/www.bellunopress.it\/2012\/11\/09\/visita-guidata-al-cimitero-di-prade-nellambito-di-passi-e-trapassi-sabato-10-novembre-alle-11\/"]}]},{"@type":"ImageObject","inLanguage":"fr-FR","@id":"https:\/\/www.bellunopress.it\/2012\/11\/09\/visita-guidata-al-cimitero-di-prade-nellambito-di-passi-e-trapassi-sabato-10-novembre-alle-11\/#primaryimage","url":"http:\/\/www.bellunopress.it\/wp-content\/uploads\/2009\/12\/crepadona-leggeriss.jpg","contentUrl":"http:\/\/www.bellunopress.it\/wp-content\/uploads\/2009\/12\/crepadona-leggeriss.jpg"},{"@type":"BreadcrumbList","@id":"https:\/\/www.bellunopress.it\/2012\/11\/09\/visita-guidata-al-cimitero-di-prade-nellambito-di-passi-e-trapassi-sabato-10-novembre-alle-11\/#breadcrumb","itemListElement":[{"@type":"ListItem","position":1,"name":"Home","item":"https:\/\/www.bellunopress.it\/"},{"@type":"ListItem","position":2,"name":"Visita guidata al Cimitero di Prade. Nell&#8217;ambito di \u201cPassi e trapassi\u201d, sabato 10 novembre, alle 11"}]},{"@type":"WebSite","@id":"https:\/\/www.bellunopress.it\/#website","url":"https:\/\/www.bellunopress.it\/","name":"Bellunopress - Dolomiti","description":"e-mail: redazione@bellunopress.it","publisher":{"@id":"https:\/\/www.bellunopress.it\/#organization"},"potentialAction":[{"@type":"SearchAction","target":{"@type":"EntryPoint","urlTemplate":"https:\/\/www.bellunopress.it\/?s={search_term_string}"},"query-input":{"@type":"PropertyValueSpecification","valueRequired":true,"valueName":"search_term_string"}}],"inLanguage":"fr-FR"},{"@type":"Organization","@id":"https:\/\/www.bellunopress.it\/#organization","name":"Bellunopress","url":"https:\/\/www.bellunopress.it\/","logo":{"@type":"ImageObject","inLanguage":"fr-FR","@id":"https:\/\/www.bellunopress.it\/#\/schema\/logo\/image\/","url":"https:\/\/www.bellunopress.it\/wp-content\/uploads\/2011\/05\/cropped-logo-bellunopress-.jpg","contentUrl":"https:\/\/www.bellunopress.it\/wp-content\/uploads\/2011\/05\/cropped-logo-bellunopress-.jpg","width":512,"height":512,"caption":"Bellunopress"},"image":{"@id":"https:\/\/www.bellunopress.it\/#\/schema\/logo\/image\/"},"sameAs":["https:\/\/www.facebook.com\/profile.php?id=100008943462799","https:\/\/x.com\/bellunopress","https:\/\/www.linkedin.com\/hp\/?dnr=JBzUWaJfMUw8vbXJJ2tVW5-I3jZKvC4wsoxE&amp;amp;amp;amp;amp;amp;trk=nav_responsive_tab_home","https:\/\/www.youtube.com\/channel\/UCxL0wu1uN0_3_7hGG0306cw"]},{"@type":"Person","@id":"https:\/\/www.bellunopress.it\/#\/schema\/person\/79bb06722b37ece1c03d3e94beb30d73","name":"r\u00e9daction","image":{"@type":"ImageObject","inLanguage":"fr-FR","@id":"https:\/\/secure.gravatar.com\/avatar\/37d968a2e67a6fd04c169c4bdef102d0bc5d31b2546345219e348575eb80e9a0?s=96&d=mm&r=g","url":"https:\/\/secure.gravatar.com\/avatar\/37d968a2e67a6fd04c169c4bdef102d0bc5d31b2546345219e348575eb80e9a0?s=96&d=mm&r=g","contentUrl":"https:\/\/secure.gravatar.com\/avatar\/37d968a2e67a6fd04c169c4bdef102d0bc5d31b2546345219e348575eb80e9a0?s=96&d=mm&r=g","caption":"redazione"},"sameAs":["http:\/\/www.bellunopress.it","https:\/\/x.com\/bellunopress"],"url":"https:\/\/www.bellunopress.it\/fr\/author\/redazione\/"}]}},"_links":{"self":[{"href":"https:\/\/www.bellunopress.it\/fr\/wp-json\/wp\/v2\/posts\/43744","targetHints":{"allow":["GET"]}}],"collection":[{"href":"https:\/\/www.bellunopress.it\/fr\/wp-json\/wp\/v2\/posts"}],"about":[{"href":"https:\/\/www.bellunopress.it\/fr\/wp-json\/wp\/v2\/types\/post"}],"author":[{"embeddable":true,"href":"https:\/\/www.bellunopress.it\/fr\/wp-json\/wp\/v2\/users\/2"}],"replies":[{"embeddable":true,"href":"https:\/\/www.bellunopress.it\/fr\/wp-json\/wp\/v2\/comments?post=43744"}],"version-history":[{"count":1,"href":"https:\/\/www.bellunopress.it\/fr\/wp-json\/wp\/v2\/posts\/43744\/revisions"}],"predecessor-version":[{"id":43745,"href":"https:\/\/www.bellunopress.it\/fr\/wp-json\/wp\/v2\/posts\/43744\/revisions\/43745"}],"wp:attachment":[{"href":"https:\/\/www.bellunopress.it\/fr\/wp-json\/wp\/v2\/media?parent=43744"}],"wp:term":[{"taxonomy":"category","embeddable":true,"href":"https:\/\/www.bellunopress.it\/fr\/wp-json\/wp\/v2\/categories?post=43744"},{"taxonomy":"post_tag","embeddable":true,"href":"https:\/\/www.bellunopress.it\/fr\/wp-json\/wp\/v2\/tags?post=43744"}],"curies":[{"name":"wp","href":"https:\/\/api.w.org\/{rel}","templated":true}]}}