{"id":43729,"date":"2012-11-12T06:24:19","date_gmt":"2012-11-12T05:24:19","guid":{"rendered":"http:\/\/www.bellunopress.it\/?p=43729"},"modified":"2012-11-12T08:10:43","modified_gmt":"2012-11-12T07:10:43","slug":"protagonisti-del-cambiamento-domenica-il-convegno-di-confcommercio-alla-carpenada","status":"publish","type":"post","link":"https:\/\/www.bellunopress.it\/fr\/2012\/11\/12\/protagonisti-del-cambiamento-domenica-il-convegno-di-confcommercio-alla-carpenada\/","title":{"rendered":"Protagonisti del cambiamento. Domenica il convegno di Confcommercio alla Carpenada"},"content":{"rendered":"<p>\u201cProtagonisti del Cambiamento\u201d. \u00c8 questo il titolo del convegno-assemblea che Confcommercio Belluno proporr\u00e0 domenica 18 novembre. L\u2019obiettivo \u00e8 riflettere e discutere sulle \u201cMicro imprese del Terziario per la crescita al tempo della crisi\u201d.<\/p>\n<figure id=\"attachment_27277\" aria-describedby=\"caption-attachment-27277\" style=\"width: 290px\" class=\"wp-caption alignleft\"><a href=\"http:\/\/www.bellunopress.it\/wp-content\/uploads\/2011\/05\/carpenada-290x190.jpg\"><img loading=\"lazy\" decoding=\"async\" class=\"size-full wp-image-27277\" title=\"carpenada 290x190\" src=\"http:\/\/www.bellunopress.it\/wp-content\/uploads\/2011\/05\/carpenada-290x190.jpg\" alt=\"\" width=\"290\" height=\"193\" \/><\/a><figcaption id=\"caption-attachment-27277\" class=\"wp-caption-text\">Park Hotel Villa Carpenada Belluno<\/figcaption><\/figure>\n<p>I lavori si svolgeranno al Park Hotel Villa Carpenada di Belluno con inizio alle 9.45. Chi fosse impossibilitato a essere presente, potr\u00e0 seguirli tramite la diretta in streaming sul sito www.ascombelluno.it<\/p>\n<p>\u00abProtagonisti del cambiamento perch\u00e9 riteniamo che, in questi tempi di oggettiva difficolt\u00e0, occorra guardare alla realt\u00e0 con la consapevolezza di vivere una crisi senza precedenti ma anche con la volont\u00e0 di interpretare al meglio le opportunit\u00e0 che ci possono essere\u00bb spiega Franco Debortoli, presidente di Confcommercio Belluno. \u00abCon questo convegno vogliamo esaminare, in particolare, se e come le micro e piccole imprese del terziario abbiano in s\u00e9 la forza per reagire alla crisi, sviluppando al loro interno un potenziale di innovazione. Non solo e non tanto, dunque, analizzare il presente, ma anche e soprattutto scoprire e progettare delle vie di uscita per costruire il futuro\u00bb.<\/p>\n<p>Per riflettere e discutere su tutto ci\u00f2 interverranno, oltre a Franco Debortoli, anche Francesco Rivolta, direttore generale di Confcommercio imprese per l\u2019Italia, Enzo Rullani, docente di strategia d\u2019impresa alla Venice International University, che affronter\u00e0 il tema \u201cL\u2019innovazione nei servizi: la via maestra per il cambiamento\u201d, e Fabrizio Valente, fondatore di Kiki Lab, l\u2019istituto-laboratorio bresciano che offre progetti personalizzati alle imprese nel campo della vendita al dettaglio. A Valente \u00e8 affidata la riflessione sul tema \u201cQuando l\u2019innovazione delle microimprese batte la crisi nel Terziario\u201d.<\/p>","protected":false},"excerpt":{"rendered":"<p>\u201cProtagonisti del Cambiamento\u201d. \u00c8 questo il titolo del convegno-assemblea che Confcommercio Belluno proporr\u00e0 domenica 18 novembre. L\u2019obiettivo \u00e8 riflettere e discutere sulle \u201cMicro imprese del Terziario per la crescita al tempo della crisi\u201d. I lavori si svolgeranno al Park Hotel Villa Carpenada di Belluno con inizio alle 9.45. Chi fosse impossibilitato a essere presente, potr\u00e0 [&hellip;]<\/p>\n","protected":false},"author":2,"featured_media":0,"comment_status":"closed","ping_status":"open","sticky":false,"template":"","format":"standard","meta":{"footnotes":""},"categories":[27,36,25],"tags":[],"class_list":["post-43729","post","type-post","status-publish","format-standard","category-appuntamenti","category-lavoro-economia","category-pausa-caffe"],"yoast_head":"<!-- This site is optimized with the Yoast SEO plugin v28.4 - https:\/\/yoast.com\/product\/yoast-seo-wordpress\/ -->\n<title>Protagonisti del cambiamento. Domenica il convegno di Confcommercio alla Carpenada - Bellunopress - Dolomiti<\/title>\n<meta name=\"robots\" content=\"index, follow, max-snippet:-1, max-image-preview:large, max-video-preview:-1\" \/>\n<link rel=\"canonical\" href=\"https:\/\/www.bellunopress.it\/fr\/2012\/11\/12\/protagonisti-del-cambiamento-domenica-il-convegno-di-confcommercio-alla-carpenada\/\" \/>\n<meta property=\"og:locale\" content=\"fr_FR\" \/>\n<meta property=\"og:type\" content=\"article\" \/>\n<meta property=\"og:title\" content=\"Protagonisti del cambiamento. Domenica il convegno di Confcommercio alla Carpenada - Bellunopress - Dolomiti\" \/>\n<meta property=\"og:description\" content=\"\u201cProtagonisti del Cambiamento\u201d. \u00c8 questo il titolo del convegno-assemblea che Confcommercio Belluno proporr\u00e0 domenica 18 novembre. L\u2019obiettivo \u00e8 riflettere e discutere sulle \u201cMicro imprese del Terziario per la crescita al tempo della crisi\u201d. I lavori si svolgeranno al Park Hotel Villa Carpenada di Belluno con inizio alle 9.45. Chi fosse impossibilitato a essere presente, potr\u00e0 [&hellip;]\" \/>\n<meta property=\"og:url\" content=\"https:\/\/www.bellunopress.it\/fr\/2012\/11\/12\/protagonisti-del-cambiamento-domenica-il-convegno-di-confcommercio-alla-carpenada\/\" \/>\n<meta property=\"og:site_name\" content=\"Bellunopress - Dolomiti\" \/>\n<meta property=\"article:publisher\" content=\"https:\/\/www.facebook.com\/profile.php?id=100008943462799\" \/>\n<meta property=\"article:published_time\" content=\"2012-11-12T05:24:19+00:00\" \/>\n<meta property=\"article:modified_time\" content=\"2012-11-12T07:10:43+00:00\" \/>\n<meta property=\"og:image\" content=\"http:\/\/www.bellunopress.it\/wp-content\/uploads\/2011\/05\/carpenada-290x190.jpg\" \/>\n<meta name=\"author\" content=\"redazione\" \/>\n<meta name=\"twitter:card\" content=\"summary_large_image\" \/>\n<meta name=\"twitter:creator\" content=\"@bellunopress\" \/>\n<meta name=\"twitter:site\" content=\"@bellunopress\" \/>\n<meta name=\"twitter:label1\" content=\"\u00c9crit par\" \/>\n\t<meta name=\"twitter:data1\" content=\"redazione\" \/>\n\t<meta name=\"twitter:label2\" content=\"Dur\u00e9e de lecture estim\u00e9e\" \/>\n\t<meta name=\"twitter:data2\" content=\"1 minute\" \/>\n<script type=\"application\/ld+json\" class=\"yoast-schema-graph\">{\"@context\":\"https:\\\/\\\/schema.org\",\"@graph\":[{\"@type\":\"Article\",\"@id\":\"https:\\\/\\\/www.bellunopress.it\\\/2012\\\/11\\\/12\\\/protagonisti-del-cambiamento-domenica-il-convegno-di-confcommercio-alla-carpenada\\\/#article\",\"isPartOf\":{\"@id\":\"https:\\\/\\\/www.bellunopress.it\\\/2012\\\/11\\\/12\\\/protagonisti-del-cambiamento-domenica-il-convegno-di-confcommercio-alla-carpenada\\\/\"},\"author\":{\"name\":\"redazione\",\"@id\":\"https:\\\/\\\/www.bellunopress.it\\\/#\\\/schema\\\/person\\\/79bb06722b37ece1c03d3e94beb30d73\"},\"headline\":\"Protagonisti del cambiamento. Domenica il convegno di Confcommercio alla Carpenada\",\"datePublished\":\"2012-11-12T05:24:19+00:00\",\"dateModified\":\"2012-11-12T07:10:43+00:00\",\"mainEntityOfPage\":{\"@id\":\"https:\\\/\\\/www.bellunopress.it\\\/2012\\\/11\\\/12\\\/protagonisti-del-cambiamento-domenica-il-convegno-di-confcommercio-alla-carpenada\\\/\"},\"wordCount\":277,\"publisher\":{\"@id\":\"https:\\\/\\\/www.bellunopress.it\\\/#organization\"},\"image\":{\"@id\":\"https:\\\/\\\/www.bellunopress.it\\\/2012\\\/11\\\/12\\\/protagonisti-del-cambiamento-domenica-il-convegno-di-confcommercio-alla-carpenada\\\/#primaryimage\"},\"thumbnailUrl\":\"http:\\\/\\\/www.bellunopress.it\\\/wp-content\\\/uploads\\\/2011\\\/05\\\/carpenada-290x190.jpg\",\"articleSection\":[\"Appuntamenti, Eventi\",\"Lavoro, Economia, Turismo\",\"Pausa Caff\u00e8\"],\"inLanguage\":\"fr-FR\"},{\"@type\":\"WebPage\",\"@id\":\"https:\\\/\\\/www.bellunopress.it\\\/2012\\\/11\\\/12\\\/protagonisti-del-cambiamento-domenica-il-convegno-di-confcommercio-alla-carpenada\\\/\",\"url\":\"https:\\\/\\\/www.bellunopress.it\\\/2012\\\/11\\\/12\\\/protagonisti-del-cambiamento-domenica-il-convegno-di-confcommercio-alla-carpenada\\\/\",\"name\":\"Protagonisti del cambiamento. Domenica il convegno di Confcommercio alla Carpenada - Bellunopress - Dolomiti\",\"isPartOf\":{\"@id\":\"https:\\\/\\\/www.bellunopress.it\\\/#website\"},\"primaryImageOfPage\":{\"@id\":\"https:\\\/\\\/www.bellunopress.it\\\/2012\\\/11\\\/12\\\/protagonisti-del-cambiamento-domenica-il-convegno-di-confcommercio-alla-carpenada\\\/#primaryimage\"},\"image\":{\"@id\":\"https:\\\/\\\/www.bellunopress.it\\\/2012\\\/11\\\/12\\\/protagonisti-del-cambiamento-domenica-il-convegno-di-confcommercio-alla-carpenada\\\/#primaryimage\"},\"thumbnailUrl\":\"http:\\\/\\\/www.bellunopress.it\\\/wp-content\\\/uploads\\\/2011\\\/05\\\/carpenada-290x190.jpg\",\"datePublished\":\"2012-11-12T05:24:19+00:00\",\"dateModified\":\"2012-11-12T07:10:43+00:00\",\"breadcrumb\":{\"@id\":\"https:\\\/\\\/www.bellunopress.it\\\/2012\\\/11\\\/12\\\/protagonisti-del-cambiamento-domenica-il-convegno-di-confcommercio-alla-carpenada\\\/#breadcrumb\"},\"inLanguage\":\"fr-FR\",\"potentialAction\":[{\"@type\":\"ReadAction\",\"target\":[\"https:\\\/\\\/www.bellunopress.it\\\/2012\\\/11\\\/12\\\/protagonisti-del-cambiamento-domenica-il-convegno-di-confcommercio-alla-carpenada\\\/\"]}]},{\"@type\":\"ImageObject\",\"inLanguage\":\"fr-FR\",\"@id\":\"https:\\\/\\\/www.bellunopress.it\\\/2012\\\/11\\\/12\\\/protagonisti-del-cambiamento-domenica-il-convegno-di-confcommercio-alla-carpenada\\\/#primaryimage\",\"url\":\"http:\\\/\\\/www.bellunopress.it\\\/wp-content\\\/uploads\\\/2011\\\/05\\\/carpenada-290x190.jpg\",\"contentUrl\":\"http:\\\/\\\/www.bellunopress.it\\\/wp-content\\\/uploads\\\/2011\\\/05\\\/carpenada-290x190.jpg\"},{\"@type\":\"BreadcrumbList\",\"@id\":\"https:\\\/\\\/www.bellunopress.it\\\/2012\\\/11\\\/12\\\/protagonisti-del-cambiamento-domenica-il-convegno-di-confcommercio-alla-carpenada\\\/#breadcrumb\",\"itemListElement\":[{\"@type\":\"ListItem\",\"position\":1,\"name\":\"Home\",\"item\":\"https:\\\/\\\/www.bellunopress.it\\\/\"},{\"@type\":\"ListItem\",\"position\":2,\"name\":\"Protagonisti del cambiamento. Domenica il convegno di Confcommercio alla Carpenada\"}]},{\"@type\":\"WebSite\",\"@id\":\"https:\\\/\\\/www.bellunopress.it\\\/#website\",\"url\":\"https:\\\/\\\/www.bellunopress.it\\\/\",\"name\":\"Bellunopress - Dolomiti\",\"description\":\"e-mail: redazione@bellunopress.it\",\"publisher\":{\"@id\":\"https:\\\/\\\/www.bellunopress.it\\\/#organization\"},\"potentialAction\":[{\"@type\":\"SearchAction\",\"target\":{\"@type\":\"EntryPoint\",\"urlTemplate\":\"https:\\\/\\\/www.bellunopress.it\\\/?s={search_term_string}\"},\"query-input\":{\"@type\":\"PropertyValueSpecification\",\"valueRequired\":true,\"valueName\":\"search_term_string\"}}],\"inLanguage\":\"fr-FR\"},{\"@type\":\"Organization\",\"@id\":\"https:\\\/\\\/www.bellunopress.it\\\/#organization\",\"name\":\"Bellunopress\",\"url\":\"https:\\\/\\\/www.bellunopress.it\\\/\",\"logo\":{\"@type\":\"ImageObject\",\"inLanguage\":\"fr-FR\",\"@id\":\"https:\\\/\\\/www.bellunopress.it\\\/#\\\/schema\\\/logo\\\/image\\\/\",\"url\":\"https:\\\/\\\/www.bellunopress.it\\\/wp-content\\\/uploads\\\/2011\\\/05\\\/cropped-logo-bellunopress-.jpg\",\"contentUrl\":\"https:\\\/\\\/www.bellunopress.it\\\/wp-content\\\/uploads\\\/2011\\\/05\\\/cropped-logo-bellunopress-.jpg\",\"width\":512,\"height\":512,\"caption\":\"Bellunopress\"},\"image\":{\"@id\":\"https:\\\/\\\/www.bellunopress.it\\\/#\\\/schema\\\/logo\\\/image\\\/\"},\"sameAs\":[\"https:\\\/\\\/www.facebook.com\\\/profile.php?id=100008943462799\",\"https:\\\/\\\/x.com\\\/bellunopress\",\"https:\\\/\\\/www.linkedin.com\\\/hp\\\/?dnr=JBzUWaJfMUw8vbXJJ2tVW5-I3jZKvC4wsoxE&amp;amp;amp;amp;amp;amp;trk=nav_responsive_tab_home\",\"https:\\\/\\\/www.youtube.com\\\/channel\\\/UCxL0wu1uN0_3_7hGG0306cw\"]},{\"@type\":\"Person\",\"@id\":\"https:\\\/\\\/www.bellunopress.it\\\/#\\\/schema\\\/person\\\/79bb06722b37ece1c03d3e94beb30d73\",\"name\":\"redazione\",\"image\":{\"@type\":\"ImageObject\",\"inLanguage\":\"fr-FR\",\"@id\":\"https:\\\/\\\/secure.gravatar.com\\\/avatar\\\/37d968a2e67a6fd04c169c4bdef102d0bc5d31b2546345219e348575eb80e9a0?s=96&d=mm&r=g\",\"url\":\"https:\\\/\\\/secure.gravatar.com\\\/avatar\\\/37d968a2e67a6fd04c169c4bdef102d0bc5d31b2546345219e348575eb80e9a0?s=96&d=mm&r=g\",\"contentUrl\":\"https:\\\/\\\/secure.gravatar.com\\\/avatar\\\/37d968a2e67a6fd04c169c4bdef102d0bc5d31b2546345219e348575eb80e9a0?s=96&d=mm&r=g\",\"caption\":\"redazione\"},\"sameAs\":[\"http:\\\/\\\/www.bellunopress.it\",\"https:\\\/\\\/x.com\\\/bellunopress\"],\"url\":\"https:\\\/\\\/www.bellunopress.it\\\/fr\\\/author\\\/redazione\\\/\"}]}<\/script>\n<!-- \/ Yoast SEO plugin. -->","yoast_head_json":{"title":"Protagonisti del cambiamento. Domenica il convegno di Confcommercio alla Carpenada - Bellunopress - Dolomiti","robots":{"index":"index","follow":"follow","max-snippet":"max-snippet:-1","max-image-preview":"max-image-preview:large","max-video-preview":"max-video-preview:-1"},"canonical":"https:\/\/www.bellunopress.it\/fr\/2012\/11\/12\/protagonisti-del-cambiamento-domenica-il-convegno-di-confcommercio-alla-carpenada\/","og_locale":"fr_FR","og_type":"article","og_title":"Protagonisti del cambiamento. Domenica il convegno di Confcommercio alla Carpenada - Bellunopress - Dolomiti","og_description":"\u201cProtagonisti del Cambiamento\u201d. \u00c8 questo il titolo del convegno-assemblea che Confcommercio Belluno proporr\u00e0 domenica 18 novembre. L\u2019obiettivo \u00e8 riflettere e discutere sulle \u201cMicro imprese del Terziario per la crescita al tempo della crisi\u201d. I lavori si svolgeranno al Park Hotel Villa Carpenada di Belluno con inizio alle 9.45. Chi fosse impossibilitato a essere presente, potr\u00e0 [&hellip;]","og_url":"https:\/\/www.bellunopress.it\/fr\/2012\/11\/12\/protagonisti-del-cambiamento-domenica-il-convegno-di-confcommercio-alla-carpenada\/","og_site_name":"Bellunopress - Dolomiti","article_publisher":"https:\/\/www.facebook.com\/profile.php?id=100008943462799","article_published_time":"2012-11-12T05:24:19+00:00","article_modified_time":"2012-11-12T07:10:43+00:00","og_image":[{"url":"http:\/\/www.bellunopress.it\/wp-content\/uploads\/2011\/05\/carpenada-290x190.jpg","type":"","width":"","height":""}],"author":"redazione","twitter_card":"summary_large_image","twitter_creator":"@bellunopress","twitter_site":"@bellunopress","twitter_misc":{"\u00c9crit par":"redazione","Dur\u00e9e de lecture estim\u00e9e":"1 minute"},"schema":{"@context":"https:\/\/schema.org","@graph":[{"@type":"Article","@id":"https:\/\/www.bellunopress.it\/2012\/11\/12\/protagonisti-del-cambiamento-domenica-il-convegno-di-confcommercio-alla-carpenada\/#article","isPartOf":{"@id":"https:\/\/www.bellunopress.it\/2012\/11\/12\/protagonisti-del-cambiamento-domenica-il-convegno-di-confcommercio-alla-carpenada\/"},"author":{"name":"redazione","@id":"https:\/\/www.bellunopress.it\/#\/schema\/person\/79bb06722b37ece1c03d3e94beb30d73"},"headline":"Protagonisti del cambiamento. Domenica il convegno di Confcommercio alla Carpenada","datePublished":"2012-11-12T05:24:19+00:00","dateModified":"2012-11-12T07:10:43+00:00","mainEntityOfPage":{"@id":"https:\/\/www.bellunopress.it\/2012\/11\/12\/protagonisti-del-cambiamento-domenica-il-convegno-di-confcommercio-alla-carpenada\/"},"wordCount":277,"publisher":{"@id":"https:\/\/www.bellunopress.it\/#organization"},"image":{"@id":"https:\/\/www.bellunopress.it\/2012\/11\/12\/protagonisti-del-cambiamento-domenica-il-convegno-di-confcommercio-alla-carpenada\/#primaryimage"},"thumbnailUrl":"http:\/\/www.bellunopress.it\/wp-content\/uploads\/2011\/05\/carpenada-290x190.jpg","articleSection":["Appuntamenti, Eventi","Lavoro, Economia, Turismo","Pausa Caff\u00e8"],"inLanguage":"fr-FR"},{"@type":"WebPage","@id":"https:\/\/www.bellunopress.it\/2012\/11\/12\/protagonisti-del-cambiamento-domenica-il-convegno-di-confcommercio-alla-carpenada\/","url":"https:\/\/www.bellunopress.it\/2012\/11\/12\/protagonisti-del-cambiamento-domenica-il-convegno-di-confcommercio-alla-carpenada\/","name":"Protagonisti del cambiamento. Domenica il convegno di Confcommercio alla Carpenada - Bellunopress - Dolomiti","isPartOf":{"@id":"https:\/\/www.bellunopress.it\/#website"},"primaryImageOfPage":{"@id":"https:\/\/www.bellunopress.it\/2012\/11\/12\/protagonisti-del-cambiamento-domenica-il-convegno-di-confcommercio-alla-carpenada\/#primaryimage"},"image":{"@id":"https:\/\/www.bellunopress.it\/2012\/11\/12\/protagonisti-del-cambiamento-domenica-il-convegno-di-confcommercio-alla-carpenada\/#primaryimage"},"thumbnailUrl":"http:\/\/www.bellunopress.it\/wp-content\/uploads\/2011\/05\/carpenada-290x190.jpg","datePublished":"2012-11-12T05:24:19+00:00","dateModified":"2012-11-12T07:10:43+00:00","breadcrumb":{"@id":"https:\/\/www.bellunopress.it\/2012\/11\/12\/protagonisti-del-cambiamento-domenica-il-convegno-di-confcommercio-alla-carpenada\/#breadcrumb"},"inLanguage":"fr-FR","potentialAction":[{"@type":"ReadAction","target":["https:\/\/www.bellunopress.it\/2012\/11\/12\/protagonisti-del-cambiamento-domenica-il-convegno-di-confcommercio-alla-carpenada\/"]}]},{"@type":"ImageObject","inLanguage":"fr-FR","@id":"https:\/\/www.bellunopress.it\/2012\/11\/12\/protagonisti-del-cambiamento-domenica-il-convegno-di-confcommercio-alla-carpenada\/#primaryimage","url":"http:\/\/www.bellunopress.it\/wp-content\/uploads\/2011\/05\/carpenada-290x190.jpg","contentUrl":"http:\/\/www.bellunopress.it\/wp-content\/uploads\/2011\/05\/carpenada-290x190.jpg"},{"@type":"BreadcrumbList","@id":"https:\/\/www.bellunopress.it\/2012\/11\/12\/protagonisti-del-cambiamento-domenica-il-convegno-di-confcommercio-alla-carpenada\/#breadcrumb","itemListElement":[{"@type":"ListItem","position":1,"name":"Home","item":"https:\/\/www.bellunopress.it\/"},{"@type":"ListItem","position":2,"name":"Protagonisti del cambiamento. Domenica il convegno di Confcommercio alla Carpenada"}]},{"@type":"WebSite","@id":"https:\/\/www.bellunopress.it\/#website","url":"https:\/\/www.bellunopress.it\/","name":"Bellunopress - Dolomiti","description":"e-mail: redazione@bellunopress.it","publisher":{"@id":"https:\/\/www.bellunopress.it\/#organization"},"potentialAction":[{"@type":"SearchAction","target":{"@type":"EntryPoint","urlTemplate":"https:\/\/www.bellunopress.it\/?s={search_term_string}"},"query-input":{"@type":"PropertyValueSpecification","valueRequired":true,"valueName":"search_term_string"}}],"inLanguage":"fr-FR"},{"@type":"Organization","@id":"https:\/\/www.bellunopress.it\/#organization","name":"Bellunopress","url":"https:\/\/www.bellunopress.it\/","logo":{"@type":"ImageObject","inLanguage":"fr-FR","@id":"https:\/\/www.bellunopress.it\/#\/schema\/logo\/image\/","url":"https:\/\/www.bellunopress.it\/wp-content\/uploads\/2011\/05\/cropped-logo-bellunopress-.jpg","contentUrl":"https:\/\/www.bellunopress.it\/wp-content\/uploads\/2011\/05\/cropped-logo-bellunopress-.jpg","width":512,"height":512,"caption":"Bellunopress"},"image":{"@id":"https:\/\/www.bellunopress.it\/#\/schema\/logo\/image\/"},"sameAs":["https:\/\/www.facebook.com\/profile.php?id=100008943462799","https:\/\/x.com\/bellunopress","https:\/\/www.linkedin.com\/hp\/?dnr=JBzUWaJfMUw8vbXJJ2tVW5-I3jZKvC4wsoxE&amp;amp;amp;amp;amp;amp;trk=nav_responsive_tab_home","https:\/\/www.youtube.com\/channel\/UCxL0wu1uN0_3_7hGG0306cw"]},{"@type":"Person","@id":"https:\/\/www.bellunopress.it\/#\/schema\/person\/79bb06722b37ece1c03d3e94beb30d73","name":"r\u00e9daction","image":{"@type":"ImageObject","inLanguage":"fr-FR","@id":"https:\/\/secure.gravatar.com\/avatar\/37d968a2e67a6fd04c169c4bdef102d0bc5d31b2546345219e348575eb80e9a0?s=96&d=mm&r=g","url":"https:\/\/secure.gravatar.com\/avatar\/37d968a2e67a6fd04c169c4bdef102d0bc5d31b2546345219e348575eb80e9a0?s=96&d=mm&r=g","contentUrl":"https:\/\/secure.gravatar.com\/avatar\/37d968a2e67a6fd04c169c4bdef102d0bc5d31b2546345219e348575eb80e9a0?s=96&d=mm&r=g","caption":"redazione"},"sameAs":["http:\/\/www.bellunopress.it","https:\/\/x.com\/bellunopress"],"url":"https:\/\/www.bellunopress.it\/fr\/author\/redazione\/"}]}},"_links":{"self":[{"href":"https:\/\/www.bellunopress.it\/fr\/wp-json\/wp\/v2\/posts\/43729","targetHints":{"allow":["GET"]}}],"collection":[{"href":"https:\/\/www.bellunopress.it\/fr\/wp-json\/wp\/v2\/posts"}],"about":[{"href":"https:\/\/www.bellunopress.it\/fr\/wp-json\/wp\/v2\/types\/post"}],"author":[{"embeddable":true,"href":"https:\/\/www.bellunopress.it\/fr\/wp-json\/wp\/v2\/users\/2"}],"replies":[{"embeddable":true,"href":"https:\/\/www.bellunopress.it\/fr\/wp-json\/wp\/v2\/comments?post=43729"}],"version-history":[{"count":2,"href":"https:\/\/www.bellunopress.it\/fr\/wp-json\/wp\/v2\/posts\/43729\/revisions"}],"predecessor-version":[{"id":43811,"href":"https:\/\/www.bellunopress.it\/fr\/wp-json\/wp\/v2\/posts\/43729\/revisions\/43811"}],"wp:attachment":[{"href":"https:\/\/www.bellunopress.it\/fr\/wp-json\/wp\/v2\/media?parent=43729"}],"wp:term":[{"taxonomy":"category","embeddable":true,"href":"https:\/\/www.bellunopress.it\/fr\/wp-json\/wp\/v2\/categories?post=43729"},{"taxonomy":"post_tag","embeddable":true,"href":"https:\/\/www.bellunopress.it\/fr\/wp-json\/wp\/v2\/tags?post=43729"}],"curies":[{"name":"wp","href":"https:\/\/api.w.org\/{rel}","templated":true}]}}