{"id":43716,"date":"2012-11-08T10:55:41","date_gmt":"2012-11-08T09:55:41","guid":{"rendered":"http:\/\/www.bellunopress.it\/?p=43716"},"modified":"2012-11-08T10:55:41","modified_gmt":"2012-11-08T09:55:41","slug":"venas-un-depuratore-fognario-ed-un-parcheggio-auto-a-8-metri-dalla-ciclabile-la-protesta-degli-amici-della-bicicletta","status":"publish","type":"post","link":"https:\/\/www.bellunopress.it\/fr\/2012\/11\/08\/venas-un-depuratore-fognario-ed-un-parcheggio-auto-a-8-metri-dalla-ciclabile-la-protesta-degli-amici-della-bicicletta\/","title":{"rendered":"Venas: un depuratore fognario ed un parcheggio auto a 8 metri dalla ciclabile. La protesta degli Amici della bicicletta"},"content":{"rendered":"<p><a href=\"http:\/\/www.bellunopress.it\/wp-content\/uploads\/2012\/02\/amici-della-bicicletta.jpg\"><img loading=\"lazy\" decoding=\"async\" class=\"alignleft size-full wp-image-35111\" title=\"amici della bicicletta\" src=\"http:\/\/www.bellunopress.it\/wp-content\/uploads\/2012\/02\/amici-della-bicicletta.jpg\" alt=\"\" width=\"170\" height=\"77\" \/><\/a>Da mesi la frazione di Ven\u00e0s in comune di Valle di Cadore \u00e8 in subbuglio per la decisione del Comune di realizzare un depuratore a pochissimi metri dalla ciclabile, a 15 metri dal campetto di calcio usato dai ragazzi e a poche decine di metri dalle case e dalla nuova struttura alberghiera di Venas, nell&#8217;unica zona pianeggiante del paese, dove si potrebbero insediare altre strutture turistiche.<\/p>\n<p>\u00c8 previsto inoltre un parcheggio pubblico\/privato con accesso dalla ciclabile!<\/p>\n<p>Il progetto risale &#8211; fa sapere il direttivo degli Amici della bicicletta &#8211; a molti anni fa, quando la ciclabile non c&#8217;era, ma purtroppo non si \u00e8 provveduto per tempo a modificarlo, collocando il depuratore in una zona pi\u00f9 adatta.<\/p>\n<p>Quest&#8217;estate il progetto \u00e8 stato finanziato e il Consiglio comunale l&#8217;ha approvato frettolosamente, malgrado le ripetute richieste degli abitanti e della Pro Loco di studiare una soluzione alternativa. Nessuna risposta \u00e8 stata fornita al documento sottoscritto da 50 cittadini e depositato in Comune mesi prima.<\/p>\n<p>Si \u00e8 arrivati cos\u00ec alla recente manifestazione degli abitanti di Ven\u00e0s, che hanno impedito in modo pacifico il passaggio ai tecnici del Bim Gsp che dovevano effettuare i rilievi.<\/p>\n<p>Ora per fortuna alcuni consiglieri di maggioranza si sono resi conto dell&#8217;errore ed hanno chiesto un Consiglio comunale urgente, con all&#8217;ordine del giorno la soluzione di questo problema. Si svolger\u00e0 gioved\u00ec prossimo ed \u00e8 sperabile che venga adottata la decisione pi\u00f9 sensata, quella di collocare altrove il depuratore e non compromettere l&#8217;attivit\u00e0 turistica del paese.<\/p>\n<p>Gli Amici della Bicicletta-Fiab di Belluno sostengono pienamente l&#8217;iniziativa della Pro Loco e della popolazione di Ven\u00e0s, che hanno dimostrato di avere a cuore l&#8217;integrit\u00e0 del loro territorio, pi\u00f9 delle istituzioni comunali a ci\u00f2 preposte, e di essere disposti a unirsi e attivarsi per tutelarlo.<\/p>\n<p>Certo \u00e8 sconfortante che si debbano sprecare energie per parare queste mosse maldestre &#8211; sottolineano gli Amici della bicicletta &#8211; , invece che utilizzarle per valorizzare la tanto decantata (a parole&#8230;) &#8220;Lunga Via delle Dolomiti&#8221;. Molti sono i problemi, anche di sicurezza (oltre ai tratti mancanti in comune di Cortina), che restano da risolvere lungo questo splendido itinerario ciclo-pedonale, a partire dalla cinquantina di intersezioni con strade carrozzabili e dalle zone a traffico promiscuo, sulle quali i Comuni finora non hanno fatto scelte giuste. Un anno gli Amici della bicicletta, dopo accurati sopralluoghi, ha consegnato ai 7 Comuni tra Calalzo e Cortina le proprie osservazioni dettagliate, che si possono leggere al sito:<\/p>\n<p>http:\/\/www.bellunoinbici.it\/cal2011\/2011_11_22_segn_cicl_cal_cort.pdf.<\/p>","protected":false},"excerpt":{"rendered":"<p>Da mesi la frazione di Ven\u00e0s in comune di Valle di Cadore \u00e8 in subbuglio per la decisione del Comune di realizzare un depuratore a pochissimi metri dalla ciclabile, a 15 metri dal campetto di calcio usato dai ragazzi e a poche decine di metri dalle case e dalla nuova struttura alberghiera di Venas, nell&#8217;unica [&hellip;]<\/p>\n","protected":false},"author":2,"featured_media":0,"comment_status":"closed","ping_status":"open","sticky":false,"template":"","format":"standard","meta":{"footnotes":""},"categories":[38,26],"tags":[],"class_list":["post-43716","post","type-post","status-publish","format-standard","category-natura-ambiente","category-prima-pagina"],"yoast_head":"<!-- This site is optimized with the Yoast SEO plugin v28.4 - https:\/\/yoast.com\/product\/yoast-seo-wordpress\/ -->\n<title>Venas: un depuratore fognario ed un parcheggio auto a 8 metri dalla ciclabile. La protesta degli Amici della bicicletta - Bellunopress - Dolomiti<\/title>\n<meta name=\"robots\" content=\"index, follow, max-snippet:-1, max-image-preview:large, max-video-preview:-1\" \/>\n<link rel=\"canonical\" href=\"https:\/\/www.bellunopress.it\/fr\/2012\/11\/08\/venas-un-depuratore-fognario-ed-un-parcheggio-auto-a-8-metri-dalla-ciclabile-la-protesta-degli-amici-della-bicicletta\/\" \/>\n<meta property=\"og:locale\" content=\"fr_FR\" \/>\n<meta property=\"og:type\" content=\"article\" \/>\n<meta property=\"og:title\" content=\"Venas: un depuratore fognario ed un parcheggio auto a 8 metri dalla ciclabile. La protesta degli Amici della bicicletta - Bellunopress - Dolomiti\" \/>\n<meta property=\"og:description\" content=\"Da mesi la frazione di Ven\u00e0s in comune di Valle di Cadore \u00e8 in subbuglio per la decisione del Comune di realizzare un depuratore a pochissimi metri dalla ciclabile, a 15 metri dal campetto di calcio usato dai ragazzi e a poche decine di metri dalle case e dalla nuova struttura alberghiera di Venas, nell&#8217;unica [&hellip;]\" \/>\n<meta property=\"og:url\" content=\"https:\/\/www.bellunopress.it\/fr\/2012\/11\/08\/venas-un-depuratore-fognario-ed-un-parcheggio-auto-a-8-metri-dalla-ciclabile-la-protesta-degli-amici-della-bicicletta\/\" \/>\n<meta property=\"og:site_name\" content=\"Bellunopress - Dolomiti\" \/>\n<meta property=\"article:publisher\" content=\"https:\/\/www.facebook.com\/profile.php?id=100008943462799\" \/>\n<meta property=\"article:published_time\" content=\"2012-11-08T09:55:41+00:00\" \/>\n<meta property=\"og:image\" content=\"http:\/\/www.bellunopress.it\/wp-content\/uploads\/2012\/02\/amici-della-bicicletta.jpg\" \/>\n<meta name=\"author\" content=\"redazione\" \/>\n<meta name=\"twitter:card\" content=\"summary_large_image\" \/>\n<meta name=\"twitter:creator\" content=\"@bellunopress\" \/>\n<meta name=\"twitter:site\" content=\"@bellunopress\" \/>\n<meta name=\"twitter:label1\" content=\"\u00c9crit par\" \/>\n\t<meta name=\"twitter:data1\" content=\"redazione\" \/>\n\t<meta name=\"twitter:label2\" content=\"Dur\u00e9e de lecture estim\u00e9e\" \/>\n\t<meta name=\"twitter:data2\" content=\"2 minutes\" \/>\n<script type=\"application\/ld+json\" class=\"yoast-schema-graph\">{\"@context\":\"https:\\\/\\\/schema.org\",\"@graph\":[{\"@type\":\"Article\",\"@id\":\"https:\\\/\\\/www.bellunopress.it\\\/2012\\\/11\\\/08\\\/venas-un-depuratore-fognario-ed-un-parcheggio-auto-a-8-metri-dalla-ciclabile-la-protesta-degli-amici-della-bicicletta\\\/#article\",\"isPartOf\":{\"@id\":\"https:\\\/\\\/www.bellunopress.it\\\/2012\\\/11\\\/08\\\/venas-un-depuratore-fognario-ed-un-parcheggio-auto-a-8-metri-dalla-ciclabile-la-protesta-degli-amici-della-bicicletta\\\/\"},\"author\":{\"name\":\"redazione\",\"@id\":\"https:\\\/\\\/www.bellunopress.it\\\/#\\\/schema\\\/person\\\/79bb06722b37ece1c03d3e94beb30d73\"},\"headline\":\"Venas: un depuratore fognario ed un parcheggio auto a 8 metri dalla ciclabile. La protesta degli Amici della bicicletta\",\"datePublished\":\"2012-11-08T09:55:41+00:00\",\"mainEntityOfPage\":{\"@id\":\"https:\\\/\\\/www.bellunopress.it\\\/2012\\\/11\\\/08\\\/venas-un-depuratore-fognario-ed-un-parcheggio-auto-a-8-metri-dalla-ciclabile-la-protesta-degli-amici-della-bicicletta\\\/\"},\"wordCount\":431,\"publisher\":{\"@id\":\"https:\\\/\\\/www.bellunopress.it\\\/#organization\"},\"image\":{\"@id\":\"https:\\\/\\\/www.bellunopress.it\\\/2012\\\/11\\\/08\\\/venas-un-depuratore-fognario-ed-un-parcheggio-auto-a-8-metri-dalla-ciclabile-la-protesta-degli-amici-della-bicicletta\\\/#primaryimage\"},\"thumbnailUrl\":\"http:\\\/\\\/www.bellunopress.it\\\/wp-content\\\/uploads\\\/2012\\\/02\\\/amici-della-bicicletta.jpg\",\"articleSection\":[\"Meteo, natura, ambiente, animali\",\"Prima Pagina\"],\"inLanguage\":\"fr-FR\"},{\"@type\":\"WebPage\",\"@id\":\"https:\\\/\\\/www.bellunopress.it\\\/2012\\\/11\\\/08\\\/venas-un-depuratore-fognario-ed-un-parcheggio-auto-a-8-metri-dalla-ciclabile-la-protesta-degli-amici-della-bicicletta\\\/\",\"url\":\"https:\\\/\\\/www.bellunopress.it\\\/2012\\\/11\\\/08\\\/venas-un-depuratore-fognario-ed-un-parcheggio-auto-a-8-metri-dalla-ciclabile-la-protesta-degli-amici-della-bicicletta\\\/\",\"name\":\"Venas: un depuratore fognario ed un parcheggio auto a 8 metri dalla ciclabile. La protesta degli Amici della bicicletta - Bellunopress - Dolomiti\",\"isPartOf\":{\"@id\":\"https:\\\/\\\/www.bellunopress.it\\\/#website\"},\"primaryImageOfPage\":{\"@id\":\"https:\\\/\\\/www.bellunopress.it\\\/2012\\\/11\\\/08\\\/venas-un-depuratore-fognario-ed-un-parcheggio-auto-a-8-metri-dalla-ciclabile-la-protesta-degli-amici-della-bicicletta\\\/#primaryimage\"},\"image\":{\"@id\":\"https:\\\/\\\/www.bellunopress.it\\\/2012\\\/11\\\/08\\\/venas-un-depuratore-fognario-ed-un-parcheggio-auto-a-8-metri-dalla-ciclabile-la-protesta-degli-amici-della-bicicletta\\\/#primaryimage\"},\"thumbnailUrl\":\"http:\\\/\\\/www.bellunopress.it\\\/wp-content\\\/uploads\\\/2012\\\/02\\\/amici-della-bicicletta.jpg\",\"datePublished\":\"2012-11-08T09:55:41+00:00\",\"breadcrumb\":{\"@id\":\"https:\\\/\\\/www.bellunopress.it\\\/2012\\\/11\\\/08\\\/venas-un-depuratore-fognario-ed-un-parcheggio-auto-a-8-metri-dalla-ciclabile-la-protesta-degli-amici-della-bicicletta\\\/#breadcrumb\"},\"inLanguage\":\"fr-FR\",\"potentialAction\":[{\"@type\":\"ReadAction\",\"target\":[\"https:\\\/\\\/www.bellunopress.it\\\/2012\\\/11\\\/08\\\/venas-un-depuratore-fognario-ed-un-parcheggio-auto-a-8-metri-dalla-ciclabile-la-protesta-degli-amici-della-bicicletta\\\/\"]}]},{\"@type\":\"ImageObject\",\"inLanguage\":\"fr-FR\",\"@id\":\"https:\\\/\\\/www.bellunopress.it\\\/2012\\\/11\\\/08\\\/venas-un-depuratore-fognario-ed-un-parcheggio-auto-a-8-metri-dalla-ciclabile-la-protesta-degli-amici-della-bicicletta\\\/#primaryimage\",\"url\":\"http:\\\/\\\/www.bellunopress.it\\\/wp-content\\\/uploads\\\/2012\\\/02\\\/amici-della-bicicletta.jpg\",\"contentUrl\":\"http:\\\/\\\/www.bellunopress.it\\\/wp-content\\\/uploads\\\/2012\\\/02\\\/amici-della-bicicletta.jpg\"},{\"@type\":\"BreadcrumbList\",\"@id\":\"https:\\\/\\\/www.bellunopress.it\\\/2012\\\/11\\\/08\\\/venas-un-depuratore-fognario-ed-un-parcheggio-auto-a-8-metri-dalla-ciclabile-la-protesta-degli-amici-della-bicicletta\\\/#breadcrumb\",\"itemListElement\":[{\"@type\":\"ListItem\",\"position\":1,\"name\":\"Home\",\"item\":\"https:\\\/\\\/www.bellunopress.it\\\/\"},{\"@type\":\"ListItem\",\"position\":2,\"name\":\"Venas: un depuratore fognario ed un parcheggio auto a 8 metri dalla ciclabile. La protesta degli Amici della bicicletta\"}]},{\"@type\":\"WebSite\",\"@id\":\"https:\\\/\\\/www.bellunopress.it\\\/#website\",\"url\":\"https:\\\/\\\/www.bellunopress.it\\\/\",\"name\":\"Bellunopress - Dolomiti\",\"description\":\"e-mail: redazione@bellunopress.it\",\"publisher\":{\"@id\":\"https:\\\/\\\/www.bellunopress.it\\\/#organization\"},\"potentialAction\":[{\"@type\":\"SearchAction\",\"target\":{\"@type\":\"EntryPoint\",\"urlTemplate\":\"https:\\\/\\\/www.bellunopress.it\\\/?s={search_term_string}\"},\"query-input\":{\"@type\":\"PropertyValueSpecification\",\"valueRequired\":true,\"valueName\":\"search_term_string\"}}],\"inLanguage\":\"fr-FR\"},{\"@type\":\"Organization\",\"@id\":\"https:\\\/\\\/www.bellunopress.it\\\/#organization\",\"name\":\"Bellunopress\",\"url\":\"https:\\\/\\\/www.bellunopress.it\\\/\",\"logo\":{\"@type\":\"ImageObject\",\"inLanguage\":\"fr-FR\",\"@id\":\"https:\\\/\\\/www.bellunopress.it\\\/#\\\/schema\\\/logo\\\/image\\\/\",\"url\":\"https:\\\/\\\/www.bellunopress.it\\\/wp-content\\\/uploads\\\/2011\\\/05\\\/cropped-logo-bellunopress-.jpg\",\"contentUrl\":\"https:\\\/\\\/www.bellunopress.it\\\/wp-content\\\/uploads\\\/2011\\\/05\\\/cropped-logo-bellunopress-.jpg\",\"width\":512,\"height\":512,\"caption\":\"Bellunopress\"},\"image\":{\"@id\":\"https:\\\/\\\/www.bellunopress.it\\\/#\\\/schema\\\/logo\\\/image\\\/\"},\"sameAs\":[\"https:\\\/\\\/www.facebook.com\\\/profile.php?id=100008943462799\",\"https:\\\/\\\/x.com\\\/bellunopress\",\"https:\\\/\\\/www.linkedin.com\\\/hp\\\/?dnr=JBzUWaJfMUw8vbXJJ2tVW5-I3jZKvC4wsoxE&amp;amp;amp;amp;amp;amp;trk=nav_responsive_tab_home\",\"https:\\\/\\\/www.youtube.com\\\/channel\\\/UCxL0wu1uN0_3_7hGG0306cw\"]},{\"@type\":\"Person\",\"@id\":\"https:\\\/\\\/www.bellunopress.it\\\/#\\\/schema\\\/person\\\/79bb06722b37ece1c03d3e94beb30d73\",\"name\":\"redazione\",\"image\":{\"@type\":\"ImageObject\",\"inLanguage\":\"fr-FR\",\"@id\":\"https:\\\/\\\/secure.gravatar.com\\\/avatar\\\/37d968a2e67a6fd04c169c4bdef102d0bc5d31b2546345219e348575eb80e9a0?s=96&d=mm&r=g\",\"url\":\"https:\\\/\\\/secure.gravatar.com\\\/avatar\\\/37d968a2e67a6fd04c169c4bdef102d0bc5d31b2546345219e348575eb80e9a0?s=96&d=mm&r=g\",\"contentUrl\":\"https:\\\/\\\/secure.gravatar.com\\\/avatar\\\/37d968a2e67a6fd04c169c4bdef102d0bc5d31b2546345219e348575eb80e9a0?s=96&d=mm&r=g\",\"caption\":\"redazione\"},\"sameAs\":[\"http:\\\/\\\/www.bellunopress.it\",\"https:\\\/\\\/x.com\\\/bellunopress\"],\"url\":\"https:\\\/\\\/www.bellunopress.it\\\/fr\\\/author\\\/redazione\\\/\"}]}<\/script>\n<!-- \/ Yoast SEO plugin. -->","yoast_head_json":{"title":"Venas: un depuratore fognario ed un parcheggio auto a 8 metri dalla ciclabile. La protesta degli Amici della bicicletta - Bellunopress - Dolomiti","robots":{"index":"index","follow":"follow","max-snippet":"max-snippet:-1","max-image-preview":"max-image-preview:large","max-video-preview":"max-video-preview:-1"},"canonical":"https:\/\/www.bellunopress.it\/fr\/2012\/11\/08\/venas-un-depuratore-fognario-ed-un-parcheggio-auto-a-8-metri-dalla-ciclabile-la-protesta-degli-amici-della-bicicletta\/","og_locale":"fr_FR","og_type":"article","og_title":"Venas: un depuratore fognario ed un parcheggio auto a 8 metri dalla ciclabile. La protesta degli Amici della bicicletta - Bellunopress - Dolomiti","og_description":"Da mesi la frazione di Ven\u00e0s in comune di Valle di Cadore \u00e8 in subbuglio per la decisione del Comune di realizzare un depuratore a pochissimi metri dalla ciclabile, a 15 metri dal campetto di calcio usato dai ragazzi e a poche decine di metri dalle case e dalla nuova struttura alberghiera di Venas, nell&#8217;unica [&hellip;]","og_url":"https:\/\/www.bellunopress.it\/fr\/2012\/11\/08\/venas-un-depuratore-fognario-ed-un-parcheggio-auto-a-8-metri-dalla-ciclabile-la-protesta-degli-amici-della-bicicletta\/","og_site_name":"Bellunopress - Dolomiti","article_publisher":"https:\/\/www.facebook.com\/profile.php?id=100008943462799","article_published_time":"2012-11-08T09:55:41+00:00","og_image":[{"url":"http:\/\/www.bellunopress.it\/wp-content\/uploads\/2012\/02\/amici-della-bicicletta.jpg","type":"","width":"","height":""}],"author":"redazione","twitter_card":"summary_large_image","twitter_creator":"@bellunopress","twitter_site":"@bellunopress","twitter_misc":{"\u00c9crit par":"redazione","Dur\u00e9e de lecture estim\u00e9e":"2 minutes"},"schema":{"@context":"https:\/\/schema.org","@graph":[{"@type":"Article","@id":"https:\/\/www.bellunopress.it\/2012\/11\/08\/venas-un-depuratore-fognario-ed-un-parcheggio-auto-a-8-metri-dalla-ciclabile-la-protesta-degli-amici-della-bicicletta\/#article","isPartOf":{"@id":"https:\/\/www.bellunopress.it\/2012\/11\/08\/venas-un-depuratore-fognario-ed-un-parcheggio-auto-a-8-metri-dalla-ciclabile-la-protesta-degli-amici-della-bicicletta\/"},"author":{"name":"redazione","@id":"https:\/\/www.bellunopress.it\/#\/schema\/person\/79bb06722b37ece1c03d3e94beb30d73"},"headline":"Venas: un depuratore fognario ed un parcheggio auto a 8 metri dalla ciclabile. La protesta degli Amici della bicicletta","datePublished":"2012-11-08T09:55:41+00:00","mainEntityOfPage":{"@id":"https:\/\/www.bellunopress.it\/2012\/11\/08\/venas-un-depuratore-fognario-ed-un-parcheggio-auto-a-8-metri-dalla-ciclabile-la-protesta-degli-amici-della-bicicletta\/"},"wordCount":431,"publisher":{"@id":"https:\/\/www.bellunopress.it\/#organization"},"image":{"@id":"https:\/\/www.bellunopress.it\/2012\/11\/08\/venas-un-depuratore-fognario-ed-un-parcheggio-auto-a-8-metri-dalla-ciclabile-la-protesta-degli-amici-della-bicicletta\/#primaryimage"},"thumbnailUrl":"http:\/\/www.bellunopress.it\/wp-content\/uploads\/2012\/02\/amici-della-bicicletta.jpg","articleSection":["Meteo, natura, ambiente, animali","Prima Pagina"],"inLanguage":"fr-FR"},{"@type":"WebPage","@id":"https:\/\/www.bellunopress.it\/2012\/11\/08\/venas-un-depuratore-fognario-ed-un-parcheggio-auto-a-8-metri-dalla-ciclabile-la-protesta-degli-amici-della-bicicletta\/","url":"https:\/\/www.bellunopress.it\/2012\/11\/08\/venas-un-depuratore-fognario-ed-un-parcheggio-auto-a-8-metri-dalla-ciclabile-la-protesta-degli-amici-della-bicicletta\/","name":"Venas: un depuratore fognario ed un parcheggio auto a 8 metri dalla ciclabile. La protesta degli Amici della bicicletta - Bellunopress - Dolomiti","isPartOf":{"@id":"https:\/\/www.bellunopress.it\/#website"},"primaryImageOfPage":{"@id":"https:\/\/www.bellunopress.it\/2012\/11\/08\/venas-un-depuratore-fognario-ed-un-parcheggio-auto-a-8-metri-dalla-ciclabile-la-protesta-degli-amici-della-bicicletta\/#primaryimage"},"image":{"@id":"https:\/\/www.bellunopress.it\/2012\/11\/08\/venas-un-depuratore-fognario-ed-un-parcheggio-auto-a-8-metri-dalla-ciclabile-la-protesta-degli-amici-della-bicicletta\/#primaryimage"},"thumbnailUrl":"http:\/\/www.bellunopress.it\/wp-content\/uploads\/2012\/02\/amici-della-bicicletta.jpg","datePublished":"2012-11-08T09:55:41+00:00","breadcrumb":{"@id":"https:\/\/www.bellunopress.it\/2012\/11\/08\/venas-un-depuratore-fognario-ed-un-parcheggio-auto-a-8-metri-dalla-ciclabile-la-protesta-degli-amici-della-bicicletta\/#breadcrumb"},"inLanguage":"fr-FR","potentialAction":[{"@type":"ReadAction","target":["https:\/\/www.bellunopress.it\/2012\/11\/08\/venas-un-depuratore-fognario-ed-un-parcheggio-auto-a-8-metri-dalla-ciclabile-la-protesta-degli-amici-della-bicicletta\/"]}]},{"@type":"ImageObject","inLanguage":"fr-FR","@id":"https:\/\/www.bellunopress.it\/2012\/11\/08\/venas-un-depuratore-fognario-ed-un-parcheggio-auto-a-8-metri-dalla-ciclabile-la-protesta-degli-amici-della-bicicletta\/#primaryimage","url":"http:\/\/www.bellunopress.it\/wp-content\/uploads\/2012\/02\/amici-della-bicicletta.jpg","contentUrl":"http:\/\/www.bellunopress.it\/wp-content\/uploads\/2012\/02\/amici-della-bicicletta.jpg"},{"@type":"BreadcrumbList","@id":"https:\/\/www.bellunopress.it\/2012\/11\/08\/venas-un-depuratore-fognario-ed-un-parcheggio-auto-a-8-metri-dalla-ciclabile-la-protesta-degli-amici-della-bicicletta\/#breadcrumb","itemListElement":[{"@type":"ListItem","position":1,"name":"Home","item":"https:\/\/www.bellunopress.it\/"},{"@type":"ListItem","position":2,"name":"Venas: un depuratore fognario ed un parcheggio auto a 8 metri dalla ciclabile. La protesta degli Amici della bicicletta"}]},{"@type":"WebSite","@id":"https:\/\/www.bellunopress.it\/#website","url":"https:\/\/www.bellunopress.it\/","name":"Bellunopress - Dolomiti","description":"e-mail: redazione@bellunopress.it","publisher":{"@id":"https:\/\/www.bellunopress.it\/#organization"},"potentialAction":[{"@type":"SearchAction","target":{"@type":"EntryPoint","urlTemplate":"https:\/\/www.bellunopress.it\/?s={search_term_string}"},"query-input":{"@type":"PropertyValueSpecification","valueRequired":true,"valueName":"search_term_string"}}],"inLanguage":"fr-FR"},{"@type":"Organization","@id":"https:\/\/www.bellunopress.it\/#organization","name":"Bellunopress","url":"https:\/\/www.bellunopress.it\/","logo":{"@type":"ImageObject","inLanguage":"fr-FR","@id":"https:\/\/www.bellunopress.it\/#\/schema\/logo\/image\/","url":"https:\/\/www.bellunopress.it\/wp-content\/uploads\/2011\/05\/cropped-logo-bellunopress-.jpg","contentUrl":"https:\/\/www.bellunopress.it\/wp-content\/uploads\/2011\/05\/cropped-logo-bellunopress-.jpg","width":512,"height":512,"caption":"Bellunopress"},"image":{"@id":"https:\/\/www.bellunopress.it\/#\/schema\/logo\/image\/"},"sameAs":["https:\/\/www.facebook.com\/profile.php?id=100008943462799","https:\/\/x.com\/bellunopress","https:\/\/www.linkedin.com\/hp\/?dnr=JBzUWaJfMUw8vbXJJ2tVW5-I3jZKvC4wsoxE&amp;amp;amp;amp;amp;amp;trk=nav_responsive_tab_home","https:\/\/www.youtube.com\/channel\/UCxL0wu1uN0_3_7hGG0306cw"]},{"@type":"Person","@id":"https:\/\/www.bellunopress.it\/#\/schema\/person\/79bb06722b37ece1c03d3e94beb30d73","name":"r\u00e9daction","image":{"@type":"ImageObject","inLanguage":"fr-FR","@id":"https:\/\/secure.gravatar.com\/avatar\/37d968a2e67a6fd04c169c4bdef102d0bc5d31b2546345219e348575eb80e9a0?s=96&d=mm&r=g","url":"https:\/\/secure.gravatar.com\/avatar\/37d968a2e67a6fd04c169c4bdef102d0bc5d31b2546345219e348575eb80e9a0?s=96&d=mm&r=g","contentUrl":"https:\/\/secure.gravatar.com\/avatar\/37d968a2e67a6fd04c169c4bdef102d0bc5d31b2546345219e348575eb80e9a0?s=96&d=mm&r=g","caption":"redazione"},"sameAs":["http:\/\/www.bellunopress.it","https:\/\/x.com\/bellunopress"],"url":"https:\/\/www.bellunopress.it\/fr\/author\/redazione\/"}]}},"_links":{"self":[{"href":"https:\/\/www.bellunopress.it\/fr\/wp-json\/wp\/v2\/posts\/43716","targetHints":{"allow":["GET"]}}],"collection":[{"href":"https:\/\/www.bellunopress.it\/fr\/wp-json\/wp\/v2\/posts"}],"about":[{"href":"https:\/\/www.bellunopress.it\/fr\/wp-json\/wp\/v2\/types\/post"}],"author":[{"embeddable":true,"href":"https:\/\/www.bellunopress.it\/fr\/wp-json\/wp\/v2\/users\/2"}],"replies":[{"embeddable":true,"href":"https:\/\/www.bellunopress.it\/fr\/wp-json\/wp\/v2\/comments?post=43716"}],"version-history":[{"count":2,"href":"https:\/\/www.bellunopress.it\/fr\/wp-json\/wp\/v2\/posts\/43716\/revisions"}],"predecessor-version":[{"id":43718,"href":"https:\/\/www.bellunopress.it\/fr\/wp-json\/wp\/v2\/posts\/43716\/revisions\/43718"}],"wp:attachment":[{"href":"https:\/\/www.bellunopress.it\/fr\/wp-json\/wp\/v2\/media?parent=43716"}],"wp:term":[{"taxonomy":"category","embeddable":true,"href":"https:\/\/www.bellunopress.it\/fr\/wp-json\/wp\/v2\/categories?post=43716"},{"taxonomy":"post_tag","embeddable":true,"href":"https:\/\/www.bellunopress.it\/fr\/wp-json\/wp\/v2\/tags?post=43716"}],"curies":[{"name":"wp","href":"https:\/\/api.w.org\/{rel}","templated":true}]}}