{"id":43712,"date":"2012-11-07T09:48:47","date_gmt":"2012-11-07T08:48:47","guid":{"rendered":"http:\/\/www.bellunopress.it\/?p=43712"},"modified":"2012-11-09T19:31:29","modified_gmt":"2012-11-09T18:31:29","slug":"legno-naturale-e-legno-antropico-venerdi-a-belluno-un-convegno-sullevoluzione-del-legno","status":"publish","type":"post","link":"https:\/\/www.bellunopress.it\/fr\/2012\/11\/07\/legno-naturale-e-legno-antropico-venerdi-a-belluno-un-convegno-sullevoluzione-del-legno\/","title":{"rendered":"Legno naturale e legno antropico. venerd\u00ec a Belluno un convegno sull\u2019evoluzione del legno"},"content":{"rendered":"<p>Si terr\u00e0 venerd\u00ec 9 novembre 2012 alle ore 14.30 nella Sala Teatro Giovanni XXIII del Centro Congressi in Piazza Piloni a Belluno, il convegno dal titolo: \u201cDal legno naturale alla sua evoluzione nell\u2019ambiente costruito\u201d.<\/p>\n<p>Il legno \u00e8 una delle principali risorse naturali del territorio bellunese ed \u00e8 una vera e propria ricchezza anche per le caratteristiche lo contraddistinguono: bellezza, versatilit\u00e0, solidit\u00e0 e soprattutto sostenibilit\u00e0. E\u2019 quindi un materiale principe per il settore delle costruzioni che sempre pi\u00f9 sta evolvendo attraverso la ridefinizione dei canoni legati alla sensibilit\u00e0 paesaggistica, alla tutela del territorio e al design funzionale.<\/p>\n<p>Questo convegno ha lo scopo di presentare e approfondire l\u2019evoluzione non solo di un materiale, e dei prodotti ad esso collegati, quanto di una cultura costruttiva e architettonica sempre pi\u00f9 attenta alla contaminazione con il design e l\u2019arte.<\/p>\n<p>Il Convegno, organizzato dalla Sezione Industrie del Legno di Confindustria Belluno Dolomiti, si tiene infatti nella cornice dell\u2019Ex Tempore \u201cInternazionale di scultura su legno\u201d, che si svolge nell\u2019ambito dei festeggiamenti in onore di San Martino patrono di Belluno.<\/p>\n<p>Nell\u2019occasione verr\u00e0 presentato il progetto \u201cIl legno della provincia di Belluno: un\u2019opera d\u2019arte realizzata dalla natura e dall\u2019uomo\u201d, realizzato anche col contributo della locale Camera di Commercio. Si tratta\u00a0 di un progetto innovativo che, grazie alla partecipazione di gran parte delle imprese associate, ha l\u2019obiettivo di comunicare la cultura delle nostre produzioni in legno e che promuove la conoscenza dei fattori di unicit\u00e0, fondati sulla conoscenza del prodotto stesso, del processo e del contesto che genera valore.<\/p>\n<p>Per informazioni e per partecipare all\u2019incontro, contattare la Segreteria della Sezione Industrie del Legno: cseu@assind.bl.it<\/p>\n<p>Programma<\/p>\n<p>Ore 14.30 Apertura lavori<\/p>\n<p>Introduzione \u201cIL LEGNO, L\u2019ANELLO DI CONGIUNZIONE IDEALE FRA AMBIENTE NATURALE E COSTRUITO\u201d.<\/p>\n<p>Arch. Sonia Maritan<\/p>\n<p>Proiezione video \u201cIl legno della provincia di Belluno: un\u2019opera d\u2019arte realizzata dalla natura e dall\u2019uomo\u201d. Confindustria Belluno Dolomiti<\/p>\n<p>Relazioni<\/p>\n<p>La materia prima \u201cDAL TAGLIO DEL BOSCO ALLA CERTIFICAZIONE DELLA FILIERA, FINO ALLA COSTRUZIONE\u201d.<\/p>\n<p>Dott. Antonio Brunori Direttore PEFC Italia<\/p>\n<p>Il semilavorato \u201cSCELTA DELLA SPECIE LEGNOSA IN RELAZIONE AL MANUFATTO, SUA LAVORAZIONE E CERTIFICAZIONE\u201d. Dott. For. Andrea Zenari<\/p>\n<p>Il materiale strutturale \u201cIL PROGETTO E I MATERIALI ECOLOGICI: REALIZZAZIONI E PERFOMANCE DEL LEGNO INGEGNERIZZATO\u201d.<\/p>\n<p>Arch. Massimo Facchinetti<\/p>\n<p>La finitura interna \u201cIL DESIGN LIGNEO: SERRAMENTI, PAVIMENTI E SCALE, ESEMPI DI REALIZZAZIONI E IL LORO APPROCCIO CON L\u2019ARREDAMENTO\u201d.<\/p>\n<p>Arch. Cinzia Russo<\/p>\n<p>Ore 17.30 Chiusura lavori<\/p>","protected":false},"excerpt":{"rendered":"<p>Si terr\u00e0 venerd\u00ec 9 novembre 2012 alle ore 14.30 nella Sala Teatro Giovanni XXIII del Centro Congressi in Piazza Piloni a Belluno, il convegno dal titolo: \u201cDal legno naturale alla sua evoluzione nell\u2019ambiente costruito\u201d. Il legno \u00e8 una delle principali risorse naturali del territorio bellunese ed \u00e8 una vera e propria ricchezza anche per le [&hellip;]<\/p>\n","protected":false},"author":2,"featured_media":0,"comment_status":"closed","ping_status":"open","sticky":false,"template":"","format":"standard","meta":{"footnotes":""},"categories":[27,36,25],"tags":[],"class_list":["post-43712","post","type-post","status-publish","format-standard","category-appuntamenti","category-lavoro-economia","category-pausa-caffe"],"yoast_head":"<!-- This site is optimized with the Yoast SEO plugin v28.4 - https:\/\/yoast.com\/product\/yoast-seo-wordpress\/ -->\n<title>Legno naturale e legno antropico. venerd\u00ec a Belluno un convegno sull\u2019evoluzione del legno - Bellunopress - Dolomiti<\/title>\n<meta name=\"robots\" content=\"index, follow, max-snippet:-1, max-image-preview:large, max-video-preview:-1\" \/>\n<link rel=\"canonical\" href=\"https:\/\/www.bellunopress.it\/fr\/2012\/11\/07\/legno-naturale-e-legno-antropico-venerdi-a-belluno-un-convegno-sullevoluzione-del-legno\/\" \/>\n<meta property=\"og:locale\" content=\"fr_FR\" \/>\n<meta property=\"og:type\" content=\"article\" \/>\n<meta property=\"og:title\" content=\"Legno naturale e legno antropico. venerd\u00ec a Belluno un convegno sull\u2019evoluzione del legno - Bellunopress - Dolomiti\" \/>\n<meta property=\"og:description\" content=\"Si terr\u00e0 venerd\u00ec 9 novembre 2012 alle ore 14.30 nella Sala Teatro Giovanni XXIII del Centro Congressi in Piazza Piloni a Belluno, il convegno dal titolo: \u201cDal legno naturale alla sua evoluzione nell\u2019ambiente costruito\u201d. Il legno \u00e8 una delle principali risorse naturali del territorio bellunese ed \u00e8 una vera e propria ricchezza anche per le [&hellip;]\" \/>\n<meta property=\"og:url\" content=\"https:\/\/www.bellunopress.it\/fr\/2012\/11\/07\/legno-naturale-e-legno-antropico-venerdi-a-belluno-un-convegno-sullevoluzione-del-legno\/\" \/>\n<meta property=\"og:site_name\" content=\"Bellunopress - Dolomiti\" \/>\n<meta property=\"article:publisher\" content=\"https:\/\/www.facebook.com\/profile.php?id=100008943462799\" \/>\n<meta property=\"article:published_time\" content=\"2012-11-07T08:48:47+00:00\" \/>\n<meta property=\"article:modified_time\" content=\"2012-11-09T18:31:29+00:00\" \/>\n<meta property=\"og:image\" content=\"http:\/\/www.bellunopress.it\/wp-content\/uploads\/2012\/07\/logo-bellunopress-250x250-2012.jpg\" \/>\n<meta name=\"author\" content=\"redazione\" \/>\n<meta name=\"twitter:card\" content=\"summary_large_image\" \/>\n<meta name=\"twitter:creator\" content=\"@bellunopress\" \/>\n<meta name=\"twitter:site\" content=\"@bellunopress\" \/>\n<meta name=\"twitter:label1\" content=\"\u00c9crit par\" \/>\n\t<meta name=\"twitter:data1\" content=\"redazione\" \/>\n\t<meta name=\"twitter:label2\" content=\"Dur\u00e9e de lecture estim\u00e9e\" \/>\n\t<meta name=\"twitter:data2\" content=\"2 minutes\" \/>\n<script type=\"application\/ld+json\" class=\"yoast-schema-graph\">{\"@context\":\"https:\\\/\\\/schema.org\",\"@graph\":[{\"@type\":\"Article\",\"@id\":\"https:\\\/\\\/www.bellunopress.it\\\/2012\\\/11\\\/07\\\/legno-naturale-e-legno-antropico-venerdi-a-belluno-un-convegno-sullevoluzione-del-legno\\\/#article\",\"isPartOf\":{\"@id\":\"https:\\\/\\\/www.bellunopress.it\\\/2012\\\/11\\\/07\\\/legno-naturale-e-legno-antropico-venerdi-a-belluno-un-convegno-sullevoluzione-del-legno\\\/\"},\"author\":{\"name\":\"redazione\",\"@id\":\"https:\\\/\\\/www.bellunopress.it\\\/#\\\/schema\\\/person\\\/79bb06722b37ece1c03d3e94beb30d73\"},\"headline\":\"Legno naturale e legno antropico. venerd\u00ec a Belluno un convegno sull\u2019evoluzione del legno\",\"datePublished\":\"2012-11-07T08:48:47+00:00\",\"dateModified\":\"2012-11-09T18:31:29+00:00\",\"mainEntityOfPage\":{\"@id\":\"https:\\\/\\\/www.bellunopress.it\\\/2012\\\/11\\\/07\\\/legno-naturale-e-legno-antropico-venerdi-a-belluno-un-convegno-sullevoluzione-del-legno\\\/\"},\"wordCount\":411,\"publisher\":{\"@id\":\"https:\\\/\\\/www.bellunopress.it\\\/#organization\"},\"articleSection\":[\"Appuntamenti, Eventi\",\"Lavoro, Economia, Turismo\",\"Pausa Caff\u00e8\"],\"inLanguage\":\"fr-FR\"},{\"@type\":\"WebPage\",\"@id\":\"https:\\\/\\\/www.bellunopress.it\\\/2012\\\/11\\\/07\\\/legno-naturale-e-legno-antropico-venerdi-a-belluno-un-convegno-sullevoluzione-del-legno\\\/\",\"url\":\"https:\\\/\\\/www.bellunopress.it\\\/2012\\\/11\\\/07\\\/legno-naturale-e-legno-antropico-venerdi-a-belluno-un-convegno-sullevoluzione-del-legno\\\/\",\"name\":\"Legno naturale e legno antropico. venerd\u00ec a Belluno un convegno sull\u2019evoluzione del legno - Bellunopress - Dolomiti\",\"isPartOf\":{\"@id\":\"https:\\\/\\\/www.bellunopress.it\\\/#website\"},\"datePublished\":\"2012-11-07T08:48:47+00:00\",\"dateModified\":\"2012-11-09T18:31:29+00:00\",\"breadcrumb\":{\"@id\":\"https:\\\/\\\/www.bellunopress.it\\\/2012\\\/11\\\/07\\\/legno-naturale-e-legno-antropico-venerdi-a-belluno-un-convegno-sullevoluzione-del-legno\\\/#breadcrumb\"},\"inLanguage\":\"fr-FR\",\"potentialAction\":[{\"@type\":\"ReadAction\",\"target\":[\"https:\\\/\\\/www.bellunopress.it\\\/2012\\\/11\\\/07\\\/legno-naturale-e-legno-antropico-venerdi-a-belluno-un-convegno-sullevoluzione-del-legno\\\/\"]}]},{\"@type\":\"BreadcrumbList\",\"@id\":\"https:\\\/\\\/www.bellunopress.it\\\/2012\\\/11\\\/07\\\/legno-naturale-e-legno-antropico-venerdi-a-belluno-un-convegno-sullevoluzione-del-legno\\\/#breadcrumb\",\"itemListElement\":[{\"@type\":\"ListItem\",\"position\":1,\"name\":\"Home\",\"item\":\"https:\\\/\\\/www.bellunopress.it\\\/\"},{\"@type\":\"ListItem\",\"position\":2,\"name\":\"Legno naturale e legno antropico. venerd\u00ec a Belluno un convegno sull\u2019evoluzione del legno\"}]},{\"@type\":\"WebSite\",\"@id\":\"https:\\\/\\\/www.bellunopress.it\\\/#website\",\"url\":\"https:\\\/\\\/www.bellunopress.it\\\/\",\"name\":\"Bellunopress - Dolomiti\",\"description\":\"e-mail: redazione@bellunopress.it\",\"publisher\":{\"@id\":\"https:\\\/\\\/www.bellunopress.it\\\/#organization\"},\"potentialAction\":[{\"@type\":\"SearchAction\",\"target\":{\"@type\":\"EntryPoint\",\"urlTemplate\":\"https:\\\/\\\/www.bellunopress.it\\\/?s={search_term_string}\"},\"query-input\":{\"@type\":\"PropertyValueSpecification\",\"valueRequired\":true,\"valueName\":\"search_term_string\"}}],\"inLanguage\":\"fr-FR\"},{\"@type\":\"Organization\",\"@id\":\"https:\\\/\\\/www.bellunopress.it\\\/#organization\",\"name\":\"Bellunopress\",\"url\":\"https:\\\/\\\/www.bellunopress.it\\\/\",\"logo\":{\"@type\":\"ImageObject\",\"inLanguage\":\"fr-FR\",\"@id\":\"https:\\\/\\\/www.bellunopress.it\\\/#\\\/schema\\\/logo\\\/image\\\/\",\"url\":\"https:\\\/\\\/www.bellunopress.it\\\/wp-content\\\/uploads\\\/2011\\\/05\\\/cropped-logo-bellunopress-.jpg\",\"contentUrl\":\"https:\\\/\\\/www.bellunopress.it\\\/wp-content\\\/uploads\\\/2011\\\/05\\\/cropped-logo-bellunopress-.jpg\",\"width\":512,\"height\":512,\"caption\":\"Bellunopress\"},\"image\":{\"@id\":\"https:\\\/\\\/www.bellunopress.it\\\/#\\\/schema\\\/logo\\\/image\\\/\"},\"sameAs\":[\"https:\\\/\\\/www.facebook.com\\\/profile.php?id=100008943462799\",\"https:\\\/\\\/x.com\\\/bellunopress\",\"https:\\\/\\\/www.linkedin.com\\\/hp\\\/?dnr=JBzUWaJfMUw8vbXJJ2tVW5-I3jZKvC4wsoxE&amp;amp;amp;amp;amp;amp;trk=nav_responsive_tab_home\",\"https:\\\/\\\/www.youtube.com\\\/channel\\\/UCxL0wu1uN0_3_7hGG0306cw\"]},{\"@type\":\"Person\",\"@id\":\"https:\\\/\\\/www.bellunopress.it\\\/#\\\/schema\\\/person\\\/79bb06722b37ece1c03d3e94beb30d73\",\"name\":\"redazione\",\"image\":{\"@type\":\"ImageObject\",\"inLanguage\":\"fr-FR\",\"@id\":\"https:\\\/\\\/secure.gravatar.com\\\/avatar\\\/37d968a2e67a6fd04c169c4bdef102d0bc5d31b2546345219e348575eb80e9a0?s=96&d=mm&r=g\",\"url\":\"https:\\\/\\\/secure.gravatar.com\\\/avatar\\\/37d968a2e67a6fd04c169c4bdef102d0bc5d31b2546345219e348575eb80e9a0?s=96&d=mm&r=g\",\"contentUrl\":\"https:\\\/\\\/secure.gravatar.com\\\/avatar\\\/37d968a2e67a6fd04c169c4bdef102d0bc5d31b2546345219e348575eb80e9a0?s=96&d=mm&r=g\",\"caption\":\"redazione\"},\"sameAs\":[\"http:\\\/\\\/www.bellunopress.it\",\"https:\\\/\\\/x.com\\\/bellunopress\"],\"url\":\"https:\\\/\\\/www.bellunopress.it\\\/fr\\\/author\\\/redazione\\\/\"}]}<\/script>\n<!-- \/ Yoast SEO plugin. -->","yoast_head_json":{"title":"Legno naturale e legno antropico. venerd\u00ec a Belluno un convegno sull\u2019evoluzione del legno - Bellunopress - Dolomiti","robots":{"index":"index","follow":"follow","max-snippet":"max-snippet:-1","max-image-preview":"max-image-preview:large","max-video-preview":"max-video-preview:-1"},"canonical":"https:\/\/www.bellunopress.it\/fr\/2012\/11\/07\/legno-naturale-e-legno-antropico-venerdi-a-belluno-un-convegno-sullevoluzione-del-legno\/","og_locale":"fr_FR","og_type":"article","og_title":"Legno naturale e legno antropico. venerd\u00ec a Belluno un convegno sull\u2019evoluzione del legno - Bellunopress - Dolomiti","og_description":"Si terr\u00e0 venerd\u00ec 9 novembre 2012 alle ore 14.30 nella Sala Teatro Giovanni XXIII del Centro Congressi in Piazza Piloni a Belluno, il convegno dal titolo: \u201cDal legno naturale alla sua evoluzione nell\u2019ambiente costruito\u201d. Il legno \u00e8 una delle principali risorse naturali del territorio bellunese ed \u00e8 una vera e propria ricchezza anche per le [&hellip;]","og_url":"https:\/\/www.bellunopress.it\/fr\/2012\/11\/07\/legno-naturale-e-legno-antropico-venerdi-a-belluno-un-convegno-sullevoluzione-del-legno\/","og_site_name":"Bellunopress - Dolomiti","article_publisher":"https:\/\/www.facebook.com\/profile.php?id=100008943462799","article_published_time":"2012-11-07T08:48:47+00:00","article_modified_time":"2012-11-09T18:31:29+00:00","og_image":[{"url":"http:\/\/www.bellunopress.it\/wp-content\/uploads\/2012\/07\/logo-bellunopress-250x250-2012.jpg","type":"","width":"","height":""}],"author":"redazione","twitter_card":"summary_large_image","twitter_creator":"@bellunopress","twitter_site":"@bellunopress","twitter_misc":{"\u00c9crit par":"redazione","Dur\u00e9e de lecture estim\u00e9e":"2 minutes"},"schema":{"@context":"https:\/\/schema.org","@graph":[{"@type":"Article","@id":"https:\/\/www.bellunopress.it\/2012\/11\/07\/legno-naturale-e-legno-antropico-venerdi-a-belluno-un-convegno-sullevoluzione-del-legno\/#article","isPartOf":{"@id":"https:\/\/www.bellunopress.it\/2012\/11\/07\/legno-naturale-e-legno-antropico-venerdi-a-belluno-un-convegno-sullevoluzione-del-legno\/"},"author":{"name":"redazione","@id":"https:\/\/www.bellunopress.it\/#\/schema\/person\/79bb06722b37ece1c03d3e94beb30d73"},"headline":"Legno naturale e legno antropico. venerd\u00ec a Belluno un convegno sull\u2019evoluzione del legno","datePublished":"2012-11-07T08:48:47+00:00","dateModified":"2012-11-09T18:31:29+00:00","mainEntityOfPage":{"@id":"https:\/\/www.bellunopress.it\/2012\/11\/07\/legno-naturale-e-legno-antropico-venerdi-a-belluno-un-convegno-sullevoluzione-del-legno\/"},"wordCount":411,"publisher":{"@id":"https:\/\/www.bellunopress.it\/#organization"},"articleSection":["Appuntamenti, Eventi","Lavoro, Economia, Turismo","Pausa Caff\u00e8"],"inLanguage":"fr-FR"},{"@type":"WebPage","@id":"https:\/\/www.bellunopress.it\/2012\/11\/07\/legno-naturale-e-legno-antropico-venerdi-a-belluno-un-convegno-sullevoluzione-del-legno\/","url":"https:\/\/www.bellunopress.it\/2012\/11\/07\/legno-naturale-e-legno-antropico-venerdi-a-belluno-un-convegno-sullevoluzione-del-legno\/","name":"Legno naturale e legno antropico. venerd\u00ec a Belluno un convegno sull\u2019evoluzione del legno - Bellunopress - Dolomiti","isPartOf":{"@id":"https:\/\/www.bellunopress.it\/#website"},"datePublished":"2012-11-07T08:48:47+00:00","dateModified":"2012-11-09T18:31:29+00:00","breadcrumb":{"@id":"https:\/\/www.bellunopress.it\/2012\/11\/07\/legno-naturale-e-legno-antropico-venerdi-a-belluno-un-convegno-sullevoluzione-del-legno\/#breadcrumb"},"inLanguage":"fr-FR","potentialAction":[{"@type":"ReadAction","target":["https:\/\/www.bellunopress.it\/2012\/11\/07\/legno-naturale-e-legno-antropico-venerdi-a-belluno-un-convegno-sullevoluzione-del-legno\/"]}]},{"@type":"BreadcrumbList","@id":"https:\/\/www.bellunopress.it\/2012\/11\/07\/legno-naturale-e-legno-antropico-venerdi-a-belluno-un-convegno-sullevoluzione-del-legno\/#breadcrumb","itemListElement":[{"@type":"ListItem","position":1,"name":"Home","item":"https:\/\/www.bellunopress.it\/"},{"@type":"ListItem","position":2,"name":"Legno naturale e legno antropico. venerd\u00ec a Belluno un convegno sull\u2019evoluzione del legno"}]},{"@type":"WebSite","@id":"https:\/\/www.bellunopress.it\/#website","url":"https:\/\/www.bellunopress.it\/","name":"Bellunopress - Dolomiti","description":"e-mail: redazione@bellunopress.it","publisher":{"@id":"https:\/\/www.bellunopress.it\/#organization"},"potentialAction":[{"@type":"SearchAction","target":{"@type":"EntryPoint","urlTemplate":"https:\/\/www.bellunopress.it\/?s={search_term_string}"},"query-input":{"@type":"PropertyValueSpecification","valueRequired":true,"valueName":"search_term_string"}}],"inLanguage":"fr-FR"},{"@type":"Organization","@id":"https:\/\/www.bellunopress.it\/#organization","name":"Bellunopress","url":"https:\/\/www.bellunopress.it\/","logo":{"@type":"ImageObject","inLanguage":"fr-FR","@id":"https:\/\/www.bellunopress.it\/#\/schema\/logo\/image\/","url":"https:\/\/www.bellunopress.it\/wp-content\/uploads\/2011\/05\/cropped-logo-bellunopress-.jpg","contentUrl":"https:\/\/www.bellunopress.it\/wp-content\/uploads\/2011\/05\/cropped-logo-bellunopress-.jpg","width":512,"height":512,"caption":"Bellunopress"},"image":{"@id":"https:\/\/www.bellunopress.it\/#\/schema\/logo\/image\/"},"sameAs":["https:\/\/www.facebook.com\/profile.php?id=100008943462799","https:\/\/x.com\/bellunopress","https:\/\/www.linkedin.com\/hp\/?dnr=JBzUWaJfMUw8vbXJJ2tVW5-I3jZKvC4wsoxE&amp;amp;amp;amp;amp;amp;trk=nav_responsive_tab_home","https:\/\/www.youtube.com\/channel\/UCxL0wu1uN0_3_7hGG0306cw"]},{"@type":"Person","@id":"https:\/\/www.bellunopress.it\/#\/schema\/person\/79bb06722b37ece1c03d3e94beb30d73","name":"r\u00e9daction","image":{"@type":"ImageObject","inLanguage":"fr-FR","@id":"https:\/\/secure.gravatar.com\/avatar\/37d968a2e67a6fd04c169c4bdef102d0bc5d31b2546345219e348575eb80e9a0?s=96&d=mm&r=g","url":"https:\/\/secure.gravatar.com\/avatar\/37d968a2e67a6fd04c169c4bdef102d0bc5d31b2546345219e348575eb80e9a0?s=96&d=mm&r=g","contentUrl":"https:\/\/secure.gravatar.com\/avatar\/37d968a2e67a6fd04c169c4bdef102d0bc5d31b2546345219e348575eb80e9a0?s=96&d=mm&r=g","caption":"redazione"},"sameAs":["http:\/\/www.bellunopress.it","https:\/\/x.com\/bellunopress"],"url":"https:\/\/www.bellunopress.it\/fr\/author\/redazione\/"}]}},"_links":{"self":[{"href":"https:\/\/www.bellunopress.it\/fr\/wp-json\/wp\/v2\/posts\/43712","targetHints":{"allow":["GET"]}}],"collection":[{"href":"https:\/\/www.bellunopress.it\/fr\/wp-json\/wp\/v2\/posts"}],"about":[{"href":"https:\/\/www.bellunopress.it\/fr\/wp-json\/wp\/v2\/types\/post"}],"author":[{"embeddable":true,"href":"https:\/\/www.bellunopress.it\/fr\/wp-json\/wp\/v2\/users\/2"}],"replies":[{"embeddable":true,"href":"https:\/\/www.bellunopress.it\/fr\/wp-json\/wp\/v2\/comments?post=43712"}],"version-history":[{"count":2,"href":"https:\/\/www.bellunopress.it\/fr\/wp-json\/wp\/v2\/posts\/43712\/revisions"}],"predecessor-version":[{"id":43748,"href":"https:\/\/www.bellunopress.it\/fr\/wp-json\/wp\/v2\/posts\/43712\/revisions\/43748"}],"wp:attachment":[{"href":"https:\/\/www.bellunopress.it\/fr\/wp-json\/wp\/v2\/media?parent=43712"}],"wp:term":[{"taxonomy":"category","embeddable":true,"href":"https:\/\/www.bellunopress.it\/fr\/wp-json\/wp\/v2\/categories?post=43712"},{"taxonomy":"post_tag","embeddable":true,"href":"https:\/\/www.bellunopress.it\/fr\/wp-json\/wp\/v2\/tags?post=43712"}],"curies":[{"name":"wp","href":"https:\/\/api.w.org\/{rel}","templated":true}]}}