{"id":43684,"date":"2012-11-07T12:32:31","date_gmt":"2012-11-07T11:32:31","guid":{"rendered":"http:\/\/www.bellunopress.it\/?p=43684"},"modified":"2012-11-07T12:32:31","modified_gmt":"2012-11-07T11:32:31","slug":"primarie-del-centrodestra-se-ne-discute-giovedi-sera-a-feltre-per-il-ciclo-i-giovedi-di-belluno-protagonista","status":"publish","type":"post","link":"https:\/\/www.bellunopress.it\/fr\/2012\/11\/07\/primarie-del-centrodestra-se-ne-discute-giovedi-sera-a-feltre-per-il-ciclo-i-giovedi-di-belluno-protagonista\/","title":{"rendered":"Primarie del centrodestra. Se ne discute gioved\u00ec sera a Feltre per il ciclo  \u201cI gioved\u00ec di Belluno Protagonista\u201d"},"content":{"rendered":"<p><a href=\"http:\/\/www.bellunopress.it\/wp-content\/uploads\/2012\/02\/belluno-protagonista-140x140.jpg\"><img loading=\"lazy\" decoding=\"async\" class=\"alignleft size-full wp-image-35484\" title=\"belluno protagonista 140x140\" src=\"http:\/\/www.bellunopress.it\/wp-content\/uploads\/2012\/02\/belluno-protagonista-140x140.jpg\" alt=\"\" width=\"140\" height=\"140\" \/><\/a>Si svolger\u00e0 domani, gioved\u00ec 8 novembre a Feltre (ore 20.00 presso il ristorante &#8220;La Casona&#8221;), il primo degli appuntamenti intitolati \u201cIncontri tra la gente &#8211; Per parlare ma soprattutto per ascoltare organizzati da Belluno Protagonista. In questo primo gioved\u00ec verr\u00e0 approfondito il tema relativo alle primarie del centrodestra oltre ad altri argomenti di natura amministrativa.<\/p>\n<p>L\u2019appuntamento successivo sar\u00e0 invece gioved\u00ec 15 novembre p.v. a S. Nicol\u00f2 &#8211; Comelico (ore 18.30 presso il bar &#8220;Giotti&#8221;): in questa seconda serata si approfondir\u00e0 il tema dello spopolamento della montagna e delle difficolt\u00e0 di una zona senza aiuti e per giunta accerchiata da territori pieni di privilegi. Giovedi\u2019 22 novembre p.v. il terzo incontro a Puos d\u2019Alpago (ore 20.00 Albergo \u201cAlpago\u201d) per parlare dei tagli governativi alla spesa negli enti locali, delle conseguenze relative all&#8217;accorpamento delle province e dell&#8217;opportunit\u00e0 di valutare forme di aggregazione tra comuni:.<\/p>\n<p>\u201cCon questi incontri &#8211; evidenzia Michele Carbogno &#8211; avviamo un contatto diretto con i cittadini delle nostre vallate, nella speranza di raccogliere attraverso il dialogo gli elementi positivi su cui fondare alcune proposte di rilancio del territorio\u201d.<\/p>\n<p>In via di programmazione le successive serate, tra cui l\u2019appuntamento di chiusura previsto in dicembre a Belluno citt\u00e0.<\/p>","protected":false},"excerpt":{"rendered":"<p>Si svolger\u00e0 domani, gioved\u00ec 8 novembre a Feltre (ore 20.00 presso il ristorante &#8220;La Casona&#8221;), il primo degli appuntamenti intitolati \u201cIncontri tra la gente &#8211; Per parlare ma soprattutto per ascoltare organizzati da Belluno Protagonista. In questo primo gioved\u00ec verr\u00e0 approfondito il tema relativo alle primarie del centrodestra oltre ad altri argomenti di natura amministrativa. [&hellip;]<\/p>\n","protected":false},"author":2,"featured_media":0,"comment_status":"closed","ping_status":"open","sticky":false,"template":"","format":"standard","meta":{"footnotes":""},"categories":[27,26],"tags":[],"class_list":["post-43684","post","type-post","status-publish","format-standard","category-appuntamenti","category-prima-pagina"],"yoast_head":"<!-- This site is optimized with the Yoast SEO plugin v28.4 - https:\/\/yoast.com\/product\/yoast-seo-wordpress\/ -->\n<title>Primarie del centrodestra. Se ne discute gioved\u00ec sera a Feltre per il ciclo \u201cI gioved\u00ec di Belluno Protagonista\u201d - Bellunopress - Dolomiti<\/title>\n<meta name=\"robots\" content=\"index, follow, max-snippet:-1, max-image-preview:large, max-video-preview:-1\" \/>\n<link rel=\"canonical\" href=\"https:\/\/www.bellunopress.it\/fr\/2012\/11\/07\/primarie-del-centrodestra-se-ne-discute-giovedi-sera-a-feltre-per-il-ciclo-i-giovedi-di-belluno-protagonista\/\" \/>\n<meta property=\"og:locale\" content=\"fr_FR\" \/>\n<meta property=\"og:type\" content=\"article\" \/>\n<meta property=\"og:title\" content=\"Primarie del centrodestra. Se ne discute gioved\u00ec sera a Feltre per il ciclo \u201cI gioved\u00ec di Belluno Protagonista\u201d - Bellunopress - Dolomiti\" \/>\n<meta property=\"og:description\" content=\"Si svolger\u00e0 domani, gioved\u00ec 8 novembre a Feltre (ore 20.00 presso il ristorante &#8220;La Casona&#8221;), il primo degli appuntamenti intitolati \u201cIncontri tra la gente &#8211; Per parlare ma soprattutto per ascoltare organizzati da Belluno Protagonista. In questo primo gioved\u00ec verr\u00e0 approfondito il tema relativo alle primarie del centrodestra oltre ad altri argomenti di natura amministrativa. [&hellip;]\" \/>\n<meta property=\"og:url\" content=\"https:\/\/www.bellunopress.it\/fr\/2012\/11\/07\/primarie-del-centrodestra-se-ne-discute-giovedi-sera-a-feltre-per-il-ciclo-i-giovedi-di-belluno-protagonista\/\" \/>\n<meta property=\"og:site_name\" content=\"Bellunopress - Dolomiti\" \/>\n<meta property=\"article:publisher\" content=\"https:\/\/www.facebook.com\/profile.php?id=100008943462799\" \/>\n<meta property=\"article:published_time\" content=\"2012-11-07T11:32:31+00:00\" \/>\n<meta property=\"og:image\" content=\"http:\/\/www.bellunopress.it\/wp-content\/uploads\/2012\/02\/belluno-protagonista-140x140.jpg\" \/>\n<meta name=\"author\" content=\"redazione\" \/>\n<meta name=\"twitter:card\" content=\"summary_large_image\" \/>\n<meta name=\"twitter:creator\" content=\"@bellunopress\" \/>\n<meta name=\"twitter:site\" content=\"@bellunopress\" \/>\n<meta name=\"twitter:label1\" content=\"\u00c9crit par\" \/>\n\t<meta name=\"twitter:data1\" content=\"redazione\" \/>\n\t<meta name=\"twitter:label2\" content=\"Dur\u00e9e de lecture estim\u00e9e\" \/>\n\t<meta name=\"twitter:data2\" content=\"1 minute\" \/>\n<script type=\"application\/ld+json\" class=\"yoast-schema-graph\">{\"@context\":\"https:\\\/\\\/schema.org\",\"@graph\":[{\"@type\":\"Article\",\"@id\":\"https:\\\/\\\/www.bellunopress.it\\\/2012\\\/11\\\/07\\\/primarie-del-centrodestra-se-ne-discute-giovedi-sera-a-feltre-per-il-ciclo-i-giovedi-di-belluno-protagonista\\\/#article\",\"isPartOf\":{\"@id\":\"https:\\\/\\\/www.bellunopress.it\\\/2012\\\/11\\\/07\\\/primarie-del-centrodestra-se-ne-discute-giovedi-sera-a-feltre-per-il-ciclo-i-giovedi-di-belluno-protagonista\\\/\"},\"author\":{\"name\":\"redazione\",\"@id\":\"https:\\\/\\\/www.bellunopress.it\\\/#\\\/schema\\\/person\\\/79bb06722b37ece1c03d3e94beb30d73\"},\"headline\":\"Primarie del centrodestra. Se ne discute gioved\u00ec sera a Feltre per il ciclo \u201cI gioved\u00ec di Belluno Protagonista\u201d\",\"datePublished\":\"2012-11-07T11:32:31+00:00\",\"mainEntityOfPage\":{\"@id\":\"https:\\\/\\\/www.bellunopress.it\\\/2012\\\/11\\\/07\\\/primarie-del-centrodestra-se-ne-discute-giovedi-sera-a-feltre-per-il-ciclo-i-giovedi-di-belluno-protagonista\\\/\"},\"wordCount\":216,\"publisher\":{\"@id\":\"https:\\\/\\\/www.bellunopress.it\\\/#organization\"},\"image\":{\"@id\":\"https:\\\/\\\/www.bellunopress.it\\\/2012\\\/11\\\/07\\\/primarie-del-centrodestra-se-ne-discute-giovedi-sera-a-feltre-per-il-ciclo-i-giovedi-di-belluno-protagonista\\\/#primaryimage\"},\"thumbnailUrl\":\"http:\\\/\\\/www.bellunopress.it\\\/wp-content\\\/uploads\\\/2012\\\/02\\\/belluno-protagonista-140x140.jpg\",\"articleSection\":[\"Appuntamenti, Eventi\",\"Prima Pagina\"],\"inLanguage\":\"fr-FR\"},{\"@type\":\"WebPage\",\"@id\":\"https:\\\/\\\/www.bellunopress.it\\\/2012\\\/11\\\/07\\\/primarie-del-centrodestra-se-ne-discute-giovedi-sera-a-feltre-per-il-ciclo-i-giovedi-di-belluno-protagonista\\\/\",\"url\":\"https:\\\/\\\/www.bellunopress.it\\\/2012\\\/11\\\/07\\\/primarie-del-centrodestra-se-ne-discute-giovedi-sera-a-feltre-per-il-ciclo-i-giovedi-di-belluno-protagonista\\\/\",\"name\":\"Primarie del centrodestra. Se ne discute gioved\u00ec sera a Feltre per il ciclo \u201cI gioved\u00ec di Belluno Protagonista\u201d - Bellunopress - Dolomiti\",\"isPartOf\":{\"@id\":\"https:\\\/\\\/www.bellunopress.it\\\/#website\"},\"primaryImageOfPage\":{\"@id\":\"https:\\\/\\\/www.bellunopress.it\\\/2012\\\/11\\\/07\\\/primarie-del-centrodestra-se-ne-discute-giovedi-sera-a-feltre-per-il-ciclo-i-giovedi-di-belluno-protagonista\\\/#primaryimage\"},\"image\":{\"@id\":\"https:\\\/\\\/www.bellunopress.it\\\/2012\\\/11\\\/07\\\/primarie-del-centrodestra-se-ne-discute-giovedi-sera-a-feltre-per-il-ciclo-i-giovedi-di-belluno-protagonista\\\/#primaryimage\"},\"thumbnailUrl\":\"http:\\\/\\\/www.bellunopress.it\\\/wp-content\\\/uploads\\\/2012\\\/02\\\/belluno-protagonista-140x140.jpg\",\"datePublished\":\"2012-11-07T11:32:31+00:00\",\"breadcrumb\":{\"@id\":\"https:\\\/\\\/www.bellunopress.it\\\/2012\\\/11\\\/07\\\/primarie-del-centrodestra-se-ne-discute-giovedi-sera-a-feltre-per-il-ciclo-i-giovedi-di-belluno-protagonista\\\/#breadcrumb\"},\"inLanguage\":\"fr-FR\",\"potentialAction\":[{\"@type\":\"ReadAction\",\"target\":[\"https:\\\/\\\/www.bellunopress.it\\\/2012\\\/11\\\/07\\\/primarie-del-centrodestra-se-ne-discute-giovedi-sera-a-feltre-per-il-ciclo-i-giovedi-di-belluno-protagonista\\\/\"]}]},{\"@type\":\"ImageObject\",\"inLanguage\":\"fr-FR\",\"@id\":\"https:\\\/\\\/www.bellunopress.it\\\/2012\\\/11\\\/07\\\/primarie-del-centrodestra-se-ne-discute-giovedi-sera-a-feltre-per-il-ciclo-i-giovedi-di-belluno-protagonista\\\/#primaryimage\",\"url\":\"http:\\\/\\\/www.bellunopress.it\\\/wp-content\\\/uploads\\\/2012\\\/02\\\/belluno-protagonista-140x140.jpg\",\"contentUrl\":\"http:\\\/\\\/www.bellunopress.it\\\/wp-content\\\/uploads\\\/2012\\\/02\\\/belluno-protagonista-140x140.jpg\"},{\"@type\":\"BreadcrumbList\",\"@id\":\"https:\\\/\\\/www.bellunopress.it\\\/2012\\\/11\\\/07\\\/primarie-del-centrodestra-se-ne-discute-giovedi-sera-a-feltre-per-il-ciclo-i-giovedi-di-belluno-protagonista\\\/#breadcrumb\",\"itemListElement\":[{\"@type\":\"ListItem\",\"position\":1,\"name\":\"Home\",\"item\":\"https:\\\/\\\/www.bellunopress.it\\\/\"},{\"@type\":\"ListItem\",\"position\":2,\"name\":\"Primarie del centrodestra. Se ne discute gioved\u00ec sera a Feltre per il ciclo \u201cI gioved\u00ec di Belluno Protagonista\u201d\"}]},{\"@type\":\"WebSite\",\"@id\":\"https:\\\/\\\/www.bellunopress.it\\\/#website\",\"url\":\"https:\\\/\\\/www.bellunopress.it\\\/\",\"name\":\"Bellunopress - Dolomiti\",\"description\":\"e-mail: redazione@bellunopress.it\",\"publisher\":{\"@id\":\"https:\\\/\\\/www.bellunopress.it\\\/#organization\"},\"potentialAction\":[{\"@type\":\"SearchAction\",\"target\":{\"@type\":\"EntryPoint\",\"urlTemplate\":\"https:\\\/\\\/www.bellunopress.it\\\/?s={search_term_string}\"},\"query-input\":{\"@type\":\"PropertyValueSpecification\",\"valueRequired\":true,\"valueName\":\"search_term_string\"}}],\"inLanguage\":\"fr-FR\"},{\"@type\":\"Organization\",\"@id\":\"https:\\\/\\\/www.bellunopress.it\\\/#organization\",\"name\":\"Bellunopress\",\"url\":\"https:\\\/\\\/www.bellunopress.it\\\/\",\"logo\":{\"@type\":\"ImageObject\",\"inLanguage\":\"fr-FR\",\"@id\":\"https:\\\/\\\/www.bellunopress.it\\\/#\\\/schema\\\/logo\\\/image\\\/\",\"url\":\"https:\\\/\\\/www.bellunopress.it\\\/wp-content\\\/uploads\\\/2011\\\/05\\\/cropped-logo-bellunopress-.jpg\",\"contentUrl\":\"https:\\\/\\\/www.bellunopress.it\\\/wp-content\\\/uploads\\\/2011\\\/05\\\/cropped-logo-bellunopress-.jpg\",\"width\":512,\"height\":512,\"caption\":\"Bellunopress\"},\"image\":{\"@id\":\"https:\\\/\\\/www.bellunopress.it\\\/#\\\/schema\\\/logo\\\/image\\\/\"},\"sameAs\":[\"https:\\\/\\\/www.facebook.com\\\/profile.php?id=100008943462799\",\"https:\\\/\\\/x.com\\\/bellunopress\",\"https:\\\/\\\/www.linkedin.com\\\/hp\\\/?dnr=JBzUWaJfMUw8vbXJJ2tVW5-I3jZKvC4wsoxE&amp;amp;amp;amp;amp;amp;trk=nav_responsive_tab_home\",\"https:\\\/\\\/www.youtube.com\\\/channel\\\/UCxL0wu1uN0_3_7hGG0306cw\"]},{\"@type\":\"Person\",\"@id\":\"https:\\\/\\\/www.bellunopress.it\\\/#\\\/schema\\\/person\\\/79bb06722b37ece1c03d3e94beb30d73\",\"name\":\"redazione\",\"image\":{\"@type\":\"ImageObject\",\"inLanguage\":\"fr-FR\",\"@id\":\"https:\\\/\\\/secure.gravatar.com\\\/avatar\\\/37d968a2e67a6fd04c169c4bdef102d0bc5d31b2546345219e348575eb80e9a0?s=96&d=mm&r=g\",\"url\":\"https:\\\/\\\/secure.gravatar.com\\\/avatar\\\/37d968a2e67a6fd04c169c4bdef102d0bc5d31b2546345219e348575eb80e9a0?s=96&d=mm&r=g\",\"contentUrl\":\"https:\\\/\\\/secure.gravatar.com\\\/avatar\\\/37d968a2e67a6fd04c169c4bdef102d0bc5d31b2546345219e348575eb80e9a0?s=96&d=mm&r=g\",\"caption\":\"redazione\"},\"sameAs\":[\"http:\\\/\\\/www.bellunopress.it\",\"https:\\\/\\\/x.com\\\/bellunopress\"],\"url\":\"https:\\\/\\\/www.bellunopress.it\\\/fr\\\/author\\\/redazione\\\/\"}]}<\/script>\n<!-- \/ Yoast SEO plugin. -->","yoast_head_json":{"title":"Primarie del centrodestra. Se ne discute gioved\u00ec sera a Feltre per il ciclo \u201cI gioved\u00ec di Belluno Protagonista\u201d - Bellunopress - Dolomiti","robots":{"index":"index","follow":"follow","max-snippet":"max-snippet:-1","max-image-preview":"max-image-preview:large","max-video-preview":"max-video-preview:-1"},"canonical":"https:\/\/www.bellunopress.it\/fr\/2012\/11\/07\/primarie-del-centrodestra-se-ne-discute-giovedi-sera-a-feltre-per-il-ciclo-i-giovedi-di-belluno-protagonista\/","og_locale":"fr_FR","og_type":"article","og_title":"Primarie del centrodestra. Se ne discute gioved\u00ec sera a Feltre per il ciclo \u201cI gioved\u00ec di Belluno Protagonista\u201d - Bellunopress - Dolomiti","og_description":"Si svolger\u00e0 domani, gioved\u00ec 8 novembre a Feltre (ore 20.00 presso il ristorante &#8220;La Casona&#8221;), il primo degli appuntamenti intitolati \u201cIncontri tra la gente &#8211; Per parlare ma soprattutto per ascoltare organizzati da Belluno Protagonista. In questo primo gioved\u00ec verr\u00e0 approfondito il tema relativo alle primarie del centrodestra oltre ad altri argomenti di natura amministrativa. [&hellip;]","og_url":"https:\/\/www.bellunopress.it\/fr\/2012\/11\/07\/primarie-del-centrodestra-se-ne-discute-giovedi-sera-a-feltre-per-il-ciclo-i-giovedi-di-belluno-protagonista\/","og_site_name":"Bellunopress - Dolomiti","article_publisher":"https:\/\/www.facebook.com\/profile.php?id=100008943462799","article_published_time":"2012-11-07T11:32:31+00:00","og_image":[{"url":"http:\/\/www.bellunopress.it\/wp-content\/uploads\/2012\/02\/belluno-protagonista-140x140.jpg","type":"","width":"","height":""}],"author":"redazione","twitter_card":"summary_large_image","twitter_creator":"@bellunopress","twitter_site":"@bellunopress","twitter_misc":{"\u00c9crit par":"redazione","Dur\u00e9e de lecture estim\u00e9e":"1 minute"},"schema":{"@context":"https:\/\/schema.org","@graph":[{"@type":"Article","@id":"https:\/\/www.bellunopress.it\/2012\/11\/07\/primarie-del-centrodestra-se-ne-discute-giovedi-sera-a-feltre-per-il-ciclo-i-giovedi-di-belluno-protagonista\/#article","isPartOf":{"@id":"https:\/\/www.bellunopress.it\/2012\/11\/07\/primarie-del-centrodestra-se-ne-discute-giovedi-sera-a-feltre-per-il-ciclo-i-giovedi-di-belluno-protagonista\/"},"author":{"name":"redazione","@id":"https:\/\/www.bellunopress.it\/#\/schema\/person\/79bb06722b37ece1c03d3e94beb30d73"},"headline":"Primarie del centrodestra. Se ne discute gioved\u00ec sera a Feltre per il ciclo \u201cI gioved\u00ec di Belluno Protagonista\u201d","datePublished":"2012-11-07T11:32:31+00:00","mainEntityOfPage":{"@id":"https:\/\/www.bellunopress.it\/2012\/11\/07\/primarie-del-centrodestra-se-ne-discute-giovedi-sera-a-feltre-per-il-ciclo-i-giovedi-di-belluno-protagonista\/"},"wordCount":216,"publisher":{"@id":"https:\/\/www.bellunopress.it\/#organization"},"image":{"@id":"https:\/\/www.bellunopress.it\/2012\/11\/07\/primarie-del-centrodestra-se-ne-discute-giovedi-sera-a-feltre-per-il-ciclo-i-giovedi-di-belluno-protagonista\/#primaryimage"},"thumbnailUrl":"http:\/\/www.bellunopress.it\/wp-content\/uploads\/2012\/02\/belluno-protagonista-140x140.jpg","articleSection":["Appuntamenti, Eventi","Prima Pagina"],"inLanguage":"fr-FR"},{"@type":"WebPage","@id":"https:\/\/www.bellunopress.it\/2012\/11\/07\/primarie-del-centrodestra-se-ne-discute-giovedi-sera-a-feltre-per-il-ciclo-i-giovedi-di-belluno-protagonista\/","url":"https:\/\/www.bellunopress.it\/2012\/11\/07\/primarie-del-centrodestra-se-ne-discute-giovedi-sera-a-feltre-per-il-ciclo-i-giovedi-di-belluno-protagonista\/","name":"Primarie del centrodestra. Se ne discute gioved\u00ec sera a Feltre per il ciclo \u201cI gioved\u00ec di Belluno Protagonista\u201d - Bellunopress - Dolomiti","isPartOf":{"@id":"https:\/\/www.bellunopress.it\/#website"},"primaryImageOfPage":{"@id":"https:\/\/www.bellunopress.it\/2012\/11\/07\/primarie-del-centrodestra-se-ne-discute-giovedi-sera-a-feltre-per-il-ciclo-i-giovedi-di-belluno-protagonista\/#primaryimage"},"image":{"@id":"https:\/\/www.bellunopress.it\/2012\/11\/07\/primarie-del-centrodestra-se-ne-discute-giovedi-sera-a-feltre-per-il-ciclo-i-giovedi-di-belluno-protagonista\/#primaryimage"},"thumbnailUrl":"http:\/\/www.bellunopress.it\/wp-content\/uploads\/2012\/02\/belluno-protagonista-140x140.jpg","datePublished":"2012-11-07T11:32:31+00:00","breadcrumb":{"@id":"https:\/\/www.bellunopress.it\/2012\/11\/07\/primarie-del-centrodestra-se-ne-discute-giovedi-sera-a-feltre-per-il-ciclo-i-giovedi-di-belluno-protagonista\/#breadcrumb"},"inLanguage":"fr-FR","potentialAction":[{"@type":"ReadAction","target":["https:\/\/www.bellunopress.it\/2012\/11\/07\/primarie-del-centrodestra-se-ne-discute-giovedi-sera-a-feltre-per-il-ciclo-i-giovedi-di-belluno-protagonista\/"]}]},{"@type":"ImageObject","inLanguage":"fr-FR","@id":"https:\/\/www.bellunopress.it\/2012\/11\/07\/primarie-del-centrodestra-se-ne-discute-giovedi-sera-a-feltre-per-il-ciclo-i-giovedi-di-belluno-protagonista\/#primaryimage","url":"http:\/\/www.bellunopress.it\/wp-content\/uploads\/2012\/02\/belluno-protagonista-140x140.jpg","contentUrl":"http:\/\/www.bellunopress.it\/wp-content\/uploads\/2012\/02\/belluno-protagonista-140x140.jpg"},{"@type":"BreadcrumbList","@id":"https:\/\/www.bellunopress.it\/2012\/11\/07\/primarie-del-centrodestra-se-ne-discute-giovedi-sera-a-feltre-per-il-ciclo-i-giovedi-di-belluno-protagonista\/#breadcrumb","itemListElement":[{"@type":"ListItem","position":1,"name":"Home","item":"https:\/\/www.bellunopress.it\/"},{"@type":"ListItem","position":2,"name":"Primarie del centrodestra. Se ne discute gioved\u00ec sera a Feltre per il ciclo \u201cI gioved\u00ec di Belluno Protagonista\u201d"}]},{"@type":"WebSite","@id":"https:\/\/www.bellunopress.it\/#website","url":"https:\/\/www.bellunopress.it\/","name":"Bellunopress - Dolomiti","description":"e-mail: redazione@bellunopress.it","publisher":{"@id":"https:\/\/www.bellunopress.it\/#organization"},"potentialAction":[{"@type":"SearchAction","target":{"@type":"EntryPoint","urlTemplate":"https:\/\/www.bellunopress.it\/?s={search_term_string}"},"query-input":{"@type":"PropertyValueSpecification","valueRequired":true,"valueName":"search_term_string"}}],"inLanguage":"fr-FR"},{"@type":"Organization","@id":"https:\/\/www.bellunopress.it\/#organization","name":"Bellunopress","url":"https:\/\/www.bellunopress.it\/","logo":{"@type":"ImageObject","inLanguage":"fr-FR","@id":"https:\/\/www.bellunopress.it\/#\/schema\/logo\/image\/","url":"https:\/\/www.bellunopress.it\/wp-content\/uploads\/2011\/05\/cropped-logo-bellunopress-.jpg","contentUrl":"https:\/\/www.bellunopress.it\/wp-content\/uploads\/2011\/05\/cropped-logo-bellunopress-.jpg","width":512,"height":512,"caption":"Bellunopress"},"image":{"@id":"https:\/\/www.bellunopress.it\/#\/schema\/logo\/image\/"},"sameAs":["https:\/\/www.facebook.com\/profile.php?id=100008943462799","https:\/\/x.com\/bellunopress","https:\/\/www.linkedin.com\/hp\/?dnr=JBzUWaJfMUw8vbXJJ2tVW5-I3jZKvC4wsoxE&amp;amp;amp;amp;amp;amp;trk=nav_responsive_tab_home","https:\/\/www.youtube.com\/channel\/UCxL0wu1uN0_3_7hGG0306cw"]},{"@type":"Person","@id":"https:\/\/www.bellunopress.it\/#\/schema\/person\/79bb06722b37ece1c03d3e94beb30d73","name":"r\u00e9daction","image":{"@type":"ImageObject","inLanguage":"fr-FR","@id":"https:\/\/secure.gravatar.com\/avatar\/37d968a2e67a6fd04c169c4bdef102d0bc5d31b2546345219e348575eb80e9a0?s=96&d=mm&r=g","url":"https:\/\/secure.gravatar.com\/avatar\/37d968a2e67a6fd04c169c4bdef102d0bc5d31b2546345219e348575eb80e9a0?s=96&d=mm&r=g","contentUrl":"https:\/\/secure.gravatar.com\/avatar\/37d968a2e67a6fd04c169c4bdef102d0bc5d31b2546345219e348575eb80e9a0?s=96&d=mm&r=g","caption":"redazione"},"sameAs":["http:\/\/www.bellunopress.it","https:\/\/x.com\/bellunopress"],"url":"https:\/\/www.bellunopress.it\/fr\/author\/redazione\/"}]}},"_links":{"self":[{"href":"https:\/\/www.bellunopress.it\/fr\/wp-json\/wp\/v2\/posts\/43684","targetHints":{"allow":["GET"]}}],"collection":[{"href":"https:\/\/www.bellunopress.it\/fr\/wp-json\/wp\/v2\/posts"}],"about":[{"href":"https:\/\/www.bellunopress.it\/fr\/wp-json\/wp\/v2\/types\/post"}],"author":[{"embeddable":true,"href":"https:\/\/www.bellunopress.it\/fr\/wp-json\/wp\/v2\/users\/2"}],"replies":[{"embeddable":true,"href":"https:\/\/www.bellunopress.it\/fr\/wp-json\/wp\/v2\/comments?post=43684"}],"version-history":[{"count":1,"href":"https:\/\/www.bellunopress.it\/fr\/wp-json\/wp\/v2\/posts\/43684\/revisions"}],"predecessor-version":[{"id":43685,"href":"https:\/\/www.bellunopress.it\/fr\/wp-json\/wp\/v2\/posts\/43684\/revisions\/43685"}],"wp:attachment":[{"href":"https:\/\/www.bellunopress.it\/fr\/wp-json\/wp\/v2\/media?parent=43684"}],"wp:term":[{"taxonomy":"category","embeddable":true,"href":"https:\/\/www.bellunopress.it\/fr\/wp-json\/wp\/v2\/categories?post=43684"},{"taxonomy":"post_tag","embeddable":true,"href":"https:\/\/www.bellunopress.it\/fr\/wp-json\/wp\/v2\/tags?post=43684"}],"curies":[{"name":"wp","href":"https:\/\/api.w.org\/{rel}","templated":true}]}}