{"id":43681,"date":"2012-11-11T23:01:46","date_gmt":"2012-11-11T22:01:46","guid":{"rendered":"http:\/\/www.bellunopress.it\/?p=43681"},"modified":"2012-11-07T12:03:50","modified_gmt":"2012-11-07T11:03:50","slug":"governo-del-territorio-a-misura-di-montagna-martedi-a-villa-patt-di-sedico-la-presentazione-pubblica-del-progetto-europeo-mo-re-co","status":"publish","type":"post","link":"https:\/\/www.bellunopress.it\/fr\/2012\/11\/11\/governo-del-territorio-a-misura-di-montagna-martedi-a-villa-patt-di-sedico-la-presentazione-pubblica-del-progetto-europeo-mo-re-co\/","title":{"rendered":"Governo del territorio a misura di montagna. Marted\u00ec a Villa Patt di Sedico la presentazione pubblica del progetto europeo Mo.Re.Co"},"content":{"rendered":"<p>Marted\u00ec 13 novembre 2012 a partire dalle ore 9.00 la Provincia di Belluno organizza a Villa Patt di Sedico il convegno dal titolo \u201cGoverno del territorio a misura di montagna\u201d cui interverranno, tra gli altri, il prof. Luigi D&#8217;Alpaos, il gi\u00e0 Sindaco di Cassinetta di Lugagnano (MI), Domenico Finiguerra e l&#8217;arch. Marisa Fantin.<\/p>\n<figure id=\"attachment_1680\" aria-describedby=\"caption-attachment-1680\" style=\"width: 240px\" class=\"wp-caption alignleft\"><a href=\"http:\/\/www.bellunopress.it\/wp-content\/uploads\/2009\/03\/villa-patt-sedico-240x180.jpg\"><img loading=\"lazy\" decoding=\"async\" class=\"size-full wp-image-1680\" title=\"villa-patt-sedico-240x180\" src=\"http:\/\/www.bellunopress.it\/wp-content\/uploads\/2009\/03\/villa-patt-sedico-240x180.jpg\" alt=\"\" width=\"240\" height=\"180\" \/><\/a><figcaption id=\"caption-attachment-1680\" class=\"wp-caption-text\">Villa Patt<\/figcaption><\/figure>\n<p>L&#8217;occasione \u00e8 data dalla presentazione del progetto europeo Mo.Re.Co &#8211; MObility and REsidential Costs (Programma Spazio Alpino 2007-2013), di cui la Provincia \u00e8 partner insieme ad altre otto realt\u00e0 europee, che prevede un percorso comune ad altri enti, associazioni ed altri soggetti portatori di interesse individuati all&#8217;interno delle aree pilota scelte quali la Valbelluna e la Val Boite-Centro Cadore.<\/p>\n<p>Lo scopo principale del progetto \u00e8 la valutazione e rappresentazione dei costi, diretti ed indiretti, derivanti dall&#8217;utilizzo dei mezzi di trasporto privati e la loro integrazione nei processi di pianificazione urbanistica e di organizzazione dei servizi di trasporto al fine di ottimizzare ed elevare gli standard di efficienza ed il benessere del territorio.<\/p>\n<p>Il progetto coinvolge i cittadini , le imprese, i decisori delle politiche pubbliche ed economiche, i professionisti e in generale i soggetti che concorrono a diverso titolo alle scelte localizzative delle funzioni residenziali, produttive o di servizio e alla progettazione e gestione dei servizi di mobilit\u00e0.<\/p>\n<p>I risultati attesi del Convegno riguardano lo scambio di opinioni in merito ai contenuti del progetto nonch\u00e9 la raccolta di informazioni, dati, considerazioni, problematiche ed elementi di forza, che una volta analizzati e elaborati potranno rappresentare per tutti i soggetti coinvolti strumenti concreti di supporto all&#8217;interno dei rispettivi processi decisionali nonch\u00e9 creare una rete permanente di collaborazione e scambio di conoscenze, che punti a rispondere alle esigenze di cittadini ed imprese in modo pi\u00f9 adeguato e mirato, con particolare riguardo allo specifico contesto territoriale dell&#8217;area montana.<\/p>","protected":false},"excerpt":{"rendered":"<p>Marted\u00ec 13 novembre 2012 a partire dalle ore 9.00 la Provincia di Belluno organizza a Villa Patt di Sedico il convegno dal titolo \u201cGoverno del territorio a misura di montagna\u201d cui interverranno, tra gli altri, il prof. Luigi D&#8217;Alpaos, il gi\u00e0 Sindaco di Cassinetta di Lugagnano (MI), Domenico Finiguerra e l&#8217;arch. Marisa Fantin. L&#8217;occasione \u00e8 [&hellip;]<\/p>\n","protected":false},"author":2,"featured_media":0,"comment_status":"closed","ping_status":"open","sticky":false,"template":"","format":"standard","meta":{"footnotes":""},"categories":[27,5,25],"tags":[],"class_list":["post-43681","post","type-post","status-publish","format-standard","category-appuntamenti","category-cronaca","category-pausa-caffe"],"yoast_head":"<!-- This site is optimized with the Yoast SEO plugin v28.4 - https:\/\/yoast.com\/product\/yoast-seo-wordpress\/ -->\n<title>Governo del territorio a misura di montagna. Marted\u00ec a Villa Patt di Sedico la presentazione pubblica del progetto europeo Mo.Re.Co  - Bellunopress - Dolomiti<\/title>\n<meta name=\"robots\" content=\"index, follow, max-snippet:-1, max-image-preview:large, max-video-preview:-1\" \/>\n<link rel=\"canonical\" href=\"https:\/\/www.bellunopress.it\/fr\/2012\/11\/11\/governo-del-territorio-a-misura-di-montagna-martedi-a-villa-patt-di-sedico-la-presentazione-pubblica-del-progetto-europeo-mo-re-co\/\" \/>\n<meta property=\"og:locale\" content=\"fr_FR\" \/>\n<meta property=\"og:type\" content=\"article\" \/>\n<meta property=\"og:title\" content=\"Governo del territorio a misura di montagna. Marted\u00ec a Villa Patt di Sedico la presentazione pubblica del progetto europeo Mo.Re.Co  - Bellunopress - Dolomiti\" \/>\n<meta property=\"og:description\" content=\"Marted\u00ec 13 novembre 2012 a partire dalle ore 9.00 la Provincia di Belluno organizza a Villa Patt di Sedico il convegno dal titolo \u201cGoverno del territorio a misura di montagna\u201d cui interverranno, tra gli altri, il prof. Luigi D&#8217;Alpaos, il gi\u00e0 Sindaco di Cassinetta di Lugagnano (MI), Domenico Finiguerra e l&#8217;arch. Marisa Fantin. L&#8217;occasione \u00e8 [&hellip;]\" \/>\n<meta property=\"og:url\" content=\"https:\/\/www.bellunopress.it\/fr\/2012\/11\/11\/governo-del-territorio-a-misura-di-montagna-martedi-a-villa-patt-di-sedico-la-presentazione-pubblica-del-progetto-europeo-mo-re-co\/\" \/>\n<meta property=\"og:site_name\" content=\"Bellunopress - Dolomiti\" \/>\n<meta property=\"article:publisher\" content=\"https:\/\/www.facebook.com\/profile.php?id=100008943462799\" \/>\n<meta property=\"article:published_time\" content=\"2012-11-11T22:01:46+00:00\" \/>\n<meta property=\"og:image\" content=\"http:\/\/www.bellunopress.it\/wp-content\/uploads\/2009\/03\/villa-patt-sedico-240x180.jpg\" \/>\n<meta name=\"author\" content=\"redazione\" \/>\n<meta name=\"twitter:card\" content=\"summary_large_image\" \/>\n<meta name=\"twitter:creator\" content=\"@bellunopress\" \/>\n<meta name=\"twitter:site\" content=\"@bellunopress\" \/>\n<meta name=\"twitter:label1\" content=\"\u00c9crit par\" \/>\n\t<meta name=\"twitter:data1\" content=\"redazione\" \/>\n\t<meta name=\"twitter:label2\" content=\"Dur\u00e9e de lecture estim\u00e9e\" \/>\n\t<meta name=\"twitter:data2\" content=\"2 minutes\" \/>\n<script type=\"application\/ld+json\" class=\"yoast-schema-graph\">{\"@context\":\"https:\\\/\\\/schema.org\",\"@graph\":[{\"@type\":\"Article\",\"@id\":\"https:\\\/\\\/www.bellunopress.it\\\/2012\\\/11\\\/11\\\/governo-del-territorio-a-misura-di-montagna-martedi-a-villa-patt-di-sedico-la-presentazione-pubblica-del-progetto-europeo-mo-re-co\\\/#article\",\"isPartOf\":{\"@id\":\"https:\\\/\\\/www.bellunopress.it\\\/2012\\\/11\\\/11\\\/governo-del-territorio-a-misura-di-montagna-martedi-a-villa-patt-di-sedico-la-presentazione-pubblica-del-progetto-europeo-mo-re-co\\\/\"},\"author\":{\"name\":\"redazione\",\"@id\":\"https:\\\/\\\/www.bellunopress.it\\\/#\\\/schema\\\/person\\\/79bb06722b37ece1c03d3e94beb30d73\"},\"headline\":\"Governo del territorio a misura di montagna. Marted\u00ec a Villa Patt di Sedico la presentazione pubblica del progetto europeo Mo.Re.Co\",\"datePublished\":\"2012-11-11T22:01:46+00:00\",\"mainEntityOfPage\":{\"@id\":\"https:\\\/\\\/www.bellunopress.it\\\/2012\\\/11\\\/11\\\/governo-del-territorio-a-misura-di-montagna-martedi-a-villa-patt-di-sedico-la-presentazione-pubblica-del-progetto-europeo-mo-re-co\\\/\"},\"wordCount\":330,\"publisher\":{\"@id\":\"https:\\\/\\\/www.bellunopress.it\\\/#organization\"},\"image\":{\"@id\":\"https:\\\/\\\/www.bellunopress.it\\\/2012\\\/11\\\/11\\\/governo-del-territorio-a-misura-di-montagna-martedi-a-villa-patt-di-sedico-la-presentazione-pubblica-del-progetto-europeo-mo-re-co\\\/#primaryimage\"},\"thumbnailUrl\":\"http:\\\/\\\/www.bellunopress.it\\\/wp-content\\\/uploads\\\/2009\\\/03\\\/villa-patt-sedico-240x180.jpg\",\"articleSection\":[\"Appuntamenti, Eventi\",\"Cronaca\\\/Politica\",\"Pausa Caff\u00e8\"],\"inLanguage\":\"fr-FR\"},{\"@type\":\"WebPage\",\"@id\":\"https:\\\/\\\/www.bellunopress.it\\\/2012\\\/11\\\/11\\\/governo-del-territorio-a-misura-di-montagna-martedi-a-villa-patt-di-sedico-la-presentazione-pubblica-del-progetto-europeo-mo-re-co\\\/\",\"url\":\"https:\\\/\\\/www.bellunopress.it\\\/2012\\\/11\\\/11\\\/governo-del-territorio-a-misura-di-montagna-martedi-a-villa-patt-di-sedico-la-presentazione-pubblica-del-progetto-europeo-mo-re-co\\\/\",\"name\":\"Governo del territorio a misura di montagna. Marted\u00ec a Villa Patt di Sedico la presentazione pubblica del progetto europeo Mo.Re.Co - Bellunopress - Dolomiti\",\"isPartOf\":{\"@id\":\"https:\\\/\\\/www.bellunopress.it\\\/#website\"},\"primaryImageOfPage\":{\"@id\":\"https:\\\/\\\/www.bellunopress.it\\\/2012\\\/11\\\/11\\\/governo-del-territorio-a-misura-di-montagna-martedi-a-villa-patt-di-sedico-la-presentazione-pubblica-del-progetto-europeo-mo-re-co\\\/#primaryimage\"},\"image\":{\"@id\":\"https:\\\/\\\/www.bellunopress.it\\\/2012\\\/11\\\/11\\\/governo-del-territorio-a-misura-di-montagna-martedi-a-villa-patt-di-sedico-la-presentazione-pubblica-del-progetto-europeo-mo-re-co\\\/#primaryimage\"},\"thumbnailUrl\":\"http:\\\/\\\/www.bellunopress.it\\\/wp-content\\\/uploads\\\/2009\\\/03\\\/villa-patt-sedico-240x180.jpg\",\"datePublished\":\"2012-11-11T22:01:46+00:00\",\"breadcrumb\":{\"@id\":\"https:\\\/\\\/www.bellunopress.it\\\/2012\\\/11\\\/11\\\/governo-del-territorio-a-misura-di-montagna-martedi-a-villa-patt-di-sedico-la-presentazione-pubblica-del-progetto-europeo-mo-re-co\\\/#breadcrumb\"},\"inLanguage\":\"fr-FR\",\"potentialAction\":[{\"@type\":\"ReadAction\",\"target\":[\"https:\\\/\\\/www.bellunopress.it\\\/2012\\\/11\\\/11\\\/governo-del-territorio-a-misura-di-montagna-martedi-a-villa-patt-di-sedico-la-presentazione-pubblica-del-progetto-europeo-mo-re-co\\\/\"]}]},{\"@type\":\"ImageObject\",\"inLanguage\":\"fr-FR\",\"@id\":\"https:\\\/\\\/www.bellunopress.it\\\/2012\\\/11\\\/11\\\/governo-del-territorio-a-misura-di-montagna-martedi-a-villa-patt-di-sedico-la-presentazione-pubblica-del-progetto-europeo-mo-re-co\\\/#primaryimage\",\"url\":\"http:\\\/\\\/www.bellunopress.it\\\/wp-content\\\/uploads\\\/2009\\\/03\\\/villa-patt-sedico-240x180.jpg\",\"contentUrl\":\"http:\\\/\\\/www.bellunopress.it\\\/wp-content\\\/uploads\\\/2009\\\/03\\\/villa-patt-sedico-240x180.jpg\"},{\"@type\":\"BreadcrumbList\",\"@id\":\"https:\\\/\\\/www.bellunopress.it\\\/2012\\\/11\\\/11\\\/governo-del-territorio-a-misura-di-montagna-martedi-a-villa-patt-di-sedico-la-presentazione-pubblica-del-progetto-europeo-mo-re-co\\\/#breadcrumb\",\"itemListElement\":[{\"@type\":\"ListItem\",\"position\":1,\"name\":\"Home\",\"item\":\"https:\\\/\\\/www.bellunopress.it\\\/\"},{\"@type\":\"ListItem\",\"position\":2,\"name\":\"Governo del territorio a misura di montagna. Marted\u00ec a Villa Patt di Sedico la presentazione pubblica del progetto europeo Mo.Re.Co\"}]},{\"@type\":\"WebSite\",\"@id\":\"https:\\\/\\\/www.bellunopress.it\\\/#website\",\"url\":\"https:\\\/\\\/www.bellunopress.it\\\/\",\"name\":\"Bellunopress - Dolomiti\",\"description\":\"e-mail: redazione@bellunopress.it\",\"publisher\":{\"@id\":\"https:\\\/\\\/www.bellunopress.it\\\/#organization\"},\"potentialAction\":[{\"@type\":\"SearchAction\",\"target\":{\"@type\":\"EntryPoint\",\"urlTemplate\":\"https:\\\/\\\/www.bellunopress.it\\\/?s={search_term_string}\"},\"query-input\":{\"@type\":\"PropertyValueSpecification\",\"valueRequired\":true,\"valueName\":\"search_term_string\"}}],\"inLanguage\":\"fr-FR\"},{\"@type\":\"Organization\",\"@id\":\"https:\\\/\\\/www.bellunopress.it\\\/#organization\",\"name\":\"Bellunopress\",\"url\":\"https:\\\/\\\/www.bellunopress.it\\\/\",\"logo\":{\"@type\":\"ImageObject\",\"inLanguage\":\"fr-FR\",\"@id\":\"https:\\\/\\\/www.bellunopress.it\\\/#\\\/schema\\\/logo\\\/image\\\/\",\"url\":\"https:\\\/\\\/www.bellunopress.it\\\/wp-content\\\/uploads\\\/2011\\\/05\\\/cropped-logo-bellunopress-.jpg\",\"contentUrl\":\"https:\\\/\\\/www.bellunopress.it\\\/wp-content\\\/uploads\\\/2011\\\/05\\\/cropped-logo-bellunopress-.jpg\",\"width\":512,\"height\":512,\"caption\":\"Bellunopress\"},\"image\":{\"@id\":\"https:\\\/\\\/www.bellunopress.it\\\/#\\\/schema\\\/logo\\\/image\\\/\"},\"sameAs\":[\"https:\\\/\\\/www.facebook.com\\\/profile.php?id=100008943462799\",\"https:\\\/\\\/x.com\\\/bellunopress\",\"https:\\\/\\\/www.linkedin.com\\\/hp\\\/?dnr=JBzUWaJfMUw8vbXJJ2tVW5-I3jZKvC4wsoxE&amp;amp;amp;amp;amp;amp;trk=nav_responsive_tab_home\",\"https:\\\/\\\/www.youtube.com\\\/channel\\\/UCxL0wu1uN0_3_7hGG0306cw\"]},{\"@type\":\"Person\",\"@id\":\"https:\\\/\\\/www.bellunopress.it\\\/#\\\/schema\\\/person\\\/79bb06722b37ece1c03d3e94beb30d73\",\"name\":\"redazione\",\"image\":{\"@type\":\"ImageObject\",\"inLanguage\":\"fr-FR\",\"@id\":\"https:\\\/\\\/secure.gravatar.com\\\/avatar\\\/37d968a2e67a6fd04c169c4bdef102d0bc5d31b2546345219e348575eb80e9a0?s=96&d=mm&r=g\",\"url\":\"https:\\\/\\\/secure.gravatar.com\\\/avatar\\\/37d968a2e67a6fd04c169c4bdef102d0bc5d31b2546345219e348575eb80e9a0?s=96&d=mm&r=g\",\"contentUrl\":\"https:\\\/\\\/secure.gravatar.com\\\/avatar\\\/37d968a2e67a6fd04c169c4bdef102d0bc5d31b2546345219e348575eb80e9a0?s=96&d=mm&r=g\",\"caption\":\"redazione\"},\"sameAs\":[\"http:\\\/\\\/www.bellunopress.it\",\"https:\\\/\\\/x.com\\\/bellunopress\"],\"url\":\"https:\\\/\\\/www.bellunopress.it\\\/fr\\\/author\\\/redazione\\\/\"}]}<\/script>\n<!-- \/ Yoast SEO plugin. -->","yoast_head_json":{"title":"Governo del territorio a misura di montagna. Marted\u00ec a Villa Patt di Sedico la presentazione pubblica del progetto europeo Mo.Re.Co  - Bellunopress - Dolomiti","robots":{"index":"index","follow":"follow","max-snippet":"max-snippet:-1","max-image-preview":"max-image-preview:large","max-video-preview":"max-video-preview:-1"},"canonical":"https:\/\/www.bellunopress.it\/fr\/2012\/11\/11\/governo-del-territorio-a-misura-di-montagna-martedi-a-villa-patt-di-sedico-la-presentazione-pubblica-del-progetto-europeo-mo-re-co\/","og_locale":"fr_FR","og_type":"article","og_title":"Governo del territorio a misura di montagna. Marted\u00ec a Villa Patt di Sedico la presentazione pubblica del progetto europeo Mo.Re.Co  - Bellunopress - Dolomiti","og_description":"Marted\u00ec 13 novembre 2012 a partire dalle ore 9.00 la Provincia di Belluno organizza a Villa Patt di Sedico il convegno dal titolo \u201cGoverno del territorio a misura di montagna\u201d cui interverranno, tra gli altri, il prof. Luigi D&#8217;Alpaos, il gi\u00e0 Sindaco di Cassinetta di Lugagnano (MI), Domenico Finiguerra e l&#8217;arch. Marisa Fantin. L&#8217;occasione \u00e8 [&hellip;]","og_url":"https:\/\/www.bellunopress.it\/fr\/2012\/11\/11\/governo-del-territorio-a-misura-di-montagna-martedi-a-villa-patt-di-sedico-la-presentazione-pubblica-del-progetto-europeo-mo-re-co\/","og_site_name":"Bellunopress - Dolomiti","article_publisher":"https:\/\/www.facebook.com\/profile.php?id=100008943462799","article_published_time":"2012-11-11T22:01:46+00:00","og_image":[{"url":"http:\/\/www.bellunopress.it\/wp-content\/uploads\/2009\/03\/villa-patt-sedico-240x180.jpg","type":"","width":"","height":""}],"author":"redazione","twitter_card":"summary_large_image","twitter_creator":"@bellunopress","twitter_site":"@bellunopress","twitter_misc":{"\u00c9crit par":"redazione","Dur\u00e9e de lecture estim\u00e9e":"2 minutes"},"schema":{"@context":"https:\/\/schema.org","@graph":[{"@type":"Article","@id":"https:\/\/www.bellunopress.it\/2012\/11\/11\/governo-del-territorio-a-misura-di-montagna-martedi-a-villa-patt-di-sedico-la-presentazione-pubblica-del-progetto-europeo-mo-re-co\/#article","isPartOf":{"@id":"https:\/\/www.bellunopress.it\/2012\/11\/11\/governo-del-territorio-a-misura-di-montagna-martedi-a-villa-patt-di-sedico-la-presentazione-pubblica-del-progetto-europeo-mo-re-co\/"},"author":{"name":"redazione","@id":"https:\/\/www.bellunopress.it\/#\/schema\/person\/79bb06722b37ece1c03d3e94beb30d73"},"headline":"Governo del territorio a misura di montagna. Marted\u00ec a Villa Patt di Sedico la presentazione pubblica del progetto europeo Mo.Re.Co","datePublished":"2012-11-11T22:01:46+00:00","mainEntityOfPage":{"@id":"https:\/\/www.bellunopress.it\/2012\/11\/11\/governo-del-territorio-a-misura-di-montagna-martedi-a-villa-patt-di-sedico-la-presentazione-pubblica-del-progetto-europeo-mo-re-co\/"},"wordCount":330,"publisher":{"@id":"https:\/\/www.bellunopress.it\/#organization"},"image":{"@id":"https:\/\/www.bellunopress.it\/2012\/11\/11\/governo-del-territorio-a-misura-di-montagna-martedi-a-villa-patt-di-sedico-la-presentazione-pubblica-del-progetto-europeo-mo-re-co\/#primaryimage"},"thumbnailUrl":"http:\/\/www.bellunopress.it\/wp-content\/uploads\/2009\/03\/villa-patt-sedico-240x180.jpg","articleSection":["Appuntamenti, Eventi","Cronaca\/Politica","Pausa Caff\u00e8"],"inLanguage":"fr-FR"},{"@type":"WebPage","@id":"https:\/\/www.bellunopress.it\/2012\/11\/11\/governo-del-territorio-a-misura-di-montagna-martedi-a-villa-patt-di-sedico-la-presentazione-pubblica-del-progetto-europeo-mo-re-co\/","url":"https:\/\/www.bellunopress.it\/2012\/11\/11\/governo-del-territorio-a-misura-di-montagna-martedi-a-villa-patt-di-sedico-la-presentazione-pubblica-del-progetto-europeo-mo-re-co\/","name":"Governo del territorio a misura di montagna. Marted\u00ec a Villa Patt di Sedico la presentazione pubblica del progetto europeo Mo.Re.Co - Bellunopress - Dolomiti","isPartOf":{"@id":"https:\/\/www.bellunopress.it\/#website"},"primaryImageOfPage":{"@id":"https:\/\/www.bellunopress.it\/2012\/11\/11\/governo-del-territorio-a-misura-di-montagna-martedi-a-villa-patt-di-sedico-la-presentazione-pubblica-del-progetto-europeo-mo-re-co\/#primaryimage"},"image":{"@id":"https:\/\/www.bellunopress.it\/2012\/11\/11\/governo-del-territorio-a-misura-di-montagna-martedi-a-villa-patt-di-sedico-la-presentazione-pubblica-del-progetto-europeo-mo-re-co\/#primaryimage"},"thumbnailUrl":"http:\/\/www.bellunopress.it\/wp-content\/uploads\/2009\/03\/villa-patt-sedico-240x180.jpg","datePublished":"2012-11-11T22:01:46+00:00","breadcrumb":{"@id":"https:\/\/www.bellunopress.it\/2012\/11\/11\/governo-del-territorio-a-misura-di-montagna-martedi-a-villa-patt-di-sedico-la-presentazione-pubblica-del-progetto-europeo-mo-re-co\/#breadcrumb"},"inLanguage":"fr-FR","potentialAction":[{"@type":"ReadAction","target":["https:\/\/www.bellunopress.it\/2012\/11\/11\/governo-del-territorio-a-misura-di-montagna-martedi-a-villa-patt-di-sedico-la-presentazione-pubblica-del-progetto-europeo-mo-re-co\/"]}]},{"@type":"ImageObject","inLanguage":"fr-FR","@id":"https:\/\/www.bellunopress.it\/2012\/11\/11\/governo-del-territorio-a-misura-di-montagna-martedi-a-villa-patt-di-sedico-la-presentazione-pubblica-del-progetto-europeo-mo-re-co\/#primaryimage","url":"http:\/\/www.bellunopress.it\/wp-content\/uploads\/2009\/03\/villa-patt-sedico-240x180.jpg","contentUrl":"http:\/\/www.bellunopress.it\/wp-content\/uploads\/2009\/03\/villa-patt-sedico-240x180.jpg"},{"@type":"BreadcrumbList","@id":"https:\/\/www.bellunopress.it\/2012\/11\/11\/governo-del-territorio-a-misura-di-montagna-martedi-a-villa-patt-di-sedico-la-presentazione-pubblica-del-progetto-europeo-mo-re-co\/#breadcrumb","itemListElement":[{"@type":"ListItem","position":1,"name":"Home","item":"https:\/\/www.bellunopress.it\/"},{"@type":"ListItem","position":2,"name":"Governo del territorio a misura di montagna. Marted\u00ec a Villa Patt di Sedico la presentazione pubblica del progetto europeo Mo.Re.Co"}]},{"@type":"WebSite","@id":"https:\/\/www.bellunopress.it\/#website","url":"https:\/\/www.bellunopress.it\/","name":"Bellunopress - Dolomiti","description":"e-mail: redazione@bellunopress.it","publisher":{"@id":"https:\/\/www.bellunopress.it\/#organization"},"potentialAction":[{"@type":"SearchAction","target":{"@type":"EntryPoint","urlTemplate":"https:\/\/www.bellunopress.it\/?s={search_term_string}"},"query-input":{"@type":"PropertyValueSpecification","valueRequired":true,"valueName":"search_term_string"}}],"inLanguage":"fr-FR"},{"@type":"Organization","@id":"https:\/\/www.bellunopress.it\/#organization","name":"Bellunopress","url":"https:\/\/www.bellunopress.it\/","logo":{"@type":"ImageObject","inLanguage":"fr-FR","@id":"https:\/\/www.bellunopress.it\/#\/schema\/logo\/image\/","url":"https:\/\/www.bellunopress.it\/wp-content\/uploads\/2011\/05\/cropped-logo-bellunopress-.jpg","contentUrl":"https:\/\/www.bellunopress.it\/wp-content\/uploads\/2011\/05\/cropped-logo-bellunopress-.jpg","width":512,"height":512,"caption":"Bellunopress"},"image":{"@id":"https:\/\/www.bellunopress.it\/#\/schema\/logo\/image\/"},"sameAs":["https:\/\/www.facebook.com\/profile.php?id=100008943462799","https:\/\/x.com\/bellunopress","https:\/\/www.linkedin.com\/hp\/?dnr=JBzUWaJfMUw8vbXJJ2tVW5-I3jZKvC4wsoxE&amp;amp;amp;amp;amp;amp;trk=nav_responsive_tab_home","https:\/\/www.youtube.com\/channel\/UCxL0wu1uN0_3_7hGG0306cw"]},{"@type":"Person","@id":"https:\/\/www.bellunopress.it\/#\/schema\/person\/79bb06722b37ece1c03d3e94beb30d73","name":"r\u00e9daction","image":{"@type":"ImageObject","inLanguage":"fr-FR","@id":"https:\/\/secure.gravatar.com\/avatar\/37d968a2e67a6fd04c169c4bdef102d0bc5d31b2546345219e348575eb80e9a0?s=96&d=mm&r=g","url":"https:\/\/secure.gravatar.com\/avatar\/37d968a2e67a6fd04c169c4bdef102d0bc5d31b2546345219e348575eb80e9a0?s=96&d=mm&r=g","contentUrl":"https:\/\/secure.gravatar.com\/avatar\/37d968a2e67a6fd04c169c4bdef102d0bc5d31b2546345219e348575eb80e9a0?s=96&d=mm&r=g","caption":"redazione"},"sameAs":["http:\/\/www.bellunopress.it","https:\/\/x.com\/bellunopress"],"url":"https:\/\/www.bellunopress.it\/fr\/author\/redazione\/"}]}},"_links":{"self":[{"href":"https:\/\/www.bellunopress.it\/fr\/wp-json\/wp\/v2\/posts\/43681","targetHints":{"allow":["GET"]}}],"collection":[{"href":"https:\/\/www.bellunopress.it\/fr\/wp-json\/wp\/v2\/posts"}],"about":[{"href":"https:\/\/www.bellunopress.it\/fr\/wp-json\/wp\/v2\/types\/post"}],"author":[{"embeddable":true,"href":"https:\/\/www.bellunopress.it\/fr\/wp-json\/wp\/v2\/users\/2"}],"replies":[{"embeddable":true,"href":"https:\/\/www.bellunopress.it\/fr\/wp-json\/wp\/v2\/comments?post=43681"}],"version-history":[{"count":2,"href":"https:\/\/www.bellunopress.it\/fr\/wp-json\/wp\/v2\/posts\/43681\/revisions"}],"predecessor-version":[{"id":43683,"href":"https:\/\/www.bellunopress.it\/fr\/wp-json\/wp\/v2\/posts\/43681\/revisions\/43683"}],"wp:attachment":[{"href":"https:\/\/www.bellunopress.it\/fr\/wp-json\/wp\/v2\/media?parent=43681"}],"wp:term":[{"taxonomy":"category","embeddable":true,"href":"https:\/\/www.bellunopress.it\/fr\/wp-json\/wp\/v2\/categories?post=43681"},{"taxonomy":"post_tag","embeddable":true,"href":"https:\/\/www.bellunopress.it\/fr\/wp-json\/wp\/v2\/tags?post=43681"}],"curies":[{"name":"wp","href":"https:\/\/api.w.org\/{rel}","templated":true}]}}