{"id":43677,"date":"2012-11-07T10:19:52","date_gmt":"2012-11-07T09:19:52","guid":{"rendered":"http:\/\/www.bellunopress.it\/?p=43677"},"modified":"2012-11-07T10:19:52","modified_gmt":"2012-11-07T09:19:52","slug":"passi-e-trapassi-rassegna-culturale-sui-temi-della-morte-e-del-morire-tanti-appuntamenti-da-lunedi-5-a-martedi-13-novembre","status":"publish","type":"post","link":"https:\/\/www.bellunopress.it\/fr\/2012\/11\/07\/passi-e-trapassi-rassegna-culturale-sui-temi-della-morte-e-del-morire-tanti-appuntamenti-da-lunedi-5-a-martedi-13-novembre\/","title":{"rendered":"Passi e Trapassi. Rassegna culturale sui temi della morte e del morire. Tanti appuntamenti, da luned\u00ec 5 a marted\u00ec 13 novembre"},"content":{"rendered":"<p>Quest&#8217;anno, il calendario di eventi previsti dal Comune di Belluno per celebrare San Martino si arricchisce rispetto alle edizioni passate, grazie ad una novit\u00e0: si tratta di \u201cPassi e Trapassi. Rassegna sui temi della morte e del morire\u201d, la rassegna culturale voluta dall&#8217;assessore Claudia Alpago Novello, che prender\u00e0 il via luned\u00ec 5 novembre.<\/p>\n<p>Pochi giorni dopo le date tradizionalmente dedicate al ricordo dei propri cari defunti, inizier\u00e0 infatti un ciclo di 7 appuntamenti con al centro il medesimo tema, esplorato per\u00f2 da molteplici punti di vista e con approcci differenti.<\/p>\n<p>&nbsp;<\/p>\n<figure id=\"attachment_42090\" aria-describedby=\"caption-attachment-42090\" style=\"width: 179px\" class=\"wp-caption alignleft\"><a href=\"http:\/\/www.bellunopress.it\/wp-content\/uploads\/2012\/09\/claudia-alpago-novello.png\"><img loading=\"lazy\" decoding=\"async\" class=\"size-full wp-image-42090\" title=\"claudia alpago novello\" src=\"http:\/\/www.bellunopress.it\/wp-content\/uploads\/2012\/09\/claudia-alpago-novello.png\" alt=\"\" width=\"179\" height=\"235\" \/><\/a><figcaption id=\"caption-attachment-42090\" class=\"wp-caption-text\">Claudia Alpago Novello<\/figcaption><\/figure>\n<p>\u201cLa rassegna costituir\u00e0 un appuntamento insolito per la citt\u00e0, e sar\u00e0 l&#8217;occasione per confrontarsi in maniera singolare con una tematica complessa e delicata, che interessa tutti &#8211; commenta l&#8217;assessore alla Cultura Claudia Alpago Novello &#8211; \u00c8 proprio questo l&#8217;intento che la anima: offrire la possibilit\u00e0 di approcciarsi al tema della morte con serenit\u00e0, attraverso una serie di incontri culturali dislocati in diversi luoghi della citt\u00e0, che copriranno un&#8217;intera settimana. Ringrazio le molte persone che si sono messe a disposizione per la realizzazione della rassegna, offrendo la propria collaborazione gratuitamente\u201d.<\/p>\n<p>In programma ci sono conferenze, proiezioni cinematografiche e un doppio evento al cimitero urbano di Prade, sabato 10 novembre: al mattino una visita guidata e, al pomeriggio, uno spettacolo teatrale ispirato all&#8217;\u201cAntologia di Spoon River&#8221; di Edgar Lee Masters.<\/p>\n<p>Le quattro conferenze in programma si terranno in Sala Bianchi (viale Fantuzzi 11, Belluno) e indagheranno il tema complesso della morte, da quattro prospettive diverse: i relatori infatti proporranno un approccio storico-letterario, antropologico, folclorico, filosofico-religioso.<\/p>\n<p>\u201cPassi e trapassi\u201d si sposa anche con il \u201cCinema a due euro\u201d, l&#8217;iniziativa promossa dalla Regione Veneto per valorizzare il cinema di qualit\u00e0 proposto dalle sale cinematografiche d&#8217;essai, nel cui circuito rientra anche il Cinema Italia. Come previsto per le proiezioni dei marted\u00ec di novembre, anche i due film scelti per essere inseriti nella rassegna (marted\u00ec 6 e 13 novembre) avranno un biglietto d&#8217;ingresso ridotto, del costo di 2 euro. Le pellicole scelte sono ovviamente legate al tema della morte e hanno ottenuto prestigiosi riconoscimenti: \u201cCesare deve morire\u201d \u00e8 vincitore dell\u2019Orso d\u2019oro al Festival del Cinema di Berlino 2012 e candidato italiano nella corsa agli Oscar 2013 come miglior film straniero, \u201cDepartures\u201d ha vinto il premio Oscar come miglior film straniero nel 2009.<\/p>\n<p>Tutti gli altri eventi sono ad ingresso gratuito.<\/p>\n<p>Ecco il programma, nel dettaglio:<\/p>\n<p>Luned\u00ec 5 novembre, Sala Eliseo Dal Pont &#8220;Bianchi&#8221;, ore 20.30<\/p>\n<p>&#8220;L&#8217;altra riva. La parola poetica come ponte tra i morti e i viventi.&#8221; Conferenza di Francesco Piero Franchi ad approccio storico-letterario.<\/p>\n<p>Marted\u00ec 6 novembre, Cinema Italia, ore 17.15 \u2013 18.45 \u2013 20.15 (a 2 Euro)<\/p>\n<p>&#8220;Cesare deve morire&#8221; \u2013 proiezione del film di Paolo e Vittorio Taviani<\/p>\n<p>Mercoled\u00ec 7 novembre, Sala Eliseo Dal Pont &#8220;Bianchi&#8221;, ore 20.30<\/p>\n<p>&#8220;Fiori ed ossa. I cimiteri in prospettiva comparativa&#8221;. Conferenza di Cesare Poppi ad approccio antropologico.<\/p>\n<p>Gioved\u00ec 8 novembre, Sala Eliseo Dal Pont &#8220;Bianchi&#8221;, ore 20.30<\/p>\n<p>&#8220;Morti, cibo e carnevale. Considerazioni sulle principali tradizioni popolari del periodo invernale&#8221;. Conferenza di Gianluigi Secco, ad approccio folclorico.<\/p>\n<p>Sabato 10 novembre, Cimitero Urbano di Prade<\/p>\n<p>Visita guidata con Paola Nard, alle ore 11.00 e spettacolo teatrale \u201cIl canto del fiume Spoon\u201d, a cura della Compagnia Se Queris, alle ore 15.00<\/p>\n<p>Luned\u00ec 12 novembre, Sala Eliseo Dal Pont &#8220;Bianchi&#8221;, ore 20.30<\/p>\n<p>&#8220;C&#8217;\u00e8 ancora luce oltre il buio della morte?&#8221; conferenza di don Rinaldo Ottone, ad approccio filosofico-religioso<\/p>\n<p>Marted\u00ec 13 novembre, Cinema Italia, orario da definire<\/p>\n<p>&#8220;Departures&#8221; \u2013 proiezione del film di Yojiro Takita<\/p>\n<p>L&#8217;iniziativa \u00e8 realizzata dal Comune di Belluno, in collaborazione con Confcommercio Belluno, Libreria Campedel, Mondolibri, Cinema Italia, Compagnia Se Queris. L&#8217;immagine delle locandine \u00e8 stata realizzata da Marco Trevisan.<\/p>","protected":false},"excerpt":{"rendered":"<p>Quest&#8217;anno, il calendario di eventi previsti dal Comune di Belluno per celebrare San Martino si arricchisce rispetto alle edizioni passate, grazie ad una novit\u00e0: si tratta di \u201cPassi e Trapassi. Rassegna sui temi della morte e del morire\u201d, la rassegna culturale voluta dall&#8217;assessore Claudia Alpago Novello, che prender\u00e0 il via luned\u00ec 5 novembre. Pochi giorni [&hellip;]<\/p>\n","protected":false},"author":2,"featured_media":0,"comment_status":"closed","ping_status":"open","sticky":false,"template":"","format":"standard","meta":{"footnotes":""},"categories":[27,3,25],"tags":[],"class_list":["post-43677","post","type-post","status-publish","format-standard","category-appuntamenti","category-arte-cultura-spettacoli-scienza-archivi","category-pausa-caffe"],"yoast_head":"<!-- This site is optimized with the Yoast SEO plugin v28.4 - https:\/\/yoast.com\/product\/yoast-seo-wordpress\/ -->\n<title>Passi e Trapassi. Rassegna culturale sui temi della morte e del morire. Tanti appuntamenti, da luned\u00ec 5 a marted\u00ec 13 novembre - Bellunopress - Dolomiti<\/title>\n<meta name=\"robots\" content=\"index, follow, max-snippet:-1, max-image-preview:large, max-video-preview:-1\" \/>\n<link rel=\"canonical\" href=\"https:\/\/www.bellunopress.it\/fr\/2012\/11\/07\/passi-e-trapassi-rassegna-culturale-sui-temi-della-morte-e-del-morire-tanti-appuntamenti-da-lunedi-5-a-martedi-13-novembre\/\" \/>\n<meta property=\"og:locale\" content=\"fr_FR\" \/>\n<meta property=\"og:type\" content=\"article\" \/>\n<meta property=\"og:title\" content=\"Passi e Trapassi. Rassegna culturale sui temi della morte e del morire. Tanti appuntamenti, da luned\u00ec 5 a marted\u00ec 13 novembre - Bellunopress - Dolomiti\" \/>\n<meta property=\"og:description\" content=\"Quest&#8217;anno, il calendario di eventi previsti dal Comune di Belluno per celebrare San Martino si arricchisce rispetto alle edizioni passate, grazie ad una novit\u00e0: si tratta di \u201cPassi e Trapassi. Rassegna sui temi della morte e del morire\u201d, la rassegna culturale voluta dall&#8217;assessore Claudia Alpago Novello, che prender\u00e0 il via luned\u00ec 5 novembre. Pochi giorni [&hellip;]\" \/>\n<meta property=\"og:url\" content=\"https:\/\/www.bellunopress.it\/fr\/2012\/11\/07\/passi-e-trapassi-rassegna-culturale-sui-temi-della-morte-e-del-morire-tanti-appuntamenti-da-lunedi-5-a-martedi-13-novembre\/\" \/>\n<meta property=\"og:site_name\" content=\"Bellunopress - Dolomiti\" \/>\n<meta property=\"article:publisher\" content=\"https:\/\/www.facebook.com\/profile.php?id=100008943462799\" \/>\n<meta property=\"article:published_time\" content=\"2012-11-07T09:19:52+00:00\" \/>\n<meta property=\"og:image\" content=\"http:\/\/www.bellunopress.it\/wp-content\/uploads\/2012\/09\/claudia-alpago-novello.png\" \/>\n<meta name=\"author\" content=\"redazione\" \/>\n<meta name=\"twitter:card\" content=\"summary_large_image\" \/>\n<meta name=\"twitter:creator\" content=\"@bellunopress\" \/>\n<meta name=\"twitter:site\" content=\"@bellunopress\" \/>\n<meta name=\"twitter:label1\" content=\"\u00c9crit par\" \/>\n\t<meta name=\"twitter:data1\" content=\"redazione\" \/>\n\t<meta name=\"twitter:label2\" content=\"Dur\u00e9e de lecture estim\u00e9e\" \/>\n\t<meta name=\"twitter:data2\" content=\"3 minutes\" \/>\n<script type=\"application\/ld+json\" class=\"yoast-schema-graph\">{\"@context\":\"https:\\\/\\\/schema.org\",\"@graph\":[{\"@type\":\"Article\",\"@id\":\"https:\\\/\\\/www.bellunopress.it\\\/2012\\\/11\\\/07\\\/passi-e-trapassi-rassegna-culturale-sui-temi-della-morte-e-del-morire-tanti-appuntamenti-da-lunedi-5-a-martedi-13-novembre\\\/#article\",\"isPartOf\":{\"@id\":\"https:\\\/\\\/www.bellunopress.it\\\/2012\\\/11\\\/07\\\/passi-e-trapassi-rassegna-culturale-sui-temi-della-morte-e-del-morire-tanti-appuntamenti-da-lunedi-5-a-martedi-13-novembre\\\/\"},\"author\":{\"name\":\"redazione\",\"@id\":\"https:\\\/\\\/www.bellunopress.it\\\/#\\\/schema\\\/person\\\/79bb06722b37ece1c03d3e94beb30d73\"},\"headline\":\"Passi e Trapassi. Rassegna culturale sui temi della morte e del morire. Tanti appuntamenti, da luned\u00ec 5 a marted\u00ec 13 novembre\",\"datePublished\":\"2012-11-07T09:19:52+00:00\",\"mainEntityOfPage\":{\"@id\":\"https:\\\/\\\/www.bellunopress.it\\\/2012\\\/11\\\/07\\\/passi-e-trapassi-rassegna-culturale-sui-temi-della-morte-e-del-morire-tanti-appuntamenti-da-lunedi-5-a-martedi-13-novembre\\\/\"},\"wordCount\":613,\"publisher\":{\"@id\":\"https:\\\/\\\/www.bellunopress.it\\\/#organization\"},\"image\":{\"@id\":\"https:\\\/\\\/www.bellunopress.it\\\/2012\\\/11\\\/07\\\/passi-e-trapassi-rassegna-culturale-sui-temi-della-morte-e-del-morire-tanti-appuntamenti-da-lunedi-5-a-martedi-13-novembre\\\/#primaryimage\"},\"thumbnailUrl\":\"http:\\\/\\\/www.bellunopress.it\\\/wp-content\\\/uploads\\\/2012\\\/09\\\/claudia-alpago-novello.png\",\"articleSection\":[\"Appuntamenti, Eventi\",\"Arte, Cultura, Spettacoli, Scienza\",\"Pausa Caff\u00e8\"],\"inLanguage\":\"fr-FR\"},{\"@type\":\"WebPage\",\"@id\":\"https:\\\/\\\/www.bellunopress.it\\\/2012\\\/11\\\/07\\\/passi-e-trapassi-rassegna-culturale-sui-temi-della-morte-e-del-morire-tanti-appuntamenti-da-lunedi-5-a-martedi-13-novembre\\\/\",\"url\":\"https:\\\/\\\/www.bellunopress.it\\\/2012\\\/11\\\/07\\\/passi-e-trapassi-rassegna-culturale-sui-temi-della-morte-e-del-morire-tanti-appuntamenti-da-lunedi-5-a-martedi-13-novembre\\\/\",\"name\":\"Passi e Trapassi. Rassegna culturale sui temi della morte e del morire. Tanti appuntamenti, da luned\u00ec 5 a marted\u00ec 13 novembre - Bellunopress - Dolomiti\",\"isPartOf\":{\"@id\":\"https:\\\/\\\/www.bellunopress.it\\\/#website\"},\"primaryImageOfPage\":{\"@id\":\"https:\\\/\\\/www.bellunopress.it\\\/2012\\\/11\\\/07\\\/passi-e-trapassi-rassegna-culturale-sui-temi-della-morte-e-del-morire-tanti-appuntamenti-da-lunedi-5-a-martedi-13-novembre\\\/#primaryimage\"},\"image\":{\"@id\":\"https:\\\/\\\/www.bellunopress.it\\\/2012\\\/11\\\/07\\\/passi-e-trapassi-rassegna-culturale-sui-temi-della-morte-e-del-morire-tanti-appuntamenti-da-lunedi-5-a-martedi-13-novembre\\\/#primaryimage\"},\"thumbnailUrl\":\"http:\\\/\\\/www.bellunopress.it\\\/wp-content\\\/uploads\\\/2012\\\/09\\\/claudia-alpago-novello.png\",\"datePublished\":\"2012-11-07T09:19:52+00:00\",\"breadcrumb\":{\"@id\":\"https:\\\/\\\/www.bellunopress.it\\\/2012\\\/11\\\/07\\\/passi-e-trapassi-rassegna-culturale-sui-temi-della-morte-e-del-morire-tanti-appuntamenti-da-lunedi-5-a-martedi-13-novembre\\\/#breadcrumb\"},\"inLanguage\":\"fr-FR\",\"potentialAction\":[{\"@type\":\"ReadAction\",\"target\":[\"https:\\\/\\\/www.bellunopress.it\\\/2012\\\/11\\\/07\\\/passi-e-trapassi-rassegna-culturale-sui-temi-della-morte-e-del-morire-tanti-appuntamenti-da-lunedi-5-a-martedi-13-novembre\\\/\"]}]},{\"@type\":\"ImageObject\",\"inLanguage\":\"fr-FR\",\"@id\":\"https:\\\/\\\/www.bellunopress.it\\\/2012\\\/11\\\/07\\\/passi-e-trapassi-rassegna-culturale-sui-temi-della-morte-e-del-morire-tanti-appuntamenti-da-lunedi-5-a-martedi-13-novembre\\\/#primaryimage\",\"url\":\"http:\\\/\\\/www.bellunopress.it\\\/wp-content\\\/uploads\\\/2012\\\/09\\\/claudia-alpago-novello.png\",\"contentUrl\":\"http:\\\/\\\/www.bellunopress.it\\\/wp-content\\\/uploads\\\/2012\\\/09\\\/claudia-alpago-novello.png\"},{\"@type\":\"BreadcrumbList\",\"@id\":\"https:\\\/\\\/www.bellunopress.it\\\/2012\\\/11\\\/07\\\/passi-e-trapassi-rassegna-culturale-sui-temi-della-morte-e-del-morire-tanti-appuntamenti-da-lunedi-5-a-martedi-13-novembre\\\/#breadcrumb\",\"itemListElement\":[{\"@type\":\"ListItem\",\"position\":1,\"name\":\"Home\",\"item\":\"https:\\\/\\\/www.bellunopress.it\\\/\"},{\"@type\":\"ListItem\",\"position\":2,\"name\":\"Passi e Trapassi. Rassegna culturale sui temi della morte e del morire. Tanti appuntamenti, da luned\u00ec 5 a marted\u00ec 13 novembre\"}]},{\"@type\":\"WebSite\",\"@id\":\"https:\\\/\\\/www.bellunopress.it\\\/#website\",\"url\":\"https:\\\/\\\/www.bellunopress.it\\\/\",\"name\":\"Bellunopress - Dolomiti\",\"description\":\"e-mail: redazione@bellunopress.it\",\"publisher\":{\"@id\":\"https:\\\/\\\/www.bellunopress.it\\\/#organization\"},\"potentialAction\":[{\"@type\":\"SearchAction\",\"target\":{\"@type\":\"EntryPoint\",\"urlTemplate\":\"https:\\\/\\\/www.bellunopress.it\\\/?s={search_term_string}\"},\"query-input\":{\"@type\":\"PropertyValueSpecification\",\"valueRequired\":true,\"valueName\":\"search_term_string\"}}],\"inLanguage\":\"fr-FR\"},{\"@type\":\"Organization\",\"@id\":\"https:\\\/\\\/www.bellunopress.it\\\/#organization\",\"name\":\"Bellunopress\",\"url\":\"https:\\\/\\\/www.bellunopress.it\\\/\",\"logo\":{\"@type\":\"ImageObject\",\"inLanguage\":\"fr-FR\",\"@id\":\"https:\\\/\\\/www.bellunopress.it\\\/#\\\/schema\\\/logo\\\/image\\\/\",\"url\":\"https:\\\/\\\/www.bellunopress.it\\\/wp-content\\\/uploads\\\/2011\\\/05\\\/cropped-logo-bellunopress-.jpg\",\"contentUrl\":\"https:\\\/\\\/www.bellunopress.it\\\/wp-content\\\/uploads\\\/2011\\\/05\\\/cropped-logo-bellunopress-.jpg\",\"width\":512,\"height\":512,\"caption\":\"Bellunopress\"},\"image\":{\"@id\":\"https:\\\/\\\/www.bellunopress.it\\\/#\\\/schema\\\/logo\\\/image\\\/\"},\"sameAs\":[\"https:\\\/\\\/www.facebook.com\\\/profile.php?id=100008943462799\",\"https:\\\/\\\/x.com\\\/bellunopress\",\"https:\\\/\\\/www.linkedin.com\\\/hp\\\/?dnr=JBzUWaJfMUw8vbXJJ2tVW5-I3jZKvC4wsoxE&amp;amp;amp;amp;amp;amp;trk=nav_responsive_tab_home\",\"https:\\\/\\\/www.youtube.com\\\/channel\\\/UCxL0wu1uN0_3_7hGG0306cw\"]},{\"@type\":\"Person\",\"@id\":\"https:\\\/\\\/www.bellunopress.it\\\/#\\\/schema\\\/person\\\/79bb06722b37ece1c03d3e94beb30d73\",\"name\":\"redazione\",\"image\":{\"@type\":\"ImageObject\",\"inLanguage\":\"fr-FR\",\"@id\":\"https:\\\/\\\/secure.gravatar.com\\\/avatar\\\/37d968a2e67a6fd04c169c4bdef102d0bc5d31b2546345219e348575eb80e9a0?s=96&d=mm&r=g\",\"url\":\"https:\\\/\\\/secure.gravatar.com\\\/avatar\\\/37d968a2e67a6fd04c169c4bdef102d0bc5d31b2546345219e348575eb80e9a0?s=96&d=mm&r=g\",\"contentUrl\":\"https:\\\/\\\/secure.gravatar.com\\\/avatar\\\/37d968a2e67a6fd04c169c4bdef102d0bc5d31b2546345219e348575eb80e9a0?s=96&d=mm&r=g\",\"caption\":\"redazione\"},\"sameAs\":[\"http:\\\/\\\/www.bellunopress.it\",\"https:\\\/\\\/x.com\\\/bellunopress\"],\"url\":\"https:\\\/\\\/www.bellunopress.it\\\/fr\\\/author\\\/redazione\\\/\"}]}<\/script>\n<!-- \/ Yoast SEO plugin. -->","yoast_head_json":{"title":"Passi e Trapassi. Rassegna culturale sui temi della morte e del morire. Tanti appuntamenti, da luned\u00ec 5 a marted\u00ec 13 novembre - Bellunopress - Dolomiti","robots":{"index":"index","follow":"follow","max-snippet":"max-snippet:-1","max-image-preview":"max-image-preview:large","max-video-preview":"max-video-preview:-1"},"canonical":"https:\/\/www.bellunopress.it\/fr\/2012\/11\/07\/passi-e-trapassi-rassegna-culturale-sui-temi-della-morte-e-del-morire-tanti-appuntamenti-da-lunedi-5-a-martedi-13-novembre\/","og_locale":"fr_FR","og_type":"article","og_title":"Passi e Trapassi. Rassegna culturale sui temi della morte e del morire. Tanti appuntamenti, da luned\u00ec 5 a marted\u00ec 13 novembre - Bellunopress - Dolomiti","og_description":"Quest&#8217;anno, il calendario di eventi previsti dal Comune di Belluno per celebrare San Martino si arricchisce rispetto alle edizioni passate, grazie ad una novit\u00e0: si tratta di \u201cPassi e Trapassi. Rassegna sui temi della morte e del morire\u201d, la rassegna culturale voluta dall&#8217;assessore Claudia Alpago Novello, che prender\u00e0 il via luned\u00ec 5 novembre. Pochi giorni [&hellip;]","og_url":"https:\/\/www.bellunopress.it\/fr\/2012\/11\/07\/passi-e-trapassi-rassegna-culturale-sui-temi-della-morte-e-del-morire-tanti-appuntamenti-da-lunedi-5-a-martedi-13-novembre\/","og_site_name":"Bellunopress - Dolomiti","article_publisher":"https:\/\/www.facebook.com\/profile.php?id=100008943462799","article_published_time":"2012-11-07T09:19:52+00:00","og_image":[{"url":"http:\/\/www.bellunopress.it\/wp-content\/uploads\/2012\/09\/claudia-alpago-novello.png","type":"","width":"","height":""}],"author":"redazione","twitter_card":"summary_large_image","twitter_creator":"@bellunopress","twitter_site":"@bellunopress","twitter_misc":{"\u00c9crit par":"redazione","Dur\u00e9e de lecture estim\u00e9e":"3 minutes"},"schema":{"@context":"https:\/\/schema.org","@graph":[{"@type":"Article","@id":"https:\/\/www.bellunopress.it\/2012\/11\/07\/passi-e-trapassi-rassegna-culturale-sui-temi-della-morte-e-del-morire-tanti-appuntamenti-da-lunedi-5-a-martedi-13-novembre\/#article","isPartOf":{"@id":"https:\/\/www.bellunopress.it\/2012\/11\/07\/passi-e-trapassi-rassegna-culturale-sui-temi-della-morte-e-del-morire-tanti-appuntamenti-da-lunedi-5-a-martedi-13-novembre\/"},"author":{"name":"redazione","@id":"https:\/\/www.bellunopress.it\/#\/schema\/person\/79bb06722b37ece1c03d3e94beb30d73"},"headline":"Passi e Trapassi. Rassegna culturale sui temi della morte e del morire. Tanti appuntamenti, da luned\u00ec 5 a marted\u00ec 13 novembre","datePublished":"2012-11-07T09:19:52+00:00","mainEntityOfPage":{"@id":"https:\/\/www.bellunopress.it\/2012\/11\/07\/passi-e-trapassi-rassegna-culturale-sui-temi-della-morte-e-del-morire-tanti-appuntamenti-da-lunedi-5-a-martedi-13-novembre\/"},"wordCount":613,"publisher":{"@id":"https:\/\/www.bellunopress.it\/#organization"},"image":{"@id":"https:\/\/www.bellunopress.it\/2012\/11\/07\/passi-e-trapassi-rassegna-culturale-sui-temi-della-morte-e-del-morire-tanti-appuntamenti-da-lunedi-5-a-martedi-13-novembre\/#primaryimage"},"thumbnailUrl":"http:\/\/www.bellunopress.it\/wp-content\/uploads\/2012\/09\/claudia-alpago-novello.png","articleSection":["Appuntamenti, Eventi","Arte, Cultura, Spettacoli, Scienza","Pausa Caff\u00e8"],"inLanguage":"fr-FR"},{"@type":"WebPage","@id":"https:\/\/www.bellunopress.it\/2012\/11\/07\/passi-e-trapassi-rassegna-culturale-sui-temi-della-morte-e-del-morire-tanti-appuntamenti-da-lunedi-5-a-martedi-13-novembre\/","url":"https:\/\/www.bellunopress.it\/2012\/11\/07\/passi-e-trapassi-rassegna-culturale-sui-temi-della-morte-e-del-morire-tanti-appuntamenti-da-lunedi-5-a-martedi-13-novembre\/","name":"Passi e Trapassi. Rassegna culturale sui temi della morte e del morire. Tanti appuntamenti, da luned\u00ec 5 a marted\u00ec 13 novembre - Bellunopress - Dolomiti","isPartOf":{"@id":"https:\/\/www.bellunopress.it\/#website"},"primaryImageOfPage":{"@id":"https:\/\/www.bellunopress.it\/2012\/11\/07\/passi-e-trapassi-rassegna-culturale-sui-temi-della-morte-e-del-morire-tanti-appuntamenti-da-lunedi-5-a-martedi-13-novembre\/#primaryimage"},"image":{"@id":"https:\/\/www.bellunopress.it\/2012\/11\/07\/passi-e-trapassi-rassegna-culturale-sui-temi-della-morte-e-del-morire-tanti-appuntamenti-da-lunedi-5-a-martedi-13-novembre\/#primaryimage"},"thumbnailUrl":"http:\/\/www.bellunopress.it\/wp-content\/uploads\/2012\/09\/claudia-alpago-novello.png","datePublished":"2012-11-07T09:19:52+00:00","breadcrumb":{"@id":"https:\/\/www.bellunopress.it\/2012\/11\/07\/passi-e-trapassi-rassegna-culturale-sui-temi-della-morte-e-del-morire-tanti-appuntamenti-da-lunedi-5-a-martedi-13-novembre\/#breadcrumb"},"inLanguage":"fr-FR","potentialAction":[{"@type":"ReadAction","target":["https:\/\/www.bellunopress.it\/2012\/11\/07\/passi-e-trapassi-rassegna-culturale-sui-temi-della-morte-e-del-morire-tanti-appuntamenti-da-lunedi-5-a-martedi-13-novembre\/"]}]},{"@type":"ImageObject","inLanguage":"fr-FR","@id":"https:\/\/www.bellunopress.it\/2012\/11\/07\/passi-e-trapassi-rassegna-culturale-sui-temi-della-morte-e-del-morire-tanti-appuntamenti-da-lunedi-5-a-martedi-13-novembre\/#primaryimage","url":"http:\/\/www.bellunopress.it\/wp-content\/uploads\/2012\/09\/claudia-alpago-novello.png","contentUrl":"http:\/\/www.bellunopress.it\/wp-content\/uploads\/2012\/09\/claudia-alpago-novello.png"},{"@type":"BreadcrumbList","@id":"https:\/\/www.bellunopress.it\/2012\/11\/07\/passi-e-trapassi-rassegna-culturale-sui-temi-della-morte-e-del-morire-tanti-appuntamenti-da-lunedi-5-a-martedi-13-novembre\/#breadcrumb","itemListElement":[{"@type":"ListItem","position":1,"name":"Home","item":"https:\/\/www.bellunopress.it\/"},{"@type":"ListItem","position":2,"name":"Passi e Trapassi. Rassegna culturale sui temi della morte e del morire. Tanti appuntamenti, da luned\u00ec 5 a marted\u00ec 13 novembre"}]},{"@type":"WebSite","@id":"https:\/\/www.bellunopress.it\/#website","url":"https:\/\/www.bellunopress.it\/","name":"Bellunopress - Dolomiti","description":"e-mail: redazione@bellunopress.it","publisher":{"@id":"https:\/\/www.bellunopress.it\/#organization"},"potentialAction":[{"@type":"SearchAction","target":{"@type":"EntryPoint","urlTemplate":"https:\/\/www.bellunopress.it\/?s={search_term_string}"},"query-input":{"@type":"PropertyValueSpecification","valueRequired":true,"valueName":"search_term_string"}}],"inLanguage":"fr-FR"},{"@type":"Organization","@id":"https:\/\/www.bellunopress.it\/#organization","name":"Bellunopress","url":"https:\/\/www.bellunopress.it\/","logo":{"@type":"ImageObject","inLanguage":"fr-FR","@id":"https:\/\/www.bellunopress.it\/#\/schema\/logo\/image\/","url":"https:\/\/www.bellunopress.it\/wp-content\/uploads\/2011\/05\/cropped-logo-bellunopress-.jpg","contentUrl":"https:\/\/www.bellunopress.it\/wp-content\/uploads\/2011\/05\/cropped-logo-bellunopress-.jpg","width":512,"height":512,"caption":"Bellunopress"},"image":{"@id":"https:\/\/www.bellunopress.it\/#\/schema\/logo\/image\/"},"sameAs":["https:\/\/www.facebook.com\/profile.php?id=100008943462799","https:\/\/x.com\/bellunopress","https:\/\/www.linkedin.com\/hp\/?dnr=JBzUWaJfMUw8vbXJJ2tVW5-I3jZKvC4wsoxE&amp;amp;amp;amp;amp;amp;trk=nav_responsive_tab_home","https:\/\/www.youtube.com\/channel\/UCxL0wu1uN0_3_7hGG0306cw"]},{"@type":"Person","@id":"https:\/\/www.bellunopress.it\/#\/schema\/person\/79bb06722b37ece1c03d3e94beb30d73","name":"r\u00e9daction","image":{"@type":"ImageObject","inLanguage":"fr-FR","@id":"https:\/\/secure.gravatar.com\/avatar\/37d968a2e67a6fd04c169c4bdef102d0bc5d31b2546345219e348575eb80e9a0?s=96&d=mm&r=g","url":"https:\/\/secure.gravatar.com\/avatar\/37d968a2e67a6fd04c169c4bdef102d0bc5d31b2546345219e348575eb80e9a0?s=96&d=mm&r=g","contentUrl":"https:\/\/secure.gravatar.com\/avatar\/37d968a2e67a6fd04c169c4bdef102d0bc5d31b2546345219e348575eb80e9a0?s=96&d=mm&r=g","caption":"redazione"},"sameAs":["http:\/\/www.bellunopress.it","https:\/\/x.com\/bellunopress"],"url":"https:\/\/www.bellunopress.it\/fr\/author\/redazione\/"}]}},"_links":{"self":[{"href":"https:\/\/www.bellunopress.it\/fr\/wp-json\/wp\/v2\/posts\/43677","targetHints":{"allow":["GET"]}}],"collection":[{"href":"https:\/\/www.bellunopress.it\/fr\/wp-json\/wp\/v2\/posts"}],"about":[{"href":"https:\/\/www.bellunopress.it\/fr\/wp-json\/wp\/v2\/types\/post"}],"author":[{"embeddable":true,"href":"https:\/\/www.bellunopress.it\/fr\/wp-json\/wp\/v2\/users\/2"}],"replies":[{"embeddable":true,"href":"https:\/\/www.bellunopress.it\/fr\/wp-json\/wp\/v2\/comments?post=43677"}],"version-history":[{"count":1,"href":"https:\/\/www.bellunopress.it\/fr\/wp-json\/wp\/v2\/posts\/43677\/revisions"}],"predecessor-version":[{"id":43678,"href":"https:\/\/www.bellunopress.it\/fr\/wp-json\/wp\/v2\/posts\/43677\/revisions\/43678"}],"wp:attachment":[{"href":"https:\/\/www.bellunopress.it\/fr\/wp-json\/wp\/v2\/media?parent=43677"}],"wp:term":[{"taxonomy":"category","embeddable":true,"href":"https:\/\/www.bellunopress.it\/fr\/wp-json\/wp\/v2\/categories?post=43677"},{"taxonomy":"post_tag","embeddable":true,"href":"https:\/\/www.bellunopress.it\/fr\/wp-json\/wp\/v2\/tags?post=43677"}],"curies":[{"name":"wp","href":"https:\/\/api.w.org\/{rel}","templated":true}]}}