{"id":43664,"date":"2012-11-06T20:31:41","date_gmt":"2012-11-06T19:31:41","guid":{"rendered":"http:\/\/www.bellunopress.it\/?p=43664"},"modified":"2012-11-06T20:31:41","modified_gmt":"2012-11-06T19:31:41","slug":"porte-aperte-in-prefettura-per-la-festa-di-san-martino-patrono-della-citta-di-belluno","status":"publish","type":"post","link":"https:\/\/www.bellunopress.it\/fr\/2012\/11\/06\/porte-aperte-in-prefettura-per-la-festa-di-san-martino-patrono-della-citta-di-belluno\/","title":{"rendered":"Porte aperte in Prefettura per la Festa di San Martino patrono della Citt\u00e0 di Belluno"},"content":{"rendered":"<p><a href=\"http:\/\/www.bellunopress.it\/wp-content\/uploads\/2011\/07\/prefettura-notte.jpg\"><img loading=\"lazy\" decoding=\"async\" class=\"alignleft size-full wp-image-28648\" title=\"prefettura notte\" src=\"http:\/\/www.bellunopress.it\/wp-content\/uploads\/2011\/07\/prefettura-notte.jpg\" alt=\"\" width=\"290\" height=\"193\" \/><\/a>L\u201911 novembre prossimo, nell\u2019ambito delle manifestazioni \u201cBenvenuto San Martino \u2013 Belluno in Festa\u201d, il Prefetto Maria Laura Simonetti aprir\u00e0 la Prefettura per consentire ai bellunesi la visita del Palazzo dei Rettori, con inizio alle ore 14 e fino alle ore 19.<\/p>\n<p>Le visite, organizzate per gruppi, avranno la durata di circa 30 minuti.\u00a0\u00a0Per la prenotazione (obbligatoria) \u00e8 possibile telefonare ai seguenti recapiti:<\/p>\n<p>tel. 0437 952468 \u2013 0437 952670 (orario 10-12)<\/p>\n<p>o inviare una e-mail ai seguenti indirizzi prefettura.prefbl@pec.interno.it e donatella.piol@interno.it entro e non oltre il giorno 10 novembre;<\/p>\n<p>ovvero rivolgersi lo stesso giorno 11, dalle ore 10 alle ore 12 e dalle ore 14 fino ad esaurimento disponibilit\u00e0, presso l\u2019apposito sportello attivato nell\u2019ufficio al piano terra della Prefettura (accesso dal lato antistante il Municipio).<\/p>\n<p>Il dr. Marco Perale, autore del libro \u201cIl Palazzo dei Rettori di Belluno \u2013 storia e architettura\u201d sar\u00e0 la guida che accompagner\u00e0 i visitatori.<\/p>\n<p>&nbsp;<\/p>","protected":false},"excerpt":{"rendered":"<p>L\u201911 novembre prossimo, nell\u2019ambito delle manifestazioni \u201cBenvenuto San Martino \u2013 Belluno in Festa\u201d, il Prefetto Maria Laura Simonetti aprir\u00e0 la Prefettura per consentire ai bellunesi la visita del Palazzo dei Rettori, con inizio alle ore 14 e fino alle ore 19. Le visite, organizzate per gruppi, avranno la durata di circa 30 minuti.\u00a0\u00a0Per la prenotazione [&hellip;]<\/p>\n","protected":false},"author":2,"featured_media":0,"comment_status":"closed","ping_status":"open","sticky":false,"template":"","format":"standard","meta":{"footnotes":""},"categories":[27,3,26],"tags":[],"class_list":["post-43664","post","type-post","status-publish","format-standard","category-appuntamenti","category-arte-cultura-spettacoli-scienza-archivi","category-prima-pagina"],"yoast_head":"<!-- This site is optimized with the Yoast SEO plugin v28.4 - https:\/\/yoast.com\/product\/yoast-seo-wordpress\/ -->\n<title>Porte aperte in Prefettura per la Festa di San Martino patrono della Citt\u00e0 di Belluno  - Bellunopress - Dolomiti<\/title>\n<meta name=\"robots\" content=\"index, follow, max-snippet:-1, max-image-preview:large, max-video-preview:-1\" \/>\n<link rel=\"canonical\" href=\"https:\/\/www.bellunopress.it\/fr\/2012\/11\/06\/porte-aperte-in-prefettura-per-la-festa-di-san-martino-patrono-della-citta-di-belluno\/\" \/>\n<meta property=\"og:locale\" content=\"fr_FR\" \/>\n<meta property=\"og:type\" content=\"article\" \/>\n<meta property=\"og:title\" content=\"Porte aperte in Prefettura per la Festa di San Martino patrono della Citt\u00e0 di Belluno  - Bellunopress - Dolomiti\" \/>\n<meta property=\"og:description\" content=\"L\u201911 novembre prossimo, nell\u2019ambito delle manifestazioni \u201cBenvenuto San Martino \u2013 Belluno in Festa\u201d, il Prefetto Maria Laura Simonetti aprir\u00e0 la Prefettura per consentire ai bellunesi la visita del Palazzo dei Rettori, con inizio alle ore 14 e fino alle ore 19. Le visite, organizzate per gruppi, avranno la durata di circa 30 minuti.\u00a0\u00a0Per la prenotazione [&hellip;]\" \/>\n<meta property=\"og:url\" content=\"https:\/\/www.bellunopress.it\/fr\/2012\/11\/06\/porte-aperte-in-prefettura-per-la-festa-di-san-martino-patrono-della-citta-di-belluno\/\" \/>\n<meta property=\"og:site_name\" content=\"Bellunopress - Dolomiti\" \/>\n<meta property=\"article:publisher\" content=\"https:\/\/www.facebook.com\/profile.php?id=100008943462799\" \/>\n<meta property=\"article:published_time\" content=\"2012-11-06T19:31:41+00:00\" \/>\n<meta property=\"og:image\" content=\"http:\/\/www.bellunopress.it\/wp-content\/uploads\/2011\/07\/prefettura-notte.jpg\" \/>\n<meta name=\"author\" content=\"redazione\" \/>\n<meta name=\"twitter:card\" content=\"summary_large_image\" \/>\n<meta name=\"twitter:creator\" content=\"@bellunopress\" \/>\n<meta name=\"twitter:site\" content=\"@bellunopress\" \/>\n<meta name=\"twitter:label1\" content=\"\u00c9crit par\" \/>\n\t<meta name=\"twitter:data1\" content=\"redazione\" \/>\n\t<meta name=\"twitter:label2\" content=\"Dur\u00e9e de lecture estim\u00e9e\" \/>\n\t<meta name=\"twitter:data2\" content=\"1 minute\" \/>\n<script type=\"application\/ld+json\" class=\"yoast-schema-graph\">{\"@context\":\"https:\\\/\\\/schema.org\",\"@graph\":[{\"@type\":\"Article\",\"@id\":\"https:\\\/\\\/www.bellunopress.it\\\/2012\\\/11\\\/06\\\/porte-aperte-in-prefettura-per-la-festa-di-san-martino-patrono-della-citta-di-belluno\\\/#article\",\"isPartOf\":{\"@id\":\"https:\\\/\\\/www.bellunopress.it\\\/2012\\\/11\\\/06\\\/porte-aperte-in-prefettura-per-la-festa-di-san-martino-patrono-della-citta-di-belluno\\\/\"},\"author\":{\"name\":\"redazione\",\"@id\":\"https:\\\/\\\/www.bellunopress.it\\\/#\\\/schema\\\/person\\\/79bb06722b37ece1c03d3e94beb30d73\"},\"headline\":\"Porte aperte in Prefettura per la Festa di San Martino patrono della Citt\u00e0 di Belluno\",\"datePublished\":\"2012-11-06T19:31:41+00:00\",\"mainEntityOfPage\":{\"@id\":\"https:\\\/\\\/www.bellunopress.it\\\/2012\\\/11\\\/06\\\/porte-aperte-in-prefettura-per-la-festa-di-san-martino-patrono-della-citta-di-belluno\\\/\"},\"wordCount\":159,\"publisher\":{\"@id\":\"https:\\\/\\\/www.bellunopress.it\\\/#organization\"},\"image\":{\"@id\":\"https:\\\/\\\/www.bellunopress.it\\\/2012\\\/11\\\/06\\\/porte-aperte-in-prefettura-per-la-festa-di-san-martino-patrono-della-citta-di-belluno\\\/#primaryimage\"},\"thumbnailUrl\":\"http:\\\/\\\/www.bellunopress.it\\\/wp-content\\\/uploads\\\/2011\\\/07\\\/prefettura-notte.jpg\",\"articleSection\":[\"Appuntamenti, Eventi\",\"Arte, Cultura, Spettacoli, Scienza\",\"Prima Pagina\"],\"inLanguage\":\"fr-FR\"},{\"@type\":\"WebPage\",\"@id\":\"https:\\\/\\\/www.bellunopress.it\\\/2012\\\/11\\\/06\\\/porte-aperte-in-prefettura-per-la-festa-di-san-martino-patrono-della-citta-di-belluno\\\/\",\"url\":\"https:\\\/\\\/www.bellunopress.it\\\/2012\\\/11\\\/06\\\/porte-aperte-in-prefettura-per-la-festa-di-san-martino-patrono-della-citta-di-belluno\\\/\",\"name\":\"Porte aperte in Prefettura per la Festa di San Martino patrono della Citt\u00e0 di Belluno - Bellunopress - Dolomiti\",\"isPartOf\":{\"@id\":\"https:\\\/\\\/www.bellunopress.it\\\/#website\"},\"primaryImageOfPage\":{\"@id\":\"https:\\\/\\\/www.bellunopress.it\\\/2012\\\/11\\\/06\\\/porte-aperte-in-prefettura-per-la-festa-di-san-martino-patrono-della-citta-di-belluno\\\/#primaryimage\"},\"image\":{\"@id\":\"https:\\\/\\\/www.bellunopress.it\\\/2012\\\/11\\\/06\\\/porte-aperte-in-prefettura-per-la-festa-di-san-martino-patrono-della-citta-di-belluno\\\/#primaryimage\"},\"thumbnailUrl\":\"http:\\\/\\\/www.bellunopress.it\\\/wp-content\\\/uploads\\\/2011\\\/07\\\/prefettura-notte.jpg\",\"datePublished\":\"2012-11-06T19:31:41+00:00\",\"breadcrumb\":{\"@id\":\"https:\\\/\\\/www.bellunopress.it\\\/2012\\\/11\\\/06\\\/porte-aperte-in-prefettura-per-la-festa-di-san-martino-patrono-della-citta-di-belluno\\\/#breadcrumb\"},\"inLanguage\":\"fr-FR\",\"potentialAction\":[{\"@type\":\"ReadAction\",\"target\":[\"https:\\\/\\\/www.bellunopress.it\\\/2012\\\/11\\\/06\\\/porte-aperte-in-prefettura-per-la-festa-di-san-martino-patrono-della-citta-di-belluno\\\/\"]}]},{\"@type\":\"ImageObject\",\"inLanguage\":\"fr-FR\",\"@id\":\"https:\\\/\\\/www.bellunopress.it\\\/2012\\\/11\\\/06\\\/porte-aperte-in-prefettura-per-la-festa-di-san-martino-patrono-della-citta-di-belluno\\\/#primaryimage\",\"url\":\"http:\\\/\\\/www.bellunopress.it\\\/wp-content\\\/uploads\\\/2011\\\/07\\\/prefettura-notte.jpg\",\"contentUrl\":\"http:\\\/\\\/www.bellunopress.it\\\/wp-content\\\/uploads\\\/2011\\\/07\\\/prefettura-notte.jpg\"},{\"@type\":\"BreadcrumbList\",\"@id\":\"https:\\\/\\\/www.bellunopress.it\\\/2012\\\/11\\\/06\\\/porte-aperte-in-prefettura-per-la-festa-di-san-martino-patrono-della-citta-di-belluno\\\/#breadcrumb\",\"itemListElement\":[{\"@type\":\"ListItem\",\"position\":1,\"name\":\"Home\",\"item\":\"https:\\\/\\\/www.bellunopress.it\\\/\"},{\"@type\":\"ListItem\",\"position\":2,\"name\":\"Porte aperte in Prefettura per la Festa di San Martino patrono della Citt\u00e0 di Belluno\"}]},{\"@type\":\"WebSite\",\"@id\":\"https:\\\/\\\/www.bellunopress.it\\\/#website\",\"url\":\"https:\\\/\\\/www.bellunopress.it\\\/\",\"name\":\"Bellunopress - Dolomiti\",\"description\":\"e-mail: redazione@bellunopress.it\",\"publisher\":{\"@id\":\"https:\\\/\\\/www.bellunopress.it\\\/#organization\"},\"potentialAction\":[{\"@type\":\"SearchAction\",\"target\":{\"@type\":\"EntryPoint\",\"urlTemplate\":\"https:\\\/\\\/www.bellunopress.it\\\/?s={search_term_string}\"},\"query-input\":{\"@type\":\"PropertyValueSpecification\",\"valueRequired\":true,\"valueName\":\"search_term_string\"}}],\"inLanguage\":\"fr-FR\"},{\"@type\":\"Organization\",\"@id\":\"https:\\\/\\\/www.bellunopress.it\\\/#organization\",\"name\":\"Bellunopress\",\"url\":\"https:\\\/\\\/www.bellunopress.it\\\/\",\"logo\":{\"@type\":\"ImageObject\",\"inLanguage\":\"fr-FR\",\"@id\":\"https:\\\/\\\/www.bellunopress.it\\\/#\\\/schema\\\/logo\\\/image\\\/\",\"url\":\"https:\\\/\\\/www.bellunopress.it\\\/wp-content\\\/uploads\\\/2011\\\/05\\\/cropped-logo-bellunopress-.jpg\",\"contentUrl\":\"https:\\\/\\\/www.bellunopress.it\\\/wp-content\\\/uploads\\\/2011\\\/05\\\/cropped-logo-bellunopress-.jpg\",\"width\":512,\"height\":512,\"caption\":\"Bellunopress\"},\"image\":{\"@id\":\"https:\\\/\\\/www.bellunopress.it\\\/#\\\/schema\\\/logo\\\/image\\\/\"},\"sameAs\":[\"https:\\\/\\\/www.facebook.com\\\/profile.php?id=100008943462799\",\"https:\\\/\\\/x.com\\\/bellunopress\",\"https:\\\/\\\/www.linkedin.com\\\/hp\\\/?dnr=JBzUWaJfMUw8vbXJJ2tVW5-I3jZKvC4wsoxE&amp;amp;amp;amp;amp;amp;trk=nav_responsive_tab_home\",\"https:\\\/\\\/www.youtube.com\\\/channel\\\/UCxL0wu1uN0_3_7hGG0306cw\"]},{\"@type\":\"Person\",\"@id\":\"https:\\\/\\\/www.bellunopress.it\\\/#\\\/schema\\\/person\\\/79bb06722b37ece1c03d3e94beb30d73\",\"name\":\"redazione\",\"image\":{\"@type\":\"ImageObject\",\"inLanguage\":\"fr-FR\",\"@id\":\"https:\\\/\\\/secure.gravatar.com\\\/avatar\\\/37d968a2e67a6fd04c169c4bdef102d0bc5d31b2546345219e348575eb80e9a0?s=96&d=mm&r=g\",\"url\":\"https:\\\/\\\/secure.gravatar.com\\\/avatar\\\/37d968a2e67a6fd04c169c4bdef102d0bc5d31b2546345219e348575eb80e9a0?s=96&d=mm&r=g\",\"contentUrl\":\"https:\\\/\\\/secure.gravatar.com\\\/avatar\\\/37d968a2e67a6fd04c169c4bdef102d0bc5d31b2546345219e348575eb80e9a0?s=96&d=mm&r=g\",\"caption\":\"redazione\"},\"sameAs\":[\"http:\\\/\\\/www.bellunopress.it\",\"https:\\\/\\\/x.com\\\/bellunopress\"],\"url\":\"https:\\\/\\\/www.bellunopress.it\\\/fr\\\/author\\\/redazione\\\/\"}]}<\/script>\n<!-- \/ Yoast SEO plugin. -->","yoast_head_json":{"title":"Porte aperte in Prefettura per la Festa di San Martino patrono della Citt\u00e0 di Belluno  - Bellunopress - Dolomiti","robots":{"index":"index","follow":"follow","max-snippet":"max-snippet:-1","max-image-preview":"max-image-preview:large","max-video-preview":"max-video-preview:-1"},"canonical":"https:\/\/www.bellunopress.it\/fr\/2012\/11\/06\/porte-aperte-in-prefettura-per-la-festa-di-san-martino-patrono-della-citta-di-belluno\/","og_locale":"fr_FR","og_type":"article","og_title":"Porte aperte in Prefettura per la Festa di San Martino patrono della Citt\u00e0 di Belluno  - Bellunopress - Dolomiti","og_description":"L\u201911 novembre prossimo, nell\u2019ambito delle manifestazioni \u201cBenvenuto San Martino \u2013 Belluno in Festa\u201d, il Prefetto Maria Laura Simonetti aprir\u00e0 la Prefettura per consentire ai bellunesi la visita del Palazzo dei Rettori, con inizio alle ore 14 e fino alle ore 19. Le visite, organizzate per gruppi, avranno la durata di circa 30 minuti.\u00a0\u00a0Per la prenotazione [&hellip;]","og_url":"https:\/\/www.bellunopress.it\/fr\/2012\/11\/06\/porte-aperte-in-prefettura-per-la-festa-di-san-martino-patrono-della-citta-di-belluno\/","og_site_name":"Bellunopress - Dolomiti","article_publisher":"https:\/\/www.facebook.com\/profile.php?id=100008943462799","article_published_time":"2012-11-06T19:31:41+00:00","og_image":[{"url":"http:\/\/www.bellunopress.it\/wp-content\/uploads\/2011\/07\/prefettura-notte.jpg","type":"","width":"","height":""}],"author":"redazione","twitter_card":"summary_large_image","twitter_creator":"@bellunopress","twitter_site":"@bellunopress","twitter_misc":{"\u00c9crit par":"redazione","Dur\u00e9e de lecture estim\u00e9e":"1 minute"},"schema":{"@context":"https:\/\/schema.org","@graph":[{"@type":"Article","@id":"https:\/\/www.bellunopress.it\/2012\/11\/06\/porte-aperte-in-prefettura-per-la-festa-di-san-martino-patrono-della-citta-di-belluno\/#article","isPartOf":{"@id":"https:\/\/www.bellunopress.it\/2012\/11\/06\/porte-aperte-in-prefettura-per-la-festa-di-san-martino-patrono-della-citta-di-belluno\/"},"author":{"name":"redazione","@id":"https:\/\/www.bellunopress.it\/#\/schema\/person\/79bb06722b37ece1c03d3e94beb30d73"},"headline":"Porte aperte in Prefettura per la Festa di San Martino patrono della Citt\u00e0 di Belluno","datePublished":"2012-11-06T19:31:41+00:00","mainEntityOfPage":{"@id":"https:\/\/www.bellunopress.it\/2012\/11\/06\/porte-aperte-in-prefettura-per-la-festa-di-san-martino-patrono-della-citta-di-belluno\/"},"wordCount":159,"publisher":{"@id":"https:\/\/www.bellunopress.it\/#organization"},"image":{"@id":"https:\/\/www.bellunopress.it\/2012\/11\/06\/porte-aperte-in-prefettura-per-la-festa-di-san-martino-patrono-della-citta-di-belluno\/#primaryimage"},"thumbnailUrl":"http:\/\/www.bellunopress.it\/wp-content\/uploads\/2011\/07\/prefettura-notte.jpg","articleSection":["Appuntamenti, Eventi","Arte, Cultura, Spettacoli, Scienza","Prima Pagina"],"inLanguage":"fr-FR"},{"@type":"WebPage","@id":"https:\/\/www.bellunopress.it\/2012\/11\/06\/porte-aperte-in-prefettura-per-la-festa-di-san-martino-patrono-della-citta-di-belluno\/","url":"https:\/\/www.bellunopress.it\/2012\/11\/06\/porte-aperte-in-prefettura-per-la-festa-di-san-martino-patrono-della-citta-di-belluno\/","name":"Porte aperte in Prefettura per la Festa di San Martino patrono della Citt\u00e0 di Belluno - Bellunopress - Dolomiti","isPartOf":{"@id":"https:\/\/www.bellunopress.it\/#website"},"primaryImageOfPage":{"@id":"https:\/\/www.bellunopress.it\/2012\/11\/06\/porte-aperte-in-prefettura-per-la-festa-di-san-martino-patrono-della-citta-di-belluno\/#primaryimage"},"image":{"@id":"https:\/\/www.bellunopress.it\/2012\/11\/06\/porte-aperte-in-prefettura-per-la-festa-di-san-martino-patrono-della-citta-di-belluno\/#primaryimage"},"thumbnailUrl":"http:\/\/www.bellunopress.it\/wp-content\/uploads\/2011\/07\/prefettura-notte.jpg","datePublished":"2012-11-06T19:31:41+00:00","breadcrumb":{"@id":"https:\/\/www.bellunopress.it\/2012\/11\/06\/porte-aperte-in-prefettura-per-la-festa-di-san-martino-patrono-della-citta-di-belluno\/#breadcrumb"},"inLanguage":"fr-FR","potentialAction":[{"@type":"ReadAction","target":["https:\/\/www.bellunopress.it\/2012\/11\/06\/porte-aperte-in-prefettura-per-la-festa-di-san-martino-patrono-della-citta-di-belluno\/"]}]},{"@type":"ImageObject","inLanguage":"fr-FR","@id":"https:\/\/www.bellunopress.it\/2012\/11\/06\/porte-aperte-in-prefettura-per-la-festa-di-san-martino-patrono-della-citta-di-belluno\/#primaryimage","url":"http:\/\/www.bellunopress.it\/wp-content\/uploads\/2011\/07\/prefettura-notte.jpg","contentUrl":"http:\/\/www.bellunopress.it\/wp-content\/uploads\/2011\/07\/prefettura-notte.jpg"},{"@type":"BreadcrumbList","@id":"https:\/\/www.bellunopress.it\/2012\/11\/06\/porte-aperte-in-prefettura-per-la-festa-di-san-martino-patrono-della-citta-di-belluno\/#breadcrumb","itemListElement":[{"@type":"ListItem","position":1,"name":"Home","item":"https:\/\/www.bellunopress.it\/"},{"@type":"ListItem","position":2,"name":"Porte aperte in Prefettura per la Festa di San Martino patrono della Citt\u00e0 di Belluno"}]},{"@type":"WebSite","@id":"https:\/\/www.bellunopress.it\/#website","url":"https:\/\/www.bellunopress.it\/","name":"Bellunopress - Dolomiti","description":"e-mail: redazione@bellunopress.it","publisher":{"@id":"https:\/\/www.bellunopress.it\/#organization"},"potentialAction":[{"@type":"SearchAction","target":{"@type":"EntryPoint","urlTemplate":"https:\/\/www.bellunopress.it\/?s={search_term_string}"},"query-input":{"@type":"PropertyValueSpecification","valueRequired":true,"valueName":"search_term_string"}}],"inLanguage":"fr-FR"},{"@type":"Organization","@id":"https:\/\/www.bellunopress.it\/#organization","name":"Bellunopress","url":"https:\/\/www.bellunopress.it\/","logo":{"@type":"ImageObject","inLanguage":"fr-FR","@id":"https:\/\/www.bellunopress.it\/#\/schema\/logo\/image\/","url":"https:\/\/www.bellunopress.it\/wp-content\/uploads\/2011\/05\/cropped-logo-bellunopress-.jpg","contentUrl":"https:\/\/www.bellunopress.it\/wp-content\/uploads\/2011\/05\/cropped-logo-bellunopress-.jpg","width":512,"height":512,"caption":"Bellunopress"},"image":{"@id":"https:\/\/www.bellunopress.it\/#\/schema\/logo\/image\/"},"sameAs":["https:\/\/www.facebook.com\/profile.php?id=100008943462799","https:\/\/x.com\/bellunopress","https:\/\/www.linkedin.com\/hp\/?dnr=JBzUWaJfMUw8vbXJJ2tVW5-I3jZKvC4wsoxE&amp;amp;amp;amp;amp;amp;trk=nav_responsive_tab_home","https:\/\/www.youtube.com\/channel\/UCxL0wu1uN0_3_7hGG0306cw"]},{"@type":"Person","@id":"https:\/\/www.bellunopress.it\/#\/schema\/person\/79bb06722b37ece1c03d3e94beb30d73","name":"r\u00e9daction","image":{"@type":"ImageObject","inLanguage":"fr-FR","@id":"https:\/\/secure.gravatar.com\/avatar\/37d968a2e67a6fd04c169c4bdef102d0bc5d31b2546345219e348575eb80e9a0?s=96&d=mm&r=g","url":"https:\/\/secure.gravatar.com\/avatar\/37d968a2e67a6fd04c169c4bdef102d0bc5d31b2546345219e348575eb80e9a0?s=96&d=mm&r=g","contentUrl":"https:\/\/secure.gravatar.com\/avatar\/37d968a2e67a6fd04c169c4bdef102d0bc5d31b2546345219e348575eb80e9a0?s=96&d=mm&r=g","caption":"redazione"},"sameAs":["http:\/\/www.bellunopress.it","https:\/\/x.com\/bellunopress"],"url":"https:\/\/www.bellunopress.it\/fr\/author\/redazione\/"}]}},"_links":{"self":[{"href":"https:\/\/www.bellunopress.it\/fr\/wp-json\/wp\/v2\/posts\/43664","targetHints":{"allow":["GET"]}}],"collection":[{"href":"https:\/\/www.bellunopress.it\/fr\/wp-json\/wp\/v2\/posts"}],"about":[{"href":"https:\/\/www.bellunopress.it\/fr\/wp-json\/wp\/v2\/types\/post"}],"author":[{"embeddable":true,"href":"https:\/\/www.bellunopress.it\/fr\/wp-json\/wp\/v2\/users\/2"}],"replies":[{"embeddable":true,"href":"https:\/\/www.bellunopress.it\/fr\/wp-json\/wp\/v2\/comments?post=43664"}],"version-history":[{"count":2,"href":"https:\/\/www.bellunopress.it\/fr\/wp-json\/wp\/v2\/posts\/43664\/revisions"}],"predecessor-version":[{"id":43666,"href":"https:\/\/www.bellunopress.it\/fr\/wp-json\/wp\/v2\/posts\/43664\/revisions\/43666"}],"wp:attachment":[{"href":"https:\/\/www.bellunopress.it\/fr\/wp-json\/wp\/v2\/media?parent=43664"}],"wp:term":[{"taxonomy":"category","embeddable":true,"href":"https:\/\/www.bellunopress.it\/fr\/wp-json\/wp\/v2\/categories?post=43664"},{"taxonomy":"post_tag","embeddable":true,"href":"https:\/\/www.bellunopress.it\/fr\/wp-json\/wp\/v2\/tags?post=43664"}],"curies":[{"name":"wp","href":"https:\/\/api.w.org\/{rel}","templated":true}]}}