{"id":43643,"date":"2012-11-06T07:49:52","date_gmt":"2012-11-06T06:49:52","guid":{"rendered":"http:\/\/www.bellunopress.it\/?p=43643"},"modified":"2012-11-06T07:49:52","modified_gmt":"2012-11-06T06:49:52","slug":"giornata-mondiale-per-la-lotta-allictus-grande-partecipazione-per-lincontro-svoltosi-a-tambre","status":"publish","type":"post","link":"https:\/\/www.bellunopress.it\/fr\/2012\/11\/06\/giornata-mondiale-per-la-lotta-allictus-grande-partecipazione-per-lincontro-svoltosi-a-tambre\/","title":{"rendered":"\u201cGiornata  mondiale per la lotta all\u2019ictus\u201d: grande partecipazione per l&#8217;incontro svoltosi a Tambre"},"content":{"rendered":"<p><strong>Oltre 100 i partecipanti all&#8217;incontro promosso dall&#8217;Ulss n.1 di Belluno e Pieve di Cadore e 80 le persone che si sono sottoposte ai test di screening.<\/strong><\/p>\n<p><a href=\"http:\/\/www.bellunopress.it\/wp-content\/uploads\/2010\/01\/ospedale.jpg\"><img loading=\"lazy\" decoding=\"async\" class=\"alignleft size-full wp-image-11690\" title=\"ospedale\" src=\"http:\/\/www.bellunopress.it\/wp-content\/uploads\/2010\/01\/ospedale.jpg\" alt=\"\" width=\"130\" height=\"130\" \/><\/a>Lo scorso 26 ottobre 2012 si e&#8217; celebrata a Tambre la 5^ edizione della \u201cGiornata Mondiale dell\u2019ictus cerebrale\u201d promossa dalla WSO (World Stroke Organization) finalizzata a diffondere la conoscenza di questa malattia cerebro vascolare. L\u00b4 Unit\u00e0 Operativa di Neurologia di Belluno ed in particolare la sezione malattie cerebrovascolari &#8211; Stroke Unit, in collaborazione con l\u2019Unit\u00e0 Operativa di Medicina di Pieve di Cadore ed il Comune di Tambre hanno proposto ai cittadini un incontro di educazione sanitaria aperto alla popolazione che ha visto una prima parte dove il dott. Manrico Gentile (Responsabile UO Neurologia Belluno), il dott. Carlo Antona (Direttore del reparto Medicina dell&#8217;Ospedale di Pieve di Cadore), la dott. Cecilia Lo Cascio (neurofisiologa), hanno illustrato la malattia, i fattori di rischio, alcuni dati significativi per inquadrare il fenomeno e la seconda parte dell&#8217;incontro dedicata alle prove di screening cui i partecipanti si sono volontariamente sottoposti ad un percorso vita per verificare alcuni parametri specifici del rischio vascolare.<\/p>\n<p>I cittadini hanno compreso l&#8217;utilita&#8217; e l&#8217;importanza di questa iniziativa partecipando davvero numerosi sia all&#8217;interessante conferenza specialistica che sottoponendosi \u2013 in oltre 80 persone \u2013 allo screening con prove che hanno interessato la pressione, il colesterolo, peso\/altezza, glicemia, ecodoppler dei tronchi sovraortici.<\/p>\n<p>Per la buona riuscita dell&#8217;evento si ringraziano in particolare il personale infermieristico delle UU.OO. di Neurologia di Belluno e di Medicina di Pieve di Cadore, la cui presenza attiva e&#8217; il vero punto di novita&#8217; di tali manifestazioni, e la dott.ssa Roberta Chittaro della Farmacia Sant&#8217;Anna di Tambre che ha collaborato alle attivita&#8217; di screening. Questo tipo di iniziative rappresentano un&#8217;occasione importante per informare le persone e coinvolgere attivamente nella prevenzione, soprattutto portando un segnale positivo di come i servizi riescano ad avvicinarsi ai cittadini nel loro territorio. Da parte di tutti i soggetti coinvolti si auspica che questi incontri possano diventare un appuntamento ricorrente, su tematiche di vario genere, ma con la stessa modalita&#8217; interattiva di partecipazione e coinvolgimento.<\/p>","protected":false},"excerpt":{"rendered":"<p>Oltre 100 i partecipanti all&#8217;incontro promosso dall&#8217;Ulss n.1 di Belluno e Pieve di Cadore e 80 le persone che si sono sottoposte ai test di screening. Lo scorso 26 ottobre 2012 si e&#8217; celebrata a Tambre la 5^ edizione della \u201cGiornata Mondiale dell\u2019ictus cerebrale\u201d promossa dalla WSO (World Stroke Organization) finalizzata a diffondere la conoscenza [&hellip;]<\/p>\n","protected":false},"author":2,"featured_media":0,"comment_status":"closed","ping_status":"open","sticky":false,"template":"","format":"standard","meta":{"footnotes":""},"categories":[5,26],"tags":[],"class_list":["post-43643","post","type-post","status-publish","format-standard","category-cronaca","category-prima-pagina"],"yoast_head":"<!-- This site is optimized with the Yoast SEO plugin v28.4 - https:\/\/yoast.com\/product\/yoast-seo-wordpress\/ -->\n<title>\u201cGiornata mondiale per la lotta all\u2019ictus\u201d: grande partecipazione per l&#039;incontro svoltosi a Tambre  - Bellunopress - Dolomiti<\/title>\n<meta name=\"robots\" content=\"index, follow, max-snippet:-1, max-image-preview:large, max-video-preview:-1\" \/>\n<link rel=\"canonical\" href=\"https:\/\/www.bellunopress.it\/fr\/2012\/11\/06\/giornata-mondiale-per-la-lotta-allictus-grande-partecipazione-per-lincontro-svoltosi-a-tambre\/\" \/>\n<meta property=\"og:locale\" content=\"fr_FR\" \/>\n<meta property=\"og:type\" content=\"article\" \/>\n<meta property=\"og:title\" content=\"\u201cGiornata mondiale per la lotta all\u2019ictus\u201d: grande partecipazione per l&#039;incontro svoltosi a Tambre  - Bellunopress - Dolomiti\" \/>\n<meta property=\"og:description\" content=\"Oltre 100 i partecipanti all&#8217;incontro promosso dall&#8217;Ulss n.1 di Belluno e Pieve di Cadore e 80 le persone che si sono sottoposte ai test di screening. Lo scorso 26 ottobre 2012 si e&#8217; celebrata a Tambre la 5^ edizione della \u201cGiornata Mondiale dell\u2019ictus cerebrale\u201d promossa dalla WSO (World Stroke Organization) finalizzata a diffondere la conoscenza [&hellip;]\" \/>\n<meta property=\"og:url\" content=\"https:\/\/www.bellunopress.it\/fr\/2012\/11\/06\/giornata-mondiale-per-la-lotta-allictus-grande-partecipazione-per-lincontro-svoltosi-a-tambre\/\" \/>\n<meta property=\"og:site_name\" content=\"Bellunopress - Dolomiti\" \/>\n<meta property=\"article:publisher\" content=\"https:\/\/www.facebook.com\/profile.php?id=100008943462799\" \/>\n<meta property=\"article:published_time\" content=\"2012-11-06T06:49:52+00:00\" \/>\n<meta property=\"og:image\" content=\"http:\/\/www.bellunopress.it\/wp-content\/uploads\/2010\/01\/ospedale.jpg\" \/>\n<meta name=\"author\" content=\"redazione\" \/>\n<meta name=\"twitter:card\" content=\"summary_large_image\" \/>\n<meta name=\"twitter:creator\" content=\"@bellunopress\" \/>\n<meta name=\"twitter:site\" content=\"@bellunopress\" \/>\n<meta name=\"twitter:label1\" content=\"\u00c9crit par\" \/>\n\t<meta name=\"twitter:data1\" content=\"redazione\" \/>\n\t<meta name=\"twitter:label2\" content=\"Dur\u00e9e de lecture estim\u00e9e\" \/>\n\t<meta name=\"twitter:data2\" content=\"2 minutes\" \/>\n<script type=\"application\/ld+json\" class=\"yoast-schema-graph\">{\"@context\":\"https:\\\/\\\/schema.org\",\"@graph\":[{\"@type\":\"Article\",\"@id\":\"https:\\\/\\\/www.bellunopress.it\\\/2012\\\/11\\\/06\\\/giornata-mondiale-per-la-lotta-allictus-grande-partecipazione-per-lincontro-svoltosi-a-tambre\\\/#article\",\"isPartOf\":{\"@id\":\"https:\\\/\\\/www.bellunopress.it\\\/2012\\\/11\\\/06\\\/giornata-mondiale-per-la-lotta-allictus-grande-partecipazione-per-lincontro-svoltosi-a-tambre\\\/\"},\"author\":{\"name\":\"redazione\",\"@id\":\"https:\\\/\\\/www.bellunopress.it\\\/#\\\/schema\\\/person\\\/79bb06722b37ece1c03d3e94beb30d73\"},\"headline\":\"\u201cGiornata mondiale per la lotta all\u2019ictus\u201d: grande partecipazione per l&#8217;incontro svoltosi a Tambre\",\"datePublished\":\"2012-11-06T06:49:52+00:00\",\"mainEntityOfPage\":{\"@id\":\"https:\\\/\\\/www.bellunopress.it\\\/2012\\\/11\\\/06\\\/giornata-mondiale-per-la-lotta-allictus-grande-partecipazione-per-lincontro-svoltosi-a-tambre\\\/\"},\"wordCount\":367,\"publisher\":{\"@id\":\"https:\\\/\\\/www.bellunopress.it\\\/#organization\"},\"image\":{\"@id\":\"https:\\\/\\\/www.bellunopress.it\\\/2012\\\/11\\\/06\\\/giornata-mondiale-per-la-lotta-allictus-grande-partecipazione-per-lincontro-svoltosi-a-tambre\\\/#primaryimage\"},\"thumbnailUrl\":\"http:\\\/\\\/www.bellunopress.it\\\/wp-content\\\/uploads\\\/2010\\\/01\\\/ospedale.jpg\",\"articleSection\":[\"Cronaca\\\/Politica\",\"Prima Pagina\"],\"inLanguage\":\"fr-FR\"},{\"@type\":\"WebPage\",\"@id\":\"https:\\\/\\\/www.bellunopress.it\\\/2012\\\/11\\\/06\\\/giornata-mondiale-per-la-lotta-allictus-grande-partecipazione-per-lincontro-svoltosi-a-tambre\\\/\",\"url\":\"https:\\\/\\\/www.bellunopress.it\\\/2012\\\/11\\\/06\\\/giornata-mondiale-per-la-lotta-allictus-grande-partecipazione-per-lincontro-svoltosi-a-tambre\\\/\",\"name\":\"\u201cGiornata mondiale per la lotta all\u2019ictus\u201d: grande partecipazione per l'incontro svoltosi a Tambre - Bellunopress - Dolomiti\",\"isPartOf\":{\"@id\":\"https:\\\/\\\/www.bellunopress.it\\\/#website\"},\"primaryImageOfPage\":{\"@id\":\"https:\\\/\\\/www.bellunopress.it\\\/2012\\\/11\\\/06\\\/giornata-mondiale-per-la-lotta-allictus-grande-partecipazione-per-lincontro-svoltosi-a-tambre\\\/#primaryimage\"},\"image\":{\"@id\":\"https:\\\/\\\/www.bellunopress.it\\\/2012\\\/11\\\/06\\\/giornata-mondiale-per-la-lotta-allictus-grande-partecipazione-per-lincontro-svoltosi-a-tambre\\\/#primaryimage\"},\"thumbnailUrl\":\"http:\\\/\\\/www.bellunopress.it\\\/wp-content\\\/uploads\\\/2010\\\/01\\\/ospedale.jpg\",\"datePublished\":\"2012-11-06T06:49:52+00:00\",\"breadcrumb\":{\"@id\":\"https:\\\/\\\/www.bellunopress.it\\\/2012\\\/11\\\/06\\\/giornata-mondiale-per-la-lotta-allictus-grande-partecipazione-per-lincontro-svoltosi-a-tambre\\\/#breadcrumb\"},\"inLanguage\":\"fr-FR\",\"potentialAction\":[{\"@type\":\"ReadAction\",\"target\":[\"https:\\\/\\\/www.bellunopress.it\\\/2012\\\/11\\\/06\\\/giornata-mondiale-per-la-lotta-allictus-grande-partecipazione-per-lincontro-svoltosi-a-tambre\\\/\"]}]},{\"@type\":\"ImageObject\",\"inLanguage\":\"fr-FR\",\"@id\":\"https:\\\/\\\/www.bellunopress.it\\\/2012\\\/11\\\/06\\\/giornata-mondiale-per-la-lotta-allictus-grande-partecipazione-per-lincontro-svoltosi-a-tambre\\\/#primaryimage\",\"url\":\"http:\\\/\\\/www.bellunopress.it\\\/wp-content\\\/uploads\\\/2010\\\/01\\\/ospedale.jpg\",\"contentUrl\":\"http:\\\/\\\/www.bellunopress.it\\\/wp-content\\\/uploads\\\/2010\\\/01\\\/ospedale.jpg\"},{\"@type\":\"BreadcrumbList\",\"@id\":\"https:\\\/\\\/www.bellunopress.it\\\/2012\\\/11\\\/06\\\/giornata-mondiale-per-la-lotta-allictus-grande-partecipazione-per-lincontro-svoltosi-a-tambre\\\/#breadcrumb\",\"itemListElement\":[{\"@type\":\"ListItem\",\"position\":1,\"name\":\"Home\",\"item\":\"https:\\\/\\\/www.bellunopress.it\\\/\"},{\"@type\":\"ListItem\",\"position\":2,\"name\":\"\u201cGiornata mondiale per la lotta all\u2019ictus\u201d: grande partecipazione per l&#8217;incontro svoltosi a Tambre\"}]},{\"@type\":\"WebSite\",\"@id\":\"https:\\\/\\\/www.bellunopress.it\\\/#website\",\"url\":\"https:\\\/\\\/www.bellunopress.it\\\/\",\"name\":\"Bellunopress - Dolomiti\",\"description\":\"e-mail: redazione@bellunopress.it\",\"publisher\":{\"@id\":\"https:\\\/\\\/www.bellunopress.it\\\/#organization\"},\"potentialAction\":[{\"@type\":\"SearchAction\",\"target\":{\"@type\":\"EntryPoint\",\"urlTemplate\":\"https:\\\/\\\/www.bellunopress.it\\\/?s={search_term_string}\"},\"query-input\":{\"@type\":\"PropertyValueSpecification\",\"valueRequired\":true,\"valueName\":\"search_term_string\"}}],\"inLanguage\":\"fr-FR\"},{\"@type\":\"Organization\",\"@id\":\"https:\\\/\\\/www.bellunopress.it\\\/#organization\",\"name\":\"Bellunopress\",\"url\":\"https:\\\/\\\/www.bellunopress.it\\\/\",\"logo\":{\"@type\":\"ImageObject\",\"inLanguage\":\"fr-FR\",\"@id\":\"https:\\\/\\\/www.bellunopress.it\\\/#\\\/schema\\\/logo\\\/image\\\/\",\"url\":\"https:\\\/\\\/www.bellunopress.it\\\/wp-content\\\/uploads\\\/2011\\\/05\\\/cropped-logo-bellunopress-.jpg\",\"contentUrl\":\"https:\\\/\\\/www.bellunopress.it\\\/wp-content\\\/uploads\\\/2011\\\/05\\\/cropped-logo-bellunopress-.jpg\",\"width\":512,\"height\":512,\"caption\":\"Bellunopress\"},\"image\":{\"@id\":\"https:\\\/\\\/www.bellunopress.it\\\/#\\\/schema\\\/logo\\\/image\\\/\"},\"sameAs\":[\"https:\\\/\\\/www.facebook.com\\\/profile.php?id=100008943462799\",\"https:\\\/\\\/x.com\\\/bellunopress\",\"https:\\\/\\\/www.linkedin.com\\\/hp\\\/?dnr=JBzUWaJfMUw8vbXJJ2tVW5-I3jZKvC4wsoxE&amp;amp;amp;amp;amp;amp;trk=nav_responsive_tab_home\",\"https:\\\/\\\/www.youtube.com\\\/channel\\\/UCxL0wu1uN0_3_7hGG0306cw\"]},{\"@type\":\"Person\",\"@id\":\"https:\\\/\\\/www.bellunopress.it\\\/#\\\/schema\\\/person\\\/79bb06722b37ece1c03d3e94beb30d73\",\"name\":\"redazione\",\"image\":{\"@type\":\"ImageObject\",\"inLanguage\":\"fr-FR\",\"@id\":\"https:\\\/\\\/secure.gravatar.com\\\/avatar\\\/37d968a2e67a6fd04c169c4bdef102d0bc5d31b2546345219e348575eb80e9a0?s=96&d=mm&r=g\",\"url\":\"https:\\\/\\\/secure.gravatar.com\\\/avatar\\\/37d968a2e67a6fd04c169c4bdef102d0bc5d31b2546345219e348575eb80e9a0?s=96&d=mm&r=g\",\"contentUrl\":\"https:\\\/\\\/secure.gravatar.com\\\/avatar\\\/37d968a2e67a6fd04c169c4bdef102d0bc5d31b2546345219e348575eb80e9a0?s=96&d=mm&r=g\",\"caption\":\"redazione\"},\"sameAs\":[\"http:\\\/\\\/www.bellunopress.it\",\"https:\\\/\\\/x.com\\\/bellunopress\"],\"url\":\"https:\\\/\\\/www.bellunopress.it\\\/fr\\\/author\\\/redazione\\\/\"}]}<\/script>\n<!-- \/ Yoast SEO plugin. -->","yoast_head_json":{"title":"\u201cGiornata mondiale per la lotta all\u2019ictus\u201d: grande partecipazione per l'incontro svoltosi a Tambre  - Bellunopress - Dolomiti","robots":{"index":"index","follow":"follow","max-snippet":"max-snippet:-1","max-image-preview":"max-image-preview:large","max-video-preview":"max-video-preview:-1"},"canonical":"https:\/\/www.bellunopress.it\/fr\/2012\/11\/06\/giornata-mondiale-per-la-lotta-allictus-grande-partecipazione-per-lincontro-svoltosi-a-tambre\/","og_locale":"fr_FR","og_type":"article","og_title":"\u201cGiornata mondiale per la lotta all\u2019ictus\u201d: grande partecipazione per l'incontro svoltosi a Tambre  - Bellunopress - Dolomiti","og_description":"Oltre 100 i partecipanti all&#8217;incontro promosso dall&#8217;Ulss n.1 di Belluno e Pieve di Cadore e 80 le persone che si sono sottoposte ai test di screening. Lo scorso 26 ottobre 2012 si e&#8217; celebrata a Tambre la 5^ edizione della \u201cGiornata Mondiale dell\u2019ictus cerebrale\u201d promossa dalla WSO (World Stroke Organization) finalizzata a diffondere la conoscenza [&hellip;]","og_url":"https:\/\/www.bellunopress.it\/fr\/2012\/11\/06\/giornata-mondiale-per-la-lotta-allictus-grande-partecipazione-per-lincontro-svoltosi-a-tambre\/","og_site_name":"Bellunopress - Dolomiti","article_publisher":"https:\/\/www.facebook.com\/profile.php?id=100008943462799","article_published_time":"2012-11-06T06:49:52+00:00","og_image":[{"url":"http:\/\/www.bellunopress.it\/wp-content\/uploads\/2010\/01\/ospedale.jpg","type":"","width":"","height":""}],"author":"redazione","twitter_card":"summary_large_image","twitter_creator":"@bellunopress","twitter_site":"@bellunopress","twitter_misc":{"\u00c9crit par":"redazione","Dur\u00e9e de lecture estim\u00e9e":"2 minutes"},"schema":{"@context":"https:\/\/schema.org","@graph":[{"@type":"Article","@id":"https:\/\/www.bellunopress.it\/2012\/11\/06\/giornata-mondiale-per-la-lotta-allictus-grande-partecipazione-per-lincontro-svoltosi-a-tambre\/#article","isPartOf":{"@id":"https:\/\/www.bellunopress.it\/2012\/11\/06\/giornata-mondiale-per-la-lotta-allictus-grande-partecipazione-per-lincontro-svoltosi-a-tambre\/"},"author":{"name":"redazione","@id":"https:\/\/www.bellunopress.it\/#\/schema\/person\/79bb06722b37ece1c03d3e94beb30d73"},"headline":"\u201cGiornata mondiale per la lotta all\u2019ictus\u201d: grande partecipazione per l&#8217;incontro svoltosi a Tambre","datePublished":"2012-11-06T06:49:52+00:00","mainEntityOfPage":{"@id":"https:\/\/www.bellunopress.it\/2012\/11\/06\/giornata-mondiale-per-la-lotta-allictus-grande-partecipazione-per-lincontro-svoltosi-a-tambre\/"},"wordCount":367,"publisher":{"@id":"https:\/\/www.bellunopress.it\/#organization"},"image":{"@id":"https:\/\/www.bellunopress.it\/2012\/11\/06\/giornata-mondiale-per-la-lotta-allictus-grande-partecipazione-per-lincontro-svoltosi-a-tambre\/#primaryimage"},"thumbnailUrl":"http:\/\/www.bellunopress.it\/wp-content\/uploads\/2010\/01\/ospedale.jpg","articleSection":["Cronaca\/Politica","Prima Pagina"],"inLanguage":"fr-FR"},{"@type":"WebPage","@id":"https:\/\/www.bellunopress.it\/2012\/11\/06\/giornata-mondiale-per-la-lotta-allictus-grande-partecipazione-per-lincontro-svoltosi-a-tambre\/","url":"https:\/\/www.bellunopress.it\/2012\/11\/06\/giornata-mondiale-per-la-lotta-allictus-grande-partecipazione-per-lincontro-svoltosi-a-tambre\/","name":"\u201cGiornata mondiale per la lotta all\u2019ictus\u201d: grande partecipazione per l'incontro svoltosi a Tambre - Bellunopress - Dolomiti","isPartOf":{"@id":"https:\/\/www.bellunopress.it\/#website"},"primaryImageOfPage":{"@id":"https:\/\/www.bellunopress.it\/2012\/11\/06\/giornata-mondiale-per-la-lotta-allictus-grande-partecipazione-per-lincontro-svoltosi-a-tambre\/#primaryimage"},"image":{"@id":"https:\/\/www.bellunopress.it\/2012\/11\/06\/giornata-mondiale-per-la-lotta-allictus-grande-partecipazione-per-lincontro-svoltosi-a-tambre\/#primaryimage"},"thumbnailUrl":"http:\/\/www.bellunopress.it\/wp-content\/uploads\/2010\/01\/ospedale.jpg","datePublished":"2012-11-06T06:49:52+00:00","breadcrumb":{"@id":"https:\/\/www.bellunopress.it\/2012\/11\/06\/giornata-mondiale-per-la-lotta-allictus-grande-partecipazione-per-lincontro-svoltosi-a-tambre\/#breadcrumb"},"inLanguage":"fr-FR","potentialAction":[{"@type":"ReadAction","target":["https:\/\/www.bellunopress.it\/2012\/11\/06\/giornata-mondiale-per-la-lotta-allictus-grande-partecipazione-per-lincontro-svoltosi-a-tambre\/"]}]},{"@type":"ImageObject","inLanguage":"fr-FR","@id":"https:\/\/www.bellunopress.it\/2012\/11\/06\/giornata-mondiale-per-la-lotta-allictus-grande-partecipazione-per-lincontro-svoltosi-a-tambre\/#primaryimage","url":"http:\/\/www.bellunopress.it\/wp-content\/uploads\/2010\/01\/ospedale.jpg","contentUrl":"http:\/\/www.bellunopress.it\/wp-content\/uploads\/2010\/01\/ospedale.jpg"},{"@type":"BreadcrumbList","@id":"https:\/\/www.bellunopress.it\/2012\/11\/06\/giornata-mondiale-per-la-lotta-allictus-grande-partecipazione-per-lincontro-svoltosi-a-tambre\/#breadcrumb","itemListElement":[{"@type":"ListItem","position":1,"name":"Home","item":"https:\/\/www.bellunopress.it\/"},{"@type":"ListItem","position":2,"name":"\u201cGiornata mondiale per la lotta all\u2019ictus\u201d: grande partecipazione per l&#8217;incontro svoltosi a Tambre"}]},{"@type":"WebSite","@id":"https:\/\/www.bellunopress.it\/#website","url":"https:\/\/www.bellunopress.it\/","name":"Bellunopress - Dolomiti","description":"e-mail: redazione@bellunopress.it","publisher":{"@id":"https:\/\/www.bellunopress.it\/#organization"},"potentialAction":[{"@type":"SearchAction","target":{"@type":"EntryPoint","urlTemplate":"https:\/\/www.bellunopress.it\/?s={search_term_string}"},"query-input":{"@type":"PropertyValueSpecification","valueRequired":true,"valueName":"search_term_string"}}],"inLanguage":"fr-FR"},{"@type":"Organization","@id":"https:\/\/www.bellunopress.it\/#organization","name":"Bellunopress","url":"https:\/\/www.bellunopress.it\/","logo":{"@type":"ImageObject","inLanguage":"fr-FR","@id":"https:\/\/www.bellunopress.it\/#\/schema\/logo\/image\/","url":"https:\/\/www.bellunopress.it\/wp-content\/uploads\/2011\/05\/cropped-logo-bellunopress-.jpg","contentUrl":"https:\/\/www.bellunopress.it\/wp-content\/uploads\/2011\/05\/cropped-logo-bellunopress-.jpg","width":512,"height":512,"caption":"Bellunopress"},"image":{"@id":"https:\/\/www.bellunopress.it\/#\/schema\/logo\/image\/"},"sameAs":["https:\/\/www.facebook.com\/profile.php?id=100008943462799","https:\/\/x.com\/bellunopress","https:\/\/www.linkedin.com\/hp\/?dnr=JBzUWaJfMUw8vbXJJ2tVW5-I3jZKvC4wsoxE&amp;amp;amp;amp;amp;amp;trk=nav_responsive_tab_home","https:\/\/www.youtube.com\/channel\/UCxL0wu1uN0_3_7hGG0306cw"]},{"@type":"Person","@id":"https:\/\/www.bellunopress.it\/#\/schema\/person\/79bb06722b37ece1c03d3e94beb30d73","name":"r\u00e9daction","image":{"@type":"ImageObject","inLanguage":"fr-FR","@id":"https:\/\/secure.gravatar.com\/avatar\/37d968a2e67a6fd04c169c4bdef102d0bc5d31b2546345219e348575eb80e9a0?s=96&d=mm&r=g","url":"https:\/\/secure.gravatar.com\/avatar\/37d968a2e67a6fd04c169c4bdef102d0bc5d31b2546345219e348575eb80e9a0?s=96&d=mm&r=g","contentUrl":"https:\/\/secure.gravatar.com\/avatar\/37d968a2e67a6fd04c169c4bdef102d0bc5d31b2546345219e348575eb80e9a0?s=96&d=mm&r=g","caption":"redazione"},"sameAs":["http:\/\/www.bellunopress.it","https:\/\/x.com\/bellunopress"],"url":"https:\/\/www.bellunopress.it\/fr\/author\/redazione\/"}]}},"_links":{"self":[{"href":"https:\/\/www.bellunopress.it\/fr\/wp-json\/wp\/v2\/posts\/43643","targetHints":{"allow":["GET"]}}],"collection":[{"href":"https:\/\/www.bellunopress.it\/fr\/wp-json\/wp\/v2\/posts"}],"about":[{"href":"https:\/\/www.bellunopress.it\/fr\/wp-json\/wp\/v2\/types\/post"}],"author":[{"embeddable":true,"href":"https:\/\/www.bellunopress.it\/fr\/wp-json\/wp\/v2\/users\/2"}],"replies":[{"embeddable":true,"href":"https:\/\/www.bellunopress.it\/fr\/wp-json\/wp\/v2\/comments?post=43643"}],"version-history":[{"count":1,"href":"https:\/\/www.bellunopress.it\/fr\/wp-json\/wp\/v2\/posts\/43643\/revisions"}],"predecessor-version":[{"id":43644,"href":"https:\/\/www.bellunopress.it\/fr\/wp-json\/wp\/v2\/posts\/43643\/revisions\/43644"}],"wp:attachment":[{"href":"https:\/\/www.bellunopress.it\/fr\/wp-json\/wp\/v2\/media?parent=43643"}],"wp:term":[{"taxonomy":"category","embeddable":true,"href":"https:\/\/www.bellunopress.it\/fr\/wp-json\/wp\/v2\/categories?post=43643"},{"taxonomy":"post_tag","embeddable":true,"href":"https:\/\/www.bellunopress.it\/fr\/wp-json\/wp\/v2\/tags?post=43643"}],"curies":[{"name":"wp","href":"https:\/\/api.w.org\/{rel}","templated":true}]}}