{"id":43640,"date":"2012-11-05T21:11:13","date_gmt":"2012-11-05T20:11:13","guid":{"rendered":"http:\/\/www.bellunopress.it\/?p=43640"},"modified":"2012-11-05T21:11:13","modified_gmt":"2012-11-05T20:11:13","slug":"occhio-per-occhio-bond-poste-italiane-vuole-chiudere-luffiucio-di-frassene-gli-abitanti-ritirino-i-loro-risparmi","status":"publish","type":"post","link":"https:\/\/www.bellunopress.it\/fr\/2012\/11\/05\/occhio-per-occhio-bond-poste-italiane-vuole-chiudere-luffiucio-di-frassene-gli-abitanti-ritirino-i-loro-risparmi\/","title":{"rendered":"Occhio per occhio. Bond: &#8220;Poste italiane vuole chiudere l&#8217;uffiucio di Frassen\u00e8? Gli abitanti ritirino i loro risparmi&#8221;"},"content":{"rendered":"<figure id=\"attachment_42521\" aria-describedby=\"caption-attachment-42521\" style=\"width: 123px\" class=\"wp-caption alignleft\"><a href=\"http:\/\/www.bellunopress.it\/wp-content\/uploads\/2012\/09\/bond.jpg\"><img loading=\"lazy\" decoding=\"async\" class=\"size-full wp-image-42521\" title=\"bond\" src=\"http:\/\/www.bellunopress.it\/wp-content\/uploads\/2012\/09\/bond.jpg\" alt=\"\" width=\"123\" height=\"150\" \/><\/a><figcaption id=\"caption-attachment-42521\" class=\"wp-caption-text\">Dario Bond<\/figcaption><\/figure>\n<p>\u201cPoste Italiane chiude gli uffici postali? E allora i cittadini vittime del taglio ritirino i loro risparmi. A mali estremi, estremi rimedi\u201d.\u00a0A dirlo \u00e8 il capogruppo del Pdl in Consiglio regionale Dario Bond all\u2019indomani della protesta che ha visto scendere in piazza gli abitanti di Frassen\u00e8 Agordino in comune di Voltago, dove Poste Italiane ha deciso di chiudere l\u2019ufficio postale.<\/p>\n<p>\u201cE\u2019 uno stillicidio al quale non possiamo abituarci. La protesta deve essere concreta. Il vero tesoro di Poste Italiane sono i risparmi e i bellunesi sono delle vere e proprie formiche. Lo sono sempre stati e lo sono ancora, nonostante la crisi, come del resto confermano le statistiche. Penso che una protesta di questo tipo potrebbe fare in modo che Poste Italiane ritorni sui propri passi o per lo meno ci pensi due volte prima di chiudere un servizio fondamentale. L\u2019utilit\u00e0 di un ufficio non si misura solo sul numero di operazioni allo sportello ma anche sul risparmio accumulato e sono convinto che l\u2019Agordino, terra di emigranti e di gente concreta, abbia fatto enormi sacrifici nel passato ma anche nel presente\u201d.<\/p>\n<p>Bond \u00e8 stato anche autore di una mozione sul tema qualche mese fa: \u201cSpero di accelerare i tempi e di impegnare la giunta a trovare una soluzione anche con i vertici regionali della societ\u00e0 che non pu\u00f2 continuare a farla franca sulla pelle dei cittadini che vivono nelle realt\u00e0 pi\u00f9 periferiche, in particolare gli anziani\u201d.<\/p>\n<p>&nbsp;<\/p>\n<p>&nbsp;<\/p>","protected":false},"excerpt":{"rendered":"<p>\u201cPoste Italiane chiude gli uffici postali? E allora i cittadini vittime del taglio ritirino i loro risparmi. A mali estremi, estremi rimedi\u201d.\u00a0A dirlo \u00e8 il capogruppo del Pdl in Consiglio regionale Dario Bond all\u2019indomani della protesta che ha visto scendere in piazza gli abitanti di Frassen\u00e8 Agordino in comune di Voltago, dove Poste Italiane ha [&hellip;]<\/p>\n","protected":false},"author":2,"featured_media":0,"comment_status":"closed","ping_status":"open","sticky":false,"template":"","format":"standard","meta":{"footnotes":""},"categories":[5,26],"tags":[],"class_list":["post-43640","post","type-post","status-publish","format-standard","category-cronaca","category-prima-pagina"],"yoast_head":"<!-- This site is optimized with the Yoast SEO plugin v28.4 - https:\/\/yoast.com\/product\/yoast-seo-wordpress\/ -->\n<title>Occhio per occhio. Bond: &quot;Poste italiane vuole chiudere l&#039;uffiucio di Frassen\u00e8? Gli abitanti ritirino i loro risparmi&quot;  - Bellunopress - Dolomiti<\/title>\n<meta name=\"robots\" content=\"index, follow, max-snippet:-1, max-image-preview:large, max-video-preview:-1\" \/>\n<link rel=\"canonical\" href=\"https:\/\/www.bellunopress.it\/fr\/2012\/11\/05\/occhio-per-occhio-bond-poste-italiane-vuole-chiudere-luffiucio-di-frassene-gli-abitanti-ritirino-i-loro-risparmi\/\" \/>\n<meta property=\"og:locale\" content=\"fr_FR\" \/>\n<meta property=\"og:type\" content=\"article\" \/>\n<meta property=\"og:title\" content=\"Occhio per occhio. Bond: &quot;Poste italiane vuole chiudere l&#039;uffiucio di Frassen\u00e8? Gli abitanti ritirino i loro risparmi&quot;  - Bellunopress - Dolomiti\" \/>\n<meta property=\"og:description\" content=\"\u201cPoste Italiane chiude gli uffici postali? E allora i cittadini vittime del taglio ritirino i loro risparmi. A mali estremi, estremi rimedi\u201d.\u00a0A dirlo \u00e8 il capogruppo del Pdl in Consiglio regionale Dario Bond all\u2019indomani della protesta che ha visto scendere in piazza gli abitanti di Frassen\u00e8 Agordino in comune di Voltago, dove Poste Italiane ha [&hellip;]\" \/>\n<meta property=\"og:url\" content=\"https:\/\/www.bellunopress.it\/fr\/2012\/11\/05\/occhio-per-occhio-bond-poste-italiane-vuole-chiudere-luffiucio-di-frassene-gli-abitanti-ritirino-i-loro-risparmi\/\" \/>\n<meta property=\"og:site_name\" content=\"Bellunopress - Dolomiti\" \/>\n<meta property=\"article:publisher\" content=\"https:\/\/www.facebook.com\/profile.php?id=100008943462799\" \/>\n<meta property=\"article:published_time\" content=\"2012-11-05T20:11:13+00:00\" \/>\n<meta property=\"og:image\" content=\"http:\/\/www.bellunopress.it\/wp-content\/uploads\/2012\/09\/bond.jpg\" \/>\n<meta name=\"author\" content=\"redazione\" \/>\n<meta name=\"twitter:card\" content=\"summary_large_image\" \/>\n<meta name=\"twitter:creator\" content=\"@bellunopress\" \/>\n<meta name=\"twitter:site\" content=\"@bellunopress\" \/>\n<meta name=\"twitter:label1\" content=\"\u00c9crit par\" \/>\n\t<meta name=\"twitter:data1\" content=\"redazione\" \/>\n\t<meta name=\"twitter:label2\" content=\"Dur\u00e9e de lecture estim\u00e9e\" \/>\n\t<meta name=\"twitter:data2\" content=\"1 minute\" \/>\n<script type=\"application\/ld+json\" class=\"yoast-schema-graph\">{\"@context\":\"https:\\\/\\\/schema.org\",\"@graph\":[{\"@type\":\"Article\",\"@id\":\"https:\\\/\\\/www.bellunopress.it\\\/2012\\\/11\\\/05\\\/occhio-per-occhio-bond-poste-italiane-vuole-chiudere-luffiucio-di-frassene-gli-abitanti-ritirino-i-loro-risparmi\\\/#article\",\"isPartOf\":{\"@id\":\"https:\\\/\\\/www.bellunopress.it\\\/2012\\\/11\\\/05\\\/occhio-per-occhio-bond-poste-italiane-vuole-chiudere-luffiucio-di-frassene-gli-abitanti-ritirino-i-loro-risparmi\\\/\"},\"author\":{\"name\":\"redazione\",\"@id\":\"https:\\\/\\\/www.bellunopress.it\\\/#\\\/schema\\\/person\\\/79bb06722b37ece1c03d3e94beb30d73\"},\"headline\":\"Occhio per occhio. Bond: &#8220;Poste italiane vuole chiudere l&#8217;uffiucio di Frassen\u00e8? Gli abitanti ritirino i loro risparmi&#8221;\",\"datePublished\":\"2012-11-05T20:11:13+00:00\",\"mainEntityOfPage\":{\"@id\":\"https:\\\/\\\/www.bellunopress.it\\\/2012\\\/11\\\/05\\\/occhio-per-occhio-bond-poste-italiane-vuole-chiudere-luffiucio-di-frassene-gli-abitanti-ritirino-i-loro-risparmi\\\/\"},\"wordCount\":268,\"publisher\":{\"@id\":\"https:\\\/\\\/www.bellunopress.it\\\/#organization\"},\"image\":{\"@id\":\"https:\\\/\\\/www.bellunopress.it\\\/2012\\\/11\\\/05\\\/occhio-per-occhio-bond-poste-italiane-vuole-chiudere-luffiucio-di-frassene-gli-abitanti-ritirino-i-loro-risparmi\\\/#primaryimage\"},\"thumbnailUrl\":\"http:\\\/\\\/www.bellunopress.it\\\/wp-content\\\/uploads\\\/2012\\\/09\\\/bond.jpg\",\"articleSection\":[\"Cronaca\\\/Politica\",\"Prima Pagina\"],\"inLanguage\":\"fr-FR\"},{\"@type\":\"WebPage\",\"@id\":\"https:\\\/\\\/www.bellunopress.it\\\/2012\\\/11\\\/05\\\/occhio-per-occhio-bond-poste-italiane-vuole-chiudere-luffiucio-di-frassene-gli-abitanti-ritirino-i-loro-risparmi\\\/\",\"url\":\"https:\\\/\\\/www.bellunopress.it\\\/2012\\\/11\\\/05\\\/occhio-per-occhio-bond-poste-italiane-vuole-chiudere-luffiucio-di-frassene-gli-abitanti-ritirino-i-loro-risparmi\\\/\",\"name\":\"Occhio per occhio. Bond: \\\"Poste italiane vuole chiudere l'uffiucio di Frassen\u00e8? Gli abitanti ritirino i loro risparmi\\\" - Bellunopress - Dolomiti\",\"isPartOf\":{\"@id\":\"https:\\\/\\\/www.bellunopress.it\\\/#website\"},\"primaryImageOfPage\":{\"@id\":\"https:\\\/\\\/www.bellunopress.it\\\/2012\\\/11\\\/05\\\/occhio-per-occhio-bond-poste-italiane-vuole-chiudere-luffiucio-di-frassene-gli-abitanti-ritirino-i-loro-risparmi\\\/#primaryimage\"},\"image\":{\"@id\":\"https:\\\/\\\/www.bellunopress.it\\\/2012\\\/11\\\/05\\\/occhio-per-occhio-bond-poste-italiane-vuole-chiudere-luffiucio-di-frassene-gli-abitanti-ritirino-i-loro-risparmi\\\/#primaryimage\"},\"thumbnailUrl\":\"http:\\\/\\\/www.bellunopress.it\\\/wp-content\\\/uploads\\\/2012\\\/09\\\/bond.jpg\",\"datePublished\":\"2012-11-05T20:11:13+00:00\",\"breadcrumb\":{\"@id\":\"https:\\\/\\\/www.bellunopress.it\\\/2012\\\/11\\\/05\\\/occhio-per-occhio-bond-poste-italiane-vuole-chiudere-luffiucio-di-frassene-gli-abitanti-ritirino-i-loro-risparmi\\\/#breadcrumb\"},\"inLanguage\":\"fr-FR\",\"potentialAction\":[{\"@type\":\"ReadAction\",\"target\":[\"https:\\\/\\\/www.bellunopress.it\\\/2012\\\/11\\\/05\\\/occhio-per-occhio-bond-poste-italiane-vuole-chiudere-luffiucio-di-frassene-gli-abitanti-ritirino-i-loro-risparmi\\\/\"]}]},{\"@type\":\"ImageObject\",\"inLanguage\":\"fr-FR\",\"@id\":\"https:\\\/\\\/www.bellunopress.it\\\/2012\\\/11\\\/05\\\/occhio-per-occhio-bond-poste-italiane-vuole-chiudere-luffiucio-di-frassene-gli-abitanti-ritirino-i-loro-risparmi\\\/#primaryimage\",\"url\":\"http:\\\/\\\/www.bellunopress.it\\\/wp-content\\\/uploads\\\/2012\\\/09\\\/bond.jpg\",\"contentUrl\":\"http:\\\/\\\/www.bellunopress.it\\\/wp-content\\\/uploads\\\/2012\\\/09\\\/bond.jpg\"},{\"@type\":\"BreadcrumbList\",\"@id\":\"https:\\\/\\\/www.bellunopress.it\\\/2012\\\/11\\\/05\\\/occhio-per-occhio-bond-poste-italiane-vuole-chiudere-luffiucio-di-frassene-gli-abitanti-ritirino-i-loro-risparmi\\\/#breadcrumb\",\"itemListElement\":[{\"@type\":\"ListItem\",\"position\":1,\"name\":\"Home\",\"item\":\"https:\\\/\\\/www.bellunopress.it\\\/\"},{\"@type\":\"ListItem\",\"position\":2,\"name\":\"Occhio per occhio. Bond: &#8220;Poste italiane vuole chiudere l&#8217;uffiucio di Frassen\u00e8? Gli abitanti ritirino i loro risparmi&#8221;\"}]},{\"@type\":\"WebSite\",\"@id\":\"https:\\\/\\\/www.bellunopress.it\\\/#website\",\"url\":\"https:\\\/\\\/www.bellunopress.it\\\/\",\"name\":\"Bellunopress - Dolomiti\",\"description\":\"e-mail: redazione@bellunopress.it\",\"publisher\":{\"@id\":\"https:\\\/\\\/www.bellunopress.it\\\/#organization\"},\"potentialAction\":[{\"@type\":\"SearchAction\",\"target\":{\"@type\":\"EntryPoint\",\"urlTemplate\":\"https:\\\/\\\/www.bellunopress.it\\\/?s={search_term_string}\"},\"query-input\":{\"@type\":\"PropertyValueSpecification\",\"valueRequired\":true,\"valueName\":\"search_term_string\"}}],\"inLanguage\":\"fr-FR\"},{\"@type\":\"Organization\",\"@id\":\"https:\\\/\\\/www.bellunopress.it\\\/#organization\",\"name\":\"Bellunopress\",\"url\":\"https:\\\/\\\/www.bellunopress.it\\\/\",\"logo\":{\"@type\":\"ImageObject\",\"inLanguage\":\"fr-FR\",\"@id\":\"https:\\\/\\\/www.bellunopress.it\\\/#\\\/schema\\\/logo\\\/image\\\/\",\"url\":\"https:\\\/\\\/www.bellunopress.it\\\/wp-content\\\/uploads\\\/2011\\\/05\\\/cropped-logo-bellunopress-.jpg\",\"contentUrl\":\"https:\\\/\\\/www.bellunopress.it\\\/wp-content\\\/uploads\\\/2011\\\/05\\\/cropped-logo-bellunopress-.jpg\",\"width\":512,\"height\":512,\"caption\":\"Bellunopress\"},\"image\":{\"@id\":\"https:\\\/\\\/www.bellunopress.it\\\/#\\\/schema\\\/logo\\\/image\\\/\"},\"sameAs\":[\"https:\\\/\\\/www.facebook.com\\\/profile.php?id=100008943462799\",\"https:\\\/\\\/x.com\\\/bellunopress\",\"https:\\\/\\\/www.linkedin.com\\\/hp\\\/?dnr=JBzUWaJfMUw8vbXJJ2tVW5-I3jZKvC4wsoxE&amp;amp;amp;amp;amp;amp;trk=nav_responsive_tab_home\",\"https:\\\/\\\/www.youtube.com\\\/channel\\\/UCxL0wu1uN0_3_7hGG0306cw\"]},{\"@type\":\"Person\",\"@id\":\"https:\\\/\\\/www.bellunopress.it\\\/#\\\/schema\\\/person\\\/79bb06722b37ece1c03d3e94beb30d73\",\"name\":\"redazione\",\"image\":{\"@type\":\"ImageObject\",\"inLanguage\":\"fr-FR\",\"@id\":\"https:\\\/\\\/secure.gravatar.com\\\/avatar\\\/37d968a2e67a6fd04c169c4bdef102d0bc5d31b2546345219e348575eb80e9a0?s=96&d=mm&r=g\",\"url\":\"https:\\\/\\\/secure.gravatar.com\\\/avatar\\\/37d968a2e67a6fd04c169c4bdef102d0bc5d31b2546345219e348575eb80e9a0?s=96&d=mm&r=g\",\"contentUrl\":\"https:\\\/\\\/secure.gravatar.com\\\/avatar\\\/37d968a2e67a6fd04c169c4bdef102d0bc5d31b2546345219e348575eb80e9a0?s=96&d=mm&r=g\",\"caption\":\"redazione\"},\"sameAs\":[\"http:\\\/\\\/www.bellunopress.it\",\"https:\\\/\\\/x.com\\\/bellunopress\"],\"url\":\"https:\\\/\\\/www.bellunopress.it\\\/fr\\\/author\\\/redazione\\\/\"}]}<\/script>\n<!-- \/ Yoast SEO plugin. -->","yoast_head_json":{"title":"Occhio per occhio. Bond: \"Poste italiane vuole chiudere l'uffiucio di Frassen\u00e8? Gli abitanti ritirino i loro risparmi\"  - Bellunopress - Dolomiti","robots":{"index":"index","follow":"follow","max-snippet":"max-snippet:-1","max-image-preview":"max-image-preview:large","max-video-preview":"max-video-preview:-1"},"canonical":"https:\/\/www.bellunopress.it\/fr\/2012\/11\/05\/occhio-per-occhio-bond-poste-italiane-vuole-chiudere-luffiucio-di-frassene-gli-abitanti-ritirino-i-loro-risparmi\/","og_locale":"fr_FR","og_type":"article","og_title":"Occhio per occhio. Bond: \"Poste italiane vuole chiudere l'uffiucio di Frassen\u00e8? Gli abitanti ritirino i loro risparmi\"  - Bellunopress - Dolomiti","og_description":"\u201cPoste Italiane chiude gli uffici postali? E allora i cittadini vittime del taglio ritirino i loro risparmi. A mali estremi, estremi rimedi\u201d.\u00a0A dirlo \u00e8 il capogruppo del Pdl in Consiglio regionale Dario Bond all\u2019indomani della protesta che ha visto scendere in piazza gli abitanti di Frassen\u00e8 Agordino in comune di Voltago, dove Poste Italiane ha [&hellip;]","og_url":"https:\/\/www.bellunopress.it\/fr\/2012\/11\/05\/occhio-per-occhio-bond-poste-italiane-vuole-chiudere-luffiucio-di-frassene-gli-abitanti-ritirino-i-loro-risparmi\/","og_site_name":"Bellunopress - Dolomiti","article_publisher":"https:\/\/www.facebook.com\/profile.php?id=100008943462799","article_published_time":"2012-11-05T20:11:13+00:00","og_image":[{"url":"http:\/\/www.bellunopress.it\/wp-content\/uploads\/2012\/09\/bond.jpg","type":"","width":"","height":""}],"author":"redazione","twitter_card":"summary_large_image","twitter_creator":"@bellunopress","twitter_site":"@bellunopress","twitter_misc":{"\u00c9crit par":"redazione","Dur\u00e9e de lecture estim\u00e9e":"1 minute"},"schema":{"@context":"https:\/\/schema.org","@graph":[{"@type":"Article","@id":"https:\/\/www.bellunopress.it\/2012\/11\/05\/occhio-per-occhio-bond-poste-italiane-vuole-chiudere-luffiucio-di-frassene-gli-abitanti-ritirino-i-loro-risparmi\/#article","isPartOf":{"@id":"https:\/\/www.bellunopress.it\/2012\/11\/05\/occhio-per-occhio-bond-poste-italiane-vuole-chiudere-luffiucio-di-frassene-gli-abitanti-ritirino-i-loro-risparmi\/"},"author":{"name":"redazione","@id":"https:\/\/www.bellunopress.it\/#\/schema\/person\/79bb06722b37ece1c03d3e94beb30d73"},"headline":"Occhio per occhio. Bond: &#8220;Poste italiane vuole chiudere l&#8217;uffiucio di Frassen\u00e8? Gli abitanti ritirino i loro risparmi&#8221;","datePublished":"2012-11-05T20:11:13+00:00","mainEntityOfPage":{"@id":"https:\/\/www.bellunopress.it\/2012\/11\/05\/occhio-per-occhio-bond-poste-italiane-vuole-chiudere-luffiucio-di-frassene-gli-abitanti-ritirino-i-loro-risparmi\/"},"wordCount":268,"publisher":{"@id":"https:\/\/www.bellunopress.it\/#organization"},"image":{"@id":"https:\/\/www.bellunopress.it\/2012\/11\/05\/occhio-per-occhio-bond-poste-italiane-vuole-chiudere-luffiucio-di-frassene-gli-abitanti-ritirino-i-loro-risparmi\/#primaryimage"},"thumbnailUrl":"http:\/\/www.bellunopress.it\/wp-content\/uploads\/2012\/09\/bond.jpg","articleSection":["Cronaca\/Politica","Prima Pagina"],"inLanguage":"fr-FR"},{"@type":"WebPage","@id":"https:\/\/www.bellunopress.it\/2012\/11\/05\/occhio-per-occhio-bond-poste-italiane-vuole-chiudere-luffiucio-di-frassene-gli-abitanti-ritirino-i-loro-risparmi\/","url":"https:\/\/www.bellunopress.it\/2012\/11\/05\/occhio-per-occhio-bond-poste-italiane-vuole-chiudere-luffiucio-di-frassene-gli-abitanti-ritirino-i-loro-risparmi\/","name":"Occhio per occhio. Bond: \"Poste italiane vuole chiudere l'uffiucio di Frassen\u00e8? Gli abitanti ritirino i loro risparmi\" - Bellunopress - Dolomiti","isPartOf":{"@id":"https:\/\/www.bellunopress.it\/#website"},"primaryImageOfPage":{"@id":"https:\/\/www.bellunopress.it\/2012\/11\/05\/occhio-per-occhio-bond-poste-italiane-vuole-chiudere-luffiucio-di-frassene-gli-abitanti-ritirino-i-loro-risparmi\/#primaryimage"},"image":{"@id":"https:\/\/www.bellunopress.it\/2012\/11\/05\/occhio-per-occhio-bond-poste-italiane-vuole-chiudere-luffiucio-di-frassene-gli-abitanti-ritirino-i-loro-risparmi\/#primaryimage"},"thumbnailUrl":"http:\/\/www.bellunopress.it\/wp-content\/uploads\/2012\/09\/bond.jpg","datePublished":"2012-11-05T20:11:13+00:00","breadcrumb":{"@id":"https:\/\/www.bellunopress.it\/2012\/11\/05\/occhio-per-occhio-bond-poste-italiane-vuole-chiudere-luffiucio-di-frassene-gli-abitanti-ritirino-i-loro-risparmi\/#breadcrumb"},"inLanguage":"fr-FR","potentialAction":[{"@type":"ReadAction","target":["https:\/\/www.bellunopress.it\/2012\/11\/05\/occhio-per-occhio-bond-poste-italiane-vuole-chiudere-luffiucio-di-frassene-gli-abitanti-ritirino-i-loro-risparmi\/"]}]},{"@type":"ImageObject","inLanguage":"fr-FR","@id":"https:\/\/www.bellunopress.it\/2012\/11\/05\/occhio-per-occhio-bond-poste-italiane-vuole-chiudere-luffiucio-di-frassene-gli-abitanti-ritirino-i-loro-risparmi\/#primaryimage","url":"http:\/\/www.bellunopress.it\/wp-content\/uploads\/2012\/09\/bond.jpg","contentUrl":"http:\/\/www.bellunopress.it\/wp-content\/uploads\/2012\/09\/bond.jpg"},{"@type":"BreadcrumbList","@id":"https:\/\/www.bellunopress.it\/2012\/11\/05\/occhio-per-occhio-bond-poste-italiane-vuole-chiudere-luffiucio-di-frassene-gli-abitanti-ritirino-i-loro-risparmi\/#breadcrumb","itemListElement":[{"@type":"ListItem","position":1,"name":"Home","item":"https:\/\/www.bellunopress.it\/"},{"@type":"ListItem","position":2,"name":"Occhio per occhio. Bond: &#8220;Poste italiane vuole chiudere l&#8217;uffiucio di Frassen\u00e8? Gli abitanti ritirino i loro risparmi&#8221;"}]},{"@type":"WebSite","@id":"https:\/\/www.bellunopress.it\/#website","url":"https:\/\/www.bellunopress.it\/","name":"Bellunopress - Dolomiti","description":"e-mail: redazione@bellunopress.it","publisher":{"@id":"https:\/\/www.bellunopress.it\/#organization"},"potentialAction":[{"@type":"SearchAction","target":{"@type":"EntryPoint","urlTemplate":"https:\/\/www.bellunopress.it\/?s={search_term_string}"},"query-input":{"@type":"PropertyValueSpecification","valueRequired":true,"valueName":"search_term_string"}}],"inLanguage":"fr-FR"},{"@type":"Organization","@id":"https:\/\/www.bellunopress.it\/#organization","name":"Bellunopress","url":"https:\/\/www.bellunopress.it\/","logo":{"@type":"ImageObject","inLanguage":"fr-FR","@id":"https:\/\/www.bellunopress.it\/#\/schema\/logo\/image\/","url":"https:\/\/www.bellunopress.it\/wp-content\/uploads\/2011\/05\/cropped-logo-bellunopress-.jpg","contentUrl":"https:\/\/www.bellunopress.it\/wp-content\/uploads\/2011\/05\/cropped-logo-bellunopress-.jpg","width":512,"height":512,"caption":"Bellunopress"},"image":{"@id":"https:\/\/www.bellunopress.it\/#\/schema\/logo\/image\/"},"sameAs":["https:\/\/www.facebook.com\/profile.php?id=100008943462799","https:\/\/x.com\/bellunopress","https:\/\/www.linkedin.com\/hp\/?dnr=JBzUWaJfMUw8vbXJJ2tVW5-I3jZKvC4wsoxE&amp;amp;amp;amp;amp;amp;trk=nav_responsive_tab_home","https:\/\/www.youtube.com\/channel\/UCxL0wu1uN0_3_7hGG0306cw"]},{"@type":"Person","@id":"https:\/\/www.bellunopress.it\/#\/schema\/person\/79bb06722b37ece1c03d3e94beb30d73","name":"r\u00e9daction","image":{"@type":"ImageObject","inLanguage":"fr-FR","@id":"https:\/\/secure.gravatar.com\/avatar\/37d968a2e67a6fd04c169c4bdef102d0bc5d31b2546345219e348575eb80e9a0?s=96&d=mm&r=g","url":"https:\/\/secure.gravatar.com\/avatar\/37d968a2e67a6fd04c169c4bdef102d0bc5d31b2546345219e348575eb80e9a0?s=96&d=mm&r=g","contentUrl":"https:\/\/secure.gravatar.com\/avatar\/37d968a2e67a6fd04c169c4bdef102d0bc5d31b2546345219e348575eb80e9a0?s=96&d=mm&r=g","caption":"redazione"},"sameAs":["http:\/\/www.bellunopress.it","https:\/\/x.com\/bellunopress"],"url":"https:\/\/www.bellunopress.it\/fr\/author\/redazione\/"}]}},"_links":{"self":[{"href":"https:\/\/www.bellunopress.it\/fr\/wp-json\/wp\/v2\/posts\/43640","targetHints":{"allow":["GET"]}}],"collection":[{"href":"https:\/\/www.bellunopress.it\/fr\/wp-json\/wp\/v2\/posts"}],"about":[{"href":"https:\/\/www.bellunopress.it\/fr\/wp-json\/wp\/v2\/types\/post"}],"author":[{"embeddable":true,"href":"https:\/\/www.bellunopress.it\/fr\/wp-json\/wp\/v2\/users\/2"}],"replies":[{"embeddable":true,"href":"https:\/\/www.bellunopress.it\/fr\/wp-json\/wp\/v2\/comments?post=43640"}],"version-history":[{"count":2,"href":"https:\/\/www.bellunopress.it\/fr\/wp-json\/wp\/v2\/posts\/43640\/revisions"}],"predecessor-version":[{"id":43642,"href":"https:\/\/www.bellunopress.it\/fr\/wp-json\/wp\/v2\/posts\/43640\/revisions\/43642"}],"wp:attachment":[{"href":"https:\/\/www.bellunopress.it\/fr\/wp-json\/wp\/v2\/media?parent=43640"}],"wp:term":[{"taxonomy":"category","embeddable":true,"href":"https:\/\/www.bellunopress.it\/fr\/wp-json\/wp\/v2\/categories?post=43640"},{"taxonomy":"post_tag","embeddable":true,"href":"https:\/\/www.bellunopress.it\/fr\/wp-json\/wp\/v2\/tags?post=43640"}],"curies":[{"name":"wp","href":"https:\/\/api.w.org\/{rel}","templated":true}]}}