{"id":43611,"date":"2012-11-05T14:39:56","date_gmt":"2012-11-05T13:39:56","guid":{"rendered":"http:\/\/www.bellunopress.it\/?p=43611"},"modified":"2012-11-04T14:41:21","modified_gmt":"2012-11-04T13:41:21","slug":"le-cartoline-depoca-di-rino-budel-in-mostra-a-santa-giustina-fino-al-17-novembre","status":"publish","type":"post","link":"https:\/\/www.bellunopress.it\/fr\/2012\/11\/05\/le-cartoline-depoca-di-rino-budel-in-mostra-a-santa-giustina-fino-al-17-novembre\/","title":{"rendered":"Le cartoline d&#8217;epoca di Rino Budel in mostra a Santa Giustina, fino al 17 novembre"},"content":{"rendered":"<p>Si susseguono le mostre nella sala espositiva al pianoterra del Centro Culturale di Santa Giustina: Sabato 3 novembre alle 18.00 sar\u00e0 infatti inaugurata una mostra di cartoline d\u2019epoca del territorio di Santa Giustina collezionate in tanti anni da Rino Budel che le ha messe a disposizione dell\u2019 Assessorato alla Cultura, dando la possibilit\u00e0 alla comunit\u00e0 di percorrere, attraverso le immagini fotografiche, la storia di tutto il territorio comunale da fine \u2018800 agli anni \u201980 del secolo scorso. La riproduzione di queste cartoline far\u00e0 poi parte del patrimonio di raccolta fotografica che negli anni passati ha dato vita ai due volumi di \u201cC\u2019era una volta Santa Giustina\u201d e rientra nell\u2019archivio fotostorico feltrino.<\/p>\n<p>La mostra, che sar\u00e0 aperta fino al 17 novembre negli orari di apertura della biblioteca civica, sar\u00e0 anche l\u2019occasione per lanciare un concorso fotografico sul tema \u201cFotografa il nostro paese \u2013 scorci ed immagini di Santa Giustina\u201d. Per informazioni rivolgersi in Biblioteca Civica (tel. 0437\/858500).<\/p>\n<p>&nbsp;<\/p>","protected":false},"excerpt":{"rendered":"<p>Si susseguono le mostre nella sala espositiva al pianoterra del Centro Culturale di Santa Giustina: Sabato 3 novembre alle 18.00 sar\u00e0 infatti inaugurata una mostra di cartoline d\u2019epoca del territorio di Santa Giustina collezionate in tanti anni da Rino Budel che le ha messe a disposizione dell\u2019 Assessorato alla Cultura, dando la possibilit\u00e0 alla comunit\u00e0 [&hellip;]<\/p>\n","protected":false},"author":2,"featured_media":0,"comment_status":"closed","ping_status":"open","sticky":false,"template":"","format":"standard","meta":{"footnotes":""},"categories":[27,3,25],"tags":[],"class_list":["post-43611","post","type-post","status-publish","format-standard","category-appuntamenti","category-arte-cultura-spettacoli-scienza-archivi","category-pausa-caffe"],"yoast_head":"<!-- This site is optimized with the Yoast SEO plugin v28.4 - https:\/\/yoast.com\/product\/yoast-seo-wordpress\/ -->\n<title>Le cartoline d&#039;epoca di Rino Budel in mostra a Santa Giustina, fino al 17 novembre - Bellunopress - Dolomiti<\/title>\n<meta name=\"robots\" content=\"index, follow, max-snippet:-1, max-image-preview:large, max-video-preview:-1\" \/>\n<link rel=\"canonical\" href=\"https:\/\/www.bellunopress.it\/fr\/2012\/11\/05\/le-cartoline-depoca-di-rino-budel-in-mostra-a-santa-giustina-fino-al-17-novembre\/\" \/>\n<meta property=\"og:locale\" content=\"fr_FR\" \/>\n<meta property=\"og:type\" content=\"article\" \/>\n<meta property=\"og:title\" content=\"Le cartoline d&#039;epoca di Rino Budel in mostra a Santa Giustina, fino al 17 novembre - Bellunopress - Dolomiti\" \/>\n<meta property=\"og:description\" content=\"Si susseguono le mostre nella sala espositiva al pianoterra del Centro Culturale di Santa Giustina: Sabato 3 novembre alle 18.00 sar\u00e0 infatti inaugurata una mostra di cartoline d\u2019epoca del territorio di Santa Giustina collezionate in tanti anni da Rino Budel che le ha messe a disposizione dell\u2019 Assessorato alla Cultura, dando la possibilit\u00e0 alla comunit\u00e0 [&hellip;]\" \/>\n<meta property=\"og:url\" content=\"https:\/\/www.bellunopress.it\/fr\/2012\/11\/05\/le-cartoline-depoca-di-rino-budel-in-mostra-a-santa-giustina-fino-al-17-novembre\/\" \/>\n<meta property=\"og:site_name\" content=\"Bellunopress - Dolomiti\" \/>\n<meta property=\"article:publisher\" content=\"https:\/\/www.facebook.com\/profile.php?id=100008943462799\" \/>\n<meta property=\"article:published_time\" content=\"2012-11-05T13:39:56+00:00\" \/>\n<meta property=\"og:image\" content=\"http:\/\/www.bellunopress.it\/wp-content\/uploads\/2012\/07\/logo-bellunopress-250x250-2012.jpg\" \/>\n<meta name=\"author\" content=\"redazione\" \/>\n<meta name=\"twitter:card\" content=\"summary_large_image\" \/>\n<meta name=\"twitter:creator\" content=\"@bellunopress\" \/>\n<meta name=\"twitter:site\" content=\"@bellunopress\" \/>\n<meta name=\"twitter:label1\" content=\"\u00c9crit par\" \/>\n\t<meta name=\"twitter:data1\" content=\"redazione\" \/>\n\t<meta name=\"twitter:label2\" content=\"Dur\u00e9e de lecture estim\u00e9e\" \/>\n\t<meta name=\"twitter:data2\" content=\"1 minute\" \/>\n<script type=\"application\/ld+json\" class=\"yoast-schema-graph\">{\"@context\":\"https:\\\/\\\/schema.org\",\"@graph\":[{\"@type\":\"Article\",\"@id\":\"https:\\\/\\\/www.bellunopress.it\\\/2012\\\/11\\\/05\\\/le-cartoline-depoca-di-rino-budel-in-mostra-a-santa-giustina-fino-al-17-novembre\\\/#article\",\"isPartOf\":{\"@id\":\"https:\\\/\\\/www.bellunopress.it\\\/2012\\\/11\\\/05\\\/le-cartoline-depoca-di-rino-budel-in-mostra-a-santa-giustina-fino-al-17-novembre\\\/\"},\"author\":{\"name\":\"redazione\",\"@id\":\"https:\\\/\\\/www.bellunopress.it\\\/#\\\/schema\\\/person\\\/79bb06722b37ece1c03d3e94beb30d73\"},\"headline\":\"Le cartoline d&#8217;epoca di Rino Budel in mostra a Santa Giustina, fino al 17 novembre\",\"datePublished\":\"2012-11-05T13:39:56+00:00\",\"mainEntityOfPage\":{\"@id\":\"https:\\\/\\\/www.bellunopress.it\\\/2012\\\/11\\\/05\\\/le-cartoline-depoca-di-rino-budel-in-mostra-a-santa-giustina-fino-al-17-novembre\\\/\"},\"wordCount\":169,\"publisher\":{\"@id\":\"https:\\\/\\\/www.bellunopress.it\\\/#organization\"},\"articleSection\":[\"Appuntamenti, Eventi\",\"Arte, Cultura, Spettacoli, Scienza\",\"Pausa Caff\u00e8\"],\"inLanguage\":\"fr-FR\"},{\"@type\":\"WebPage\",\"@id\":\"https:\\\/\\\/www.bellunopress.it\\\/2012\\\/11\\\/05\\\/le-cartoline-depoca-di-rino-budel-in-mostra-a-santa-giustina-fino-al-17-novembre\\\/\",\"url\":\"https:\\\/\\\/www.bellunopress.it\\\/2012\\\/11\\\/05\\\/le-cartoline-depoca-di-rino-budel-in-mostra-a-santa-giustina-fino-al-17-novembre\\\/\",\"name\":\"Le cartoline d'epoca di Rino Budel in mostra a Santa Giustina, fino al 17 novembre - Bellunopress - Dolomiti\",\"isPartOf\":{\"@id\":\"https:\\\/\\\/www.bellunopress.it\\\/#website\"},\"datePublished\":\"2012-11-05T13:39:56+00:00\",\"breadcrumb\":{\"@id\":\"https:\\\/\\\/www.bellunopress.it\\\/2012\\\/11\\\/05\\\/le-cartoline-depoca-di-rino-budel-in-mostra-a-santa-giustina-fino-al-17-novembre\\\/#breadcrumb\"},\"inLanguage\":\"fr-FR\",\"potentialAction\":[{\"@type\":\"ReadAction\",\"target\":[\"https:\\\/\\\/www.bellunopress.it\\\/2012\\\/11\\\/05\\\/le-cartoline-depoca-di-rino-budel-in-mostra-a-santa-giustina-fino-al-17-novembre\\\/\"]}]},{\"@type\":\"BreadcrumbList\",\"@id\":\"https:\\\/\\\/www.bellunopress.it\\\/2012\\\/11\\\/05\\\/le-cartoline-depoca-di-rino-budel-in-mostra-a-santa-giustina-fino-al-17-novembre\\\/#breadcrumb\",\"itemListElement\":[{\"@type\":\"ListItem\",\"position\":1,\"name\":\"Home\",\"item\":\"https:\\\/\\\/www.bellunopress.it\\\/\"},{\"@type\":\"ListItem\",\"position\":2,\"name\":\"Le cartoline d&#8217;epoca di Rino Budel in mostra a Santa Giustina, fino al 17 novembre\"}]},{\"@type\":\"WebSite\",\"@id\":\"https:\\\/\\\/www.bellunopress.it\\\/#website\",\"url\":\"https:\\\/\\\/www.bellunopress.it\\\/\",\"name\":\"Bellunopress - Dolomiti\",\"description\":\"e-mail: redazione@bellunopress.it\",\"publisher\":{\"@id\":\"https:\\\/\\\/www.bellunopress.it\\\/#organization\"},\"potentialAction\":[{\"@type\":\"SearchAction\",\"target\":{\"@type\":\"EntryPoint\",\"urlTemplate\":\"https:\\\/\\\/www.bellunopress.it\\\/?s={search_term_string}\"},\"query-input\":{\"@type\":\"PropertyValueSpecification\",\"valueRequired\":true,\"valueName\":\"search_term_string\"}}],\"inLanguage\":\"fr-FR\"},{\"@type\":\"Organization\",\"@id\":\"https:\\\/\\\/www.bellunopress.it\\\/#organization\",\"name\":\"Bellunopress\",\"url\":\"https:\\\/\\\/www.bellunopress.it\\\/\",\"logo\":{\"@type\":\"ImageObject\",\"inLanguage\":\"fr-FR\",\"@id\":\"https:\\\/\\\/www.bellunopress.it\\\/#\\\/schema\\\/logo\\\/image\\\/\",\"url\":\"https:\\\/\\\/www.bellunopress.it\\\/wp-content\\\/uploads\\\/2011\\\/05\\\/cropped-logo-bellunopress-.jpg\",\"contentUrl\":\"https:\\\/\\\/www.bellunopress.it\\\/wp-content\\\/uploads\\\/2011\\\/05\\\/cropped-logo-bellunopress-.jpg\",\"width\":512,\"height\":512,\"caption\":\"Bellunopress\"},\"image\":{\"@id\":\"https:\\\/\\\/www.bellunopress.it\\\/#\\\/schema\\\/logo\\\/image\\\/\"},\"sameAs\":[\"https:\\\/\\\/www.facebook.com\\\/profile.php?id=100008943462799\",\"https:\\\/\\\/x.com\\\/bellunopress\",\"https:\\\/\\\/www.linkedin.com\\\/hp\\\/?dnr=JBzUWaJfMUw8vbXJJ2tVW5-I3jZKvC4wsoxE&amp;amp;amp;amp;amp;amp;trk=nav_responsive_tab_home\",\"https:\\\/\\\/www.youtube.com\\\/channel\\\/UCxL0wu1uN0_3_7hGG0306cw\"]},{\"@type\":\"Person\",\"@id\":\"https:\\\/\\\/www.bellunopress.it\\\/#\\\/schema\\\/person\\\/79bb06722b37ece1c03d3e94beb30d73\",\"name\":\"redazione\",\"image\":{\"@type\":\"ImageObject\",\"inLanguage\":\"fr-FR\",\"@id\":\"https:\\\/\\\/secure.gravatar.com\\\/avatar\\\/37d968a2e67a6fd04c169c4bdef102d0bc5d31b2546345219e348575eb80e9a0?s=96&d=mm&r=g\",\"url\":\"https:\\\/\\\/secure.gravatar.com\\\/avatar\\\/37d968a2e67a6fd04c169c4bdef102d0bc5d31b2546345219e348575eb80e9a0?s=96&d=mm&r=g\",\"contentUrl\":\"https:\\\/\\\/secure.gravatar.com\\\/avatar\\\/37d968a2e67a6fd04c169c4bdef102d0bc5d31b2546345219e348575eb80e9a0?s=96&d=mm&r=g\",\"caption\":\"redazione\"},\"sameAs\":[\"http:\\\/\\\/www.bellunopress.it\",\"https:\\\/\\\/x.com\\\/bellunopress\"],\"url\":\"https:\\\/\\\/www.bellunopress.it\\\/fr\\\/author\\\/redazione\\\/\"}]}<\/script>\n<!-- \/ Yoast SEO plugin. -->","yoast_head_json":{"title":"Le cartoline d'epoca di Rino Budel in mostra a Santa Giustina, fino al 17 novembre - Bellunopress - Dolomiti","robots":{"index":"index","follow":"follow","max-snippet":"max-snippet:-1","max-image-preview":"max-image-preview:large","max-video-preview":"max-video-preview:-1"},"canonical":"https:\/\/www.bellunopress.it\/fr\/2012\/11\/05\/le-cartoline-depoca-di-rino-budel-in-mostra-a-santa-giustina-fino-al-17-novembre\/","og_locale":"fr_FR","og_type":"article","og_title":"Le cartoline d'epoca di Rino Budel in mostra a Santa Giustina, fino al 17 novembre - Bellunopress - Dolomiti","og_description":"Si susseguono le mostre nella sala espositiva al pianoterra del Centro Culturale di Santa Giustina: Sabato 3 novembre alle 18.00 sar\u00e0 infatti inaugurata una mostra di cartoline d\u2019epoca del territorio di Santa Giustina collezionate in tanti anni da Rino Budel che le ha messe a disposizione dell\u2019 Assessorato alla Cultura, dando la possibilit\u00e0 alla comunit\u00e0 [&hellip;]","og_url":"https:\/\/www.bellunopress.it\/fr\/2012\/11\/05\/le-cartoline-depoca-di-rino-budel-in-mostra-a-santa-giustina-fino-al-17-novembre\/","og_site_name":"Bellunopress - Dolomiti","article_publisher":"https:\/\/www.facebook.com\/profile.php?id=100008943462799","article_published_time":"2012-11-05T13:39:56+00:00","og_image":[{"url":"http:\/\/www.bellunopress.it\/wp-content\/uploads\/2012\/07\/logo-bellunopress-250x250-2012.jpg","type":"","width":"","height":""}],"author":"redazione","twitter_card":"summary_large_image","twitter_creator":"@bellunopress","twitter_site":"@bellunopress","twitter_misc":{"\u00c9crit par":"redazione","Dur\u00e9e de lecture estim\u00e9e":"1 minute"},"schema":{"@context":"https:\/\/schema.org","@graph":[{"@type":"Article","@id":"https:\/\/www.bellunopress.it\/2012\/11\/05\/le-cartoline-depoca-di-rino-budel-in-mostra-a-santa-giustina-fino-al-17-novembre\/#article","isPartOf":{"@id":"https:\/\/www.bellunopress.it\/2012\/11\/05\/le-cartoline-depoca-di-rino-budel-in-mostra-a-santa-giustina-fino-al-17-novembre\/"},"author":{"name":"redazione","@id":"https:\/\/www.bellunopress.it\/#\/schema\/person\/79bb06722b37ece1c03d3e94beb30d73"},"headline":"Le cartoline d&#8217;epoca di Rino Budel in mostra a Santa Giustina, fino al 17 novembre","datePublished":"2012-11-05T13:39:56+00:00","mainEntityOfPage":{"@id":"https:\/\/www.bellunopress.it\/2012\/11\/05\/le-cartoline-depoca-di-rino-budel-in-mostra-a-santa-giustina-fino-al-17-novembre\/"},"wordCount":169,"publisher":{"@id":"https:\/\/www.bellunopress.it\/#organization"},"articleSection":["Appuntamenti, Eventi","Arte, Cultura, Spettacoli, Scienza","Pausa Caff\u00e8"],"inLanguage":"fr-FR"},{"@type":"WebPage","@id":"https:\/\/www.bellunopress.it\/2012\/11\/05\/le-cartoline-depoca-di-rino-budel-in-mostra-a-santa-giustina-fino-al-17-novembre\/","url":"https:\/\/www.bellunopress.it\/2012\/11\/05\/le-cartoline-depoca-di-rino-budel-in-mostra-a-santa-giustina-fino-al-17-novembre\/","name":"Le cartoline d'epoca di Rino Budel in mostra a Santa Giustina, fino al 17 novembre - Bellunopress - Dolomiti","isPartOf":{"@id":"https:\/\/www.bellunopress.it\/#website"},"datePublished":"2012-11-05T13:39:56+00:00","breadcrumb":{"@id":"https:\/\/www.bellunopress.it\/2012\/11\/05\/le-cartoline-depoca-di-rino-budel-in-mostra-a-santa-giustina-fino-al-17-novembre\/#breadcrumb"},"inLanguage":"fr-FR","potentialAction":[{"@type":"ReadAction","target":["https:\/\/www.bellunopress.it\/2012\/11\/05\/le-cartoline-depoca-di-rino-budel-in-mostra-a-santa-giustina-fino-al-17-novembre\/"]}]},{"@type":"BreadcrumbList","@id":"https:\/\/www.bellunopress.it\/2012\/11\/05\/le-cartoline-depoca-di-rino-budel-in-mostra-a-santa-giustina-fino-al-17-novembre\/#breadcrumb","itemListElement":[{"@type":"ListItem","position":1,"name":"Home","item":"https:\/\/www.bellunopress.it\/"},{"@type":"ListItem","position":2,"name":"Le cartoline d&#8217;epoca di Rino Budel in mostra a Santa Giustina, fino al 17 novembre"}]},{"@type":"WebSite","@id":"https:\/\/www.bellunopress.it\/#website","url":"https:\/\/www.bellunopress.it\/","name":"Bellunopress - Dolomiti","description":"e-mail: redazione@bellunopress.it","publisher":{"@id":"https:\/\/www.bellunopress.it\/#organization"},"potentialAction":[{"@type":"SearchAction","target":{"@type":"EntryPoint","urlTemplate":"https:\/\/www.bellunopress.it\/?s={search_term_string}"},"query-input":{"@type":"PropertyValueSpecification","valueRequired":true,"valueName":"search_term_string"}}],"inLanguage":"fr-FR"},{"@type":"Organization","@id":"https:\/\/www.bellunopress.it\/#organization","name":"Bellunopress","url":"https:\/\/www.bellunopress.it\/","logo":{"@type":"ImageObject","inLanguage":"fr-FR","@id":"https:\/\/www.bellunopress.it\/#\/schema\/logo\/image\/","url":"https:\/\/www.bellunopress.it\/wp-content\/uploads\/2011\/05\/cropped-logo-bellunopress-.jpg","contentUrl":"https:\/\/www.bellunopress.it\/wp-content\/uploads\/2011\/05\/cropped-logo-bellunopress-.jpg","width":512,"height":512,"caption":"Bellunopress"},"image":{"@id":"https:\/\/www.bellunopress.it\/#\/schema\/logo\/image\/"},"sameAs":["https:\/\/www.facebook.com\/profile.php?id=100008943462799","https:\/\/x.com\/bellunopress","https:\/\/www.linkedin.com\/hp\/?dnr=JBzUWaJfMUw8vbXJJ2tVW5-I3jZKvC4wsoxE&amp;amp;amp;amp;amp;amp;trk=nav_responsive_tab_home","https:\/\/www.youtube.com\/channel\/UCxL0wu1uN0_3_7hGG0306cw"]},{"@type":"Person","@id":"https:\/\/www.bellunopress.it\/#\/schema\/person\/79bb06722b37ece1c03d3e94beb30d73","name":"r\u00e9daction","image":{"@type":"ImageObject","inLanguage":"fr-FR","@id":"https:\/\/secure.gravatar.com\/avatar\/37d968a2e67a6fd04c169c4bdef102d0bc5d31b2546345219e348575eb80e9a0?s=96&d=mm&r=g","url":"https:\/\/secure.gravatar.com\/avatar\/37d968a2e67a6fd04c169c4bdef102d0bc5d31b2546345219e348575eb80e9a0?s=96&d=mm&r=g","contentUrl":"https:\/\/secure.gravatar.com\/avatar\/37d968a2e67a6fd04c169c4bdef102d0bc5d31b2546345219e348575eb80e9a0?s=96&d=mm&r=g","caption":"redazione"},"sameAs":["http:\/\/www.bellunopress.it","https:\/\/x.com\/bellunopress"],"url":"https:\/\/www.bellunopress.it\/fr\/author\/redazione\/"}]}},"_links":{"self":[{"href":"https:\/\/www.bellunopress.it\/fr\/wp-json\/wp\/v2\/posts\/43611","targetHints":{"allow":["GET"]}}],"collection":[{"href":"https:\/\/www.bellunopress.it\/fr\/wp-json\/wp\/v2\/posts"}],"about":[{"href":"https:\/\/www.bellunopress.it\/fr\/wp-json\/wp\/v2\/types\/post"}],"author":[{"embeddable":true,"href":"https:\/\/www.bellunopress.it\/fr\/wp-json\/wp\/v2\/users\/2"}],"replies":[{"embeddable":true,"href":"https:\/\/www.bellunopress.it\/fr\/wp-json\/wp\/v2\/comments?post=43611"}],"version-history":[{"count":1,"href":"https:\/\/www.bellunopress.it\/fr\/wp-json\/wp\/v2\/posts\/43611\/revisions"}],"predecessor-version":[{"id":43612,"href":"https:\/\/www.bellunopress.it\/fr\/wp-json\/wp\/v2\/posts\/43611\/revisions\/43612"}],"wp:attachment":[{"href":"https:\/\/www.bellunopress.it\/fr\/wp-json\/wp\/v2\/media?parent=43611"}],"wp:term":[{"taxonomy":"category","embeddable":true,"href":"https:\/\/www.bellunopress.it\/fr\/wp-json\/wp\/v2\/categories?post=43611"},{"taxonomy":"post_tag","embeddable":true,"href":"https:\/\/www.bellunopress.it\/fr\/wp-json\/wp\/v2\/tags?post=43611"}],"curies":[{"name":"wp","href":"https:\/\/api.w.org\/{rel}","templated":true}]}}