{"id":43600,"date":"2012-11-04T23:53:09","date_gmt":"2012-11-04T22:53:09","guid":{"rendered":"http:\/\/www.bellunopress.it\/?p=43600"},"modified":"2012-11-04T13:54:44","modified_gmt":"2012-11-04T12:54:44","slug":"itinerari-danteschi-per-conoscere-la-divina-commedia-con-la-biblioteca-civica-di-belluno-dall8-novembre-al-20-dicembre-in-sala-bianchi","status":"publish","type":"post","link":"https:\/\/www.bellunopress.it\/fr\/2012\/11\/04\/itinerari-danteschi-per-conoscere-la-divina-commedia-con-la-biblioteca-civica-di-belluno-dall8-novembre-al-20-dicembre-in-sala-bianchi\/","title":{"rendered":"Itinerari danteschi per conoscere la Divina Commedia. Con la Biblioteca civica di Belluno dall&#8217;8 novembre al 20 dicembre in Sala Bianchi"},"content":{"rendered":"<p>Non rientrava nei programmi di studio, oppure non si \u00e8 pi\u00f9 di tanto approfondita a scuola, o, pi\u00f9 spesso, studiarla \u00e8 stata vissuta come una fatica o una noia; in molti casi e per tante persone non \u00e8 stato possibile comprendere il valore e il significato della poesia della Divina Commedia.<\/p>\n<p>Stiamo parlando di uno dei pi\u00f9 grandi capolavori della letteratura mondiale, eppure sembra non essere pi\u00f9 considerata tale. L\u2019opera di Dante Alighieri vale invece la pena di essere conosciuta anche in un modo diverso, meno scolastico e pi\u00f9 orientato alla facile comprensione di tutti.<\/p>\n<p>Riferimenti storici, sociali, economici, religiosi e culturali, spesso sono di grande attualit\u00e0. Vuoi provare ad avvicinarti e ad apprezzarla? Partecipa agli itinerari danteschi che la Biblioteca civica di Belluno propone a partire dall&#8217;8 novembre al 20 dicembre.<\/p>\n<p>Questo il programma dei sei percorsi a tema proposti:<\/p>\n<p>\u2022 Tre donne nei tre regni dell&#8217;Oltretomba: Francesca, Pia e Piccarda<\/p>\n<p>\u2022 Alla ricerca dei significati nascosti. &#8220;Sotto l&#8217; velame de li versi strani&#8221;<\/p>\n<p>\u2022 La figura di S. Francesco. &#8220;Francesco e Povert\u00e0 per questi amanti prendi oramai nel mio parlar diffuso&#8221;<\/p>\n<p>\u2022 La magnanimit\u00e0. &#8220;Quelli \u00e8 Omero poeta sovrano che sovra li altri com&#8217;aquila vola&#8221;<\/p>\n<p>\u2022 Dannati e purganti: pene a confronto, golosi dell&#8217;Inferno e del Purgatorio<\/p>\n<p>\u2022 Il dramma di Ugolino &#8220;E se non piangi di che pianger suoli?&#8221;.<\/p>\n<p>Maurizio Mellini \u00e8 l\u2019esperto che curer\u00e0 il ciclo di incontri con, a margine, anche la declamazione o lettura del testo originale. La manifestazione \u00e8 volutamente divulgativa e quindi aperta alla partecipazione di tutti, si consiglia di portare con s\u00e9 una copia della Divina Commedia.<\/p>\n<p>Gli appuntamenti si svolgeranno tutti a Belluno presso la Sala Bianchi in viale Fantuzzi, 11 dalle ore 17.30.<\/p>\n<p>Per ogni ulteriore informazione contattare la Biblioteca al tel. 0437948093 o biblioteca@comune.belluno.it o http:\/\/biblioteca.comune.belluno.it.<\/p>\n<p>&nbsp;<\/p>","protected":false},"excerpt":{"rendered":"<p>Non rientrava nei programmi di studio, oppure non si \u00e8 pi\u00f9 di tanto approfondita a scuola, o, pi\u00f9 spesso, studiarla \u00e8 stata vissuta come una fatica o una noia; in molti casi e per tante persone non \u00e8 stato possibile comprendere il valore e il significato della poesia della Divina Commedia. Stiamo parlando di uno [&hellip;]<\/p>\n","protected":false},"author":2,"featured_media":0,"comment_status":"closed","ping_status":"open","sticky":false,"template":"","format":"standard","meta":{"footnotes":""},"categories":[27,3,25],"tags":[],"class_list":["post-43600","post","type-post","status-publish","format-standard","category-appuntamenti","category-arte-cultura-spettacoli-scienza-archivi","category-pausa-caffe"],"yoast_head":"<!-- This site is optimized with the Yoast SEO plugin v28.4 - https:\/\/yoast.com\/product\/yoast-seo-wordpress\/ -->\n<title>Itinerari danteschi per conoscere la Divina Commedia. Con la Biblioteca civica di Belluno dall&#039;8 novembre al 20 dicembre in Sala Bianchi - Bellunopress - Dolomiti<\/title>\n<meta name=\"robots\" content=\"index, follow, max-snippet:-1, max-image-preview:large, max-video-preview:-1\" \/>\n<link rel=\"canonical\" href=\"https:\/\/www.bellunopress.it\/fr\/2012\/11\/04\/itinerari-danteschi-per-conoscere-la-divina-commedia-con-la-biblioteca-civica-di-belluno-dall8-novembre-al-20-dicembre-in-sala-bianchi\/\" \/>\n<meta property=\"og:locale\" content=\"fr_FR\" \/>\n<meta property=\"og:type\" content=\"article\" \/>\n<meta property=\"og:title\" content=\"Itinerari danteschi per conoscere la Divina Commedia. Con la Biblioteca civica di Belluno dall&#039;8 novembre al 20 dicembre in Sala Bianchi - Bellunopress - Dolomiti\" \/>\n<meta property=\"og:description\" content=\"Non rientrava nei programmi di studio, oppure non si \u00e8 pi\u00f9 di tanto approfondita a scuola, o, pi\u00f9 spesso, studiarla \u00e8 stata vissuta come una fatica o una noia; in molti casi e per tante persone non \u00e8 stato possibile comprendere il valore e il significato della poesia della Divina Commedia. Stiamo parlando di uno [&hellip;]\" \/>\n<meta property=\"og:url\" content=\"https:\/\/www.bellunopress.it\/fr\/2012\/11\/04\/itinerari-danteschi-per-conoscere-la-divina-commedia-con-la-biblioteca-civica-di-belluno-dall8-novembre-al-20-dicembre-in-sala-bianchi\/\" \/>\n<meta property=\"og:site_name\" content=\"Bellunopress - Dolomiti\" \/>\n<meta property=\"article:publisher\" content=\"https:\/\/www.facebook.com\/profile.php?id=100008943462799\" \/>\n<meta property=\"article:published_time\" content=\"2012-11-04T22:53:09+00:00\" \/>\n<meta property=\"og:image\" content=\"http:\/\/www.bellunopress.it\/wp-content\/uploads\/2012\/07\/logo-bellunopress-250x250-2012.jpg\" \/>\n<meta name=\"author\" content=\"redazione\" \/>\n<meta name=\"twitter:card\" content=\"summary_large_image\" \/>\n<meta name=\"twitter:creator\" content=\"@bellunopress\" \/>\n<meta name=\"twitter:site\" content=\"@bellunopress\" \/>\n<meta name=\"twitter:label1\" content=\"\u00c9crit par\" \/>\n\t<meta name=\"twitter:data1\" content=\"redazione\" \/>\n\t<meta name=\"twitter:label2\" content=\"Dur\u00e9e de lecture estim\u00e9e\" \/>\n\t<meta name=\"twitter:data2\" content=\"1 minute\" \/>\n<script type=\"application\/ld+json\" class=\"yoast-schema-graph\">{\"@context\":\"https:\\\/\\\/schema.org\",\"@graph\":[{\"@type\":\"Article\",\"@id\":\"https:\\\/\\\/www.bellunopress.it\\\/2012\\\/11\\\/04\\\/itinerari-danteschi-per-conoscere-la-divina-commedia-con-la-biblioteca-civica-di-belluno-dall8-novembre-al-20-dicembre-in-sala-bianchi\\\/#article\",\"isPartOf\":{\"@id\":\"https:\\\/\\\/www.bellunopress.it\\\/2012\\\/11\\\/04\\\/itinerari-danteschi-per-conoscere-la-divina-commedia-con-la-biblioteca-civica-di-belluno-dall8-novembre-al-20-dicembre-in-sala-bianchi\\\/\"},\"author\":{\"name\":\"redazione\",\"@id\":\"https:\\\/\\\/www.bellunopress.it\\\/#\\\/schema\\\/person\\\/79bb06722b37ece1c03d3e94beb30d73\"},\"headline\":\"Itinerari danteschi per conoscere la Divina Commedia. Con la Biblioteca civica di Belluno dall&#8217;8 novembre al 20 dicembre in Sala Bianchi\",\"datePublished\":\"2012-11-04T22:53:09+00:00\",\"mainEntityOfPage\":{\"@id\":\"https:\\\/\\\/www.bellunopress.it\\\/2012\\\/11\\\/04\\\/itinerari-danteschi-per-conoscere-la-divina-commedia-con-la-biblioteca-civica-di-belluno-dall8-novembre-al-20-dicembre-in-sala-bianchi\\\/\"},\"wordCount\":315,\"publisher\":{\"@id\":\"https:\\\/\\\/www.bellunopress.it\\\/#organization\"},\"articleSection\":[\"Appuntamenti, Eventi\",\"Arte, Cultura, Spettacoli, Scienza\",\"Pausa Caff\u00e8\"],\"inLanguage\":\"fr-FR\"},{\"@type\":\"WebPage\",\"@id\":\"https:\\\/\\\/www.bellunopress.it\\\/2012\\\/11\\\/04\\\/itinerari-danteschi-per-conoscere-la-divina-commedia-con-la-biblioteca-civica-di-belluno-dall8-novembre-al-20-dicembre-in-sala-bianchi\\\/\",\"url\":\"https:\\\/\\\/www.bellunopress.it\\\/2012\\\/11\\\/04\\\/itinerari-danteschi-per-conoscere-la-divina-commedia-con-la-biblioteca-civica-di-belluno-dall8-novembre-al-20-dicembre-in-sala-bianchi\\\/\",\"name\":\"Itinerari danteschi per conoscere la Divina Commedia. Con la Biblioteca civica di Belluno dall'8 novembre al 20 dicembre in Sala Bianchi - Bellunopress - Dolomiti\",\"isPartOf\":{\"@id\":\"https:\\\/\\\/www.bellunopress.it\\\/#website\"},\"datePublished\":\"2012-11-04T22:53:09+00:00\",\"breadcrumb\":{\"@id\":\"https:\\\/\\\/www.bellunopress.it\\\/2012\\\/11\\\/04\\\/itinerari-danteschi-per-conoscere-la-divina-commedia-con-la-biblioteca-civica-di-belluno-dall8-novembre-al-20-dicembre-in-sala-bianchi\\\/#breadcrumb\"},\"inLanguage\":\"fr-FR\",\"potentialAction\":[{\"@type\":\"ReadAction\",\"target\":[\"https:\\\/\\\/www.bellunopress.it\\\/2012\\\/11\\\/04\\\/itinerari-danteschi-per-conoscere-la-divina-commedia-con-la-biblioteca-civica-di-belluno-dall8-novembre-al-20-dicembre-in-sala-bianchi\\\/\"]}]},{\"@type\":\"BreadcrumbList\",\"@id\":\"https:\\\/\\\/www.bellunopress.it\\\/2012\\\/11\\\/04\\\/itinerari-danteschi-per-conoscere-la-divina-commedia-con-la-biblioteca-civica-di-belluno-dall8-novembre-al-20-dicembre-in-sala-bianchi\\\/#breadcrumb\",\"itemListElement\":[{\"@type\":\"ListItem\",\"position\":1,\"name\":\"Home\",\"item\":\"https:\\\/\\\/www.bellunopress.it\\\/\"},{\"@type\":\"ListItem\",\"position\":2,\"name\":\"Itinerari danteschi per conoscere la Divina Commedia. Con la Biblioteca civica di Belluno dall&#8217;8 novembre al 20 dicembre in Sala Bianchi\"}]},{\"@type\":\"WebSite\",\"@id\":\"https:\\\/\\\/www.bellunopress.it\\\/#website\",\"url\":\"https:\\\/\\\/www.bellunopress.it\\\/\",\"name\":\"Bellunopress - Dolomiti\",\"description\":\"e-mail: redazione@bellunopress.it\",\"publisher\":{\"@id\":\"https:\\\/\\\/www.bellunopress.it\\\/#organization\"},\"potentialAction\":[{\"@type\":\"SearchAction\",\"target\":{\"@type\":\"EntryPoint\",\"urlTemplate\":\"https:\\\/\\\/www.bellunopress.it\\\/?s={search_term_string}\"},\"query-input\":{\"@type\":\"PropertyValueSpecification\",\"valueRequired\":true,\"valueName\":\"search_term_string\"}}],\"inLanguage\":\"fr-FR\"},{\"@type\":\"Organization\",\"@id\":\"https:\\\/\\\/www.bellunopress.it\\\/#organization\",\"name\":\"Bellunopress\",\"url\":\"https:\\\/\\\/www.bellunopress.it\\\/\",\"logo\":{\"@type\":\"ImageObject\",\"inLanguage\":\"fr-FR\",\"@id\":\"https:\\\/\\\/www.bellunopress.it\\\/#\\\/schema\\\/logo\\\/image\\\/\",\"url\":\"https:\\\/\\\/www.bellunopress.it\\\/wp-content\\\/uploads\\\/2011\\\/05\\\/cropped-logo-bellunopress-.jpg\",\"contentUrl\":\"https:\\\/\\\/www.bellunopress.it\\\/wp-content\\\/uploads\\\/2011\\\/05\\\/cropped-logo-bellunopress-.jpg\",\"width\":512,\"height\":512,\"caption\":\"Bellunopress\"},\"image\":{\"@id\":\"https:\\\/\\\/www.bellunopress.it\\\/#\\\/schema\\\/logo\\\/image\\\/\"},\"sameAs\":[\"https:\\\/\\\/www.facebook.com\\\/profile.php?id=100008943462799\",\"https:\\\/\\\/x.com\\\/bellunopress\",\"https:\\\/\\\/www.linkedin.com\\\/hp\\\/?dnr=JBzUWaJfMUw8vbXJJ2tVW5-I3jZKvC4wsoxE&amp;amp;amp;amp;amp;amp;trk=nav_responsive_tab_home\",\"https:\\\/\\\/www.youtube.com\\\/channel\\\/UCxL0wu1uN0_3_7hGG0306cw\"]},{\"@type\":\"Person\",\"@id\":\"https:\\\/\\\/www.bellunopress.it\\\/#\\\/schema\\\/person\\\/79bb06722b37ece1c03d3e94beb30d73\",\"name\":\"redazione\",\"image\":{\"@type\":\"ImageObject\",\"inLanguage\":\"fr-FR\",\"@id\":\"https:\\\/\\\/secure.gravatar.com\\\/avatar\\\/37d968a2e67a6fd04c169c4bdef102d0bc5d31b2546345219e348575eb80e9a0?s=96&d=mm&r=g\",\"url\":\"https:\\\/\\\/secure.gravatar.com\\\/avatar\\\/37d968a2e67a6fd04c169c4bdef102d0bc5d31b2546345219e348575eb80e9a0?s=96&d=mm&r=g\",\"contentUrl\":\"https:\\\/\\\/secure.gravatar.com\\\/avatar\\\/37d968a2e67a6fd04c169c4bdef102d0bc5d31b2546345219e348575eb80e9a0?s=96&d=mm&r=g\",\"caption\":\"redazione\"},\"sameAs\":[\"http:\\\/\\\/www.bellunopress.it\",\"https:\\\/\\\/x.com\\\/bellunopress\"],\"url\":\"https:\\\/\\\/www.bellunopress.it\\\/fr\\\/author\\\/redazione\\\/\"}]}<\/script>\n<!-- \/ Yoast SEO plugin. -->","yoast_head_json":{"title":"Itinerari danteschi per conoscere la Divina Commedia. Con la Biblioteca civica di Belluno dall'8 novembre al 20 dicembre in Sala Bianchi - Bellunopress - Dolomiti","robots":{"index":"index","follow":"follow","max-snippet":"max-snippet:-1","max-image-preview":"max-image-preview:large","max-video-preview":"max-video-preview:-1"},"canonical":"https:\/\/www.bellunopress.it\/fr\/2012\/11\/04\/itinerari-danteschi-per-conoscere-la-divina-commedia-con-la-biblioteca-civica-di-belluno-dall8-novembre-al-20-dicembre-in-sala-bianchi\/","og_locale":"fr_FR","og_type":"article","og_title":"Itinerari danteschi per conoscere la Divina Commedia. Con la Biblioteca civica di Belluno dall'8 novembre al 20 dicembre in Sala Bianchi - Bellunopress - Dolomiti","og_description":"Non rientrava nei programmi di studio, oppure non si \u00e8 pi\u00f9 di tanto approfondita a scuola, o, pi\u00f9 spesso, studiarla \u00e8 stata vissuta come una fatica o una noia; in molti casi e per tante persone non \u00e8 stato possibile comprendere il valore e il significato della poesia della Divina Commedia. Stiamo parlando di uno [&hellip;]","og_url":"https:\/\/www.bellunopress.it\/fr\/2012\/11\/04\/itinerari-danteschi-per-conoscere-la-divina-commedia-con-la-biblioteca-civica-di-belluno-dall8-novembre-al-20-dicembre-in-sala-bianchi\/","og_site_name":"Bellunopress - Dolomiti","article_publisher":"https:\/\/www.facebook.com\/profile.php?id=100008943462799","article_published_time":"2012-11-04T22:53:09+00:00","og_image":[{"url":"http:\/\/www.bellunopress.it\/wp-content\/uploads\/2012\/07\/logo-bellunopress-250x250-2012.jpg","type":"","width":"","height":""}],"author":"redazione","twitter_card":"summary_large_image","twitter_creator":"@bellunopress","twitter_site":"@bellunopress","twitter_misc":{"\u00c9crit par":"redazione","Dur\u00e9e de lecture estim\u00e9e":"1 minute"},"schema":{"@context":"https:\/\/schema.org","@graph":[{"@type":"Article","@id":"https:\/\/www.bellunopress.it\/2012\/11\/04\/itinerari-danteschi-per-conoscere-la-divina-commedia-con-la-biblioteca-civica-di-belluno-dall8-novembre-al-20-dicembre-in-sala-bianchi\/#article","isPartOf":{"@id":"https:\/\/www.bellunopress.it\/2012\/11\/04\/itinerari-danteschi-per-conoscere-la-divina-commedia-con-la-biblioteca-civica-di-belluno-dall8-novembre-al-20-dicembre-in-sala-bianchi\/"},"author":{"name":"redazione","@id":"https:\/\/www.bellunopress.it\/#\/schema\/person\/79bb06722b37ece1c03d3e94beb30d73"},"headline":"Itinerari danteschi per conoscere la Divina Commedia. Con la Biblioteca civica di Belluno dall&#8217;8 novembre al 20 dicembre in Sala Bianchi","datePublished":"2012-11-04T22:53:09+00:00","mainEntityOfPage":{"@id":"https:\/\/www.bellunopress.it\/2012\/11\/04\/itinerari-danteschi-per-conoscere-la-divina-commedia-con-la-biblioteca-civica-di-belluno-dall8-novembre-al-20-dicembre-in-sala-bianchi\/"},"wordCount":315,"publisher":{"@id":"https:\/\/www.bellunopress.it\/#organization"},"articleSection":["Appuntamenti, Eventi","Arte, Cultura, Spettacoli, Scienza","Pausa Caff\u00e8"],"inLanguage":"fr-FR"},{"@type":"WebPage","@id":"https:\/\/www.bellunopress.it\/2012\/11\/04\/itinerari-danteschi-per-conoscere-la-divina-commedia-con-la-biblioteca-civica-di-belluno-dall8-novembre-al-20-dicembre-in-sala-bianchi\/","url":"https:\/\/www.bellunopress.it\/2012\/11\/04\/itinerari-danteschi-per-conoscere-la-divina-commedia-con-la-biblioteca-civica-di-belluno-dall8-novembre-al-20-dicembre-in-sala-bianchi\/","name":"Itinerari danteschi per conoscere la Divina Commedia. Con la Biblioteca civica di Belluno dall'8 novembre al 20 dicembre in Sala Bianchi - Bellunopress - Dolomiti","isPartOf":{"@id":"https:\/\/www.bellunopress.it\/#website"},"datePublished":"2012-11-04T22:53:09+00:00","breadcrumb":{"@id":"https:\/\/www.bellunopress.it\/2012\/11\/04\/itinerari-danteschi-per-conoscere-la-divina-commedia-con-la-biblioteca-civica-di-belluno-dall8-novembre-al-20-dicembre-in-sala-bianchi\/#breadcrumb"},"inLanguage":"fr-FR","potentialAction":[{"@type":"ReadAction","target":["https:\/\/www.bellunopress.it\/2012\/11\/04\/itinerari-danteschi-per-conoscere-la-divina-commedia-con-la-biblioteca-civica-di-belluno-dall8-novembre-al-20-dicembre-in-sala-bianchi\/"]}]},{"@type":"BreadcrumbList","@id":"https:\/\/www.bellunopress.it\/2012\/11\/04\/itinerari-danteschi-per-conoscere-la-divina-commedia-con-la-biblioteca-civica-di-belluno-dall8-novembre-al-20-dicembre-in-sala-bianchi\/#breadcrumb","itemListElement":[{"@type":"ListItem","position":1,"name":"Home","item":"https:\/\/www.bellunopress.it\/"},{"@type":"ListItem","position":2,"name":"Itinerari danteschi per conoscere la Divina Commedia. Con la Biblioteca civica di Belluno dall&#8217;8 novembre al 20 dicembre in Sala Bianchi"}]},{"@type":"WebSite","@id":"https:\/\/www.bellunopress.it\/#website","url":"https:\/\/www.bellunopress.it\/","name":"Bellunopress - Dolomiti","description":"e-mail: redazione@bellunopress.it","publisher":{"@id":"https:\/\/www.bellunopress.it\/#organization"},"potentialAction":[{"@type":"SearchAction","target":{"@type":"EntryPoint","urlTemplate":"https:\/\/www.bellunopress.it\/?s={search_term_string}"},"query-input":{"@type":"PropertyValueSpecification","valueRequired":true,"valueName":"search_term_string"}}],"inLanguage":"fr-FR"},{"@type":"Organization","@id":"https:\/\/www.bellunopress.it\/#organization","name":"Bellunopress","url":"https:\/\/www.bellunopress.it\/","logo":{"@type":"ImageObject","inLanguage":"fr-FR","@id":"https:\/\/www.bellunopress.it\/#\/schema\/logo\/image\/","url":"https:\/\/www.bellunopress.it\/wp-content\/uploads\/2011\/05\/cropped-logo-bellunopress-.jpg","contentUrl":"https:\/\/www.bellunopress.it\/wp-content\/uploads\/2011\/05\/cropped-logo-bellunopress-.jpg","width":512,"height":512,"caption":"Bellunopress"},"image":{"@id":"https:\/\/www.bellunopress.it\/#\/schema\/logo\/image\/"},"sameAs":["https:\/\/www.facebook.com\/profile.php?id=100008943462799","https:\/\/x.com\/bellunopress","https:\/\/www.linkedin.com\/hp\/?dnr=JBzUWaJfMUw8vbXJJ2tVW5-I3jZKvC4wsoxE&amp;amp;amp;amp;amp;amp;trk=nav_responsive_tab_home","https:\/\/www.youtube.com\/channel\/UCxL0wu1uN0_3_7hGG0306cw"]},{"@type":"Person","@id":"https:\/\/www.bellunopress.it\/#\/schema\/person\/79bb06722b37ece1c03d3e94beb30d73","name":"r\u00e9daction","image":{"@type":"ImageObject","inLanguage":"fr-FR","@id":"https:\/\/secure.gravatar.com\/avatar\/37d968a2e67a6fd04c169c4bdef102d0bc5d31b2546345219e348575eb80e9a0?s=96&d=mm&r=g","url":"https:\/\/secure.gravatar.com\/avatar\/37d968a2e67a6fd04c169c4bdef102d0bc5d31b2546345219e348575eb80e9a0?s=96&d=mm&r=g","contentUrl":"https:\/\/secure.gravatar.com\/avatar\/37d968a2e67a6fd04c169c4bdef102d0bc5d31b2546345219e348575eb80e9a0?s=96&d=mm&r=g","caption":"redazione"},"sameAs":["http:\/\/www.bellunopress.it","https:\/\/x.com\/bellunopress"],"url":"https:\/\/www.bellunopress.it\/fr\/author\/redazione\/"}]}},"_links":{"self":[{"href":"https:\/\/www.bellunopress.it\/fr\/wp-json\/wp\/v2\/posts\/43600","targetHints":{"allow":["GET"]}}],"collection":[{"href":"https:\/\/www.bellunopress.it\/fr\/wp-json\/wp\/v2\/posts"}],"about":[{"href":"https:\/\/www.bellunopress.it\/fr\/wp-json\/wp\/v2\/types\/post"}],"author":[{"embeddable":true,"href":"https:\/\/www.bellunopress.it\/fr\/wp-json\/wp\/v2\/users\/2"}],"replies":[{"embeddable":true,"href":"https:\/\/www.bellunopress.it\/fr\/wp-json\/wp\/v2\/comments?post=43600"}],"version-history":[{"count":1,"href":"https:\/\/www.bellunopress.it\/fr\/wp-json\/wp\/v2\/posts\/43600\/revisions"}],"predecessor-version":[{"id":43601,"href":"https:\/\/www.bellunopress.it\/fr\/wp-json\/wp\/v2\/posts\/43600\/revisions\/43601"}],"wp:attachment":[{"href":"https:\/\/www.bellunopress.it\/fr\/wp-json\/wp\/v2\/media?parent=43600"}],"wp:term":[{"taxonomy":"category","embeddable":true,"href":"https:\/\/www.bellunopress.it\/fr\/wp-json\/wp\/v2\/categories?post=43600"},{"taxonomy":"post_tag","embeddable":true,"href":"https:\/\/www.bellunopress.it\/fr\/wp-json\/wp\/v2\/tags?post=43600"}],"curies":[{"name":"wp","href":"https:\/\/api.w.org\/{rel}","templated":true}]}}