{"id":43546,"date":"2012-11-01T20:45:50","date_gmt":"2012-11-01T19:45:50","guid":{"rendered":"http:\/\/www.bellunopress.it\/?p=43546"},"modified":"2012-11-01T20:45:50","modified_gmt":"2012-11-01T19:45:50","slug":"italia-capitale-dello-sleddog-il-16-17-18-novembre-la-gara-di-farra-dalpago-con-assegnazione-dei-titoli-del-campionato-italiano","status":"publish","type":"post","link":"https:\/\/www.bellunopress.it\/fr\/2012\/11\/01\/italia-capitale-dello-sleddog-il-16-17-18-novembre-la-gara-di-farra-dalpago-con-assegnazione-dei-titoli-del-campionato-italiano\/","title":{"rendered":"Italia capitale dello sleddog. Il 16-17-18 novembre la gara di Farra d&#8217;Alpago con assegnazione dei titoli del Campionato italiano"},"content":{"rendered":"<p><a href=\"http:\/\/www.bellunopress.it\/wp-content\/uploads\/2009\/12\/cani-sleddog.jpg\"><img loading=\"lazy\" decoding=\"async\" class=\"alignleft size-full wp-image-11046\" title=\"cani-sleddog\" src=\"http:\/\/www.bellunopress.it\/wp-content\/uploads\/2009\/12\/cani-sleddog.jpg\" alt=\"\" width=\"280\" height=\"187\" \/><\/a>Un campionato europeo, altre dieci gare (tre su terra e sette su neve), oltre a grandi ed appassionanti traversate sugli Appennini a nord ed a sud.<\/p>\n<p>Ancora una volta il Nissan Skipass di Modena ha tenuto a battesimo la presentazione del calendario delle gare di sleddog, lo sport delle corse con le slitte trainate da cani.<\/p>\n<p>Nello stand della Regione Calabria, Massimo Bassan presidente della Federazione Italiana Musher e Sleddog Sport (Fimss) ha presentato le attivit\u00e0 della Fimss e del Club Italiano Sleddog (Cis) per la stagione 20121-2013 appena iniziata con una gara su sterrato a Basovizza (Ts). Sempre su sterrato si garegger\u00e0 che nel weekend del 10 e 11 novembre ad Erbusco (Brescia) organizzata da Aim (Associazione Italiana Musher) per finire il 16-17-18 novembre a Farra d\u2019Alpago (Bl) dove verranno assegnati i titoli del Campionato Italiano in concomitanza del Campionato Europeo CART FISTC 2012.<\/p>\n<p>Su neve, il via \u00e8 a dicembre (sabato 15 e domenica 16) con la tradizionale gara di Vallelunga (Bz) valida per il Challenge Italia FIMSS, in collaborazione con il Lucky Sleddog Club per poi proseguire con la prova oltreconfine in collaborazione con il partner \u201cMushing Austria\u201d il 5 e 6 gennaio 2013. Ancora in Austria, nell\u2019 Angerberg il 19 e 20 gennaio 2013.<\/p>\n<p>Poi il calendario prevede due gare in Italia: la prima a Cogne (Ao) il 26 e 27 gennaio 2013 e l\u2019altra ad Auronzo di Cadore (Bl), il 2 e 3 febbraio 2013, una delle due prove sar\u00e0 valida per il Campionato Italiano assoluto su neve.<\/p>\n<p>Dopo la parentesi dei Campionati Internazionali, si torner\u00e0 in Italia a Pian Cansiglio (Bl), con la tradizionale &#8220;Gara della Solidariet\u00e0&#8221; giunta alla sua terza edizione il cui ricavato sar\u00e0 devoluto al Centro di ricerca dell\u2019Istituto Oncologico Veneto e si concluder\u00e0 la stagione a Gaver-Bagolino (Bs).<\/p>\n<p>Accanto alle gare sprint, il tema forte di quest\u2019anno sono le grandi traversate con i cani da slitta: a Modena nello stand della Regione Calabria sono presenti in questi giorni i rappresentanti della Cooperativa La Comune Sangiovannese che organizza \u201cDogs on the snow\u201d la Traversata della Sila, con il supporto della Regione Calabria, Provincia di Cosenza, Parco Nazionale della Sila e Comunit\u00e0 Montana Silana. Nel febbraio 2013 si svolger\u00e0 la quarta edizione della manifestazione in 5 tappe che ha un punto di riferimento nel Centro federale di Carlomagno, localit\u00e0 pi\u00f9 a sud d\u2019Europa dove si pratica sleddog, coordinato dal musher Gianni Sabella, gi\u00e0 campione del mondo.<\/p>\n<p>\u201cSiamo stati in Calabria \u2013 spiega il presidente Bassan \u2013per pianificare una serie di attivit\u00e0 che dovranno permettere alla Traversata della Sila l\u2019ulteriore salto di qualit\u00e0 auspicato con determinazione dalle autorit\u00e0 locali. Stiamo inoltre discutendo positivamente su altre iniziative simili\u201d.<\/p>\n<p>L\u2019altro grande evento del genere in Italia \u00e8 \u201cBalla con i lupi\u201d, la traversata passer\u00e0 attraverso i luoghi pi\u00f9 panoramici del Parco Nazionale dell\u2019Appennino Tosco-Emiliano.<\/p>\n<p>Tra gli eventi promozionali per avvicinare il pubblico ed i giovani allo sleddog, da ricordare le tappe del \u201cFunny Dog Contest\u201d, dedicato ai bambini e ragazzi per provare la guida della slitta trainata da cani, il Week Snow a Passo Croce Domini il 21 dicembre e le attivit\u00e0 dei Centri e delle Scuole Federali per formare nuovi praticanti<\/p>\n<p>&nbsp;<\/p>","protected":false},"excerpt":{"rendered":"<p>Un campionato europeo, altre dieci gare (tre su terra e sette su neve), oltre a grandi ed appassionanti traversate sugli Appennini a nord ed a sud. Ancora una volta il Nissan Skipass di Modena ha tenuto a battesimo la presentazione del calendario delle gare di sleddog, lo sport delle corse con le slitte trainate da [&hellip;]<\/p>\n","protected":false},"author":2,"featured_media":0,"comment_status":"closed","ping_status":"open","sticky":false,"template":"","format":"standard","meta":{"footnotes":""},"categories":[27,26],"tags":[],"class_list":["post-43546","post","type-post","status-publish","format-standard","category-appuntamenti","category-prima-pagina"],"yoast_head":"<!-- This site is optimized with the Yoast SEO plugin v28.4 - https:\/\/yoast.com\/product\/yoast-seo-wordpress\/ -->\n<title>Italia capitale dello sleddog. Il 16-17-18 novembre la gara di Farra d&#039;Alpago con assegnazione dei titoli del Campionato italiano - Bellunopress - Dolomiti<\/title>\n<meta name=\"robots\" content=\"index, follow, max-snippet:-1, max-image-preview:large, max-video-preview:-1\" \/>\n<link rel=\"canonical\" href=\"https:\/\/www.bellunopress.it\/fr\/2012\/11\/01\/italia-capitale-dello-sleddog-il-16-17-18-novembre-la-gara-di-farra-dalpago-con-assegnazione-dei-titoli-del-campionato-italiano\/\" \/>\n<meta property=\"og:locale\" content=\"fr_FR\" \/>\n<meta property=\"og:type\" content=\"article\" \/>\n<meta property=\"og:title\" content=\"Italia capitale dello sleddog. Il 16-17-18 novembre la gara di Farra d&#039;Alpago con assegnazione dei titoli del Campionato italiano - Bellunopress - Dolomiti\" \/>\n<meta property=\"og:description\" content=\"Un campionato europeo, altre dieci gare (tre su terra e sette su neve), oltre a grandi ed appassionanti traversate sugli Appennini a nord ed a sud. Ancora una volta il Nissan Skipass di Modena ha tenuto a battesimo la presentazione del calendario delle gare di sleddog, lo sport delle corse con le slitte trainate da [&hellip;]\" \/>\n<meta property=\"og:url\" content=\"https:\/\/www.bellunopress.it\/fr\/2012\/11\/01\/italia-capitale-dello-sleddog-il-16-17-18-novembre-la-gara-di-farra-dalpago-con-assegnazione-dei-titoli-del-campionato-italiano\/\" \/>\n<meta property=\"og:site_name\" content=\"Bellunopress - Dolomiti\" \/>\n<meta property=\"article:publisher\" content=\"https:\/\/www.facebook.com\/profile.php?id=100008943462799\" \/>\n<meta property=\"article:published_time\" content=\"2012-11-01T19:45:50+00:00\" \/>\n<meta property=\"og:image\" content=\"http:\/\/www.bellunopress.it\/wp-content\/uploads\/2009\/12\/cani-sleddog.jpg\" \/>\n<meta name=\"author\" content=\"redazione\" \/>\n<meta name=\"twitter:card\" content=\"summary_large_image\" \/>\n<meta name=\"twitter:creator\" content=\"@bellunopress\" \/>\n<meta name=\"twitter:site\" content=\"@bellunopress\" \/>\n<meta name=\"twitter:label1\" content=\"\u00c9crit par\" \/>\n\t<meta name=\"twitter:data1\" content=\"redazione\" \/>\n\t<meta name=\"twitter:label2\" content=\"Dur\u00e9e de lecture estim\u00e9e\" \/>\n\t<meta name=\"twitter:data2\" content=\"3 minutes\" \/>\n<script type=\"application\/ld+json\" class=\"yoast-schema-graph\">{\"@context\":\"https:\\\/\\\/schema.org\",\"@graph\":[{\"@type\":\"Article\",\"@id\":\"https:\\\/\\\/www.bellunopress.it\\\/2012\\\/11\\\/01\\\/italia-capitale-dello-sleddog-il-16-17-18-novembre-la-gara-di-farra-dalpago-con-assegnazione-dei-titoli-del-campionato-italiano\\\/#article\",\"isPartOf\":{\"@id\":\"https:\\\/\\\/www.bellunopress.it\\\/2012\\\/11\\\/01\\\/italia-capitale-dello-sleddog-il-16-17-18-novembre-la-gara-di-farra-dalpago-con-assegnazione-dei-titoli-del-campionato-italiano\\\/\"},\"author\":{\"name\":\"redazione\",\"@id\":\"https:\\\/\\\/www.bellunopress.it\\\/#\\\/schema\\\/person\\\/79bb06722b37ece1c03d3e94beb30d73\"},\"headline\":\"Italia capitale dello sleddog. Il 16-17-18 novembre la gara di Farra d&#8217;Alpago con assegnazione dei titoli del Campionato italiano\",\"datePublished\":\"2012-11-01T19:45:50+00:00\",\"mainEntityOfPage\":{\"@id\":\"https:\\\/\\\/www.bellunopress.it\\\/2012\\\/11\\\/01\\\/italia-capitale-dello-sleddog-il-16-17-18-novembre-la-gara-di-farra-dalpago-con-assegnazione-dei-titoli-del-campionato-italiano\\\/\"},\"wordCount\":535,\"publisher\":{\"@id\":\"https:\\\/\\\/www.bellunopress.it\\\/#organization\"},\"image\":{\"@id\":\"https:\\\/\\\/www.bellunopress.it\\\/2012\\\/11\\\/01\\\/italia-capitale-dello-sleddog-il-16-17-18-novembre-la-gara-di-farra-dalpago-con-assegnazione-dei-titoli-del-campionato-italiano\\\/#primaryimage\"},\"thumbnailUrl\":\"http:\\\/\\\/www.bellunopress.it\\\/wp-content\\\/uploads\\\/2009\\\/12\\\/cani-sleddog.jpg\",\"articleSection\":[\"Appuntamenti, Eventi\",\"Prima Pagina\"],\"inLanguage\":\"fr-FR\"},{\"@type\":\"WebPage\",\"@id\":\"https:\\\/\\\/www.bellunopress.it\\\/2012\\\/11\\\/01\\\/italia-capitale-dello-sleddog-il-16-17-18-novembre-la-gara-di-farra-dalpago-con-assegnazione-dei-titoli-del-campionato-italiano\\\/\",\"url\":\"https:\\\/\\\/www.bellunopress.it\\\/2012\\\/11\\\/01\\\/italia-capitale-dello-sleddog-il-16-17-18-novembre-la-gara-di-farra-dalpago-con-assegnazione-dei-titoli-del-campionato-italiano\\\/\",\"name\":\"Italia capitale dello sleddog. Il 16-17-18 novembre la gara di Farra d'Alpago con assegnazione dei titoli del Campionato italiano - Bellunopress - Dolomiti\",\"isPartOf\":{\"@id\":\"https:\\\/\\\/www.bellunopress.it\\\/#website\"},\"primaryImageOfPage\":{\"@id\":\"https:\\\/\\\/www.bellunopress.it\\\/2012\\\/11\\\/01\\\/italia-capitale-dello-sleddog-il-16-17-18-novembre-la-gara-di-farra-dalpago-con-assegnazione-dei-titoli-del-campionato-italiano\\\/#primaryimage\"},\"image\":{\"@id\":\"https:\\\/\\\/www.bellunopress.it\\\/2012\\\/11\\\/01\\\/italia-capitale-dello-sleddog-il-16-17-18-novembre-la-gara-di-farra-dalpago-con-assegnazione-dei-titoli-del-campionato-italiano\\\/#primaryimage\"},\"thumbnailUrl\":\"http:\\\/\\\/www.bellunopress.it\\\/wp-content\\\/uploads\\\/2009\\\/12\\\/cani-sleddog.jpg\",\"datePublished\":\"2012-11-01T19:45:50+00:00\",\"breadcrumb\":{\"@id\":\"https:\\\/\\\/www.bellunopress.it\\\/2012\\\/11\\\/01\\\/italia-capitale-dello-sleddog-il-16-17-18-novembre-la-gara-di-farra-dalpago-con-assegnazione-dei-titoli-del-campionato-italiano\\\/#breadcrumb\"},\"inLanguage\":\"fr-FR\",\"potentialAction\":[{\"@type\":\"ReadAction\",\"target\":[\"https:\\\/\\\/www.bellunopress.it\\\/2012\\\/11\\\/01\\\/italia-capitale-dello-sleddog-il-16-17-18-novembre-la-gara-di-farra-dalpago-con-assegnazione-dei-titoli-del-campionato-italiano\\\/\"]}]},{\"@type\":\"ImageObject\",\"inLanguage\":\"fr-FR\",\"@id\":\"https:\\\/\\\/www.bellunopress.it\\\/2012\\\/11\\\/01\\\/italia-capitale-dello-sleddog-il-16-17-18-novembre-la-gara-di-farra-dalpago-con-assegnazione-dei-titoli-del-campionato-italiano\\\/#primaryimage\",\"url\":\"http:\\\/\\\/www.bellunopress.it\\\/wp-content\\\/uploads\\\/2009\\\/12\\\/cani-sleddog.jpg\",\"contentUrl\":\"http:\\\/\\\/www.bellunopress.it\\\/wp-content\\\/uploads\\\/2009\\\/12\\\/cani-sleddog.jpg\"},{\"@type\":\"BreadcrumbList\",\"@id\":\"https:\\\/\\\/www.bellunopress.it\\\/2012\\\/11\\\/01\\\/italia-capitale-dello-sleddog-il-16-17-18-novembre-la-gara-di-farra-dalpago-con-assegnazione-dei-titoli-del-campionato-italiano\\\/#breadcrumb\",\"itemListElement\":[{\"@type\":\"ListItem\",\"position\":1,\"name\":\"Home\",\"item\":\"https:\\\/\\\/www.bellunopress.it\\\/\"},{\"@type\":\"ListItem\",\"position\":2,\"name\":\"Italia capitale dello sleddog. Il 16-17-18 novembre la gara di Farra d&#8217;Alpago con assegnazione dei titoli del Campionato italiano\"}]},{\"@type\":\"WebSite\",\"@id\":\"https:\\\/\\\/www.bellunopress.it\\\/#website\",\"url\":\"https:\\\/\\\/www.bellunopress.it\\\/\",\"name\":\"Bellunopress - Dolomiti\",\"description\":\"e-mail: redazione@bellunopress.it\",\"publisher\":{\"@id\":\"https:\\\/\\\/www.bellunopress.it\\\/#organization\"},\"potentialAction\":[{\"@type\":\"SearchAction\",\"target\":{\"@type\":\"EntryPoint\",\"urlTemplate\":\"https:\\\/\\\/www.bellunopress.it\\\/?s={search_term_string}\"},\"query-input\":{\"@type\":\"PropertyValueSpecification\",\"valueRequired\":true,\"valueName\":\"search_term_string\"}}],\"inLanguage\":\"fr-FR\"},{\"@type\":\"Organization\",\"@id\":\"https:\\\/\\\/www.bellunopress.it\\\/#organization\",\"name\":\"Bellunopress\",\"url\":\"https:\\\/\\\/www.bellunopress.it\\\/\",\"logo\":{\"@type\":\"ImageObject\",\"inLanguage\":\"fr-FR\",\"@id\":\"https:\\\/\\\/www.bellunopress.it\\\/#\\\/schema\\\/logo\\\/image\\\/\",\"url\":\"https:\\\/\\\/www.bellunopress.it\\\/wp-content\\\/uploads\\\/2011\\\/05\\\/cropped-logo-bellunopress-.jpg\",\"contentUrl\":\"https:\\\/\\\/www.bellunopress.it\\\/wp-content\\\/uploads\\\/2011\\\/05\\\/cropped-logo-bellunopress-.jpg\",\"width\":512,\"height\":512,\"caption\":\"Bellunopress\"},\"image\":{\"@id\":\"https:\\\/\\\/www.bellunopress.it\\\/#\\\/schema\\\/logo\\\/image\\\/\"},\"sameAs\":[\"https:\\\/\\\/www.facebook.com\\\/profile.php?id=100008943462799\",\"https:\\\/\\\/x.com\\\/bellunopress\",\"https:\\\/\\\/www.linkedin.com\\\/hp\\\/?dnr=JBzUWaJfMUw8vbXJJ2tVW5-I3jZKvC4wsoxE&amp;amp;amp;amp;amp;amp;trk=nav_responsive_tab_home\",\"https:\\\/\\\/www.youtube.com\\\/channel\\\/UCxL0wu1uN0_3_7hGG0306cw\"]},{\"@type\":\"Person\",\"@id\":\"https:\\\/\\\/www.bellunopress.it\\\/#\\\/schema\\\/person\\\/79bb06722b37ece1c03d3e94beb30d73\",\"name\":\"redazione\",\"image\":{\"@type\":\"ImageObject\",\"inLanguage\":\"fr-FR\",\"@id\":\"https:\\\/\\\/secure.gravatar.com\\\/avatar\\\/37d968a2e67a6fd04c169c4bdef102d0bc5d31b2546345219e348575eb80e9a0?s=96&d=mm&r=g\",\"url\":\"https:\\\/\\\/secure.gravatar.com\\\/avatar\\\/37d968a2e67a6fd04c169c4bdef102d0bc5d31b2546345219e348575eb80e9a0?s=96&d=mm&r=g\",\"contentUrl\":\"https:\\\/\\\/secure.gravatar.com\\\/avatar\\\/37d968a2e67a6fd04c169c4bdef102d0bc5d31b2546345219e348575eb80e9a0?s=96&d=mm&r=g\",\"caption\":\"redazione\"},\"sameAs\":[\"http:\\\/\\\/www.bellunopress.it\",\"https:\\\/\\\/x.com\\\/bellunopress\"],\"url\":\"https:\\\/\\\/www.bellunopress.it\\\/fr\\\/author\\\/redazione\\\/\"}]}<\/script>\n<!-- \/ Yoast SEO plugin. -->","yoast_head_json":{"title":"Italia capitale dello sleddog. Il 16-17-18 novembre la gara di Farra d'Alpago con assegnazione dei titoli del Campionato italiano - Bellunopress - Dolomiti","robots":{"index":"index","follow":"follow","max-snippet":"max-snippet:-1","max-image-preview":"max-image-preview:large","max-video-preview":"max-video-preview:-1"},"canonical":"https:\/\/www.bellunopress.it\/fr\/2012\/11\/01\/italia-capitale-dello-sleddog-il-16-17-18-novembre-la-gara-di-farra-dalpago-con-assegnazione-dei-titoli-del-campionato-italiano\/","og_locale":"fr_FR","og_type":"article","og_title":"Italia capitale dello sleddog. Il 16-17-18 novembre la gara di Farra d'Alpago con assegnazione dei titoli del Campionato italiano - Bellunopress - Dolomiti","og_description":"Un campionato europeo, altre dieci gare (tre su terra e sette su neve), oltre a grandi ed appassionanti traversate sugli Appennini a nord ed a sud. Ancora una volta il Nissan Skipass di Modena ha tenuto a battesimo la presentazione del calendario delle gare di sleddog, lo sport delle corse con le slitte trainate da [&hellip;]","og_url":"https:\/\/www.bellunopress.it\/fr\/2012\/11\/01\/italia-capitale-dello-sleddog-il-16-17-18-novembre-la-gara-di-farra-dalpago-con-assegnazione-dei-titoli-del-campionato-italiano\/","og_site_name":"Bellunopress - Dolomiti","article_publisher":"https:\/\/www.facebook.com\/profile.php?id=100008943462799","article_published_time":"2012-11-01T19:45:50+00:00","og_image":[{"url":"http:\/\/www.bellunopress.it\/wp-content\/uploads\/2009\/12\/cani-sleddog.jpg","type":"","width":"","height":""}],"author":"redazione","twitter_card":"summary_large_image","twitter_creator":"@bellunopress","twitter_site":"@bellunopress","twitter_misc":{"\u00c9crit par":"redazione","Dur\u00e9e de lecture estim\u00e9e":"3 minutes"},"schema":{"@context":"https:\/\/schema.org","@graph":[{"@type":"Article","@id":"https:\/\/www.bellunopress.it\/2012\/11\/01\/italia-capitale-dello-sleddog-il-16-17-18-novembre-la-gara-di-farra-dalpago-con-assegnazione-dei-titoli-del-campionato-italiano\/#article","isPartOf":{"@id":"https:\/\/www.bellunopress.it\/2012\/11\/01\/italia-capitale-dello-sleddog-il-16-17-18-novembre-la-gara-di-farra-dalpago-con-assegnazione-dei-titoli-del-campionato-italiano\/"},"author":{"name":"redazione","@id":"https:\/\/www.bellunopress.it\/#\/schema\/person\/79bb06722b37ece1c03d3e94beb30d73"},"headline":"Italia capitale dello sleddog. Il 16-17-18 novembre la gara di Farra d&#8217;Alpago con assegnazione dei titoli del Campionato italiano","datePublished":"2012-11-01T19:45:50+00:00","mainEntityOfPage":{"@id":"https:\/\/www.bellunopress.it\/2012\/11\/01\/italia-capitale-dello-sleddog-il-16-17-18-novembre-la-gara-di-farra-dalpago-con-assegnazione-dei-titoli-del-campionato-italiano\/"},"wordCount":535,"publisher":{"@id":"https:\/\/www.bellunopress.it\/#organization"},"image":{"@id":"https:\/\/www.bellunopress.it\/2012\/11\/01\/italia-capitale-dello-sleddog-il-16-17-18-novembre-la-gara-di-farra-dalpago-con-assegnazione-dei-titoli-del-campionato-italiano\/#primaryimage"},"thumbnailUrl":"http:\/\/www.bellunopress.it\/wp-content\/uploads\/2009\/12\/cani-sleddog.jpg","articleSection":["Appuntamenti, Eventi","Prima Pagina"],"inLanguage":"fr-FR"},{"@type":"WebPage","@id":"https:\/\/www.bellunopress.it\/2012\/11\/01\/italia-capitale-dello-sleddog-il-16-17-18-novembre-la-gara-di-farra-dalpago-con-assegnazione-dei-titoli-del-campionato-italiano\/","url":"https:\/\/www.bellunopress.it\/2012\/11\/01\/italia-capitale-dello-sleddog-il-16-17-18-novembre-la-gara-di-farra-dalpago-con-assegnazione-dei-titoli-del-campionato-italiano\/","name":"Italia capitale dello sleddog. Il 16-17-18 novembre la gara di Farra d'Alpago con assegnazione dei titoli del Campionato italiano - Bellunopress - Dolomiti","isPartOf":{"@id":"https:\/\/www.bellunopress.it\/#website"},"primaryImageOfPage":{"@id":"https:\/\/www.bellunopress.it\/2012\/11\/01\/italia-capitale-dello-sleddog-il-16-17-18-novembre-la-gara-di-farra-dalpago-con-assegnazione-dei-titoli-del-campionato-italiano\/#primaryimage"},"image":{"@id":"https:\/\/www.bellunopress.it\/2012\/11\/01\/italia-capitale-dello-sleddog-il-16-17-18-novembre-la-gara-di-farra-dalpago-con-assegnazione-dei-titoli-del-campionato-italiano\/#primaryimage"},"thumbnailUrl":"http:\/\/www.bellunopress.it\/wp-content\/uploads\/2009\/12\/cani-sleddog.jpg","datePublished":"2012-11-01T19:45:50+00:00","breadcrumb":{"@id":"https:\/\/www.bellunopress.it\/2012\/11\/01\/italia-capitale-dello-sleddog-il-16-17-18-novembre-la-gara-di-farra-dalpago-con-assegnazione-dei-titoli-del-campionato-italiano\/#breadcrumb"},"inLanguage":"fr-FR","potentialAction":[{"@type":"ReadAction","target":["https:\/\/www.bellunopress.it\/2012\/11\/01\/italia-capitale-dello-sleddog-il-16-17-18-novembre-la-gara-di-farra-dalpago-con-assegnazione-dei-titoli-del-campionato-italiano\/"]}]},{"@type":"ImageObject","inLanguage":"fr-FR","@id":"https:\/\/www.bellunopress.it\/2012\/11\/01\/italia-capitale-dello-sleddog-il-16-17-18-novembre-la-gara-di-farra-dalpago-con-assegnazione-dei-titoli-del-campionato-italiano\/#primaryimage","url":"http:\/\/www.bellunopress.it\/wp-content\/uploads\/2009\/12\/cani-sleddog.jpg","contentUrl":"http:\/\/www.bellunopress.it\/wp-content\/uploads\/2009\/12\/cani-sleddog.jpg"},{"@type":"BreadcrumbList","@id":"https:\/\/www.bellunopress.it\/2012\/11\/01\/italia-capitale-dello-sleddog-il-16-17-18-novembre-la-gara-di-farra-dalpago-con-assegnazione-dei-titoli-del-campionato-italiano\/#breadcrumb","itemListElement":[{"@type":"ListItem","position":1,"name":"Home","item":"https:\/\/www.bellunopress.it\/"},{"@type":"ListItem","position":2,"name":"Italia capitale dello sleddog. Il 16-17-18 novembre la gara di Farra d&#8217;Alpago con assegnazione dei titoli del Campionato italiano"}]},{"@type":"WebSite","@id":"https:\/\/www.bellunopress.it\/#website","url":"https:\/\/www.bellunopress.it\/","name":"Bellunopress - Dolomiti","description":"e-mail: redazione@bellunopress.it","publisher":{"@id":"https:\/\/www.bellunopress.it\/#organization"},"potentialAction":[{"@type":"SearchAction","target":{"@type":"EntryPoint","urlTemplate":"https:\/\/www.bellunopress.it\/?s={search_term_string}"},"query-input":{"@type":"PropertyValueSpecification","valueRequired":true,"valueName":"search_term_string"}}],"inLanguage":"fr-FR"},{"@type":"Organization","@id":"https:\/\/www.bellunopress.it\/#organization","name":"Bellunopress","url":"https:\/\/www.bellunopress.it\/","logo":{"@type":"ImageObject","inLanguage":"fr-FR","@id":"https:\/\/www.bellunopress.it\/#\/schema\/logo\/image\/","url":"https:\/\/www.bellunopress.it\/wp-content\/uploads\/2011\/05\/cropped-logo-bellunopress-.jpg","contentUrl":"https:\/\/www.bellunopress.it\/wp-content\/uploads\/2011\/05\/cropped-logo-bellunopress-.jpg","width":512,"height":512,"caption":"Bellunopress"},"image":{"@id":"https:\/\/www.bellunopress.it\/#\/schema\/logo\/image\/"},"sameAs":["https:\/\/www.facebook.com\/profile.php?id=100008943462799","https:\/\/x.com\/bellunopress","https:\/\/www.linkedin.com\/hp\/?dnr=JBzUWaJfMUw8vbXJJ2tVW5-I3jZKvC4wsoxE&amp;amp;amp;amp;amp;amp;trk=nav_responsive_tab_home","https:\/\/www.youtube.com\/channel\/UCxL0wu1uN0_3_7hGG0306cw"]},{"@type":"Person","@id":"https:\/\/www.bellunopress.it\/#\/schema\/person\/79bb06722b37ece1c03d3e94beb30d73","name":"r\u00e9daction","image":{"@type":"ImageObject","inLanguage":"fr-FR","@id":"https:\/\/secure.gravatar.com\/avatar\/37d968a2e67a6fd04c169c4bdef102d0bc5d31b2546345219e348575eb80e9a0?s=96&d=mm&r=g","url":"https:\/\/secure.gravatar.com\/avatar\/37d968a2e67a6fd04c169c4bdef102d0bc5d31b2546345219e348575eb80e9a0?s=96&d=mm&r=g","contentUrl":"https:\/\/secure.gravatar.com\/avatar\/37d968a2e67a6fd04c169c4bdef102d0bc5d31b2546345219e348575eb80e9a0?s=96&d=mm&r=g","caption":"redazione"},"sameAs":["http:\/\/www.bellunopress.it","https:\/\/x.com\/bellunopress"],"url":"https:\/\/www.bellunopress.it\/fr\/author\/redazione\/"}]}},"_links":{"self":[{"href":"https:\/\/www.bellunopress.it\/fr\/wp-json\/wp\/v2\/posts\/43546","targetHints":{"allow":["GET"]}}],"collection":[{"href":"https:\/\/www.bellunopress.it\/fr\/wp-json\/wp\/v2\/posts"}],"about":[{"href":"https:\/\/www.bellunopress.it\/fr\/wp-json\/wp\/v2\/types\/post"}],"author":[{"embeddable":true,"href":"https:\/\/www.bellunopress.it\/fr\/wp-json\/wp\/v2\/users\/2"}],"replies":[{"embeddable":true,"href":"https:\/\/www.bellunopress.it\/fr\/wp-json\/wp\/v2\/comments?post=43546"}],"version-history":[{"count":1,"href":"https:\/\/www.bellunopress.it\/fr\/wp-json\/wp\/v2\/posts\/43546\/revisions"}],"predecessor-version":[{"id":43547,"href":"https:\/\/www.bellunopress.it\/fr\/wp-json\/wp\/v2\/posts\/43546\/revisions\/43547"}],"wp:attachment":[{"href":"https:\/\/www.bellunopress.it\/fr\/wp-json\/wp\/v2\/media?parent=43546"}],"wp:term":[{"taxonomy":"category","embeddable":true,"href":"https:\/\/www.bellunopress.it\/fr\/wp-json\/wp\/v2\/categories?post=43546"},{"taxonomy":"post_tag","embeddable":true,"href":"https:\/\/www.bellunopress.it\/fr\/wp-json\/wp\/v2\/tags?post=43546"}],"curies":[{"name":"wp","href":"https:\/\/api.w.org\/{rel}","templated":true}]}}