{"id":43542,"date":"2012-11-01T20:08:31","date_gmt":"2012-11-01T19:08:31","guid":{"rendered":"http:\/\/www.bellunopress.it\/?p=43542"},"modified":"2012-11-01T20:08:31","modified_gmt":"2012-11-01T19:08:31","slug":"trichiana-e-san-antonio-tortal-il-programma-delle-cerimonie-commemorative-del-4-novembre-il-15-novembre-la-consegna-delle-tessere-elettorali-e-intervento-del-prof-diego-cason-sulla-costituzione","status":"publish","type":"post","link":"https:\/\/www.bellunopress.it\/fr\/2012\/11\/01\/trichiana-e-san-antonio-tortal-il-programma-delle-cerimonie-commemorative-del-4-novembre-il-15-novembre-la-consegna-delle-tessere-elettorali-e-intervento-del-prof-diego-cason-sulla-costituzione\/","title":{"rendered":"Trichiana e San Antonio Tortal: il programma delle cerimonie commemorative del 4 novembre. Il 15 novembre la consegna delle tessere elettorali e intervento del prof. Diego Cason sulla Costituzione"},"content":{"rendered":"<figure id=\"attachment_25489\" aria-describedby=\"caption-attachment-25489\" style=\"width: 140px\" class=\"wp-caption alignleft\"><a href=\"http:\/\/www.bellunopress.it\/wp-content\/uploads\/2011\/04\/giorgio-cavallet.jpg\"><img loading=\"lazy\" decoding=\"async\" class=\"size-full wp-image-25489\" title=\"giorgio cavallet\" src=\"http:\/\/www.bellunopress.it\/wp-content\/uploads\/2011\/04\/giorgio-cavallet.jpg\" alt=\"\" width=\"140\" height=\"140\" \/><\/a><figcaption id=\"caption-attachment-25489\" class=\"wp-caption-text\">Giorgio Cavallet sindaco di Trichiana<\/figcaption><\/figure>\n<p><span style=\"color: #888888;\"><\/span>E\u2019 alle porte l\u2019appuntamento con le Cerimonie di novembre, commemorative dei Caduti di tutte le guerre e dell\u2019Unit\u00e0 Nazionale. Il programma proposto dal Comune di Trichiana, in collaborazione con l\u2019Associazione Nazionale Combattenti e Reduci e con la Sezione \u201cLa Spasema\u201d dell\u2019A.N.P.I., prevede un duplice appuntamento.<\/p>\n<p>Domenica 4 novembre, alle 10.30 ci sar\u00e0 la Celebrazione della S. Messa nella Chiesa Arcipretale di Trichiana, per i Caduti di tutte le guerre. A seguire, alle 11.15, in piazza Toni Merlin, si terr\u00e0 l\u2019Alzabandiera e la deposizione di una corona al monumento dei Caduti, in collaborazione con l\u2019ANA di Trichiana. Si proseguir\u00e0 poi verso il Parco \u201cCaduti e Dispersi in Russia\u201d, pi\u00f9 conosciuto come Parco \u201cLotto\u201d, per la deposizione di un mazzo di fiori al monumento Caduti e Dispersi in Russia e in ricordo degli Emigranti Caduti sul lavoro, in collaborazione con l\u2019associazione Ex Emigranti, alla presenza della Presidente, Olinda Fiabane. La cerimonia si concluder\u00e0 a S. Antonio Tortal, con la deposizione di una corona al monumento dei Caduti e di un mazzo di fiori al cippo commemorativo dei Caduti della Guerra di Liberazione.<\/p>\n<p>Dieci giorni dopo, il 15 novembre, nella sala Riunioni del Palazzo Mostre, sopra le Poste di Trichiana, ci sar\u00e0 la cerimonia di consegna delle tessere elettorali e di copia della Costituzione della Repubblica Italiana a tutti i giovani trichianesi che nel 2012 hanno compiuto o compiranno 18 anni e a due stranieri che hanno ricevuto la Cittadinanza italiana. Questo appuntamento, cui \u00e8 invitata tutta la cittadinanza e i giovani in particolare, sar\u00e0 arricchito dal contributo del professor Diego Cason, che interverr\u00e0 sul tema \u201cLa genesi della Costituzione. Diritti e doveri dei cittadini\u201d, in collaborazione con A.N.P.I. \u2013 Sezione \u201cLa Spasema\u201d.<\/p>\n<p>\u201cBen lontano dall\u2019essere un appuntamento fatto per tradizione \u2013 commenta il Sindaco del Comune di Trichiana, Giorgio Cavallet \u2013 quello della consegna delle tessere elettorali \u00e8 un momento importante nella vita dei giovani cittadini, perch\u00e9 segna il loro ingresso nella partecipazione attiva alla vita democratica del Paese. In tempi come i nostri, in cui prevale la sfiducia nei confronti dei rappresentanti politici, che stanno dando un pessimo esempio e in grande parte si sono macchiati di una imperdonabile condotta, \u00e8 assolutamente necessario guidare i giovani e fare con loro un percorso di riscoperta dei valori autentici che sono stati e sono tuttora alla base della costituzione del nostro Paese. Il testo della Costituzione della Repubblica Italiana \u00e8 importantissimo, va conosciuto, studiato e amato. Sono certo che il professor Cason sapr\u00e0 trasmetterne la densit\u00e0 di significato ai ragazzi e a tutti quanti vorranno intervenire. Sar\u00e0 un\u2019occasione importante di crescita culturale, sociale e comunitaria\u201d.<\/p>\n<p>\u201cConcludo con una famosa citazione dell\u2019onorevole Piero Calamandrei, membro dell\u2019Assemblea Costituente nel 1945, che credo ben rappresenti l\u2019importanza delle celebrazioni commemorative cui siamo tutti invitati: \u00ab&#8230; quando vi ho detto che questa \u00e8 una carta morta, no, non \u00e8 una carta morta, questo \u00e8 un testamento, un testamento di centomila morti. Se voi volete andare in pellegrinaggio nel luogo dove \u00e8 nata la nostra Costituzione, andate nelle montagne dove caddero i partigiani, nelle carceri dove furono imprigionati, nei campi dove furono impiccati. Dovunque \u00e8 morto un italiano per riscattare la libert\u00e0 e la dignit\u00e0, andate l\u00ed, o giovani, col pensiero perch\u00e9 l\u00ed \u00e8 nata la nostra Costituzione\u00bb.<\/p>\n<p>&nbsp;<\/p>","protected":false},"excerpt":{"rendered":"<p>E\u2019 alle porte l\u2019appuntamento con le Cerimonie di novembre, commemorative dei Caduti di tutte le guerre e dell\u2019Unit\u00e0 Nazionale. Il programma proposto dal Comune di Trichiana, in collaborazione con l\u2019Associazione Nazionale Combattenti e Reduci e con la Sezione \u201cLa Spasema\u201d dell\u2019A.N.P.I., prevede un duplice appuntamento. Domenica 4 novembre, alle 10.30 ci sar\u00e0 la Celebrazione della [&hellip;]<\/p>\n","protected":false},"author":2,"featured_media":0,"comment_status":"closed","ping_status":"open","sticky":false,"template":"","format":"standard","meta":{"footnotes":""},"categories":[27,26],"tags":[],"class_list":["post-43542","post","type-post","status-publish","format-standard","category-appuntamenti","category-prima-pagina"],"yoast_head":"<!-- This site is optimized with the Yoast SEO plugin v28.4 - https:\/\/yoast.com\/product\/yoast-seo-wordpress\/ -->\n<title>Trichiana e San Antonio Tortal: il programma delle cerimonie commemorative del 4 novembre. Il 15 novembre la consegna delle tessere elettorali e intervento del prof. Diego Cason sulla Costituzione - Bellunopress - Dolomiti<\/title>\n<meta name=\"robots\" content=\"index, follow, max-snippet:-1, max-image-preview:large, max-video-preview:-1\" \/>\n<link rel=\"canonical\" href=\"https:\/\/www.bellunopress.it\/fr\/2012\/11\/01\/trichiana-e-san-antonio-tortal-il-programma-delle-cerimonie-commemorative-del-4-novembre-il-15-novembre-la-consegna-delle-tessere-elettorali-e-intervento-del-prof-diego-cason-sulla-costituzione\/\" \/>\n<meta property=\"og:locale\" content=\"fr_FR\" \/>\n<meta property=\"og:type\" content=\"article\" \/>\n<meta property=\"og:title\" content=\"Trichiana e San Antonio Tortal: il programma delle cerimonie commemorative del 4 novembre. Il 15 novembre la consegna delle tessere elettorali e intervento del prof. Diego Cason sulla Costituzione - Bellunopress - Dolomiti\" \/>\n<meta property=\"og:description\" content=\"E\u2019 alle porte l\u2019appuntamento con le Cerimonie di novembre, commemorative dei Caduti di tutte le guerre e dell\u2019Unit\u00e0 Nazionale. Il programma proposto dal Comune di Trichiana, in collaborazione con l\u2019Associazione Nazionale Combattenti e Reduci e con la Sezione \u201cLa Spasema\u201d dell\u2019A.N.P.I., prevede un duplice appuntamento. Domenica 4 novembre, alle 10.30 ci sar\u00e0 la Celebrazione della [&hellip;]\" \/>\n<meta property=\"og:url\" content=\"https:\/\/www.bellunopress.it\/fr\/2012\/11\/01\/trichiana-e-san-antonio-tortal-il-programma-delle-cerimonie-commemorative-del-4-novembre-il-15-novembre-la-consegna-delle-tessere-elettorali-e-intervento-del-prof-diego-cason-sulla-costituzione\/\" \/>\n<meta property=\"og:site_name\" content=\"Bellunopress - Dolomiti\" \/>\n<meta property=\"article:publisher\" content=\"https:\/\/www.facebook.com\/profile.php?id=100008943462799\" \/>\n<meta property=\"article:published_time\" content=\"2012-11-01T19:08:31+00:00\" \/>\n<meta property=\"og:image\" content=\"http:\/\/www.bellunopress.it\/wp-content\/uploads\/2011\/04\/giorgio-cavallet.jpg\" \/>\n<meta name=\"author\" content=\"redazione\" \/>\n<meta name=\"twitter:card\" content=\"summary_large_image\" \/>\n<meta name=\"twitter:creator\" content=\"@bellunopress\" \/>\n<meta name=\"twitter:site\" content=\"@bellunopress\" \/>\n<meta name=\"twitter:label1\" content=\"\u00c9crit par\" \/>\n\t<meta name=\"twitter:data1\" content=\"redazione\" \/>\n\t<meta name=\"twitter:label2\" content=\"Dur\u00e9e de lecture estim\u00e9e\" \/>\n\t<meta name=\"twitter:data2\" content=\"3 minutes\" \/>\n<script type=\"application\/ld+json\" class=\"yoast-schema-graph\">{\"@context\":\"https:\\\/\\\/schema.org\",\"@graph\":[{\"@type\":\"Article\",\"@id\":\"https:\\\/\\\/www.bellunopress.it\\\/2012\\\/11\\\/01\\\/trichiana-e-san-antonio-tortal-il-programma-delle-cerimonie-commemorative-del-4-novembre-il-15-novembre-la-consegna-delle-tessere-elettorali-e-intervento-del-prof-diego-cason-sulla-costituzione\\\/#article\",\"isPartOf\":{\"@id\":\"https:\\\/\\\/www.bellunopress.it\\\/2012\\\/11\\\/01\\\/trichiana-e-san-antonio-tortal-il-programma-delle-cerimonie-commemorative-del-4-novembre-il-15-novembre-la-consegna-delle-tessere-elettorali-e-intervento-del-prof-diego-cason-sulla-costituzione\\\/\"},\"author\":{\"name\":\"redazione\",\"@id\":\"https:\\\/\\\/www.bellunopress.it\\\/#\\\/schema\\\/person\\\/79bb06722b37ece1c03d3e94beb30d73\"},\"headline\":\"Trichiana e San Antonio Tortal: il programma delle cerimonie commemorative del 4 novembre. Il 15 novembre la consegna delle tessere elettorali e intervento del prof. Diego Cason sulla Costituzione\",\"datePublished\":\"2012-11-01T19:08:31+00:00\",\"mainEntityOfPage\":{\"@id\":\"https:\\\/\\\/www.bellunopress.it\\\/2012\\\/11\\\/01\\\/trichiana-e-san-antonio-tortal-il-programma-delle-cerimonie-commemorative-del-4-novembre-il-15-novembre-la-consegna-delle-tessere-elettorali-e-intervento-del-prof-diego-cason-sulla-costituzione\\\/\"},\"wordCount\":576,\"publisher\":{\"@id\":\"https:\\\/\\\/www.bellunopress.it\\\/#organization\"},\"image\":{\"@id\":\"https:\\\/\\\/www.bellunopress.it\\\/2012\\\/11\\\/01\\\/trichiana-e-san-antonio-tortal-il-programma-delle-cerimonie-commemorative-del-4-novembre-il-15-novembre-la-consegna-delle-tessere-elettorali-e-intervento-del-prof-diego-cason-sulla-costituzione\\\/#primaryimage\"},\"thumbnailUrl\":\"http:\\\/\\\/www.bellunopress.it\\\/wp-content\\\/uploads\\\/2011\\\/04\\\/giorgio-cavallet.jpg\",\"articleSection\":[\"Appuntamenti, Eventi\",\"Prima Pagina\"],\"inLanguage\":\"fr-FR\"},{\"@type\":\"WebPage\",\"@id\":\"https:\\\/\\\/www.bellunopress.it\\\/2012\\\/11\\\/01\\\/trichiana-e-san-antonio-tortal-il-programma-delle-cerimonie-commemorative-del-4-novembre-il-15-novembre-la-consegna-delle-tessere-elettorali-e-intervento-del-prof-diego-cason-sulla-costituzione\\\/\",\"url\":\"https:\\\/\\\/www.bellunopress.it\\\/2012\\\/11\\\/01\\\/trichiana-e-san-antonio-tortal-il-programma-delle-cerimonie-commemorative-del-4-novembre-il-15-novembre-la-consegna-delle-tessere-elettorali-e-intervento-del-prof-diego-cason-sulla-costituzione\\\/\",\"name\":\"Trichiana e San Antonio Tortal: il programma delle cerimonie commemorative del 4 novembre. Il 15 novembre la consegna delle tessere elettorali e intervento del prof. Diego Cason sulla Costituzione - Bellunopress - Dolomiti\",\"isPartOf\":{\"@id\":\"https:\\\/\\\/www.bellunopress.it\\\/#website\"},\"primaryImageOfPage\":{\"@id\":\"https:\\\/\\\/www.bellunopress.it\\\/2012\\\/11\\\/01\\\/trichiana-e-san-antonio-tortal-il-programma-delle-cerimonie-commemorative-del-4-novembre-il-15-novembre-la-consegna-delle-tessere-elettorali-e-intervento-del-prof-diego-cason-sulla-costituzione\\\/#primaryimage\"},\"image\":{\"@id\":\"https:\\\/\\\/www.bellunopress.it\\\/2012\\\/11\\\/01\\\/trichiana-e-san-antonio-tortal-il-programma-delle-cerimonie-commemorative-del-4-novembre-il-15-novembre-la-consegna-delle-tessere-elettorali-e-intervento-del-prof-diego-cason-sulla-costituzione\\\/#primaryimage\"},\"thumbnailUrl\":\"http:\\\/\\\/www.bellunopress.it\\\/wp-content\\\/uploads\\\/2011\\\/04\\\/giorgio-cavallet.jpg\",\"datePublished\":\"2012-11-01T19:08:31+00:00\",\"breadcrumb\":{\"@id\":\"https:\\\/\\\/www.bellunopress.it\\\/2012\\\/11\\\/01\\\/trichiana-e-san-antonio-tortal-il-programma-delle-cerimonie-commemorative-del-4-novembre-il-15-novembre-la-consegna-delle-tessere-elettorali-e-intervento-del-prof-diego-cason-sulla-costituzione\\\/#breadcrumb\"},\"inLanguage\":\"fr-FR\",\"potentialAction\":[{\"@type\":\"ReadAction\",\"target\":[\"https:\\\/\\\/www.bellunopress.it\\\/2012\\\/11\\\/01\\\/trichiana-e-san-antonio-tortal-il-programma-delle-cerimonie-commemorative-del-4-novembre-il-15-novembre-la-consegna-delle-tessere-elettorali-e-intervento-del-prof-diego-cason-sulla-costituzione\\\/\"]}]},{\"@type\":\"ImageObject\",\"inLanguage\":\"fr-FR\",\"@id\":\"https:\\\/\\\/www.bellunopress.it\\\/2012\\\/11\\\/01\\\/trichiana-e-san-antonio-tortal-il-programma-delle-cerimonie-commemorative-del-4-novembre-il-15-novembre-la-consegna-delle-tessere-elettorali-e-intervento-del-prof-diego-cason-sulla-costituzione\\\/#primaryimage\",\"url\":\"http:\\\/\\\/www.bellunopress.it\\\/wp-content\\\/uploads\\\/2011\\\/04\\\/giorgio-cavallet.jpg\",\"contentUrl\":\"http:\\\/\\\/www.bellunopress.it\\\/wp-content\\\/uploads\\\/2011\\\/04\\\/giorgio-cavallet.jpg\"},{\"@type\":\"BreadcrumbList\",\"@id\":\"https:\\\/\\\/www.bellunopress.it\\\/2012\\\/11\\\/01\\\/trichiana-e-san-antonio-tortal-il-programma-delle-cerimonie-commemorative-del-4-novembre-il-15-novembre-la-consegna-delle-tessere-elettorali-e-intervento-del-prof-diego-cason-sulla-costituzione\\\/#breadcrumb\",\"itemListElement\":[{\"@type\":\"ListItem\",\"position\":1,\"name\":\"Home\",\"item\":\"https:\\\/\\\/www.bellunopress.it\\\/\"},{\"@type\":\"ListItem\",\"position\":2,\"name\":\"Trichiana e San Antonio Tortal: il programma delle cerimonie commemorative del 4 novembre. Il 15 novembre la consegna delle tessere elettorali e intervento del prof. Diego Cason sulla Costituzione\"}]},{\"@type\":\"WebSite\",\"@id\":\"https:\\\/\\\/www.bellunopress.it\\\/#website\",\"url\":\"https:\\\/\\\/www.bellunopress.it\\\/\",\"name\":\"Bellunopress - Dolomiti\",\"description\":\"e-mail: redazione@bellunopress.it\",\"publisher\":{\"@id\":\"https:\\\/\\\/www.bellunopress.it\\\/#organization\"},\"potentialAction\":[{\"@type\":\"SearchAction\",\"target\":{\"@type\":\"EntryPoint\",\"urlTemplate\":\"https:\\\/\\\/www.bellunopress.it\\\/?s={search_term_string}\"},\"query-input\":{\"@type\":\"PropertyValueSpecification\",\"valueRequired\":true,\"valueName\":\"search_term_string\"}}],\"inLanguage\":\"fr-FR\"},{\"@type\":\"Organization\",\"@id\":\"https:\\\/\\\/www.bellunopress.it\\\/#organization\",\"name\":\"Bellunopress\",\"url\":\"https:\\\/\\\/www.bellunopress.it\\\/\",\"logo\":{\"@type\":\"ImageObject\",\"inLanguage\":\"fr-FR\",\"@id\":\"https:\\\/\\\/www.bellunopress.it\\\/#\\\/schema\\\/logo\\\/image\\\/\",\"url\":\"https:\\\/\\\/www.bellunopress.it\\\/wp-content\\\/uploads\\\/2011\\\/05\\\/cropped-logo-bellunopress-.jpg\",\"contentUrl\":\"https:\\\/\\\/www.bellunopress.it\\\/wp-content\\\/uploads\\\/2011\\\/05\\\/cropped-logo-bellunopress-.jpg\",\"width\":512,\"height\":512,\"caption\":\"Bellunopress\"},\"image\":{\"@id\":\"https:\\\/\\\/www.bellunopress.it\\\/#\\\/schema\\\/logo\\\/image\\\/\"},\"sameAs\":[\"https:\\\/\\\/www.facebook.com\\\/profile.php?id=100008943462799\",\"https:\\\/\\\/x.com\\\/bellunopress\",\"https:\\\/\\\/www.linkedin.com\\\/hp\\\/?dnr=JBzUWaJfMUw8vbXJJ2tVW5-I3jZKvC4wsoxE&amp;amp;amp;amp;amp;amp;trk=nav_responsive_tab_home\",\"https:\\\/\\\/www.youtube.com\\\/channel\\\/UCxL0wu1uN0_3_7hGG0306cw\"]},{\"@type\":\"Person\",\"@id\":\"https:\\\/\\\/www.bellunopress.it\\\/#\\\/schema\\\/person\\\/79bb06722b37ece1c03d3e94beb30d73\",\"name\":\"redazione\",\"image\":{\"@type\":\"ImageObject\",\"inLanguage\":\"fr-FR\",\"@id\":\"https:\\\/\\\/secure.gravatar.com\\\/avatar\\\/37d968a2e67a6fd04c169c4bdef102d0bc5d31b2546345219e348575eb80e9a0?s=96&d=mm&r=g\",\"url\":\"https:\\\/\\\/secure.gravatar.com\\\/avatar\\\/37d968a2e67a6fd04c169c4bdef102d0bc5d31b2546345219e348575eb80e9a0?s=96&d=mm&r=g\",\"contentUrl\":\"https:\\\/\\\/secure.gravatar.com\\\/avatar\\\/37d968a2e67a6fd04c169c4bdef102d0bc5d31b2546345219e348575eb80e9a0?s=96&d=mm&r=g\",\"caption\":\"redazione\"},\"sameAs\":[\"http:\\\/\\\/www.bellunopress.it\",\"https:\\\/\\\/x.com\\\/bellunopress\"],\"url\":\"https:\\\/\\\/www.bellunopress.it\\\/fr\\\/author\\\/redazione\\\/\"}]}<\/script>\n<!-- \/ Yoast SEO plugin. -->","yoast_head_json":{"title":"Trichiana e San Antonio Tortal: il programma delle cerimonie commemorative del 4 novembre. Il 15 novembre la consegna delle tessere elettorali e intervento del prof. Diego Cason sulla Costituzione - Bellunopress - Dolomiti","robots":{"index":"index","follow":"follow","max-snippet":"max-snippet:-1","max-image-preview":"max-image-preview:large","max-video-preview":"max-video-preview:-1"},"canonical":"https:\/\/www.bellunopress.it\/fr\/2012\/11\/01\/trichiana-e-san-antonio-tortal-il-programma-delle-cerimonie-commemorative-del-4-novembre-il-15-novembre-la-consegna-delle-tessere-elettorali-e-intervento-del-prof-diego-cason-sulla-costituzione\/","og_locale":"fr_FR","og_type":"article","og_title":"Trichiana e San Antonio Tortal: il programma delle cerimonie commemorative del 4 novembre. Il 15 novembre la consegna delle tessere elettorali e intervento del prof. Diego Cason sulla Costituzione - Bellunopress - Dolomiti","og_description":"E\u2019 alle porte l\u2019appuntamento con le Cerimonie di novembre, commemorative dei Caduti di tutte le guerre e dell\u2019Unit\u00e0 Nazionale. Il programma proposto dal Comune di Trichiana, in collaborazione con l\u2019Associazione Nazionale Combattenti e Reduci e con la Sezione \u201cLa Spasema\u201d dell\u2019A.N.P.I., prevede un duplice appuntamento. Domenica 4 novembre, alle 10.30 ci sar\u00e0 la Celebrazione della [&hellip;]","og_url":"https:\/\/www.bellunopress.it\/fr\/2012\/11\/01\/trichiana-e-san-antonio-tortal-il-programma-delle-cerimonie-commemorative-del-4-novembre-il-15-novembre-la-consegna-delle-tessere-elettorali-e-intervento-del-prof-diego-cason-sulla-costituzione\/","og_site_name":"Bellunopress - Dolomiti","article_publisher":"https:\/\/www.facebook.com\/profile.php?id=100008943462799","article_published_time":"2012-11-01T19:08:31+00:00","og_image":[{"url":"http:\/\/www.bellunopress.it\/wp-content\/uploads\/2011\/04\/giorgio-cavallet.jpg","type":"","width":"","height":""}],"author":"redazione","twitter_card":"summary_large_image","twitter_creator":"@bellunopress","twitter_site":"@bellunopress","twitter_misc":{"\u00c9crit par":"redazione","Dur\u00e9e de lecture estim\u00e9e":"3 minutes"},"schema":{"@context":"https:\/\/schema.org","@graph":[{"@type":"Article","@id":"https:\/\/www.bellunopress.it\/2012\/11\/01\/trichiana-e-san-antonio-tortal-il-programma-delle-cerimonie-commemorative-del-4-novembre-il-15-novembre-la-consegna-delle-tessere-elettorali-e-intervento-del-prof-diego-cason-sulla-costituzione\/#article","isPartOf":{"@id":"https:\/\/www.bellunopress.it\/2012\/11\/01\/trichiana-e-san-antonio-tortal-il-programma-delle-cerimonie-commemorative-del-4-novembre-il-15-novembre-la-consegna-delle-tessere-elettorali-e-intervento-del-prof-diego-cason-sulla-costituzione\/"},"author":{"name":"redazione","@id":"https:\/\/www.bellunopress.it\/#\/schema\/person\/79bb06722b37ece1c03d3e94beb30d73"},"headline":"Trichiana e San Antonio Tortal: il programma delle cerimonie commemorative del 4 novembre. Il 15 novembre la consegna delle tessere elettorali e intervento del prof. Diego Cason sulla Costituzione","datePublished":"2012-11-01T19:08:31+00:00","mainEntityOfPage":{"@id":"https:\/\/www.bellunopress.it\/2012\/11\/01\/trichiana-e-san-antonio-tortal-il-programma-delle-cerimonie-commemorative-del-4-novembre-il-15-novembre-la-consegna-delle-tessere-elettorali-e-intervento-del-prof-diego-cason-sulla-costituzione\/"},"wordCount":576,"publisher":{"@id":"https:\/\/www.bellunopress.it\/#organization"},"image":{"@id":"https:\/\/www.bellunopress.it\/2012\/11\/01\/trichiana-e-san-antonio-tortal-il-programma-delle-cerimonie-commemorative-del-4-novembre-il-15-novembre-la-consegna-delle-tessere-elettorali-e-intervento-del-prof-diego-cason-sulla-costituzione\/#primaryimage"},"thumbnailUrl":"http:\/\/www.bellunopress.it\/wp-content\/uploads\/2011\/04\/giorgio-cavallet.jpg","articleSection":["Appuntamenti, Eventi","Prima Pagina"],"inLanguage":"fr-FR"},{"@type":"WebPage","@id":"https:\/\/www.bellunopress.it\/2012\/11\/01\/trichiana-e-san-antonio-tortal-il-programma-delle-cerimonie-commemorative-del-4-novembre-il-15-novembre-la-consegna-delle-tessere-elettorali-e-intervento-del-prof-diego-cason-sulla-costituzione\/","url":"https:\/\/www.bellunopress.it\/2012\/11\/01\/trichiana-e-san-antonio-tortal-il-programma-delle-cerimonie-commemorative-del-4-novembre-il-15-novembre-la-consegna-delle-tessere-elettorali-e-intervento-del-prof-diego-cason-sulla-costituzione\/","name":"Trichiana e San Antonio Tortal: il programma delle cerimonie commemorative del 4 novembre. Il 15 novembre la consegna delle tessere elettorali e intervento del prof. Diego Cason sulla Costituzione - Bellunopress - Dolomiti","isPartOf":{"@id":"https:\/\/www.bellunopress.it\/#website"},"primaryImageOfPage":{"@id":"https:\/\/www.bellunopress.it\/2012\/11\/01\/trichiana-e-san-antonio-tortal-il-programma-delle-cerimonie-commemorative-del-4-novembre-il-15-novembre-la-consegna-delle-tessere-elettorali-e-intervento-del-prof-diego-cason-sulla-costituzione\/#primaryimage"},"image":{"@id":"https:\/\/www.bellunopress.it\/2012\/11\/01\/trichiana-e-san-antonio-tortal-il-programma-delle-cerimonie-commemorative-del-4-novembre-il-15-novembre-la-consegna-delle-tessere-elettorali-e-intervento-del-prof-diego-cason-sulla-costituzione\/#primaryimage"},"thumbnailUrl":"http:\/\/www.bellunopress.it\/wp-content\/uploads\/2011\/04\/giorgio-cavallet.jpg","datePublished":"2012-11-01T19:08:31+00:00","breadcrumb":{"@id":"https:\/\/www.bellunopress.it\/2012\/11\/01\/trichiana-e-san-antonio-tortal-il-programma-delle-cerimonie-commemorative-del-4-novembre-il-15-novembre-la-consegna-delle-tessere-elettorali-e-intervento-del-prof-diego-cason-sulla-costituzione\/#breadcrumb"},"inLanguage":"fr-FR","potentialAction":[{"@type":"ReadAction","target":["https:\/\/www.bellunopress.it\/2012\/11\/01\/trichiana-e-san-antonio-tortal-il-programma-delle-cerimonie-commemorative-del-4-novembre-il-15-novembre-la-consegna-delle-tessere-elettorali-e-intervento-del-prof-diego-cason-sulla-costituzione\/"]}]},{"@type":"ImageObject","inLanguage":"fr-FR","@id":"https:\/\/www.bellunopress.it\/2012\/11\/01\/trichiana-e-san-antonio-tortal-il-programma-delle-cerimonie-commemorative-del-4-novembre-il-15-novembre-la-consegna-delle-tessere-elettorali-e-intervento-del-prof-diego-cason-sulla-costituzione\/#primaryimage","url":"http:\/\/www.bellunopress.it\/wp-content\/uploads\/2011\/04\/giorgio-cavallet.jpg","contentUrl":"http:\/\/www.bellunopress.it\/wp-content\/uploads\/2011\/04\/giorgio-cavallet.jpg"},{"@type":"BreadcrumbList","@id":"https:\/\/www.bellunopress.it\/2012\/11\/01\/trichiana-e-san-antonio-tortal-il-programma-delle-cerimonie-commemorative-del-4-novembre-il-15-novembre-la-consegna-delle-tessere-elettorali-e-intervento-del-prof-diego-cason-sulla-costituzione\/#breadcrumb","itemListElement":[{"@type":"ListItem","position":1,"name":"Home","item":"https:\/\/www.bellunopress.it\/"},{"@type":"ListItem","position":2,"name":"Trichiana e San Antonio Tortal: il programma delle cerimonie commemorative del 4 novembre. Il 15 novembre la consegna delle tessere elettorali e intervento del prof. Diego Cason sulla Costituzione"}]},{"@type":"WebSite","@id":"https:\/\/www.bellunopress.it\/#website","url":"https:\/\/www.bellunopress.it\/","name":"Bellunopress - Dolomiti","description":"e-mail: redazione@bellunopress.it","publisher":{"@id":"https:\/\/www.bellunopress.it\/#organization"},"potentialAction":[{"@type":"SearchAction","target":{"@type":"EntryPoint","urlTemplate":"https:\/\/www.bellunopress.it\/?s={search_term_string}"},"query-input":{"@type":"PropertyValueSpecification","valueRequired":true,"valueName":"search_term_string"}}],"inLanguage":"fr-FR"},{"@type":"Organization","@id":"https:\/\/www.bellunopress.it\/#organization","name":"Bellunopress","url":"https:\/\/www.bellunopress.it\/","logo":{"@type":"ImageObject","inLanguage":"fr-FR","@id":"https:\/\/www.bellunopress.it\/#\/schema\/logo\/image\/","url":"https:\/\/www.bellunopress.it\/wp-content\/uploads\/2011\/05\/cropped-logo-bellunopress-.jpg","contentUrl":"https:\/\/www.bellunopress.it\/wp-content\/uploads\/2011\/05\/cropped-logo-bellunopress-.jpg","width":512,"height":512,"caption":"Bellunopress"},"image":{"@id":"https:\/\/www.bellunopress.it\/#\/schema\/logo\/image\/"},"sameAs":["https:\/\/www.facebook.com\/profile.php?id=100008943462799","https:\/\/x.com\/bellunopress","https:\/\/www.linkedin.com\/hp\/?dnr=JBzUWaJfMUw8vbXJJ2tVW5-I3jZKvC4wsoxE&amp;amp;amp;amp;amp;amp;trk=nav_responsive_tab_home","https:\/\/www.youtube.com\/channel\/UCxL0wu1uN0_3_7hGG0306cw"]},{"@type":"Person","@id":"https:\/\/www.bellunopress.it\/#\/schema\/person\/79bb06722b37ece1c03d3e94beb30d73","name":"r\u00e9daction","image":{"@type":"ImageObject","inLanguage":"fr-FR","@id":"https:\/\/secure.gravatar.com\/avatar\/37d968a2e67a6fd04c169c4bdef102d0bc5d31b2546345219e348575eb80e9a0?s=96&d=mm&r=g","url":"https:\/\/secure.gravatar.com\/avatar\/37d968a2e67a6fd04c169c4bdef102d0bc5d31b2546345219e348575eb80e9a0?s=96&d=mm&r=g","contentUrl":"https:\/\/secure.gravatar.com\/avatar\/37d968a2e67a6fd04c169c4bdef102d0bc5d31b2546345219e348575eb80e9a0?s=96&d=mm&r=g","caption":"redazione"},"sameAs":["http:\/\/www.bellunopress.it","https:\/\/x.com\/bellunopress"],"url":"https:\/\/www.bellunopress.it\/fr\/author\/redazione\/"}]}},"_links":{"self":[{"href":"https:\/\/www.bellunopress.it\/fr\/wp-json\/wp\/v2\/posts\/43542","targetHints":{"allow":["GET"]}}],"collection":[{"href":"https:\/\/www.bellunopress.it\/fr\/wp-json\/wp\/v2\/posts"}],"about":[{"href":"https:\/\/www.bellunopress.it\/fr\/wp-json\/wp\/v2\/types\/post"}],"author":[{"embeddable":true,"href":"https:\/\/www.bellunopress.it\/fr\/wp-json\/wp\/v2\/users\/2"}],"replies":[{"embeddable":true,"href":"https:\/\/www.bellunopress.it\/fr\/wp-json\/wp\/v2\/comments?post=43542"}],"version-history":[{"count":1,"href":"https:\/\/www.bellunopress.it\/fr\/wp-json\/wp\/v2\/posts\/43542\/revisions"}],"predecessor-version":[{"id":43543,"href":"https:\/\/www.bellunopress.it\/fr\/wp-json\/wp\/v2\/posts\/43542\/revisions\/43543"}],"wp:attachment":[{"href":"https:\/\/www.bellunopress.it\/fr\/wp-json\/wp\/v2\/media?parent=43542"}],"wp:term":[{"taxonomy":"category","embeddable":true,"href":"https:\/\/www.bellunopress.it\/fr\/wp-json\/wp\/v2\/categories?post=43542"},{"taxonomy":"post_tag","embeddable":true,"href":"https:\/\/www.bellunopress.it\/fr\/wp-json\/wp\/v2\/tags?post=43542"}],"curies":[{"name":"wp","href":"https:\/\/api.w.org\/{rel}","templated":true}]}}