{"id":43540,"date":"2012-11-01T20:03:43","date_gmt":"2012-11-01T19:03:43","guid":{"rendered":"http:\/\/www.bellunopress.it\/?p=43540"},"modified":"2012-11-01T20:03:43","modified_gmt":"2012-11-01T19:03:43","slug":"arredamont-2012-si-prepara-al-gran-finale-sabato-il-convegno-del-collegio-dei-periti-industriali","status":"publish","type":"post","link":"https:\/\/www.bellunopress.it\/fr\/2012\/11\/01\/arredamont-2012-si-prepara-al-gran-finale-sabato-il-convegno-del-collegio-dei-periti-industriali\/","title":{"rendered":"Arredamont 2012 si prepara al gran finale. Sabato il convegno del Collegio dei Periti Industriali"},"content":{"rendered":"<p><a href=\"http:\/\/www.bellunopress.it\/wp-content\/uploads\/2010\/11\/arredamont-longarone-300x225.jpg\"><img loading=\"lazy\" decoding=\"async\" class=\"alignleft size-full wp-image-20715\" title=\"arredamont-longarone-300x225\" src=\"http:\/\/www.bellunopress.it\/wp-content\/uploads\/2010\/11\/arredamont-longarone-300x225.jpg\" alt=\"\" width=\"300\" height=\"225\" \/><\/a>Buon successo di pubblico oggi nel quartiere di Longarone Fiere Dolomiti (Belluno) per la 35. edizione di Arredamont, la mostra per eccellenza dell\u2019arredare in montagna che proseguir\u00e0 sino a domenica 4 novembre. In fiera sono giunti visitatori da tutto il Triveneto, ma anche da Regioni quali la Lombardia, l\u2019Emilia Romagna e il Piemonte ad ammirare una rassegna altamente specializzata e di altissimo livello. Alcuni stand sono delle autentiche opere d\u2019arte, apprezzatissimi per l\u2019allestimento curato nei minimi particolari dove il legno la fa da assoluto padrone.<\/p>\n<p>Tra i visitatori anche alcune delegazioni estere. Accompagnati dal presidente di Longarone Fiere, Oscar De Bona, sono stati in visita operatori provenienti dallo Stato brasiliano del Paran\u00e0, guidati da Luis Molossi, e da quello del Rio Grande do Sul, con in testa Cesar Augusto Prezzi: si sono soffermati soprattutto tra le tante proposte del settore arredo d\u2019artigianato. \u201cDiversi di loro \u2013 ha detto Oscar D Bona \u2013 sono venuti qui per mettere le basi per lo sviluppo di nuovi importanti contatti tra le nostre imprese e il mondo imprenditoriale delle terre brasiliane, dove \u00e8 forte la presenza di uomini di successo d\u2019origine veneta, friulana e trentina\u201d.<\/p>\n<p>Tra gli eventi collaterali delle ultime tre giornate di apertura di Arredamont 2012, sabato 3 novembre (ore 16, Centro Congressi) si terr\u00e0 l\u2019atteso convegno, promosso dal Collegio Periti Industriali e Periti Industriali Laureati della Provincia di Belluno, Belluno Tecnologia e Centro Studi Bellunese, sul tema: \u201cRi-Costruire \u2013 Ottimizzazione delle prestazioni in funzione dei costi: UN PROGETTO POSSIBILE \u2026!!!\u201d. L\u2019appuntamento \u00e8 ormai un evento tradizionale per Arredamont e richiama operatori del settore da tutta la provincia di Belluno, e non solo. E\u2019 infatti l\u2019occasione per un arricchimento professionale su un tema di stretta attualit\u00e0.<\/p>\n<p>Arredamont sar\u00e0 aperto domani, venerd\u00ec 2 novembre, dalle 15 alle 19.30, con ingresso gratuito per gli ultrasessantacinquenni muniti di documento di riconoscimento, mentre sabato e domenica, quando \u00e8 atteso il pubblico delle grandi occasioni, l\u2019apertura \u00e8 dalle 10 alle 20.<\/p>\n<p>&nbsp;<\/p>","protected":false},"excerpt":{"rendered":"<p>Buon successo di pubblico oggi nel quartiere di Longarone Fiere Dolomiti (Belluno) per la 35. edizione di Arredamont, la mostra per eccellenza dell\u2019arredare in montagna che proseguir\u00e0 sino a domenica 4 novembre. In fiera sono giunti visitatori da tutto il Triveneto, ma anche da Regioni quali la Lombardia, l\u2019Emilia Romagna e il Piemonte ad ammirare [&hellip;]<\/p>\n","protected":false},"author":2,"featured_media":0,"comment_status":"closed","ping_status":"open","sticky":false,"template":"","format":"standard","meta":{"footnotes":""},"categories":[27,26],"tags":[],"class_list":["post-43540","post","type-post","status-publish","format-standard","category-appuntamenti","category-prima-pagina"],"yoast_head":"<!-- This site is optimized with the Yoast SEO plugin v28.4 - https:\/\/yoast.com\/product\/yoast-seo-wordpress\/ -->\n<title>Arredamont 2012 si prepara al gran finale. Sabato il convegno del Collegio dei Periti Industriali - Bellunopress - Dolomiti<\/title>\n<meta name=\"robots\" content=\"index, follow, max-snippet:-1, max-image-preview:large, max-video-preview:-1\" \/>\n<link rel=\"canonical\" href=\"https:\/\/www.bellunopress.it\/fr\/2012\/11\/01\/arredamont-2012-si-prepara-al-gran-finale-sabato-il-convegno-del-collegio-dei-periti-industriali\/\" \/>\n<meta property=\"og:locale\" content=\"fr_FR\" \/>\n<meta property=\"og:type\" content=\"article\" \/>\n<meta property=\"og:title\" content=\"Arredamont 2012 si prepara al gran finale. Sabato il convegno del Collegio dei Periti Industriali - Bellunopress - Dolomiti\" \/>\n<meta property=\"og:description\" content=\"Buon successo di pubblico oggi nel quartiere di Longarone Fiere Dolomiti (Belluno) per la 35. edizione di Arredamont, la mostra per eccellenza dell\u2019arredare in montagna che proseguir\u00e0 sino a domenica 4 novembre. In fiera sono giunti visitatori da tutto il Triveneto, ma anche da Regioni quali la Lombardia, l\u2019Emilia Romagna e il Piemonte ad ammirare [&hellip;]\" \/>\n<meta property=\"og:url\" content=\"https:\/\/www.bellunopress.it\/fr\/2012\/11\/01\/arredamont-2012-si-prepara-al-gran-finale-sabato-il-convegno-del-collegio-dei-periti-industriali\/\" \/>\n<meta property=\"og:site_name\" content=\"Bellunopress - Dolomiti\" \/>\n<meta property=\"article:publisher\" content=\"https:\/\/www.facebook.com\/profile.php?id=100008943462799\" \/>\n<meta property=\"article:published_time\" content=\"2012-11-01T19:03:43+00:00\" \/>\n<meta property=\"og:image\" content=\"http:\/\/www.bellunopress.it\/wp-content\/uploads\/2010\/11\/arredamont-longarone-300x225.jpg\" \/>\n<meta name=\"author\" content=\"redazione\" \/>\n<meta name=\"twitter:card\" content=\"summary_large_image\" \/>\n<meta name=\"twitter:creator\" content=\"@bellunopress\" \/>\n<meta name=\"twitter:site\" content=\"@bellunopress\" \/>\n<meta name=\"twitter:label1\" content=\"\u00c9crit par\" \/>\n\t<meta name=\"twitter:data1\" content=\"redazione\" \/>\n\t<meta name=\"twitter:label2\" content=\"Dur\u00e9e de lecture estim\u00e9e\" \/>\n\t<meta name=\"twitter:data2\" content=\"2 minutes\" \/>\n<script type=\"application\/ld+json\" class=\"yoast-schema-graph\">{\"@context\":\"https:\\\/\\\/schema.org\",\"@graph\":[{\"@type\":\"Article\",\"@id\":\"https:\\\/\\\/www.bellunopress.it\\\/2012\\\/11\\\/01\\\/arredamont-2012-si-prepara-al-gran-finale-sabato-il-convegno-del-collegio-dei-periti-industriali\\\/#article\",\"isPartOf\":{\"@id\":\"https:\\\/\\\/www.bellunopress.it\\\/2012\\\/11\\\/01\\\/arredamont-2012-si-prepara-al-gran-finale-sabato-il-convegno-del-collegio-dei-periti-industriali\\\/\"},\"author\":{\"name\":\"redazione\",\"@id\":\"https:\\\/\\\/www.bellunopress.it\\\/#\\\/schema\\\/person\\\/79bb06722b37ece1c03d3e94beb30d73\"},\"headline\":\"Arredamont 2012 si prepara al gran finale. Sabato il convegno del Collegio dei Periti Industriali\",\"datePublished\":\"2012-11-01T19:03:43+00:00\",\"mainEntityOfPage\":{\"@id\":\"https:\\\/\\\/www.bellunopress.it\\\/2012\\\/11\\\/01\\\/arredamont-2012-si-prepara-al-gran-finale-sabato-il-convegno-del-collegio-dei-periti-industriali\\\/\"},\"wordCount\":331,\"publisher\":{\"@id\":\"https:\\\/\\\/www.bellunopress.it\\\/#organization\"},\"image\":{\"@id\":\"https:\\\/\\\/www.bellunopress.it\\\/2012\\\/11\\\/01\\\/arredamont-2012-si-prepara-al-gran-finale-sabato-il-convegno-del-collegio-dei-periti-industriali\\\/#primaryimage\"},\"thumbnailUrl\":\"http:\\\/\\\/www.bellunopress.it\\\/wp-content\\\/uploads\\\/2010\\\/11\\\/arredamont-longarone-300x225.jpg\",\"articleSection\":[\"Appuntamenti, Eventi\",\"Prima Pagina\"],\"inLanguage\":\"fr-FR\"},{\"@type\":\"WebPage\",\"@id\":\"https:\\\/\\\/www.bellunopress.it\\\/2012\\\/11\\\/01\\\/arredamont-2012-si-prepara-al-gran-finale-sabato-il-convegno-del-collegio-dei-periti-industriali\\\/\",\"url\":\"https:\\\/\\\/www.bellunopress.it\\\/2012\\\/11\\\/01\\\/arredamont-2012-si-prepara-al-gran-finale-sabato-il-convegno-del-collegio-dei-periti-industriali\\\/\",\"name\":\"Arredamont 2012 si prepara al gran finale. Sabato il convegno del Collegio dei Periti Industriali - Bellunopress - Dolomiti\",\"isPartOf\":{\"@id\":\"https:\\\/\\\/www.bellunopress.it\\\/#website\"},\"primaryImageOfPage\":{\"@id\":\"https:\\\/\\\/www.bellunopress.it\\\/2012\\\/11\\\/01\\\/arredamont-2012-si-prepara-al-gran-finale-sabato-il-convegno-del-collegio-dei-periti-industriali\\\/#primaryimage\"},\"image\":{\"@id\":\"https:\\\/\\\/www.bellunopress.it\\\/2012\\\/11\\\/01\\\/arredamont-2012-si-prepara-al-gran-finale-sabato-il-convegno-del-collegio-dei-periti-industriali\\\/#primaryimage\"},\"thumbnailUrl\":\"http:\\\/\\\/www.bellunopress.it\\\/wp-content\\\/uploads\\\/2010\\\/11\\\/arredamont-longarone-300x225.jpg\",\"datePublished\":\"2012-11-01T19:03:43+00:00\",\"breadcrumb\":{\"@id\":\"https:\\\/\\\/www.bellunopress.it\\\/2012\\\/11\\\/01\\\/arredamont-2012-si-prepara-al-gran-finale-sabato-il-convegno-del-collegio-dei-periti-industriali\\\/#breadcrumb\"},\"inLanguage\":\"fr-FR\",\"potentialAction\":[{\"@type\":\"ReadAction\",\"target\":[\"https:\\\/\\\/www.bellunopress.it\\\/2012\\\/11\\\/01\\\/arredamont-2012-si-prepara-al-gran-finale-sabato-il-convegno-del-collegio-dei-periti-industriali\\\/\"]}]},{\"@type\":\"ImageObject\",\"inLanguage\":\"fr-FR\",\"@id\":\"https:\\\/\\\/www.bellunopress.it\\\/2012\\\/11\\\/01\\\/arredamont-2012-si-prepara-al-gran-finale-sabato-il-convegno-del-collegio-dei-periti-industriali\\\/#primaryimage\",\"url\":\"http:\\\/\\\/www.bellunopress.it\\\/wp-content\\\/uploads\\\/2010\\\/11\\\/arredamont-longarone-300x225.jpg\",\"contentUrl\":\"http:\\\/\\\/www.bellunopress.it\\\/wp-content\\\/uploads\\\/2010\\\/11\\\/arredamont-longarone-300x225.jpg\"},{\"@type\":\"BreadcrumbList\",\"@id\":\"https:\\\/\\\/www.bellunopress.it\\\/2012\\\/11\\\/01\\\/arredamont-2012-si-prepara-al-gran-finale-sabato-il-convegno-del-collegio-dei-periti-industriali\\\/#breadcrumb\",\"itemListElement\":[{\"@type\":\"ListItem\",\"position\":1,\"name\":\"Home\",\"item\":\"https:\\\/\\\/www.bellunopress.it\\\/\"},{\"@type\":\"ListItem\",\"position\":2,\"name\":\"Arredamont 2012 si prepara al gran finale. Sabato il convegno del Collegio dei Periti Industriali\"}]},{\"@type\":\"WebSite\",\"@id\":\"https:\\\/\\\/www.bellunopress.it\\\/#website\",\"url\":\"https:\\\/\\\/www.bellunopress.it\\\/\",\"name\":\"Bellunopress - Dolomiti\",\"description\":\"e-mail: redazione@bellunopress.it\",\"publisher\":{\"@id\":\"https:\\\/\\\/www.bellunopress.it\\\/#organization\"},\"potentialAction\":[{\"@type\":\"SearchAction\",\"target\":{\"@type\":\"EntryPoint\",\"urlTemplate\":\"https:\\\/\\\/www.bellunopress.it\\\/?s={search_term_string}\"},\"query-input\":{\"@type\":\"PropertyValueSpecification\",\"valueRequired\":true,\"valueName\":\"search_term_string\"}}],\"inLanguage\":\"fr-FR\"},{\"@type\":\"Organization\",\"@id\":\"https:\\\/\\\/www.bellunopress.it\\\/#organization\",\"name\":\"Bellunopress\",\"url\":\"https:\\\/\\\/www.bellunopress.it\\\/\",\"logo\":{\"@type\":\"ImageObject\",\"inLanguage\":\"fr-FR\",\"@id\":\"https:\\\/\\\/www.bellunopress.it\\\/#\\\/schema\\\/logo\\\/image\\\/\",\"url\":\"https:\\\/\\\/www.bellunopress.it\\\/wp-content\\\/uploads\\\/2011\\\/05\\\/cropped-logo-bellunopress-.jpg\",\"contentUrl\":\"https:\\\/\\\/www.bellunopress.it\\\/wp-content\\\/uploads\\\/2011\\\/05\\\/cropped-logo-bellunopress-.jpg\",\"width\":512,\"height\":512,\"caption\":\"Bellunopress\"},\"image\":{\"@id\":\"https:\\\/\\\/www.bellunopress.it\\\/#\\\/schema\\\/logo\\\/image\\\/\"},\"sameAs\":[\"https:\\\/\\\/www.facebook.com\\\/profile.php?id=100008943462799\",\"https:\\\/\\\/x.com\\\/bellunopress\",\"https:\\\/\\\/www.linkedin.com\\\/hp\\\/?dnr=JBzUWaJfMUw8vbXJJ2tVW5-I3jZKvC4wsoxE&amp;amp;amp;amp;amp;amp;trk=nav_responsive_tab_home\",\"https:\\\/\\\/www.youtube.com\\\/channel\\\/UCxL0wu1uN0_3_7hGG0306cw\"]},{\"@type\":\"Person\",\"@id\":\"https:\\\/\\\/www.bellunopress.it\\\/#\\\/schema\\\/person\\\/79bb06722b37ece1c03d3e94beb30d73\",\"name\":\"redazione\",\"image\":{\"@type\":\"ImageObject\",\"inLanguage\":\"fr-FR\",\"@id\":\"https:\\\/\\\/secure.gravatar.com\\\/avatar\\\/37d968a2e67a6fd04c169c4bdef102d0bc5d31b2546345219e348575eb80e9a0?s=96&d=mm&r=g\",\"url\":\"https:\\\/\\\/secure.gravatar.com\\\/avatar\\\/37d968a2e67a6fd04c169c4bdef102d0bc5d31b2546345219e348575eb80e9a0?s=96&d=mm&r=g\",\"contentUrl\":\"https:\\\/\\\/secure.gravatar.com\\\/avatar\\\/37d968a2e67a6fd04c169c4bdef102d0bc5d31b2546345219e348575eb80e9a0?s=96&d=mm&r=g\",\"caption\":\"redazione\"},\"sameAs\":[\"http:\\\/\\\/www.bellunopress.it\",\"https:\\\/\\\/x.com\\\/bellunopress\"],\"url\":\"https:\\\/\\\/www.bellunopress.it\\\/fr\\\/author\\\/redazione\\\/\"}]}<\/script>\n<!-- \/ Yoast SEO plugin. -->","yoast_head_json":{"title":"Arredamont 2012 si prepara al gran finale. Sabato il convegno del Collegio dei Periti Industriali - Bellunopress - Dolomiti","robots":{"index":"index","follow":"follow","max-snippet":"max-snippet:-1","max-image-preview":"max-image-preview:large","max-video-preview":"max-video-preview:-1"},"canonical":"https:\/\/www.bellunopress.it\/fr\/2012\/11\/01\/arredamont-2012-si-prepara-al-gran-finale-sabato-il-convegno-del-collegio-dei-periti-industriali\/","og_locale":"fr_FR","og_type":"article","og_title":"Arredamont 2012 si prepara al gran finale. Sabato il convegno del Collegio dei Periti Industriali - Bellunopress - Dolomiti","og_description":"Buon successo di pubblico oggi nel quartiere di Longarone Fiere Dolomiti (Belluno) per la 35. edizione di Arredamont, la mostra per eccellenza dell\u2019arredare in montagna che proseguir\u00e0 sino a domenica 4 novembre. In fiera sono giunti visitatori da tutto il Triveneto, ma anche da Regioni quali la Lombardia, l\u2019Emilia Romagna e il Piemonte ad ammirare [&hellip;]","og_url":"https:\/\/www.bellunopress.it\/fr\/2012\/11\/01\/arredamont-2012-si-prepara-al-gran-finale-sabato-il-convegno-del-collegio-dei-periti-industriali\/","og_site_name":"Bellunopress - Dolomiti","article_publisher":"https:\/\/www.facebook.com\/profile.php?id=100008943462799","article_published_time":"2012-11-01T19:03:43+00:00","og_image":[{"url":"http:\/\/www.bellunopress.it\/wp-content\/uploads\/2010\/11\/arredamont-longarone-300x225.jpg","type":"","width":"","height":""}],"author":"redazione","twitter_card":"summary_large_image","twitter_creator":"@bellunopress","twitter_site":"@bellunopress","twitter_misc":{"\u00c9crit par":"redazione","Dur\u00e9e de lecture estim\u00e9e":"2 minutes"},"schema":{"@context":"https:\/\/schema.org","@graph":[{"@type":"Article","@id":"https:\/\/www.bellunopress.it\/2012\/11\/01\/arredamont-2012-si-prepara-al-gran-finale-sabato-il-convegno-del-collegio-dei-periti-industriali\/#article","isPartOf":{"@id":"https:\/\/www.bellunopress.it\/2012\/11\/01\/arredamont-2012-si-prepara-al-gran-finale-sabato-il-convegno-del-collegio-dei-periti-industriali\/"},"author":{"name":"redazione","@id":"https:\/\/www.bellunopress.it\/#\/schema\/person\/79bb06722b37ece1c03d3e94beb30d73"},"headline":"Arredamont 2012 si prepara al gran finale. Sabato il convegno del Collegio dei Periti Industriali","datePublished":"2012-11-01T19:03:43+00:00","mainEntityOfPage":{"@id":"https:\/\/www.bellunopress.it\/2012\/11\/01\/arredamont-2012-si-prepara-al-gran-finale-sabato-il-convegno-del-collegio-dei-periti-industriali\/"},"wordCount":331,"publisher":{"@id":"https:\/\/www.bellunopress.it\/#organization"},"image":{"@id":"https:\/\/www.bellunopress.it\/2012\/11\/01\/arredamont-2012-si-prepara-al-gran-finale-sabato-il-convegno-del-collegio-dei-periti-industriali\/#primaryimage"},"thumbnailUrl":"http:\/\/www.bellunopress.it\/wp-content\/uploads\/2010\/11\/arredamont-longarone-300x225.jpg","articleSection":["Appuntamenti, Eventi","Prima Pagina"],"inLanguage":"fr-FR"},{"@type":"WebPage","@id":"https:\/\/www.bellunopress.it\/2012\/11\/01\/arredamont-2012-si-prepara-al-gran-finale-sabato-il-convegno-del-collegio-dei-periti-industriali\/","url":"https:\/\/www.bellunopress.it\/2012\/11\/01\/arredamont-2012-si-prepara-al-gran-finale-sabato-il-convegno-del-collegio-dei-periti-industriali\/","name":"Arredamont 2012 si prepara al gran finale. Sabato il convegno del Collegio dei Periti Industriali - Bellunopress - Dolomiti","isPartOf":{"@id":"https:\/\/www.bellunopress.it\/#website"},"primaryImageOfPage":{"@id":"https:\/\/www.bellunopress.it\/2012\/11\/01\/arredamont-2012-si-prepara-al-gran-finale-sabato-il-convegno-del-collegio-dei-periti-industriali\/#primaryimage"},"image":{"@id":"https:\/\/www.bellunopress.it\/2012\/11\/01\/arredamont-2012-si-prepara-al-gran-finale-sabato-il-convegno-del-collegio-dei-periti-industriali\/#primaryimage"},"thumbnailUrl":"http:\/\/www.bellunopress.it\/wp-content\/uploads\/2010\/11\/arredamont-longarone-300x225.jpg","datePublished":"2012-11-01T19:03:43+00:00","breadcrumb":{"@id":"https:\/\/www.bellunopress.it\/2012\/11\/01\/arredamont-2012-si-prepara-al-gran-finale-sabato-il-convegno-del-collegio-dei-periti-industriali\/#breadcrumb"},"inLanguage":"fr-FR","potentialAction":[{"@type":"ReadAction","target":["https:\/\/www.bellunopress.it\/2012\/11\/01\/arredamont-2012-si-prepara-al-gran-finale-sabato-il-convegno-del-collegio-dei-periti-industriali\/"]}]},{"@type":"ImageObject","inLanguage":"fr-FR","@id":"https:\/\/www.bellunopress.it\/2012\/11\/01\/arredamont-2012-si-prepara-al-gran-finale-sabato-il-convegno-del-collegio-dei-periti-industriali\/#primaryimage","url":"http:\/\/www.bellunopress.it\/wp-content\/uploads\/2010\/11\/arredamont-longarone-300x225.jpg","contentUrl":"http:\/\/www.bellunopress.it\/wp-content\/uploads\/2010\/11\/arredamont-longarone-300x225.jpg"},{"@type":"BreadcrumbList","@id":"https:\/\/www.bellunopress.it\/2012\/11\/01\/arredamont-2012-si-prepara-al-gran-finale-sabato-il-convegno-del-collegio-dei-periti-industriali\/#breadcrumb","itemListElement":[{"@type":"ListItem","position":1,"name":"Home","item":"https:\/\/www.bellunopress.it\/"},{"@type":"ListItem","position":2,"name":"Arredamont 2012 si prepara al gran finale. Sabato il convegno del Collegio dei Periti Industriali"}]},{"@type":"WebSite","@id":"https:\/\/www.bellunopress.it\/#website","url":"https:\/\/www.bellunopress.it\/","name":"Bellunopress - Dolomiti","description":"e-mail: redazione@bellunopress.it","publisher":{"@id":"https:\/\/www.bellunopress.it\/#organization"},"potentialAction":[{"@type":"SearchAction","target":{"@type":"EntryPoint","urlTemplate":"https:\/\/www.bellunopress.it\/?s={search_term_string}"},"query-input":{"@type":"PropertyValueSpecification","valueRequired":true,"valueName":"search_term_string"}}],"inLanguage":"fr-FR"},{"@type":"Organization","@id":"https:\/\/www.bellunopress.it\/#organization","name":"Bellunopress","url":"https:\/\/www.bellunopress.it\/","logo":{"@type":"ImageObject","inLanguage":"fr-FR","@id":"https:\/\/www.bellunopress.it\/#\/schema\/logo\/image\/","url":"https:\/\/www.bellunopress.it\/wp-content\/uploads\/2011\/05\/cropped-logo-bellunopress-.jpg","contentUrl":"https:\/\/www.bellunopress.it\/wp-content\/uploads\/2011\/05\/cropped-logo-bellunopress-.jpg","width":512,"height":512,"caption":"Bellunopress"},"image":{"@id":"https:\/\/www.bellunopress.it\/#\/schema\/logo\/image\/"},"sameAs":["https:\/\/www.facebook.com\/profile.php?id=100008943462799","https:\/\/x.com\/bellunopress","https:\/\/www.linkedin.com\/hp\/?dnr=JBzUWaJfMUw8vbXJJ2tVW5-I3jZKvC4wsoxE&amp;amp;amp;amp;amp;amp;trk=nav_responsive_tab_home","https:\/\/www.youtube.com\/channel\/UCxL0wu1uN0_3_7hGG0306cw"]},{"@type":"Person","@id":"https:\/\/www.bellunopress.it\/#\/schema\/person\/79bb06722b37ece1c03d3e94beb30d73","name":"r\u00e9daction","image":{"@type":"ImageObject","inLanguage":"fr-FR","@id":"https:\/\/secure.gravatar.com\/avatar\/37d968a2e67a6fd04c169c4bdef102d0bc5d31b2546345219e348575eb80e9a0?s=96&d=mm&r=g","url":"https:\/\/secure.gravatar.com\/avatar\/37d968a2e67a6fd04c169c4bdef102d0bc5d31b2546345219e348575eb80e9a0?s=96&d=mm&r=g","contentUrl":"https:\/\/secure.gravatar.com\/avatar\/37d968a2e67a6fd04c169c4bdef102d0bc5d31b2546345219e348575eb80e9a0?s=96&d=mm&r=g","caption":"redazione"},"sameAs":["http:\/\/www.bellunopress.it","https:\/\/x.com\/bellunopress"],"url":"https:\/\/www.bellunopress.it\/fr\/author\/redazione\/"}]}},"_links":{"self":[{"href":"https:\/\/www.bellunopress.it\/fr\/wp-json\/wp\/v2\/posts\/43540","targetHints":{"allow":["GET"]}}],"collection":[{"href":"https:\/\/www.bellunopress.it\/fr\/wp-json\/wp\/v2\/posts"}],"about":[{"href":"https:\/\/www.bellunopress.it\/fr\/wp-json\/wp\/v2\/types\/post"}],"author":[{"embeddable":true,"href":"https:\/\/www.bellunopress.it\/fr\/wp-json\/wp\/v2\/users\/2"}],"replies":[{"embeddable":true,"href":"https:\/\/www.bellunopress.it\/fr\/wp-json\/wp\/v2\/comments?post=43540"}],"version-history":[{"count":1,"href":"https:\/\/www.bellunopress.it\/fr\/wp-json\/wp\/v2\/posts\/43540\/revisions"}],"predecessor-version":[{"id":43541,"href":"https:\/\/www.bellunopress.it\/fr\/wp-json\/wp\/v2\/posts\/43540\/revisions\/43541"}],"wp:attachment":[{"href":"https:\/\/www.bellunopress.it\/fr\/wp-json\/wp\/v2\/media?parent=43540"}],"wp:term":[{"taxonomy":"category","embeddable":true,"href":"https:\/\/www.bellunopress.it\/fr\/wp-json\/wp\/v2\/categories?post=43540"},{"taxonomy":"post_tag","embeddable":true,"href":"https:\/\/www.bellunopress.it\/fr\/wp-json\/wp\/v2\/tags?post=43540"}],"curies":[{"name":"wp","href":"https:\/\/api.w.org\/{rel}","templated":true}]}}