{"id":43491,"date":"2012-10-31T18:41:02","date_gmt":"2012-10-31T17:41:02","guid":{"rendered":"http:\/\/www.bellunopress.it\/?p=43491"},"modified":"2012-10-30T18:47:38","modified_gmt":"2012-10-30T17:47:38","slug":"laboratorio-teatrale-tinnifoli-2012","status":"publish","type":"post","link":"https:\/\/www.bellunopress.it\/fr\/2012\/10\/31\/laboratorio-teatrale-tinnifoli-2012\/","title":{"rendered":"Laboratorio teatrale Tinnifoli 2012"},"content":{"rendered":"<p>Il laboratorio \u00e8 intensivo: ha una durata di 8 ore, cos\u00ec suddivise:<\/p>\n<p>Gioved\u00ec 13 dicembre \u2013 dalle 19.00 alle 22.00 \u2013 Feltre c\/o Istituto Canossiano;<\/p>\n<p>Venerd\u00ec 14 dicembre \u2013 dalle 19.00 alle 22.00 \u2013 Feltre c\/o Istituto Canossiano;<\/p>\n<p>Sabato 15 dicembre \u2013 dalle 16.00 alle 18.00 \u2013 Feltre c\/o Istituto Canossiano.<\/p>\n<p>&nbsp;<\/p>\n<p>COSTI<\/p>\n<p>Il contributo richiesto \u00e8 di 50 euro a partecipante, da versarsi in un\u2019unica soluzione il giorno del primo incontro.<\/p>\n<p>&nbsp;<\/p>\n<p>PRENOTAZIONI<\/p>\n<p>Iscrizioni via email a: tinnifoli@gmail.com e richieste di informazioni telefoniche allo 329.3676945<\/p>\n<p>Le iscrizioni verranno accettate solo via email<\/p>\n<p>Verranno accettate le prime 16 prenotazioni<\/p>\n<p>&nbsp;<\/p>\n<p>DAL CORO AL BRANCO LE TRASFORMAZIONI DEL CORPO SCENICO FRA TRAGEDIA E OPERA BUFFONESCA<\/p>\n<p>Il percorso proposto prevede l\u2019esplorazione di due diversi territori drammaturgici, la tragedia e l\u2019opera buffonesca, attraverso gli strumenti scenici che ne costituiscono il cuore pulsante: da una parte, il coro tragico; dall\u2019altra, il branco buffonesco. La scoperta della pluralit\u00e0 e del gruppo scenico come ricchezza interpretativa e strumento drammaturgico sar\u00e0 pertanto la direzione principale cui ci orienteremo: Lecoq parlava di scoperta del legame, un legame che si poggia sul respiro, l\u2019ascolto, la fiducia.<\/p>\n<p>Entrambi i territori drammaturgici esplorano il grande tema del rapporto con il divino: la tragedia \u00e8 l\u2019eterno interrogativo rivolto agli dei, la resa esplicita del nodo che lega immanenza e trascendenza \u2013 e il coro ne \u00e8 l\u2019elemento cardine \u2013 ; il Buffone, di contro, nega la trascendenza, o meglio la sovverte, accogliendola in s\u00e9, poich\u00e9 vaticina e predice. Non solo: rivela crudamente all\u2019uomo le sue nefande, insospettabili debolezze.<\/p>\n<p>Il regno del Buffone \u00e8 un regno quanto mai misterioso, ambiguo, attraente. Il Buffone non crede in nulla e ride di tutto: \u00e8 un emarginato, un cacciato dalla societ\u00e0, ed in questo trova la sua forza, per\u00a0questo \u00e8 indispensabile proprio a quella societ\u00e0 che lo fugge. Il Buffone \u00e8 l\u2019anima nera di ogni essere umano; ha i suoi dei all\u2019inferno, al nadir. E questo suo essere fuori dalla societ\u00e0 civile eppure dentro l\u2019animo umano gli consente di denunciare l\u2019assurdit\u00e0 spesso dilagante della dimensione sociale, attraverso la parodia, il contrappunto satirico, la deformazione corporea, e la dissoluzione\/sublimazione nel branco, il vero e proprio motore dei suoi impulsi.<\/p>\n<p>Nella tragedia vi \u00e8 invece limpidezza \u2013 non nei temi o nei contenuti, ma nella qualit\u00e0 della presenza scenica \u2013: \u00e8 l\u2019espressione della meraviglia umana di fronte al cosmo. Per questo l\u2019uomo si rivolge agli dei: e, nell\u2019epoca in cui gli dei non esistono pi\u00f9, ecco comparire i Buffoni.<\/p>\n<p>La ricerca che condurremo insieme attraverser\u00e0:<\/p>\n<p>&#8211; la scoperta del legame con l\u2019altro: esercizi di ascolto, fiducia, giochi di ritmo<\/p>\n<p>&#8211; la tragedia: vettori fisici \u2013 tensione verso il divino e composizione del coro: agire tutti<\/p>\n<p>insieme, con lo stesso respiro<\/p>\n<p>&#8211; il buffone: dal coro al branco; la deformazione, la parodia, il contrappunto.<\/p>\n<p>DOCENTI<\/p>\n<p>Il laboratorio \u00e8 tenuto dalla Compagnia Valdrada di ROMA (tutta la compagnia ad eccezione delle ore del sabato, condotte dalla regista Chiara Becchimanzi)<\/p>\n<p>DETTAGLI OPERATIVI DEL LABORATORIO<\/p>\n<p>\u2022 E\u2019 richiesto un abbigliamento comodo.<\/p>\n<p>\u2022 Presentarsi, salvo comunicazioni, alle ore 18,30 di Gioved\u00ec 13 dicembre c\/o Istituto Canossiano per l\u2019espletamento degli adempimenti \u201cburocratici\u201d (pagamento\u2026)<\/p>\n<p>\u2022 All\u2019atto dell\u2019iscrizione, indicare: nome, cognome, et\u00e0, citt\u00e0 di residenza, e (importante) la propria esperienza in campo teatrale, in modo da garantire un\u2019opportuna taratura del corso.<\/p>\n<p>\u2022 Si deve imparare il seguente testo (solo a memoria, senza &#8220;interpretazione&#8221;)<\/p>\n<p>Faustus,<\/p>\n<p>solo un&#8217;ora ti resta,<\/p>\n<p>e poi la dannazione, per sempre.<\/p>\n<p>Fermatevi, eterne sfere del cielo!<\/p>\n<p>Che il tempo finisca, e mezzanotte non venga!<\/p>\n<p>Natura, apri ancora gli occhi lieti per me, e fai un giorno eterno&#8230;<\/p>\n<p>Oppure fai di un&#8217;ora un anno, un mese, una settimana, un giorno!<\/p>\n<p>Dona a Faustus il pentimento, e alla sua anima la salvezza.<\/p>\n<p>O lente, lente currite, noctis equi!<\/p>\n<p>Ma le stelle si muovono, il tempo corre, quell&#8217;ora presto suoner\u00e0, verr\u00e0 il demonio, e Faust sar\u00e0<\/p>\n<p>dannato.<\/p>\n<p>Montagne e rocce, venite, venite, piombatemi sul capo, nascondetemi!<\/p>\n<p>Terra, apriti! Oh no, non mi dar\u00e0 riparo!<\/p>\n<p>Ah, mezz&#8217;ora \u00e8 passata! E passer\u00e0 tutta, ben presto!<\/p>\n<p>Maledetti coloro che mi fecero!<\/p>\n<p>No, Faust, tu devi maledir te stesso!<\/p>\n<p>[Suona la Mezzanotte]<\/p>\n<p>Oh, suona! Suona! Corpo, ora dissolviti in aria, o vivo ti trarr\u00e0 in inferno Lucifero!<\/p>\n<p>E tu cangiati in minute gocciole, anima mia, e gi\u00f9 precipita nell&#8217;oceano, che mai non ti si trovi!<\/p>\n<p>Serpenti e vipere, lasciate ch&#8217;io respiri ancora un poco almeno!<\/p>\n<p>Io brucer\u00f2 i miei libri!<\/p>\n","protected":false},"excerpt":{"rendered":"<p>Il laboratorio \u00e8 intensivo: ha una durata di 8 ore, cos\u00ec suddivise: Gioved\u00ec 13 dicembre \u2013 dalle 19.00 alle 22.00 \u2013 Feltre c\/o Istituto Canossiano; Venerd\u00ec 14 dicembre \u2013 dalle 19.00 alle 22.00 \u2013 Feltre c\/o Istituto Canossiano; Sabato 15 dicembre \u2013 dalle 16.00 alle 18.00 \u2013 Feltre c\/o Istituto Canossiano. &nbsp; COSTI Il contributo [&hellip;]<\/p>\n","protected":false},"author":2,"featured_media":0,"comment_status":"closed","ping_status":"open","sticky":false,"template":"","format":"standard","meta":{"footnotes":""},"categories":[3,25],"tags":[],"class_list":["post-43491","post","type-post","status-publish","format-standard","category-arte-cultura-spettacoli-scienza-archivi","category-pausa-caffe"],"yoast_head":"<!-- This site is optimized with the Yoast SEO plugin v28.4 - https:\/\/yoast.com\/product\/yoast-seo-wordpress\/ -->\n<title>Laboratorio teatrale Tinnifoli 2012 - Bellunopress - Dolomiti<\/title>\n<meta name=\"robots\" content=\"index, follow, max-snippet:-1, max-image-preview:large, max-video-preview:-1\" \/>\n<link rel=\"canonical\" href=\"https:\/\/www.bellunopress.it\/fr\/2012\/10\/31\/laboratorio-teatrale-tinnifoli-2012\/\" \/>\n<meta property=\"og:locale\" content=\"fr_FR\" \/>\n<meta property=\"og:type\" content=\"article\" \/>\n<meta property=\"og:title\" content=\"Laboratorio teatrale Tinnifoli 2012 - Bellunopress - Dolomiti\" \/>\n<meta property=\"og:description\" content=\"Il laboratorio \u00e8 intensivo: ha una durata di 8 ore, cos\u00ec suddivise: Gioved\u00ec 13 dicembre \u2013 dalle 19.00 alle 22.00 \u2013 Feltre c\/o Istituto Canossiano; Venerd\u00ec 14 dicembre \u2013 dalle 19.00 alle 22.00 \u2013 Feltre c\/o Istituto Canossiano; Sabato 15 dicembre \u2013 dalle 16.00 alle 18.00 \u2013 Feltre c\/o Istituto Canossiano. &nbsp; COSTI Il contributo [&hellip;]\" \/>\n<meta property=\"og:url\" content=\"https:\/\/www.bellunopress.it\/fr\/2012\/10\/31\/laboratorio-teatrale-tinnifoli-2012\/\" \/>\n<meta property=\"og:site_name\" content=\"Bellunopress - Dolomiti\" \/>\n<meta property=\"article:publisher\" content=\"https:\/\/www.facebook.com\/profile.php?id=100008943462799\" \/>\n<meta property=\"article:published_time\" content=\"2012-10-31T17:41:02+00:00\" \/>\n<meta property=\"og:image\" content=\"http:\/\/www.bellunopress.it\/wp-content\/uploads\/2012\/07\/logo-bellunopress-250x250-2012.jpg\" \/>\n<meta name=\"author\" content=\"redazione\" \/>\n<meta name=\"twitter:card\" content=\"summary_large_image\" \/>\n<meta name=\"twitter:creator\" content=\"@bellunopress\" \/>\n<meta name=\"twitter:site\" content=\"@bellunopress\" \/>\n<meta name=\"twitter:label1\" content=\"\u00c9crit par\" \/>\n\t<meta name=\"twitter:data1\" content=\"redazione\" \/>\n\t<meta name=\"twitter:label2\" content=\"Dur\u00e9e de lecture estim\u00e9e\" \/>\n\t<meta name=\"twitter:data2\" content=\"4 minutes\" \/>\n<script type=\"application\/ld+json\" class=\"yoast-schema-graph\">{\"@context\":\"https:\\\/\\\/schema.org\",\"@graph\":[{\"@type\":\"Article\",\"@id\":\"https:\\\/\\\/www.bellunopress.it\\\/2012\\\/10\\\/31\\\/laboratorio-teatrale-tinnifoli-2012\\\/#article\",\"isPartOf\":{\"@id\":\"https:\\\/\\\/www.bellunopress.it\\\/2012\\\/10\\\/31\\\/laboratorio-teatrale-tinnifoli-2012\\\/\"},\"author\":{\"name\":\"redazione\",\"@id\":\"https:\\\/\\\/www.bellunopress.it\\\/#\\\/schema\\\/person\\\/79bb06722b37ece1c03d3e94beb30d73\"},\"headline\":\"Laboratorio teatrale Tinnifoli 2012\",\"datePublished\":\"2012-10-31T17:41:02+00:00\",\"mainEntityOfPage\":{\"@id\":\"https:\\\/\\\/www.bellunopress.it\\\/2012\\\/10\\\/31\\\/laboratorio-teatrale-tinnifoli-2012\\\/\"},\"wordCount\":724,\"publisher\":{\"@id\":\"https:\\\/\\\/www.bellunopress.it\\\/#organization\"},\"articleSection\":[\"Arte, Cultura, Spettacoli, Scienza\",\"Pausa Caff\u00e8\"],\"inLanguage\":\"fr-FR\"},{\"@type\":\"WebPage\",\"@id\":\"https:\\\/\\\/www.bellunopress.it\\\/2012\\\/10\\\/31\\\/laboratorio-teatrale-tinnifoli-2012\\\/\",\"url\":\"https:\\\/\\\/www.bellunopress.it\\\/2012\\\/10\\\/31\\\/laboratorio-teatrale-tinnifoli-2012\\\/\",\"name\":\"Laboratorio teatrale Tinnifoli 2012 - Bellunopress - Dolomiti\",\"isPartOf\":{\"@id\":\"https:\\\/\\\/www.bellunopress.it\\\/#website\"},\"datePublished\":\"2012-10-31T17:41:02+00:00\",\"breadcrumb\":{\"@id\":\"https:\\\/\\\/www.bellunopress.it\\\/2012\\\/10\\\/31\\\/laboratorio-teatrale-tinnifoli-2012\\\/#breadcrumb\"},\"inLanguage\":\"fr-FR\",\"potentialAction\":[{\"@type\":\"ReadAction\",\"target\":[\"https:\\\/\\\/www.bellunopress.it\\\/2012\\\/10\\\/31\\\/laboratorio-teatrale-tinnifoli-2012\\\/\"]}]},{\"@type\":\"BreadcrumbList\",\"@id\":\"https:\\\/\\\/www.bellunopress.it\\\/2012\\\/10\\\/31\\\/laboratorio-teatrale-tinnifoli-2012\\\/#breadcrumb\",\"itemListElement\":[{\"@type\":\"ListItem\",\"position\":1,\"name\":\"Home\",\"item\":\"https:\\\/\\\/www.bellunopress.it\\\/\"},{\"@type\":\"ListItem\",\"position\":2,\"name\":\"Laboratorio teatrale Tinnifoli 2012\"}]},{\"@type\":\"WebSite\",\"@id\":\"https:\\\/\\\/www.bellunopress.it\\\/#website\",\"url\":\"https:\\\/\\\/www.bellunopress.it\\\/\",\"name\":\"Bellunopress - Dolomiti\",\"description\":\"e-mail: redazione@bellunopress.it\",\"publisher\":{\"@id\":\"https:\\\/\\\/www.bellunopress.it\\\/#organization\"},\"potentialAction\":[{\"@type\":\"SearchAction\",\"target\":{\"@type\":\"EntryPoint\",\"urlTemplate\":\"https:\\\/\\\/www.bellunopress.it\\\/?s={search_term_string}\"},\"query-input\":{\"@type\":\"PropertyValueSpecification\",\"valueRequired\":true,\"valueName\":\"search_term_string\"}}],\"inLanguage\":\"fr-FR\"},{\"@type\":\"Organization\",\"@id\":\"https:\\\/\\\/www.bellunopress.it\\\/#organization\",\"name\":\"Bellunopress\",\"url\":\"https:\\\/\\\/www.bellunopress.it\\\/\",\"logo\":{\"@type\":\"ImageObject\",\"inLanguage\":\"fr-FR\",\"@id\":\"https:\\\/\\\/www.bellunopress.it\\\/#\\\/schema\\\/logo\\\/image\\\/\",\"url\":\"https:\\\/\\\/www.bellunopress.it\\\/wp-content\\\/uploads\\\/2011\\\/05\\\/cropped-logo-bellunopress-.jpg\",\"contentUrl\":\"https:\\\/\\\/www.bellunopress.it\\\/wp-content\\\/uploads\\\/2011\\\/05\\\/cropped-logo-bellunopress-.jpg\",\"width\":512,\"height\":512,\"caption\":\"Bellunopress\"},\"image\":{\"@id\":\"https:\\\/\\\/www.bellunopress.it\\\/#\\\/schema\\\/logo\\\/image\\\/\"},\"sameAs\":[\"https:\\\/\\\/www.facebook.com\\\/profile.php?id=100008943462799\",\"https:\\\/\\\/x.com\\\/bellunopress\",\"https:\\\/\\\/www.linkedin.com\\\/hp\\\/?dnr=JBzUWaJfMUw8vbXJJ2tVW5-I3jZKvC4wsoxE&amp;amp;amp;amp;amp;amp;trk=nav_responsive_tab_home\",\"https:\\\/\\\/www.youtube.com\\\/channel\\\/UCxL0wu1uN0_3_7hGG0306cw\"]},{\"@type\":\"Person\",\"@id\":\"https:\\\/\\\/www.bellunopress.it\\\/#\\\/schema\\\/person\\\/79bb06722b37ece1c03d3e94beb30d73\",\"name\":\"redazione\",\"image\":{\"@type\":\"ImageObject\",\"inLanguage\":\"fr-FR\",\"@id\":\"https:\\\/\\\/secure.gravatar.com\\\/avatar\\\/37d968a2e67a6fd04c169c4bdef102d0bc5d31b2546345219e348575eb80e9a0?s=96&d=mm&r=g\",\"url\":\"https:\\\/\\\/secure.gravatar.com\\\/avatar\\\/37d968a2e67a6fd04c169c4bdef102d0bc5d31b2546345219e348575eb80e9a0?s=96&d=mm&r=g\",\"contentUrl\":\"https:\\\/\\\/secure.gravatar.com\\\/avatar\\\/37d968a2e67a6fd04c169c4bdef102d0bc5d31b2546345219e348575eb80e9a0?s=96&d=mm&r=g\",\"caption\":\"redazione\"},\"sameAs\":[\"http:\\\/\\\/www.bellunopress.it\",\"https:\\\/\\\/x.com\\\/bellunopress\"],\"url\":\"https:\\\/\\\/www.bellunopress.it\\\/fr\\\/author\\\/redazione\\\/\"}]}<\/script>\n<!-- \/ Yoast SEO plugin. -->","yoast_head_json":{"title":"Laboratorio teatrale Tinnifoli 2012 - Bellunopress - Dolomiti","robots":{"index":"index","follow":"follow","max-snippet":"max-snippet:-1","max-image-preview":"max-image-preview:large","max-video-preview":"max-video-preview:-1"},"canonical":"https:\/\/www.bellunopress.it\/fr\/2012\/10\/31\/laboratorio-teatrale-tinnifoli-2012\/","og_locale":"fr_FR","og_type":"article","og_title":"Laboratorio teatrale Tinnifoli 2012 - Bellunopress - Dolomiti","og_description":"Il laboratorio \u00e8 intensivo: ha una durata di 8 ore, cos\u00ec suddivise: Gioved\u00ec 13 dicembre \u2013 dalle 19.00 alle 22.00 \u2013 Feltre c\/o Istituto Canossiano; Venerd\u00ec 14 dicembre \u2013 dalle 19.00 alle 22.00 \u2013 Feltre c\/o Istituto Canossiano; Sabato 15 dicembre \u2013 dalle 16.00 alle 18.00 \u2013 Feltre c\/o Istituto Canossiano. &nbsp; COSTI Il contributo [&hellip;]","og_url":"https:\/\/www.bellunopress.it\/fr\/2012\/10\/31\/laboratorio-teatrale-tinnifoli-2012\/","og_site_name":"Bellunopress - Dolomiti","article_publisher":"https:\/\/www.facebook.com\/profile.php?id=100008943462799","article_published_time":"2012-10-31T17:41:02+00:00","og_image":[{"url":"http:\/\/www.bellunopress.it\/wp-content\/uploads\/2012\/07\/logo-bellunopress-250x250-2012.jpg","type":"","width":"","height":""}],"author":"redazione","twitter_card":"summary_large_image","twitter_creator":"@bellunopress","twitter_site":"@bellunopress","twitter_misc":{"\u00c9crit par":"redazione","Dur\u00e9e de lecture estim\u00e9e":"4 minutes"},"schema":{"@context":"https:\/\/schema.org","@graph":[{"@type":"Article","@id":"https:\/\/www.bellunopress.it\/2012\/10\/31\/laboratorio-teatrale-tinnifoli-2012\/#article","isPartOf":{"@id":"https:\/\/www.bellunopress.it\/2012\/10\/31\/laboratorio-teatrale-tinnifoli-2012\/"},"author":{"name":"redazione","@id":"https:\/\/www.bellunopress.it\/#\/schema\/person\/79bb06722b37ece1c03d3e94beb30d73"},"headline":"Laboratorio teatrale Tinnifoli 2012","datePublished":"2012-10-31T17:41:02+00:00","mainEntityOfPage":{"@id":"https:\/\/www.bellunopress.it\/2012\/10\/31\/laboratorio-teatrale-tinnifoli-2012\/"},"wordCount":724,"publisher":{"@id":"https:\/\/www.bellunopress.it\/#organization"},"articleSection":["Arte, Cultura, Spettacoli, Scienza","Pausa Caff\u00e8"],"inLanguage":"fr-FR"},{"@type":"WebPage","@id":"https:\/\/www.bellunopress.it\/2012\/10\/31\/laboratorio-teatrale-tinnifoli-2012\/","url":"https:\/\/www.bellunopress.it\/2012\/10\/31\/laboratorio-teatrale-tinnifoli-2012\/","name":"Laboratorio teatrale Tinnifoli 2012 - Bellunopress - Dolomiti","isPartOf":{"@id":"https:\/\/www.bellunopress.it\/#website"},"datePublished":"2012-10-31T17:41:02+00:00","breadcrumb":{"@id":"https:\/\/www.bellunopress.it\/2012\/10\/31\/laboratorio-teatrale-tinnifoli-2012\/#breadcrumb"},"inLanguage":"fr-FR","potentialAction":[{"@type":"ReadAction","target":["https:\/\/www.bellunopress.it\/2012\/10\/31\/laboratorio-teatrale-tinnifoli-2012\/"]}]},{"@type":"BreadcrumbList","@id":"https:\/\/www.bellunopress.it\/2012\/10\/31\/laboratorio-teatrale-tinnifoli-2012\/#breadcrumb","itemListElement":[{"@type":"ListItem","position":1,"name":"Home","item":"https:\/\/www.bellunopress.it\/"},{"@type":"ListItem","position":2,"name":"Laboratorio teatrale Tinnifoli 2012"}]},{"@type":"WebSite","@id":"https:\/\/www.bellunopress.it\/#website","url":"https:\/\/www.bellunopress.it\/","name":"Bellunopress - Dolomiti","description":"e-mail: redazione@bellunopress.it","publisher":{"@id":"https:\/\/www.bellunopress.it\/#organization"},"potentialAction":[{"@type":"SearchAction","target":{"@type":"EntryPoint","urlTemplate":"https:\/\/www.bellunopress.it\/?s={search_term_string}"},"query-input":{"@type":"PropertyValueSpecification","valueRequired":true,"valueName":"search_term_string"}}],"inLanguage":"fr-FR"},{"@type":"Organization","@id":"https:\/\/www.bellunopress.it\/#organization","name":"Bellunopress","url":"https:\/\/www.bellunopress.it\/","logo":{"@type":"ImageObject","inLanguage":"fr-FR","@id":"https:\/\/www.bellunopress.it\/#\/schema\/logo\/image\/","url":"https:\/\/www.bellunopress.it\/wp-content\/uploads\/2011\/05\/cropped-logo-bellunopress-.jpg","contentUrl":"https:\/\/www.bellunopress.it\/wp-content\/uploads\/2011\/05\/cropped-logo-bellunopress-.jpg","width":512,"height":512,"caption":"Bellunopress"},"image":{"@id":"https:\/\/www.bellunopress.it\/#\/schema\/logo\/image\/"},"sameAs":["https:\/\/www.facebook.com\/profile.php?id=100008943462799","https:\/\/x.com\/bellunopress","https:\/\/www.linkedin.com\/hp\/?dnr=JBzUWaJfMUw8vbXJJ2tVW5-I3jZKvC4wsoxE&amp;amp;amp;amp;amp;amp;trk=nav_responsive_tab_home","https:\/\/www.youtube.com\/channel\/UCxL0wu1uN0_3_7hGG0306cw"]},{"@type":"Person","@id":"https:\/\/www.bellunopress.it\/#\/schema\/person\/79bb06722b37ece1c03d3e94beb30d73","name":"r\u00e9daction","image":{"@type":"ImageObject","inLanguage":"fr-FR","@id":"https:\/\/secure.gravatar.com\/avatar\/37d968a2e67a6fd04c169c4bdef102d0bc5d31b2546345219e348575eb80e9a0?s=96&d=mm&r=g","url":"https:\/\/secure.gravatar.com\/avatar\/37d968a2e67a6fd04c169c4bdef102d0bc5d31b2546345219e348575eb80e9a0?s=96&d=mm&r=g","contentUrl":"https:\/\/secure.gravatar.com\/avatar\/37d968a2e67a6fd04c169c4bdef102d0bc5d31b2546345219e348575eb80e9a0?s=96&d=mm&r=g","caption":"redazione"},"sameAs":["http:\/\/www.bellunopress.it","https:\/\/x.com\/bellunopress"],"url":"https:\/\/www.bellunopress.it\/fr\/author\/redazione\/"}]}},"_links":{"self":[{"href":"https:\/\/www.bellunopress.it\/fr\/wp-json\/wp\/v2\/posts\/43491","targetHints":{"allow":["GET"]}}],"collection":[{"href":"https:\/\/www.bellunopress.it\/fr\/wp-json\/wp\/v2\/posts"}],"about":[{"href":"https:\/\/www.bellunopress.it\/fr\/wp-json\/wp\/v2\/types\/post"}],"author":[{"embeddable":true,"href":"https:\/\/www.bellunopress.it\/fr\/wp-json\/wp\/v2\/users\/2"}],"replies":[{"embeddable":true,"href":"https:\/\/www.bellunopress.it\/fr\/wp-json\/wp\/v2\/comments?post=43491"}],"version-history":[{"count":1,"href":"https:\/\/www.bellunopress.it\/fr\/wp-json\/wp\/v2\/posts\/43491\/revisions"}],"predecessor-version":[{"id":43492,"href":"https:\/\/www.bellunopress.it\/fr\/wp-json\/wp\/v2\/posts\/43491\/revisions\/43492"}],"wp:attachment":[{"href":"https:\/\/www.bellunopress.it\/fr\/wp-json\/wp\/v2\/media?parent=43491"}],"wp:term":[{"taxonomy":"category","embeddable":true,"href":"https:\/\/www.bellunopress.it\/fr\/wp-json\/wp\/v2\/categories?post=43491"},{"taxonomy":"post_tag","embeddable":true,"href":"https:\/\/www.bellunopress.it\/fr\/wp-json\/wp\/v2\/tags?post=43491"}],"curies":[{"name":"wp","href":"https:\/\/api.w.org\/{rel}","templated":true}]}}