{"id":43437,"date":"2012-10-29T08:36:28","date_gmt":"2012-10-29T07:36:28","guid":{"rendered":"http:\/\/www.bellunopress.it\/?p=43437"},"modified":"2012-10-29T08:36:28","modified_gmt":"2012-10-29T07:36:28","slug":"domenica-4-novembre-a-cesiomaggiore-il-ricordo-dellalpino-angelo-sacchet-disperso-in-russia-nel-43","status":"publish","type":"post","link":"https:\/\/www.bellunopress.it\/fr\/2012\/10\/29\/domenica-4-novembre-a-cesiomaggiore-il-ricordo-dellalpino-angelo-sacchet-disperso-in-russia-nel-43\/","title":{"rendered":"Domenica 4 novembre a Cesiomaggiore il ricordo dell&#8217;alpino Angelo Sacchet disperso in Russia nel &#8217;43"},"content":{"rendered":"<p>Non aveva ancora compiuto ventiquattro anni Angelo Sacchet, quando scomparve tra le nevi di Russia. Indossata la divisa di Alpino per la prima volta nel 1938, quando l\u2019Italia entr\u00f2 in guerra nel 1940 venne richiamato alle armi e inviato al fronte in Albania. Nell\u2019agosto del 1942 il Gruppo Udine del 3\u00b0 Reggimento Artiglieria Alpina, di cui fa parte, \u00e8 impegnato sul fronte russo, dove dall\u2019estate precedente \u00e8 in atto l\u2019attacco alla potenza sovietica da parte dell\u2019esercito nazista, fiancheggiato dalle truppe di Mussolini.<\/p>\n<p>La tragedia dei 220mila soldati italiani dell\u2019ARMIR \u00e8 a tutti nota: privi di armi moderne e di equipaggiamento adeguato, annientati dal gelo, quei ragazzi combatterono con grande valore e dignit\u00e0, ma ben 95mila non fecero pi\u00f9 ritorno a casa.<\/p>\n<p>Tra questi anche Angelo Sacchet, nato a Cesiomaggiore nel 1919 e ufficialmente disperso durante le operazioni di ritirata sul fronte del fiume Don nel gennaio del 1943.<\/p>\n<p>Domenica 4 novembre, nel corso delle celebrazioni della giornata delle Forze Armate, a Cesio sar\u00e0 ricordato anche questo giovane alpino, che finalmente, dopo settant\u2019anni, fa idealmente \u201critorno a casa\u201d. Sar\u00e0, infatti, consegnata ai parenti la sua piastrina di riconoscimento, rinvenuta nella zona di Miciurinsk, dove per quattro mesi nel 1943 fu attivo un campo di prigionia in cui morirono oltre quattromila soldati italiani, l\u201980% dei reclusi.<\/p>\n<p>La piastrina di Angelo Sacchet, insieme a quella di altri italiani, \u00e8 stata acquisita da Antonio Respighi, consigliere dell\u2019A.N.A. di Milano, che nel 2009 ha compiuto un viaggio della memoria sui campi di battaglia in Russia. Recentemente \u00e8 stata inviata al Comune di Cesiomaggiore che domenica mattina, dopo il consueto omaggio al monumento ai Caduti, consegner\u00e0 ufficialmente il ricordo al nipote.<\/p>\n<p>Un\u2019occasione per ribadire il fermo no alla guerra e la condanna verso ogni forma di conflitto e di regime, i cui effetti non possono che portare a conseguenze disastrose e contrarie all\u2019umana e reciproca benevolenza tra i popoli e le comunit\u00e0.<\/p>","protected":false},"excerpt":{"rendered":"<p>Non aveva ancora compiuto ventiquattro anni Angelo Sacchet, quando scomparve tra le nevi di Russia. Indossata la divisa di Alpino per la prima volta nel 1938, quando l\u2019Italia entr\u00f2 in guerra nel 1940 venne richiamato alle armi e inviato al fronte in Albania. Nell\u2019agosto del 1942 il Gruppo Udine del 3\u00b0 Reggimento Artiglieria Alpina, di [&hellip;]<\/p>\n","protected":false},"author":2,"featured_media":0,"comment_status":"closed","ping_status":"open","sticky":false,"template":"","format":"standard","meta":{"footnotes":""},"categories":[27,25,8],"tags":[],"class_list":["post-43437","post","type-post","status-publish","format-standard","category-appuntamenti","category-pausa-caffe","category-societa-istituzioni"],"yoast_head":"<!-- This site is optimized with the Yoast SEO plugin v28.4 - https:\/\/yoast.com\/product\/yoast-seo-wordpress\/ -->\n<title>Domenica 4 novembre a Cesiomaggiore il ricordo dell&#039;alpino Angelo Sacchet disperso in Russia nel &#039;43 - Bellunopress - Dolomiti<\/title>\n<meta name=\"robots\" content=\"index, follow, max-snippet:-1, max-image-preview:large, max-video-preview:-1\" \/>\n<link rel=\"canonical\" href=\"https:\/\/www.bellunopress.it\/fr\/2012\/10\/29\/domenica-4-novembre-a-cesiomaggiore-il-ricordo-dellalpino-angelo-sacchet-disperso-in-russia-nel-43\/\" \/>\n<meta property=\"og:locale\" content=\"fr_FR\" \/>\n<meta property=\"og:type\" content=\"article\" \/>\n<meta property=\"og:title\" content=\"Domenica 4 novembre a Cesiomaggiore il ricordo dell&#039;alpino Angelo Sacchet disperso in Russia nel &#039;43 - Bellunopress - Dolomiti\" \/>\n<meta property=\"og:description\" content=\"Non aveva ancora compiuto ventiquattro anni Angelo Sacchet, quando scomparve tra le nevi di Russia. Indossata la divisa di Alpino per la prima volta nel 1938, quando l\u2019Italia entr\u00f2 in guerra nel 1940 venne richiamato alle armi e inviato al fronte in Albania. Nell\u2019agosto del 1942 il Gruppo Udine del 3\u00b0 Reggimento Artiglieria Alpina, di [&hellip;]\" \/>\n<meta property=\"og:url\" content=\"https:\/\/www.bellunopress.it\/fr\/2012\/10\/29\/domenica-4-novembre-a-cesiomaggiore-il-ricordo-dellalpino-angelo-sacchet-disperso-in-russia-nel-43\/\" \/>\n<meta property=\"og:site_name\" content=\"Bellunopress - Dolomiti\" \/>\n<meta property=\"article:publisher\" content=\"https:\/\/www.facebook.com\/profile.php?id=100008943462799\" \/>\n<meta property=\"article:published_time\" content=\"2012-10-29T07:36:28+00:00\" \/>\n<meta property=\"og:image\" content=\"http:\/\/www.bellunopress.it\/wp-content\/uploads\/2012\/07\/logo-bellunopress-250x250-2012.jpg\" \/>\n<meta name=\"author\" content=\"redazione\" \/>\n<meta name=\"twitter:card\" content=\"summary_large_image\" \/>\n<meta name=\"twitter:creator\" content=\"@bellunopress\" \/>\n<meta name=\"twitter:site\" content=\"@bellunopress\" \/>\n<meta name=\"twitter:label1\" content=\"\u00c9crit par\" \/>\n\t<meta name=\"twitter:data1\" content=\"redazione\" \/>\n\t<meta name=\"twitter:label2\" content=\"Dur\u00e9e de lecture estim\u00e9e\" \/>\n\t<meta name=\"twitter:data2\" content=\"2 minutes\" \/>\n<script type=\"application\/ld+json\" class=\"yoast-schema-graph\">{\"@context\":\"https:\\\/\\\/schema.org\",\"@graph\":[{\"@type\":\"Article\",\"@id\":\"https:\\\/\\\/www.bellunopress.it\\\/2012\\\/10\\\/29\\\/domenica-4-novembre-a-cesiomaggiore-il-ricordo-dellalpino-angelo-sacchet-disperso-in-russia-nel-43\\\/#article\",\"isPartOf\":{\"@id\":\"https:\\\/\\\/www.bellunopress.it\\\/2012\\\/10\\\/29\\\/domenica-4-novembre-a-cesiomaggiore-il-ricordo-dellalpino-angelo-sacchet-disperso-in-russia-nel-43\\\/\"},\"author\":{\"name\":\"redazione\",\"@id\":\"https:\\\/\\\/www.bellunopress.it\\\/#\\\/schema\\\/person\\\/79bb06722b37ece1c03d3e94beb30d73\"},\"headline\":\"Domenica 4 novembre a Cesiomaggiore il ricordo dell&#8217;alpino Angelo Sacchet disperso in Russia nel &#8217;43\",\"datePublished\":\"2012-10-29T07:36:28+00:00\",\"mainEntityOfPage\":{\"@id\":\"https:\\\/\\\/www.bellunopress.it\\\/2012\\\/10\\\/29\\\/domenica-4-novembre-a-cesiomaggiore-il-ricordo-dellalpino-angelo-sacchet-disperso-in-russia-nel-43\\\/\"},\"wordCount\":328,\"publisher\":{\"@id\":\"https:\\\/\\\/www.bellunopress.it\\\/#organization\"},\"articleSection\":[\"Appuntamenti, Eventi\",\"Pausa Caff\u00e8\",\"Societ\u00e0, Associazioni, Istituzioni\"],\"inLanguage\":\"fr-FR\"},{\"@type\":\"WebPage\",\"@id\":\"https:\\\/\\\/www.bellunopress.it\\\/2012\\\/10\\\/29\\\/domenica-4-novembre-a-cesiomaggiore-il-ricordo-dellalpino-angelo-sacchet-disperso-in-russia-nel-43\\\/\",\"url\":\"https:\\\/\\\/www.bellunopress.it\\\/2012\\\/10\\\/29\\\/domenica-4-novembre-a-cesiomaggiore-il-ricordo-dellalpino-angelo-sacchet-disperso-in-russia-nel-43\\\/\",\"name\":\"Domenica 4 novembre a Cesiomaggiore il ricordo dell'alpino Angelo Sacchet disperso in Russia nel '43 - Bellunopress - Dolomiti\",\"isPartOf\":{\"@id\":\"https:\\\/\\\/www.bellunopress.it\\\/#website\"},\"datePublished\":\"2012-10-29T07:36:28+00:00\",\"breadcrumb\":{\"@id\":\"https:\\\/\\\/www.bellunopress.it\\\/2012\\\/10\\\/29\\\/domenica-4-novembre-a-cesiomaggiore-il-ricordo-dellalpino-angelo-sacchet-disperso-in-russia-nel-43\\\/#breadcrumb\"},\"inLanguage\":\"fr-FR\",\"potentialAction\":[{\"@type\":\"ReadAction\",\"target\":[\"https:\\\/\\\/www.bellunopress.it\\\/2012\\\/10\\\/29\\\/domenica-4-novembre-a-cesiomaggiore-il-ricordo-dellalpino-angelo-sacchet-disperso-in-russia-nel-43\\\/\"]}]},{\"@type\":\"BreadcrumbList\",\"@id\":\"https:\\\/\\\/www.bellunopress.it\\\/2012\\\/10\\\/29\\\/domenica-4-novembre-a-cesiomaggiore-il-ricordo-dellalpino-angelo-sacchet-disperso-in-russia-nel-43\\\/#breadcrumb\",\"itemListElement\":[{\"@type\":\"ListItem\",\"position\":1,\"name\":\"Home\",\"item\":\"https:\\\/\\\/www.bellunopress.it\\\/\"},{\"@type\":\"ListItem\",\"position\":2,\"name\":\"Domenica 4 novembre a Cesiomaggiore il ricordo dell&#8217;alpino Angelo Sacchet disperso in Russia nel &#8217;43\"}]},{\"@type\":\"WebSite\",\"@id\":\"https:\\\/\\\/www.bellunopress.it\\\/#website\",\"url\":\"https:\\\/\\\/www.bellunopress.it\\\/\",\"name\":\"Bellunopress - Dolomiti\",\"description\":\"e-mail: redazione@bellunopress.it\",\"publisher\":{\"@id\":\"https:\\\/\\\/www.bellunopress.it\\\/#organization\"},\"potentialAction\":[{\"@type\":\"SearchAction\",\"target\":{\"@type\":\"EntryPoint\",\"urlTemplate\":\"https:\\\/\\\/www.bellunopress.it\\\/?s={search_term_string}\"},\"query-input\":{\"@type\":\"PropertyValueSpecification\",\"valueRequired\":true,\"valueName\":\"search_term_string\"}}],\"inLanguage\":\"fr-FR\"},{\"@type\":\"Organization\",\"@id\":\"https:\\\/\\\/www.bellunopress.it\\\/#organization\",\"name\":\"Bellunopress\",\"url\":\"https:\\\/\\\/www.bellunopress.it\\\/\",\"logo\":{\"@type\":\"ImageObject\",\"inLanguage\":\"fr-FR\",\"@id\":\"https:\\\/\\\/www.bellunopress.it\\\/#\\\/schema\\\/logo\\\/image\\\/\",\"url\":\"https:\\\/\\\/www.bellunopress.it\\\/wp-content\\\/uploads\\\/2011\\\/05\\\/cropped-logo-bellunopress-.jpg\",\"contentUrl\":\"https:\\\/\\\/www.bellunopress.it\\\/wp-content\\\/uploads\\\/2011\\\/05\\\/cropped-logo-bellunopress-.jpg\",\"width\":512,\"height\":512,\"caption\":\"Bellunopress\"},\"image\":{\"@id\":\"https:\\\/\\\/www.bellunopress.it\\\/#\\\/schema\\\/logo\\\/image\\\/\"},\"sameAs\":[\"https:\\\/\\\/www.facebook.com\\\/profile.php?id=100008943462799\",\"https:\\\/\\\/x.com\\\/bellunopress\",\"https:\\\/\\\/www.linkedin.com\\\/hp\\\/?dnr=JBzUWaJfMUw8vbXJJ2tVW5-I3jZKvC4wsoxE&amp;amp;amp;amp;amp;amp;trk=nav_responsive_tab_home\",\"https:\\\/\\\/www.youtube.com\\\/channel\\\/UCxL0wu1uN0_3_7hGG0306cw\"]},{\"@type\":\"Person\",\"@id\":\"https:\\\/\\\/www.bellunopress.it\\\/#\\\/schema\\\/person\\\/79bb06722b37ece1c03d3e94beb30d73\",\"name\":\"redazione\",\"image\":{\"@type\":\"ImageObject\",\"inLanguage\":\"fr-FR\",\"@id\":\"https:\\\/\\\/secure.gravatar.com\\\/avatar\\\/37d968a2e67a6fd04c169c4bdef102d0bc5d31b2546345219e348575eb80e9a0?s=96&d=mm&r=g\",\"url\":\"https:\\\/\\\/secure.gravatar.com\\\/avatar\\\/37d968a2e67a6fd04c169c4bdef102d0bc5d31b2546345219e348575eb80e9a0?s=96&d=mm&r=g\",\"contentUrl\":\"https:\\\/\\\/secure.gravatar.com\\\/avatar\\\/37d968a2e67a6fd04c169c4bdef102d0bc5d31b2546345219e348575eb80e9a0?s=96&d=mm&r=g\",\"caption\":\"redazione\"},\"sameAs\":[\"http:\\\/\\\/www.bellunopress.it\",\"https:\\\/\\\/x.com\\\/bellunopress\"],\"url\":\"https:\\\/\\\/www.bellunopress.it\\\/fr\\\/author\\\/redazione\\\/\"}]}<\/script>\n<!-- \/ Yoast SEO plugin. -->","yoast_head_json":{"title":"Domenica 4 novembre a Cesiomaggiore il ricordo dell'alpino Angelo Sacchet disperso in Russia nel '43 - Bellunopress - Dolomiti","robots":{"index":"index","follow":"follow","max-snippet":"max-snippet:-1","max-image-preview":"max-image-preview:large","max-video-preview":"max-video-preview:-1"},"canonical":"https:\/\/www.bellunopress.it\/fr\/2012\/10\/29\/domenica-4-novembre-a-cesiomaggiore-il-ricordo-dellalpino-angelo-sacchet-disperso-in-russia-nel-43\/","og_locale":"fr_FR","og_type":"article","og_title":"Domenica 4 novembre a Cesiomaggiore il ricordo dell'alpino Angelo Sacchet disperso in Russia nel '43 - Bellunopress - Dolomiti","og_description":"Non aveva ancora compiuto ventiquattro anni Angelo Sacchet, quando scomparve tra le nevi di Russia. Indossata la divisa di Alpino per la prima volta nel 1938, quando l\u2019Italia entr\u00f2 in guerra nel 1940 venne richiamato alle armi e inviato al fronte in Albania. Nell\u2019agosto del 1942 il Gruppo Udine del 3\u00b0 Reggimento Artiglieria Alpina, di [&hellip;]","og_url":"https:\/\/www.bellunopress.it\/fr\/2012\/10\/29\/domenica-4-novembre-a-cesiomaggiore-il-ricordo-dellalpino-angelo-sacchet-disperso-in-russia-nel-43\/","og_site_name":"Bellunopress - Dolomiti","article_publisher":"https:\/\/www.facebook.com\/profile.php?id=100008943462799","article_published_time":"2012-10-29T07:36:28+00:00","og_image":[{"url":"http:\/\/www.bellunopress.it\/wp-content\/uploads\/2012\/07\/logo-bellunopress-250x250-2012.jpg","type":"","width":"","height":""}],"author":"redazione","twitter_card":"summary_large_image","twitter_creator":"@bellunopress","twitter_site":"@bellunopress","twitter_misc":{"\u00c9crit par":"redazione","Dur\u00e9e de lecture estim\u00e9e":"2 minutes"},"schema":{"@context":"https:\/\/schema.org","@graph":[{"@type":"Article","@id":"https:\/\/www.bellunopress.it\/2012\/10\/29\/domenica-4-novembre-a-cesiomaggiore-il-ricordo-dellalpino-angelo-sacchet-disperso-in-russia-nel-43\/#article","isPartOf":{"@id":"https:\/\/www.bellunopress.it\/2012\/10\/29\/domenica-4-novembre-a-cesiomaggiore-il-ricordo-dellalpino-angelo-sacchet-disperso-in-russia-nel-43\/"},"author":{"name":"redazione","@id":"https:\/\/www.bellunopress.it\/#\/schema\/person\/79bb06722b37ece1c03d3e94beb30d73"},"headline":"Domenica 4 novembre a Cesiomaggiore il ricordo dell&#8217;alpino Angelo Sacchet disperso in Russia nel &#8217;43","datePublished":"2012-10-29T07:36:28+00:00","mainEntityOfPage":{"@id":"https:\/\/www.bellunopress.it\/2012\/10\/29\/domenica-4-novembre-a-cesiomaggiore-il-ricordo-dellalpino-angelo-sacchet-disperso-in-russia-nel-43\/"},"wordCount":328,"publisher":{"@id":"https:\/\/www.bellunopress.it\/#organization"},"articleSection":["Appuntamenti, Eventi","Pausa Caff\u00e8","Societ\u00e0, Associazioni, Istituzioni"],"inLanguage":"fr-FR"},{"@type":"WebPage","@id":"https:\/\/www.bellunopress.it\/2012\/10\/29\/domenica-4-novembre-a-cesiomaggiore-il-ricordo-dellalpino-angelo-sacchet-disperso-in-russia-nel-43\/","url":"https:\/\/www.bellunopress.it\/2012\/10\/29\/domenica-4-novembre-a-cesiomaggiore-il-ricordo-dellalpino-angelo-sacchet-disperso-in-russia-nel-43\/","name":"Domenica 4 novembre a Cesiomaggiore il ricordo dell'alpino Angelo Sacchet disperso in Russia nel '43 - Bellunopress - Dolomiti","isPartOf":{"@id":"https:\/\/www.bellunopress.it\/#website"},"datePublished":"2012-10-29T07:36:28+00:00","breadcrumb":{"@id":"https:\/\/www.bellunopress.it\/2012\/10\/29\/domenica-4-novembre-a-cesiomaggiore-il-ricordo-dellalpino-angelo-sacchet-disperso-in-russia-nel-43\/#breadcrumb"},"inLanguage":"fr-FR","potentialAction":[{"@type":"ReadAction","target":["https:\/\/www.bellunopress.it\/2012\/10\/29\/domenica-4-novembre-a-cesiomaggiore-il-ricordo-dellalpino-angelo-sacchet-disperso-in-russia-nel-43\/"]}]},{"@type":"BreadcrumbList","@id":"https:\/\/www.bellunopress.it\/2012\/10\/29\/domenica-4-novembre-a-cesiomaggiore-il-ricordo-dellalpino-angelo-sacchet-disperso-in-russia-nel-43\/#breadcrumb","itemListElement":[{"@type":"ListItem","position":1,"name":"Home","item":"https:\/\/www.bellunopress.it\/"},{"@type":"ListItem","position":2,"name":"Domenica 4 novembre a Cesiomaggiore il ricordo dell&#8217;alpino Angelo Sacchet disperso in Russia nel &#8217;43"}]},{"@type":"WebSite","@id":"https:\/\/www.bellunopress.it\/#website","url":"https:\/\/www.bellunopress.it\/","name":"Bellunopress - Dolomiti","description":"e-mail: redazione@bellunopress.it","publisher":{"@id":"https:\/\/www.bellunopress.it\/#organization"},"potentialAction":[{"@type":"SearchAction","target":{"@type":"EntryPoint","urlTemplate":"https:\/\/www.bellunopress.it\/?s={search_term_string}"},"query-input":{"@type":"PropertyValueSpecification","valueRequired":true,"valueName":"search_term_string"}}],"inLanguage":"fr-FR"},{"@type":"Organization","@id":"https:\/\/www.bellunopress.it\/#organization","name":"Bellunopress","url":"https:\/\/www.bellunopress.it\/","logo":{"@type":"ImageObject","inLanguage":"fr-FR","@id":"https:\/\/www.bellunopress.it\/#\/schema\/logo\/image\/","url":"https:\/\/www.bellunopress.it\/wp-content\/uploads\/2011\/05\/cropped-logo-bellunopress-.jpg","contentUrl":"https:\/\/www.bellunopress.it\/wp-content\/uploads\/2011\/05\/cropped-logo-bellunopress-.jpg","width":512,"height":512,"caption":"Bellunopress"},"image":{"@id":"https:\/\/www.bellunopress.it\/#\/schema\/logo\/image\/"},"sameAs":["https:\/\/www.facebook.com\/profile.php?id=100008943462799","https:\/\/x.com\/bellunopress","https:\/\/www.linkedin.com\/hp\/?dnr=JBzUWaJfMUw8vbXJJ2tVW5-I3jZKvC4wsoxE&amp;amp;amp;amp;amp;amp;trk=nav_responsive_tab_home","https:\/\/www.youtube.com\/channel\/UCxL0wu1uN0_3_7hGG0306cw"]},{"@type":"Person","@id":"https:\/\/www.bellunopress.it\/#\/schema\/person\/79bb06722b37ece1c03d3e94beb30d73","name":"r\u00e9daction","image":{"@type":"ImageObject","inLanguage":"fr-FR","@id":"https:\/\/secure.gravatar.com\/avatar\/37d968a2e67a6fd04c169c4bdef102d0bc5d31b2546345219e348575eb80e9a0?s=96&d=mm&r=g","url":"https:\/\/secure.gravatar.com\/avatar\/37d968a2e67a6fd04c169c4bdef102d0bc5d31b2546345219e348575eb80e9a0?s=96&d=mm&r=g","contentUrl":"https:\/\/secure.gravatar.com\/avatar\/37d968a2e67a6fd04c169c4bdef102d0bc5d31b2546345219e348575eb80e9a0?s=96&d=mm&r=g","caption":"redazione"},"sameAs":["http:\/\/www.bellunopress.it","https:\/\/x.com\/bellunopress"],"url":"https:\/\/www.bellunopress.it\/fr\/author\/redazione\/"}]}},"_links":{"self":[{"href":"https:\/\/www.bellunopress.it\/fr\/wp-json\/wp\/v2\/posts\/43437","targetHints":{"allow":["GET"]}}],"collection":[{"href":"https:\/\/www.bellunopress.it\/fr\/wp-json\/wp\/v2\/posts"}],"about":[{"href":"https:\/\/www.bellunopress.it\/fr\/wp-json\/wp\/v2\/types\/post"}],"author":[{"embeddable":true,"href":"https:\/\/www.bellunopress.it\/fr\/wp-json\/wp\/v2\/users\/2"}],"replies":[{"embeddable":true,"href":"https:\/\/www.bellunopress.it\/fr\/wp-json\/wp\/v2\/comments?post=43437"}],"version-history":[{"count":1,"href":"https:\/\/www.bellunopress.it\/fr\/wp-json\/wp\/v2\/posts\/43437\/revisions"}],"predecessor-version":[{"id":43438,"href":"https:\/\/www.bellunopress.it\/fr\/wp-json\/wp\/v2\/posts\/43437\/revisions\/43438"}],"wp:attachment":[{"href":"https:\/\/www.bellunopress.it\/fr\/wp-json\/wp\/v2\/media?parent=43437"}],"wp:term":[{"taxonomy":"category","embeddable":true,"href":"https:\/\/www.bellunopress.it\/fr\/wp-json\/wp\/v2\/categories?post=43437"},{"taxonomy":"post_tag","embeddable":true,"href":"https:\/\/www.bellunopress.it\/fr\/wp-json\/wp\/v2\/tags?post=43437"}],"curies":[{"name":"wp","href":"https:\/\/api.w.org\/{rel}","templated":true}]}}