{"id":43432,"date":"2012-10-28T21:20:26","date_gmt":"2012-10-28T20:20:26","guid":{"rendered":"http:\/\/www.bellunopress.it\/?p=43432"},"modified":"2012-10-28T21:20:51","modified_gmt":"2012-10-28T20:20:51","slug":"mercoledi-a-feltre-lomaggio-a-paolo-tempera","status":"publish","type":"post","link":"https:\/\/www.bellunopress.it\/fr\/2012\/10\/28\/mercoledi-a-feltre-lomaggio-a-paolo-tempera\/","title":{"rendered":"Mercoled\u00ec a Feltre, l&#8217;omaggio a Paolo Tempera"},"content":{"rendered":"<p>Mercoled\u00ec 31 ottobre alle 18, nell\u2019atrio della Comunit\u00e0 Montana Feltrina in Via Rizzarda 21, verr\u00e0 inaugurata la mostra &lt;&lt; Omaggio a Paolo Tempera. &gt;&gt; dedicata all\u2019allievo di Emilio Vedova scomparso improvvisamente lo scorso anno.<\/p>\n<p>Il critico d\u2019arte Antonella Alban e Paolo Rech presenteranno l\u2019esposizione con accompagnamento musicale a cura del responsabile del Centro di Salute Mentale, Dott. Massimo Semenzin.<\/p>\n<p>Feltrino di nascita, Tempera amava lavorare ed interagire con i giovani e ha collaborato spesso a scopo benefico sia raccogliendo fondi per costruire scuole in Guinea Bissau, sia lavorando con gli utenti dell\u2019Ulss 2 e in particolare con gli ospiti del Centro adulti disabili, del Centro di salute mentale, del Dipartimento Dipendenze \u2013 Ser.T e con la difficile realt\u00e0 provinciale carceraria.<\/p>\n<p>Non a caso l\u2019Ulss, e il Centro di ascolto \u201cDanza del Tempo\u201d vogliono omaggiarlo, ringraziarlo e ricordarlo ufficialmente attraverso questa importante e pregevole iniziativa<\/p>\n<p>L\u2019idea di questa mostra, nata dalla preziosa collaborazione creata dall\u2019artista con alcuni ragazzi frequentanti le strutture del Ser.T portata a termine successivamente con la realizzazione di un laboratorio di pittura creativa svolto nel periodo estivo al Centro Giovani di Feltre e seguito direttamente da Paolo Rech, si deve alla Consulta Giovani &lt;&lt; Diciamo La Nostra! &gt;&gt; e gode del patrocinio di Provincia di Belluno \u2013 Dolomiti, Ulss 2, Comune di Feltre, Pedavena e Seren del Grappa.<\/p>\n<p>Paolo Tempera ha scoperto fin da giovane la vocazione per l\u2019arte diplomandosi al liceo artistico di Venezia; fin dall\u2019adolescenza ha assecondato questa passione per la cultura divenendo pittore, decoratore, illustratore e scenografo.<\/p>\n<p>Esord\u00ec nel 1991 alla Bottega del Quadro esponendo una serie di lavori caratterizzati da una pittura informale che successivamente si \u00e8 evoluta nella direzione pi\u00f9 incline, verso una fedelt\u00e0 figurativa sostenuta dalla facilit\u00e0 del disegno.<\/p>\n<p>Per esprimersi al meglio, nelle sue opere utilizzava non solo inchiostri e colori tradizionali, ma anche cenere, latte, carbone, caff\u00e8 e altri materiali.<\/p>\n<p>Ha collaborato con i Musei Civici feltrini illustrando due quaderni di didattica museale e altri libri e pubblicazioni.<\/p>\n<p>Numerose sono state le sue mostre tenute sia in Italia che all\u2019estero e i premi conseguiti fra cui:<\/p>\n<p>&lt;&lt; Morlotti \u2013 Fondazione Treccani &gt;&gt;, &lt;&lt; San Martino a Belluno &gt;&gt;, &lt;&lt; Gambino &gt;&gt; e<\/p>\n<p>&lt;&lt; Bordignon &gt;&gt; a Treviso, fino al prestigioso &lt;&lt; Premio Scuola di N.Y. &gt;&gt; a New York.<\/p>\n<p>La sua precoce scomparsa lascia un vuoto incolmabile nel panorama artistico feltrino.<\/p>\n<p>La mostra, aperta fino al 30 novembre, \u00e8 visitabile tutte le mattine da luned\u00ec a venerd\u00ec dalle 8 alle 13 e dal luned\u00ec al gioved\u00ec anche in orario pomeridiano dalle 14.30 alle 17.<\/p>\n<p>&nbsp;<\/p>","protected":false},"excerpt":{"rendered":"<p>Mercoled\u00ec 31 ottobre alle 18, nell\u2019atrio della Comunit\u00e0 Montana Feltrina in Via Rizzarda 21, verr\u00e0 inaugurata la mostra &lt;&lt; Omaggio a Paolo Tempera. &gt;&gt; dedicata all\u2019allievo di Emilio Vedova scomparso improvvisamente lo scorso anno. Il critico d\u2019arte Antonella Alban e Paolo Rech presenteranno l\u2019esposizione con accompagnamento musicale a cura del responsabile del Centro di Salute [&hellip;]<\/p>\n","protected":false},"author":2,"featured_media":0,"comment_status":"closed","ping_status":"open","sticky":false,"template":"","format":"standard","meta":{"footnotes":""},"categories":[27,3,25],"tags":[],"class_list":["post-43432","post","type-post","status-publish","format-standard","category-appuntamenti","category-arte-cultura-spettacoli-scienza-archivi","category-pausa-caffe"],"yoast_head":"<!-- This site is optimized with the Yoast SEO plugin v28.4 - https:\/\/yoast.com\/product\/yoast-seo-wordpress\/ -->\n<title>Mercoled\u00ec a Feltre, l&#039;omaggio a Paolo Tempera  - Bellunopress - Dolomiti<\/title>\n<meta name=\"robots\" content=\"index, follow, max-snippet:-1, max-image-preview:large, max-video-preview:-1\" \/>\n<link rel=\"canonical\" href=\"https:\/\/www.bellunopress.it\/fr\/2012\/10\/28\/mercoledi-a-feltre-lomaggio-a-paolo-tempera\/\" \/>\n<meta property=\"og:locale\" content=\"fr_FR\" \/>\n<meta property=\"og:type\" content=\"article\" \/>\n<meta property=\"og:title\" content=\"Mercoled\u00ec a Feltre, l&#039;omaggio a Paolo Tempera  - Bellunopress - Dolomiti\" \/>\n<meta property=\"og:description\" content=\"Mercoled\u00ec 31 ottobre alle 18, nell\u2019atrio della Comunit\u00e0 Montana Feltrina in Via Rizzarda 21, verr\u00e0 inaugurata la mostra &lt;&lt; Omaggio a Paolo Tempera. &gt;&gt; dedicata all\u2019allievo di Emilio Vedova scomparso improvvisamente lo scorso anno. Il critico d\u2019arte Antonella Alban e Paolo Rech presenteranno l\u2019esposizione con accompagnamento musicale a cura del responsabile del Centro di Salute [&hellip;]\" \/>\n<meta property=\"og:url\" content=\"https:\/\/www.bellunopress.it\/fr\/2012\/10\/28\/mercoledi-a-feltre-lomaggio-a-paolo-tempera\/\" \/>\n<meta property=\"og:site_name\" content=\"Bellunopress - Dolomiti\" \/>\n<meta property=\"article:publisher\" content=\"https:\/\/www.facebook.com\/profile.php?id=100008943462799\" \/>\n<meta property=\"article:published_time\" content=\"2012-10-28T20:20:26+00:00\" \/>\n<meta property=\"article:modified_time\" content=\"2012-10-28T20:20:51+00:00\" \/>\n<meta property=\"og:image\" content=\"http:\/\/www.bellunopress.it\/wp-content\/uploads\/2012\/07\/logo-bellunopress-250x250-2012.jpg\" \/>\n<meta name=\"author\" content=\"redazione\" \/>\n<meta name=\"twitter:card\" content=\"summary_large_image\" \/>\n<meta name=\"twitter:creator\" content=\"@bellunopress\" \/>\n<meta name=\"twitter:site\" content=\"@bellunopress\" \/>\n<meta name=\"twitter:label1\" content=\"\u00c9crit par\" \/>\n\t<meta name=\"twitter:data1\" content=\"redazione\" \/>\n\t<meta name=\"twitter:label2\" content=\"Dur\u00e9e de lecture estim\u00e9e\" \/>\n\t<meta name=\"twitter:data2\" content=\"2 minutes\" \/>\n<script type=\"application\/ld+json\" class=\"yoast-schema-graph\">{\"@context\":\"https:\\\/\\\/schema.org\",\"@graph\":[{\"@type\":\"Article\",\"@id\":\"https:\\\/\\\/www.bellunopress.it\\\/2012\\\/10\\\/28\\\/mercoledi-a-feltre-lomaggio-a-paolo-tempera\\\/#article\",\"isPartOf\":{\"@id\":\"https:\\\/\\\/www.bellunopress.it\\\/2012\\\/10\\\/28\\\/mercoledi-a-feltre-lomaggio-a-paolo-tempera\\\/\"},\"author\":{\"name\":\"redazione\",\"@id\":\"https:\\\/\\\/www.bellunopress.it\\\/#\\\/schema\\\/person\\\/79bb06722b37ece1c03d3e94beb30d73\"},\"headline\":\"Mercoled\u00ec a Feltre, l&#8217;omaggio a Paolo Tempera\",\"datePublished\":\"2012-10-28T20:20:26+00:00\",\"dateModified\":\"2012-10-28T20:20:51+00:00\",\"mainEntityOfPage\":{\"@id\":\"https:\\\/\\\/www.bellunopress.it\\\/2012\\\/10\\\/28\\\/mercoledi-a-feltre-lomaggio-a-paolo-tempera\\\/\"},\"wordCount\":445,\"publisher\":{\"@id\":\"https:\\\/\\\/www.bellunopress.it\\\/#organization\"},\"articleSection\":[\"Appuntamenti, Eventi\",\"Arte, Cultura, Spettacoli, Scienza\",\"Pausa Caff\u00e8\"],\"inLanguage\":\"fr-FR\"},{\"@type\":\"WebPage\",\"@id\":\"https:\\\/\\\/www.bellunopress.it\\\/2012\\\/10\\\/28\\\/mercoledi-a-feltre-lomaggio-a-paolo-tempera\\\/\",\"url\":\"https:\\\/\\\/www.bellunopress.it\\\/2012\\\/10\\\/28\\\/mercoledi-a-feltre-lomaggio-a-paolo-tempera\\\/\",\"name\":\"Mercoled\u00ec a Feltre, l'omaggio a Paolo Tempera - Bellunopress - Dolomiti\",\"isPartOf\":{\"@id\":\"https:\\\/\\\/www.bellunopress.it\\\/#website\"},\"datePublished\":\"2012-10-28T20:20:26+00:00\",\"dateModified\":\"2012-10-28T20:20:51+00:00\",\"breadcrumb\":{\"@id\":\"https:\\\/\\\/www.bellunopress.it\\\/2012\\\/10\\\/28\\\/mercoledi-a-feltre-lomaggio-a-paolo-tempera\\\/#breadcrumb\"},\"inLanguage\":\"fr-FR\",\"potentialAction\":[{\"@type\":\"ReadAction\",\"target\":[\"https:\\\/\\\/www.bellunopress.it\\\/2012\\\/10\\\/28\\\/mercoledi-a-feltre-lomaggio-a-paolo-tempera\\\/\"]}]},{\"@type\":\"BreadcrumbList\",\"@id\":\"https:\\\/\\\/www.bellunopress.it\\\/2012\\\/10\\\/28\\\/mercoledi-a-feltre-lomaggio-a-paolo-tempera\\\/#breadcrumb\",\"itemListElement\":[{\"@type\":\"ListItem\",\"position\":1,\"name\":\"Home\",\"item\":\"https:\\\/\\\/www.bellunopress.it\\\/\"},{\"@type\":\"ListItem\",\"position\":2,\"name\":\"Mercoled\u00ec a Feltre, l&#8217;omaggio a Paolo Tempera\"}]},{\"@type\":\"WebSite\",\"@id\":\"https:\\\/\\\/www.bellunopress.it\\\/#website\",\"url\":\"https:\\\/\\\/www.bellunopress.it\\\/\",\"name\":\"Bellunopress - Dolomiti\",\"description\":\"e-mail: redazione@bellunopress.it\",\"publisher\":{\"@id\":\"https:\\\/\\\/www.bellunopress.it\\\/#organization\"},\"potentialAction\":[{\"@type\":\"SearchAction\",\"target\":{\"@type\":\"EntryPoint\",\"urlTemplate\":\"https:\\\/\\\/www.bellunopress.it\\\/?s={search_term_string}\"},\"query-input\":{\"@type\":\"PropertyValueSpecification\",\"valueRequired\":true,\"valueName\":\"search_term_string\"}}],\"inLanguage\":\"fr-FR\"},{\"@type\":\"Organization\",\"@id\":\"https:\\\/\\\/www.bellunopress.it\\\/#organization\",\"name\":\"Bellunopress\",\"url\":\"https:\\\/\\\/www.bellunopress.it\\\/\",\"logo\":{\"@type\":\"ImageObject\",\"inLanguage\":\"fr-FR\",\"@id\":\"https:\\\/\\\/www.bellunopress.it\\\/#\\\/schema\\\/logo\\\/image\\\/\",\"url\":\"https:\\\/\\\/www.bellunopress.it\\\/wp-content\\\/uploads\\\/2011\\\/05\\\/cropped-logo-bellunopress-.jpg\",\"contentUrl\":\"https:\\\/\\\/www.bellunopress.it\\\/wp-content\\\/uploads\\\/2011\\\/05\\\/cropped-logo-bellunopress-.jpg\",\"width\":512,\"height\":512,\"caption\":\"Bellunopress\"},\"image\":{\"@id\":\"https:\\\/\\\/www.bellunopress.it\\\/#\\\/schema\\\/logo\\\/image\\\/\"},\"sameAs\":[\"https:\\\/\\\/www.facebook.com\\\/profile.php?id=100008943462799\",\"https:\\\/\\\/x.com\\\/bellunopress\",\"https:\\\/\\\/www.linkedin.com\\\/hp\\\/?dnr=JBzUWaJfMUw8vbXJJ2tVW5-I3jZKvC4wsoxE&amp;amp;amp;amp;amp;amp;trk=nav_responsive_tab_home\",\"https:\\\/\\\/www.youtube.com\\\/channel\\\/UCxL0wu1uN0_3_7hGG0306cw\"]},{\"@type\":\"Person\",\"@id\":\"https:\\\/\\\/www.bellunopress.it\\\/#\\\/schema\\\/person\\\/79bb06722b37ece1c03d3e94beb30d73\",\"name\":\"redazione\",\"image\":{\"@type\":\"ImageObject\",\"inLanguage\":\"fr-FR\",\"@id\":\"https:\\\/\\\/secure.gravatar.com\\\/avatar\\\/37d968a2e67a6fd04c169c4bdef102d0bc5d31b2546345219e348575eb80e9a0?s=96&d=mm&r=g\",\"url\":\"https:\\\/\\\/secure.gravatar.com\\\/avatar\\\/37d968a2e67a6fd04c169c4bdef102d0bc5d31b2546345219e348575eb80e9a0?s=96&d=mm&r=g\",\"contentUrl\":\"https:\\\/\\\/secure.gravatar.com\\\/avatar\\\/37d968a2e67a6fd04c169c4bdef102d0bc5d31b2546345219e348575eb80e9a0?s=96&d=mm&r=g\",\"caption\":\"redazione\"},\"sameAs\":[\"http:\\\/\\\/www.bellunopress.it\",\"https:\\\/\\\/x.com\\\/bellunopress\"],\"url\":\"https:\\\/\\\/www.bellunopress.it\\\/fr\\\/author\\\/redazione\\\/\"}]}<\/script>\n<!-- \/ Yoast SEO plugin. -->","yoast_head_json":{"title":"Mercoled\u00ec a Feltre, l'omaggio a Paolo Tempera  - Bellunopress - Dolomiti","robots":{"index":"index","follow":"follow","max-snippet":"max-snippet:-1","max-image-preview":"max-image-preview:large","max-video-preview":"max-video-preview:-1"},"canonical":"https:\/\/www.bellunopress.it\/fr\/2012\/10\/28\/mercoledi-a-feltre-lomaggio-a-paolo-tempera\/","og_locale":"fr_FR","og_type":"article","og_title":"Mercoled\u00ec a Feltre, l'omaggio a Paolo Tempera  - Bellunopress - Dolomiti","og_description":"Mercoled\u00ec 31 ottobre alle 18, nell\u2019atrio della Comunit\u00e0 Montana Feltrina in Via Rizzarda 21, verr\u00e0 inaugurata la mostra &lt;&lt; Omaggio a Paolo Tempera. &gt;&gt; dedicata all\u2019allievo di Emilio Vedova scomparso improvvisamente lo scorso anno. Il critico d\u2019arte Antonella Alban e Paolo Rech presenteranno l\u2019esposizione con accompagnamento musicale a cura del responsabile del Centro di Salute [&hellip;]","og_url":"https:\/\/www.bellunopress.it\/fr\/2012\/10\/28\/mercoledi-a-feltre-lomaggio-a-paolo-tempera\/","og_site_name":"Bellunopress - Dolomiti","article_publisher":"https:\/\/www.facebook.com\/profile.php?id=100008943462799","article_published_time":"2012-10-28T20:20:26+00:00","article_modified_time":"2012-10-28T20:20:51+00:00","og_image":[{"url":"http:\/\/www.bellunopress.it\/wp-content\/uploads\/2012\/07\/logo-bellunopress-250x250-2012.jpg","type":"","width":"","height":""}],"author":"redazione","twitter_card":"summary_large_image","twitter_creator":"@bellunopress","twitter_site":"@bellunopress","twitter_misc":{"\u00c9crit par":"redazione","Dur\u00e9e de lecture estim\u00e9e":"2 minutes"},"schema":{"@context":"https:\/\/schema.org","@graph":[{"@type":"Article","@id":"https:\/\/www.bellunopress.it\/2012\/10\/28\/mercoledi-a-feltre-lomaggio-a-paolo-tempera\/#article","isPartOf":{"@id":"https:\/\/www.bellunopress.it\/2012\/10\/28\/mercoledi-a-feltre-lomaggio-a-paolo-tempera\/"},"author":{"name":"redazione","@id":"https:\/\/www.bellunopress.it\/#\/schema\/person\/79bb06722b37ece1c03d3e94beb30d73"},"headline":"Mercoled\u00ec a Feltre, l&#8217;omaggio a Paolo Tempera","datePublished":"2012-10-28T20:20:26+00:00","dateModified":"2012-10-28T20:20:51+00:00","mainEntityOfPage":{"@id":"https:\/\/www.bellunopress.it\/2012\/10\/28\/mercoledi-a-feltre-lomaggio-a-paolo-tempera\/"},"wordCount":445,"publisher":{"@id":"https:\/\/www.bellunopress.it\/#organization"},"articleSection":["Appuntamenti, Eventi","Arte, Cultura, Spettacoli, Scienza","Pausa Caff\u00e8"],"inLanguage":"fr-FR"},{"@type":"WebPage","@id":"https:\/\/www.bellunopress.it\/2012\/10\/28\/mercoledi-a-feltre-lomaggio-a-paolo-tempera\/","url":"https:\/\/www.bellunopress.it\/2012\/10\/28\/mercoledi-a-feltre-lomaggio-a-paolo-tempera\/","name":"Mercoled\u00ec a Feltre, l'omaggio a Paolo Tempera - Bellunopress - Dolomiti","isPartOf":{"@id":"https:\/\/www.bellunopress.it\/#website"},"datePublished":"2012-10-28T20:20:26+00:00","dateModified":"2012-10-28T20:20:51+00:00","breadcrumb":{"@id":"https:\/\/www.bellunopress.it\/2012\/10\/28\/mercoledi-a-feltre-lomaggio-a-paolo-tempera\/#breadcrumb"},"inLanguage":"fr-FR","potentialAction":[{"@type":"ReadAction","target":["https:\/\/www.bellunopress.it\/2012\/10\/28\/mercoledi-a-feltre-lomaggio-a-paolo-tempera\/"]}]},{"@type":"BreadcrumbList","@id":"https:\/\/www.bellunopress.it\/2012\/10\/28\/mercoledi-a-feltre-lomaggio-a-paolo-tempera\/#breadcrumb","itemListElement":[{"@type":"ListItem","position":1,"name":"Home","item":"https:\/\/www.bellunopress.it\/"},{"@type":"ListItem","position":2,"name":"Mercoled\u00ec a Feltre, l&#8217;omaggio a Paolo Tempera"}]},{"@type":"WebSite","@id":"https:\/\/www.bellunopress.it\/#website","url":"https:\/\/www.bellunopress.it\/","name":"Bellunopress - Dolomiti","description":"e-mail: redazione@bellunopress.it","publisher":{"@id":"https:\/\/www.bellunopress.it\/#organization"},"potentialAction":[{"@type":"SearchAction","target":{"@type":"EntryPoint","urlTemplate":"https:\/\/www.bellunopress.it\/?s={search_term_string}"},"query-input":{"@type":"PropertyValueSpecification","valueRequired":true,"valueName":"search_term_string"}}],"inLanguage":"fr-FR"},{"@type":"Organization","@id":"https:\/\/www.bellunopress.it\/#organization","name":"Bellunopress","url":"https:\/\/www.bellunopress.it\/","logo":{"@type":"ImageObject","inLanguage":"fr-FR","@id":"https:\/\/www.bellunopress.it\/#\/schema\/logo\/image\/","url":"https:\/\/www.bellunopress.it\/wp-content\/uploads\/2011\/05\/cropped-logo-bellunopress-.jpg","contentUrl":"https:\/\/www.bellunopress.it\/wp-content\/uploads\/2011\/05\/cropped-logo-bellunopress-.jpg","width":512,"height":512,"caption":"Bellunopress"},"image":{"@id":"https:\/\/www.bellunopress.it\/#\/schema\/logo\/image\/"},"sameAs":["https:\/\/www.facebook.com\/profile.php?id=100008943462799","https:\/\/x.com\/bellunopress","https:\/\/www.linkedin.com\/hp\/?dnr=JBzUWaJfMUw8vbXJJ2tVW5-I3jZKvC4wsoxE&amp;amp;amp;amp;amp;amp;trk=nav_responsive_tab_home","https:\/\/www.youtube.com\/channel\/UCxL0wu1uN0_3_7hGG0306cw"]},{"@type":"Person","@id":"https:\/\/www.bellunopress.it\/#\/schema\/person\/79bb06722b37ece1c03d3e94beb30d73","name":"r\u00e9daction","image":{"@type":"ImageObject","inLanguage":"fr-FR","@id":"https:\/\/secure.gravatar.com\/avatar\/37d968a2e67a6fd04c169c4bdef102d0bc5d31b2546345219e348575eb80e9a0?s=96&d=mm&r=g","url":"https:\/\/secure.gravatar.com\/avatar\/37d968a2e67a6fd04c169c4bdef102d0bc5d31b2546345219e348575eb80e9a0?s=96&d=mm&r=g","contentUrl":"https:\/\/secure.gravatar.com\/avatar\/37d968a2e67a6fd04c169c4bdef102d0bc5d31b2546345219e348575eb80e9a0?s=96&d=mm&r=g","caption":"redazione"},"sameAs":["http:\/\/www.bellunopress.it","https:\/\/x.com\/bellunopress"],"url":"https:\/\/www.bellunopress.it\/fr\/author\/redazione\/"}]}},"_links":{"self":[{"href":"https:\/\/www.bellunopress.it\/fr\/wp-json\/wp\/v2\/posts\/43432","targetHints":{"allow":["GET"]}}],"collection":[{"href":"https:\/\/www.bellunopress.it\/fr\/wp-json\/wp\/v2\/posts"}],"about":[{"href":"https:\/\/www.bellunopress.it\/fr\/wp-json\/wp\/v2\/types\/post"}],"author":[{"embeddable":true,"href":"https:\/\/www.bellunopress.it\/fr\/wp-json\/wp\/v2\/users\/2"}],"replies":[{"embeddable":true,"href":"https:\/\/www.bellunopress.it\/fr\/wp-json\/wp\/v2\/comments?post=43432"}],"version-history":[{"count":2,"href":"https:\/\/www.bellunopress.it\/fr\/wp-json\/wp\/v2\/posts\/43432\/revisions"}],"predecessor-version":[{"id":43434,"href":"https:\/\/www.bellunopress.it\/fr\/wp-json\/wp\/v2\/posts\/43432\/revisions\/43434"}],"wp:attachment":[{"href":"https:\/\/www.bellunopress.it\/fr\/wp-json\/wp\/v2\/media?parent=43432"}],"wp:term":[{"taxonomy":"category","embeddable":true,"href":"https:\/\/www.bellunopress.it\/fr\/wp-json\/wp\/v2\/categories?post=43432"},{"taxonomy":"post_tag","embeddable":true,"href":"https:\/\/www.bellunopress.it\/fr\/wp-json\/wp\/v2\/tags?post=43432"}],"curies":[{"name":"wp","href":"https:\/\/api.w.org\/{rel}","templated":true}]}}