{"id":43425,"date":"2012-10-28T20:45:15","date_gmt":"2012-10-28T19:45:15","guid":{"rendered":"http:\/\/www.bellunopress.it\/?p=43425"},"modified":"2012-10-28T20:45:39","modified_gmt":"2012-10-28T19:45:39","slug":"il-belluno-sconfitto-di-misura-a-pordenone","status":"publish","type":"post","link":"https:\/\/www.bellunopress.it\/fr\/2012\/10\/28\/il-belluno-sconfitto-di-misura-a-pordenone\/","title":{"rendered":"Il Belluno sconfitto di misura a Pordenone"},"content":{"rendered":"<p><img loading=\"lazy\" decoding=\"async\" class=\"alignleft size-full wp-image-41719\" title=\"Calcio belluno\" src=\"http:\/\/www.bellunopress.it\/wp-content\/uploads\/2012\/09\/Calcio-belluno.jpg\" alt=\"\" width=\"190\" height=\"54\" \/>L\u2019A.C. Belluno 1905 esce sconfitto per 3-2 contro la capolista Pordenone. La squadra gialloblu ha chiuso il primo tempo sotto di 3 gol ma nella ripresa c\u2019\u00e8 stata la reazione del Belluno che ha accorciato le distanze con Radrezza e Corbanese ma non \u00e8 riuscita a completare la rimonta. Parte Parte subito forte la squadra di casa e al 4\u2019 \u00e8 gi\u00e0 in vantaggio grazie a Zubin che da posizione defilata sorprende Rossetto sul primo palo. Passano solo 5\u2019 e il Pordenone raddoppia. Percussione centrale di Lavagnoli che prova il tiro dalla distanza e insacca il 2-0 per la squadra nero-verde. Al 43\u2019 arriva il terzo gol del Pordenone ancora con Lavagnoli che si presenta davanti a Rossetto e lo supera con un potente tiro. Il Belluno nella ripresa spinge per cercare di accorciare le distanze. Il gol arriva al 81\u2019 con Radrezza, abile a respingere in rete una respinta del portiere nero-verde. Al 86\u2019 Corbanese accorcia ancora le distanze con un gol su mischia. Il Belluno a questo punto ci crede e si getta in avanti alla ricerca del pareggio ma dopo 4\u2019 di recupero l\u2019arbitro decreta la fine della partita. Si interrompe cos\u00ec la striscia di risultati utili per la squadra di Raschi, che nelle ultime 4 partite aveva totalizzato 10 punti. Il Belluno potr\u00e0 per\u00f2 gi\u00e0 riscattarsi nel turno infrasettimanale, gioved\u00ec al \u201cPolisportivo\u201d contro il San Don\u00e0-Jesolo.<\/p>\n<p>Marcatori: 4\u2019pt Zubin, 9\u2019 e 43\u2019pt Lavagnoli, 81\u2019st Radrezza, 86\u2019st Corbanese<\/p>\n<p>A.C Belluno 1905: 1. Rossetto, 2. Brichese, 3. Gallonetto, 4. Acka (75\u2019st De Filippo), 5. Brustolon, 6. Sommacal, 7. Moretti (60\u2019st Ackon) , 8. Furlan (35\u2019pt Masoch), 9. Corbanese, 10. Radrezza, 11. Duravia<\/p>\n<p>A disposizione: Solagna, Simonetti, Padovan, Reato<\/p>\n<p>Allenatore: Roberto Raschi<\/p>\n<p>Pordenone: 1. Truant, 2. Bianchi, 3. Zilli, 4. Zlogar, 5. Zamuner, 6. Sambo, 7. Lavagnoli, 8. Nichele (55\u2019st Lestani), 9. Zubin (75\u2019st Sessolo), 10. Buttignaschi (63\u2019st Nastri), 11. Lucchini<\/p>\n<p>A disposizione: Benedetti, Sartori, Cuberli, Bounafaa<\/p>\n<p>Allenatore: Giovanni Soncin<\/p>\n<p>Arbitro: Castello<\/p>\n<p>1\u00b0Assistente: Saccotelli<\/p>\n<p>2\u00b0Assistente: Cozzella<\/p>\n<p>Ammoniti: Buttignaschi, Duravia, Masoch, Bianchi, Gallonetto<\/p>\n<p>Recupero: 3\u2019 pt, 4\u2019 st<\/p>\n<p>&nbsp;<\/p>\n<p>VOCE DAGLI SPOGLIATOI<\/p>\n<p>Raschi: \u201cEravamo quasi riusciti a pareggiarla questa partita,\u201d spiega mister Raschi a fine gara. \u201cPurtroppo il nostro \u00e8 stato un inizio da incubo con 2 gol presi nei primi 10 minuti di gioco. Contro una squadra cos\u00ec forte non si pu\u00f2 sbagliare niente ma nonostante questi due gol subiti abbiamo cercato di reagire. Loro poi hanno addirittura fatto il terzo gol e abbiamo chiuso il primo tempo sul 3-0. Mi \u00e8 piaciuta molto la reazione che abbiamo avuto nel secondo tempo. I ragazzi non si sono arresi e hanno continuato a lottare fino alla fine. Siamo riusciti quasi a pareggiare la partita e sono sicuro che se il match fosse durato ancora qualche minuto forse ci saremmo riusciti. Gioved\u00ec ci aspetta un match importante contro una squadra che ci precede solo di 1 punto in classifica e cercheremo subito di riscattarci da questa sconfitta.&#8221;<\/p>","protected":false},"excerpt":{"rendered":"<p>L\u2019A.C. Belluno 1905 esce sconfitto per 3-2 contro la capolista Pordenone. La squadra gialloblu ha chiuso il primo tempo sotto di 3 gol ma nella ripresa c\u2019\u00e8 stata la reazione del Belluno che ha accorciato le distanze con Radrezza e Corbanese ma non \u00e8 riuscita a completare la rimonta. Parte Parte subito forte la squadra [&hellip;]<\/p>\n","protected":false},"author":2,"featured_media":0,"comment_status":"closed","ping_status":"open","sticky":false,"template":"","format":"standard","meta":{"footnotes":""},"categories":[26,4],"tags":[],"class_list":["post-43425","post","type-post","status-publish","format-standard","category-prima-pagina","category-sport"],"yoast_head":"<!-- This site is optimized with the Yoast SEO plugin v28.4 - https:\/\/yoast.com\/product\/yoast-seo-wordpress\/ -->\n<title>Il Belluno sconfitto di misura a Pordenone - Bellunopress - Dolomiti<\/title>\n<meta name=\"robots\" content=\"index, follow, max-snippet:-1, max-image-preview:large, max-video-preview:-1\" \/>\n<link rel=\"canonical\" href=\"https:\/\/www.bellunopress.it\/fr\/2012\/10\/28\/il-belluno-sconfitto-di-misura-a-pordenone\/\" \/>\n<meta property=\"og:locale\" content=\"fr_FR\" \/>\n<meta property=\"og:type\" content=\"article\" \/>\n<meta property=\"og:title\" content=\"Il Belluno sconfitto di misura a Pordenone - Bellunopress - Dolomiti\" \/>\n<meta property=\"og:description\" content=\"L\u2019A.C. Belluno 1905 esce sconfitto per 3-2 contro la capolista Pordenone. La squadra gialloblu ha chiuso il primo tempo sotto di 3 gol ma nella ripresa c\u2019\u00e8 stata la reazione del Belluno che ha accorciato le distanze con Radrezza e Corbanese ma non \u00e8 riuscita a completare la rimonta. Parte Parte subito forte la squadra [&hellip;]\" \/>\n<meta property=\"og:url\" content=\"https:\/\/www.bellunopress.it\/fr\/2012\/10\/28\/il-belluno-sconfitto-di-misura-a-pordenone\/\" \/>\n<meta property=\"og:site_name\" content=\"Bellunopress - Dolomiti\" \/>\n<meta property=\"article:publisher\" content=\"https:\/\/www.facebook.com\/profile.php?id=100008943462799\" \/>\n<meta property=\"article:published_time\" content=\"2012-10-28T19:45:15+00:00\" \/>\n<meta property=\"article:modified_time\" content=\"2012-10-28T19:45:39+00:00\" \/>\n<meta property=\"og:image\" content=\"http:\/\/www.bellunopress.it\/wp-content\/uploads\/2012\/09\/Calcio-belluno.jpg\" \/>\n<meta name=\"author\" content=\"redazione\" \/>\n<meta name=\"twitter:card\" content=\"summary_large_image\" \/>\n<meta name=\"twitter:creator\" content=\"@bellunopress\" \/>\n<meta name=\"twitter:site\" content=\"@bellunopress\" \/>\n<meta name=\"twitter:label1\" content=\"\u00c9crit par\" \/>\n\t<meta name=\"twitter:data1\" content=\"redazione\" \/>\n\t<meta name=\"twitter:label2\" content=\"Dur\u00e9e de lecture estim\u00e9e\" \/>\n\t<meta name=\"twitter:data2\" content=\"2 minutes\" \/>\n<script type=\"application\/ld+json\" class=\"yoast-schema-graph\">{\"@context\":\"https:\\\/\\\/schema.org\",\"@graph\":[{\"@type\":\"Article\",\"@id\":\"https:\\\/\\\/www.bellunopress.it\\\/2012\\\/10\\\/28\\\/il-belluno-sconfitto-di-misura-a-pordenone\\\/#article\",\"isPartOf\":{\"@id\":\"https:\\\/\\\/www.bellunopress.it\\\/2012\\\/10\\\/28\\\/il-belluno-sconfitto-di-misura-a-pordenone\\\/\"},\"author\":{\"name\":\"redazione\",\"@id\":\"https:\\\/\\\/www.bellunopress.it\\\/#\\\/schema\\\/person\\\/79bb06722b37ece1c03d3e94beb30d73\"},\"headline\":\"Il Belluno sconfitto di misura a Pordenone\",\"datePublished\":\"2012-10-28T19:45:15+00:00\",\"dateModified\":\"2012-10-28T19:45:39+00:00\",\"mainEntityOfPage\":{\"@id\":\"https:\\\/\\\/www.bellunopress.it\\\/2012\\\/10\\\/28\\\/il-belluno-sconfitto-di-misura-a-pordenone\\\/\"},\"wordCount\":454,\"publisher\":{\"@id\":\"https:\\\/\\\/www.bellunopress.it\\\/#organization\"},\"image\":{\"@id\":\"https:\\\/\\\/www.bellunopress.it\\\/2012\\\/10\\\/28\\\/il-belluno-sconfitto-di-misura-a-pordenone\\\/#primaryimage\"},\"thumbnailUrl\":\"http:\\\/\\\/www.bellunopress.it\\\/wp-content\\\/uploads\\\/2012\\\/09\\\/Calcio-belluno.jpg\",\"articleSection\":[\"Prima Pagina\",\"Sport, tempo libero\"],\"inLanguage\":\"fr-FR\"},{\"@type\":\"WebPage\",\"@id\":\"https:\\\/\\\/www.bellunopress.it\\\/2012\\\/10\\\/28\\\/il-belluno-sconfitto-di-misura-a-pordenone\\\/\",\"url\":\"https:\\\/\\\/www.bellunopress.it\\\/2012\\\/10\\\/28\\\/il-belluno-sconfitto-di-misura-a-pordenone\\\/\",\"name\":\"Il Belluno sconfitto di misura a Pordenone - Bellunopress - Dolomiti\",\"isPartOf\":{\"@id\":\"https:\\\/\\\/www.bellunopress.it\\\/#website\"},\"primaryImageOfPage\":{\"@id\":\"https:\\\/\\\/www.bellunopress.it\\\/2012\\\/10\\\/28\\\/il-belluno-sconfitto-di-misura-a-pordenone\\\/#primaryimage\"},\"image\":{\"@id\":\"https:\\\/\\\/www.bellunopress.it\\\/2012\\\/10\\\/28\\\/il-belluno-sconfitto-di-misura-a-pordenone\\\/#primaryimage\"},\"thumbnailUrl\":\"http:\\\/\\\/www.bellunopress.it\\\/wp-content\\\/uploads\\\/2012\\\/09\\\/Calcio-belluno.jpg\",\"datePublished\":\"2012-10-28T19:45:15+00:00\",\"dateModified\":\"2012-10-28T19:45:39+00:00\",\"breadcrumb\":{\"@id\":\"https:\\\/\\\/www.bellunopress.it\\\/2012\\\/10\\\/28\\\/il-belluno-sconfitto-di-misura-a-pordenone\\\/#breadcrumb\"},\"inLanguage\":\"fr-FR\",\"potentialAction\":[{\"@type\":\"ReadAction\",\"target\":[\"https:\\\/\\\/www.bellunopress.it\\\/2012\\\/10\\\/28\\\/il-belluno-sconfitto-di-misura-a-pordenone\\\/\"]}]},{\"@type\":\"ImageObject\",\"inLanguage\":\"fr-FR\",\"@id\":\"https:\\\/\\\/www.bellunopress.it\\\/2012\\\/10\\\/28\\\/il-belluno-sconfitto-di-misura-a-pordenone\\\/#primaryimage\",\"url\":\"http:\\\/\\\/www.bellunopress.it\\\/wp-content\\\/uploads\\\/2012\\\/09\\\/Calcio-belluno.jpg\",\"contentUrl\":\"http:\\\/\\\/www.bellunopress.it\\\/wp-content\\\/uploads\\\/2012\\\/09\\\/Calcio-belluno.jpg\"},{\"@type\":\"BreadcrumbList\",\"@id\":\"https:\\\/\\\/www.bellunopress.it\\\/2012\\\/10\\\/28\\\/il-belluno-sconfitto-di-misura-a-pordenone\\\/#breadcrumb\",\"itemListElement\":[{\"@type\":\"ListItem\",\"position\":1,\"name\":\"Home\",\"item\":\"https:\\\/\\\/www.bellunopress.it\\\/\"},{\"@type\":\"ListItem\",\"position\":2,\"name\":\"Il Belluno sconfitto di misura a Pordenone\"}]},{\"@type\":\"WebSite\",\"@id\":\"https:\\\/\\\/www.bellunopress.it\\\/#website\",\"url\":\"https:\\\/\\\/www.bellunopress.it\\\/\",\"name\":\"Bellunopress - Dolomiti\",\"description\":\"e-mail: redazione@bellunopress.it\",\"publisher\":{\"@id\":\"https:\\\/\\\/www.bellunopress.it\\\/#organization\"},\"potentialAction\":[{\"@type\":\"SearchAction\",\"target\":{\"@type\":\"EntryPoint\",\"urlTemplate\":\"https:\\\/\\\/www.bellunopress.it\\\/?s={search_term_string}\"},\"query-input\":{\"@type\":\"PropertyValueSpecification\",\"valueRequired\":true,\"valueName\":\"search_term_string\"}}],\"inLanguage\":\"fr-FR\"},{\"@type\":\"Organization\",\"@id\":\"https:\\\/\\\/www.bellunopress.it\\\/#organization\",\"name\":\"Bellunopress\",\"url\":\"https:\\\/\\\/www.bellunopress.it\\\/\",\"logo\":{\"@type\":\"ImageObject\",\"inLanguage\":\"fr-FR\",\"@id\":\"https:\\\/\\\/www.bellunopress.it\\\/#\\\/schema\\\/logo\\\/image\\\/\",\"url\":\"https:\\\/\\\/www.bellunopress.it\\\/wp-content\\\/uploads\\\/2011\\\/05\\\/cropped-logo-bellunopress-.jpg\",\"contentUrl\":\"https:\\\/\\\/www.bellunopress.it\\\/wp-content\\\/uploads\\\/2011\\\/05\\\/cropped-logo-bellunopress-.jpg\",\"width\":512,\"height\":512,\"caption\":\"Bellunopress\"},\"image\":{\"@id\":\"https:\\\/\\\/www.bellunopress.it\\\/#\\\/schema\\\/logo\\\/image\\\/\"},\"sameAs\":[\"https:\\\/\\\/www.facebook.com\\\/profile.php?id=100008943462799\",\"https:\\\/\\\/x.com\\\/bellunopress\",\"https:\\\/\\\/www.linkedin.com\\\/hp\\\/?dnr=JBzUWaJfMUw8vbXJJ2tVW5-I3jZKvC4wsoxE&amp;amp;amp;amp;amp;amp;trk=nav_responsive_tab_home\",\"https:\\\/\\\/www.youtube.com\\\/channel\\\/UCxL0wu1uN0_3_7hGG0306cw\"]},{\"@type\":\"Person\",\"@id\":\"https:\\\/\\\/www.bellunopress.it\\\/#\\\/schema\\\/person\\\/79bb06722b37ece1c03d3e94beb30d73\",\"name\":\"redazione\",\"image\":{\"@type\":\"ImageObject\",\"inLanguage\":\"fr-FR\",\"@id\":\"https:\\\/\\\/secure.gravatar.com\\\/avatar\\\/37d968a2e67a6fd04c169c4bdef102d0bc5d31b2546345219e348575eb80e9a0?s=96&d=mm&r=g\",\"url\":\"https:\\\/\\\/secure.gravatar.com\\\/avatar\\\/37d968a2e67a6fd04c169c4bdef102d0bc5d31b2546345219e348575eb80e9a0?s=96&d=mm&r=g\",\"contentUrl\":\"https:\\\/\\\/secure.gravatar.com\\\/avatar\\\/37d968a2e67a6fd04c169c4bdef102d0bc5d31b2546345219e348575eb80e9a0?s=96&d=mm&r=g\",\"caption\":\"redazione\"},\"sameAs\":[\"http:\\\/\\\/www.bellunopress.it\",\"https:\\\/\\\/x.com\\\/bellunopress\"],\"url\":\"https:\\\/\\\/www.bellunopress.it\\\/fr\\\/author\\\/redazione\\\/\"}]}<\/script>\n<!-- \/ Yoast SEO plugin. -->","yoast_head_json":{"title":"Il Belluno sconfitto di misura a Pordenone - Bellunopress - Dolomiti","robots":{"index":"index","follow":"follow","max-snippet":"max-snippet:-1","max-image-preview":"max-image-preview:large","max-video-preview":"max-video-preview:-1"},"canonical":"https:\/\/www.bellunopress.it\/fr\/2012\/10\/28\/il-belluno-sconfitto-di-misura-a-pordenone\/","og_locale":"fr_FR","og_type":"article","og_title":"Il Belluno sconfitto di misura a Pordenone - Bellunopress - Dolomiti","og_description":"L\u2019A.C. Belluno 1905 esce sconfitto per 3-2 contro la capolista Pordenone. La squadra gialloblu ha chiuso il primo tempo sotto di 3 gol ma nella ripresa c\u2019\u00e8 stata la reazione del Belluno che ha accorciato le distanze con Radrezza e Corbanese ma non \u00e8 riuscita a completare la rimonta. Parte Parte subito forte la squadra [&hellip;]","og_url":"https:\/\/www.bellunopress.it\/fr\/2012\/10\/28\/il-belluno-sconfitto-di-misura-a-pordenone\/","og_site_name":"Bellunopress - Dolomiti","article_publisher":"https:\/\/www.facebook.com\/profile.php?id=100008943462799","article_published_time":"2012-10-28T19:45:15+00:00","article_modified_time":"2012-10-28T19:45:39+00:00","og_image":[{"url":"http:\/\/www.bellunopress.it\/wp-content\/uploads\/2012\/09\/Calcio-belluno.jpg","type":"","width":"","height":""}],"author":"redazione","twitter_card":"summary_large_image","twitter_creator":"@bellunopress","twitter_site":"@bellunopress","twitter_misc":{"\u00c9crit par":"redazione","Dur\u00e9e de lecture estim\u00e9e":"2 minutes"},"schema":{"@context":"https:\/\/schema.org","@graph":[{"@type":"Article","@id":"https:\/\/www.bellunopress.it\/2012\/10\/28\/il-belluno-sconfitto-di-misura-a-pordenone\/#article","isPartOf":{"@id":"https:\/\/www.bellunopress.it\/2012\/10\/28\/il-belluno-sconfitto-di-misura-a-pordenone\/"},"author":{"name":"redazione","@id":"https:\/\/www.bellunopress.it\/#\/schema\/person\/79bb06722b37ece1c03d3e94beb30d73"},"headline":"Il Belluno sconfitto di misura a Pordenone","datePublished":"2012-10-28T19:45:15+00:00","dateModified":"2012-10-28T19:45:39+00:00","mainEntityOfPage":{"@id":"https:\/\/www.bellunopress.it\/2012\/10\/28\/il-belluno-sconfitto-di-misura-a-pordenone\/"},"wordCount":454,"publisher":{"@id":"https:\/\/www.bellunopress.it\/#organization"},"image":{"@id":"https:\/\/www.bellunopress.it\/2012\/10\/28\/il-belluno-sconfitto-di-misura-a-pordenone\/#primaryimage"},"thumbnailUrl":"http:\/\/www.bellunopress.it\/wp-content\/uploads\/2012\/09\/Calcio-belluno.jpg","articleSection":["Prima Pagina","Sport, tempo libero"],"inLanguage":"fr-FR"},{"@type":"WebPage","@id":"https:\/\/www.bellunopress.it\/2012\/10\/28\/il-belluno-sconfitto-di-misura-a-pordenone\/","url":"https:\/\/www.bellunopress.it\/2012\/10\/28\/il-belluno-sconfitto-di-misura-a-pordenone\/","name":"Il Belluno sconfitto di misura a Pordenone - Bellunopress - Dolomiti","isPartOf":{"@id":"https:\/\/www.bellunopress.it\/#website"},"primaryImageOfPage":{"@id":"https:\/\/www.bellunopress.it\/2012\/10\/28\/il-belluno-sconfitto-di-misura-a-pordenone\/#primaryimage"},"image":{"@id":"https:\/\/www.bellunopress.it\/2012\/10\/28\/il-belluno-sconfitto-di-misura-a-pordenone\/#primaryimage"},"thumbnailUrl":"http:\/\/www.bellunopress.it\/wp-content\/uploads\/2012\/09\/Calcio-belluno.jpg","datePublished":"2012-10-28T19:45:15+00:00","dateModified":"2012-10-28T19:45:39+00:00","breadcrumb":{"@id":"https:\/\/www.bellunopress.it\/2012\/10\/28\/il-belluno-sconfitto-di-misura-a-pordenone\/#breadcrumb"},"inLanguage":"fr-FR","potentialAction":[{"@type":"ReadAction","target":["https:\/\/www.bellunopress.it\/2012\/10\/28\/il-belluno-sconfitto-di-misura-a-pordenone\/"]}]},{"@type":"ImageObject","inLanguage":"fr-FR","@id":"https:\/\/www.bellunopress.it\/2012\/10\/28\/il-belluno-sconfitto-di-misura-a-pordenone\/#primaryimage","url":"http:\/\/www.bellunopress.it\/wp-content\/uploads\/2012\/09\/Calcio-belluno.jpg","contentUrl":"http:\/\/www.bellunopress.it\/wp-content\/uploads\/2012\/09\/Calcio-belluno.jpg"},{"@type":"BreadcrumbList","@id":"https:\/\/www.bellunopress.it\/2012\/10\/28\/il-belluno-sconfitto-di-misura-a-pordenone\/#breadcrumb","itemListElement":[{"@type":"ListItem","position":1,"name":"Home","item":"https:\/\/www.bellunopress.it\/"},{"@type":"ListItem","position":2,"name":"Il Belluno sconfitto di misura a Pordenone"}]},{"@type":"WebSite","@id":"https:\/\/www.bellunopress.it\/#website","url":"https:\/\/www.bellunopress.it\/","name":"Bellunopress - Dolomiti","description":"e-mail: redazione@bellunopress.it","publisher":{"@id":"https:\/\/www.bellunopress.it\/#organization"},"potentialAction":[{"@type":"SearchAction","target":{"@type":"EntryPoint","urlTemplate":"https:\/\/www.bellunopress.it\/?s={search_term_string}"},"query-input":{"@type":"PropertyValueSpecification","valueRequired":true,"valueName":"search_term_string"}}],"inLanguage":"fr-FR"},{"@type":"Organization","@id":"https:\/\/www.bellunopress.it\/#organization","name":"Bellunopress","url":"https:\/\/www.bellunopress.it\/","logo":{"@type":"ImageObject","inLanguage":"fr-FR","@id":"https:\/\/www.bellunopress.it\/#\/schema\/logo\/image\/","url":"https:\/\/www.bellunopress.it\/wp-content\/uploads\/2011\/05\/cropped-logo-bellunopress-.jpg","contentUrl":"https:\/\/www.bellunopress.it\/wp-content\/uploads\/2011\/05\/cropped-logo-bellunopress-.jpg","width":512,"height":512,"caption":"Bellunopress"},"image":{"@id":"https:\/\/www.bellunopress.it\/#\/schema\/logo\/image\/"},"sameAs":["https:\/\/www.facebook.com\/profile.php?id=100008943462799","https:\/\/x.com\/bellunopress","https:\/\/www.linkedin.com\/hp\/?dnr=JBzUWaJfMUw8vbXJJ2tVW5-I3jZKvC4wsoxE&amp;amp;amp;amp;amp;amp;trk=nav_responsive_tab_home","https:\/\/www.youtube.com\/channel\/UCxL0wu1uN0_3_7hGG0306cw"]},{"@type":"Person","@id":"https:\/\/www.bellunopress.it\/#\/schema\/person\/79bb06722b37ece1c03d3e94beb30d73","name":"r\u00e9daction","image":{"@type":"ImageObject","inLanguage":"fr-FR","@id":"https:\/\/secure.gravatar.com\/avatar\/37d968a2e67a6fd04c169c4bdef102d0bc5d31b2546345219e348575eb80e9a0?s=96&d=mm&r=g","url":"https:\/\/secure.gravatar.com\/avatar\/37d968a2e67a6fd04c169c4bdef102d0bc5d31b2546345219e348575eb80e9a0?s=96&d=mm&r=g","contentUrl":"https:\/\/secure.gravatar.com\/avatar\/37d968a2e67a6fd04c169c4bdef102d0bc5d31b2546345219e348575eb80e9a0?s=96&d=mm&r=g","caption":"redazione"},"sameAs":["http:\/\/www.bellunopress.it","https:\/\/x.com\/bellunopress"],"url":"https:\/\/www.bellunopress.it\/fr\/author\/redazione\/"}]}},"_links":{"self":[{"href":"https:\/\/www.bellunopress.it\/fr\/wp-json\/wp\/v2\/posts\/43425","targetHints":{"allow":["GET"]}}],"collection":[{"href":"https:\/\/www.bellunopress.it\/fr\/wp-json\/wp\/v2\/posts"}],"about":[{"href":"https:\/\/www.bellunopress.it\/fr\/wp-json\/wp\/v2\/types\/post"}],"author":[{"embeddable":true,"href":"https:\/\/www.bellunopress.it\/fr\/wp-json\/wp\/v2\/users\/2"}],"replies":[{"embeddable":true,"href":"https:\/\/www.bellunopress.it\/fr\/wp-json\/wp\/v2\/comments?post=43425"}],"version-history":[{"count":2,"href":"https:\/\/www.bellunopress.it\/fr\/wp-json\/wp\/v2\/posts\/43425\/revisions"}],"predecessor-version":[{"id":43427,"href":"https:\/\/www.bellunopress.it\/fr\/wp-json\/wp\/v2\/posts\/43425\/revisions\/43427"}],"wp:attachment":[{"href":"https:\/\/www.bellunopress.it\/fr\/wp-json\/wp\/v2\/media?parent=43425"}],"wp:term":[{"taxonomy":"category","embeddable":true,"href":"https:\/\/www.bellunopress.it\/fr\/wp-json\/wp\/v2\/categories?post=43425"},{"taxonomy":"post_tag","embeddable":true,"href":"https:\/\/www.bellunopress.it\/fr\/wp-json\/wp\/v2\/tags?post=43425"}],"curies":[{"name":"wp","href":"https:\/\/api.w.org\/{rel}","templated":true}]}}