{"id":43413,"date":"2012-10-27T23:27:17","date_gmt":"2012-10-27T22:27:17","guid":{"rendered":"http:\/\/www.bellunopress.it\/?p=43413"},"modified":"2012-10-27T23:27:17","modified_gmt":"2012-10-27T22:27:17","slug":"in-vetrina-larredamento-di-montagna-arredamont-il-cuore-e-la-passione-nel-mobile-dartigianato","status":"publish","type":"post","link":"https:\/\/www.bellunopress.it\/fr\/2012\/10\/27\/in-vetrina-larredamento-di-montagna-arredamont-il-cuore-e-la-passione-nel-mobile-dartigianato\/","title":{"rendered":"In vetrina l\u2019arredamento di montagna. Arredamont: il cuore e la passione nel mobile d\u2019artigianato"},"content":{"rendered":"<p><a href=\"http:\/\/www.bellunopress.it\/wp-content\/uploads\/2010\/11\/arredamont-longarone-300x225.jpg\"><img loading=\"lazy\" decoding=\"async\" class=\"alignleft size-full wp-image-20715\" title=\"arredamont-longarone-300x225\" src=\"http:\/\/www.bellunopress.it\/wp-content\/uploads\/2010\/11\/arredamont-longarone-300x225.jpg\" alt=\"\" width=\"300\" height=\"225\" \/><\/a>Aperta nel segno della \u201cmateria prima legno\u201d la 35^ edizione di Arredamont a Longarone Fiere Dolomiti: \u00e8 stato il Presidente di Federlegno Arredo Roberto Snaidero a tagliare il nastro di inaugurazione, insieme con il Prefetto di Belluno Maria Laura Simonetti e il Presidente di Longarone Fiere Oscar De Bona. Un\u2019edizione, quella che rimarr\u00e0 aperta fino a domenica 4 novembre, che conferma i livelli delle precedenti edizioni: oltre 230 i marchi presenti in fiera, provenienti da 8 regioni italiane e da 4 Paesi esteri, con l\u2019aspettativa di confermare i circa 40.000 visitatori fatti segnare lo scorso anno.<\/p>\n<p>Forte la sintonia che i brevi discorsi di saluto dei Presidenti Snaidero e De Bona hanno evidenziato: Federlegno Arredo, una delle pi\u00f9 significative Associazioni di Categoria di Confindustria, di cui Snaidero \u00e8 presidente per il secondo mandato, sta guardando infatti con molta attenzione a tutto ci\u00f2 che significa la rivalutazione della materia prima legno. \u201cMio padre era falegname \u2013 ha ricordato infatti Roberto Snaidero \u2013 e mi ha insegnato l\u2019amore per il legno fin da piccolo. E noi in Associazione stiamo riservando a questa materia un rispetto e un interesse molto preciso: non posso che guardare con favore e attenzione a manifestazioni come \u201cArredamont\u201d, che peraltro conosco bene, perch\u00e9 ci vedono in forte sintonia nell\u2019obiettivo sia di valorizzare il legno che anche di recuperare il patrimonio boschivo dei nostri territori, una risorsa che non possiamo permetterci di trascurare. Non dimentichiamo che oggi uno dei pochi settori della nostra filiera, se non l\u2019unico, che sta segnando punti in positivo \u00e8 quello delle costruzioni in legno, che sta crescendo di oltre il 15% rispetto allo scorso anno\u201d.<\/p>\n<p>E di costruzioni in legno si \u00e8 parlato in fiera in occasione del primo convegno del programma di Arredamont 2012: \u201cMontagna Futura: legno antico, nuovo abitare\u201d, organizzato dalla Fondazione Centro Studi Transfrontaliero del Comelico e Sappada. Di fronte a una Sala Congressi al completo, ne hanno discusso gli architetti Daniele Ganz, Agostino Hirschstein ed Emanuela Mosena, mentre Guido Moretti ha illustrato le tecniche di recupero delle costruzioni in legno e Franco Alberti della Direzione Urbanistica e Paesaggio della Regione del Veneto ha concluso sulle politiche regionali di sviluppo del settore.<\/p>\n<p>\u201cPer tutta la settimana \u2013 ha chiosato oscar De Bona all\u2019inaugurazione \u2013 il nostro Quartiere Fieristico sar\u00e0 la sede della pi\u00f9 importante manifestazione italiana dell\u2019arredamento di montagna. Quest\u2019anno in particolare le nostre aziende artigiane mettono in mostra il cuore e la passione che sanno trasferire nei loro mobili, nell\u2019oggettistica, nei complementi. Legno ma anche pietra e metallo sono i materiali sui quali punta l\u2019attenzione Arredamont, per far emergere la sua vocazione fieristica e il valore aggiunto del lavoro delle aziende presenti: Longarone Fiere Dolomiti ha chiaro l\u2019obiettivo della valorizzazione del comparto del mobile e del complemento d&#8217;arredo per case di montagna, e cerchiamo di raggiungerlo attivando delle collaborazioni mirate con protagonisti del territorio: quest\u2019anno presentiamo in Fiera quelle aperte con Cortina Style, con l\u2019associazione dei Giovani Architetti Bellunesi, con l\u2019Appia e l\u2019Istituto d\u2019Arte di Cortina\u201d.<\/p>\n<p>Arredamont rimarr\u00e0 aperta fino a domenica 4 novembre: nei festivi dalle 10 alle 20, mentre nei giorni feriali (incluso venerdi 2 novembre) l\u2019apertura \u00e8 solo pomeridiana, dalle 15 alle 19.30.<\/p>","protected":false},"excerpt":{"rendered":"<p>Aperta nel segno della \u201cmateria prima legno\u201d la 35^ edizione di Arredamont a Longarone Fiere Dolomiti: \u00e8 stato il Presidente di Federlegno Arredo Roberto Snaidero a tagliare il nastro di inaugurazione, insieme con il Prefetto di Belluno Maria Laura Simonetti e il Presidente di Longarone Fiere Oscar De Bona. Un\u2019edizione, quella che rimarr\u00e0 aperta fino [&hellip;]<\/p>\n","protected":false},"author":2,"featured_media":0,"comment_status":"closed","ping_status":"open","sticky":false,"template":"","format":"standard","meta":{"footnotes":""},"categories":[27,26],"tags":[],"class_list":["post-43413","post","type-post","status-publish","format-standard","category-appuntamenti","category-prima-pagina"],"yoast_head":"<!-- This site is optimized with the Yoast SEO plugin v28.4 - https:\/\/yoast.com\/product\/yoast-seo-wordpress\/ -->\n<title>In vetrina l\u2019arredamento di montagna. Arredamont: il cuore e la passione nel mobile d\u2019artigianato - Bellunopress - Dolomiti<\/title>\n<meta name=\"robots\" content=\"index, follow, max-snippet:-1, max-image-preview:large, max-video-preview:-1\" \/>\n<link rel=\"canonical\" href=\"https:\/\/www.bellunopress.it\/fr\/2012\/10\/27\/in-vetrina-larredamento-di-montagna-arredamont-il-cuore-e-la-passione-nel-mobile-dartigianato\/\" \/>\n<meta property=\"og:locale\" content=\"fr_FR\" \/>\n<meta property=\"og:type\" content=\"article\" \/>\n<meta property=\"og:title\" content=\"In vetrina l\u2019arredamento di montagna. Arredamont: il cuore e la passione nel mobile d\u2019artigianato - Bellunopress - Dolomiti\" \/>\n<meta property=\"og:description\" content=\"Aperta nel segno della \u201cmateria prima legno\u201d la 35^ edizione di Arredamont a Longarone Fiere Dolomiti: \u00e8 stato il Presidente di Federlegno Arredo Roberto Snaidero a tagliare il nastro di inaugurazione, insieme con il Prefetto di Belluno Maria Laura Simonetti e il Presidente di Longarone Fiere Oscar De Bona. Un\u2019edizione, quella che rimarr\u00e0 aperta fino [&hellip;]\" \/>\n<meta property=\"og:url\" content=\"https:\/\/www.bellunopress.it\/fr\/2012\/10\/27\/in-vetrina-larredamento-di-montagna-arredamont-il-cuore-e-la-passione-nel-mobile-dartigianato\/\" \/>\n<meta property=\"og:site_name\" content=\"Bellunopress - Dolomiti\" \/>\n<meta property=\"article:publisher\" content=\"https:\/\/www.facebook.com\/profile.php?id=100008943462799\" \/>\n<meta property=\"article:published_time\" content=\"2012-10-27T22:27:17+00:00\" \/>\n<meta property=\"og:image\" content=\"http:\/\/www.bellunopress.it\/wp-content\/uploads\/2010\/11\/arredamont-longarone-300x225.jpg\" \/>\n<meta name=\"author\" content=\"redazione\" \/>\n<meta name=\"twitter:card\" content=\"summary_large_image\" \/>\n<meta name=\"twitter:creator\" content=\"@bellunopress\" \/>\n<meta name=\"twitter:site\" content=\"@bellunopress\" \/>\n<meta name=\"twitter:label1\" content=\"\u00c9crit par\" \/>\n\t<meta name=\"twitter:data1\" content=\"redazione\" \/>\n\t<meta name=\"twitter:label2\" content=\"Dur\u00e9e de lecture estim\u00e9e\" \/>\n\t<meta name=\"twitter:data2\" content=\"3 minutes\" \/>\n<script type=\"application\/ld+json\" class=\"yoast-schema-graph\">{\"@context\":\"https:\\\/\\\/schema.org\",\"@graph\":[{\"@type\":\"Article\",\"@id\":\"https:\\\/\\\/www.bellunopress.it\\\/2012\\\/10\\\/27\\\/in-vetrina-larredamento-di-montagna-arredamont-il-cuore-e-la-passione-nel-mobile-dartigianato\\\/#article\",\"isPartOf\":{\"@id\":\"https:\\\/\\\/www.bellunopress.it\\\/2012\\\/10\\\/27\\\/in-vetrina-larredamento-di-montagna-arredamont-il-cuore-e-la-passione-nel-mobile-dartigianato\\\/\"},\"author\":{\"name\":\"redazione\",\"@id\":\"https:\\\/\\\/www.bellunopress.it\\\/#\\\/schema\\\/person\\\/79bb06722b37ece1c03d3e94beb30d73\"},\"headline\":\"In vetrina l\u2019arredamento di montagna. Arredamont: il cuore e la passione nel mobile d\u2019artigianato\",\"datePublished\":\"2012-10-27T22:27:17+00:00\",\"mainEntityOfPage\":{\"@id\":\"https:\\\/\\\/www.bellunopress.it\\\/2012\\\/10\\\/27\\\/in-vetrina-larredamento-di-montagna-arredamont-il-cuore-e-la-passione-nel-mobile-dartigianato\\\/\"},\"wordCount\":537,\"publisher\":{\"@id\":\"https:\\\/\\\/www.bellunopress.it\\\/#organization\"},\"image\":{\"@id\":\"https:\\\/\\\/www.bellunopress.it\\\/2012\\\/10\\\/27\\\/in-vetrina-larredamento-di-montagna-arredamont-il-cuore-e-la-passione-nel-mobile-dartigianato\\\/#primaryimage\"},\"thumbnailUrl\":\"http:\\\/\\\/www.bellunopress.it\\\/wp-content\\\/uploads\\\/2010\\\/11\\\/arredamont-longarone-300x225.jpg\",\"articleSection\":[\"Appuntamenti, Eventi\",\"Prima Pagina\"],\"inLanguage\":\"fr-FR\"},{\"@type\":\"WebPage\",\"@id\":\"https:\\\/\\\/www.bellunopress.it\\\/2012\\\/10\\\/27\\\/in-vetrina-larredamento-di-montagna-arredamont-il-cuore-e-la-passione-nel-mobile-dartigianato\\\/\",\"url\":\"https:\\\/\\\/www.bellunopress.it\\\/2012\\\/10\\\/27\\\/in-vetrina-larredamento-di-montagna-arredamont-il-cuore-e-la-passione-nel-mobile-dartigianato\\\/\",\"name\":\"In vetrina l\u2019arredamento di montagna. Arredamont: il cuore e la passione nel mobile d\u2019artigianato - Bellunopress - Dolomiti\",\"isPartOf\":{\"@id\":\"https:\\\/\\\/www.bellunopress.it\\\/#website\"},\"primaryImageOfPage\":{\"@id\":\"https:\\\/\\\/www.bellunopress.it\\\/2012\\\/10\\\/27\\\/in-vetrina-larredamento-di-montagna-arredamont-il-cuore-e-la-passione-nel-mobile-dartigianato\\\/#primaryimage\"},\"image\":{\"@id\":\"https:\\\/\\\/www.bellunopress.it\\\/2012\\\/10\\\/27\\\/in-vetrina-larredamento-di-montagna-arredamont-il-cuore-e-la-passione-nel-mobile-dartigianato\\\/#primaryimage\"},\"thumbnailUrl\":\"http:\\\/\\\/www.bellunopress.it\\\/wp-content\\\/uploads\\\/2010\\\/11\\\/arredamont-longarone-300x225.jpg\",\"datePublished\":\"2012-10-27T22:27:17+00:00\",\"breadcrumb\":{\"@id\":\"https:\\\/\\\/www.bellunopress.it\\\/2012\\\/10\\\/27\\\/in-vetrina-larredamento-di-montagna-arredamont-il-cuore-e-la-passione-nel-mobile-dartigianato\\\/#breadcrumb\"},\"inLanguage\":\"fr-FR\",\"potentialAction\":[{\"@type\":\"ReadAction\",\"target\":[\"https:\\\/\\\/www.bellunopress.it\\\/2012\\\/10\\\/27\\\/in-vetrina-larredamento-di-montagna-arredamont-il-cuore-e-la-passione-nel-mobile-dartigianato\\\/\"]}]},{\"@type\":\"ImageObject\",\"inLanguage\":\"fr-FR\",\"@id\":\"https:\\\/\\\/www.bellunopress.it\\\/2012\\\/10\\\/27\\\/in-vetrina-larredamento-di-montagna-arredamont-il-cuore-e-la-passione-nel-mobile-dartigianato\\\/#primaryimage\",\"url\":\"http:\\\/\\\/www.bellunopress.it\\\/wp-content\\\/uploads\\\/2010\\\/11\\\/arredamont-longarone-300x225.jpg\",\"contentUrl\":\"http:\\\/\\\/www.bellunopress.it\\\/wp-content\\\/uploads\\\/2010\\\/11\\\/arredamont-longarone-300x225.jpg\"},{\"@type\":\"BreadcrumbList\",\"@id\":\"https:\\\/\\\/www.bellunopress.it\\\/2012\\\/10\\\/27\\\/in-vetrina-larredamento-di-montagna-arredamont-il-cuore-e-la-passione-nel-mobile-dartigianato\\\/#breadcrumb\",\"itemListElement\":[{\"@type\":\"ListItem\",\"position\":1,\"name\":\"Home\",\"item\":\"https:\\\/\\\/www.bellunopress.it\\\/\"},{\"@type\":\"ListItem\",\"position\":2,\"name\":\"In vetrina l\u2019arredamento di montagna. Arredamont: il cuore e la passione nel mobile d\u2019artigianato\"}]},{\"@type\":\"WebSite\",\"@id\":\"https:\\\/\\\/www.bellunopress.it\\\/#website\",\"url\":\"https:\\\/\\\/www.bellunopress.it\\\/\",\"name\":\"Bellunopress - Dolomiti\",\"description\":\"e-mail: redazione@bellunopress.it\",\"publisher\":{\"@id\":\"https:\\\/\\\/www.bellunopress.it\\\/#organization\"},\"potentialAction\":[{\"@type\":\"SearchAction\",\"target\":{\"@type\":\"EntryPoint\",\"urlTemplate\":\"https:\\\/\\\/www.bellunopress.it\\\/?s={search_term_string}\"},\"query-input\":{\"@type\":\"PropertyValueSpecification\",\"valueRequired\":true,\"valueName\":\"search_term_string\"}}],\"inLanguage\":\"fr-FR\"},{\"@type\":\"Organization\",\"@id\":\"https:\\\/\\\/www.bellunopress.it\\\/#organization\",\"name\":\"Bellunopress\",\"url\":\"https:\\\/\\\/www.bellunopress.it\\\/\",\"logo\":{\"@type\":\"ImageObject\",\"inLanguage\":\"fr-FR\",\"@id\":\"https:\\\/\\\/www.bellunopress.it\\\/#\\\/schema\\\/logo\\\/image\\\/\",\"url\":\"https:\\\/\\\/www.bellunopress.it\\\/wp-content\\\/uploads\\\/2011\\\/05\\\/cropped-logo-bellunopress-.jpg\",\"contentUrl\":\"https:\\\/\\\/www.bellunopress.it\\\/wp-content\\\/uploads\\\/2011\\\/05\\\/cropped-logo-bellunopress-.jpg\",\"width\":512,\"height\":512,\"caption\":\"Bellunopress\"},\"image\":{\"@id\":\"https:\\\/\\\/www.bellunopress.it\\\/#\\\/schema\\\/logo\\\/image\\\/\"},\"sameAs\":[\"https:\\\/\\\/www.facebook.com\\\/profile.php?id=100008943462799\",\"https:\\\/\\\/x.com\\\/bellunopress\",\"https:\\\/\\\/www.linkedin.com\\\/hp\\\/?dnr=JBzUWaJfMUw8vbXJJ2tVW5-I3jZKvC4wsoxE&amp;amp;amp;amp;amp;amp;trk=nav_responsive_tab_home\",\"https:\\\/\\\/www.youtube.com\\\/channel\\\/UCxL0wu1uN0_3_7hGG0306cw\"]},{\"@type\":\"Person\",\"@id\":\"https:\\\/\\\/www.bellunopress.it\\\/#\\\/schema\\\/person\\\/79bb06722b37ece1c03d3e94beb30d73\",\"name\":\"redazione\",\"image\":{\"@type\":\"ImageObject\",\"inLanguage\":\"fr-FR\",\"@id\":\"https:\\\/\\\/secure.gravatar.com\\\/avatar\\\/37d968a2e67a6fd04c169c4bdef102d0bc5d31b2546345219e348575eb80e9a0?s=96&d=mm&r=g\",\"url\":\"https:\\\/\\\/secure.gravatar.com\\\/avatar\\\/37d968a2e67a6fd04c169c4bdef102d0bc5d31b2546345219e348575eb80e9a0?s=96&d=mm&r=g\",\"contentUrl\":\"https:\\\/\\\/secure.gravatar.com\\\/avatar\\\/37d968a2e67a6fd04c169c4bdef102d0bc5d31b2546345219e348575eb80e9a0?s=96&d=mm&r=g\",\"caption\":\"redazione\"},\"sameAs\":[\"http:\\\/\\\/www.bellunopress.it\",\"https:\\\/\\\/x.com\\\/bellunopress\"],\"url\":\"https:\\\/\\\/www.bellunopress.it\\\/fr\\\/author\\\/redazione\\\/\"}]}<\/script>\n<!-- \/ Yoast SEO plugin. -->","yoast_head_json":{"title":"In vetrina l\u2019arredamento di montagna. Arredamont: il cuore e la passione nel mobile d\u2019artigianato - Bellunopress - Dolomiti","robots":{"index":"index","follow":"follow","max-snippet":"max-snippet:-1","max-image-preview":"max-image-preview:large","max-video-preview":"max-video-preview:-1"},"canonical":"https:\/\/www.bellunopress.it\/fr\/2012\/10\/27\/in-vetrina-larredamento-di-montagna-arredamont-il-cuore-e-la-passione-nel-mobile-dartigianato\/","og_locale":"fr_FR","og_type":"article","og_title":"In vetrina l\u2019arredamento di montagna. Arredamont: il cuore e la passione nel mobile d\u2019artigianato - Bellunopress - Dolomiti","og_description":"Aperta nel segno della \u201cmateria prima legno\u201d la 35^ edizione di Arredamont a Longarone Fiere Dolomiti: \u00e8 stato il Presidente di Federlegno Arredo Roberto Snaidero a tagliare il nastro di inaugurazione, insieme con il Prefetto di Belluno Maria Laura Simonetti e il Presidente di Longarone Fiere Oscar De Bona. Un\u2019edizione, quella che rimarr\u00e0 aperta fino [&hellip;]","og_url":"https:\/\/www.bellunopress.it\/fr\/2012\/10\/27\/in-vetrina-larredamento-di-montagna-arredamont-il-cuore-e-la-passione-nel-mobile-dartigianato\/","og_site_name":"Bellunopress - Dolomiti","article_publisher":"https:\/\/www.facebook.com\/profile.php?id=100008943462799","article_published_time":"2012-10-27T22:27:17+00:00","og_image":[{"url":"http:\/\/www.bellunopress.it\/wp-content\/uploads\/2010\/11\/arredamont-longarone-300x225.jpg","type":"","width":"","height":""}],"author":"redazione","twitter_card":"summary_large_image","twitter_creator":"@bellunopress","twitter_site":"@bellunopress","twitter_misc":{"\u00c9crit par":"redazione","Dur\u00e9e de lecture estim\u00e9e":"3 minutes"},"schema":{"@context":"https:\/\/schema.org","@graph":[{"@type":"Article","@id":"https:\/\/www.bellunopress.it\/2012\/10\/27\/in-vetrina-larredamento-di-montagna-arredamont-il-cuore-e-la-passione-nel-mobile-dartigianato\/#article","isPartOf":{"@id":"https:\/\/www.bellunopress.it\/2012\/10\/27\/in-vetrina-larredamento-di-montagna-arredamont-il-cuore-e-la-passione-nel-mobile-dartigianato\/"},"author":{"name":"redazione","@id":"https:\/\/www.bellunopress.it\/#\/schema\/person\/79bb06722b37ece1c03d3e94beb30d73"},"headline":"In vetrina l\u2019arredamento di montagna. Arredamont: il cuore e la passione nel mobile d\u2019artigianato","datePublished":"2012-10-27T22:27:17+00:00","mainEntityOfPage":{"@id":"https:\/\/www.bellunopress.it\/2012\/10\/27\/in-vetrina-larredamento-di-montagna-arredamont-il-cuore-e-la-passione-nel-mobile-dartigianato\/"},"wordCount":537,"publisher":{"@id":"https:\/\/www.bellunopress.it\/#organization"},"image":{"@id":"https:\/\/www.bellunopress.it\/2012\/10\/27\/in-vetrina-larredamento-di-montagna-arredamont-il-cuore-e-la-passione-nel-mobile-dartigianato\/#primaryimage"},"thumbnailUrl":"http:\/\/www.bellunopress.it\/wp-content\/uploads\/2010\/11\/arredamont-longarone-300x225.jpg","articleSection":["Appuntamenti, Eventi","Prima Pagina"],"inLanguage":"fr-FR"},{"@type":"WebPage","@id":"https:\/\/www.bellunopress.it\/2012\/10\/27\/in-vetrina-larredamento-di-montagna-arredamont-il-cuore-e-la-passione-nel-mobile-dartigianato\/","url":"https:\/\/www.bellunopress.it\/2012\/10\/27\/in-vetrina-larredamento-di-montagna-arredamont-il-cuore-e-la-passione-nel-mobile-dartigianato\/","name":"In vetrina l\u2019arredamento di montagna. Arredamont: il cuore e la passione nel mobile d\u2019artigianato - Bellunopress - Dolomiti","isPartOf":{"@id":"https:\/\/www.bellunopress.it\/#website"},"primaryImageOfPage":{"@id":"https:\/\/www.bellunopress.it\/2012\/10\/27\/in-vetrina-larredamento-di-montagna-arredamont-il-cuore-e-la-passione-nel-mobile-dartigianato\/#primaryimage"},"image":{"@id":"https:\/\/www.bellunopress.it\/2012\/10\/27\/in-vetrina-larredamento-di-montagna-arredamont-il-cuore-e-la-passione-nel-mobile-dartigianato\/#primaryimage"},"thumbnailUrl":"http:\/\/www.bellunopress.it\/wp-content\/uploads\/2010\/11\/arredamont-longarone-300x225.jpg","datePublished":"2012-10-27T22:27:17+00:00","breadcrumb":{"@id":"https:\/\/www.bellunopress.it\/2012\/10\/27\/in-vetrina-larredamento-di-montagna-arredamont-il-cuore-e-la-passione-nel-mobile-dartigianato\/#breadcrumb"},"inLanguage":"fr-FR","potentialAction":[{"@type":"ReadAction","target":["https:\/\/www.bellunopress.it\/2012\/10\/27\/in-vetrina-larredamento-di-montagna-arredamont-il-cuore-e-la-passione-nel-mobile-dartigianato\/"]}]},{"@type":"ImageObject","inLanguage":"fr-FR","@id":"https:\/\/www.bellunopress.it\/2012\/10\/27\/in-vetrina-larredamento-di-montagna-arredamont-il-cuore-e-la-passione-nel-mobile-dartigianato\/#primaryimage","url":"http:\/\/www.bellunopress.it\/wp-content\/uploads\/2010\/11\/arredamont-longarone-300x225.jpg","contentUrl":"http:\/\/www.bellunopress.it\/wp-content\/uploads\/2010\/11\/arredamont-longarone-300x225.jpg"},{"@type":"BreadcrumbList","@id":"https:\/\/www.bellunopress.it\/2012\/10\/27\/in-vetrina-larredamento-di-montagna-arredamont-il-cuore-e-la-passione-nel-mobile-dartigianato\/#breadcrumb","itemListElement":[{"@type":"ListItem","position":1,"name":"Home","item":"https:\/\/www.bellunopress.it\/"},{"@type":"ListItem","position":2,"name":"In vetrina l\u2019arredamento di montagna. Arredamont: il cuore e la passione nel mobile d\u2019artigianato"}]},{"@type":"WebSite","@id":"https:\/\/www.bellunopress.it\/#website","url":"https:\/\/www.bellunopress.it\/","name":"Bellunopress - Dolomiti","description":"e-mail: redazione@bellunopress.it","publisher":{"@id":"https:\/\/www.bellunopress.it\/#organization"},"potentialAction":[{"@type":"SearchAction","target":{"@type":"EntryPoint","urlTemplate":"https:\/\/www.bellunopress.it\/?s={search_term_string}"},"query-input":{"@type":"PropertyValueSpecification","valueRequired":true,"valueName":"search_term_string"}}],"inLanguage":"fr-FR"},{"@type":"Organization","@id":"https:\/\/www.bellunopress.it\/#organization","name":"Bellunopress","url":"https:\/\/www.bellunopress.it\/","logo":{"@type":"ImageObject","inLanguage":"fr-FR","@id":"https:\/\/www.bellunopress.it\/#\/schema\/logo\/image\/","url":"https:\/\/www.bellunopress.it\/wp-content\/uploads\/2011\/05\/cropped-logo-bellunopress-.jpg","contentUrl":"https:\/\/www.bellunopress.it\/wp-content\/uploads\/2011\/05\/cropped-logo-bellunopress-.jpg","width":512,"height":512,"caption":"Bellunopress"},"image":{"@id":"https:\/\/www.bellunopress.it\/#\/schema\/logo\/image\/"},"sameAs":["https:\/\/www.facebook.com\/profile.php?id=100008943462799","https:\/\/x.com\/bellunopress","https:\/\/www.linkedin.com\/hp\/?dnr=JBzUWaJfMUw8vbXJJ2tVW5-I3jZKvC4wsoxE&amp;amp;amp;amp;amp;amp;trk=nav_responsive_tab_home","https:\/\/www.youtube.com\/channel\/UCxL0wu1uN0_3_7hGG0306cw"]},{"@type":"Person","@id":"https:\/\/www.bellunopress.it\/#\/schema\/person\/79bb06722b37ece1c03d3e94beb30d73","name":"r\u00e9daction","image":{"@type":"ImageObject","inLanguage":"fr-FR","@id":"https:\/\/secure.gravatar.com\/avatar\/37d968a2e67a6fd04c169c4bdef102d0bc5d31b2546345219e348575eb80e9a0?s=96&d=mm&r=g","url":"https:\/\/secure.gravatar.com\/avatar\/37d968a2e67a6fd04c169c4bdef102d0bc5d31b2546345219e348575eb80e9a0?s=96&d=mm&r=g","contentUrl":"https:\/\/secure.gravatar.com\/avatar\/37d968a2e67a6fd04c169c4bdef102d0bc5d31b2546345219e348575eb80e9a0?s=96&d=mm&r=g","caption":"redazione"},"sameAs":["http:\/\/www.bellunopress.it","https:\/\/x.com\/bellunopress"],"url":"https:\/\/www.bellunopress.it\/fr\/author\/redazione\/"}]}},"_links":{"self":[{"href":"https:\/\/www.bellunopress.it\/fr\/wp-json\/wp\/v2\/posts\/43413","targetHints":{"allow":["GET"]}}],"collection":[{"href":"https:\/\/www.bellunopress.it\/fr\/wp-json\/wp\/v2\/posts"}],"about":[{"href":"https:\/\/www.bellunopress.it\/fr\/wp-json\/wp\/v2\/types\/post"}],"author":[{"embeddable":true,"href":"https:\/\/www.bellunopress.it\/fr\/wp-json\/wp\/v2\/users\/2"}],"replies":[{"embeddable":true,"href":"https:\/\/www.bellunopress.it\/fr\/wp-json\/wp\/v2\/comments?post=43413"}],"version-history":[{"count":1,"href":"https:\/\/www.bellunopress.it\/fr\/wp-json\/wp\/v2\/posts\/43413\/revisions"}],"predecessor-version":[{"id":43414,"href":"https:\/\/www.bellunopress.it\/fr\/wp-json\/wp\/v2\/posts\/43413\/revisions\/43414"}],"wp:attachment":[{"href":"https:\/\/www.bellunopress.it\/fr\/wp-json\/wp\/v2\/media?parent=43413"}],"wp:term":[{"taxonomy":"category","embeddable":true,"href":"https:\/\/www.bellunopress.it\/fr\/wp-json\/wp\/v2\/categories?post=43413"},{"taxonomy":"post_tag","embeddable":true,"href":"https:\/\/www.bellunopress.it\/fr\/wp-json\/wp\/v2\/tags?post=43413"}],"curies":[{"name":"wp","href":"https:\/\/api.w.org\/{rel}","templated":true}]}}