{"id":43391,"date":"2012-10-26T14:04:35","date_gmt":"2012-10-26T13:04:35","guid":{"rendered":"http:\/\/www.bellunopress.it\/?p=43391"},"modified":"2012-10-26T14:04:35","modified_gmt":"2012-10-26T13:04:35","slug":"domenica-pomeriggio-alla-carpenada-appuntamento-con-lelio-canavero-leader-di-acconciatori-ed-estetiste","status":"publish","type":"post","link":"https:\/\/www.bellunopress.it\/fr\/2012\/10\/26\/domenica-pomeriggio-alla-carpenada-appuntamento-con-lelio-canavero-leader-di-acconciatori-ed-estetiste\/","title":{"rendered":"Domenica pomeriggio alla Carpenada appuntamento con Lelio Canavero, leader di acconciatori ed estetiste"},"content":{"rendered":"<p>L\u2019abilit\u00e0, la capacit\u00e0 professionale sono requisiti presenti nell\u2019attivit\u00e0 di acconciatore ma che spesso non emergono con chiarezza in quanto non si \u00e8 in grado di esprimere al meglio se stessi e liberare il proprio talento.<\/p>\n<p>\u201cPer questo &#8211; sottolinea Romeo De Pizzol &#8211; presidente della Famiglia Artistica Bellunese Acconciatori abbiamo pensato di organizzare un incontro con Lelio Canavero definito il primo talent coach italiano che da anni segue decine di aziende per la formazione dei loro dirigenti su argomenti quali la comunicazione suggestiva, la leadership e l\u2019innovazione d\u2019impresa.\u201d<\/p>\n<p><a href=\"http:\/\/www.bellunopress.it\/wp-content\/uploads\/2011\/05\/carpenada-140x140.jpg\"><img loading=\"lazy\" decoding=\"async\" class=\"alignleft size-full wp-image-27278\" title=\"carpenada 140x140\" src=\"http:\/\/www.bellunopress.it\/wp-content\/uploads\/2011\/05\/carpenada-140x140.jpg\" alt=\"\" width=\"140\" height=\"140\" \/><\/a>L\u2019appuntamento previsto per domenica 28 ottobre con inizio alle ore 17.00 presso il Park Hotel Villa Carpenada in via Mier a Belluno, sar\u00e0 l\u2019occasione per presentare il suo libro \u201c Sono il mio eroe\u201d in cui si dimostra come sia possibile affrontare con positivit\u00e0 qualsiasi tipo di evento imparando a trarne un insegnamento per il futuro.<\/p>\n<p>Nelle due ore di formazione \u2013presentazione, del tutto gratuite, Canavero dimostrer\u00e0 quanto sia semplice scoprire i propri talenti e sfruttarli per raggiungere i propri obiettivi facendo un primo passo verso un miglioramento radicale della propria esistenza.<\/p>\n<p>Una serata da non perdere a cui sono invitati tutti gli acconciatori ed estetiste bellunesi.<\/p>\n<p>&nbsp;<\/p>","protected":false},"excerpt":{"rendered":"<p>L\u2019abilit\u00e0, la capacit\u00e0 professionale sono requisiti presenti nell\u2019attivit\u00e0 di acconciatore ma che spesso non emergono con chiarezza in quanto non si \u00e8 in grado di esprimere al meglio se stessi e liberare il proprio talento. \u201cPer questo &#8211; sottolinea Romeo De Pizzol &#8211; presidente della Famiglia Artistica Bellunese Acconciatori abbiamo pensato di organizzare un incontro [&hellip;]<\/p>\n","protected":false},"author":2,"featured_media":0,"comment_status":"closed","ping_status":"open","sticky":false,"template":"","format":"standard","meta":{"footnotes":""},"categories":[27,25],"tags":[],"class_list":["post-43391","post","type-post","status-publish","format-standard","category-appuntamenti","category-pausa-caffe"],"yoast_head":"<!-- This site is optimized with the Yoast SEO plugin v28.4 - https:\/\/yoast.com\/product\/yoast-seo-wordpress\/ -->\n<title>Domenica pomeriggio alla Carpenada appuntamento con Lelio Canavero, leader di acconciatori ed estetiste - Bellunopress - Dolomiti<\/title>\n<meta name=\"robots\" content=\"index, follow, max-snippet:-1, max-image-preview:large, max-video-preview:-1\" \/>\n<link rel=\"canonical\" href=\"https:\/\/www.bellunopress.it\/fr\/2012\/10\/26\/domenica-pomeriggio-alla-carpenada-appuntamento-con-lelio-canavero-leader-di-acconciatori-ed-estetiste\/\" \/>\n<meta property=\"og:locale\" content=\"fr_FR\" \/>\n<meta property=\"og:type\" content=\"article\" \/>\n<meta property=\"og:title\" content=\"Domenica pomeriggio alla Carpenada appuntamento con Lelio Canavero, leader di acconciatori ed estetiste - Bellunopress - Dolomiti\" \/>\n<meta property=\"og:description\" content=\"L\u2019abilit\u00e0, la capacit\u00e0 professionale sono requisiti presenti nell\u2019attivit\u00e0 di acconciatore ma che spesso non emergono con chiarezza in quanto non si \u00e8 in grado di esprimere al meglio se stessi e liberare il proprio talento. \u201cPer questo &#8211; sottolinea Romeo De Pizzol &#8211; presidente della Famiglia Artistica Bellunese Acconciatori abbiamo pensato di organizzare un incontro [&hellip;]\" \/>\n<meta property=\"og:url\" content=\"https:\/\/www.bellunopress.it\/fr\/2012\/10\/26\/domenica-pomeriggio-alla-carpenada-appuntamento-con-lelio-canavero-leader-di-acconciatori-ed-estetiste\/\" \/>\n<meta property=\"og:site_name\" content=\"Bellunopress - Dolomiti\" \/>\n<meta property=\"article:publisher\" content=\"https:\/\/www.facebook.com\/profile.php?id=100008943462799\" \/>\n<meta property=\"article:published_time\" content=\"2012-10-26T13:04:35+00:00\" \/>\n<meta property=\"og:image\" content=\"http:\/\/www.bellunopress.it\/wp-content\/uploads\/2011\/05\/carpenada-140x140.jpg\" \/>\n<meta name=\"author\" content=\"redazione\" \/>\n<meta name=\"twitter:card\" content=\"summary_large_image\" \/>\n<meta name=\"twitter:creator\" content=\"@bellunopress\" \/>\n<meta name=\"twitter:site\" content=\"@bellunopress\" \/>\n<meta name=\"twitter:label1\" content=\"\u00c9crit par\" \/>\n\t<meta name=\"twitter:data1\" content=\"redazione\" \/>\n\t<meta name=\"twitter:label2\" content=\"Dur\u00e9e de lecture estim\u00e9e\" \/>\n\t<meta name=\"twitter:data2\" content=\"1 minute\" \/>\n<script type=\"application\/ld+json\" class=\"yoast-schema-graph\">{\"@context\":\"https:\\\/\\\/schema.org\",\"@graph\":[{\"@type\":\"Article\",\"@id\":\"https:\\\/\\\/www.bellunopress.it\\\/2012\\\/10\\\/26\\\/domenica-pomeriggio-alla-carpenada-appuntamento-con-lelio-canavero-leader-di-acconciatori-ed-estetiste\\\/#article\",\"isPartOf\":{\"@id\":\"https:\\\/\\\/www.bellunopress.it\\\/2012\\\/10\\\/26\\\/domenica-pomeriggio-alla-carpenada-appuntamento-con-lelio-canavero-leader-di-acconciatori-ed-estetiste\\\/\"},\"author\":{\"name\":\"redazione\",\"@id\":\"https:\\\/\\\/www.bellunopress.it\\\/#\\\/schema\\\/person\\\/79bb06722b37ece1c03d3e94beb30d73\"},\"headline\":\"Domenica pomeriggio alla Carpenada appuntamento con Lelio Canavero, leader di acconciatori ed estetiste\",\"datePublished\":\"2012-10-26T13:04:35+00:00\",\"mainEntityOfPage\":{\"@id\":\"https:\\\/\\\/www.bellunopress.it\\\/2012\\\/10\\\/26\\\/domenica-pomeriggio-alla-carpenada-appuntamento-con-lelio-canavero-leader-di-acconciatori-ed-estetiste\\\/\"},\"wordCount\":211,\"publisher\":{\"@id\":\"https:\\\/\\\/www.bellunopress.it\\\/#organization\"},\"image\":{\"@id\":\"https:\\\/\\\/www.bellunopress.it\\\/2012\\\/10\\\/26\\\/domenica-pomeriggio-alla-carpenada-appuntamento-con-lelio-canavero-leader-di-acconciatori-ed-estetiste\\\/#primaryimage\"},\"thumbnailUrl\":\"http:\\\/\\\/www.bellunopress.it\\\/wp-content\\\/uploads\\\/2011\\\/05\\\/carpenada-140x140.jpg\",\"articleSection\":[\"Appuntamenti, Eventi\",\"Pausa Caff\u00e8\"],\"inLanguage\":\"fr-FR\"},{\"@type\":\"WebPage\",\"@id\":\"https:\\\/\\\/www.bellunopress.it\\\/2012\\\/10\\\/26\\\/domenica-pomeriggio-alla-carpenada-appuntamento-con-lelio-canavero-leader-di-acconciatori-ed-estetiste\\\/\",\"url\":\"https:\\\/\\\/www.bellunopress.it\\\/2012\\\/10\\\/26\\\/domenica-pomeriggio-alla-carpenada-appuntamento-con-lelio-canavero-leader-di-acconciatori-ed-estetiste\\\/\",\"name\":\"Domenica pomeriggio alla Carpenada appuntamento con Lelio Canavero, leader di acconciatori ed estetiste - Bellunopress - Dolomiti\",\"isPartOf\":{\"@id\":\"https:\\\/\\\/www.bellunopress.it\\\/#website\"},\"primaryImageOfPage\":{\"@id\":\"https:\\\/\\\/www.bellunopress.it\\\/2012\\\/10\\\/26\\\/domenica-pomeriggio-alla-carpenada-appuntamento-con-lelio-canavero-leader-di-acconciatori-ed-estetiste\\\/#primaryimage\"},\"image\":{\"@id\":\"https:\\\/\\\/www.bellunopress.it\\\/2012\\\/10\\\/26\\\/domenica-pomeriggio-alla-carpenada-appuntamento-con-lelio-canavero-leader-di-acconciatori-ed-estetiste\\\/#primaryimage\"},\"thumbnailUrl\":\"http:\\\/\\\/www.bellunopress.it\\\/wp-content\\\/uploads\\\/2011\\\/05\\\/carpenada-140x140.jpg\",\"datePublished\":\"2012-10-26T13:04:35+00:00\",\"breadcrumb\":{\"@id\":\"https:\\\/\\\/www.bellunopress.it\\\/2012\\\/10\\\/26\\\/domenica-pomeriggio-alla-carpenada-appuntamento-con-lelio-canavero-leader-di-acconciatori-ed-estetiste\\\/#breadcrumb\"},\"inLanguage\":\"fr-FR\",\"potentialAction\":[{\"@type\":\"ReadAction\",\"target\":[\"https:\\\/\\\/www.bellunopress.it\\\/2012\\\/10\\\/26\\\/domenica-pomeriggio-alla-carpenada-appuntamento-con-lelio-canavero-leader-di-acconciatori-ed-estetiste\\\/\"]}]},{\"@type\":\"ImageObject\",\"inLanguage\":\"fr-FR\",\"@id\":\"https:\\\/\\\/www.bellunopress.it\\\/2012\\\/10\\\/26\\\/domenica-pomeriggio-alla-carpenada-appuntamento-con-lelio-canavero-leader-di-acconciatori-ed-estetiste\\\/#primaryimage\",\"url\":\"http:\\\/\\\/www.bellunopress.it\\\/wp-content\\\/uploads\\\/2011\\\/05\\\/carpenada-140x140.jpg\",\"contentUrl\":\"http:\\\/\\\/www.bellunopress.it\\\/wp-content\\\/uploads\\\/2011\\\/05\\\/carpenada-140x140.jpg\"},{\"@type\":\"BreadcrumbList\",\"@id\":\"https:\\\/\\\/www.bellunopress.it\\\/2012\\\/10\\\/26\\\/domenica-pomeriggio-alla-carpenada-appuntamento-con-lelio-canavero-leader-di-acconciatori-ed-estetiste\\\/#breadcrumb\",\"itemListElement\":[{\"@type\":\"ListItem\",\"position\":1,\"name\":\"Home\",\"item\":\"https:\\\/\\\/www.bellunopress.it\\\/\"},{\"@type\":\"ListItem\",\"position\":2,\"name\":\"Domenica pomeriggio alla Carpenada appuntamento con Lelio Canavero, leader di acconciatori ed estetiste\"}]},{\"@type\":\"WebSite\",\"@id\":\"https:\\\/\\\/www.bellunopress.it\\\/#website\",\"url\":\"https:\\\/\\\/www.bellunopress.it\\\/\",\"name\":\"Bellunopress - Dolomiti\",\"description\":\"e-mail: redazione@bellunopress.it\",\"publisher\":{\"@id\":\"https:\\\/\\\/www.bellunopress.it\\\/#organization\"},\"potentialAction\":[{\"@type\":\"SearchAction\",\"target\":{\"@type\":\"EntryPoint\",\"urlTemplate\":\"https:\\\/\\\/www.bellunopress.it\\\/?s={search_term_string}\"},\"query-input\":{\"@type\":\"PropertyValueSpecification\",\"valueRequired\":true,\"valueName\":\"search_term_string\"}}],\"inLanguage\":\"fr-FR\"},{\"@type\":\"Organization\",\"@id\":\"https:\\\/\\\/www.bellunopress.it\\\/#organization\",\"name\":\"Bellunopress\",\"url\":\"https:\\\/\\\/www.bellunopress.it\\\/\",\"logo\":{\"@type\":\"ImageObject\",\"inLanguage\":\"fr-FR\",\"@id\":\"https:\\\/\\\/www.bellunopress.it\\\/#\\\/schema\\\/logo\\\/image\\\/\",\"url\":\"https:\\\/\\\/www.bellunopress.it\\\/wp-content\\\/uploads\\\/2011\\\/05\\\/cropped-logo-bellunopress-.jpg\",\"contentUrl\":\"https:\\\/\\\/www.bellunopress.it\\\/wp-content\\\/uploads\\\/2011\\\/05\\\/cropped-logo-bellunopress-.jpg\",\"width\":512,\"height\":512,\"caption\":\"Bellunopress\"},\"image\":{\"@id\":\"https:\\\/\\\/www.bellunopress.it\\\/#\\\/schema\\\/logo\\\/image\\\/\"},\"sameAs\":[\"https:\\\/\\\/www.facebook.com\\\/profile.php?id=100008943462799\",\"https:\\\/\\\/x.com\\\/bellunopress\",\"https:\\\/\\\/www.linkedin.com\\\/hp\\\/?dnr=JBzUWaJfMUw8vbXJJ2tVW5-I3jZKvC4wsoxE&amp;amp;amp;amp;amp;amp;trk=nav_responsive_tab_home\",\"https:\\\/\\\/www.youtube.com\\\/channel\\\/UCxL0wu1uN0_3_7hGG0306cw\"]},{\"@type\":\"Person\",\"@id\":\"https:\\\/\\\/www.bellunopress.it\\\/#\\\/schema\\\/person\\\/79bb06722b37ece1c03d3e94beb30d73\",\"name\":\"redazione\",\"image\":{\"@type\":\"ImageObject\",\"inLanguage\":\"fr-FR\",\"@id\":\"https:\\\/\\\/secure.gravatar.com\\\/avatar\\\/37d968a2e67a6fd04c169c4bdef102d0bc5d31b2546345219e348575eb80e9a0?s=96&d=mm&r=g\",\"url\":\"https:\\\/\\\/secure.gravatar.com\\\/avatar\\\/37d968a2e67a6fd04c169c4bdef102d0bc5d31b2546345219e348575eb80e9a0?s=96&d=mm&r=g\",\"contentUrl\":\"https:\\\/\\\/secure.gravatar.com\\\/avatar\\\/37d968a2e67a6fd04c169c4bdef102d0bc5d31b2546345219e348575eb80e9a0?s=96&d=mm&r=g\",\"caption\":\"redazione\"},\"sameAs\":[\"http:\\\/\\\/www.bellunopress.it\",\"https:\\\/\\\/x.com\\\/bellunopress\"],\"url\":\"https:\\\/\\\/www.bellunopress.it\\\/fr\\\/author\\\/redazione\\\/\"}]}<\/script>\n<!-- \/ Yoast SEO plugin. -->","yoast_head_json":{"title":"Domenica pomeriggio alla Carpenada appuntamento con Lelio Canavero, leader di acconciatori ed estetiste - Bellunopress - Dolomiti","robots":{"index":"index","follow":"follow","max-snippet":"max-snippet:-1","max-image-preview":"max-image-preview:large","max-video-preview":"max-video-preview:-1"},"canonical":"https:\/\/www.bellunopress.it\/fr\/2012\/10\/26\/domenica-pomeriggio-alla-carpenada-appuntamento-con-lelio-canavero-leader-di-acconciatori-ed-estetiste\/","og_locale":"fr_FR","og_type":"article","og_title":"Domenica pomeriggio alla Carpenada appuntamento con Lelio Canavero, leader di acconciatori ed estetiste - Bellunopress - Dolomiti","og_description":"L\u2019abilit\u00e0, la capacit\u00e0 professionale sono requisiti presenti nell\u2019attivit\u00e0 di acconciatore ma che spesso non emergono con chiarezza in quanto non si \u00e8 in grado di esprimere al meglio se stessi e liberare il proprio talento. \u201cPer questo &#8211; sottolinea Romeo De Pizzol &#8211; presidente della Famiglia Artistica Bellunese Acconciatori abbiamo pensato di organizzare un incontro [&hellip;]","og_url":"https:\/\/www.bellunopress.it\/fr\/2012\/10\/26\/domenica-pomeriggio-alla-carpenada-appuntamento-con-lelio-canavero-leader-di-acconciatori-ed-estetiste\/","og_site_name":"Bellunopress - Dolomiti","article_publisher":"https:\/\/www.facebook.com\/profile.php?id=100008943462799","article_published_time":"2012-10-26T13:04:35+00:00","og_image":[{"url":"http:\/\/www.bellunopress.it\/wp-content\/uploads\/2011\/05\/carpenada-140x140.jpg","type":"","width":"","height":""}],"author":"redazione","twitter_card":"summary_large_image","twitter_creator":"@bellunopress","twitter_site":"@bellunopress","twitter_misc":{"\u00c9crit par":"redazione","Dur\u00e9e de lecture estim\u00e9e":"1 minute"},"schema":{"@context":"https:\/\/schema.org","@graph":[{"@type":"Article","@id":"https:\/\/www.bellunopress.it\/2012\/10\/26\/domenica-pomeriggio-alla-carpenada-appuntamento-con-lelio-canavero-leader-di-acconciatori-ed-estetiste\/#article","isPartOf":{"@id":"https:\/\/www.bellunopress.it\/2012\/10\/26\/domenica-pomeriggio-alla-carpenada-appuntamento-con-lelio-canavero-leader-di-acconciatori-ed-estetiste\/"},"author":{"name":"redazione","@id":"https:\/\/www.bellunopress.it\/#\/schema\/person\/79bb06722b37ece1c03d3e94beb30d73"},"headline":"Domenica pomeriggio alla Carpenada appuntamento con Lelio Canavero, leader di acconciatori ed estetiste","datePublished":"2012-10-26T13:04:35+00:00","mainEntityOfPage":{"@id":"https:\/\/www.bellunopress.it\/2012\/10\/26\/domenica-pomeriggio-alla-carpenada-appuntamento-con-lelio-canavero-leader-di-acconciatori-ed-estetiste\/"},"wordCount":211,"publisher":{"@id":"https:\/\/www.bellunopress.it\/#organization"},"image":{"@id":"https:\/\/www.bellunopress.it\/2012\/10\/26\/domenica-pomeriggio-alla-carpenada-appuntamento-con-lelio-canavero-leader-di-acconciatori-ed-estetiste\/#primaryimage"},"thumbnailUrl":"http:\/\/www.bellunopress.it\/wp-content\/uploads\/2011\/05\/carpenada-140x140.jpg","articleSection":["Appuntamenti, Eventi","Pausa Caff\u00e8"],"inLanguage":"fr-FR"},{"@type":"WebPage","@id":"https:\/\/www.bellunopress.it\/2012\/10\/26\/domenica-pomeriggio-alla-carpenada-appuntamento-con-lelio-canavero-leader-di-acconciatori-ed-estetiste\/","url":"https:\/\/www.bellunopress.it\/2012\/10\/26\/domenica-pomeriggio-alla-carpenada-appuntamento-con-lelio-canavero-leader-di-acconciatori-ed-estetiste\/","name":"Domenica pomeriggio alla Carpenada appuntamento con Lelio Canavero, leader di acconciatori ed estetiste - Bellunopress - Dolomiti","isPartOf":{"@id":"https:\/\/www.bellunopress.it\/#website"},"primaryImageOfPage":{"@id":"https:\/\/www.bellunopress.it\/2012\/10\/26\/domenica-pomeriggio-alla-carpenada-appuntamento-con-lelio-canavero-leader-di-acconciatori-ed-estetiste\/#primaryimage"},"image":{"@id":"https:\/\/www.bellunopress.it\/2012\/10\/26\/domenica-pomeriggio-alla-carpenada-appuntamento-con-lelio-canavero-leader-di-acconciatori-ed-estetiste\/#primaryimage"},"thumbnailUrl":"http:\/\/www.bellunopress.it\/wp-content\/uploads\/2011\/05\/carpenada-140x140.jpg","datePublished":"2012-10-26T13:04:35+00:00","breadcrumb":{"@id":"https:\/\/www.bellunopress.it\/2012\/10\/26\/domenica-pomeriggio-alla-carpenada-appuntamento-con-lelio-canavero-leader-di-acconciatori-ed-estetiste\/#breadcrumb"},"inLanguage":"fr-FR","potentialAction":[{"@type":"ReadAction","target":["https:\/\/www.bellunopress.it\/2012\/10\/26\/domenica-pomeriggio-alla-carpenada-appuntamento-con-lelio-canavero-leader-di-acconciatori-ed-estetiste\/"]}]},{"@type":"ImageObject","inLanguage":"fr-FR","@id":"https:\/\/www.bellunopress.it\/2012\/10\/26\/domenica-pomeriggio-alla-carpenada-appuntamento-con-lelio-canavero-leader-di-acconciatori-ed-estetiste\/#primaryimage","url":"http:\/\/www.bellunopress.it\/wp-content\/uploads\/2011\/05\/carpenada-140x140.jpg","contentUrl":"http:\/\/www.bellunopress.it\/wp-content\/uploads\/2011\/05\/carpenada-140x140.jpg"},{"@type":"BreadcrumbList","@id":"https:\/\/www.bellunopress.it\/2012\/10\/26\/domenica-pomeriggio-alla-carpenada-appuntamento-con-lelio-canavero-leader-di-acconciatori-ed-estetiste\/#breadcrumb","itemListElement":[{"@type":"ListItem","position":1,"name":"Home","item":"https:\/\/www.bellunopress.it\/"},{"@type":"ListItem","position":2,"name":"Domenica pomeriggio alla Carpenada appuntamento con Lelio Canavero, leader di acconciatori ed estetiste"}]},{"@type":"WebSite","@id":"https:\/\/www.bellunopress.it\/#website","url":"https:\/\/www.bellunopress.it\/","name":"Bellunopress - Dolomiti","description":"e-mail: redazione@bellunopress.it","publisher":{"@id":"https:\/\/www.bellunopress.it\/#organization"},"potentialAction":[{"@type":"SearchAction","target":{"@type":"EntryPoint","urlTemplate":"https:\/\/www.bellunopress.it\/?s={search_term_string}"},"query-input":{"@type":"PropertyValueSpecification","valueRequired":true,"valueName":"search_term_string"}}],"inLanguage":"fr-FR"},{"@type":"Organization","@id":"https:\/\/www.bellunopress.it\/#organization","name":"Bellunopress","url":"https:\/\/www.bellunopress.it\/","logo":{"@type":"ImageObject","inLanguage":"fr-FR","@id":"https:\/\/www.bellunopress.it\/#\/schema\/logo\/image\/","url":"https:\/\/www.bellunopress.it\/wp-content\/uploads\/2011\/05\/cropped-logo-bellunopress-.jpg","contentUrl":"https:\/\/www.bellunopress.it\/wp-content\/uploads\/2011\/05\/cropped-logo-bellunopress-.jpg","width":512,"height":512,"caption":"Bellunopress"},"image":{"@id":"https:\/\/www.bellunopress.it\/#\/schema\/logo\/image\/"},"sameAs":["https:\/\/www.facebook.com\/profile.php?id=100008943462799","https:\/\/x.com\/bellunopress","https:\/\/www.linkedin.com\/hp\/?dnr=JBzUWaJfMUw8vbXJJ2tVW5-I3jZKvC4wsoxE&amp;amp;amp;amp;amp;amp;trk=nav_responsive_tab_home","https:\/\/www.youtube.com\/channel\/UCxL0wu1uN0_3_7hGG0306cw"]},{"@type":"Person","@id":"https:\/\/www.bellunopress.it\/#\/schema\/person\/79bb06722b37ece1c03d3e94beb30d73","name":"r\u00e9daction","image":{"@type":"ImageObject","inLanguage":"fr-FR","@id":"https:\/\/secure.gravatar.com\/avatar\/37d968a2e67a6fd04c169c4bdef102d0bc5d31b2546345219e348575eb80e9a0?s=96&d=mm&r=g","url":"https:\/\/secure.gravatar.com\/avatar\/37d968a2e67a6fd04c169c4bdef102d0bc5d31b2546345219e348575eb80e9a0?s=96&d=mm&r=g","contentUrl":"https:\/\/secure.gravatar.com\/avatar\/37d968a2e67a6fd04c169c4bdef102d0bc5d31b2546345219e348575eb80e9a0?s=96&d=mm&r=g","caption":"redazione"},"sameAs":["http:\/\/www.bellunopress.it","https:\/\/x.com\/bellunopress"],"url":"https:\/\/www.bellunopress.it\/fr\/author\/redazione\/"}]}},"_links":{"self":[{"href":"https:\/\/www.bellunopress.it\/fr\/wp-json\/wp\/v2\/posts\/43391","targetHints":{"allow":["GET"]}}],"collection":[{"href":"https:\/\/www.bellunopress.it\/fr\/wp-json\/wp\/v2\/posts"}],"about":[{"href":"https:\/\/www.bellunopress.it\/fr\/wp-json\/wp\/v2\/types\/post"}],"author":[{"embeddable":true,"href":"https:\/\/www.bellunopress.it\/fr\/wp-json\/wp\/v2\/users\/2"}],"replies":[{"embeddable":true,"href":"https:\/\/www.bellunopress.it\/fr\/wp-json\/wp\/v2\/comments?post=43391"}],"version-history":[{"count":1,"href":"https:\/\/www.bellunopress.it\/fr\/wp-json\/wp\/v2\/posts\/43391\/revisions"}],"predecessor-version":[{"id":43392,"href":"https:\/\/www.bellunopress.it\/fr\/wp-json\/wp\/v2\/posts\/43391\/revisions\/43392"}],"wp:attachment":[{"href":"https:\/\/www.bellunopress.it\/fr\/wp-json\/wp\/v2\/media?parent=43391"}],"wp:term":[{"taxonomy":"category","embeddable":true,"href":"https:\/\/www.bellunopress.it\/fr\/wp-json\/wp\/v2\/categories?post=43391"},{"taxonomy":"post_tag","embeddable":true,"href":"https:\/\/www.bellunopress.it\/fr\/wp-json\/wp\/v2\/tags?post=43391"}],"curies":[{"name":"wp","href":"https:\/\/api.w.org\/{rel}","templated":true}]}}