{"id":43376,"date":"2012-10-25T22:00:48","date_gmt":"2012-10-25T21:00:48","guid":{"rendered":"http:\/\/www.bellunopress.it\/?p=43376"},"modified":"2012-10-25T22:00:48","modified_gmt":"2012-10-25T21:00:48","slug":"sabato-a-sedico-e-tempo-di-linux-day","status":"publish","type":"post","link":"https:\/\/www.bellunopress.it\/fr\/2012\/10\/25\/sabato-a-sedico-e-tempo-di-linux-day\/","title":{"rendered":"Sabato a Sedico, \u00e8 tempo di Linux Day"},"content":{"rendered":"<p><a href=\"http:\/\/www.bellunopress.it\/wp-content\/uploads\/2012\/10\/luganega.jpg\"><img loading=\"lazy\" decoding=\"async\" class=\"alignleft size-full wp-image-43377\" title=\"luganega\" src=\"http:\/\/www.bellunopress.it\/wp-content\/uploads\/2012\/10\/luganega.jpg\" alt=\"\" width=\"99\" height=\"130\" \/><\/a>Sabato 27 ottobre il LUG bellunese LugAnegA, associazione culturale attiva da molti anni sul territorio, organizza presso il Centro Formazione Professionale Maestranze Edili di Sedico il proprio Linux Day, dalle 9.30 alle 18.00. L&#8217;ingresso \u00e8 gratuito, cos\u00ec come la partecipazione a tutte le attivit\u00e0 previste: comunication server, codifiche video, fotografia, gestione centralizzata aule scolastiche, schede arduino e raspberry pi, stampanti 3d.<\/p>\n<p>Per tutti i partecipanti sar\u00e0 possibile anche giocare in un LAN party Linux, e installare il sistema operativo sul proprio computer con l&#8217;aiuto di esperti.<\/p>\n<p>Linux \u00e8 un sistema operativo Libero, una alternativa a MS Windows e ai sistemi Apple Mac, veloce, efficiente, sicuro. Pu\u00f2 essere utilizzato gratuitamente su qualsiasi computer, distribuito a chiunque, modificato a piacimento.<\/p>\n<p>Per collaborare nella diffusione di queste libert\u00e0 sono nati in molte citt\u00e0 italiane dei LUG, Linux User Group, che partecipano tutti gli anni a una giornata nazionale di introduzione a Linux e alle tecnologie collegate al Free Software.<\/p>\n<p>Ulteriori informazioni su <a href=\"http:\/\/www.luganega.net\">www.luganega.net<\/a><\/p>\n<p>&nbsp;<\/p>","protected":false},"excerpt":{"rendered":"<p>Sabato 27 ottobre il LUG bellunese LugAnegA, associazione culturale attiva da molti anni sul territorio, organizza presso il Centro Formazione Professionale Maestranze Edili di Sedico il proprio Linux Day, dalle 9.30 alle 18.00. L&#8217;ingresso \u00e8 gratuito, cos\u00ec come la partecipazione a tutte le attivit\u00e0 previste: comunication server, codifiche video, fotografia, gestione centralizzata aule scolastiche, schede [&hellip;]<\/p>\n","protected":false},"author":2,"featured_media":0,"comment_status":"closed","ping_status":"open","sticky":false,"template":"","format":"standard","meta":{"footnotes":""},"categories":[27,26,8],"tags":[],"class_list":["post-43376","post","type-post","status-publish","format-standard","category-appuntamenti","category-prima-pagina","category-societa-istituzioni"],"yoast_head":"<!-- This site is optimized with the Yoast SEO plugin v28.4 - https:\/\/yoast.com\/product\/yoast-seo-wordpress\/ -->\n<title>Sabato a Sedico, \u00e8 tempo di Linux Day - Bellunopress - Dolomiti<\/title>\n<meta name=\"robots\" content=\"index, follow, max-snippet:-1, max-image-preview:large, max-video-preview:-1\" \/>\n<link rel=\"canonical\" href=\"https:\/\/www.bellunopress.it\/fr\/2012\/10\/25\/sabato-a-sedico-e-tempo-di-linux-day\/\" \/>\n<meta property=\"og:locale\" content=\"fr_FR\" \/>\n<meta property=\"og:type\" content=\"article\" \/>\n<meta property=\"og:title\" content=\"Sabato a Sedico, \u00e8 tempo di Linux Day - Bellunopress - Dolomiti\" \/>\n<meta property=\"og:description\" content=\"Sabato 27 ottobre il LUG bellunese LugAnegA, associazione culturale attiva da molti anni sul territorio, organizza presso il Centro Formazione Professionale Maestranze Edili di Sedico il proprio Linux Day, dalle 9.30 alle 18.00. L&#8217;ingresso \u00e8 gratuito, cos\u00ec come la partecipazione a tutte le attivit\u00e0 previste: comunication server, codifiche video, fotografia, gestione centralizzata aule scolastiche, schede [&hellip;]\" \/>\n<meta property=\"og:url\" content=\"https:\/\/www.bellunopress.it\/fr\/2012\/10\/25\/sabato-a-sedico-e-tempo-di-linux-day\/\" \/>\n<meta property=\"og:site_name\" content=\"Bellunopress - Dolomiti\" \/>\n<meta property=\"article:publisher\" content=\"https:\/\/www.facebook.com\/profile.php?id=100008943462799\" \/>\n<meta property=\"article:published_time\" content=\"2012-10-25T21:00:48+00:00\" \/>\n<meta property=\"og:image\" content=\"http:\/\/www.bellunopress.it\/wp-content\/uploads\/2012\/10\/luganega.jpg\" \/>\n<meta name=\"author\" content=\"redazione\" \/>\n<meta name=\"twitter:card\" content=\"summary_large_image\" \/>\n<meta name=\"twitter:creator\" content=\"@bellunopress\" \/>\n<meta name=\"twitter:site\" content=\"@bellunopress\" \/>\n<meta name=\"twitter:label1\" content=\"\u00c9crit par\" \/>\n\t<meta name=\"twitter:data1\" content=\"redazione\" \/>\n\t<meta name=\"twitter:label2\" content=\"Dur\u00e9e de lecture estim\u00e9e\" \/>\n\t<meta name=\"twitter:data2\" content=\"1 minute\" \/>\n<script type=\"application\/ld+json\" class=\"yoast-schema-graph\">{\"@context\":\"https:\\\/\\\/schema.org\",\"@graph\":[{\"@type\":\"Article\",\"@id\":\"https:\\\/\\\/www.bellunopress.it\\\/2012\\\/10\\\/25\\\/sabato-a-sedico-e-tempo-di-linux-day\\\/#article\",\"isPartOf\":{\"@id\":\"https:\\\/\\\/www.bellunopress.it\\\/2012\\\/10\\\/25\\\/sabato-a-sedico-e-tempo-di-linux-day\\\/\"},\"author\":{\"name\":\"redazione\",\"@id\":\"https:\\\/\\\/www.bellunopress.it\\\/#\\\/schema\\\/person\\\/79bb06722b37ece1c03d3e94beb30d73\"},\"headline\":\"Sabato a Sedico, \u00e8 tempo di Linux Day\",\"datePublished\":\"2012-10-25T21:00:48+00:00\",\"mainEntityOfPage\":{\"@id\":\"https:\\\/\\\/www.bellunopress.it\\\/2012\\\/10\\\/25\\\/sabato-a-sedico-e-tempo-di-linux-day\\\/\"},\"wordCount\":167,\"publisher\":{\"@id\":\"https:\\\/\\\/www.bellunopress.it\\\/#organization\"},\"image\":{\"@id\":\"https:\\\/\\\/www.bellunopress.it\\\/2012\\\/10\\\/25\\\/sabato-a-sedico-e-tempo-di-linux-day\\\/#primaryimage\"},\"thumbnailUrl\":\"http:\\\/\\\/www.bellunopress.it\\\/wp-content\\\/uploads\\\/2012\\\/10\\\/luganega.jpg\",\"articleSection\":[\"Appuntamenti, Eventi\",\"Prima Pagina\",\"Societ\u00e0, Associazioni, Istituzioni\"],\"inLanguage\":\"fr-FR\"},{\"@type\":\"WebPage\",\"@id\":\"https:\\\/\\\/www.bellunopress.it\\\/2012\\\/10\\\/25\\\/sabato-a-sedico-e-tempo-di-linux-day\\\/\",\"url\":\"https:\\\/\\\/www.bellunopress.it\\\/2012\\\/10\\\/25\\\/sabato-a-sedico-e-tempo-di-linux-day\\\/\",\"name\":\"Sabato a Sedico, \u00e8 tempo di Linux Day - Bellunopress - Dolomiti\",\"isPartOf\":{\"@id\":\"https:\\\/\\\/www.bellunopress.it\\\/#website\"},\"primaryImageOfPage\":{\"@id\":\"https:\\\/\\\/www.bellunopress.it\\\/2012\\\/10\\\/25\\\/sabato-a-sedico-e-tempo-di-linux-day\\\/#primaryimage\"},\"image\":{\"@id\":\"https:\\\/\\\/www.bellunopress.it\\\/2012\\\/10\\\/25\\\/sabato-a-sedico-e-tempo-di-linux-day\\\/#primaryimage\"},\"thumbnailUrl\":\"http:\\\/\\\/www.bellunopress.it\\\/wp-content\\\/uploads\\\/2012\\\/10\\\/luganega.jpg\",\"datePublished\":\"2012-10-25T21:00:48+00:00\",\"breadcrumb\":{\"@id\":\"https:\\\/\\\/www.bellunopress.it\\\/2012\\\/10\\\/25\\\/sabato-a-sedico-e-tempo-di-linux-day\\\/#breadcrumb\"},\"inLanguage\":\"fr-FR\",\"potentialAction\":[{\"@type\":\"ReadAction\",\"target\":[\"https:\\\/\\\/www.bellunopress.it\\\/2012\\\/10\\\/25\\\/sabato-a-sedico-e-tempo-di-linux-day\\\/\"]}]},{\"@type\":\"ImageObject\",\"inLanguage\":\"fr-FR\",\"@id\":\"https:\\\/\\\/www.bellunopress.it\\\/2012\\\/10\\\/25\\\/sabato-a-sedico-e-tempo-di-linux-day\\\/#primaryimage\",\"url\":\"http:\\\/\\\/www.bellunopress.it\\\/wp-content\\\/uploads\\\/2012\\\/10\\\/luganega.jpg\",\"contentUrl\":\"http:\\\/\\\/www.bellunopress.it\\\/wp-content\\\/uploads\\\/2012\\\/10\\\/luganega.jpg\"},{\"@type\":\"BreadcrumbList\",\"@id\":\"https:\\\/\\\/www.bellunopress.it\\\/2012\\\/10\\\/25\\\/sabato-a-sedico-e-tempo-di-linux-day\\\/#breadcrumb\",\"itemListElement\":[{\"@type\":\"ListItem\",\"position\":1,\"name\":\"Home\",\"item\":\"https:\\\/\\\/www.bellunopress.it\\\/\"},{\"@type\":\"ListItem\",\"position\":2,\"name\":\"Sabato a Sedico, \u00e8 tempo di Linux Day\"}]},{\"@type\":\"WebSite\",\"@id\":\"https:\\\/\\\/www.bellunopress.it\\\/#website\",\"url\":\"https:\\\/\\\/www.bellunopress.it\\\/\",\"name\":\"Bellunopress - Dolomiti\",\"description\":\"e-mail: redazione@bellunopress.it\",\"publisher\":{\"@id\":\"https:\\\/\\\/www.bellunopress.it\\\/#organization\"},\"potentialAction\":[{\"@type\":\"SearchAction\",\"target\":{\"@type\":\"EntryPoint\",\"urlTemplate\":\"https:\\\/\\\/www.bellunopress.it\\\/?s={search_term_string}\"},\"query-input\":{\"@type\":\"PropertyValueSpecification\",\"valueRequired\":true,\"valueName\":\"search_term_string\"}}],\"inLanguage\":\"fr-FR\"},{\"@type\":\"Organization\",\"@id\":\"https:\\\/\\\/www.bellunopress.it\\\/#organization\",\"name\":\"Bellunopress\",\"url\":\"https:\\\/\\\/www.bellunopress.it\\\/\",\"logo\":{\"@type\":\"ImageObject\",\"inLanguage\":\"fr-FR\",\"@id\":\"https:\\\/\\\/www.bellunopress.it\\\/#\\\/schema\\\/logo\\\/image\\\/\",\"url\":\"https:\\\/\\\/www.bellunopress.it\\\/wp-content\\\/uploads\\\/2011\\\/05\\\/cropped-logo-bellunopress-.jpg\",\"contentUrl\":\"https:\\\/\\\/www.bellunopress.it\\\/wp-content\\\/uploads\\\/2011\\\/05\\\/cropped-logo-bellunopress-.jpg\",\"width\":512,\"height\":512,\"caption\":\"Bellunopress\"},\"image\":{\"@id\":\"https:\\\/\\\/www.bellunopress.it\\\/#\\\/schema\\\/logo\\\/image\\\/\"},\"sameAs\":[\"https:\\\/\\\/www.facebook.com\\\/profile.php?id=100008943462799\",\"https:\\\/\\\/x.com\\\/bellunopress\",\"https:\\\/\\\/www.linkedin.com\\\/hp\\\/?dnr=JBzUWaJfMUw8vbXJJ2tVW5-I3jZKvC4wsoxE&amp;amp;amp;amp;amp;amp;trk=nav_responsive_tab_home\",\"https:\\\/\\\/www.youtube.com\\\/channel\\\/UCxL0wu1uN0_3_7hGG0306cw\"]},{\"@type\":\"Person\",\"@id\":\"https:\\\/\\\/www.bellunopress.it\\\/#\\\/schema\\\/person\\\/79bb06722b37ece1c03d3e94beb30d73\",\"name\":\"redazione\",\"image\":{\"@type\":\"ImageObject\",\"inLanguage\":\"fr-FR\",\"@id\":\"https:\\\/\\\/secure.gravatar.com\\\/avatar\\\/37d968a2e67a6fd04c169c4bdef102d0bc5d31b2546345219e348575eb80e9a0?s=96&d=mm&r=g\",\"url\":\"https:\\\/\\\/secure.gravatar.com\\\/avatar\\\/37d968a2e67a6fd04c169c4bdef102d0bc5d31b2546345219e348575eb80e9a0?s=96&d=mm&r=g\",\"contentUrl\":\"https:\\\/\\\/secure.gravatar.com\\\/avatar\\\/37d968a2e67a6fd04c169c4bdef102d0bc5d31b2546345219e348575eb80e9a0?s=96&d=mm&r=g\",\"caption\":\"redazione\"},\"sameAs\":[\"http:\\\/\\\/www.bellunopress.it\",\"https:\\\/\\\/x.com\\\/bellunopress\"],\"url\":\"https:\\\/\\\/www.bellunopress.it\\\/fr\\\/author\\\/redazione\\\/\"}]}<\/script>\n<!-- \/ Yoast SEO plugin. -->","yoast_head_json":{"title":"Sabato a Sedico, \u00e8 tempo di Linux Day - Bellunopress - Dolomiti","robots":{"index":"index","follow":"follow","max-snippet":"max-snippet:-1","max-image-preview":"max-image-preview:large","max-video-preview":"max-video-preview:-1"},"canonical":"https:\/\/www.bellunopress.it\/fr\/2012\/10\/25\/sabato-a-sedico-e-tempo-di-linux-day\/","og_locale":"fr_FR","og_type":"article","og_title":"Sabato a Sedico, \u00e8 tempo di Linux Day - Bellunopress - Dolomiti","og_description":"Sabato 27 ottobre il LUG bellunese LugAnegA, associazione culturale attiva da molti anni sul territorio, organizza presso il Centro Formazione Professionale Maestranze Edili di Sedico il proprio Linux Day, dalle 9.30 alle 18.00. L&#8217;ingresso \u00e8 gratuito, cos\u00ec come la partecipazione a tutte le attivit\u00e0 previste: comunication server, codifiche video, fotografia, gestione centralizzata aule scolastiche, schede [&hellip;]","og_url":"https:\/\/www.bellunopress.it\/fr\/2012\/10\/25\/sabato-a-sedico-e-tempo-di-linux-day\/","og_site_name":"Bellunopress - Dolomiti","article_publisher":"https:\/\/www.facebook.com\/profile.php?id=100008943462799","article_published_time":"2012-10-25T21:00:48+00:00","og_image":[{"url":"http:\/\/www.bellunopress.it\/wp-content\/uploads\/2012\/10\/luganega.jpg","type":"","width":"","height":""}],"author":"redazione","twitter_card":"summary_large_image","twitter_creator":"@bellunopress","twitter_site":"@bellunopress","twitter_misc":{"\u00c9crit par":"redazione","Dur\u00e9e de lecture estim\u00e9e":"1 minute"},"schema":{"@context":"https:\/\/schema.org","@graph":[{"@type":"Article","@id":"https:\/\/www.bellunopress.it\/2012\/10\/25\/sabato-a-sedico-e-tempo-di-linux-day\/#article","isPartOf":{"@id":"https:\/\/www.bellunopress.it\/2012\/10\/25\/sabato-a-sedico-e-tempo-di-linux-day\/"},"author":{"name":"redazione","@id":"https:\/\/www.bellunopress.it\/#\/schema\/person\/79bb06722b37ece1c03d3e94beb30d73"},"headline":"Sabato a Sedico, \u00e8 tempo di Linux Day","datePublished":"2012-10-25T21:00:48+00:00","mainEntityOfPage":{"@id":"https:\/\/www.bellunopress.it\/2012\/10\/25\/sabato-a-sedico-e-tempo-di-linux-day\/"},"wordCount":167,"publisher":{"@id":"https:\/\/www.bellunopress.it\/#organization"},"image":{"@id":"https:\/\/www.bellunopress.it\/2012\/10\/25\/sabato-a-sedico-e-tempo-di-linux-day\/#primaryimage"},"thumbnailUrl":"http:\/\/www.bellunopress.it\/wp-content\/uploads\/2012\/10\/luganega.jpg","articleSection":["Appuntamenti, Eventi","Prima Pagina","Societ\u00e0, Associazioni, Istituzioni"],"inLanguage":"fr-FR"},{"@type":"WebPage","@id":"https:\/\/www.bellunopress.it\/2012\/10\/25\/sabato-a-sedico-e-tempo-di-linux-day\/","url":"https:\/\/www.bellunopress.it\/2012\/10\/25\/sabato-a-sedico-e-tempo-di-linux-day\/","name":"Sabato a Sedico, \u00e8 tempo di Linux Day - Bellunopress - Dolomiti","isPartOf":{"@id":"https:\/\/www.bellunopress.it\/#website"},"primaryImageOfPage":{"@id":"https:\/\/www.bellunopress.it\/2012\/10\/25\/sabato-a-sedico-e-tempo-di-linux-day\/#primaryimage"},"image":{"@id":"https:\/\/www.bellunopress.it\/2012\/10\/25\/sabato-a-sedico-e-tempo-di-linux-day\/#primaryimage"},"thumbnailUrl":"http:\/\/www.bellunopress.it\/wp-content\/uploads\/2012\/10\/luganega.jpg","datePublished":"2012-10-25T21:00:48+00:00","breadcrumb":{"@id":"https:\/\/www.bellunopress.it\/2012\/10\/25\/sabato-a-sedico-e-tempo-di-linux-day\/#breadcrumb"},"inLanguage":"fr-FR","potentialAction":[{"@type":"ReadAction","target":["https:\/\/www.bellunopress.it\/2012\/10\/25\/sabato-a-sedico-e-tempo-di-linux-day\/"]}]},{"@type":"ImageObject","inLanguage":"fr-FR","@id":"https:\/\/www.bellunopress.it\/2012\/10\/25\/sabato-a-sedico-e-tempo-di-linux-day\/#primaryimage","url":"http:\/\/www.bellunopress.it\/wp-content\/uploads\/2012\/10\/luganega.jpg","contentUrl":"http:\/\/www.bellunopress.it\/wp-content\/uploads\/2012\/10\/luganega.jpg"},{"@type":"BreadcrumbList","@id":"https:\/\/www.bellunopress.it\/2012\/10\/25\/sabato-a-sedico-e-tempo-di-linux-day\/#breadcrumb","itemListElement":[{"@type":"ListItem","position":1,"name":"Home","item":"https:\/\/www.bellunopress.it\/"},{"@type":"ListItem","position":2,"name":"Sabato a Sedico, \u00e8 tempo di Linux Day"}]},{"@type":"WebSite","@id":"https:\/\/www.bellunopress.it\/#website","url":"https:\/\/www.bellunopress.it\/","name":"Bellunopress - Dolomiti","description":"e-mail: redazione@bellunopress.it","publisher":{"@id":"https:\/\/www.bellunopress.it\/#organization"},"potentialAction":[{"@type":"SearchAction","target":{"@type":"EntryPoint","urlTemplate":"https:\/\/www.bellunopress.it\/?s={search_term_string}"},"query-input":{"@type":"PropertyValueSpecification","valueRequired":true,"valueName":"search_term_string"}}],"inLanguage":"fr-FR"},{"@type":"Organization","@id":"https:\/\/www.bellunopress.it\/#organization","name":"Bellunopress","url":"https:\/\/www.bellunopress.it\/","logo":{"@type":"ImageObject","inLanguage":"fr-FR","@id":"https:\/\/www.bellunopress.it\/#\/schema\/logo\/image\/","url":"https:\/\/www.bellunopress.it\/wp-content\/uploads\/2011\/05\/cropped-logo-bellunopress-.jpg","contentUrl":"https:\/\/www.bellunopress.it\/wp-content\/uploads\/2011\/05\/cropped-logo-bellunopress-.jpg","width":512,"height":512,"caption":"Bellunopress"},"image":{"@id":"https:\/\/www.bellunopress.it\/#\/schema\/logo\/image\/"},"sameAs":["https:\/\/www.facebook.com\/profile.php?id=100008943462799","https:\/\/x.com\/bellunopress","https:\/\/www.linkedin.com\/hp\/?dnr=JBzUWaJfMUw8vbXJJ2tVW5-I3jZKvC4wsoxE&amp;amp;amp;amp;amp;amp;trk=nav_responsive_tab_home","https:\/\/www.youtube.com\/channel\/UCxL0wu1uN0_3_7hGG0306cw"]},{"@type":"Person","@id":"https:\/\/www.bellunopress.it\/#\/schema\/person\/79bb06722b37ece1c03d3e94beb30d73","name":"r\u00e9daction","image":{"@type":"ImageObject","inLanguage":"fr-FR","@id":"https:\/\/secure.gravatar.com\/avatar\/37d968a2e67a6fd04c169c4bdef102d0bc5d31b2546345219e348575eb80e9a0?s=96&d=mm&r=g","url":"https:\/\/secure.gravatar.com\/avatar\/37d968a2e67a6fd04c169c4bdef102d0bc5d31b2546345219e348575eb80e9a0?s=96&d=mm&r=g","contentUrl":"https:\/\/secure.gravatar.com\/avatar\/37d968a2e67a6fd04c169c4bdef102d0bc5d31b2546345219e348575eb80e9a0?s=96&d=mm&r=g","caption":"redazione"},"sameAs":["http:\/\/www.bellunopress.it","https:\/\/x.com\/bellunopress"],"url":"https:\/\/www.bellunopress.it\/fr\/author\/redazione\/"}]}},"_links":{"self":[{"href":"https:\/\/www.bellunopress.it\/fr\/wp-json\/wp\/v2\/posts\/43376","targetHints":{"allow":["GET"]}}],"collection":[{"href":"https:\/\/www.bellunopress.it\/fr\/wp-json\/wp\/v2\/posts"}],"about":[{"href":"https:\/\/www.bellunopress.it\/fr\/wp-json\/wp\/v2\/types\/post"}],"author":[{"embeddable":true,"href":"https:\/\/www.bellunopress.it\/fr\/wp-json\/wp\/v2\/users\/2"}],"replies":[{"embeddable":true,"href":"https:\/\/www.bellunopress.it\/fr\/wp-json\/wp\/v2\/comments?post=43376"}],"version-history":[{"count":1,"href":"https:\/\/www.bellunopress.it\/fr\/wp-json\/wp\/v2\/posts\/43376\/revisions"}],"predecessor-version":[{"id":43378,"href":"https:\/\/www.bellunopress.it\/fr\/wp-json\/wp\/v2\/posts\/43376\/revisions\/43378"}],"wp:attachment":[{"href":"https:\/\/www.bellunopress.it\/fr\/wp-json\/wp\/v2\/media?parent=43376"}],"wp:term":[{"taxonomy":"category","embeddable":true,"href":"https:\/\/www.bellunopress.it\/fr\/wp-json\/wp\/v2\/categories?post=43376"},{"taxonomy":"post_tag","embeddable":true,"href":"https:\/\/www.bellunopress.it\/fr\/wp-json\/wp\/v2\/tags?post=43376"}],"curies":[{"name":"wp","href":"https:\/\/api.w.org\/{rel}","templated":true}]}}