{"id":43284,"date":"2012-10-28T20:38:56","date_gmt":"2012-10-28T19:38:56","guid":{"rendered":"http:\/\/www.bellunopress.it\/?p=43284"},"modified":"2012-10-22T20:45:05","modified_gmt":"2012-10-22T19:45:05","slug":"il-tempo-di-mary-lalpinista-dal-giubbetto-rosso-di-francesco-comba-lunedi-ore-18-in-sala-bianchi","status":"publish","type":"post","link":"https:\/\/www.bellunopress.it\/fr\/2012\/10\/28\/il-tempo-di-mary-lalpinista-dal-giubbetto-rosso-di-francesco-comba-lunedi-ore-18-in-sala-bianchi\/","title":{"rendered":"Il tempo di Mary l\u2019alpinista dal giubbetto rosso, di Francesco Comba. Luned\u00ec ore 18 in Sala Bianchi"},"content":{"rendered":"<p>Luned\u00ec 29 ottobre 2012, ore 18 \u00a0nella Sala Eliseo Dal Pont \u201cBianchi\u201d di Belluno si terr\u00e0 la presentazione del libro &#8220;Il tempo di Mary l\u2019alpinista dal giubbetto rosso&#8221;, di Francesco Comba. Con introduzione dell\u2019assessore alla Cultura Claudia Alpago-Novello.<\/p>\n<p>Interventi di Giovanni Grazioli e Giuseppe Sorge e con la partecipazione dell\u2019autore.<\/p>\n<p>In un\u2019epoca in cui il dibattito sul ruolo sociale della donna sembra pi\u00f9 che mai vivo e attuale, la figura di Mary Varale (1895 &#8211; 1963) colpisce per la sua eccezionalit\u00e0, non solo come alpinista in un mondo \u2013 quello degli anni venti del secolo scorso \u2013 in cui l\u2019arrampicata appariva prerogativa essenzialmente maschile, ma anche in quanto donna dal temperamento particolarmente tenace e anticonformista.<\/p>\n<p>dall\u2019introduzione<\/p>\n<p>Il libro \u00e8 il frutto delle ricerche avviate dal lavoro di riordino che Francesco Comba ha svolto nel Fondo Vittorio Varale che conserva la Biblioteca civica e dalla ricerca negli archivi in diverse sedi del CAI e presso la SAT di Trento.<\/p>\n<p>\u201cLa gioia di aver superato una parete vincendo l\u2019attrazione del vuoto merc\u00e8 le proprie forze e il proprio coraggio, \u00e8 un tesoro nostro soltanto, che ci appartiene e ci accompagner\u00e0 tutta la vita\u2026\u201d<\/p>\n<p>Mary Varale<\/p>\n<p>&nbsp;<\/p>\n<p>&nbsp;<\/p>\n<p>&nbsp;<\/p>\n<p>&nbsp;<\/p>\n<p>&nbsp;<\/p>","protected":false},"excerpt":{"rendered":"<p>Luned\u00ec 29 ottobre 2012, ore 18 \u00a0nella Sala Eliseo Dal Pont \u201cBianchi\u201d di Belluno si terr\u00e0 la presentazione del libro &#8220;Il tempo di Mary l\u2019alpinista dal giubbetto rosso&#8221;, di Francesco Comba. Con introduzione dell\u2019assessore alla Cultura Claudia Alpago-Novello. Interventi di Giovanni Grazioli e Giuseppe Sorge e con la partecipazione dell\u2019autore. In un\u2019epoca in cui il [&hellip;]<\/p>\n","protected":false},"author":2,"featured_media":0,"comment_status":"closed","ping_status":"open","sticky":false,"template":"","format":"standard","meta":{"footnotes":""},"categories":[27,25],"tags":[],"class_list":["post-43284","post","type-post","status-publish","format-standard","category-appuntamenti","category-pausa-caffe"],"yoast_head":"<!-- This site is optimized with the Yoast SEO plugin v28.4 - https:\/\/yoast.com\/product\/yoast-seo-wordpress\/ -->\n<title>Il tempo di Mary l\u2019alpinista dal giubbetto rosso, di Francesco Comba. Luned\u00ec ore 18 in Sala Bianchi - Bellunopress - Dolomiti<\/title>\n<meta name=\"robots\" content=\"index, follow, max-snippet:-1, max-image-preview:large, max-video-preview:-1\" \/>\n<link rel=\"canonical\" href=\"https:\/\/www.bellunopress.it\/fr\/2012\/10\/28\/il-tempo-di-mary-lalpinista-dal-giubbetto-rosso-di-francesco-comba-lunedi-ore-18-in-sala-bianchi\/\" \/>\n<meta property=\"og:locale\" content=\"fr_FR\" \/>\n<meta property=\"og:type\" content=\"article\" \/>\n<meta property=\"og:title\" content=\"Il tempo di Mary l\u2019alpinista dal giubbetto rosso, di Francesco Comba. Luned\u00ec ore 18 in Sala Bianchi - Bellunopress - Dolomiti\" \/>\n<meta property=\"og:description\" content=\"Luned\u00ec 29 ottobre 2012, ore 18 \u00a0nella Sala Eliseo Dal Pont \u201cBianchi\u201d di Belluno si terr\u00e0 la presentazione del libro &#8220;Il tempo di Mary l\u2019alpinista dal giubbetto rosso&#8221;, di Francesco Comba. Con introduzione dell\u2019assessore alla Cultura Claudia Alpago-Novello. Interventi di Giovanni Grazioli e Giuseppe Sorge e con la partecipazione dell\u2019autore. In un\u2019epoca in cui il [&hellip;]\" \/>\n<meta property=\"og:url\" content=\"https:\/\/www.bellunopress.it\/fr\/2012\/10\/28\/il-tempo-di-mary-lalpinista-dal-giubbetto-rosso-di-francesco-comba-lunedi-ore-18-in-sala-bianchi\/\" \/>\n<meta property=\"og:site_name\" content=\"Bellunopress - Dolomiti\" \/>\n<meta property=\"article:publisher\" content=\"https:\/\/www.facebook.com\/profile.php?id=100008943462799\" \/>\n<meta property=\"article:published_time\" content=\"2012-10-28T19:38:56+00:00\" \/>\n<meta property=\"og:image\" content=\"http:\/\/www.bellunopress.it\/wp-content\/uploads\/2012\/07\/logo-bellunopress-250x250-2012.jpg\" \/>\n<meta name=\"author\" content=\"redazione\" \/>\n<meta name=\"twitter:card\" content=\"summary_large_image\" \/>\n<meta name=\"twitter:creator\" content=\"@bellunopress\" \/>\n<meta name=\"twitter:site\" content=\"@bellunopress\" \/>\n<meta name=\"twitter:label1\" content=\"\u00c9crit par\" \/>\n\t<meta name=\"twitter:data1\" content=\"redazione\" \/>\n\t<meta name=\"twitter:label2\" content=\"Dur\u00e9e de lecture estim\u00e9e\" \/>\n\t<meta name=\"twitter:data2\" content=\"1 minute\" \/>\n<script type=\"application\/ld+json\" class=\"yoast-schema-graph\">{\"@context\":\"https:\\\/\\\/schema.org\",\"@graph\":[{\"@type\":\"Article\",\"@id\":\"https:\\\/\\\/www.bellunopress.it\\\/2012\\\/10\\\/28\\\/il-tempo-di-mary-lalpinista-dal-giubbetto-rosso-di-francesco-comba-lunedi-ore-18-in-sala-bianchi\\\/#article\",\"isPartOf\":{\"@id\":\"https:\\\/\\\/www.bellunopress.it\\\/2012\\\/10\\\/28\\\/il-tempo-di-mary-lalpinista-dal-giubbetto-rosso-di-francesco-comba-lunedi-ore-18-in-sala-bianchi\\\/\"},\"author\":{\"name\":\"redazione\",\"@id\":\"https:\\\/\\\/www.bellunopress.it\\\/#\\\/schema\\\/person\\\/79bb06722b37ece1c03d3e94beb30d73\"},\"headline\":\"Il tempo di Mary l\u2019alpinista dal giubbetto rosso, di Francesco Comba. Luned\u00ec ore 18 in Sala Bianchi\",\"datePublished\":\"2012-10-28T19:38:56+00:00\",\"mainEntityOfPage\":{\"@id\":\"https:\\\/\\\/www.bellunopress.it\\\/2012\\\/10\\\/28\\\/il-tempo-di-mary-lalpinista-dal-giubbetto-rosso-di-francesco-comba-lunedi-ore-18-in-sala-bianchi\\\/\"},\"wordCount\":213,\"publisher\":{\"@id\":\"https:\\\/\\\/www.bellunopress.it\\\/#organization\"},\"articleSection\":[\"Appuntamenti, Eventi\",\"Pausa Caff\u00e8\"],\"inLanguage\":\"fr-FR\"},{\"@type\":\"WebPage\",\"@id\":\"https:\\\/\\\/www.bellunopress.it\\\/2012\\\/10\\\/28\\\/il-tempo-di-mary-lalpinista-dal-giubbetto-rosso-di-francesco-comba-lunedi-ore-18-in-sala-bianchi\\\/\",\"url\":\"https:\\\/\\\/www.bellunopress.it\\\/2012\\\/10\\\/28\\\/il-tempo-di-mary-lalpinista-dal-giubbetto-rosso-di-francesco-comba-lunedi-ore-18-in-sala-bianchi\\\/\",\"name\":\"Il tempo di Mary l\u2019alpinista dal giubbetto rosso, di Francesco Comba. Luned\u00ec ore 18 in Sala Bianchi - Bellunopress - Dolomiti\",\"isPartOf\":{\"@id\":\"https:\\\/\\\/www.bellunopress.it\\\/#website\"},\"datePublished\":\"2012-10-28T19:38:56+00:00\",\"breadcrumb\":{\"@id\":\"https:\\\/\\\/www.bellunopress.it\\\/2012\\\/10\\\/28\\\/il-tempo-di-mary-lalpinista-dal-giubbetto-rosso-di-francesco-comba-lunedi-ore-18-in-sala-bianchi\\\/#breadcrumb\"},\"inLanguage\":\"fr-FR\",\"potentialAction\":[{\"@type\":\"ReadAction\",\"target\":[\"https:\\\/\\\/www.bellunopress.it\\\/2012\\\/10\\\/28\\\/il-tempo-di-mary-lalpinista-dal-giubbetto-rosso-di-francesco-comba-lunedi-ore-18-in-sala-bianchi\\\/\"]}]},{\"@type\":\"BreadcrumbList\",\"@id\":\"https:\\\/\\\/www.bellunopress.it\\\/2012\\\/10\\\/28\\\/il-tempo-di-mary-lalpinista-dal-giubbetto-rosso-di-francesco-comba-lunedi-ore-18-in-sala-bianchi\\\/#breadcrumb\",\"itemListElement\":[{\"@type\":\"ListItem\",\"position\":1,\"name\":\"Home\",\"item\":\"https:\\\/\\\/www.bellunopress.it\\\/\"},{\"@type\":\"ListItem\",\"position\":2,\"name\":\"Il tempo di Mary l\u2019alpinista dal giubbetto rosso, di Francesco Comba. Luned\u00ec ore 18 in Sala Bianchi\"}]},{\"@type\":\"WebSite\",\"@id\":\"https:\\\/\\\/www.bellunopress.it\\\/#website\",\"url\":\"https:\\\/\\\/www.bellunopress.it\\\/\",\"name\":\"Bellunopress - Dolomiti\",\"description\":\"e-mail: redazione@bellunopress.it\",\"publisher\":{\"@id\":\"https:\\\/\\\/www.bellunopress.it\\\/#organization\"},\"potentialAction\":[{\"@type\":\"SearchAction\",\"target\":{\"@type\":\"EntryPoint\",\"urlTemplate\":\"https:\\\/\\\/www.bellunopress.it\\\/?s={search_term_string}\"},\"query-input\":{\"@type\":\"PropertyValueSpecification\",\"valueRequired\":true,\"valueName\":\"search_term_string\"}}],\"inLanguage\":\"fr-FR\"},{\"@type\":\"Organization\",\"@id\":\"https:\\\/\\\/www.bellunopress.it\\\/#organization\",\"name\":\"Bellunopress\",\"url\":\"https:\\\/\\\/www.bellunopress.it\\\/\",\"logo\":{\"@type\":\"ImageObject\",\"inLanguage\":\"fr-FR\",\"@id\":\"https:\\\/\\\/www.bellunopress.it\\\/#\\\/schema\\\/logo\\\/image\\\/\",\"url\":\"https:\\\/\\\/www.bellunopress.it\\\/wp-content\\\/uploads\\\/2011\\\/05\\\/cropped-logo-bellunopress-.jpg\",\"contentUrl\":\"https:\\\/\\\/www.bellunopress.it\\\/wp-content\\\/uploads\\\/2011\\\/05\\\/cropped-logo-bellunopress-.jpg\",\"width\":512,\"height\":512,\"caption\":\"Bellunopress\"},\"image\":{\"@id\":\"https:\\\/\\\/www.bellunopress.it\\\/#\\\/schema\\\/logo\\\/image\\\/\"},\"sameAs\":[\"https:\\\/\\\/www.facebook.com\\\/profile.php?id=100008943462799\",\"https:\\\/\\\/x.com\\\/bellunopress\",\"https:\\\/\\\/www.linkedin.com\\\/hp\\\/?dnr=JBzUWaJfMUw8vbXJJ2tVW5-I3jZKvC4wsoxE&amp;amp;amp;amp;amp;amp;trk=nav_responsive_tab_home\",\"https:\\\/\\\/www.youtube.com\\\/channel\\\/UCxL0wu1uN0_3_7hGG0306cw\"]},{\"@type\":\"Person\",\"@id\":\"https:\\\/\\\/www.bellunopress.it\\\/#\\\/schema\\\/person\\\/79bb06722b37ece1c03d3e94beb30d73\",\"name\":\"redazione\",\"image\":{\"@type\":\"ImageObject\",\"inLanguage\":\"fr-FR\",\"@id\":\"https:\\\/\\\/secure.gravatar.com\\\/avatar\\\/37d968a2e67a6fd04c169c4bdef102d0bc5d31b2546345219e348575eb80e9a0?s=96&d=mm&r=g\",\"url\":\"https:\\\/\\\/secure.gravatar.com\\\/avatar\\\/37d968a2e67a6fd04c169c4bdef102d0bc5d31b2546345219e348575eb80e9a0?s=96&d=mm&r=g\",\"contentUrl\":\"https:\\\/\\\/secure.gravatar.com\\\/avatar\\\/37d968a2e67a6fd04c169c4bdef102d0bc5d31b2546345219e348575eb80e9a0?s=96&d=mm&r=g\",\"caption\":\"redazione\"},\"sameAs\":[\"http:\\\/\\\/www.bellunopress.it\",\"https:\\\/\\\/x.com\\\/bellunopress\"],\"url\":\"https:\\\/\\\/www.bellunopress.it\\\/fr\\\/author\\\/redazione\\\/\"}]}<\/script>\n<!-- \/ Yoast SEO plugin. -->","yoast_head_json":{"title":"Il tempo di Mary l\u2019alpinista dal giubbetto rosso, di Francesco Comba. Luned\u00ec ore 18 in Sala Bianchi - Bellunopress - Dolomiti","robots":{"index":"index","follow":"follow","max-snippet":"max-snippet:-1","max-image-preview":"max-image-preview:large","max-video-preview":"max-video-preview:-1"},"canonical":"https:\/\/www.bellunopress.it\/fr\/2012\/10\/28\/il-tempo-di-mary-lalpinista-dal-giubbetto-rosso-di-francesco-comba-lunedi-ore-18-in-sala-bianchi\/","og_locale":"fr_FR","og_type":"article","og_title":"Il tempo di Mary l\u2019alpinista dal giubbetto rosso, di Francesco Comba. Luned\u00ec ore 18 in Sala Bianchi - Bellunopress - Dolomiti","og_description":"Luned\u00ec 29 ottobre 2012, ore 18 \u00a0nella Sala Eliseo Dal Pont \u201cBianchi\u201d di Belluno si terr\u00e0 la presentazione del libro &#8220;Il tempo di Mary l\u2019alpinista dal giubbetto rosso&#8221;, di Francesco Comba. Con introduzione dell\u2019assessore alla Cultura Claudia Alpago-Novello. Interventi di Giovanni Grazioli e Giuseppe Sorge e con la partecipazione dell\u2019autore. In un\u2019epoca in cui il [&hellip;]","og_url":"https:\/\/www.bellunopress.it\/fr\/2012\/10\/28\/il-tempo-di-mary-lalpinista-dal-giubbetto-rosso-di-francesco-comba-lunedi-ore-18-in-sala-bianchi\/","og_site_name":"Bellunopress - Dolomiti","article_publisher":"https:\/\/www.facebook.com\/profile.php?id=100008943462799","article_published_time":"2012-10-28T19:38:56+00:00","og_image":[{"url":"http:\/\/www.bellunopress.it\/wp-content\/uploads\/2012\/07\/logo-bellunopress-250x250-2012.jpg","type":"","width":"","height":""}],"author":"redazione","twitter_card":"summary_large_image","twitter_creator":"@bellunopress","twitter_site":"@bellunopress","twitter_misc":{"\u00c9crit par":"redazione","Dur\u00e9e de lecture estim\u00e9e":"1 minute"},"schema":{"@context":"https:\/\/schema.org","@graph":[{"@type":"Article","@id":"https:\/\/www.bellunopress.it\/2012\/10\/28\/il-tempo-di-mary-lalpinista-dal-giubbetto-rosso-di-francesco-comba-lunedi-ore-18-in-sala-bianchi\/#article","isPartOf":{"@id":"https:\/\/www.bellunopress.it\/2012\/10\/28\/il-tempo-di-mary-lalpinista-dal-giubbetto-rosso-di-francesco-comba-lunedi-ore-18-in-sala-bianchi\/"},"author":{"name":"redazione","@id":"https:\/\/www.bellunopress.it\/#\/schema\/person\/79bb06722b37ece1c03d3e94beb30d73"},"headline":"Il tempo di Mary l\u2019alpinista dal giubbetto rosso, di Francesco Comba. Luned\u00ec ore 18 in Sala Bianchi","datePublished":"2012-10-28T19:38:56+00:00","mainEntityOfPage":{"@id":"https:\/\/www.bellunopress.it\/2012\/10\/28\/il-tempo-di-mary-lalpinista-dal-giubbetto-rosso-di-francesco-comba-lunedi-ore-18-in-sala-bianchi\/"},"wordCount":213,"publisher":{"@id":"https:\/\/www.bellunopress.it\/#organization"},"articleSection":["Appuntamenti, Eventi","Pausa Caff\u00e8"],"inLanguage":"fr-FR"},{"@type":"WebPage","@id":"https:\/\/www.bellunopress.it\/2012\/10\/28\/il-tempo-di-mary-lalpinista-dal-giubbetto-rosso-di-francesco-comba-lunedi-ore-18-in-sala-bianchi\/","url":"https:\/\/www.bellunopress.it\/2012\/10\/28\/il-tempo-di-mary-lalpinista-dal-giubbetto-rosso-di-francesco-comba-lunedi-ore-18-in-sala-bianchi\/","name":"Il tempo di Mary l\u2019alpinista dal giubbetto rosso, di Francesco Comba. Luned\u00ec ore 18 in Sala Bianchi - Bellunopress - Dolomiti","isPartOf":{"@id":"https:\/\/www.bellunopress.it\/#website"},"datePublished":"2012-10-28T19:38:56+00:00","breadcrumb":{"@id":"https:\/\/www.bellunopress.it\/2012\/10\/28\/il-tempo-di-mary-lalpinista-dal-giubbetto-rosso-di-francesco-comba-lunedi-ore-18-in-sala-bianchi\/#breadcrumb"},"inLanguage":"fr-FR","potentialAction":[{"@type":"ReadAction","target":["https:\/\/www.bellunopress.it\/2012\/10\/28\/il-tempo-di-mary-lalpinista-dal-giubbetto-rosso-di-francesco-comba-lunedi-ore-18-in-sala-bianchi\/"]}]},{"@type":"BreadcrumbList","@id":"https:\/\/www.bellunopress.it\/2012\/10\/28\/il-tempo-di-mary-lalpinista-dal-giubbetto-rosso-di-francesco-comba-lunedi-ore-18-in-sala-bianchi\/#breadcrumb","itemListElement":[{"@type":"ListItem","position":1,"name":"Home","item":"https:\/\/www.bellunopress.it\/"},{"@type":"ListItem","position":2,"name":"Il tempo di Mary l\u2019alpinista dal giubbetto rosso, di Francesco Comba. Luned\u00ec ore 18 in Sala Bianchi"}]},{"@type":"WebSite","@id":"https:\/\/www.bellunopress.it\/#website","url":"https:\/\/www.bellunopress.it\/","name":"Bellunopress - Dolomiti","description":"e-mail: redazione@bellunopress.it","publisher":{"@id":"https:\/\/www.bellunopress.it\/#organization"},"potentialAction":[{"@type":"SearchAction","target":{"@type":"EntryPoint","urlTemplate":"https:\/\/www.bellunopress.it\/?s={search_term_string}"},"query-input":{"@type":"PropertyValueSpecification","valueRequired":true,"valueName":"search_term_string"}}],"inLanguage":"fr-FR"},{"@type":"Organization","@id":"https:\/\/www.bellunopress.it\/#organization","name":"Bellunopress","url":"https:\/\/www.bellunopress.it\/","logo":{"@type":"ImageObject","inLanguage":"fr-FR","@id":"https:\/\/www.bellunopress.it\/#\/schema\/logo\/image\/","url":"https:\/\/www.bellunopress.it\/wp-content\/uploads\/2011\/05\/cropped-logo-bellunopress-.jpg","contentUrl":"https:\/\/www.bellunopress.it\/wp-content\/uploads\/2011\/05\/cropped-logo-bellunopress-.jpg","width":512,"height":512,"caption":"Bellunopress"},"image":{"@id":"https:\/\/www.bellunopress.it\/#\/schema\/logo\/image\/"},"sameAs":["https:\/\/www.facebook.com\/profile.php?id=100008943462799","https:\/\/x.com\/bellunopress","https:\/\/www.linkedin.com\/hp\/?dnr=JBzUWaJfMUw8vbXJJ2tVW5-I3jZKvC4wsoxE&amp;amp;amp;amp;amp;amp;trk=nav_responsive_tab_home","https:\/\/www.youtube.com\/channel\/UCxL0wu1uN0_3_7hGG0306cw"]},{"@type":"Person","@id":"https:\/\/www.bellunopress.it\/#\/schema\/person\/79bb06722b37ece1c03d3e94beb30d73","name":"r\u00e9daction","image":{"@type":"ImageObject","inLanguage":"fr-FR","@id":"https:\/\/secure.gravatar.com\/avatar\/37d968a2e67a6fd04c169c4bdef102d0bc5d31b2546345219e348575eb80e9a0?s=96&d=mm&r=g","url":"https:\/\/secure.gravatar.com\/avatar\/37d968a2e67a6fd04c169c4bdef102d0bc5d31b2546345219e348575eb80e9a0?s=96&d=mm&r=g","contentUrl":"https:\/\/secure.gravatar.com\/avatar\/37d968a2e67a6fd04c169c4bdef102d0bc5d31b2546345219e348575eb80e9a0?s=96&d=mm&r=g","caption":"redazione"},"sameAs":["http:\/\/www.bellunopress.it","https:\/\/x.com\/bellunopress"],"url":"https:\/\/www.bellunopress.it\/fr\/author\/redazione\/"}]}},"_links":{"self":[{"href":"https:\/\/www.bellunopress.it\/fr\/wp-json\/wp\/v2\/posts\/43284","targetHints":{"allow":["GET"]}}],"collection":[{"href":"https:\/\/www.bellunopress.it\/fr\/wp-json\/wp\/v2\/posts"}],"about":[{"href":"https:\/\/www.bellunopress.it\/fr\/wp-json\/wp\/v2\/types\/post"}],"author":[{"embeddable":true,"href":"https:\/\/www.bellunopress.it\/fr\/wp-json\/wp\/v2\/users\/2"}],"replies":[{"embeddable":true,"href":"https:\/\/www.bellunopress.it\/fr\/wp-json\/wp\/v2\/comments?post=43284"}],"version-history":[{"count":1,"href":"https:\/\/www.bellunopress.it\/fr\/wp-json\/wp\/v2\/posts\/43284\/revisions"}],"predecessor-version":[{"id":43285,"href":"https:\/\/www.bellunopress.it\/fr\/wp-json\/wp\/v2\/posts\/43284\/revisions\/43285"}],"wp:attachment":[{"href":"https:\/\/www.bellunopress.it\/fr\/wp-json\/wp\/v2\/media?parent=43284"}],"wp:term":[{"taxonomy":"category","embeddable":true,"href":"https:\/\/www.bellunopress.it\/fr\/wp-json\/wp\/v2\/categories?post=43284"},{"taxonomy":"post_tag","embeddable":true,"href":"https:\/\/www.bellunopress.it\/fr\/wp-json\/wp\/v2\/tags?post=43284"}],"curies":[{"name":"wp","href":"https:\/\/api.w.org\/{rel}","templated":true}]}}