{"id":4328,"date":"2009-06-02T22:02:50","date_gmt":"2009-06-02T21:02:50","guid":{"rendered":"http:\/\/www.bellunopress.it\/?p=4328"},"modified":"2009-06-02T22:03:29","modified_gmt":"2009-06-02T21:03:29","slug":"limana-edi-fontana-invita-mario-favero-a-un-incontro-pubblico-prima-del-voto","status":"publish","type":"post","link":"https:\/\/www.bellunopress.it\/fr\/2009\/06\/02\/limana-edi-fontana-invita-mario-favero-a-un-incontro-pubblico-prima-del-voto\/","title":{"rendered":"Limana: Edi Fontana invita Mario Favero a un incontro pubblico prima del voto"},"content":{"rendered":"<p>Edi Fontana, candidato a sindaco per la lista &#8220;Insieme per LImana&#8221;, ha inviato la segunte lettera aperta al suo rivale politico Mario Favero.<\/p>\n<figure id=\"attachment_4329\" aria-describedby=\"caption-attachment-4329\" style=\"width: 90px\" class=\"wp-caption alignleft\"><a href=\"http:\/\/www.bellunopress.it\/wp-content\/uploads\/2009\/06\/edi-fontana.jpg\"><img loading=\"lazy\" decoding=\"async\" class=\"size-medium wp-image-4329\" title=\"edi-fontana\" src=\"http:\/\/www.bellunopress.it\/wp-content\/uploads\/2009\/06\/edi-fontana.jpg\" alt=\"edi Fontana candidato a sindaco per Limana\" width=\"90\" height=\"90\" \/><\/a><figcaption id=\"caption-attachment-4329\" class=\"wp-caption-text\">edi Fontana candidato a sindaco per Limana<\/figcaption><\/figure>\n<p>&#8220;Gentile Mario, in vista delle votazioni per il rinnovo del consiglio comunale e per il nuovo sindaco di Limana, \u00e8 importante per i cittadini poter disporre di quante pi\u00f9 informazioni possibili sui programmi delle due liste candidate. Gli incontri che entrambi, insieme ai nostri compagni di avventura, stiamo facendo nelle varie frazioni, sono utili a tracciare\u00a0 un quadro generale di quello che intendiamo portare avanti, ma, mancando il confronto diretto, c&#8217;\u00e8 il concreto rischio di far passare messaggi parziali, anche per l&#8217;impossibilit\u00e0 dei cittadini di assistere in contemporanea ai due incontri. Ritengo fondamentale per chi sar\u00e0 chiamato alle urne poter confrontare \u201cdal vivo\u201d le nostre idee e i nostri punti di vista per lo sviluppo del paese. Per questo motivo, a mio giudizio, sarebbe molto importante organizzare un incontro pubblico tra noi due, candidati per il ruolo di sindaco all&#8217;interno delle due liste che si stanno sfidando in vista delle elezioni della prossima settimana. In questo modo i cittadini limanesi avrebbero la possibilit\u00e0 di ascoltare i nostri programmi, porci domande dirette e farsi un&#8217;idea pi\u00f9 precisa sui nostri diversi punti di vista per quanto riguarda il futuro del nostro comune. Sar\u00e0 anche l&#8217;occasione per noi due per confrontarci civilmente, facendo valere le nostre ragioni e spiegando ai cittadini il perch\u00e9 delle nostre scelte. L&#8217;incontro, che dovrebbe essere condotto e moderato da una persona imparziale, potrebbe tenersi in piazza Florido Lorenzi o, in alternativa, in un luogo in grado di poter contenere quante pi\u00f9 persone possibili, perch\u00e9 sono sicuro che l&#8217;interesse dei limanesi per un confronto tra noi due \u00e8 molto forte. Per data, orario e modalit\u00e0 ci accorderemo direttamente, una volta che tu, come mi auguro, avrai accettato questa proposta. Un cordiale saluto&#8221;.<\/p>","protected":false},"excerpt":{"rendered":"<p>Edi Fontana, candidato a sindaco per la lista &#8220;Insieme per LImana&#8221;, ha inviato la segunte lettera aperta al suo rivale politico Mario Favero. &#8220;Gentile Mario, in vista delle votazioni per il rinnovo del consiglio comunale e per il nuovo sindaco di Limana, \u00e8 importante per i cittadini poter disporre di quante pi\u00f9 informazioni possibili sui [&hellip;]<\/p>\n","protected":false},"author":2,"featured_media":0,"comment_status":"closed","ping_status":"open","sticky":false,"template":"","format":"standard","meta":{"footnotes":""},"categories":[5,1,26],"tags":[139],"class_list":["post-4328","post","type-post","status-publish","format-standard","category-cronaca","category-leo","category-prima-pagina","tag-belluno"],"yoast_head":"<!-- This site is optimized with the Yoast SEO plugin v28.4 - https:\/\/yoast.com\/product\/yoast-seo-wordpress\/ -->\n<title>Limana: Edi Fontana invita Mario Favero a un incontro pubblico prima del voto - Bellunopress - Dolomiti<\/title>\n<meta name=\"robots\" content=\"index, follow, max-snippet:-1, max-image-preview:large, max-video-preview:-1\" \/>\n<link rel=\"canonical\" href=\"https:\/\/www.bellunopress.it\/fr\/2009\/06\/02\/limana-edi-fontana-invita-mario-favero-a-un-incontro-pubblico-prima-del-voto\/\" \/>\n<meta property=\"og:locale\" content=\"fr_FR\" \/>\n<meta property=\"og:type\" content=\"article\" \/>\n<meta property=\"og:title\" content=\"Limana: Edi Fontana invita Mario Favero a un incontro pubblico prima del voto - Bellunopress - Dolomiti\" \/>\n<meta property=\"og:description\" content=\"Edi Fontana, candidato a sindaco per la lista &#8220;Insieme per LImana&#8221;, ha inviato la segunte lettera aperta al suo rivale politico Mario Favero. &#8220;Gentile Mario, in vista delle votazioni per il rinnovo del consiglio comunale e per il nuovo sindaco di Limana, \u00e8 importante per i cittadini poter disporre di quante pi\u00f9 informazioni possibili sui [&hellip;]\" \/>\n<meta property=\"og:url\" content=\"https:\/\/www.bellunopress.it\/fr\/2009\/06\/02\/limana-edi-fontana-invita-mario-favero-a-un-incontro-pubblico-prima-del-voto\/\" \/>\n<meta property=\"og:site_name\" content=\"Bellunopress - Dolomiti\" \/>\n<meta property=\"article:publisher\" content=\"https:\/\/www.facebook.com\/profile.php?id=100008943462799\" \/>\n<meta property=\"article:published_time\" content=\"2009-06-02T21:02:50+00:00\" \/>\n<meta property=\"article:modified_time\" content=\"2009-06-02T21:03:29+00:00\" \/>\n<meta property=\"og:image\" content=\"http:\/\/www.bellunopress.it\/wp-content\/uploads\/2009\/06\/edi-fontana.jpg\" \/>\n<meta name=\"author\" content=\"redazione\" \/>\n<meta name=\"twitter:card\" content=\"summary_large_image\" \/>\n<meta name=\"twitter:creator\" content=\"@bellunopress\" \/>\n<meta name=\"twitter:site\" content=\"@bellunopress\" \/>\n<meta name=\"twitter:label1\" content=\"Written by\" \/>\n\t<meta name=\"twitter:data1\" content=\"redazione\" \/>\n\t<meta name=\"twitter:label2\" content=\"Est. reading time\" \/>\n\t<meta name=\"twitter:data2\" content=\"2 minutes\" \/>\n<script type=\"application\/ld+json\" class=\"yoast-schema-graph\">{\"@context\":\"https:\\\/\\\/schema.org\",\"@graph\":[{\"@type\":\"Article\",\"@id\":\"https:\\\/\\\/www.bellunopress.it\\\/2009\\\/06\\\/02\\\/limana-edi-fontana-invita-mario-favero-a-un-incontro-pubblico-prima-del-voto\\\/#article\",\"isPartOf\":{\"@id\":\"https:\\\/\\\/www.bellunopress.it\\\/2009\\\/06\\\/02\\\/limana-edi-fontana-invita-mario-favero-a-un-incontro-pubblico-prima-del-voto\\\/\"},\"author\":{\"name\":\"redazione\",\"@id\":\"https:\\\/\\\/www.bellunopress.it\\\/#\\\/schema\\\/person\\\/79bb06722b37ece1c03d3e94beb30d73\"},\"headline\":\"Limana: Edi Fontana invita Mario Favero a un incontro pubblico prima del voto\",\"datePublished\":\"2009-06-02T21:02:50+00:00\",\"dateModified\":\"2009-06-02T21:03:29+00:00\",\"mainEntityOfPage\":{\"@id\":\"https:\\\/\\\/www.bellunopress.it\\\/2009\\\/06\\\/02\\\/limana-edi-fontana-invita-mario-favero-a-un-incontro-pubblico-prima-del-voto\\\/\"},\"wordCount\":338,\"publisher\":{\"@id\":\"https:\\\/\\\/www.bellunopress.it\\\/#organization\"},\"image\":{\"@id\":\"https:\\\/\\\/www.bellunopress.it\\\/2009\\\/06\\\/02\\\/limana-edi-fontana-invita-mario-favero-a-un-incontro-pubblico-prima-del-voto\\\/#primaryimage\"},\"thumbnailUrl\":\"http:\\\/\\\/www.bellunopress.it\\\/wp-content\\\/uploads\\\/2009\\\/06\\\/edi-fontana.jpg\",\"keywords\":[\"Belluno\"],\"articleSection\":[\"Cronaca\\\/Politica\",\"Lettere Opinioni\",\"Prima Pagina\"],\"inLanguage\":\"fr-FR\"},{\"@type\":\"WebPage\",\"@id\":\"https:\\\/\\\/www.bellunopress.it\\\/2009\\\/06\\\/02\\\/limana-edi-fontana-invita-mario-favero-a-un-incontro-pubblico-prima-del-voto\\\/\",\"url\":\"https:\\\/\\\/www.bellunopress.it\\\/2009\\\/06\\\/02\\\/limana-edi-fontana-invita-mario-favero-a-un-incontro-pubblico-prima-del-voto\\\/\",\"name\":\"Limana: Edi Fontana invita Mario Favero a un incontro pubblico prima del voto - Bellunopress - Dolomiti\",\"isPartOf\":{\"@id\":\"https:\\\/\\\/www.bellunopress.it\\\/#website\"},\"primaryImageOfPage\":{\"@id\":\"https:\\\/\\\/www.bellunopress.it\\\/2009\\\/06\\\/02\\\/limana-edi-fontana-invita-mario-favero-a-un-incontro-pubblico-prima-del-voto\\\/#primaryimage\"},\"image\":{\"@id\":\"https:\\\/\\\/www.bellunopress.it\\\/2009\\\/06\\\/02\\\/limana-edi-fontana-invita-mario-favero-a-un-incontro-pubblico-prima-del-voto\\\/#primaryimage\"},\"thumbnailUrl\":\"http:\\\/\\\/www.bellunopress.it\\\/wp-content\\\/uploads\\\/2009\\\/06\\\/edi-fontana.jpg\",\"datePublished\":\"2009-06-02T21:02:50+00:00\",\"dateModified\":\"2009-06-02T21:03:29+00:00\",\"breadcrumb\":{\"@id\":\"https:\\\/\\\/www.bellunopress.it\\\/2009\\\/06\\\/02\\\/limana-edi-fontana-invita-mario-favero-a-un-incontro-pubblico-prima-del-voto\\\/#breadcrumb\"},\"inLanguage\":\"fr-FR\",\"potentialAction\":[{\"@type\":\"ReadAction\",\"target\":[\"https:\\\/\\\/www.bellunopress.it\\\/2009\\\/06\\\/02\\\/limana-edi-fontana-invita-mario-favero-a-un-incontro-pubblico-prima-del-voto\\\/\"]}]},{\"@type\":\"ImageObject\",\"inLanguage\":\"fr-FR\",\"@id\":\"https:\\\/\\\/www.bellunopress.it\\\/2009\\\/06\\\/02\\\/limana-edi-fontana-invita-mario-favero-a-un-incontro-pubblico-prima-del-voto\\\/#primaryimage\",\"url\":\"http:\\\/\\\/www.bellunopress.it\\\/wp-content\\\/uploads\\\/2009\\\/06\\\/edi-fontana.jpg\",\"contentUrl\":\"http:\\\/\\\/www.bellunopress.it\\\/wp-content\\\/uploads\\\/2009\\\/06\\\/edi-fontana.jpg\"},{\"@type\":\"BreadcrumbList\",\"@id\":\"https:\\\/\\\/www.bellunopress.it\\\/2009\\\/06\\\/02\\\/limana-edi-fontana-invita-mario-favero-a-un-incontro-pubblico-prima-del-voto\\\/#breadcrumb\",\"itemListElement\":[{\"@type\":\"ListItem\",\"position\":1,\"name\":\"Home\",\"item\":\"https:\\\/\\\/www.bellunopress.it\\\/\"},{\"@type\":\"ListItem\",\"position\":2,\"name\":\"Limana: Edi Fontana invita Mario Favero a un incontro pubblico prima del voto\"}]},{\"@type\":\"WebSite\",\"@id\":\"https:\\\/\\\/www.bellunopress.it\\\/#website\",\"url\":\"https:\\\/\\\/www.bellunopress.it\\\/\",\"name\":\"Bellunopress - Dolomiti\",\"description\":\"e-mail: redazione@bellunopress.it\",\"publisher\":{\"@id\":\"https:\\\/\\\/www.bellunopress.it\\\/#organization\"},\"potentialAction\":[{\"@type\":\"SearchAction\",\"target\":{\"@type\":\"EntryPoint\",\"urlTemplate\":\"https:\\\/\\\/www.bellunopress.it\\\/?s={search_term_string}\"},\"query-input\":{\"@type\":\"PropertyValueSpecification\",\"valueRequired\":true,\"valueName\":\"search_term_string\"}}],\"inLanguage\":\"fr-FR\"},{\"@type\":\"Organization\",\"@id\":\"https:\\\/\\\/www.bellunopress.it\\\/#organization\",\"name\":\"Bellunopress\",\"url\":\"https:\\\/\\\/www.bellunopress.it\\\/\",\"logo\":{\"@type\":\"ImageObject\",\"inLanguage\":\"fr-FR\",\"@id\":\"https:\\\/\\\/www.bellunopress.it\\\/#\\\/schema\\\/logo\\\/image\\\/\",\"url\":\"https:\\\/\\\/www.bellunopress.it\\\/wp-content\\\/uploads\\\/2011\\\/05\\\/cropped-logo-bellunopress-.jpg\",\"contentUrl\":\"https:\\\/\\\/www.bellunopress.it\\\/wp-content\\\/uploads\\\/2011\\\/05\\\/cropped-logo-bellunopress-.jpg\",\"width\":512,\"height\":512,\"caption\":\"Bellunopress\"},\"image\":{\"@id\":\"https:\\\/\\\/www.bellunopress.it\\\/#\\\/schema\\\/logo\\\/image\\\/\"},\"sameAs\":[\"https:\\\/\\\/www.facebook.com\\\/profile.php?id=100008943462799\",\"https:\\\/\\\/x.com\\\/bellunopress\",\"https:\\\/\\\/www.linkedin.com\\\/hp\\\/?dnr=JBzUWaJfMUw8vbXJJ2tVW5-I3jZKvC4wsoxE&amp;amp;amp;amp;amp;amp;trk=nav_responsive_tab_home\",\"https:\\\/\\\/www.youtube.com\\\/channel\\\/UCxL0wu1uN0_3_7hGG0306cw\"]},{\"@type\":\"Person\",\"@id\":\"https:\\\/\\\/www.bellunopress.it\\\/#\\\/schema\\\/person\\\/79bb06722b37ece1c03d3e94beb30d73\",\"name\":\"redazione\",\"image\":{\"@type\":\"ImageObject\",\"inLanguage\":\"fr-FR\",\"@id\":\"https:\\\/\\\/secure.gravatar.com\\\/avatar\\\/37d968a2e67a6fd04c169c4bdef102d0bc5d31b2546345219e348575eb80e9a0?s=96&d=mm&r=g\",\"url\":\"https:\\\/\\\/secure.gravatar.com\\\/avatar\\\/37d968a2e67a6fd04c169c4bdef102d0bc5d31b2546345219e348575eb80e9a0?s=96&d=mm&r=g\",\"contentUrl\":\"https:\\\/\\\/secure.gravatar.com\\\/avatar\\\/37d968a2e67a6fd04c169c4bdef102d0bc5d31b2546345219e348575eb80e9a0?s=96&d=mm&r=g\",\"caption\":\"redazione\"},\"sameAs\":[\"http:\\\/\\\/www.bellunopress.it\",\"https:\\\/\\\/x.com\\\/bellunopress\"],\"url\":\"https:\\\/\\\/www.bellunopress.it\\\/fr\\\/author\\\/redazione\\\/\"}]}<\/script>\n<!-- \/ Yoast SEO plugin. -->","yoast_head_json":{"title":"Limana: Edi Fontana invita Mario Favero a un incontro pubblico prima del voto - Bellunopress - Dolomiti","robots":{"index":"index","follow":"follow","max-snippet":"max-snippet:-1","max-image-preview":"max-image-preview:large","max-video-preview":"max-video-preview:-1"},"canonical":"https:\/\/www.bellunopress.it\/fr\/2009\/06\/02\/limana-edi-fontana-invita-mario-favero-a-un-incontro-pubblico-prima-del-voto\/","og_locale":"fr_FR","og_type":"article","og_title":"Limana: Edi Fontana invita Mario Favero a un incontro pubblico prima del voto - Bellunopress - Dolomiti","og_description":"Edi Fontana, candidato a sindaco per la lista &#8220;Insieme per LImana&#8221;, ha inviato la segunte lettera aperta al suo rivale politico Mario Favero. &#8220;Gentile Mario, in vista delle votazioni per il rinnovo del consiglio comunale e per il nuovo sindaco di Limana, \u00e8 importante per i cittadini poter disporre di quante pi\u00f9 informazioni possibili sui [&hellip;]","og_url":"https:\/\/www.bellunopress.it\/fr\/2009\/06\/02\/limana-edi-fontana-invita-mario-favero-a-un-incontro-pubblico-prima-del-voto\/","og_site_name":"Bellunopress - Dolomiti","article_publisher":"https:\/\/www.facebook.com\/profile.php?id=100008943462799","article_published_time":"2009-06-02T21:02:50+00:00","article_modified_time":"2009-06-02T21:03:29+00:00","og_image":[{"url":"http:\/\/www.bellunopress.it\/wp-content\/uploads\/2009\/06\/edi-fontana.jpg","type":"","width":"","height":""}],"author":"redazione","twitter_card":"summary_large_image","twitter_creator":"@bellunopress","twitter_site":"@bellunopress","twitter_misc":{"Written by":"redazione","Est. reading time":"2 minutes"},"schema":{"@context":"https:\/\/schema.org","@graph":[{"@type":"Article","@id":"https:\/\/www.bellunopress.it\/2009\/06\/02\/limana-edi-fontana-invita-mario-favero-a-un-incontro-pubblico-prima-del-voto\/#article","isPartOf":{"@id":"https:\/\/www.bellunopress.it\/2009\/06\/02\/limana-edi-fontana-invita-mario-favero-a-un-incontro-pubblico-prima-del-voto\/"},"author":{"name":"redazione","@id":"https:\/\/www.bellunopress.it\/#\/schema\/person\/79bb06722b37ece1c03d3e94beb30d73"},"headline":"Limana: Edi Fontana invita Mario Favero a un incontro pubblico prima del voto","datePublished":"2009-06-02T21:02:50+00:00","dateModified":"2009-06-02T21:03:29+00:00","mainEntityOfPage":{"@id":"https:\/\/www.bellunopress.it\/2009\/06\/02\/limana-edi-fontana-invita-mario-favero-a-un-incontro-pubblico-prima-del-voto\/"},"wordCount":338,"publisher":{"@id":"https:\/\/www.bellunopress.it\/#organization"},"image":{"@id":"https:\/\/www.bellunopress.it\/2009\/06\/02\/limana-edi-fontana-invita-mario-favero-a-un-incontro-pubblico-prima-del-voto\/#primaryimage"},"thumbnailUrl":"http:\/\/www.bellunopress.it\/wp-content\/uploads\/2009\/06\/edi-fontana.jpg","keywords":["Belluno"],"articleSection":["Cronaca\/Politica","Lettere Opinioni","Prima Pagina"],"inLanguage":"fr-FR"},{"@type":"WebPage","@id":"https:\/\/www.bellunopress.it\/2009\/06\/02\/limana-edi-fontana-invita-mario-favero-a-un-incontro-pubblico-prima-del-voto\/","url":"https:\/\/www.bellunopress.it\/2009\/06\/02\/limana-edi-fontana-invita-mario-favero-a-un-incontro-pubblico-prima-del-voto\/","name":"Limana: Edi Fontana invita Mario Favero a un incontro pubblico prima del voto - Bellunopress - Dolomiti","isPartOf":{"@id":"https:\/\/www.bellunopress.it\/#website"},"primaryImageOfPage":{"@id":"https:\/\/www.bellunopress.it\/2009\/06\/02\/limana-edi-fontana-invita-mario-favero-a-un-incontro-pubblico-prima-del-voto\/#primaryimage"},"image":{"@id":"https:\/\/www.bellunopress.it\/2009\/06\/02\/limana-edi-fontana-invita-mario-favero-a-un-incontro-pubblico-prima-del-voto\/#primaryimage"},"thumbnailUrl":"http:\/\/www.bellunopress.it\/wp-content\/uploads\/2009\/06\/edi-fontana.jpg","datePublished":"2009-06-02T21:02:50+00:00","dateModified":"2009-06-02T21:03:29+00:00","breadcrumb":{"@id":"https:\/\/www.bellunopress.it\/2009\/06\/02\/limana-edi-fontana-invita-mario-favero-a-un-incontro-pubblico-prima-del-voto\/#breadcrumb"},"inLanguage":"fr-FR","potentialAction":[{"@type":"ReadAction","target":["https:\/\/www.bellunopress.it\/2009\/06\/02\/limana-edi-fontana-invita-mario-favero-a-un-incontro-pubblico-prima-del-voto\/"]}]},{"@type":"ImageObject","inLanguage":"fr-FR","@id":"https:\/\/www.bellunopress.it\/2009\/06\/02\/limana-edi-fontana-invita-mario-favero-a-un-incontro-pubblico-prima-del-voto\/#primaryimage","url":"http:\/\/www.bellunopress.it\/wp-content\/uploads\/2009\/06\/edi-fontana.jpg","contentUrl":"http:\/\/www.bellunopress.it\/wp-content\/uploads\/2009\/06\/edi-fontana.jpg"},{"@type":"BreadcrumbList","@id":"https:\/\/www.bellunopress.it\/2009\/06\/02\/limana-edi-fontana-invita-mario-favero-a-un-incontro-pubblico-prima-del-voto\/#breadcrumb","itemListElement":[{"@type":"ListItem","position":1,"name":"Home","item":"https:\/\/www.bellunopress.it\/"},{"@type":"ListItem","position":2,"name":"Limana: Edi Fontana invita Mario Favero a un incontro pubblico prima del voto"}]},{"@type":"WebSite","@id":"https:\/\/www.bellunopress.it\/#website","url":"https:\/\/www.bellunopress.it\/","name":"Bellunopress - Dolomiti","description":"e-mail: redazione@bellunopress.it","publisher":{"@id":"https:\/\/www.bellunopress.it\/#organization"},"potentialAction":[{"@type":"SearchAction","target":{"@type":"EntryPoint","urlTemplate":"https:\/\/www.bellunopress.it\/?s={search_term_string}"},"query-input":{"@type":"PropertyValueSpecification","valueRequired":true,"valueName":"search_term_string"}}],"inLanguage":"fr-FR"},{"@type":"Organization","@id":"https:\/\/www.bellunopress.it\/#organization","name":"Bellunopress","url":"https:\/\/www.bellunopress.it\/","logo":{"@type":"ImageObject","inLanguage":"fr-FR","@id":"https:\/\/www.bellunopress.it\/#\/schema\/logo\/image\/","url":"https:\/\/www.bellunopress.it\/wp-content\/uploads\/2011\/05\/cropped-logo-bellunopress-.jpg","contentUrl":"https:\/\/www.bellunopress.it\/wp-content\/uploads\/2011\/05\/cropped-logo-bellunopress-.jpg","width":512,"height":512,"caption":"Bellunopress"},"image":{"@id":"https:\/\/www.bellunopress.it\/#\/schema\/logo\/image\/"},"sameAs":["https:\/\/www.facebook.com\/profile.php?id=100008943462799","https:\/\/x.com\/bellunopress","https:\/\/www.linkedin.com\/hp\/?dnr=JBzUWaJfMUw8vbXJJ2tVW5-I3jZKvC4wsoxE&amp;amp;amp;amp;amp;amp;trk=nav_responsive_tab_home","https:\/\/www.youtube.com\/channel\/UCxL0wu1uN0_3_7hGG0306cw"]},{"@type":"Person","@id":"https:\/\/www.bellunopress.it\/#\/schema\/person\/79bb06722b37ece1c03d3e94beb30d73","name":"r\u00e9daction","image":{"@type":"ImageObject","inLanguage":"fr-FR","@id":"https:\/\/secure.gravatar.com\/avatar\/37d968a2e67a6fd04c169c4bdef102d0bc5d31b2546345219e348575eb80e9a0?s=96&d=mm&r=g","url":"https:\/\/secure.gravatar.com\/avatar\/37d968a2e67a6fd04c169c4bdef102d0bc5d31b2546345219e348575eb80e9a0?s=96&d=mm&r=g","contentUrl":"https:\/\/secure.gravatar.com\/avatar\/37d968a2e67a6fd04c169c4bdef102d0bc5d31b2546345219e348575eb80e9a0?s=96&d=mm&r=g","caption":"redazione"},"sameAs":["http:\/\/www.bellunopress.it","https:\/\/x.com\/bellunopress"],"url":"https:\/\/www.bellunopress.it\/fr\/author\/redazione\/"}]}},"_links":{"self":[{"href":"https:\/\/www.bellunopress.it\/fr\/wp-json\/wp\/v2\/posts\/4328","targetHints":{"allow":["GET"]}}],"collection":[{"href":"https:\/\/www.bellunopress.it\/fr\/wp-json\/wp\/v2\/posts"}],"about":[{"href":"https:\/\/www.bellunopress.it\/fr\/wp-json\/wp\/v2\/types\/post"}],"author":[{"embeddable":true,"href":"https:\/\/www.bellunopress.it\/fr\/wp-json\/wp\/v2\/users\/2"}],"replies":[{"embeddable":true,"href":"https:\/\/www.bellunopress.it\/fr\/wp-json\/wp\/v2\/comments?post=4328"}],"version-history":[{"count":2,"href":"https:\/\/www.bellunopress.it\/fr\/wp-json\/wp\/v2\/posts\/4328\/revisions"}],"predecessor-version":[{"id":4331,"href":"https:\/\/www.bellunopress.it\/fr\/wp-json\/wp\/v2\/posts\/4328\/revisions\/4331"}],"wp:attachment":[{"href":"https:\/\/www.bellunopress.it\/fr\/wp-json\/wp\/v2\/media?parent=4328"}],"wp:term":[{"taxonomy":"category","embeddable":true,"href":"https:\/\/www.bellunopress.it\/fr\/wp-json\/wp\/v2\/categories?post=4328"},{"taxonomy":"post_tag","embeddable":true,"href":"https:\/\/www.bellunopress.it\/fr\/wp-json\/wp\/v2\/tags?post=4328"}],"curies":[{"name":"wp","href":"https:\/\/api.w.org\/{rel}","templated":true}]}}