{"id":4326,"date":"2009-06-02T21:52:39","date_gmt":"2009-06-02T20:52:39","guid":{"rendered":"http:\/\/www.bellunopress.it\/?p=4326"},"modified":"2009-06-02T21:52:39","modified_gmt":"2009-06-02T20:52:39","slug":"vallesella-prosit-festa-della-birra-di-sappada-dal-5-al-7-giugno","status":"publish","type":"post","link":"https:\/\/www.bellunopress.it\/fr\/2009\/06\/02\/vallesella-prosit-festa-della-birra-di-sappada-dal-5-al-7-giugno\/","title":{"rendered":"Vallesella: PROsit Festa della birra di sappada dal 5 al 7 giugno"},"content":{"rendered":"<p>\u00a0Il prossimo week end dal 05 al 07 giugno, presso il tendone allestito al parco di Vallesella, si svolger\u00e0 un evento denominato \u201cPROsit Festa della birra di Sappada\u201d. La manifestazione ha lo scopo di aiutare e sostenere gli organizzatori della Festa della Birra che hanno subito un importante danno a seguito del crollo del tetto del Palazzetto dello Sport avvenuto il 21 gennaio scorso. Band musicali, dj e staff si sono messi a disposizione per sostenere l\u2019iniziativa che \u00e8 stata possibile grazie alla collaborazione dell\u2019Associazione San Vigilio di Domegge e del Comune di Domegge che hanno concesso l\u2019utilizzo del tendone oltre all\u2019aiuto di amici, fornitori e sponsor. Il programma, ad oggi, prevede di ascoltare la musica dal vivo degli ANTERRA nella serata di venerd\u00ec 05 e dei SENZA FILTRO nella serata di sabato 06 oltre a musica con dj e altri intrattenimenti che si stanno man mano confermando per le due serate e per il pranzo e pomeriggio di domenica 07 giugno. \u201cSiamo molto contenti e riconoscenti \u201c, comunicano gli organizzatori della Festa della Birra di Sappada, \u201ccon tutti coloro che ci stanno aiutando dandoci la possibilit\u00e0 di organizzare una manifestazione per noi molto particolare come quella in programma a Vallesella il fine settimana del 5, 7 Giugno prossimi. Sar\u00e0 un occasione per trascorrere momenti in allegria e amicizia ascoltando buona musica pensando alle ultime edizioni dell\u2019evento estivo di Sappada e utile per programmare l\u2019edizione 2009 che sar\u00e0 ospitata in un tendone, che sostituir\u00e0 il Palazzetto crollato, per il quale si \u00e8 attivata l\u2019Amministrazione Comunale di Sappada e la Regione Veneto che ha confermato di sostenere l\u2019iniziativa per allestire la struttura di 30 X 35 metri che, da met\u00e0 luglio a met\u00e0 settembre, permetter\u00e0 l\u2019organizzazione di tutte quelle manifestazioni e attivit\u00e0 al coperto.\u201d Ricordiamo che sar\u00e0 in funzione un servizio ristoro e l&#8217;ottima birra Paulaner per poter mangiare, bere e divertirsi in compagnia ascoltando buona musica venerd\u00ec dalle ore 18.00, sabato dalle ore 17.00 e domenica, ad ora di pranzo, dalle ore 12.00. Chi volesse sostenere l&#8217;iniziativa suonando, sponsorizzando o collaborando alla buona riuscita e comunicazione dell&#8217;evento pu\u00f2 inviare una mail all&#8217;indirizzo <a href=\"mailto:profestabirrasappada@libero.it\">profestabirrasappada@libero.it<\/a> oppure contattare il numero 333\/8360823. Maggiori informazioni si possono trovare sul social network Facebook cercando il gruppo \u201cW La Festa della Birra di Sappada\u201d che ha superato gli 800 iscritti oppure, a breve, clikkando all\u2019indirizzo web <a href=\"http:\/\/www.festadellabirrasappada.info\">www.festadellabirrasappada.info<\/a><\/p>","protected":false},"excerpt":{"rendered":"<p>\u00a0Il prossimo week end dal 05 al 07 giugno, presso il tendone allestito al parco di Vallesella, si svolger\u00e0 un evento denominato \u201cPROsit Festa della birra di Sappada\u201d. La manifestazione ha lo scopo di aiutare e sostenere gli organizzatori della Festa della Birra che hanno subito un importante danno a seguito del crollo del tetto [&hellip;]<\/p>\n","protected":false},"author":2,"featured_media":0,"comment_status":"closed","ping_status":"open","sticky":false,"template":"","format":"standard","meta":{"footnotes":""},"categories":[27,25],"tags":[],"class_list":["post-4326","post","type-post","status-publish","format-standard","category-appuntamenti","category-pausa-caffe"],"yoast_head":"<!-- This site is optimized with the Yoast SEO plugin v28.4 - https:\/\/yoast.com\/product\/yoast-seo-wordpress\/ -->\n<title>Vallesella: PROsit Festa della birra di sappada dal 5 al 7 giugno - Bellunopress - Dolomiti<\/title>\n<meta name=\"robots\" content=\"index, follow, max-snippet:-1, max-image-preview:large, max-video-preview:-1\" \/>\n<link rel=\"canonical\" href=\"https:\/\/www.bellunopress.it\/fr\/2009\/06\/02\/vallesella-prosit-festa-della-birra-di-sappada-dal-5-al-7-giugno\/\" \/>\n<meta property=\"og:locale\" content=\"fr_FR\" \/>\n<meta property=\"og:type\" content=\"article\" \/>\n<meta property=\"og:title\" content=\"Vallesella: PROsit Festa della birra di sappada dal 5 al 7 giugno - Bellunopress - Dolomiti\" \/>\n<meta property=\"og:description\" content=\"\u00a0Il prossimo week end dal 05 al 07 giugno, presso il tendone allestito al parco di Vallesella, si svolger\u00e0 un evento denominato \u201cPROsit Festa della birra di Sappada\u201d. La manifestazione ha lo scopo di aiutare e sostenere gli organizzatori della Festa della Birra che hanno subito un importante danno a seguito del crollo del tetto [&hellip;]\" \/>\n<meta property=\"og:url\" content=\"https:\/\/www.bellunopress.it\/fr\/2009\/06\/02\/vallesella-prosit-festa-della-birra-di-sappada-dal-5-al-7-giugno\/\" \/>\n<meta property=\"og:site_name\" content=\"Bellunopress - Dolomiti\" \/>\n<meta property=\"article:publisher\" content=\"https:\/\/www.facebook.com\/profile.php?id=100008943462799\" \/>\n<meta property=\"article:published_time\" content=\"2009-06-02T20:52:39+00:00\" \/>\n<meta property=\"og:image\" content=\"http:\/\/www.bellunopress.it\/wp-content\/uploads\/2012\/07\/logo-bellunopress-250x250-2012.jpg\" \/>\n<meta name=\"author\" content=\"redazione\" \/>\n<meta name=\"twitter:card\" content=\"summary_large_image\" \/>\n<meta name=\"twitter:creator\" content=\"@bellunopress\" \/>\n<meta name=\"twitter:site\" content=\"@bellunopress\" \/>\n<meta name=\"twitter:label1\" content=\"\u00c9crit par\" \/>\n\t<meta name=\"twitter:data1\" content=\"redazione\" \/>\n\t<meta name=\"twitter:label2\" content=\"Dur\u00e9e de lecture estim\u00e9e\" \/>\n\t<meta name=\"twitter:data2\" content=\"2 minutes\" \/>\n<script type=\"application\/ld+json\" class=\"yoast-schema-graph\">{\"@context\":\"https:\\\/\\\/schema.org\",\"@graph\":[{\"@type\":\"Article\",\"@id\":\"https:\\\/\\\/www.bellunopress.it\\\/2009\\\/06\\\/02\\\/vallesella-prosit-festa-della-birra-di-sappada-dal-5-al-7-giugno\\\/#article\",\"isPartOf\":{\"@id\":\"https:\\\/\\\/www.bellunopress.it\\\/2009\\\/06\\\/02\\\/vallesella-prosit-festa-della-birra-di-sappada-dal-5-al-7-giugno\\\/\"},\"author\":{\"name\":\"redazione\",\"@id\":\"https:\\\/\\\/www.bellunopress.it\\\/#\\\/schema\\\/person\\\/79bb06722b37ece1c03d3e94beb30d73\"},\"headline\":\"Vallesella: PROsit Festa della birra di sappada dal 5 al 7 giugno\",\"datePublished\":\"2009-06-02T20:52:39+00:00\",\"mainEntityOfPage\":{\"@id\":\"https:\\\/\\\/www.bellunopress.it\\\/2009\\\/06\\\/02\\\/vallesella-prosit-festa-della-birra-di-sappada-dal-5-al-7-giugno\\\/\"},\"wordCount\":399,\"publisher\":{\"@id\":\"https:\\\/\\\/www.bellunopress.it\\\/#organization\"},\"articleSection\":[\"Appuntamenti, Eventi\",\"Pausa Caff\u00e8\"],\"inLanguage\":\"fr-FR\"},{\"@type\":\"WebPage\",\"@id\":\"https:\\\/\\\/www.bellunopress.it\\\/2009\\\/06\\\/02\\\/vallesella-prosit-festa-della-birra-di-sappada-dal-5-al-7-giugno\\\/\",\"url\":\"https:\\\/\\\/www.bellunopress.it\\\/2009\\\/06\\\/02\\\/vallesella-prosit-festa-della-birra-di-sappada-dal-5-al-7-giugno\\\/\",\"name\":\"Vallesella: PROsit Festa della birra di sappada dal 5 al 7 giugno - Bellunopress - Dolomiti\",\"isPartOf\":{\"@id\":\"https:\\\/\\\/www.bellunopress.it\\\/#website\"},\"datePublished\":\"2009-06-02T20:52:39+00:00\",\"breadcrumb\":{\"@id\":\"https:\\\/\\\/www.bellunopress.it\\\/2009\\\/06\\\/02\\\/vallesella-prosit-festa-della-birra-di-sappada-dal-5-al-7-giugno\\\/#breadcrumb\"},\"inLanguage\":\"fr-FR\",\"potentialAction\":[{\"@type\":\"ReadAction\",\"target\":[\"https:\\\/\\\/www.bellunopress.it\\\/2009\\\/06\\\/02\\\/vallesella-prosit-festa-della-birra-di-sappada-dal-5-al-7-giugno\\\/\"]}]},{\"@type\":\"BreadcrumbList\",\"@id\":\"https:\\\/\\\/www.bellunopress.it\\\/2009\\\/06\\\/02\\\/vallesella-prosit-festa-della-birra-di-sappada-dal-5-al-7-giugno\\\/#breadcrumb\",\"itemListElement\":[{\"@type\":\"ListItem\",\"position\":1,\"name\":\"Home\",\"item\":\"https:\\\/\\\/www.bellunopress.it\\\/\"},{\"@type\":\"ListItem\",\"position\":2,\"name\":\"Vallesella: PROsit Festa della birra di sappada dal 5 al 7 giugno\"}]},{\"@type\":\"WebSite\",\"@id\":\"https:\\\/\\\/www.bellunopress.it\\\/#website\",\"url\":\"https:\\\/\\\/www.bellunopress.it\\\/\",\"name\":\"Bellunopress - Dolomiti\",\"description\":\"e-mail: redazione@bellunopress.it\",\"publisher\":{\"@id\":\"https:\\\/\\\/www.bellunopress.it\\\/#organization\"},\"potentialAction\":[{\"@type\":\"SearchAction\",\"target\":{\"@type\":\"EntryPoint\",\"urlTemplate\":\"https:\\\/\\\/www.bellunopress.it\\\/?s={search_term_string}\"},\"query-input\":{\"@type\":\"PropertyValueSpecification\",\"valueRequired\":true,\"valueName\":\"search_term_string\"}}],\"inLanguage\":\"fr-FR\"},{\"@type\":\"Organization\",\"@id\":\"https:\\\/\\\/www.bellunopress.it\\\/#organization\",\"name\":\"Bellunopress\",\"url\":\"https:\\\/\\\/www.bellunopress.it\\\/\",\"logo\":{\"@type\":\"ImageObject\",\"inLanguage\":\"fr-FR\",\"@id\":\"https:\\\/\\\/www.bellunopress.it\\\/#\\\/schema\\\/logo\\\/image\\\/\",\"url\":\"https:\\\/\\\/www.bellunopress.it\\\/wp-content\\\/uploads\\\/2011\\\/05\\\/cropped-logo-bellunopress-.jpg\",\"contentUrl\":\"https:\\\/\\\/www.bellunopress.it\\\/wp-content\\\/uploads\\\/2011\\\/05\\\/cropped-logo-bellunopress-.jpg\",\"width\":512,\"height\":512,\"caption\":\"Bellunopress\"},\"image\":{\"@id\":\"https:\\\/\\\/www.bellunopress.it\\\/#\\\/schema\\\/logo\\\/image\\\/\"},\"sameAs\":[\"https:\\\/\\\/www.facebook.com\\\/profile.php?id=100008943462799\",\"https:\\\/\\\/x.com\\\/bellunopress\",\"https:\\\/\\\/www.linkedin.com\\\/hp\\\/?dnr=JBzUWaJfMUw8vbXJJ2tVW5-I3jZKvC4wsoxE&amp;amp;amp;amp;amp;amp;trk=nav_responsive_tab_home\",\"https:\\\/\\\/www.youtube.com\\\/channel\\\/UCxL0wu1uN0_3_7hGG0306cw\"]},{\"@type\":\"Person\",\"@id\":\"https:\\\/\\\/www.bellunopress.it\\\/#\\\/schema\\\/person\\\/79bb06722b37ece1c03d3e94beb30d73\",\"name\":\"redazione\",\"image\":{\"@type\":\"ImageObject\",\"inLanguage\":\"fr-FR\",\"@id\":\"https:\\\/\\\/secure.gravatar.com\\\/avatar\\\/37d968a2e67a6fd04c169c4bdef102d0bc5d31b2546345219e348575eb80e9a0?s=96&d=mm&r=g\",\"url\":\"https:\\\/\\\/secure.gravatar.com\\\/avatar\\\/37d968a2e67a6fd04c169c4bdef102d0bc5d31b2546345219e348575eb80e9a0?s=96&d=mm&r=g\",\"contentUrl\":\"https:\\\/\\\/secure.gravatar.com\\\/avatar\\\/37d968a2e67a6fd04c169c4bdef102d0bc5d31b2546345219e348575eb80e9a0?s=96&d=mm&r=g\",\"caption\":\"redazione\"},\"sameAs\":[\"http:\\\/\\\/www.bellunopress.it\",\"https:\\\/\\\/x.com\\\/bellunopress\"],\"url\":\"https:\\\/\\\/www.bellunopress.it\\\/fr\\\/author\\\/redazione\\\/\"}]}<\/script>\n<!-- \/ Yoast SEO plugin. -->","yoast_head_json":{"title":"Vallesella: PROsit Festa della birra di sappada dal 5 al 7 giugno - Bellunopress - Dolomiti","robots":{"index":"index","follow":"follow","max-snippet":"max-snippet:-1","max-image-preview":"max-image-preview:large","max-video-preview":"max-video-preview:-1"},"canonical":"https:\/\/www.bellunopress.it\/fr\/2009\/06\/02\/vallesella-prosit-festa-della-birra-di-sappada-dal-5-al-7-giugno\/","og_locale":"fr_FR","og_type":"article","og_title":"Vallesella: PROsit Festa della birra di sappada dal 5 al 7 giugno - Bellunopress - Dolomiti","og_description":"\u00a0Il prossimo week end dal 05 al 07 giugno, presso il tendone allestito al parco di Vallesella, si svolger\u00e0 un evento denominato \u201cPROsit Festa della birra di Sappada\u201d. La manifestazione ha lo scopo di aiutare e sostenere gli organizzatori della Festa della Birra che hanno subito un importante danno a seguito del crollo del tetto [&hellip;]","og_url":"https:\/\/www.bellunopress.it\/fr\/2009\/06\/02\/vallesella-prosit-festa-della-birra-di-sappada-dal-5-al-7-giugno\/","og_site_name":"Bellunopress - Dolomiti","article_publisher":"https:\/\/www.facebook.com\/profile.php?id=100008943462799","article_published_time":"2009-06-02T20:52:39+00:00","og_image":[{"url":"http:\/\/www.bellunopress.it\/wp-content\/uploads\/2012\/07\/logo-bellunopress-250x250-2012.jpg","type":"","width":"","height":""}],"author":"redazione","twitter_card":"summary_large_image","twitter_creator":"@bellunopress","twitter_site":"@bellunopress","twitter_misc":{"\u00c9crit par":"redazione","Dur\u00e9e de lecture estim\u00e9e":"2 minutes"},"schema":{"@context":"https:\/\/schema.org","@graph":[{"@type":"Article","@id":"https:\/\/www.bellunopress.it\/2009\/06\/02\/vallesella-prosit-festa-della-birra-di-sappada-dal-5-al-7-giugno\/#article","isPartOf":{"@id":"https:\/\/www.bellunopress.it\/2009\/06\/02\/vallesella-prosit-festa-della-birra-di-sappada-dal-5-al-7-giugno\/"},"author":{"name":"redazione","@id":"https:\/\/www.bellunopress.it\/#\/schema\/person\/79bb06722b37ece1c03d3e94beb30d73"},"headline":"Vallesella: PROsit Festa della birra di sappada dal 5 al 7 giugno","datePublished":"2009-06-02T20:52:39+00:00","mainEntityOfPage":{"@id":"https:\/\/www.bellunopress.it\/2009\/06\/02\/vallesella-prosit-festa-della-birra-di-sappada-dal-5-al-7-giugno\/"},"wordCount":399,"publisher":{"@id":"https:\/\/www.bellunopress.it\/#organization"},"articleSection":["Appuntamenti, Eventi","Pausa Caff\u00e8"],"inLanguage":"fr-FR"},{"@type":"WebPage","@id":"https:\/\/www.bellunopress.it\/2009\/06\/02\/vallesella-prosit-festa-della-birra-di-sappada-dal-5-al-7-giugno\/","url":"https:\/\/www.bellunopress.it\/2009\/06\/02\/vallesella-prosit-festa-della-birra-di-sappada-dal-5-al-7-giugno\/","name":"Vallesella: PROsit Festa della birra di sappada dal 5 al 7 giugno - Bellunopress - Dolomiti","isPartOf":{"@id":"https:\/\/www.bellunopress.it\/#website"},"datePublished":"2009-06-02T20:52:39+00:00","breadcrumb":{"@id":"https:\/\/www.bellunopress.it\/2009\/06\/02\/vallesella-prosit-festa-della-birra-di-sappada-dal-5-al-7-giugno\/#breadcrumb"},"inLanguage":"fr-FR","potentialAction":[{"@type":"ReadAction","target":["https:\/\/www.bellunopress.it\/2009\/06\/02\/vallesella-prosit-festa-della-birra-di-sappada-dal-5-al-7-giugno\/"]}]},{"@type":"BreadcrumbList","@id":"https:\/\/www.bellunopress.it\/2009\/06\/02\/vallesella-prosit-festa-della-birra-di-sappada-dal-5-al-7-giugno\/#breadcrumb","itemListElement":[{"@type":"ListItem","position":1,"name":"Home","item":"https:\/\/www.bellunopress.it\/"},{"@type":"ListItem","position":2,"name":"Vallesella: PROsit Festa della birra di sappada dal 5 al 7 giugno"}]},{"@type":"WebSite","@id":"https:\/\/www.bellunopress.it\/#website","url":"https:\/\/www.bellunopress.it\/","name":"Bellunopress - Dolomiti","description":"e-mail: redazione@bellunopress.it","publisher":{"@id":"https:\/\/www.bellunopress.it\/#organization"},"potentialAction":[{"@type":"SearchAction","target":{"@type":"EntryPoint","urlTemplate":"https:\/\/www.bellunopress.it\/?s={search_term_string}"},"query-input":{"@type":"PropertyValueSpecification","valueRequired":true,"valueName":"search_term_string"}}],"inLanguage":"fr-FR"},{"@type":"Organization","@id":"https:\/\/www.bellunopress.it\/#organization","name":"Bellunopress","url":"https:\/\/www.bellunopress.it\/","logo":{"@type":"ImageObject","inLanguage":"fr-FR","@id":"https:\/\/www.bellunopress.it\/#\/schema\/logo\/image\/","url":"https:\/\/www.bellunopress.it\/wp-content\/uploads\/2011\/05\/cropped-logo-bellunopress-.jpg","contentUrl":"https:\/\/www.bellunopress.it\/wp-content\/uploads\/2011\/05\/cropped-logo-bellunopress-.jpg","width":512,"height":512,"caption":"Bellunopress"},"image":{"@id":"https:\/\/www.bellunopress.it\/#\/schema\/logo\/image\/"},"sameAs":["https:\/\/www.facebook.com\/profile.php?id=100008943462799","https:\/\/x.com\/bellunopress","https:\/\/www.linkedin.com\/hp\/?dnr=JBzUWaJfMUw8vbXJJ2tVW5-I3jZKvC4wsoxE&amp;amp;amp;amp;amp;amp;trk=nav_responsive_tab_home","https:\/\/www.youtube.com\/channel\/UCxL0wu1uN0_3_7hGG0306cw"]},{"@type":"Person","@id":"https:\/\/www.bellunopress.it\/#\/schema\/person\/79bb06722b37ece1c03d3e94beb30d73","name":"r\u00e9daction","image":{"@type":"ImageObject","inLanguage":"fr-FR","@id":"https:\/\/secure.gravatar.com\/avatar\/37d968a2e67a6fd04c169c4bdef102d0bc5d31b2546345219e348575eb80e9a0?s=96&d=mm&r=g","url":"https:\/\/secure.gravatar.com\/avatar\/37d968a2e67a6fd04c169c4bdef102d0bc5d31b2546345219e348575eb80e9a0?s=96&d=mm&r=g","contentUrl":"https:\/\/secure.gravatar.com\/avatar\/37d968a2e67a6fd04c169c4bdef102d0bc5d31b2546345219e348575eb80e9a0?s=96&d=mm&r=g","caption":"redazione"},"sameAs":["http:\/\/www.bellunopress.it","https:\/\/x.com\/bellunopress"],"url":"https:\/\/www.bellunopress.it\/fr\/author\/redazione\/"}]}},"_links":{"self":[{"href":"https:\/\/www.bellunopress.it\/fr\/wp-json\/wp\/v2\/posts\/4326","targetHints":{"allow":["GET"]}}],"collection":[{"href":"https:\/\/www.bellunopress.it\/fr\/wp-json\/wp\/v2\/posts"}],"about":[{"href":"https:\/\/www.bellunopress.it\/fr\/wp-json\/wp\/v2\/types\/post"}],"author":[{"embeddable":true,"href":"https:\/\/www.bellunopress.it\/fr\/wp-json\/wp\/v2\/users\/2"}],"replies":[{"embeddable":true,"href":"https:\/\/www.bellunopress.it\/fr\/wp-json\/wp\/v2\/comments?post=4326"}],"version-history":[{"count":1,"href":"https:\/\/www.bellunopress.it\/fr\/wp-json\/wp\/v2\/posts\/4326\/revisions"}],"predecessor-version":[{"id":4327,"href":"https:\/\/www.bellunopress.it\/fr\/wp-json\/wp\/v2\/posts\/4326\/revisions\/4327"}],"wp:attachment":[{"href":"https:\/\/www.bellunopress.it\/fr\/wp-json\/wp\/v2\/media?parent=4326"}],"wp:term":[{"taxonomy":"category","embeddable":true,"href":"https:\/\/www.bellunopress.it\/fr\/wp-json\/wp\/v2\/categories?post=4326"},{"taxonomy":"post_tag","embeddable":true,"href":"https:\/\/www.bellunopress.it\/fr\/wp-json\/wp\/v2\/tags?post=4326"}],"curies":[{"name":"wp","href":"https:\/\/api.w.org\/{rel}","templated":true}]}}