{"id":43230,"date":"2012-10-20T19:11:06","date_gmt":"2012-10-20T18:11:06","guid":{"rendered":"http:\/\/www.bellunopress.it\/?p=43230"},"modified":"2012-10-20T19:11:06","modified_gmt":"2012-10-20T18:11:06","slug":"longarone-cittadinanza-onoraria-al-corpo-forestale-dello-stato","status":"publish","type":"post","link":"https:\/\/www.bellunopress.it\/fr\/2012\/10\/20\/longarone-cittadinanza-onoraria-al-corpo-forestale-dello-stato\/","title":{"rendered":"Longarone: cittadinanza onoraria al Corpo forestale dello Stato"},"content":{"rendered":"<figure id=\"attachment_43231\" aria-describedby=\"caption-attachment-43231\" style=\"width: 201px\" class=\"wp-caption alignleft\"><a href=\"http:\/\/www.bellunopress.it\/wp-content\/uploads\/2012\/10\/roberto-padrin-2.jpg\"><img loading=\"lazy\" decoding=\"async\" class=\"size-full wp-image-43231\" title=\"roberto padrin (2)\" src=\"http:\/\/www.bellunopress.it\/wp-content\/uploads\/2012\/10\/roberto-padrin-2.jpg\" alt=\"\" width=\"201\" height=\"237\" \/><\/a><figcaption id=\"caption-attachment-43231\" class=\"wp-caption-text\">Roberto Padrin<\/figcaption><\/figure>\n<p>\u00abLa storia di Longarone non pu\u00f2 rescindere da quella del suo territorio, gran parte del quale legata proprio al bosco, che ha fatto le fortune di tante famiglie longaronesi\u00bb.<\/p>\n<p>Lo ha detto oggi il sindaco di Longarone Roberto Padrin, nel corso della cerimonia di conferimento della cittadinanza onoraria al Corpo Forestale dello Stato.<\/p>\n<p>\u00abDel resto &#8211; ha detto Padrin dopo aver ricordato il maresciallo guardia forestale Enrico Migotti e la guardia scelta forestale Giorgio De Luca che morirono in quel tragico 9 ottobre 1963 tra le 1.910 vittime &#8211; il patrimonio boschivo del nostro comune \u00e8 il quarto della provincia di Belluno e gi\u00e0 nel 1957 l\u2019allora sindaco Giuseppe De Vecchi scriveva in una nota che dal 1947 al 1953 venivano tagliati 6.300 metri cubi l\u2019anno di legname. E tutto questo sotto il controllo, la vigilanza e il supporto del Corpo Forestale dello Stato. Senza queste figure ben poco avremmo potuto e potremmo fare. Un grazie dunque anche per quest\u2019opera, che ancor oggi viene esercitata con grande professionalit\u00e0 e impegno da chi eredit\u00f2 il timone dopo il disastro.\u00bb<\/p>","protected":false},"excerpt":{"rendered":"<p>\u00abLa storia di Longarone non pu\u00f2 rescindere da quella del suo territorio, gran parte del quale legata proprio al bosco, che ha fatto le fortune di tante famiglie longaronesi\u00bb. Lo ha detto oggi il sindaco di Longarone Roberto Padrin, nel corso della cerimonia di conferimento della cittadinanza onoraria al Corpo Forestale dello Stato. \u00abDel resto [&hellip;]<\/p>\n","protected":false},"author":2,"featured_media":0,"comment_status":"closed","ping_status":"open","sticky":false,"template":"","format":"standard","meta":{"footnotes":""},"categories":[5,26],"tags":[],"class_list":["post-43230","post","type-post","status-publish","format-standard","category-cronaca","category-prima-pagina"],"yoast_head":"<!-- This site is optimized with the Yoast SEO plugin v28.4 - https:\/\/yoast.com\/product\/yoast-seo-wordpress\/ -->\n<title>Longarone: cittadinanza onoraria al Corpo forestale dello Stato  - Bellunopress - Dolomiti<\/title>\n<meta name=\"robots\" content=\"index, follow, max-snippet:-1, max-image-preview:large, max-video-preview:-1\" \/>\n<link rel=\"canonical\" href=\"https:\/\/www.bellunopress.it\/fr\/2012\/10\/20\/longarone-cittadinanza-onoraria-al-corpo-forestale-dello-stato\/\" \/>\n<meta property=\"og:locale\" content=\"fr_FR\" \/>\n<meta property=\"og:type\" content=\"article\" \/>\n<meta property=\"og:title\" content=\"Longarone: cittadinanza onoraria al Corpo forestale dello Stato  - Bellunopress - Dolomiti\" \/>\n<meta property=\"og:description\" content=\"\u00abLa storia di Longarone non pu\u00f2 rescindere da quella del suo territorio, gran parte del quale legata proprio al bosco, che ha fatto le fortune di tante famiglie longaronesi\u00bb. Lo ha detto oggi il sindaco di Longarone Roberto Padrin, nel corso della cerimonia di conferimento della cittadinanza onoraria al Corpo Forestale dello Stato. \u00abDel resto [&hellip;]\" \/>\n<meta property=\"og:url\" content=\"https:\/\/www.bellunopress.it\/fr\/2012\/10\/20\/longarone-cittadinanza-onoraria-al-corpo-forestale-dello-stato\/\" \/>\n<meta property=\"og:site_name\" content=\"Bellunopress - Dolomiti\" \/>\n<meta property=\"article:publisher\" content=\"https:\/\/www.facebook.com\/profile.php?id=100008943462799\" \/>\n<meta property=\"article:published_time\" content=\"2012-10-20T18:11:06+00:00\" \/>\n<meta property=\"og:image\" content=\"http:\/\/www.bellunopress.it\/wp-content\/uploads\/2012\/10\/roberto-padrin-2.jpg\" \/>\n<meta name=\"author\" content=\"redazione\" \/>\n<meta name=\"twitter:card\" content=\"summary_large_image\" \/>\n<meta name=\"twitter:creator\" content=\"@bellunopress\" \/>\n<meta name=\"twitter:site\" content=\"@bellunopress\" \/>\n<meta name=\"twitter:label1\" content=\"\u00c9crit par\" \/>\n\t<meta name=\"twitter:data1\" content=\"redazione\" \/>\n\t<meta name=\"twitter:label2\" content=\"Dur\u00e9e de lecture estim\u00e9e\" \/>\n\t<meta name=\"twitter:data2\" content=\"1 minute\" \/>\n<script type=\"application\/ld+json\" class=\"yoast-schema-graph\">{\"@context\":\"https:\\\/\\\/schema.org\",\"@graph\":[{\"@type\":\"Article\",\"@id\":\"https:\\\/\\\/www.bellunopress.it\\\/2012\\\/10\\\/20\\\/longarone-cittadinanza-onoraria-al-corpo-forestale-dello-stato\\\/#article\",\"isPartOf\":{\"@id\":\"https:\\\/\\\/www.bellunopress.it\\\/2012\\\/10\\\/20\\\/longarone-cittadinanza-onoraria-al-corpo-forestale-dello-stato\\\/\"},\"author\":{\"name\":\"redazione\",\"@id\":\"https:\\\/\\\/www.bellunopress.it\\\/#\\\/schema\\\/person\\\/79bb06722b37ece1c03d3e94beb30d73\"},\"headline\":\"Longarone: cittadinanza onoraria al Corpo forestale dello Stato\",\"datePublished\":\"2012-10-20T18:11:06+00:00\",\"mainEntityOfPage\":{\"@id\":\"https:\\\/\\\/www.bellunopress.it\\\/2012\\\/10\\\/20\\\/longarone-cittadinanza-onoraria-al-corpo-forestale-dello-stato\\\/\"},\"wordCount\":190,\"publisher\":{\"@id\":\"https:\\\/\\\/www.bellunopress.it\\\/#organization\"},\"image\":{\"@id\":\"https:\\\/\\\/www.bellunopress.it\\\/2012\\\/10\\\/20\\\/longarone-cittadinanza-onoraria-al-corpo-forestale-dello-stato\\\/#primaryimage\"},\"thumbnailUrl\":\"http:\\\/\\\/www.bellunopress.it\\\/wp-content\\\/uploads\\\/2012\\\/10\\\/roberto-padrin-2.jpg\",\"articleSection\":[\"Cronaca\\\/Politica\",\"Prima Pagina\"],\"inLanguage\":\"fr-FR\"},{\"@type\":\"WebPage\",\"@id\":\"https:\\\/\\\/www.bellunopress.it\\\/2012\\\/10\\\/20\\\/longarone-cittadinanza-onoraria-al-corpo-forestale-dello-stato\\\/\",\"url\":\"https:\\\/\\\/www.bellunopress.it\\\/2012\\\/10\\\/20\\\/longarone-cittadinanza-onoraria-al-corpo-forestale-dello-stato\\\/\",\"name\":\"Longarone: cittadinanza onoraria al Corpo forestale dello Stato - Bellunopress - Dolomiti\",\"isPartOf\":{\"@id\":\"https:\\\/\\\/www.bellunopress.it\\\/#website\"},\"primaryImageOfPage\":{\"@id\":\"https:\\\/\\\/www.bellunopress.it\\\/2012\\\/10\\\/20\\\/longarone-cittadinanza-onoraria-al-corpo-forestale-dello-stato\\\/#primaryimage\"},\"image\":{\"@id\":\"https:\\\/\\\/www.bellunopress.it\\\/2012\\\/10\\\/20\\\/longarone-cittadinanza-onoraria-al-corpo-forestale-dello-stato\\\/#primaryimage\"},\"thumbnailUrl\":\"http:\\\/\\\/www.bellunopress.it\\\/wp-content\\\/uploads\\\/2012\\\/10\\\/roberto-padrin-2.jpg\",\"datePublished\":\"2012-10-20T18:11:06+00:00\",\"breadcrumb\":{\"@id\":\"https:\\\/\\\/www.bellunopress.it\\\/2012\\\/10\\\/20\\\/longarone-cittadinanza-onoraria-al-corpo-forestale-dello-stato\\\/#breadcrumb\"},\"inLanguage\":\"fr-FR\",\"potentialAction\":[{\"@type\":\"ReadAction\",\"target\":[\"https:\\\/\\\/www.bellunopress.it\\\/2012\\\/10\\\/20\\\/longarone-cittadinanza-onoraria-al-corpo-forestale-dello-stato\\\/\"]}]},{\"@type\":\"ImageObject\",\"inLanguage\":\"fr-FR\",\"@id\":\"https:\\\/\\\/www.bellunopress.it\\\/2012\\\/10\\\/20\\\/longarone-cittadinanza-onoraria-al-corpo-forestale-dello-stato\\\/#primaryimage\",\"url\":\"http:\\\/\\\/www.bellunopress.it\\\/wp-content\\\/uploads\\\/2012\\\/10\\\/roberto-padrin-2.jpg\",\"contentUrl\":\"http:\\\/\\\/www.bellunopress.it\\\/wp-content\\\/uploads\\\/2012\\\/10\\\/roberto-padrin-2.jpg\"},{\"@type\":\"BreadcrumbList\",\"@id\":\"https:\\\/\\\/www.bellunopress.it\\\/2012\\\/10\\\/20\\\/longarone-cittadinanza-onoraria-al-corpo-forestale-dello-stato\\\/#breadcrumb\",\"itemListElement\":[{\"@type\":\"ListItem\",\"position\":1,\"name\":\"Home\",\"item\":\"https:\\\/\\\/www.bellunopress.it\\\/\"},{\"@type\":\"ListItem\",\"position\":2,\"name\":\"Longarone: cittadinanza onoraria al Corpo forestale dello Stato\"}]},{\"@type\":\"WebSite\",\"@id\":\"https:\\\/\\\/www.bellunopress.it\\\/#website\",\"url\":\"https:\\\/\\\/www.bellunopress.it\\\/\",\"name\":\"Bellunopress - Dolomiti\",\"description\":\"e-mail: redazione@bellunopress.it\",\"publisher\":{\"@id\":\"https:\\\/\\\/www.bellunopress.it\\\/#organization\"},\"potentialAction\":[{\"@type\":\"SearchAction\",\"target\":{\"@type\":\"EntryPoint\",\"urlTemplate\":\"https:\\\/\\\/www.bellunopress.it\\\/?s={search_term_string}\"},\"query-input\":{\"@type\":\"PropertyValueSpecification\",\"valueRequired\":true,\"valueName\":\"search_term_string\"}}],\"inLanguage\":\"fr-FR\"},{\"@type\":\"Organization\",\"@id\":\"https:\\\/\\\/www.bellunopress.it\\\/#organization\",\"name\":\"Bellunopress\",\"url\":\"https:\\\/\\\/www.bellunopress.it\\\/\",\"logo\":{\"@type\":\"ImageObject\",\"inLanguage\":\"fr-FR\",\"@id\":\"https:\\\/\\\/www.bellunopress.it\\\/#\\\/schema\\\/logo\\\/image\\\/\",\"url\":\"https:\\\/\\\/www.bellunopress.it\\\/wp-content\\\/uploads\\\/2011\\\/05\\\/cropped-logo-bellunopress-.jpg\",\"contentUrl\":\"https:\\\/\\\/www.bellunopress.it\\\/wp-content\\\/uploads\\\/2011\\\/05\\\/cropped-logo-bellunopress-.jpg\",\"width\":512,\"height\":512,\"caption\":\"Bellunopress\"},\"image\":{\"@id\":\"https:\\\/\\\/www.bellunopress.it\\\/#\\\/schema\\\/logo\\\/image\\\/\"},\"sameAs\":[\"https:\\\/\\\/www.facebook.com\\\/profile.php?id=100008943462799\",\"https:\\\/\\\/x.com\\\/bellunopress\",\"https:\\\/\\\/www.linkedin.com\\\/hp\\\/?dnr=JBzUWaJfMUw8vbXJJ2tVW5-I3jZKvC4wsoxE&amp;amp;amp;amp;amp;amp;trk=nav_responsive_tab_home\",\"https:\\\/\\\/www.youtube.com\\\/channel\\\/UCxL0wu1uN0_3_7hGG0306cw\"]},{\"@type\":\"Person\",\"@id\":\"https:\\\/\\\/www.bellunopress.it\\\/#\\\/schema\\\/person\\\/79bb06722b37ece1c03d3e94beb30d73\",\"name\":\"redazione\",\"image\":{\"@type\":\"ImageObject\",\"inLanguage\":\"fr-FR\",\"@id\":\"https:\\\/\\\/secure.gravatar.com\\\/avatar\\\/37d968a2e67a6fd04c169c4bdef102d0bc5d31b2546345219e348575eb80e9a0?s=96&d=mm&r=g\",\"url\":\"https:\\\/\\\/secure.gravatar.com\\\/avatar\\\/37d968a2e67a6fd04c169c4bdef102d0bc5d31b2546345219e348575eb80e9a0?s=96&d=mm&r=g\",\"contentUrl\":\"https:\\\/\\\/secure.gravatar.com\\\/avatar\\\/37d968a2e67a6fd04c169c4bdef102d0bc5d31b2546345219e348575eb80e9a0?s=96&d=mm&r=g\",\"caption\":\"redazione\"},\"sameAs\":[\"http:\\\/\\\/www.bellunopress.it\",\"https:\\\/\\\/x.com\\\/bellunopress\"],\"url\":\"https:\\\/\\\/www.bellunopress.it\\\/fr\\\/author\\\/redazione\\\/\"}]}<\/script>\n<!-- \/ Yoast SEO plugin. -->","yoast_head_json":{"title":"Longarone: cittadinanza onoraria al Corpo forestale dello Stato  - Bellunopress - Dolomiti","robots":{"index":"index","follow":"follow","max-snippet":"max-snippet:-1","max-image-preview":"max-image-preview:large","max-video-preview":"max-video-preview:-1"},"canonical":"https:\/\/www.bellunopress.it\/fr\/2012\/10\/20\/longarone-cittadinanza-onoraria-al-corpo-forestale-dello-stato\/","og_locale":"fr_FR","og_type":"article","og_title":"Longarone: cittadinanza onoraria al Corpo forestale dello Stato  - Bellunopress - Dolomiti","og_description":"\u00abLa storia di Longarone non pu\u00f2 rescindere da quella del suo territorio, gran parte del quale legata proprio al bosco, che ha fatto le fortune di tante famiglie longaronesi\u00bb. Lo ha detto oggi il sindaco di Longarone Roberto Padrin, nel corso della cerimonia di conferimento della cittadinanza onoraria al Corpo Forestale dello Stato. \u00abDel resto [&hellip;]","og_url":"https:\/\/www.bellunopress.it\/fr\/2012\/10\/20\/longarone-cittadinanza-onoraria-al-corpo-forestale-dello-stato\/","og_site_name":"Bellunopress - Dolomiti","article_publisher":"https:\/\/www.facebook.com\/profile.php?id=100008943462799","article_published_time":"2012-10-20T18:11:06+00:00","og_image":[{"url":"http:\/\/www.bellunopress.it\/wp-content\/uploads\/2012\/10\/roberto-padrin-2.jpg","type":"","width":"","height":""}],"author":"redazione","twitter_card":"summary_large_image","twitter_creator":"@bellunopress","twitter_site":"@bellunopress","twitter_misc":{"\u00c9crit par":"redazione","Dur\u00e9e de lecture estim\u00e9e":"1 minute"},"schema":{"@context":"https:\/\/schema.org","@graph":[{"@type":"Article","@id":"https:\/\/www.bellunopress.it\/2012\/10\/20\/longarone-cittadinanza-onoraria-al-corpo-forestale-dello-stato\/#article","isPartOf":{"@id":"https:\/\/www.bellunopress.it\/2012\/10\/20\/longarone-cittadinanza-onoraria-al-corpo-forestale-dello-stato\/"},"author":{"name":"redazione","@id":"https:\/\/www.bellunopress.it\/#\/schema\/person\/79bb06722b37ece1c03d3e94beb30d73"},"headline":"Longarone: cittadinanza onoraria al Corpo forestale dello Stato","datePublished":"2012-10-20T18:11:06+00:00","mainEntityOfPage":{"@id":"https:\/\/www.bellunopress.it\/2012\/10\/20\/longarone-cittadinanza-onoraria-al-corpo-forestale-dello-stato\/"},"wordCount":190,"publisher":{"@id":"https:\/\/www.bellunopress.it\/#organization"},"image":{"@id":"https:\/\/www.bellunopress.it\/2012\/10\/20\/longarone-cittadinanza-onoraria-al-corpo-forestale-dello-stato\/#primaryimage"},"thumbnailUrl":"http:\/\/www.bellunopress.it\/wp-content\/uploads\/2012\/10\/roberto-padrin-2.jpg","articleSection":["Cronaca\/Politica","Prima Pagina"],"inLanguage":"fr-FR"},{"@type":"WebPage","@id":"https:\/\/www.bellunopress.it\/2012\/10\/20\/longarone-cittadinanza-onoraria-al-corpo-forestale-dello-stato\/","url":"https:\/\/www.bellunopress.it\/2012\/10\/20\/longarone-cittadinanza-onoraria-al-corpo-forestale-dello-stato\/","name":"Longarone: cittadinanza onoraria al Corpo forestale dello Stato - Bellunopress - Dolomiti","isPartOf":{"@id":"https:\/\/www.bellunopress.it\/#website"},"primaryImageOfPage":{"@id":"https:\/\/www.bellunopress.it\/2012\/10\/20\/longarone-cittadinanza-onoraria-al-corpo-forestale-dello-stato\/#primaryimage"},"image":{"@id":"https:\/\/www.bellunopress.it\/2012\/10\/20\/longarone-cittadinanza-onoraria-al-corpo-forestale-dello-stato\/#primaryimage"},"thumbnailUrl":"http:\/\/www.bellunopress.it\/wp-content\/uploads\/2012\/10\/roberto-padrin-2.jpg","datePublished":"2012-10-20T18:11:06+00:00","breadcrumb":{"@id":"https:\/\/www.bellunopress.it\/2012\/10\/20\/longarone-cittadinanza-onoraria-al-corpo-forestale-dello-stato\/#breadcrumb"},"inLanguage":"fr-FR","potentialAction":[{"@type":"ReadAction","target":["https:\/\/www.bellunopress.it\/2012\/10\/20\/longarone-cittadinanza-onoraria-al-corpo-forestale-dello-stato\/"]}]},{"@type":"ImageObject","inLanguage":"fr-FR","@id":"https:\/\/www.bellunopress.it\/2012\/10\/20\/longarone-cittadinanza-onoraria-al-corpo-forestale-dello-stato\/#primaryimage","url":"http:\/\/www.bellunopress.it\/wp-content\/uploads\/2012\/10\/roberto-padrin-2.jpg","contentUrl":"http:\/\/www.bellunopress.it\/wp-content\/uploads\/2012\/10\/roberto-padrin-2.jpg"},{"@type":"BreadcrumbList","@id":"https:\/\/www.bellunopress.it\/2012\/10\/20\/longarone-cittadinanza-onoraria-al-corpo-forestale-dello-stato\/#breadcrumb","itemListElement":[{"@type":"ListItem","position":1,"name":"Home","item":"https:\/\/www.bellunopress.it\/"},{"@type":"ListItem","position":2,"name":"Longarone: cittadinanza onoraria al Corpo forestale dello Stato"}]},{"@type":"WebSite","@id":"https:\/\/www.bellunopress.it\/#website","url":"https:\/\/www.bellunopress.it\/","name":"Bellunopress - Dolomiti","description":"e-mail: redazione@bellunopress.it","publisher":{"@id":"https:\/\/www.bellunopress.it\/#organization"},"potentialAction":[{"@type":"SearchAction","target":{"@type":"EntryPoint","urlTemplate":"https:\/\/www.bellunopress.it\/?s={search_term_string}"},"query-input":{"@type":"PropertyValueSpecification","valueRequired":true,"valueName":"search_term_string"}}],"inLanguage":"fr-FR"},{"@type":"Organization","@id":"https:\/\/www.bellunopress.it\/#organization","name":"Bellunopress","url":"https:\/\/www.bellunopress.it\/","logo":{"@type":"ImageObject","inLanguage":"fr-FR","@id":"https:\/\/www.bellunopress.it\/#\/schema\/logo\/image\/","url":"https:\/\/www.bellunopress.it\/wp-content\/uploads\/2011\/05\/cropped-logo-bellunopress-.jpg","contentUrl":"https:\/\/www.bellunopress.it\/wp-content\/uploads\/2011\/05\/cropped-logo-bellunopress-.jpg","width":512,"height":512,"caption":"Bellunopress"},"image":{"@id":"https:\/\/www.bellunopress.it\/#\/schema\/logo\/image\/"},"sameAs":["https:\/\/www.facebook.com\/profile.php?id=100008943462799","https:\/\/x.com\/bellunopress","https:\/\/www.linkedin.com\/hp\/?dnr=JBzUWaJfMUw8vbXJJ2tVW5-I3jZKvC4wsoxE&amp;amp;amp;amp;amp;amp;trk=nav_responsive_tab_home","https:\/\/www.youtube.com\/channel\/UCxL0wu1uN0_3_7hGG0306cw"]},{"@type":"Person","@id":"https:\/\/www.bellunopress.it\/#\/schema\/person\/79bb06722b37ece1c03d3e94beb30d73","name":"r\u00e9daction","image":{"@type":"ImageObject","inLanguage":"fr-FR","@id":"https:\/\/secure.gravatar.com\/avatar\/37d968a2e67a6fd04c169c4bdef102d0bc5d31b2546345219e348575eb80e9a0?s=96&d=mm&r=g","url":"https:\/\/secure.gravatar.com\/avatar\/37d968a2e67a6fd04c169c4bdef102d0bc5d31b2546345219e348575eb80e9a0?s=96&d=mm&r=g","contentUrl":"https:\/\/secure.gravatar.com\/avatar\/37d968a2e67a6fd04c169c4bdef102d0bc5d31b2546345219e348575eb80e9a0?s=96&d=mm&r=g","caption":"redazione"},"sameAs":["http:\/\/www.bellunopress.it","https:\/\/x.com\/bellunopress"],"url":"https:\/\/www.bellunopress.it\/fr\/author\/redazione\/"}]}},"_links":{"self":[{"href":"https:\/\/www.bellunopress.it\/fr\/wp-json\/wp\/v2\/posts\/43230","targetHints":{"allow":["GET"]}}],"collection":[{"href":"https:\/\/www.bellunopress.it\/fr\/wp-json\/wp\/v2\/posts"}],"about":[{"href":"https:\/\/www.bellunopress.it\/fr\/wp-json\/wp\/v2\/types\/post"}],"author":[{"embeddable":true,"href":"https:\/\/www.bellunopress.it\/fr\/wp-json\/wp\/v2\/users\/2"}],"replies":[{"embeddable":true,"href":"https:\/\/www.bellunopress.it\/fr\/wp-json\/wp\/v2\/comments?post=43230"}],"version-history":[{"count":1,"href":"https:\/\/www.bellunopress.it\/fr\/wp-json\/wp\/v2\/posts\/43230\/revisions"}],"predecessor-version":[{"id":43232,"href":"https:\/\/www.bellunopress.it\/fr\/wp-json\/wp\/v2\/posts\/43230\/revisions\/43232"}],"wp:attachment":[{"href":"https:\/\/www.bellunopress.it\/fr\/wp-json\/wp\/v2\/media?parent=43230"}],"wp:term":[{"taxonomy":"category","embeddable":true,"href":"https:\/\/www.bellunopress.it\/fr\/wp-json\/wp\/v2\/categories?post=43230"},{"taxonomy":"post_tag","embeddable":true,"href":"https:\/\/www.bellunopress.it\/fr\/wp-json\/wp\/v2\/tags?post=43230"}],"curies":[{"name":"wp","href":"https:\/\/api.w.org\/{rel}","templated":true}]}}