{"id":43228,"date":"2012-10-20T18:15:23","date_gmt":"2012-10-20T17:15:23","guid":{"rendered":"http:\/\/www.bellunopress.it\/?p=43228"},"modified":"2012-10-20T18:15:23","modified_gmt":"2012-10-20T17:15:23","slug":"intervento-impegnativo-del-soccorso-alpino-sulle-pale-di-san-martino-per-un-alpinista-volato-dalla-parete","status":"publish","type":"post","link":"https:\/\/www.bellunopress.it\/fr\/2012\/10\/20\/intervento-impegnativo-del-soccorso-alpino-sulle-pale-di-san-martino-per-un-alpinista-volato-dalla-parete\/","title":{"rendered":"Intervento impegnativo del Soccorso alpino sulle Pale di San Martino per un alpinista volato dalla parete"},"content":{"rendered":"<p><a href=\"http:\/\/www.bellunopress.it\/wp-content\/uploads\/2011\/06\/soccorso-alpino-186x280.jpg\"><img loading=\"lazy\" decoding=\"async\" class=\"alignleft size-full wp-image-28206\" title=\"soccorso alpino 186x280\" src=\"http:\/\/www.bellunopress.it\/wp-content\/uploads\/2011\/06\/soccorso-alpino-186x280.jpg\" alt=\"\" width=\"186\" height=\"280\" \/><\/a>Taibon Agordino (BL), 20-10-12 Alpinista bresciano vola dalla Prima Pala di San Lucano e l&#8217;elicottero del Suem di Pieve di Cadore lo recupera utilizzando un gancio baricentrico di 125 metri. D.S., 46 anni, di Brescia, stava scalando con due compagni una via di sesto grado di Massarotto sulla parete ovest quando, primo di cordata, \u00e8 volato per una ventina di metri sul terzo, quarto tiro, sbattendo violentemente con un piede al momento di toccare la roccia. Gli amici hanno lanciato l&#8217;allarme al 118 verso le 15. Per avvicinare alla parete verticale il tecnico del Soccorso alpino di turno con l&#8217;equipaggio, a circa 1.800 metri di altitudine, l&#8217;elicottero del Suem di Pieve di Cadore si \u00e8 servito di un gancio baricentrico di 125 metri di lunghezza. Il soccorritore, raggiunti i tre rocciatori, ha recuperato sia l&#8217;infortunato, che i suoi compagni. Lo scalatore ferito \u00e8 stato poi imbarcato e trasportato all&#8217;ospedale di Belluno con una frattura alla caviglia. Una squadra del Soccorso alpino di Agordo era pronta a intervenire in supporto alle operazioni.<\/p>\n<p>&nbsp;<\/p>","protected":false},"excerpt":{"rendered":"<p>Taibon Agordino (BL), 20-10-12 Alpinista bresciano vola dalla Prima Pala di San Lucano e l&#8217;elicottero del Suem di Pieve di Cadore lo recupera utilizzando un gancio baricentrico di 125 metri. D.S., 46 anni, di Brescia, stava scalando con due compagni una via di sesto grado di Massarotto sulla parete ovest quando, primo di cordata, \u00e8 [&hellip;]<\/p>\n","protected":false},"author":2,"featured_media":0,"comment_status":"closed","ping_status":"open","sticky":false,"template":"","format":"standard","meta":{"footnotes":""},"categories":[5,26],"tags":[],"class_list":["post-43228","post","type-post","status-publish","format-standard","category-cronaca","category-prima-pagina"],"yoast_head":"<!-- This site is optimized with the Yoast SEO plugin v28.4 - https:\/\/yoast.com\/product\/yoast-seo-wordpress\/ -->\n<title>Intervento impegnativo del Soccorso alpino sulle Pale di San Martino per un alpinista volato dalla parete - Bellunopress - Dolomiti<\/title>\n<meta name=\"robots\" content=\"index, follow, max-snippet:-1, max-image-preview:large, max-video-preview:-1\" \/>\n<link rel=\"canonical\" href=\"https:\/\/www.bellunopress.it\/fr\/2012\/10\/20\/intervento-impegnativo-del-soccorso-alpino-sulle-pale-di-san-martino-per-un-alpinista-volato-dalla-parete\/\" \/>\n<meta property=\"og:locale\" content=\"fr_FR\" \/>\n<meta property=\"og:type\" content=\"article\" \/>\n<meta property=\"og:title\" content=\"Intervento impegnativo del Soccorso alpino sulle Pale di San Martino per un alpinista volato dalla parete - Bellunopress - Dolomiti\" \/>\n<meta property=\"og:description\" content=\"Taibon Agordino (BL), 20-10-12 Alpinista bresciano vola dalla Prima Pala di San Lucano e l&#8217;elicottero del Suem di Pieve di Cadore lo recupera utilizzando un gancio baricentrico di 125 metri. D.S., 46 anni, di Brescia, stava scalando con due compagni una via di sesto grado di Massarotto sulla parete ovest quando, primo di cordata, \u00e8 [&hellip;]\" \/>\n<meta property=\"og:url\" content=\"https:\/\/www.bellunopress.it\/fr\/2012\/10\/20\/intervento-impegnativo-del-soccorso-alpino-sulle-pale-di-san-martino-per-un-alpinista-volato-dalla-parete\/\" \/>\n<meta property=\"og:site_name\" content=\"Bellunopress - Dolomiti\" \/>\n<meta property=\"article:publisher\" content=\"https:\/\/www.facebook.com\/profile.php?id=100008943462799\" \/>\n<meta property=\"article:published_time\" content=\"2012-10-20T17:15:23+00:00\" \/>\n<meta property=\"og:image\" content=\"http:\/\/www.bellunopress.it\/wp-content\/uploads\/2011\/06\/soccorso-alpino-186x280.jpg\" \/>\n<meta name=\"author\" content=\"redazione\" \/>\n<meta name=\"twitter:card\" content=\"summary_large_image\" \/>\n<meta name=\"twitter:creator\" content=\"@bellunopress\" \/>\n<meta name=\"twitter:site\" content=\"@bellunopress\" \/>\n<meta name=\"twitter:label1\" content=\"\u00c9crit par\" \/>\n\t<meta name=\"twitter:data1\" content=\"redazione\" \/>\n\t<meta name=\"twitter:label2\" content=\"Dur\u00e9e de lecture estim\u00e9e\" \/>\n\t<meta name=\"twitter:data2\" content=\"1 minute\" \/>\n<script type=\"application\/ld+json\" class=\"yoast-schema-graph\">{\"@context\":\"https:\\\/\\\/schema.org\",\"@graph\":[{\"@type\":\"Article\",\"@id\":\"https:\\\/\\\/www.bellunopress.it\\\/2012\\\/10\\\/20\\\/intervento-impegnativo-del-soccorso-alpino-sulle-pale-di-san-martino-per-un-alpinista-volato-dalla-parete\\\/#article\",\"isPartOf\":{\"@id\":\"https:\\\/\\\/www.bellunopress.it\\\/2012\\\/10\\\/20\\\/intervento-impegnativo-del-soccorso-alpino-sulle-pale-di-san-martino-per-un-alpinista-volato-dalla-parete\\\/\"},\"author\":{\"name\":\"redazione\",\"@id\":\"https:\\\/\\\/www.bellunopress.it\\\/#\\\/schema\\\/person\\\/79bb06722b37ece1c03d3e94beb30d73\"},\"headline\":\"Intervento impegnativo del Soccorso alpino sulle Pale di San Martino per un alpinista volato dalla parete\",\"datePublished\":\"2012-10-20T17:15:23+00:00\",\"mainEntityOfPage\":{\"@id\":\"https:\\\/\\\/www.bellunopress.it\\\/2012\\\/10\\\/20\\\/intervento-impegnativo-del-soccorso-alpino-sulle-pale-di-san-martino-per-un-alpinista-volato-dalla-parete\\\/\"},\"wordCount\":187,\"publisher\":{\"@id\":\"https:\\\/\\\/www.bellunopress.it\\\/#organization\"},\"image\":{\"@id\":\"https:\\\/\\\/www.bellunopress.it\\\/2012\\\/10\\\/20\\\/intervento-impegnativo-del-soccorso-alpino-sulle-pale-di-san-martino-per-un-alpinista-volato-dalla-parete\\\/#primaryimage\"},\"thumbnailUrl\":\"http:\\\/\\\/www.bellunopress.it\\\/wp-content\\\/uploads\\\/2011\\\/06\\\/soccorso-alpino-186x280.jpg\",\"articleSection\":[\"Cronaca\\\/Politica\",\"Prima Pagina\"],\"inLanguage\":\"fr-FR\"},{\"@type\":\"WebPage\",\"@id\":\"https:\\\/\\\/www.bellunopress.it\\\/2012\\\/10\\\/20\\\/intervento-impegnativo-del-soccorso-alpino-sulle-pale-di-san-martino-per-un-alpinista-volato-dalla-parete\\\/\",\"url\":\"https:\\\/\\\/www.bellunopress.it\\\/2012\\\/10\\\/20\\\/intervento-impegnativo-del-soccorso-alpino-sulle-pale-di-san-martino-per-un-alpinista-volato-dalla-parete\\\/\",\"name\":\"Intervento impegnativo del Soccorso alpino sulle Pale di San Martino per un alpinista volato dalla parete - Bellunopress - Dolomiti\",\"isPartOf\":{\"@id\":\"https:\\\/\\\/www.bellunopress.it\\\/#website\"},\"primaryImageOfPage\":{\"@id\":\"https:\\\/\\\/www.bellunopress.it\\\/2012\\\/10\\\/20\\\/intervento-impegnativo-del-soccorso-alpino-sulle-pale-di-san-martino-per-un-alpinista-volato-dalla-parete\\\/#primaryimage\"},\"image\":{\"@id\":\"https:\\\/\\\/www.bellunopress.it\\\/2012\\\/10\\\/20\\\/intervento-impegnativo-del-soccorso-alpino-sulle-pale-di-san-martino-per-un-alpinista-volato-dalla-parete\\\/#primaryimage\"},\"thumbnailUrl\":\"http:\\\/\\\/www.bellunopress.it\\\/wp-content\\\/uploads\\\/2011\\\/06\\\/soccorso-alpino-186x280.jpg\",\"datePublished\":\"2012-10-20T17:15:23+00:00\",\"breadcrumb\":{\"@id\":\"https:\\\/\\\/www.bellunopress.it\\\/2012\\\/10\\\/20\\\/intervento-impegnativo-del-soccorso-alpino-sulle-pale-di-san-martino-per-un-alpinista-volato-dalla-parete\\\/#breadcrumb\"},\"inLanguage\":\"fr-FR\",\"potentialAction\":[{\"@type\":\"ReadAction\",\"target\":[\"https:\\\/\\\/www.bellunopress.it\\\/2012\\\/10\\\/20\\\/intervento-impegnativo-del-soccorso-alpino-sulle-pale-di-san-martino-per-un-alpinista-volato-dalla-parete\\\/\"]}]},{\"@type\":\"ImageObject\",\"inLanguage\":\"fr-FR\",\"@id\":\"https:\\\/\\\/www.bellunopress.it\\\/2012\\\/10\\\/20\\\/intervento-impegnativo-del-soccorso-alpino-sulle-pale-di-san-martino-per-un-alpinista-volato-dalla-parete\\\/#primaryimage\",\"url\":\"http:\\\/\\\/www.bellunopress.it\\\/wp-content\\\/uploads\\\/2011\\\/06\\\/soccorso-alpino-186x280.jpg\",\"contentUrl\":\"http:\\\/\\\/www.bellunopress.it\\\/wp-content\\\/uploads\\\/2011\\\/06\\\/soccorso-alpino-186x280.jpg\"},{\"@type\":\"BreadcrumbList\",\"@id\":\"https:\\\/\\\/www.bellunopress.it\\\/2012\\\/10\\\/20\\\/intervento-impegnativo-del-soccorso-alpino-sulle-pale-di-san-martino-per-un-alpinista-volato-dalla-parete\\\/#breadcrumb\",\"itemListElement\":[{\"@type\":\"ListItem\",\"position\":1,\"name\":\"Home\",\"item\":\"https:\\\/\\\/www.bellunopress.it\\\/\"},{\"@type\":\"ListItem\",\"position\":2,\"name\":\"Intervento impegnativo del Soccorso alpino sulle Pale di San Martino per un alpinista volato dalla parete\"}]},{\"@type\":\"WebSite\",\"@id\":\"https:\\\/\\\/www.bellunopress.it\\\/#website\",\"url\":\"https:\\\/\\\/www.bellunopress.it\\\/\",\"name\":\"Bellunopress - Dolomiti\",\"description\":\"e-mail: redazione@bellunopress.it\",\"publisher\":{\"@id\":\"https:\\\/\\\/www.bellunopress.it\\\/#organization\"},\"potentialAction\":[{\"@type\":\"SearchAction\",\"target\":{\"@type\":\"EntryPoint\",\"urlTemplate\":\"https:\\\/\\\/www.bellunopress.it\\\/?s={search_term_string}\"},\"query-input\":{\"@type\":\"PropertyValueSpecification\",\"valueRequired\":true,\"valueName\":\"search_term_string\"}}],\"inLanguage\":\"fr-FR\"},{\"@type\":\"Organization\",\"@id\":\"https:\\\/\\\/www.bellunopress.it\\\/#organization\",\"name\":\"Bellunopress\",\"url\":\"https:\\\/\\\/www.bellunopress.it\\\/\",\"logo\":{\"@type\":\"ImageObject\",\"inLanguage\":\"fr-FR\",\"@id\":\"https:\\\/\\\/www.bellunopress.it\\\/#\\\/schema\\\/logo\\\/image\\\/\",\"url\":\"https:\\\/\\\/www.bellunopress.it\\\/wp-content\\\/uploads\\\/2011\\\/05\\\/cropped-logo-bellunopress-.jpg\",\"contentUrl\":\"https:\\\/\\\/www.bellunopress.it\\\/wp-content\\\/uploads\\\/2011\\\/05\\\/cropped-logo-bellunopress-.jpg\",\"width\":512,\"height\":512,\"caption\":\"Bellunopress\"},\"image\":{\"@id\":\"https:\\\/\\\/www.bellunopress.it\\\/#\\\/schema\\\/logo\\\/image\\\/\"},\"sameAs\":[\"https:\\\/\\\/www.facebook.com\\\/profile.php?id=100008943462799\",\"https:\\\/\\\/x.com\\\/bellunopress\",\"https:\\\/\\\/www.linkedin.com\\\/hp\\\/?dnr=JBzUWaJfMUw8vbXJJ2tVW5-I3jZKvC4wsoxE&amp;amp;amp;amp;amp;amp;trk=nav_responsive_tab_home\",\"https:\\\/\\\/www.youtube.com\\\/channel\\\/UCxL0wu1uN0_3_7hGG0306cw\"]},{\"@type\":\"Person\",\"@id\":\"https:\\\/\\\/www.bellunopress.it\\\/#\\\/schema\\\/person\\\/79bb06722b37ece1c03d3e94beb30d73\",\"name\":\"redazione\",\"image\":{\"@type\":\"ImageObject\",\"inLanguage\":\"fr-FR\",\"@id\":\"https:\\\/\\\/secure.gravatar.com\\\/avatar\\\/37d968a2e67a6fd04c169c4bdef102d0bc5d31b2546345219e348575eb80e9a0?s=96&d=mm&r=g\",\"url\":\"https:\\\/\\\/secure.gravatar.com\\\/avatar\\\/37d968a2e67a6fd04c169c4bdef102d0bc5d31b2546345219e348575eb80e9a0?s=96&d=mm&r=g\",\"contentUrl\":\"https:\\\/\\\/secure.gravatar.com\\\/avatar\\\/37d968a2e67a6fd04c169c4bdef102d0bc5d31b2546345219e348575eb80e9a0?s=96&d=mm&r=g\",\"caption\":\"redazione\"},\"sameAs\":[\"http:\\\/\\\/www.bellunopress.it\",\"https:\\\/\\\/x.com\\\/bellunopress\"],\"url\":\"https:\\\/\\\/www.bellunopress.it\\\/fr\\\/author\\\/redazione\\\/\"}]}<\/script>\n<!-- \/ Yoast SEO plugin. -->","yoast_head_json":{"title":"Intervento impegnativo del Soccorso alpino sulle Pale di San Martino per un alpinista volato dalla parete - Bellunopress - Dolomiti","robots":{"index":"index","follow":"follow","max-snippet":"max-snippet:-1","max-image-preview":"max-image-preview:large","max-video-preview":"max-video-preview:-1"},"canonical":"https:\/\/www.bellunopress.it\/fr\/2012\/10\/20\/intervento-impegnativo-del-soccorso-alpino-sulle-pale-di-san-martino-per-un-alpinista-volato-dalla-parete\/","og_locale":"fr_FR","og_type":"article","og_title":"Intervento impegnativo del Soccorso alpino sulle Pale di San Martino per un alpinista volato dalla parete - Bellunopress - Dolomiti","og_description":"Taibon Agordino (BL), 20-10-12 Alpinista bresciano vola dalla Prima Pala di San Lucano e l&#8217;elicottero del Suem di Pieve di Cadore lo recupera utilizzando un gancio baricentrico di 125 metri. D.S., 46 anni, di Brescia, stava scalando con due compagni una via di sesto grado di Massarotto sulla parete ovest quando, primo di cordata, \u00e8 [&hellip;]","og_url":"https:\/\/www.bellunopress.it\/fr\/2012\/10\/20\/intervento-impegnativo-del-soccorso-alpino-sulle-pale-di-san-martino-per-un-alpinista-volato-dalla-parete\/","og_site_name":"Bellunopress - Dolomiti","article_publisher":"https:\/\/www.facebook.com\/profile.php?id=100008943462799","article_published_time":"2012-10-20T17:15:23+00:00","og_image":[{"url":"http:\/\/www.bellunopress.it\/wp-content\/uploads\/2011\/06\/soccorso-alpino-186x280.jpg","type":"","width":"","height":""}],"author":"redazione","twitter_card":"summary_large_image","twitter_creator":"@bellunopress","twitter_site":"@bellunopress","twitter_misc":{"\u00c9crit par":"redazione","Dur\u00e9e de lecture estim\u00e9e":"1 minute"},"schema":{"@context":"https:\/\/schema.org","@graph":[{"@type":"Article","@id":"https:\/\/www.bellunopress.it\/2012\/10\/20\/intervento-impegnativo-del-soccorso-alpino-sulle-pale-di-san-martino-per-un-alpinista-volato-dalla-parete\/#article","isPartOf":{"@id":"https:\/\/www.bellunopress.it\/2012\/10\/20\/intervento-impegnativo-del-soccorso-alpino-sulle-pale-di-san-martino-per-un-alpinista-volato-dalla-parete\/"},"author":{"name":"redazione","@id":"https:\/\/www.bellunopress.it\/#\/schema\/person\/79bb06722b37ece1c03d3e94beb30d73"},"headline":"Intervento impegnativo del Soccorso alpino sulle Pale di San Martino per un alpinista volato dalla parete","datePublished":"2012-10-20T17:15:23+00:00","mainEntityOfPage":{"@id":"https:\/\/www.bellunopress.it\/2012\/10\/20\/intervento-impegnativo-del-soccorso-alpino-sulle-pale-di-san-martino-per-un-alpinista-volato-dalla-parete\/"},"wordCount":187,"publisher":{"@id":"https:\/\/www.bellunopress.it\/#organization"},"image":{"@id":"https:\/\/www.bellunopress.it\/2012\/10\/20\/intervento-impegnativo-del-soccorso-alpino-sulle-pale-di-san-martino-per-un-alpinista-volato-dalla-parete\/#primaryimage"},"thumbnailUrl":"http:\/\/www.bellunopress.it\/wp-content\/uploads\/2011\/06\/soccorso-alpino-186x280.jpg","articleSection":["Cronaca\/Politica","Prima Pagina"],"inLanguage":"fr-FR"},{"@type":"WebPage","@id":"https:\/\/www.bellunopress.it\/2012\/10\/20\/intervento-impegnativo-del-soccorso-alpino-sulle-pale-di-san-martino-per-un-alpinista-volato-dalla-parete\/","url":"https:\/\/www.bellunopress.it\/2012\/10\/20\/intervento-impegnativo-del-soccorso-alpino-sulle-pale-di-san-martino-per-un-alpinista-volato-dalla-parete\/","name":"Intervento impegnativo del Soccorso alpino sulle Pale di San Martino per un alpinista volato dalla parete - Bellunopress - Dolomiti","isPartOf":{"@id":"https:\/\/www.bellunopress.it\/#website"},"primaryImageOfPage":{"@id":"https:\/\/www.bellunopress.it\/2012\/10\/20\/intervento-impegnativo-del-soccorso-alpino-sulle-pale-di-san-martino-per-un-alpinista-volato-dalla-parete\/#primaryimage"},"image":{"@id":"https:\/\/www.bellunopress.it\/2012\/10\/20\/intervento-impegnativo-del-soccorso-alpino-sulle-pale-di-san-martino-per-un-alpinista-volato-dalla-parete\/#primaryimage"},"thumbnailUrl":"http:\/\/www.bellunopress.it\/wp-content\/uploads\/2011\/06\/soccorso-alpino-186x280.jpg","datePublished":"2012-10-20T17:15:23+00:00","breadcrumb":{"@id":"https:\/\/www.bellunopress.it\/2012\/10\/20\/intervento-impegnativo-del-soccorso-alpino-sulle-pale-di-san-martino-per-un-alpinista-volato-dalla-parete\/#breadcrumb"},"inLanguage":"fr-FR","potentialAction":[{"@type":"ReadAction","target":["https:\/\/www.bellunopress.it\/2012\/10\/20\/intervento-impegnativo-del-soccorso-alpino-sulle-pale-di-san-martino-per-un-alpinista-volato-dalla-parete\/"]}]},{"@type":"ImageObject","inLanguage":"fr-FR","@id":"https:\/\/www.bellunopress.it\/2012\/10\/20\/intervento-impegnativo-del-soccorso-alpino-sulle-pale-di-san-martino-per-un-alpinista-volato-dalla-parete\/#primaryimage","url":"http:\/\/www.bellunopress.it\/wp-content\/uploads\/2011\/06\/soccorso-alpino-186x280.jpg","contentUrl":"http:\/\/www.bellunopress.it\/wp-content\/uploads\/2011\/06\/soccorso-alpino-186x280.jpg"},{"@type":"BreadcrumbList","@id":"https:\/\/www.bellunopress.it\/2012\/10\/20\/intervento-impegnativo-del-soccorso-alpino-sulle-pale-di-san-martino-per-un-alpinista-volato-dalla-parete\/#breadcrumb","itemListElement":[{"@type":"ListItem","position":1,"name":"Home","item":"https:\/\/www.bellunopress.it\/"},{"@type":"ListItem","position":2,"name":"Intervento impegnativo del Soccorso alpino sulle Pale di San Martino per un alpinista volato dalla parete"}]},{"@type":"WebSite","@id":"https:\/\/www.bellunopress.it\/#website","url":"https:\/\/www.bellunopress.it\/","name":"Bellunopress - Dolomiti","description":"e-mail: redazione@bellunopress.it","publisher":{"@id":"https:\/\/www.bellunopress.it\/#organization"},"potentialAction":[{"@type":"SearchAction","target":{"@type":"EntryPoint","urlTemplate":"https:\/\/www.bellunopress.it\/?s={search_term_string}"},"query-input":{"@type":"PropertyValueSpecification","valueRequired":true,"valueName":"search_term_string"}}],"inLanguage":"fr-FR"},{"@type":"Organization","@id":"https:\/\/www.bellunopress.it\/#organization","name":"Bellunopress","url":"https:\/\/www.bellunopress.it\/","logo":{"@type":"ImageObject","inLanguage":"fr-FR","@id":"https:\/\/www.bellunopress.it\/#\/schema\/logo\/image\/","url":"https:\/\/www.bellunopress.it\/wp-content\/uploads\/2011\/05\/cropped-logo-bellunopress-.jpg","contentUrl":"https:\/\/www.bellunopress.it\/wp-content\/uploads\/2011\/05\/cropped-logo-bellunopress-.jpg","width":512,"height":512,"caption":"Bellunopress"},"image":{"@id":"https:\/\/www.bellunopress.it\/#\/schema\/logo\/image\/"},"sameAs":["https:\/\/www.facebook.com\/profile.php?id=100008943462799","https:\/\/x.com\/bellunopress","https:\/\/www.linkedin.com\/hp\/?dnr=JBzUWaJfMUw8vbXJJ2tVW5-I3jZKvC4wsoxE&amp;amp;amp;amp;amp;amp;trk=nav_responsive_tab_home","https:\/\/www.youtube.com\/channel\/UCxL0wu1uN0_3_7hGG0306cw"]},{"@type":"Person","@id":"https:\/\/www.bellunopress.it\/#\/schema\/person\/79bb06722b37ece1c03d3e94beb30d73","name":"r\u00e9daction","image":{"@type":"ImageObject","inLanguage":"fr-FR","@id":"https:\/\/secure.gravatar.com\/avatar\/37d968a2e67a6fd04c169c4bdef102d0bc5d31b2546345219e348575eb80e9a0?s=96&d=mm&r=g","url":"https:\/\/secure.gravatar.com\/avatar\/37d968a2e67a6fd04c169c4bdef102d0bc5d31b2546345219e348575eb80e9a0?s=96&d=mm&r=g","contentUrl":"https:\/\/secure.gravatar.com\/avatar\/37d968a2e67a6fd04c169c4bdef102d0bc5d31b2546345219e348575eb80e9a0?s=96&d=mm&r=g","caption":"redazione"},"sameAs":["http:\/\/www.bellunopress.it","https:\/\/x.com\/bellunopress"],"url":"https:\/\/www.bellunopress.it\/fr\/author\/redazione\/"}]}},"_links":{"self":[{"href":"https:\/\/www.bellunopress.it\/fr\/wp-json\/wp\/v2\/posts\/43228","targetHints":{"allow":["GET"]}}],"collection":[{"href":"https:\/\/www.bellunopress.it\/fr\/wp-json\/wp\/v2\/posts"}],"about":[{"href":"https:\/\/www.bellunopress.it\/fr\/wp-json\/wp\/v2\/types\/post"}],"author":[{"embeddable":true,"href":"https:\/\/www.bellunopress.it\/fr\/wp-json\/wp\/v2\/users\/2"}],"replies":[{"embeddable":true,"href":"https:\/\/www.bellunopress.it\/fr\/wp-json\/wp\/v2\/comments?post=43228"}],"version-history":[{"count":1,"href":"https:\/\/www.bellunopress.it\/fr\/wp-json\/wp\/v2\/posts\/43228\/revisions"}],"predecessor-version":[{"id":43229,"href":"https:\/\/www.bellunopress.it\/fr\/wp-json\/wp\/v2\/posts\/43228\/revisions\/43229"}],"wp:attachment":[{"href":"https:\/\/www.bellunopress.it\/fr\/wp-json\/wp\/v2\/media?parent=43228"}],"wp:term":[{"taxonomy":"category","embeddable":true,"href":"https:\/\/www.bellunopress.it\/fr\/wp-json\/wp\/v2\/categories?post=43228"},{"taxonomy":"post_tag","embeddable":true,"href":"https:\/\/www.bellunopress.it\/fr\/wp-json\/wp\/v2\/tags?post=43228"}],"curies":[{"name":"wp","href":"https:\/\/api.w.org\/{rel}","templated":true}]}}