{"id":43205,"date":"2012-10-21T08:37:12","date_gmt":"2012-10-21T07:37:12","guid":{"rendered":"http:\/\/www.bellunopress.it\/?p=43205"},"modified":"2012-10-19T21:57:19","modified_gmt":"2012-10-19T20:57:19","slug":"concerto-del-coro-polifonico-di-trichiana-a-roma-e-alviano","status":"publish","type":"post","link":"https:\/\/www.bellunopress.it\/fr\/2012\/10\/21\/concerto-del-coro-polifonico-di-trichiana-a-roma-e-alviano\/","title":{"rendered":"Concerto del Coro Polifonico di Trichiana a Roma e Alviano"},"content":{"rendered":"<p>Trasferta a Roma e dintorni per il Coro Polifonico di Trichiana. Il viaggio di 4 giorni, ricco di soddisfazioni, con lo scopo di cantare e approfondire la conoscenza dei luoghi da visitare. \u00a0Grazie all\u2019intervento del presidente Paolo Gardenal \u00e8 stato pianificato uno scambio culturale con la popolazione di Alviano (TR) e in maniera particolare con il gruppo folcloristico denominato \u201cLa Vecchiarella\u201d.<\/p>\n<p><a href=\"http:\/\/www.bellunopress.it\/wp-content\/uploads\/2012\/10\/coro-polifonico-trichiana.jpg\"><img loading=\"lazy\" decoding=\"async\" class=\"alignleft size-full wp-image-43206\" title=\"coro polifonico trichiana\" src=\"http:\/\/www.bellunopress.it\/wp-content\/uploads\/2012\/10\/coro-polifonico-trichiana.jpg\" alt=\"\" width=\"300\" height=\"167\" \/><\/a>Ad Alviano, dopo la visita al castello dove il sindaco Sauro Santi ha fatto da Cicerone, il coro diretto da Aldo Coronati si \u00e8 esibito nella sala consiliare all\u2019interno del castello, in un concerto di canti popolari. Naturalmente non poteva mancare il momento conviviale.<\/p>\n<p>Il coro, accompagnato all\u2019organo dal giovane Federico Cortina, ha animato anche la liturgia eucaristica presso la basilica Aracoeli a Roma. Inoltre,\u00a0ha potuto visitare alcuni paesi di spettacolare bellezza (Civita di Bagnoregio e Montepulciano &#8211; SI) e due luoghi ricchi di storia (Villa Adriana a Tivoli e il Colosseo).<\/p>\n<p>&nbsp;<\/p>","protected":false},"excerpt":{"rendered":"<p>Trasferta a Roma e dintorni per il Coro Polifonico di Trichiana. Il viaggio di 4 giorni, ricco di soddisfazioni, con lo scopo di cantare e approfondire la conoscenza dei luoghi da visitare. \u00a0Grazie all\u2019intervento del presidente Paolo Gardenal \u00e8 stato pianificato uno scambio culturale con la popolazione di Alviano (TR) e in maniera particolare con [&hellip;]<\/p>\n","protected":false},"author":2,"featured_media":0,"comment_status":"closed","ping_status":"open","sticky":false,"template":"","format":"standard","meta":{"footnotes":""},"categories":[3,25],"tags":[],"class_list":["post-43205","post","type-post","status-publish","format-standard","category-arte-cultura-spettacoli-scienza-archivi","category-pausa-caffe"],"yoast_head":"<!-- This site is optimized with the Yoast SEO plugin v28.4 - https:\/\/yoast.com\/product\/yoast-seo-wordpress\/ -->\n<title>Concerto del Coro Polifonico di Trichiana a Roma e Alviano - Bellunopress - Dolomiti<\/title>\n<meta name=\"robots\" content=\"index, follow, max-snippet:-1, max-image-preview:large, max-video-preview:-1\" \/>\n<link rel=\"canonical\" href=\"https:\/\/www.bellunopress.it\/fr\/2012\/10\/21\/concerto-del-coro-polifonico-di-trichiana-a-roma-e-alviano\/\" \/>\n<meta property=\"og:locale\" content=\"fr_FR\" \/>\n<meta property=\"og:type\" content=\"article\" \/>\n<meta property=\"og:title\" content=\"Concerto del Coro Polifonico di Trichiana a Roma e Alviano - Bellunopress - Dolomiti\" \/>\n<meta property=\"og:description\" content=\"Trasferta a Roma e dintorni per il Coro Polifonico di Trichiana. Il viaggio di 4 giorni, ricco di soddisfazioni, con lo scopo di cantare e approfondire la conoscenza dei luoghi da visitare. \u00a0Grazie all\u2019intervento del presidente Paolo Gardenal \u00e8 stato pianificato uno scambio culturale con la popolazione di Alviano (TR) e in maniera particolare con [&hellip;]\" \/>\n<meta property=\"og:url\" content=\"https:\/\/www.bellunopress.it\/fr\/2012\/10\/21\/concerto-del-coro-polifonico-di-trichiana-a-roma-e-alviano\/\" \/>\n<meta property=\"og:site_name\" content=\"Bellunopress - Dolomiti\" \/>\n<meta property=\"article:publisher\" content=\"https:\/\/www.facebook.com\/profile.php?id=100008943462799\" \/>\n<meta property=\"article:published_time\" content=\"2012-10-21T07:37:12+00:00\" \/>\n<meta property=\"og:image\" content=\"http:\/\/www.bellunopress.it\/wp-content\/uploads\/2012\/10\/coro-polifonico-trichiana.jpg\" \/>\n<meta name=\"author\" content=\"redazione\" \/>\n<meta name=\"twitter:card\" content=\"summary_large_image\" \/>\n<meta name=\"twitter:creator\" content=\"@bellunopress\" \/>\n<meta name=\"twitter:site\" content=\"@bellunopress\" \/>\n<meta name=\"twitter:label1\" content=\"\u00c9crit par\" \/>\n\t<meta name=\"twitter:data1\" content=\"redazione\" \/>\n\t<meta name=\"twitter:label2\" content=\"Dur\u00e9e de lecture estim\u00e9e\" \/>\n\t<meta name=\"twitter:data2\" content=\"1 minute\" \/>\n<script type=\"application\/ld+json\" class=\"yoast-schema-graph\">{\"@context\":\"https:\\\/\\\/schema.org\",\"@graph\":[{\"@type\":\"Article\",\"@id\":\"https:\\\/\\\/www.bellunopress.it\\\/2012\\\/10\\\/21\\\/concerto-del-coro-polifonico-di-trichiana-a-roma-e-alviano\\\/#article\",\"isPartOf\":{\"@id\":\"https:\\\/\\\/www.bellunopress.it\\\/2012\\\/10\\\/21\\\/concerto-del-coro-polifonico-di-trichiana-a-roma-e-alviano\\\/\"},\"author\":{\"name\":\"redazione\",\"@id\":\"https:\\\/\\\/www.bellunopress.it\\\/#\\\/schema\\\/person\\\/79bb06722b37ece1c03d3e94beb30d73\"},\"headline\":\"Concerto del Coro Polifonico di Trichiana a Roma e Alviano\",\"datePublished\":\"2012-10-21T07:37:12+00:00\",\"mainEntityOfPage\":{\"@id\":\"https:\\\/\\\/www.bellunopress.it\\\/2012\\\/10\\\/21\\\/concerto-del-coro-polifonico-di-trichiana-a-roma-e-alviano\\\/\"},\"wordCount\":165,\"publisher\":{\"@id\":\"https:\\\/\\\/www.bellunopress.it\\\/#organization\"},\"image\":{\"@id\":\"https:\\\/\\\/www.bellunopress.it\\\/2012\\\/10\\\/21\\\/concerto-del-coro-polifonico-di-trichiana-a-roma-e-alviano\\\/#primaryimage\"},\"thumbnailUrl\":\"http:\\\/\\\/www.bellunopress.it\\\/wp-content\\\/uploads\\\/2012\\\/10\\\/coro-polifonico-trichiana.jpg\",\"articleSection\":[\"Arte, Cultura, Spettacoli, Scienza\",\"Pausa Caff\u00e8\"],\"inLanguage\":\"fr-FR\"},{\"@type\":\"WebPage\",\"@id\":\"https:\\\/\\\/www.bellunopress.it\\\/2012\\\/10\\\/21\\\/concerto-del-coro-polifonico-di-trichiana-a-roma-e-alviano\\\/\",\"url\":\"https:\\\/\\\/www.bellunopress.it\\\/2012\\\/10\\\/21\\\/concerto-del-coro-polifonico-di-trichiana-a-roma-e-alviano\\\/\",\"name\":\"Concerto del Coro Polifonico di Trichiana a Roma e Alviano - Bellunopress - Dolomiti\",\"isPartOf\":{\"@id\":\"https:\\\/\\\/www.bellunopress.it\\\/#website\"},\"primaryImageOfPage\":{\"@id\":\"https:\\\/\\\/www.bellunopress.it\\\/2012\\\/10\\\/21\\\/concerto-del-coro-polifonico-di-trichiana-a-roma-e-alviano\\\/#primaryimage\"},\"image\":{\"@id\":\"https:\\\/\\\/www.bellunopress.it\\\/2012\\\/10\\\/21\\\/concerto-del-coro-polifonico-di-trichiana-a-roma-e-alviano\\\/#primaryimage\"},\"thumbnailUrl\":\"http:\\\/\\\/www.bellunopress.it\\\/wp-content\\\/uploads\\\/2012\\\/10\\\/coro-polifonico-trichiana.jpg\",\"datePublished\":\"2012-10-21T07:37:12+00:00\",\"breadcrumb\":{\"@id\":\"https:\\\/\\\/www.bellunopress.it\\\/2012\\\/10\\\/21\\\/concerto-del-coro-polifonico-di-trichiana-a-roma-e-alviano\\\/#breadcrumb\"},\"inLanguage\":\"fr-FR\",\"potentialAction\":[{\"@type\":\"ReadAction\",\"target\":[\"https:\\\/\\\/www.bellunopress.it\\\/2012\\\/10\\\/21\\\/concerto-del-coro-polifonico-di-trichiana-a-roma-e-alviano\\\/\"]}]},{\"@type\":\"ImageObject\",\"inLanguage\":\"fr-FR\",\"@id\":\"https:\\\/\\\/www.bellunopress.it\\\/2012\\\/10\\\/21\\\/concerto-del-coro-polifonico-di-trichiana-a-roma-e-alviano\\\/#primaryimage\",\"url\":\"http:\\\/\\\/www.bellunopress.it\\\/wp-content\\\/uploads\\\/2012\\\/10\\\/coro-polifonico-trichiana.jpg\",\"contentUrl\":\"http:\\\/\\\/www.bellunopress.it\\\/wp-content\\\/uploads\\\/2012\\\/10\\\/coro-polifonico-trichiana.jpg\"},{\"@type\":\"BreadcrumbList\",\"@id\":\"https:\\\/\\\/www.bellunopress.it\\\/2012\\\/10\\\/21\\\/concerto-del-coro-polifonico-di-trichiana-a-roma-e-alviano\\\/#breadcrumb\",\"itemListElement\":[{\"@type\":\"ListItem\",\"position\":1,\"name\":\"Home\",\"item\":\"https:\\\/\\\/www.bellunopress.it\\\/\"},{\"@type\":\"ListItem\",\"position\":2,\"name\":\"Concerto del Coro Polifonico di Trichiana a Roma e Alviano\"}]},{\"@type\":\"WebSite\",\"@id\":\"https:\\\/\\\/www.bellunopress.it\\\/#website\",\"url\":\"https:\\\/\\\/www.bellunopress.it\\\/\",\"name\":\"Bellunopress - Dolomiti\",\"description\":\"e-mail: redazione@bellunopress.it\",\"publisher\":{\"@id\":\"https:\\\/\\\/www.bellunopress.it\\\/#organization\"},\"potentialAction\":[{\"@type\":\"SearchAction\",\"target\":{\"@type\":\"EntryPoint\",\"urlTemplate\":\"https:\\\/\\\/www.bellunopress.it\\\/?s={search_term_string}\"},\"query-input\":{\"@type\":\"PropertyValueSpecification\",\"valueRequired\":true,\"valueName\":\"search_term_string\"}}],\"inLanguage\":\"fr-FR\"},{\"@type\":\"Organization\",\"@id\":\"https:\\\/\\\/www.bellunopress.it\\\/#organization\",\"name\":\"Bellunopress\",\"url\":\"https:\\\/\\\/www.bellunopress.it\\\/\",\"logo\":{\"@type\":\"ImageObject\",\"inLanguage\":\"fr-FR\",\"@id\":\"https:\\\/\\\/www.bellunopress.it\\\/#\\\/schema\\\/logo\\\/image\\\/\",\"url\":\"https:\\\/\\\/www.bellunopress.it\\\/wp-content\\\/uploads\\\/2011\\\/05\\\/cropped-logo-bellunopress-.jpg\",\"contentUrl\":\"https:\\\/\\\/www.bellunopress.it\\\/wp-content\\\/uploads\\\/2011\\\/05\\\/cropped-logo-bellunopress-.jpg\",\"width\":512,\"height\":512,\"caption\":\"Bellunopress\"},\"image\":{\"@id\":\"https:\\\/\\\/www.bellunopress.it\\\/#\\\/schema\\\/logo\\\/image\\\/\"},\"sameAs\":[\"https:\\\/\\\/www.facebook.com\\\/profile.php?id=100008943462799\",\"https:\\\/\\\/x.com\\\/bellunopress\",\"https:\\\/\\\/www.linkedin.com\\\/hp\\\/?dnr=JBzUWaJfMUw8vbXJJ2tVW5-I3jZKvC4wsoxE&amp;amp;amp;amp;amp;amp;trk=nav_responsive_tab_home\",\"https:\\\/\\\/www.youtube.com\\\/channel\\\/UCxL0wu1uN0_3_7hGG0306cw\"]},{\"@type\":\"Person\",\"@id\":\"https:\\\/\\\/www.bellunopress.it\\\/#\\\/schema\\\/person\\\/79bb06722b37ece1c03d3e94beb30d73\",\"name\":\"redazione\",\"image\":{\"@type\":\"ImageObject\",\"inLanguage\":\"fr-FR\",\"@id\":\"https:\\\/\\\/secure.gravatar.com\\\/avatar\\\/37d968a2e67a6fd04c169c4bdef102d0bc5d31b2546345219e348575eb80e9a0?s=96&d=mm&r=g\",\"url\":\"https:\\\/\\\/secure.gravatar.com\\\/avatar\\\/37d968a2e67a6fd04c169c4bdef102d0bc5d31b2546345219e348575eb80e9a0?s=96&d=mm&r=g\",\"contentUrl\":\"https:\\\/\\\/secure.gravatar.com\\\/avatar\\\/37d968a2e67a6fd04c169c4bdef102d0bc5d31b2546345219e348575eb80e9a0?s=96&d=mm&r=g\",\"caption\":\"redazione\"},\"sameAs\":[\"http:\\\/\\\/www.bellunopress.it\",\"https:\\\/\\\/x.com\\\/bellunopress\"],\"url\":\"https:\\\/\\\/www.bellunopress.it\\\/fr\\\/author\\\/redazione\\\/\"}]}<\/script>\n<!-- \/ Yoast SEO plugin. -->","yoast_head_json":{"title":"Concerto del Coro Polifonico di Trichiana a Roma e Alviano - Bellunopress - Dolomiti","robots":{"index":"index","follow":"follow","max-snippet":"max-snippet:-1","max-image-preview":"max-image-preview:large","max-video-preview":"max-video-preview:-1"},"canonical":"https:\/\/www.bellunopress.it\/fr\/2012\/10\/21\/concerto-del-coro-polifonico-di-trichiana-a-roma-e-alviano\/","og_locale":"fr_FR","og_type":"article","og_title":"Concerto del Coro Polifonico di Trichiana a Roma e Alviano - Bellunopress - Dolomiti","og_description":"Trasferta a Roma e dintorni per il Coro Polifonico di Trichiana. Il viaggio di 4 giorni, ricco di soddisfazioni, con lo scopo di cantare e approfondire la conoscenza dei luoghi da visitare. \u00a0Grazie all\u2019intervento del presidente Paolo Gardenal \u00e8 stato pianificato uno scambio culturale con la popolazione di Alviano (TR) e in maniera particolare con [&hellip;]","og_url":"https:\/\/www.bellunopress.it\/fr\/2012\/10\/21\/concerto-del-coro-polifonico-di-trichiana-a-roma-e-alviano\/","og_site_name":"Bellunopress - Dolomiti","article_publisher":"https:\/\/www.facebook.com\/profile.php?id=100008943462799","article_published_time":"2012-10-21T07:37:12+00:00","og_image":[{"url":"http:\/\/www.bellunopress.it\/wp-content\/uploads\/2012\/10\/coro-polifonico-trichiana.jpg","type":"","width":"","height":""}],"author":"redazione","twitter_card":"summary_large_image","twitter_creator":"@bellunopress","twitter_site":"@bellunopress","twitter_misc":{"\u00c9crit par":"redazione","Dur\u00e9e de lecture estim\u00e9e":"1 minute"},"schema":{"@context":"https:\/\/schema.org","@graph":[{"@type":"Article","@id":"https:\/\/www.bellunopress.it\/2012\/10\/21\/concerto-del-coro-polifonico-di-trichiana-a-roma-e-alviano\/#article","isPartOf":{"@id":"https:\/\/www.bellunopress.it\/2012\/10\/21\/concerto-del-coro-polifonico-di-trichiana-a-roma-e-alviano\/"},"author":{"name":"redazione","@id":"https:\/\/www.bellunopress.it\/#\/schema\/person\/79bb06722b37ece1c03d3e94beb30d73"},"headline":"Concerto del Coro Polifonico di Trichiana a Roma e Alviano","datePublished":"2012-10-21T07:37:12+00:00","mainEntityOfPage":{"@id":"https:\/\/www.bellunopress.it\/2012\/10\/21\/concerto-del-coro-polifonico-di-trichiana-a-roma-e-alviano\/"},"wordCount":165,"publisher":{"@id":"https:\/\/www.bellunopress.it\/#organization"},"image":{"@id":"https:\/\/www.bellunopress.it\/2012\/10\/21\/concerto-del-coro-polifonico-di-trichiana-a-roma-e-alviano\/#primaryimage"},"thumbnailUrl":"http:\/\/www.bellunopress.it\/wp-content\/uploads\/2012\/10\/coro-polifonico-trichiana.jpg","articleSection":["Arte, Cultura, Spettacoli, Scienza","Pausa Caff\u00e8"],"inLanguage":"fr-FR"},{"@type":"WebPage","@id":"https:\/\/www.bellunopress.it\/2012\/10\/21\/concerto-del-coro-polifonico-di-trichiana-a-roma-e-alviano\/","url":"https:\/\/www.bellunopress.it\/2012\/10\/21\/concerto-del-coro-polifonico-di-trichiana-a-roma-e-alviano\/","name":"Concerto del Coro Polifonico di Trichiana a Roma e Alviano - Bellunopress - Dolomiti","isPartOf":{"@id":"https:\/\/www.bellunopress.it\/#website"},"primaryImageOfPage":{"@id":"https:\/\/www.bellunopress.it\/2012\/10\/21\/concerto-del-coro-polifonico-di-trichiana-a-roma-e-alviano\/#primaryimage"},"image":{"@id":"https:\/\/www.bellunopress.it\/2012\/10\/21\/concerto-del-coro-polifonico-di-trichiana-a-roma-e-alviano\/#primaryimage"},"thumbnailUrl":"http:\/\/www.bellunopress.it\/wp-content\/uploads\/2012\/10\/coro-polifonico-trichiana.jpg","datePublished":"2012-10-21T07:37:12+00:00","breadcrumb":{"@id":"https:\/\/www.bellunopress.it\/2012\/10\/21\/concerto-del-coro-polifonico-di-trichiana-a-roma-e-alviano\/#breadcrumb"},"inLanguage":"fr-FR","potentialAction":[{"@type":"ReadAction","target":["https:\/\/www.bellunopress.it\/2012\/10\/21\/concerto-del-coro-polifonico-di-trichiana-a-roma-e-alviano\/"]}]},{"@type":"ImageObject","inLanguage":"fr-FR","@id":"https:\/\/www.bellunopress.it\/2012\/10\/21\/concerto-del-coro-polifonico-di-trichiana-a-roma-e-alviano\/#primaryimage","url":"http:\/\/www.bellunopress.it\/wp-content\/uploads\/2012\/10\/coro-polifonico-trichiana.jpg","contentUrl":"http:\/\/www.bellunopress.it\/wp-content\/uploads\/2012\/10\/coro-polifonico-trichiana.jpg"},{"@type":"BreadcrumbList","@id":"https:\/\/www.bellunopress.it\/2012\/10\/21\/concerto-del-coro-polifonico-di-trichiana-a-roma-e-alviano\/#breadcrumb","itemListElement":[{"@type":"ListItem","position":1,"name":"Home","item":"https:\/\/www.bellunopress.it\/"},{"@type":"ListItem","position":2,"name":"Concerto del Coro Polifonico di Trichiana a Roma e Alviano"}]},{"@type":"WebSite","@id":"https:\/\/www.bellunopress.it\/#website","url":"https:\/\/www.bellunopress.it\/","name":"Bellunopress - Dolomiti","description":"e-mail: redazione@bellunopress.it","publisher":{"@id":"https:\/\/www.bellunopress.it\/#organization"},"potentialAction":[{"@type":"SearchAction","target":{"@type":"EntryPoint","urlTemplate":"https:\/\/www.bellunopress.it\/?s={search_term_string}"},"query-input":{"@type":"PropertyValueSpecification","valueRequired":true,"valueName":"search_term_string"}}],"inLanguage":"fr-FR"},{"@type":"Organization","@id":"https:\/\/www.bellunopress.it\/#organization","name":"Bellunopress","url":"https:\/\/www.bellunopress.it\/","logo":{"@type":"ImageObject","inLanguage":"fr-FR","@id":"https:\/\/www.bellunopress.it\/#\/schema\/logo\/image\/","url":"https:\/\/www.bellunopress.it\/wp-content\/uploads\/2011\/05\/cropped-logo-bellunopress-.jpg","contentUrl":"https:\/\/www.bellunopress.it\/wp-content\/uploads\/2011\/05\/cropped-logo-bellunopress-.jpg","width":512,"height":512,"caption":"Bellunopress"},"image":{"@id":"https:\/\/www.bellunopress.it\/#\/schema\/logo\/image\/"},"sameAs":["https:\/\/www.facebook.com\/profile.php?id=100008943462799","https:\/\/x.com\/bellunopress","https:\/\/www.linkedin.com\/hp\/?dnr=JBzUWaJfMUw8vbXJJ2tVW5-I3jZKvC4wsoxE&amp;amp;amp;amp;amp;amp;trk=nav_responsive_tab_home","https:\/\/www.youtube.com\/channel\/UCxL0wu1uN0_3_7hGG0306cw"]},{"@type":"Person","@id":"https:\/\/www.bellunopress.it\/#\/schema\/person\/79bb06722b37ece1c03d3e94beb30d73","name":"r\u00e9daction","image":{"@type":"ImageObject","inLanguage":"fr-FR","@id":"https:\/\/secure.gravatar.com\/avatar\/37d968a2e67a6fd04c169c4bdef102d0bc5d31b2546345219e348575eb80e9a0?s=96&d=mm&r=g","url":"https:\/\/secure.gravatar.com\/avatar\/37d968a2e67a6fd04c169c4bdef102d0bc5d31b2546345219e348575eb80e9a0?s=96&d=mm&r=g","contentUrl":"https:\/\/secure.gravatar.com\/avatar\/37d968a2e67a6fd04c169c4bdef102d0bc5d31b2546345219e348575eb80e9a0?s=96&d=mm&r=g","caption":"redazione"},"sameAs":["http:\/\/www.bellunopress.it","https:\/\/x.com\/bellunopress"],"url":"https:\/\/www.bellunopress.it\/fr\/author\/redazione\/"}]}},"_links":{"self":[{"href":"https:\/\/www.bellunopress.it\/fr\/wp-json\/wp\/v2\/posts\/43205","targetHints":{"allow":["GET"]}}],"collection":[{"href":"https:\/\/www.bellunopress.it\/fr\/wp-json\/wp\/v2\/posts"}],"about":[{"href":"https:\/\/www.bellunopress.it\/fr\/wp-json\/wp\/v2\/types\/post"}],"author":[{"embeddable":true,"href":"https:\/\/www.bellunopress.it\/fr\/wp-json\/wp\/v2\/users\/2"}],"replies":[{"embeddable":true,"href":"https:\/\/www.bellunopress.it\/fr\/wp-json\/wp\/v2\/comments?post=43205"}],"version-history":[{"count":1,"href":"https:\/\/www.bellunopress.it\/fr\/wp-json\/wp\/v2\/posts\/43205\/revisions"}],"predecessor-version":[{"id":43207,"href":"https:\/\/www.bellunopress.it\/fr\/wp-json\/wp\/v2\/posts\/43205\/revisions\/43207"}],"wp:attachment":[{"href":"https:\/\/www.bellunopress.it\/fr\/wp-json\/wp\/v2\/media?parent=43205"}],"wp:term":[{"taxonomy":"category","embeddable":true,"href":"https:\/\/www.bellunopress.it\/fr\/wp-json\/wp\/v2\/categories?post=43205"},{"taxonomy":"post_tag","embeddable":true,"href":"https:\/\/www.bellunopress.it\/fr\/wp-json\/wp\/v2\/tags?post=43205"}],"curies":[{"name":"wp","href":"https:\/\/api.w.org\/{rel}","templated":true}]}}