{"id":4295,"date":"2009-06-01T14:35:27","date_gmt":"2009-06-01T13:35:27","guid":{"rendered":"http:\/\/www.bellunopress.it\/?p=4295"},"modified":"2009-06-01T14:35:27","modified_gmt":"2009-06-01T13:35:27","slug":"capriolo-tra-i-banchi-a-mur-di-cadola","status":"publish","type":"post","link":"https:\/\/www.bellunopress.it\/fr\/2009\/06\/01\/capriolo-tra-i-banchi-a-mur-di-cadola\/","title":{"rendered":"Capriolo tra i banchi a Mur di Cadola"},"content":{"rendered":"<figure id=\"attachment_4297\" aria-describedby=\"caption-attachment-4297\" style=\"width: 253px\" class=\"wp-caption alignleft\"><a href=\"http:\/\/www.bellunopress.it\/wp-content\/uploads\/2009\/06\/scuola-elem-mur-di-cadola.jpg\"><img loading=\"lazy\" decoding=\"async\" class=\"size-medium wp-image-4297\" title=\"scuola-elem-mur-di-cadola\" src=\"http:\/\/www.bellunopress.it\/wp-content\/uploads\/2009\/06\/scuola-elem-mur-di-cadola.jpg\" alt=\"Scuola elementare Mur di Cadola\" width=\"253\" height=\"181\" \/><\/a><figcaption id=\"caption-attachment-4297\" class=\"wp-caption-text\">Scuola elementare Mur di Cadola<\/figcaption><\/figure>\n<p>Grande eccitazione questa mattina alle scuole elementari di Mur di Cadola a Belluno. I ragazzi all&#8217;entrata dal cancello del cortile della scuola sono stati accolti da una giovane femmina di capriolo che aveva deciso di passare la notte l\u00ec e di attenderli per l&#8217;inizio delle lezioni dell&#8217;ultima settimana dell&#8217;anno scolastico. Ovviamente i pi\u00f9 piccini si domandavano se non fosse un sogno, ma poi si sono immediatamente immedesimati nella realt\u00e0 e sono entrati in classe con molto brio nell&#8217;ultimo luned\u00ec di impegno tra i banchi. Il personale della scuola ha immediatamente chiesto l&#8217;intervento della Polizia Provinciale, che ha aggiunto insolito interesse a un luned\u00ec mattina diverso dagli ordinari. Sul posto gli uomini della squadra catture della Polizia Provinciale di Belluno, coordinati dal Vice Comandante Oscar Da Rold, hanno provveduto a isolare l&#8217;ungulato in un recinto poco distante dalla scuola dove l&#8217;animale aveva cercato nel frattempo rifugio. La cattura con la rete, del tutto indolore per il capriolo, si \u00e8 svolta sotto gli occhi (e i binocoli) attenti dei residenti delle case adiacenti assiepati sui terrazzi, richiamati dal movimento inconsueto nel tranquillo quartiere.La storia si conclude con il capriolo che riconquista il bosco nella zona di Sopracroda, dove \u00e8 stato immediatamente liberato, non avendo riportato alcun trauma.<\/p>","protected":false},"excerpt":{"rendered":"<p>Grande eccitazione questa mattina alle scuole elementari di Mur di Cadola a Belluno. I ragazzi all&#8217;entrata dal cancello del cortile della scuola sono stati accolti da una giovane femmina di capriolo che aveva deciso di passare la notte l\u00ec e di attenderli per l&#8217;inizio delle lezioni dell&#8217;ultima settimana dell&#8217;anno scolastico. Ovviamente i pi\u00f9 piccini si [&hellip;]<\/p>\n","protected":false},"author":2,"featured_media":0,"comment_status":"closed","ping_status":"open","sticky":false,"template":"","format":"standard","meta":{"footnotes":""},"categories":[5,26],"tags":[139],"class_list":["post-4295","post","type-post","status-publish","format-standard","category-cronaca","category-prima-pagina","tag-belluno"],"yoast_head":"<!-- This site is optimized with the Yoast SEO plugin v28.4 - https:\/\/yoast.com\/product\/yoast-seo-wordpress\/ -->\n<title>Capriolo tra i banchi a Mur di Cadola - Bellunopress - Dolomiti<\/title>\n<meta name=\"robots\" content=\"index, follow, max-snippet:-1, max-image-preview:large, max-video-preview:-1\" \/>\n<link rel=\"canonical\" href=\"https:\/\/www.bellunopress.it\/fr\/2009\/06\/01\/capriolo-tra-i-banchi-a-mur-di-cadola\/\" \/>\n<meta property=\"og:locale\" content=\"fr_FR\" \/>\n<meta property=\"og:type\" content=\"article\" \/>\n<meta property=\"og:title\" content=\"Capriolo tra i banchi a Mur di Cadola - Bellunopress - Dolomiti\" \/>\n<meta property=\"og:description\" content=\"Grande eccitazione questa mattina alle scuole elementari di Mur di Cadola a Belluno. I ragazzi all&#8217;entrata dal cancello del cortile della scuola sono stati accolti da una giovane femmina di capriolo che aveva deciso di passare la notte l\u00ec e di attenderli per l&#8217;inizio delle lezioni dell&#8217;ultima settimana dell&#8217;anno scolastico. Ovviamente i pi\u00f9 piccini si [&hellip;]\" \/>\n<meta property=\"og:url\" content=\"https:\/\/www.bellunopress.it\/fr\/2009\/06\/01\/capriolo-tra-i-banchi-a-mur-di-cadola\/\" \/>\n<meta property=\"og:site_name\" content=\"Bellunopress - Dolomiti\" \/>\n<meta property=\"article:publisher\" content=\"https:\/\/www.facebook.com\/profile.php?id=100008943462799\" \/>\n<meta property=\"article:published_time\" content=\"2009-06-01T13:35:27+00:00\" \/>\n<meta property=\"og:image\" content=\"http:\/\/www.bellunopress.it\/wp-content\/uploads\/2009\/06\/scuola-elem-mur-di-cadola.jpg\" \/>\n<meta name=\"author\" content=\"redazione\" \/>\n<meta name=\"twitter:card\" content=\"summary_large_image\" \/>\n<meta name=\"twitter:creator\" content=\"@bellunopress\" \/>\n<meta name=\"twitter:site\" content=\"@bellunopress\" \/>\n<meta name=\"twitter:label1\" content=\"Written by\" \/>\n\t<meta name=\"twitter:data1\" content=\"redazione\" \/>\n\t<meta name=\"twitter:label2\" content=\"Est. reading time\" \/>\n\t<meta name=\"twitter:data2\" content=\"1 minute\" \/>\n<script type=\"application\/ld+json\" class=\"yoast-schema-graph\">{\"@context\":\"https:\\\/\\\/schema.org\",\"@graph\":[{\"@type\":\"Article\",\"@id\":\"https:\\\/\\\/www.bellunopress.it\\\/2009\\\/06\\\/01\\\/capriolo-tra-i-banchi-a-mur-di-cadola\\\/#article\",\"isPartOf\":{\"@id\":\"https:\\\/\\\/www.bellunopress.it\\\/2009\\\/06\\\/01\\\/capriolo-tra-i-banchi-a-mur-di-cadola\\\/\"},\"author\":{\"name\":\"redazione\",\"@id\":\"https:\\\/\\\/www.bellunopress.it\\\/#\\\/schema\\\/person\\\/79bb06722b37ece1c03d3e94beb30d73\"},\"headline\":\"Capriolo tra i banchi a Mur di Cadola\",\"datePublished\":\"2009-06-01T13:35:27+00:00\",\"mainEntityOfPage\":{\"@id\":\"https:\\\/\\\/www.bellunopress.it\\\/2009\\\/06\\\/01\\\/capriolo-tra-i-banchi-a-mur-di-cadola\\\/\"},\"wordCount\":233,\"publisher\":{\"@id\":\"https:\\\/\\\/www.bellunopress.it\\\/#organization\"},\"image\":{\"@id\":\"https:\\\/\\\/www.bellunopress.it\\\/2009\\\/06\\\/01\\\/capriolo-tra-i-banchi-a-mur-di-cadola\\\/#primaryimage\"},\"thumbnailUrl\":\"http:\\\/\\\/www.bellunopress.it\\\/wp-content\\\/uploads\\\/2009\\\/06\\\/scuola-elem-mur-di-cadola.jpg\",\"keywords\":[\"Belluno\"],\"articleSection\":[\"Cronaca\\\/Politica\",\"Prima Pagina\"],\"inLanguage\":\"fr-FR\"},{\"@type\":\"WebPage\",\"@id\":\"https:\\\/\\\/www.bellunopress.it\\\/2009\\\/06\\\/01\\\/capriolo-tra-i-banchi-a-mur-di-cadola\\\/\",\"url\":\"https:\\\/\\\/www.bellunopress.it\\\/2009\\\/06\\\/01\\\/capriolo-tra-i-banchi-a-mur-di-cadola\\\/\",\"name\":\"Capriolo tra i banchi a Mur di Cadola - Bellunopress - Dolomiti\",\"isPartOf\":{\"@id\":\"https:\\\/\\\/www.bellunopress.it\\\/#website\"},\"primaryImageOfPage\":{\"@id\":\"https:\\\/\\\/www.bellunopress.it\\\/2009\\\/06\\\/01\\\/capriolo-tra-i-banchi-a-mur-di-cadola\\\/#primaryimage\"},\"image\":{\"@id\":\"https:\\\/\\\/www.bellunopress.it\\\/2009\\\/06\\\/01\\\/capriolo-tra-i-banchi-a-mur-di-cadola\\\/#primaryimage\"},\"thumbnailUrl\":\"http:\\\/\\\/www.bellunopress.it\\\/wp-content\\\/uploads\\\/2009\\\/06\\\/scuola-elem-mur-di-cadola.jpg\",\"datePublished\":\"2009-06-01T13:35:27+00:00\",\"breadcrumb\":{\"@id\":\"https:\\\/\\\/www.bellunopress.it\\\/2009\\\/06\\\/01\\\/capriolo-tra-i-banchi-a-mur-di-cadola\\\/#breadcrumb\"},\"inLanguage\":\"fr-FR\",\"potentialAction\":[{\"@type\":\"ReadAction\",\"target\":[\"https:\\\/\\\/www.bellunopress.it\\\/2009\\\/06\\\/01\\\/capriolo-tra-i-banchi-a-mur-di-cadola\\\/\"]}]},{\"@type\":\"ImageObject\",\"inLanguage\":\"fr-FR\",\"@id\":\"https:\\\/\\\/www.bellunopress.it\\\/2009\\\/06\\\/01\\\/capriolo-tra-i-banchi-a-mur-di-cadola\\\/#primaryimage\",\"url\":\"http:\\\/\\\/www.bellunopress.it\\\/wp-content\\\/uploads\\\/2009\\\/06\\\/scuola-elem-mur-di-cadola.jpg\",\"contentUrl\":\"http:\\\/\\\/www.bellunopress.it\\\/wp-content\\\/uploads\\\/2009\\\/06\\\/scuola-elem-mur-di-cadola.jpg\"},{\"@type\":\"BreadcrumbList\",\"@id\":\"https:\\\/\\\/www.bellunopress.it\\\/2009\\\/06\\\/01\\\/capriolo-tra-i-banchi-a-mur-di-cadola\\\/#breadcrumb\",\"itemListElement\":[{\"@type\":\"ListItem\",\"position\":1,\"name\":\"Home\",\"item\":\"https:\\\/\\\/www.bellunopress.it\\\/\"},{\"@type\":\"ListItem\",\"position\":2,\"name\":\"Capriolo tra i banchi a Mur di Cadola\"}]},{\"@type\":\"WebSite\",\"@id\":\"https:\\\/\\\/www.bellunopress.it\\\/#website\",\"url\":\"https:\\\/\\\/www.bellunopress.it\\\/\",\"name\":\"Bellunopress - Dolomiti\",\"description\":\"e-mail: redazione@bellunopress.it\",\"publisher\":{\"@id\":\"https:\\\/\\\/www.bellunopress.it\\\/#organization\"},\"potentialAction\":[{\"@type\":\"SearchAction\",\"target\":{\"@type\":\"EntryPoint\",\"urlTemplate\":\"https:\\\/\\\/www.bellunopress.it\\\/?s={search_term_string}\"},\"query-input\":{\"@type\":\"PropertyValueSpecification\",\"valueRequired\":true,\"valueName\":\"search_term_string\"}}],\"inLanguage\":\"fr-FR\"},{\"@type\":\"Organization\",\"@id\":\"https:\\\/\\\/www.bellunopress.it\\\/#organization\",\"name\":\"Bellunopress\",\"url\":\"https:\\\/\\\/www.bellunopress.it\\\/\",\"logo\":{\"@type\":\"ImageObject\",\"inLanguage\":\"fr-FR\",\"@id\":\"https:\\\/\\\/www.bellunopress.it\\\/#\\\/schema\\\/logo\\\/image\\\/\",\"url\":\"https:\\\/\\\/www.bellunopress.it\\\/wp-content\\\/uploads\\\/2011\\\/05\\\/cropped-logo-bellunopress-.jpg\",\"contentUrl\":\"https:\\\/\\\/www.bellunopress.it\\\/wp-content\\\/uploads\\\/2011\\\/05\\\/cropped-logo-bellunopress-.jpg\",\"width\":512,\"height\":512,\"caption\":\"Bellunopress\"},\"image\":{\"@id\":\"https:\\\/\\\/www.bellunopress.it\\\/#\\\/schema\\\/logo\\\/image\\\/\"},\"sameAs\":[\"https:\\\/\\\/www.facebook.com\\\/profile.php?id=100008943462799\",\"https:\\\/\\\/x.com\\\/bellunopress\",\"https:\\\/\\\/www.linkedin.com\\\/hp\\\/?dnr=JBzUWaJfMUw8vbXJJ2tVW5-I3jZKvC4wsoxE&amp;amp;amp;amp;amp;amp;trk=nav_responsive_tab_home\",\"https:\\\/\\\/www.youtube.com\\\/channel\\\/UCxL0wu1uN0_3_7hGG0306cw\"]},{\"@type\":\"Person\",\"@id\":\"https:\\\/\\\/www.bellunopress.it\\\/#\\\/schema\\\/person\\\/79bb06722b37ece1c03d3e94beb30d73\",\"name\":\"redazione\",\"image\":{\"@type\":\"ImageObject\",\"inLanguage\":\"fr-FR\",\"@id\":\"https:\\\/\\\/secure.gravatar.com\\\/avatar\\\/37d968a2e67a6fd04c169c4bdef102d0bc5d31b2546345219e348575eb80e9a0?s=96&d=mm&r=g\",\"url\":\"https:\\\/\\\/secure.gravatar.com\\\/avatar\\\/37d968a2e67a6fd04c169c4bdef102d0bc5d31b2546345219e348575eb80e9a0?s=96&d=mm&r=g\",\"contentUrl\":\"https:\\\/\\\/secure.gravatar.com\\\/avatar\\\/37d968a2e67a6fd04c169c4bdef102d0bc5d31b2546345219e348575eb80e9a0?s=96&d=mm&r=g\",\"caption\":\"redazione\"},\"sameAs\":[\"http:\\\/\\\/www.bellunopress.it\",\"https:\\\/\\\/x.com\\\/bellunopress\"],\"url\":\"https:\\\/\\\/www.bellunopress.it\\\/fr\\\/author\\\/redazione\\\/\"}]}<\/script>\n<!-- \/ Yoast SEO plugin. -->","yoast_head_json":{"title":"Capriolo tra i banchi a Mur di Cadola - Bellunopress - Dolomiti","robots":{"index":"index","follow":"follow","max-snippet":"max-snippet:-1","max-image-preview":"max-image-preview:large","max-video-preview":"max-video-preview:-1"},"canonical":"https:\/\/www.bellunopress.it\/fr\/2009\/06\/01\/capriolo-tra-i-banchi-a-mur-di-cadola\/","og_locale":"fr_FR","og_type":"article","og_title":"Capriolo tra i banchi a Mur di Cadola - Bellunopress - Dolomiti","og_description":"Grande eccitazione questa mattina alle scuole elementari di Mur di Cadola a Belluno. I ragazzi all&#8217;entrata dal cancello del cortile della scuola sono stati accolti da una giovane femmina di capriolo che aveva deciso di passare la notte l\u00ec e di attenderli per l&#8217;inizio delle lezioni dell&#8217;ultima settimana dell&#8217;anno scolastico. Ovviamente i pi\u00f9 piccini si [&hellip;]","og_url":"https:\/\/www.bellunopress.it\/fr\/2009\/06\/01\/capriolo-tra-i-banchi-a-mur-di-cadola\/","og_site_name":"Bellunopress - Dolomiti","article_publisher":"https:\/\/www.facebook.com\/profile.php?id=100008943462799","article_published_time":"2009-06-01T13:35:27+00:00","og_image":[{"url":"http:\/\/www.bellunopress.it\/wp-content\/uploads\/2009\/06\/scuola-elem-mur-di-cadola.jpg","type":"","width":"","height":""}],"author":"redazione","twitter_card":"summary_large_image","twitter_creator":"@bellunopress","twitter_site":"@bellunopress","twitter_misc":{"Written by":"redazione","Est. reading time":"1 minute"},"schema":{"@context":"https:\/\/schema.org","@graph":[{"@type":"Article","@id":"https:\/\/www.bellunopress.it\/2009\/06\/01\/capriolo-tra-i-banchi-a-mur-di-cadola\/#article","isPartOf":{"@id":"https:\/\/www.bellunopress.it\/2009\/06\/01\/capriolo-tra-i-banchi-a-mur-di-cadola\/"},"author":{"name":"redazione","@id":"https:\/\/www.bellunopress.it\/#\/schema\/person\/79bb06722b37ece1c03d3e94beb30d73"},"headline":"Capriolo tra i banchi a Mur di Cadola","datePublished":"2009-06-01T13:35:27+00:00","mainEntityOfPage":{"@id":"https:\/\/www.bellunopress.it\/2009\/06\/01\/capriolo-tra-i-banchi-a-mur-di-cadola\/"},"wordCount":233,"publisher":{"@id":"https:\/\/www.bellunopress.it\/#organization"},"image":{"@id":"https:\/\/www.bellunopress.it\/2009\/06\/01\/capriolo-tra-i-banchi-a-mur-di-cadola\/#primaryimage"},"thumbnailUrl":"http:\/\/www.bellunopress.it\/wp-content\/uploads\/2009\/06\/scuola-elem-mur-di-cadola.jpg","keywords":["Belluno"],"articleSection":["Cronaca\/Politica","Prima Pagina"],"inLanguage":"fr-FR"},{"@type":"WebPage","@id":"https:\/\/www.bellunopress.it\/2009\/06\/01\/capriolo-tra-i-banchi-a-mur-di-cadola\/","url":"https:\/\/www.bellunopress.it\/2009\/06\/01\/capriolo-tra-i-banchi-a-mur-di-cadola\/","name":"Capriolo tra i banchi a Mur di Cadola - Bellunopress - Dolomiti","isPartOf":{"@id":"https:\/\/www.bellunopress.it\/#website"},"primaryImageOfPage":{"@id":"https:\/\/www.bellunopress.it\/2009\/06\/01\/capriolo-tra-i-banchi-a-mur-di-cadola\/#primaryimage"},"image":{"@id":"https:\/\/www.bellunopress.it\/2009\/06\/01\/capriolo-tra-i-banchi-a-mur-di-cadola\/#primaryimage"},"thumbnailUrl":"http:\/\/www.bellunopress.it\/wp-content\/uploads\/2009\/06\/scuola-elem-mur-di-cadola.jpg","datePublished":"2009-06-01T13:35:27+00:00","breadcrumb":{"@id":"https:\/\/www.bellunopress.it\/2009\/06\/01\/capriolo-tra-i-banchi-a-mur-di-cadola\/#breadcrumb"},"inLanguage":"fr-FR","potentialAction":[{"@type":"ReadAction","target":["https:\/\/www.bellunopress.it\/2009\/06\/01\/capriolo-tra-i-banchi-a-mur-di-cadola\/"]}]},{"@type":"ImageObject","inLanguage":"fr-FR","@id":"https:\/\/www.bellunopress.it\/2009\/06\/01\/capriolo-tra-i-banchi-a-mur-di-cadola\/#primaryimage","url":"http:\/\/www.bellunopress.it\/wp-content\/uploads\/2009\/06\/scuola-elem-mur-di-cadola.jpg","contentUrl":"http:\/\/www.bellunopress.it\/wp-content\/uploads\/2009\/06\/scuola-elem-mur-di-cadola.jpg"},{"@type":"BreadcrumbList","@id":"https:\/\/www.bellunopress.it\/2009\/06\/01\/capriolo-tra-i-banchi-a-mur-di-cadola\/#breadcrumb","itemListElement":[{"@type":"ListItem","position":1,"name":"Home","item":"https:\/\/www.bellunopress.it\/"},{"@type":"ListItem","position":2,"name":"Capriolo tra i banchi a Mur di Cadola"}]},{"@type":"WebSite","@id":"https:\/\/www.bellunopress.it\/#website","url":"https:\/\/www.bellunopress.it\/","name":"Bellunopress - Dolomiti","description":"e-mail: redazione@bellunopress.it","publisher":{"@id":"https:\/\/www.bellunopress.it\/#organization"},"potentialAction":[{"@type":"SearchAction","target":{"@type":"EntryPoint","urlTemplate":"https:\/\/www.bellunopress.it\/?s={search_term_string}"},"query-input":{"@type":"PropertyValueSpecification","valueRequired":true,"valueName":"search_term_string"}}],"inLanguage":"fr-FR"},{"@type":"Organization","@id":"https:\/\/www.bellunopress.it\/#organization","name":"Bellunopress","url":"https:\/\/www.bellunopress.it\/","logo":{"@type":"ImageObject","inLanguage":"fr-FR","@id":"https:\/\/www.bellunopress.it\/#\/schema\/logo\/image\/","url":"https:\/\/www.bellunopress.it\/wp-content\/uploads\/2011\/05\/cropped-logo-bellunopress-.jpg","contentUrl":"https:\/\/www.bellunopress.it\/wp-content\/uploads\/2011\/05\/cropped-logo-bellunopress-.jpg","width":512,"height":512,"caption":"Bellunopress"},"image":{"@id":"https:\/\/www.bellunopress.it\/#\/schema\/logo\/image\/"},"sameAs":["https:\/\/www.facebook.com\/profile.php?id=100008943462799","https:\/\/x.com\/bellunopress","https:\/\/www.linkedin.com\/hp\/?dnr=JBzUWaJfMUw8vbXJJ2tVW5-I3jZKvC4wsoxE&amp;amp;amp;amp;amp;amp;trk=nav_responsive_tab_home","https:\/\/www.youtube.com\/channel\/UCxL0wu1uN0_3_7hGG0306cw"]},{"@type":"Person","@id":"https:\/\/www.bellunopress.it\/#\/schema\/person\/79bb06722b37ece1c03d3e94beb30d73","name":"r\u00e9daction","image":{"@type":"ImageObject","inLanguage":"fr-FR","@id":"https:\/\/secure.gravatar.com\/avatar\/37d968a2e67a6fd04c169c4bdef102d0bc5d31b2546345219e348575eb80e9a0?s=96&d=mm&r=g","url":"https:\/\/secure.gravatar.com\/avatar\/37d968a2e67a6fd04c169c4bdef102d0bc5d31b2546345219e348575eb80e9a0?s=96&d=mm&r=g","contentUrl":"https:\/\/secure.gravatar.com\/avatar\/37d968a2e67a6fd04c169c4bdef102d0bc5d31b2546345219e348575eb80e9a0?s=96&d=mm&r=g","caption":"redazione"},"sameAs":["http:\/\/www.bellunopress.it","https:\/\/x.com\/bellunopress"],"url":"https:\/\/www.bellunopress.it\/fr\/author\/redazione\/"}]}},"_links":{"self":[{"href":"https:\/\/www.bellunopress.it\/fr\/wp-json\/wp\/v2\/posts\/4295","targetHints":{"allow":["GET"]}}],"collection":[{"href":"https:\/\/www.bellunopress.it\/fr\/wp-json\/wp\/v2\/posts"}],"about":[{"href":"https:\/\/www.bellunopress.it\/fr\/wp-json\/wp\/v2\/types\/post"}],"author":[{"embeddable":true,"href":"https:\/\/www.bellunopress.it\/fr\/wp-json\/wp\/v2\/users\/2"}],"replies":[{"embeddable":true,"href":"https:\/\/www.bellunopress.it\/fr\/wp-json\/wp\/v2\/comments?post=4295"}],"version-history":[{"count":1,"href":"https:\/\/www.bellunopress.it\/fr\/wp-json\/wp\/v2\/posts\/4295\/revisions"}],"predecessor-version":[{"id":4298,"href":"https:\/\/www.bellunopress.it\/fr\/wp-json\/wp\/v2\/posts\/4295\/revisions\/4298"}],"wp:attachment":[{"href":"https:\/\/www.bellunopress.it\/fr\/wp-json\/wp\/v2\/media?parent=4295"}],"wp:term":[{"taxonomy":"category","embeddable":true,"href":"https:\/\/www.bellunopress.it\/fr\/wp-json\/wp\/v2\/categories?post=4295"},{"taxonomy":"post_tag","embeddable":true,"href":"https:\/\/www.bellunopress.it\/fr\/wp-json\/wp\/v2\/tags?post=4295"}],"curies":[{"name":"wp","href":"https:\/\/api.w.org\/{rel}","templated":true}]}}