{"id":4281,"date":"2009-06-01T11:06:33","date_gmt":"2009-06-01T10:06:33","guid":{"rendered":"http:\/\/www.bellunopress.it\/?p=4281"},"modified":"2009-06-01T22:46:17","modified_gmt":"2009-06-01T21:46:17","slug":"il-seme-dellintolleranza-a-ciascuno-le-sue-responsabilita","status":"publish","type":"post","link":"https:\/\/www.bellunopress.it\/fr\/2009\/06\/01\/il-seme-dellintolleranza-a-ciascuno-le-sue-responsabilita\/","title":{"rendered":"Il seme dell&#8217;intolleranza: a ciascuno le sue responsabilit\u00e0"},"content":{"rendered":"<figure id=\"attachment_4283\" aria-describedby=\"caption-attachment-4283\" style=\"width: 260px\" class=\"wp-caption alignleft\"><a href=\"http:\/\/www.bellunopress.it\/wp-content\/uploads\/2009\/06\/vaccari-al-comizio-alla-spes-con-crocifisso.jpg\"><img loading=\"lazy\" decoding=\"async\" class=\"size-medium wp-image-4283\" title=\"vaccari-al-comizio-alla-spes-con-crocifisso\" src=\"http:\/\/www.bellunopress.it\/wp-content\/uploads\/2009\/06\/vaccari-al-comizio-alla-spes-con-crocifisso.jpg\" alt=\"Vaccari e il crocifisso\" width=\"260\" height=\"194\" \/><\/a><figcaption id=\"caption-attachment-4283\" class=\"wp-caption-text\">Vaccari e il crocifisso<\/figcaption><\/figure>\n<p>Chi semina vento raccoglie tempesta. Anche chi si vanta della propria ignoranza, come ha fatto il leghista Gianpaolo Gobbo al comizio di Bossi a sostegno di Bottacin, pu\u00f2 capire che se predichi la discriminazione e l\u2019intolleranza non raccogli fiori ma moltiplichi il potenziale di violenza che c\u2019\u00e8 negli esseri umani. Chi si stupisce che una campagna elettorale basata sugli insulti personali all\u2019avversario e le violente invettive nei confronti degli immigrati favorisca chi (neri, rossi, gialli, a strisce) non aspetta altro che l\u2019occasione per commettere danni e violenze? Un servizio d\u2019ordine fatto di giovani esaltati che spintona i fotografi senza alcun motivo, una Rosi Mauro che urla contro gli immigrati aizzando la folla, un gruppetto da osteria con il crocefisso in primo piano che arringa e blandisce il suo popolo stuzzicando in lui i sentimenti pi\u00f9 autenticamente anti-cristiani. Stare al potere e comportarsi come se si fosse all\u2019opposizione aizzando la folla (ma contro chi?) pu\u00f2 ingannare qualche sprovveduto che non si \u00e8 accorto che questa Lega \u00e8 diventata la caricatura di se stessa, pi\u00f9 clientelista della Democrazia Cristiana e pi\u00f9 centralista di Stalin (chiedete a Orso Grigio), attaccata alle poltrone romane su cui ha inveito fino a ieri, ma sulle quali oggi poggia saldamente il sedere. Basta vedere come ha fatto sparire Belluno e la montagna dal suo programma elettorale, tra rond\u00f2 veneziani e la scusa di un federalismo che non sanno nemmeno cos\u2019\u00e8, ma lo spiegano agli altri.<\/p>","protected":false},"excerpt":{"rendered":"<p>Chi semina vento raccoglie tempesta. Anche chi si vanta della propria ignoranza, come ha fatto il leghista Gianpaolo Gobbo al comizio di Bossi a sostegno di Bottacin, pu\u00f2 capire che se predichi la discriminazione e l\u2019intolleranza non raccogli fiori ma moltiplichi il potenziale di violenza che c\u2019\u00e8 negli esseri umani. Chi si stupisce che una [&hellip;]<\/p>\n","protected":false},"author":2,"featured_media":0,"comment_status":"closed","ping_status":"open","sticky":false,"template":"","format":"standard","meta":{"footnotes":""},"categories":[5,26],"tags":[139],"class_list":["post-4281","post","type-post","status-publish","format-standard","category-cronaca","category-prima-pagina","tag-belluno"],"yoast_head":"<!-- This site is optimized with the Yoast SEO plugin v28.4 - https:\/\/yoast.com\/product\/yoast-seo-wordpress\/ -->\n<title>Il seme dell&#039;intolleranza: a ciascuno le sue responsabilit\u00e0 - Bellunopress - Dolomiti<\/title>\n<meta name=\"robots\" content=\"index, follow, max-snippet:-1, max-image-preview:large, max-video-preview:-1\" \/>\n<link rel=\"canonical\" href=\"https:\/\/www.bellunopress.it\/fr\/2009\/06\/01\/il-seme-dellintolleranza-a-ciascuno-le-sue-responsabilita\/\" \/>\n<meta property=\"og:locale\" content=\"fr_FR\" \/>\n<meta property=\"og:type\" content=\"article\" \/>\n<meta property=\"og:title\" content=\"Il seme dell&#039;intolleranza: a ciascuno le sue responsabilit\u00e0 - Bellunopress - Dolomiti\" \/>\n<meta property=\"og:description\" content=\"Chi semina vento raccoglie tempesta. Anche chi si vanta della propria ignoranza, come ha fatto il leghista Gianpaolo Gobbo al comizio di Bossi a sostegno di Bottacin, pu\u00f2 capire che se predichi la discriminazione e l\u2019intolleranza non raccogli fiori ma moltiplichi il potenziale di violenza che c\u2019\u00e8 negli esseri umani. Chi si stupisce che una [&hellip;]\" \/>\n<meta property=\"og:url\" content=\"https:\/\/www.bellunopress.it\/fr\/2009\/06\/01\/il-seme-dellintolleranza-a-ciascuno-le-sue-responsabilita\/\" \/>\n<meta property=\"og:site_name\" content=\"Bellunopress - Dolomiti\" \/>\n<meta property=\"article:publisher\" content=\"https:\/\/www.facebook.com\/profile.php?id=100008943462799\" \/>\n<meta property=\"article:published_time\" content=\"2009-06-01T10:06:33+00:00\" \/>\n<meta property=\"article:modified_time\" content=\"2009-06-01T21:46:17+00:00\" \/>\n<meta property=\"og:image\" content=\"http:\/\/www.bellunopress.it\/wp-content\/uploads\/2009\/06\/vaccari-al-comizio-alla-spes-con-crocifisso.jpg\" \/>\n<meta name=\"author\" content=\"redazione\" \/>\n<meta name=\"twitter:card\" content=\"summary_large_image\" \/>\n<meta name=\"twitter:creator\" content=\"@bellunopress\" \/>\n<meta name=\"twitter:site\" content=\"@bellunopress\" \/>\n<meta name=\"twitter:label1\" content=\"\u00c9crit par\" \/>\n\t<meta name=\"twitter:data1\" content=\"redazione\" \/>\n\t<meta name=\"twitter:label2\" content=\"Dur\u00e9e de lecture estim\u00e9e\" \/>\n\t<meta name=\"twitter:data2\" content=\"1 minute\" \/>\n<script type=\"application\/ld+json\" class=\"yoast-schema-graph\">{\"@context\":\"https:\\\/\\\/schema.org\",\"@graph\":[{\"@type\":\"Article\",\"@id\":\"https:\\\/\\\/www.bellunopress.it\\\/2009\\\/06\\\/01\\\/il-seme-dellintolleranza-a-ciascuno-le-sue-responsabilita\\\/#article\",\"isPartOf\":{\"@id\":\"https:\\\/\\\/www.bellunopress.it\\\/2009\\\/06\\\/01\\\/il-seme-dellintolleranza-a-ciascuno-le-sue-responsabilita\\\/\"},\"author\":{\"name\":\"redazione\",\"@id\":\"https:\\\/\\\/www.bellunopress.it\\\/#\\\/schema\\\/person\\\/79bb06722b37ece1c03d3e94beb30d73\"},\"headline\":\"Il seme dell&#8217;intolleranza: a ciascuno le sue responsabilit\u00e0\",\"datePublished\":\"2009-06-01T10:06:33+00:00\",\"dateModified\":\"2009-06-01T21:46:17+00:00\",\"mainEntityOfPage\":{\"@id\":\"https:\\\/\\\/www.bellunopress.it\\\/2009\\\/06\\\/01\\\/il-seme-dellintolleranza-a-ciascuno-le-sue-responsabilita\\\/\"},\"wordCount\":262,\"publisher\":{\"@id\":\"https:\\\/\\\/www.bellunopress.it\\\/#organization\"},\"image\":{\"@id\":\"https:\\\/\\\/www.bellunopress.it\\\/2009\\\/06\\\/01\\\/il-seme-dellintolleranza-a-ciascuno-le-sue-responsabilita\\\/#primaryimage\"},\"thumbnailUrl\":\"http:\\\/\\\/www.bellunopress.it\\\/wp-content\\\/uploads\\\/2009\\\/06\\\/vaccari-al-comizio-alla-spes-con-crocifisso.jpg\",\"keywords\":[\"Belluno\"],\"articleSection\":[\"Cronaca\\\/Politica\",\"Prima Pagina\"],\"inLanguage\":\"fr-FR\"},{\"@type\":\"WebPage\",\"@id\":\"https:\\\/\\\/www.bellunopress.it\\\/2009\\\/06\\\/01\\\/il-seme-dellintolleranza-a-ciascuno-le-sue-responsabilita\\\/\",\"url\":\"https:\\\/\\\/www.bellunopress.it\\\/2009\\\/06\\\/01\\\/il-seme-dellintolleranza-a-ciascuno-le-sue-responsabilita\\\/\",\"name\":\"Il seme dell'intolleranza: a ciascuno le sue responsabilit\u00e0 - Bellunopress - Dolomiti\",\"isPartOf\":{\"@id\":\"https:\\\/\\\/www.bellunopress.it\\\/#website\"},\"primaryImageOfPage\":{\"@id\":\"https:\\\/\\\/www.bellunopress.it\\\/2009\\\/06\\\/01\\\/il-seme-dellintolleranza-a-ciascuno-le-sue-responsabilita\\\/#primaryimage\"},\"image\":{\"@id\":\"https:\\\/\\\/www.bellunopress.it\\\/2009\\\/06\\\/01\\\/il-seme-dellintolleranza-a-ciascuno-le-sue-responsabilita\\\/#primaryimage\"},\"thumbnailUrl\":\"http:\\\/\\\/www.bellunopress.it\\\/wp-content\\\/uploads\\\/2009\\\/06\\\/vaccari-al-comizio-alla-spes-con-crocifisso.jpg\",\"datePublished\":\"2009-06-01T10:06:33+00:00\",\"dateModified\":\"2009-06-01T21:46:17+00:00\",\"breadcrumb\":{\"@id\":\"https:\\\/\\\/www.bellunopress.it\\\/2009\\\/06\\\/01\\\/il-seme-dellintolleranza-a-ciascuno-le-sue-responsabilita\\\/#breadcrumb\"},\"inLanguage\":\"fr-FR\",\"potentialAction\":[{\"@type\":\"ReadAction\",\"target\":[\"https:\\\/\\\/www.bellunopress.it\\\/2009\\\/06\\\/01\\\/il-seme-dellintolleranza-a-ciascuno-le-sue-responsabilita\\\/\"]}]},{\"@type\":\"ImageObject\",\"inLanguage\":\"fr-FR\",\"@id\":\"https:\\\/\\\/www.bellunopress.it\\\/2009\\\/06\\\/01\\\/il-seme-dellintolleranza-a-ciascuno-le-sue-responsabilita\\\/#primaryimage\",\"url\":\"http:\\\/\\\/www.bellunopress.it\\\/wp-content\\\/uploads\\\/2009\\\/06\\\/vaccari-al-comizio-alla-spes-con-crocifisso.jpg\",\"contentUrl\":\"http:\\\/\\\/www.bellunopress.it\\\/wp-content\\\/uploads\\\/2009\\\/06\\\/vaccari-al-comizio-alla-spes-con-crocifisso.jpg\"},{\"@type\":\"BreadcrumbList\",\"@id\":\"https:\\\/\\\/www.bellunopress.it\\\/2009\\\/06\\\/01\\\/il-seme-dellintolleranza-a-ciascuno-le-sue-responsabilita\\\/#breadcrumb\",\"itemListElement\":[{\"@type\":\"ListItem\",\"position\":1,\"name\":\"Home\",\"item\":\"https:\\\/\\\/www.bellunopress.it\\\/\"},{\"@type\":\"ListItem\",\"position\":2,\"name\":\"Il seme dell&#8217;intolleranza: a ciascuno le sue responsabilit\u00e0\"}]},{\"@type\":\"WebSite\",\"@id\":\"https:\\\/\\\/www.bellunopress.it\\\/#website\",\"url\":\"https:\\\/\\\/www.bellunopress.it\\\/\",\"name\":\"Bellunopress - Dolomiti\",\"description\":\"e-mail: redazione@bellunopress.it\",\"publisher\":{\"@id\":\"https:\\\/\\\/www.bellunopress.it\\\/#organization\"},\"potentialAction\":[{\"@type\":\"SearchAction\",\"target\":{\"@type\":\"EntryPoint\",\"urlTemplate\":\"https:\\\/\\\/www.bellunopress.it\\\/?s={search_term_string}\"},\"query-input\":{\"@type\":\"PropertyValueSpecification\",\"valueRequired\":true,\"valueName\":\"search_term_string\"}}],\"inLanguage\":\"fr-FR\"},{\"@type\":\"Organization\",\"@id\":\"https:\\\/\\\/www.bellunopress.it\\\/#organization\",\"name\":\"Bellunopress\",\"url\":\"https:\\\/\\\/www.bellunopress.it\\\/\",\"logo\":{\"@type\":\"ImageObject\",\"inLanguage\":\"fr-FR\",\"@id\":\"https:\\\/\\\/www.bellunopress.it\\\/#\\\/schema\\\/logo\\\/image\\\/\",\"url\":\"https:\\\/\\\/www.bellunopress.it\\\/wp-content\\\/uploads\\\/2011\\\/05\\\/cropped-logo-bellunopress-.jpg\",\"contentUrl\":\"https:\\\/\\\/www.bellunopress.it\\\/wp-content\\\/uploads\\\/2011\\\/05\\\/cropped-logo-bellunopress-.jpg\",\"width\":512,\"height\":512,\"caption\":\"Bellunopress\"},\"image\":{\"@id\":\"https:\\\/\\\/www.bellunopress.it\\\/#\\\/schema\\\/logo\\\/image\\\/\"},\"sameAs\":[\"https:\\\/\\\/www.facebook.com\\\/profile.php?id=100008943462799\",\"https:\\\/\\\/x.com\\\/bellunopress\",\"https:\\\/\\\/www.linkedin.com\\\/hp\\\/?dnr=JBzUWaJfMUw8vbXJJ2tVW5-I3jZKvC4wsoxE&amp;amp;amp;amp;amp;amp;trk=nav_responsive_tab_home\",\"https:\\\/\\\/www.youtube.com\\\/channel\\\/UCxL0wu1uN0_3_7hGG0306cw\"]},{\"@type\":\"Person\",\"@id\":\"https:\\\/\\\/www.bellunopress.it\\\/#\\\/schema\\\/person\\\/79bb06722b37ece1c03d3e94beb30d73\",\"name\":\"redazione\",\"image\":{\"@type\":\"ImageObject\",\"inLanguage\":\"fr-FR\",\"@id\":\"https:\\\/\\\/secure.gravatar.com\\\/avatar\\\/37d968a2e67a6fd04c169c4bdef102d0bc5d31b2546345219e348575eb80e9a0?s=96&d=mm&r=g\",\"url\":\"https:\\\/\\\/secure.gravatar.com\\\/avatar\\\/37d968a2e67a6fd04c169c4bdef102d0bc5d31b2546345219e348575eb80e9a0?s=96&d=mm&r=g\",\"contentUrl\":\"https:\\\/\\\/secure.gravatar.com\\\/avatar\\\/37d968a2e67a6fd04c169c4bdef102d0bc5d31b2546345219e348575eb80e9a0?s=96&d=mm&r=g\",\"caption\":\"redazione\"},\"sameAs\":[\"http:\\\/\\\/www.bellunopress.it\",\"https:\\\/\\\/x.com\\\/bellunopress\"],\"url\":\"https:\\\/\\\/www.bellunopress.it\\\/fr\\\/author\\\/redazione\\\/\"}]}<\/script>\n<!-- \/ Yoast SEO plugin. -->","yoast_head_json":{"title":"Il seme dell'intolleranza: a ciascuno le sue responsabilit\u00e0 - Bellunopress - Dolomiti","robots":{"index":"index","follow":"follow","max-snippet":"max-snippet:-1","max-image-preview":"max-image-preview:large","max-video-preview":"max-video-preview:-1"},"canonical":"https:\/\/www.bellunopress.it\/fr\/2009\/06\/01\/il-seme-dellintolleranza-a-ciascuno-le-sue-responsabilita\/","og_locale":"fr_FR","og_type":"article","og_title":"Il seme dell'intolleranza: a ciascuno le sue responsabilit\u00e0 - Bellunopress - Dolomiti","og_description":"Chi semina vento raccoglie tempesta. Anche chi si vanta della propria ignoranza, come ha fatto il leghista Gianpaolo Gobbo al comizio di Bossi a sostegno di Bottacin, pu\u00f2 capire che se predichi la discriminazione e l\u2019intolleranza non raccogli fiori ma moltiplichi il potenziale di violenza che c\u2019\u00e8 negli esseri umani. Chi si stupisce che una [&hellip;]","og_url":"https:\/\/www.bellunopress.it\/fr\/2009\/06\/01\/il-seme-dellintolleranza-a-ciascuno-le-sue-responsabilita\/","og_site_name":"Bellunopress - Dolomiti","article_publisher":"https:\/\/www.facebook.com\/profile.php?id=100008943462799","article_published_time":"2009-06-01T10:06:33+00:00","article_modified_time":"2009-06-01T21:46:17+00:00","og_image":[{"url":"http:\/\/www.bellunopress.it\/wp-content\/uploads\/2009\/06\/vaccari-al-comizio-alla-spes-con-crocifisso.jpg","type":"","width":"","height":""}],"author":"redazione","twitter_card":"summary_large_image","twitter_creator":"@bellunopress","twitter_site":"@bellunopress","twitter_misc":{"\u00c9crit par":"redazione","Dur\u00e9e de lecture estim\u00e9e":"1 minute"},"schema":{"@context":"https:\/\/schema.org","@graph":[{"@type":"Article","@id":"https:\/\/www.bellunopress.it\/2009\/06\/01\/il-seme-dellintolleranza-a-ciascuno-le-sue-responsabilita\/#article","isPartOf":{"@id":"https:\/\/www.bellunopress.it\/2009\/06\/01\/il-seme-dellintolleranza-a-ciascuno-le-sue-responsabilita\/"},"author":{"name":"redazione","@id":"https:\/\/www.bellunopress.it\/#\/schema\/person\/79bb06722b37ece1c03d3e94beb30d73"},"headline":"Il seme dell&#8217;intolleranza: a ciascuno le sue responsabilit\u00e0","datePublished":"2009-06-01T10:06:33+00:00","dateModified":"2009-06-01T21:46:17+00:00","mainEntityOfPage":{"@id":"https:\/\/www.bellunopress.it\/2009\/06\/01\/il-seme-dellintolleranza-a-ciascuno-le-sue-responsabilita\/"},"wordCount":262,"publisher":{"@id":"https:\/\/www.bellunopress.it\/#organization"},"image":{"@id":"https:\/\/www.bellunopress.it\/2009\/06\/01\/il-seme-dellintolleranza-a-ciascuno-le-sue-responsabilita\/#primaryimage"},"thumbnailUrl":"http:\/\/www.bellunopress.it\/wp-content\/uploads\/2009\/06\/vaccari-al-comizio-alla-spes-con-crocifisso.jpg","keywords":["Belluno"],"articleSection":["Cronaca\/Politica","Prima Pagina"],"inLanguage":"fr-FR"},{"@type":"WebPage","@id":"https:\/\/www.bellunopress.it\/2009\/06\/01\/il-seme-dellintolleranza-a-ciascuno-le-sue-responsabilita\/","url":"https:\/\/www.bellunopress.it\/2009\/06\/01\/il-seme-dellintolleranza-a-ciascuno-le-sue-responsabilita\/","name":"Il seme dell'intolleranza: a ciascuno le sue responsabilit\u00e0 - Bellunopress - Dolomiti","isPartOf":{"@id":"https:\/\/www.bellunopress.it\/#website"},"primaryImageOfPage":{"@id":"https:\/\/www.bellunopress.it\/2009\/06\/01\/il-seme-dellintolleranza-a-ciascuno-le-sue-responsabilita\/#primaryimage"},"image":{"@id":"https:\/\/www.bellunopress.it\/2009\/06\/01\/il-seme-dellintolleranza-a-ciascuno-le-sue-responsabilita\/#primaryimage"},"thumbnailUrl":"http:\/\/www.bellunopress.it\/wp-content\/uploads\/2009\/06\/vaccari-al-comizio-alla-spes-con-crocifisso.jpg","datePublished":"2009-06-01T10:06:33+00:00","dateModified":"2009-06-01T21:46:17+00:00","breadcrumb":{"@id":"https:\/\/www.bellunopress.it\/2009\/06\/01\/il-seme-dellintolleranza-a-ciascuno-le-sue-responsabilita\/#breadcrumb"},"inLanguage":"fr-FR","potentialAction":[{"@type":"ReadAction","target":["https:\/\/www.bellunopress.it\/2009\/06\/01\/il-seme-dellintolleranza-a-ciascuno-le-sue-responsabilita\/"]}]},{"@type":"ImageObject","inLanguage":"fr-FR","@id":"https:\/\/www.bellunopress.it\/2009\/06\/01\/il-seme-dellintolleranza-a-ciascuno-le-sue-responsabilita\/#primaryimage","url":"http:\/\/www.bellunopress.it\/wp-content\/uploads\/2009\/06\/vaccari-al-comizio-alla-spes-con-crocifisso.jpg","contentUrl":"http:\/\/www.bellunopress.it\/wp-content\/uploads\/2009\/06\/vaccari-al-comizio-alla-spes-con-crocifisso.jpg"},{"@type":"BreadcrumbList","@id":"https:\/\/www.bellunopress.it\/2009\/06\/01\/il-seme-dellintolleranza-a-ciascuno-le-sue-responsabilita\/#breadcrumb","itemListElement":[{"@type":"ListItem","position":1,"name":"Home","item":"https:\/\/www.bellunopress.it\/"},{"@type":"ListItem","position":2,"name":"Il seme dell&#8217;intolleranza: a ciascuno le sue responsabilit\u00e0"}]},{"@type":"WebSite","@id":"https:\/\/www.bellunopress.it\/#website","url":"https:\/\/www.bellunopress.it\/","name":"Bellunopress - Dolomiti","description":"e-mail: redazione@bellunopress.it","publisher":{"@id":"https:\/\/www.bellunopress.it\/#organization"},"potentialAction":[{"@type":"SearchAction","target":{"@type":"EntryPoint","urlTemplate":"https:\/\/www.bellunopress.it\/?s={search_term_string}"},"query-input":{"@type":"PropertyValueSpecification","valueRequired":true,"valueName":"search_term_string"}}],"inLanguage":"fr-FR"},{"@type":"Organization","@id":"https:\/\/www.bellunopress.it\/#organization","name":"Bellunopress","url":"https:\/\/www.bellunopress.it\/","logo":{"@type":"ImageObject","inLanguage":"fr-FR","@id":"https:\/\/www.bellunopress.it\/#\/schema\/logo\/image\/","url":"https:\/\/www.bellunopress.it\/wp-content\/uploads\/2011\/05\/cropped-logo-bellunopress-.jpg","contentUrl":"https:\/\/www.bellunopress.it\/wp-content\/uploads\/2011\/05\/cropped-logo-bellunopress-.jpg","width":512,"height":512,"caption":"Bellunopress"},"image":{"@id":"https:\/\/www.bellunopress.it\/#\/schema\/logo\/image\/"},"sameAs":["https:\/\/www.facebook.com\/profile.php?id=100008943462799","https:\/\/x.com\/bellunopress","https:\/\/www.linkedin.com\/hp\/?dnr=JBzUWaJfMUw8vbXJJ2tVW5-I3jZKvC4wsoxE&amp;amp;amp;amp;amp;amp;trk=nav_responsive_tab_home","https:\/\/www.youtube.com\/channel\/UCxL0wu1uN0_3_7hGG0306cw"]},{"@type":"Person","@id":"https:\/\/www.bellunopress.it\/#\/schema\/person\/79bb06722b37ece1c03d3e94beb30d73","name":"r\u00e9daction","image":{"@type":"ImageObject","inLanguage":"fr-FR","@id":"https:\/\/secure.gravatar.com\/avatar\/37d968a2e67a6fd04c169c4bdef102d0bc5d31b2546345219e348575eb80e9a0?s=96&d=mm&r=g","url":"https:\/\/secure.gravatar.com\/avatar\/37d968a2e67a6fd04c169c4bdef102d0bc5d31b2546345219e348575eb80e9a0?s=96&d=mm&r=g","contentUrl":"https:\/\/secure.gravatar.com\/avatar\/37d968a2e67a6fd04c169c4bdef102d0bc5d31b2546345219e348575eb80e9a0?s=96&d=mm&r=g","caption":"redazione"},"sameAs":["http:\/\/www.bellunopress.it","https:\/\/x.com\/bellunopress"],"url":"https:\/\/www.bellunopress.it\/fr\/author\/redazione\/"}]}},"_links":{"self":[{"href":"https:\/\/www.bellunopress.it\/fr\/wp-json\/wp\/v2\/posts\/4281","targetHints":{"allow":["GET"]}}],"collection":[{"href":"https:\/\/www.bellunopress.it\/fr\/wp-json\/wp\/v2\/posts"}],"about":[{"href":"https:\/\/www.bellunopress.it\/fr\/wp-json\/wp\/v2\/types\/post"}],"author":[{"embeddable":true,"href":"https:\/\/www.bellunopress.it\/fr\/wp-json\/wp\/v2\/users\/2"}],"replies":[{"embeddable":true,"href":"https:\/\/www.bellunopress.it\/fr\/wp-json\/wp\/v2\/comments?post=4281"}],"version-history":[{"count":3,"href":"https:\/\/www.bellunopress.it\/fr\/wp-json\/wp\/v2\/posts\/4281\/revisions"}],"predecessor-version":[{"id":4308,"href":"https:\/\/www.bellunopress.it\/fr\/wp-json\/wp\/v2\/posts\/4281\/revisions\/4308"}],"wp:attachment":[{"href":"https:\/\/www.bellunopress.it\/fr\/wp-json\/wp\/v2\/media?parent=4281"}],"wp:term":[{"taxonomy":"category","embeddable":true,"href":"https:\/\/www.bellunopress.it\/fr\/wp-json\/wp\/v2\/categories?post=4281"},{"taxonomy":"post_tag","embeddable":true,"href":"https:\/\/www.bellunopress.it\/fr\/wp-json\/wp\/v2\/tags?post=4281"}],"curies":[{"name":"wp","href":"https:\/\/api.w.org\/{rel}","templated":true}]}}