{"id":42584,"date":"2012-10-01T20:42:25","date_gmt":"2012-10-01T19:42:25","guid":{"rendered":"http:\/\/www.bellunopress.it\/?p=42584"},"modified":"2012-10-01T20:42:25","modified_gmt":"2012-10-01T19:42:25","slug":"pronta-la-nuova-ducati-multistrada-1200-per-il-2013","status":"publish","type":"post","link":"https:\/\/www.bellunopress.it\/fr\/2012\/10\/01\/pronta-la-nuova-ducati-multistrada-1200-per-il-2013\/","title":{"rendered":"Pronta la nuova Ducati Multistrada 1200 per il 2013"},"content":{"rendered":"<p><a href=\"http:\/\/www.bellunopress.it\/wp-content\/uploads\/2012\/10\/ducati-multistrada-1200.jpg\"><img loading=\"lazy\" decoding=\"async\" class=\"alignleft size-full wp-image-42585\" title=\"ducati multistrada 1200\" src=\"http:\/\/www.bellunopress.it\/wp-content\/uploads\/2012\/10\/ducati-multistrada-1200.jpg\" alt=\"\" width=\"350\" height=\"192\" \/><\/a>Alla concessionaria Tecnosport di Belluno ci si prepara gi\u00e0 per la prossima stagione motociclistica. E&#8217; di questi giorni, infatti, la notizia che la Ducati ha gi\u00e0 affinato le dotazioni tecnologiche per i nuovi modelli del 2013. La gamma Multistrada 1200, infatti, si arricchisce della Granturismo e la Pikes Peak. Che si presentano al pubblico con un nuovo motore Testastretta 11\u00b0 DS di seconda generazione con la coppia massima elevata a 12,7 Kgm, fermo restando i 150 cavalli di potenza erogati, a tutto beneficio della fluidit\u00e0 e della regolarit\u00e0 di erogazione della potenza. Migliora la combustione e le emissioni inquinanti, con il riposizionamento degli iniettori e il raddioppio delle candele di accensione che ora sono due per cilindro. Debuttano le sospensioni intelligenti DSS, Ducati Skyhook Suspension, con il controllo semi-attivo. E gli affondamenti dell\u2019avantreno in frenata e la compressione in accelerazione del retrotreno sono ora limitati dall&#8217;intervento dei sensori DTC (Ducati Traction Control) e dell\u2019ABS.<\/p>\n<p>Sulla base dello stile di guida selezionato (Riding Mode: Urban &#8211; Touring &#8211; Sport &#8211; Enduro) \u00e8 possibile intervenire ulteriormente sulle sospensioni attraverso il men\u00f9 specifico della strumentazione, con personalizzazione dell&#8217;assetto del controllo dell\u2019ABS su 3 livelli.<\/p>\n<p>Al top della gamma troviamo la Multistrada 1200 Pikes Peak, modello che nasce con colorazione bianco rossa. Che si differenzia dal rosso o grigio chiaro della versione base. E dalla Granturismo, prodotta solo in grigio antracite. La Pikes Peak, inoltre, monta cerchi Marchesini in alluminio con bordino rosso, e componenti in carbonio. La sella con cuciture rosse esalta l&#8217;aspetto racing. Il cupolino \u00e8 in fibra di carbonio, cos\u00ec come lo scarico Termignoni omologato EU. Il peso in ordine di marcia (ossia con il 90% di benzina) per la Pikes Peak scende cos\u00ec a 222 Kg. La Granturismo segna 245 kg. La Touring 234 kg. e la versione base 224 kg. I prezzi variano da 16.290 \u20ac della versione base ai 22.290 \u20ac della Pikes Peak.<\/p>\n<p>La presentazione al pubblico della nuova di casa Ducati avr\u00e0 luogo in occasione del salone motociclistico Intermot di Colonia (Germania) dal 3 al 7 ottobre. La messa in commercio dei nuovi modelli invece, \u00e8 prevista per dicembre.<\/p>\n<p>&nbsp;<\/p>\n<p>&nbsp;<\/p>\n<p>&nbsp;<\/p>","protected":false},"excerpt":{"rendered":"<p>Alla concessionaria Tecnosport di Belluno ci si prepara gi\u00e0 per la prossima stagione motociclistica. E&#8217; di questi giorni, infatti, la notizia che la Ducati ha gi\u00e0 affinato le dotazioni tecnologiche per i nuovi modelli del 2013. La gamma Multistrada 1200, infatti, si arricchisce della Granturismo e la Pikes Peak. Che si presentano al pubblico con [&hellip;]<\/p>\n","protected":false},"author":2,"featured_media":0,"comment_status":"closed","ping_status":"open","sticky":false,"template":"","format":"standard","meta":{"footnotes":""},"categories":[26,50],"tags":[],"class_list":["post-42584","post","type-post","status-publish","format-standard","category-prima-pagina","category-pubbliredazionali"],"yoast_head":"<!-- This site is optimized with the Yoast SEO plugin v28.4 - https:\/\/yoast.com\/product\/yoast-seo-wordpress\/ -->\n<title>Pronta la nuova Ducati Multistrada 1200 per il 2013 - Bellunopress - Dolomiti<\/title>\n<meta name=\"robots\" content=\"index, follow, max-snippet:-1, max-image-preview:large, max-video-preview:-1\" \/>\n<link rel=\"canonical\" href=\"https:\/\/www.bellunopress.it\/fr\/2012\/10\/01\/pronta-la-nuova-ducati-multistrada-1200-per-il-2013\/\" \/>\n<meta property=\"og:locale\" content=\"fr_FR\" \/>\n<meta property=\"og:type\" content=\"article\" \/>\n<meta property=\"og:title\" content=\"Pronta la nuova Ducati Multistrada 1200 per il 2013 - Bellunopress - Dolomiti\" \/>\n<meta property=\"og:description\" content=\"Alla concessionaria Tecnosport di Belluno ci si prepara gi\u00e0 per la prossima stagione motociclistica. E&#8217; di questi giorni, infatti, la notizia che la Ducati ha gi\u00e0 affinato le dotazioni tecnologiche per i nuovi modelli del 2013. La gamma Multistrada 1200, infatti, si arricchisce della Granturismo e la Pikes Peak. Che si presentano al pubblico con [&hellip;]\" \/>\n<meta property=\"og:url\" content=\"https:\/\/www.bellunopress.it\/fr\/2012\/10\/01\/pronta-la-nuova-ducati-multistrada-1200-per-il-2013\/\" \/>\n<meta property=\"og:site_name\" content=\"Bellunopress - Dolomiti\" \/>\n<meta property=\"article:publisher\" content=\"https:\/\/www.facebook.com\/profile.php?id=100008943462799\" \/>\n<meta property=\"article:published_time\" content=\"2012-10-01T19:42:25+00:00\" \/>\n<meta property=\"og:image\" content=\"http:\/\/www.bellunopress.it\/wp-content\/uploads\/2012\/10\/ducati-multistrada-1200.jpg\" \/>\n<meta name=\"author\" content=\"redazione\" \/>\n<meta name=\"twitter:card\" content=\"summary_large_image\" \/>\n<meta name=\"twitter:creator\" content=\"@bellunopress\" \/>\n<meta name=\"twitter:site\" content=\"@bellunopress\" \/>\n<meta name=\"twitter:label1\" content=\"\u00c9crit par\" \/>\n\t<meta name=\"twitter:data1\" content=\"redazione\" \/>\n\t<meta name=\"twitter:label2\" content=\"Dur\u00e9e de lecture estim\u00e9e\" \/>\n\t<meta name=\"twitter:data2\" content=\"2 minutes\" \/>\n<script type=\"application\/ld+json\" class=\"yoast-schema-graph\">{\"@context\":\"https:\\\/\\\/schema.org\",\"@graph\":[{\"@type\":\"Article\",\"@id\":\"https:\\\/\\\/www.bellunopress.it\\\/2012\\\/10\\\/01\\\/pronta-la-nuova-ducati-multistrada-1200-per-il-2013\\\/#article\",\"isPartOf\":{\"@id\":\"https:\\\/\\\/www.bellunopress.it\\\/2012\\\/10\\\/01\\\/pronta-la-nuova-ducati-multistrada-1200-per-il-2013\\\/\"},\"author\":{\"name\":\"redazione\",\"@id\":\"https:\\\/\\\/www.bellunopress.it\\\/#\\\/schema\\\/person\\\/79bb06722b37ece1c03d3e94beb30d73\"},\"headline\":\"Pronta la nuova Ducati Multistrada 1200 per il 2013\",\"datePublished\":\"2012-10-01T19:42:25+00:00\",\"mainEntityOfPage\":{\"@id\":\"https:\\\/\\\/www.bellunopress.it\\\/2012\\\/10\\\/01\\\/pronta-la-nuova-ducati-multistrada-1200-per-il-2013\\\/\"},\"wordCount\":348,\"publisher\":{\"@id\":\"https:\\\/\\\/www.bellunopress.it\\\/#organization\"},\"image\":{\"@id\":\"https:\\\/\\\/www.bellunopress.it\\\/2012\\\/10\\\/01\\\/pronta-la-nuova-ducati-multistrada-1200-per-il-2013\\\/#primaryimage\"},\"thumbnailUrl\":\"http:\\\/\\\/www.bellunopress.it\\\/wp-content\\\/uploads\\\/2012\\\/10\\\/ducati-multistrada-1200.jpg\",\"articleSection\":[\"Prima Pagina\",\"Pubbliredazionali\"],\"inLanguage\":\"fr-FR\"},{\"@type\":\"WebPage\",\"@id\":\"https:\\\/\\\/www.bellunopress.it\\\/2012\\\/10\\\/01\\\/pronta-la-nuova-ducati-multistrada-1200-per-il-2013\\\/\",\"url\":\"https:\\\/\\\/www.bellunopress.it\\\/2012\\\/10\\\/01\\\/pronta-la-nuova-ducati-multistrada-1200-per-il-2013\\\/\",\"name\":\"Pronta la nuova Ducati Multistrada 1200 per il 2013 - Bellunopress - Dolomiti\",\"isPartOf\":{\"@id\":\"https:\\\/\\\/www.bellunopress.it\\\/#website\"},\"primaryImageOfPage\":{\"@id\":\"https:\\\/\\\/www.bellunopress.it\\\/2012\\\/10\\\/01\\\/pronta-la-nuova-ducati-multistrada-1200-per-il-2013\\\/#primaryimage\"},\"image\":{\"@id\":\"https:\\\/\\\/www.bellunopress.it\\\/2012\\\/10\\\/01\\\/pronta-la-nuova-ducati-multistrada-1200-per-il-2013\\\/#primaryimage\"},\"thumbnailUrl\":\"http:\\\/\\\/www.bellunopress.it\\\/wp-content\\\/uploads\\\/2012\\\/10\\\/ducati-multistrada-1200.jpg\",\"datePublished\":\"2012-10-01T19:42:25+00:00\",\"breadcrumb\":{\"@id\":\"https:\\\/\\\/www.bellunopress.it\\\/2012\\\/10\\\/01\\\/pronta-la-nuova-ducati-multistrada-1200-per-il-2013\\\/#breadcrumb\"},\"inLanguage\":\"fr-FR\",\"potentialAction\":[{\"@type\":\"ReadAction\",\"target\":[\"https:\\\/\\\/www.bellunopress.it\\\/2012\\\/10\\\/01\\\/pronta-la-nuova-ducati-multistrada-1200-per-il-2013\\\/\"]}]},{\"@type\":\"ImageObject\",\"inLanguage\":\"fr-FR\",\"@id\":\"https:\\\/\\\/www.bellunopress.it\\\/2012\\\/10\\\/01\\\/pronta-la-nuova-ducati-multistrada-1200-per-il-2013\\\/#primaryimage\",\"url\":\"http:\\\/\\\/www.bellunopress.it\\\/wp-content\\\/uploads\\\/2012\\\/10\\\/ducati-multistrada-1200.jpg\",\"contentUrl\":\"http:\\\/\\\/www.bellunopress.it\\\/wp-content\\\/uploads\\\/2012\\\/10\\\/ducati-multistrada-1200.jpg\"},{\"@type\":\"BreadcrumbList\",\"@id\":\"https:\\\/\\\/www.bellunopress.it\\\/2012\\\/10\\\/01\\\/pronta-la-nuova-ducati-multistrada-1200-per-il-2013\\\/#breadcrumb\",\"itemListElement\":[{\"@type\":\"ListItem\",\"position\":1,\"name\":\"Home\",\"item\":\"https:\\\/\\\/www.bellunopress.it\\\/\"},{\"@type\":\"ListItem\",\"position\":2,\"name\":\"Pronta la nuova Ducati Multistrada 1200 per il 2013\"}]},{\"@type\":\"WebSite\",\"@id\":\"https:\\\/\\\/www.bellunopress.it\\\/#website\",\"url\":\"https:\\\/\\\/www.bellunopress.it\\\/\",\"name\":\"Bellunopress - Dolomiti\",\"description\":\"e-mail: redazione@bellunopress.it\",\"publisher\":{\"@id\":\"https:\\\/\\\/www.bellunopress.it\\\/#organization\"},\"potentialAction\":[{\"@type\":\"SearchAction\",\"target\":{\"@type\":\"EntryPoint\",\"urlTemplate\":\"https:\\\/\\\/www.bellunopress.it\\\/?s={search_term_string}\"},\"query-input\":{\"@type\":\"PropertyValueSpecification\",\"valueRequired\":true,\"valueName\":\"search_term_string\"}}],\"inLanguage\":\"fr-FR\"},{\"@type\":\"Organization\",\"@id\":\"https:\\\/\\\/www.bellunopress.it\\\/#organization\",\"name\":\"Bellunopress\",\"url\":\"https:\\\/\\\/www.bellunopress.it\\\/\",\"logo\":{\"@type\":\"ImageObject\",\"inLanguage\":\"fr-FR\",\"@id\":\"https:\\\/\\\/www.bellunopress.it\\\/#\\\/schema\\\/logo\\\/image\\\/\",\"url\":\"https:\\\/\\\/www.bellunopress.it\\\/wp-content\\\/uploads\\\/2011\\\/05\\\/cropped-logo-bellunopress-.jpg\",\"contentUrl\":\"https:\\\/\\\/www.bellunopress.it\\\/wp-content\\\/uploads\\\/2011\\\/05\\\/cropped-logo-bellunopress-.jpg\",\"width\":512,\"height\":512,\"caption\":\"Bellunopress\"},\"image\":{\"@id\":\"https:\\\/\\\/www.bellunopress.it\\\/#\\\/schema\\\/logo\\\/image\\\/\"},\"sameAs\":[\"https:\\\/\\\/www.facebook.com\\\/profile.php?id=100008943462799\",\"https:\\\/\\\/x.com\\\/bellunopress\",\"https:\\\/\\\/www.linkedin.com\\\/hp\\\/?dnr=JBzUWaJfMUw8vbXJJ2tVW5-I3jZKvC4wsoxE&amp;amp;amp;amp;amp;amp;trk=nav_responsive_tab_home\",\"https:\\\/\\\/www.youtube.com\\\/channel\\\/UCxL0wu1uN0_3_7hGG0306cw\"]},{\"@type\":\"Person\",\"@id\":\"https:\\\/\\\/www.bellunopress.it\\\/#\\\/schema\\\/person\\\/79bb06722b37ece1c03d3e94beb30d73\",\"name\":\"redazione\",\"image\":{\"@type\":\"ImageObject\",\"inLanguage\":\"fr-FR\",\"@id\":\"https:\\\/\\\/secure.gravatar.com\\\/avatar\\\/37d968a2e67a6fd04c169c4bdef102d0bc5d31b2546345219e348575eb80e9a0?s=96&d=mm&r=g\",\"url\":\"https:\\\/\\\/secure.gravatar.com\\\/avatar\\\/37d968a2e67a6fd04c169c4bdef102d0bc5d31b2546345219e348575eb80e9a0?s=96&d=mm&r=g\",\"contentUrl\":\"https:\\\/\\\/secure.gravatar.com\\\/avatar\\\/37d968a2e67a6fd04c169c4bdef102d0bc5d31b2546345219e348575eb80e9a0?s=96&d=mm&r=g\",\"caption\":\"redazione\"},\"sameAs\":[\"http:\\\/\\\/www.bellunopress.it\",\"https:\\\/\\\/x.com\\\/bellunopress\"],\"url\":\"https:\\\/\\\/www.bellunopress.it\\\/fr\\\/author\\\/redazione\\\/\"}]}<\/script>\n<!-- \/ Yoast SEO plugin. -->","yoast_head_json":{"title":"Pronta la nuova Ducati Multistrada 1200 per il 2013 - Bellunopress - Dolomiti","robots":{"index":"index","follow":"follow","max-snippet":"max-snippet:-1","max-image-preview":"max-image-preview:large","max-video-preview":"max-video-preview:-1"},"canonical":"https:\/\/www.bellunopress.it\/fr\/2012\/10\/01\/pronta-la-nuova-ducati-multistrada-1200-per-il-2013\/","og_locale":"fr_FR","og_type":"article","og_title":"Pronta la nuova Ducati Multistrada 1200 per il 2013 - Bellunopress - Dolomiti","og_description":"Alla concessionaria Tecnosport di Belluno ci si prepara gi\u00e0 per la prossima stagione motociclistica. E&#8217; di questi giorni, infatti, la notizia che la Ducati ha gi\u00e0 affinato le dotazioni tecnologiche per i nuovi modelli del 2013. La gamma Multistrada 1200, infatti, si arricchisce della Granturismo e la Pikes Peak. Che si presentano al pubblico con [&hellip;]","og_url":"https:\/\/www.bellunopress.it\/fr\/2012\/10\/01\/pronta-la-nuova-ducati-multistrada-1200-per-il-2013\/","og_site_name":"Bellunopress - Dolomiti","article_publisher":"https:\/\/www.facebook.com\/profile.php?id=100008943462799","article_published_time":"2012-10-01T19:42:25+00:00","og_image":[{"url":"http:\/\/www.bellunopress.it\/wp-content\/uploads\/2012\/10\/ducati-multistrada-1200.jpg","type":"","width":"","height":""}],"author":"redazione","twitter_card":"summary_large_image","twitter_creator":"@bellunopress","twitter_site":"@bellunopress","twitter_misc":{"\u00c9crit par":"redazione","Dur\u00e9e de lecture estim\u00e9e":"2 minutes"},"schema":{"@context":"https:\/\/schema.org","@graph":[{"@type":"Article","@id":"https:\/\/www.bellunopress.it\/2012\/10\/01\/pronta-la-nuova-ducati-multistrada-1200-per-il-2013\/#article","isPartOf":{"@id":"https:\/\/www.bellunopress.it\/2012\/10\/01\/pronta-la-nuova-ducati-multistrada-1200-per-il-2013\/"},"author":{"name":"redazione","@id":"https:\/\/www.bellunopress.it\/#\/schema\/person\/79bb06722b37ece1c03d3e94beb30d73"},"headline":"Pronta la nuova Ducati Multistrada 1200 per il 2013","datePublished":"2012-10-01T19:42:25+00:00","mainEntityOfPage":{"@id":"https:\/\/www.bellunopress.it\/2012\/10\/01\/pronta-la-nuova-ducati-multistrada-1200-per-il-2013\/"},"wordCount":348,"publisher":{"@id":"https:\/\/www.bellunopress.it\/#organization"},"image":{"@id":"https:\/\/www.bellunopress.it\/2012\/10\/01\/pronta-la-nuova-ducati-multistrada-1200-per-il-2013\/#primaryimage"},"thumbnailUrl":"http:\/\/www.bellunopress.it\/wp-content\/uploads\/2012\/10\/ducati-multistrada-1200.jpg","articleSection":["Prima Pagina","Pubbliredazionali"],"inLanguage":"fr-FR"},{"@type":"WebPage","@id":"https:\/\/www.bellunopress.it\/2012\/10\/01\/pronta-la-nuova-ducati-multistrada-1200-per-il-2013\/","url":"https:\/\/www.bellunopress.it\/2012\/10\/01\/pronta-la-nuova-ducati-multistrada-1200-per-il-2013\/","name":"Pronta la nuova Ducati Multistrada 1200 per il 2013 - Bellunopress - Dolomiti","isPartOf":{"@id":"https:\/\/www.bellunopress.it\/#website"},"primaryImageOfPage":{"@id":"https:\/\/www.bellunopress.it\/2012\/10\/01\/pronta-la-nuova-ducati-multistrada-1200-per-il-2013\/#primaryimage"},"image":{"@id":"https:\/\/www.bellunopress.it\/2012\/10\/01\/pronta-la-nuova-ducati-multistrada-1200-per-il-2013\/#primaryimage"},"thumbnailUrl":"http:\/\/www.bellunopress.it\/wp-content\/uploads\/2012\/10\/ducati-multistrada-1200.jpg","datePublished":"2012-10-01T19:42:25+00:00","breadcrumb":{"@id":"https:\/\/www.bellunopress.it\/2012\/10\/01\/pronta-la-nuova-ducati-multistrada-1200-per-il-2013\/#breadcrumb"},"inLanguage":"fr-FR","potentialAction":[{"@type":"ReadAction","target":["https:\/\/www.bellunopress.it\/2012\/10\/01\/pronta-la-nuova-ducati-multistrada-1200-per-il-2013\/"]}]},{"@type":"ImageObject","inLanguage":"fr-FR","@id":"https:\/\/www.bellunopress.it\/2012\/10\/01\/pronta-la-nuova-ducati-multistrada-1200-per-il-2013\/#primaryimage","url":"http:\/\/www.bellunopress.it\/wp-content\/uploads\/2012\/10\/ducati-multistrada-1200.jpg","contentUrl":"http:\/\/www.bellunopress.it\/wp-content\/uploads\/2012\/10\/ducati-multistrada-1200.jpg"},{"@type":"BreadcrumbList","@id":"https:\/\/www.bellunopress.it\/2012\/10\/01\/pronta-la-nuova-ducati-multistrada-1200-per-il-2013\/#breadcrumb","itemListElement":[{"@type":"ListItem","position":1,"name":"Home","item":"https:\/\/www.bellunopress.it\/"},{"@type":"ListItem","position":2,"name":"Pronta la nuova Ducati Multistrada 1200 per il 2013"}]},{"@type":"WebSite","@id":"https:\/\/www.bellunopress.it\/#website","url":"https:\/\/www.bellunopress.it\/","name":"Bellunopress - Dolomiti","description":"e-mail: redazione@bellunopress.it","publisher":{"@id":"https:\/\/www.bellunopress.it\/#organization"},"potentialAction":[{"@type":"SearchAction","target":{"@type":"EntryPoint","urlTemplate":"https:\/\/www.bellunopress.it\/?s={search_term_string}"},"query-input":{"@type":"PropertyValueSpecification","valueRequired":true,"valueName":"search_term_string"}}],"inLanguage":"fr-FR"},{"@type":"Organization","@id":"https:\/\/www.bellunopress.it\/#organization","name":"Bellunopress","url":"https:\/\/www.bellunopress.it\/","logo":{"@type":"ImageObject","inLanguage":"fr-FR","@id":"https:\/\/www.bellunopress.it\/#\/schema\/logo\/image\/","url":"https:\/\/www.bellunopress.it\/wp-content\/uploads\/2011\/05\/cropped-logo-bellunopress-.jpg","contentUrl":"https:\/\/www.bellunopress.it\/wp-content\/uploads\/2011\/05\/cropped-logo-bellunopress-.jpg","width":512,"height":512,"caption":"Bellunopress"},"image":{"@id":"https:\/\/www.bellunopress.it\/#\/schema\/logo\/image\/"},"sameAs":["https:\/\/www.facebook.com\/profile.php?id=100008943462799","https:\/\/x.com\/bellunopress","https:\/\/www.linkedin.com\/hp\/?dnr=JBzUWaJfMUw8vbXJJ2tVW5-I3jZKvC4wsoxE&amp;amp;amp;amp;amp;amp;trk=nav_responsive_tab_home","https:\/\/www.youtube.com\/channel\/UCxL0wu1uN0_3_7hGG0306cw"]},{"@type":"Person","@id":"https:\/\/www.bellunopress.it\/#\/schema\/person\/79bb06722b37ece1c03d3e94beb30d73","name":"r\u00e9daction","image":{"@type":"ImageObject","inLanguage":"fr-FR","@id":"https:\/\/secure.gravatar.com\/avatar\/37d968a2e67a6fd04c169c4bdef102d0bc5d31b2546345219e348575eb80e9a0?s=96&d=mm&r=g","url":"https:\/\/secure.gravatar.com\/avatar\/37d968a2e67a6fd04c169c4bdef102d0bc5d31b2546345219e348575eb80e9a0?s=96&d=mm&r=g","contentUrl":"https:\/\/secure.gravatar.com\/avatar\/37d968a2e67a6fd04c169c4bdef102d0bc5d31b2546345219e348575eb80e9a0?s=96&d=mm&r=g","caption":"redazione"},"sameAs":["http:\/\/www.bellunopress.it","https:\/\/x.com\/bellunopress"],"url":"https:\/\/www.bellunopress.it\/fr\/author\/redazione\/"}]}},"_links":{"self":[{"href":"https:\/\/www.bellunopress.it\/fr\/wp-json\/wp\/v2\/posts\/42584","targetHints":{"allow":["GET"]}}],"collection":[{"href":"https:\/\/www.bellunopress.it\/fr\/wp-json\/wp\/v2\/posts"}],"about":[{"href":"https:\/\/www.bellunopress.it\/fr\/wp-json\/wp\/v2\/types\/post"}],"author":[{"embeddable":true,"href":"https:\/\/www.bellunopress.it\/fr\/wp-json\/wp\/v2\/users\/2"}],"replies":[{"embeddable":true,"href":"https:\/\/www.bellunopress.it\/fr\/wp-json\/wp\/v2\/comments?post=42584"}],"version-history":[{"count":1,"href":"https:\/\/www.bellunopress.it\/fr\/wp-json\/wp\/v2\/posts\/42584\/revisions"}],"predecessor-version":[{"id":42586,"href":"https:\/\/www.bellunopress.it\/fr\/wp-json\/wp\/v2\/posts\/42584\/revisions\/42586"}],"wp:attachment":[{"href":"https:\/\/www.bellunopress.it\/fr\/wp-json\/wp\/v2\/media?parent=42584"}],"wp:term":[{"taxonomy":"category","embeddable":true,"href":"https:\/\/www.bellunopress.it\/fr\/wp-json\/wp\/v2\/categories?post=42584"},{"taxonomy":"post_tag","embeddable":true,"href":"https:\/\/www.bellunopress.it\/fr\/wp-json\/wp\/v2\/tags?post=42584"}],"curies":[{"name":"wp","href":"https:\/\/api.w.org\/{rel}","templated":true}]}}