{"id":42578,"date":"2012-10-01T17:02:10","date_gmt":"2012-10-01T16:02:10","guid":{"rendered":"http:\/\/www.bellunopress.it\/?p=42578"},"modified":"2012-10-01T17:06:07","modified_gmt":"2012-10-01T16:06:07","slug":"sabato-al-centro-giovanni-23mo-la-consegna-dei-diplomi-del-master-universitario-masa-in-management-sanitario-ed-inaugurazione-della-v-edizione","status":"publish","type":"post","link":"https:\/\/www.bellunopress.it\/fr\/2012\/10\/01\/sabato-al-centro-giovanni-23mo-la-consegna-dei-diplomi-del-master-universitario-masa-in-management-sanitario-ed-inaugurazione-della-v-edizione\/","title":{"rendered":"Sabato al Centro Giovanni 23mo la consegna dei diplomi del master universitario Masa in management sanitario. Ed inaugurazione della V edizione"},"content":{"rendered":"<p>Sabato 6 ottobre presso la Sala Muccin del Centro Congressi Belluno si terr\u00e0 la cerimonia di proclamazione dei\u00a0diplomati della terza edizione del Master Universitario di I livello in Management Sanitario per le funzioni di coordinamento (MASA).<\/p>\n<figure id=\"attachment_21840\" aria-describedby=\"caption-attachment-21840\" style=\"width: 280px\" class=\"wp-caption alignleft\"><a href=\"http:\/\/www.bellunopress.it\/wp-content\/uploads\/2010\/12\/giovanni-23.jpg\"><img loading=\"lazy\" decoding=\"async\" class=\"size-full wp-image-21840\" title=\"giovanni-23\" src=\"http:\/\/www.bellunopress.it\/wp-content\/uploads\/2010\/12\/giovanni-23.jpg\" alt=\"\" width=\"280\" height=\"233\" \/><\/a><figcaption id=\"caption-attachment-21840\" class=\"wp-caption-text\">Centro Giovanni 23mo Belluno<\/figcaption><\/figure>\n<p>Sul successo raccolto dalle prime quattro edizioni del Master, tuttora in corso, si riconferma la collaborazione tra l\u2019Universit\u00e0 IULM di Milano, l\u2019Istituto FDE di Mantova e l\u2019IPASVI di Belluno per l\u2019attivazione della Quinta\u00a0Edizione del Master Universitario di I livello in Management Sanitario per le funzioni di coordinamento (MASA) che partir\u00e0 a Belluno a gennaio 2013 e che ha gi\u00e0 iniziato a raccogliere le prime preiscrizioni, disponibili sul<a href=\"http:\/\/www.iulm.it\/wps\/wcm\/connect\/iulmit\/iulm-it\/studiare-alla-iulm\/master\/management-sanitario-per-le-funzioni-di-coordinamento-masa\"> sito<\/a><\/p>\n<p>Alla cerimonia sar\u00e0 presente Vincenzo Russo, PhD, Direttore Scientifico del Master, docente di Psicologia del Lavoro e delle Organizzazioni presso l\u2019Universit\u00e0 IULM e Coordinatore Area Societ\u00e0 e Salute presso la stessa Universit\u00e0, Angelo Puccia, Direttore dell\u2019Istituto FDE e Coordinatore Didattico del Master, Massimo Bustreo, PhD, Coordinatore, Membro del Comitato Scientifico e Tutor di processo del Master, docente di Psicologia dei Consumi presso l\u2019Universit\u00e0 IULM e Francesco Marchet, Tutor d\u2019aula del Master.<\/p>\n<p>Il MASA \u00e8 un corso di formazione di I Livello rivolto a tutte le 22 professioni sanitarie riconosciute dal SSN, e ha l\u2019obiettivo di far acquisire competenze nel management organizzativo e gestionale per esercitare funzioni di\u00a0coordinamento delle professioni sanitarie (Legge 1 febbraio 2006 n. 43) e formare professionisti in grado di gestire risorse umane, economiche e materiali, progettare e gestire un sistema di sviluppo delle risorse, progetti di sistema premiante, interventi formativi e processi di miglioramento della qualit\u00e0 dei servizi sanitari e di ricerca.<\/p>\n<p>La partnership tra l\u2019Universit\u00e0 IULM di Milano e l\u2019Istituto FDE Formazione di Eccellenza di Mantova garantisce sia un titolo accademico riconosciuto e spendibile a fini concorsuali e professionali sia un prodotto formativo di alto livello che unisce le competenze nel campo del management, della comunicazione, dello sviluppo delle risorse umane e della ricerca scientifica sviluppate nei decenni dall\u2019Universit\u00e0 IULM con l&#8217;esperienza manageriale dei professionisti coinvolti\u00a0dall&#8217;Istituto FDE.<\/p>\n<p>\u00c8 l\u2019innovazione della metodologia didattica l\u2019elemento che caratterizza questo corso che, a differenza di molti suoi affini, vede nella sua faculty e tra i suoi esperti, professionisti del mondo sanitario, del management aziendale e dello sviluppo delle risorse umane provenienti dal territorio e dall\u2019intero panorama scientifico nazionale. L\u2019Advisory Board \u00e8 composto da Mariachiara Santin (Azienda Feltrina per i Servizi alla Persona), Deni Dai Pr\u00e0\u00a0(IPASVI Belluno), Giovanni Muttillo (IPASVI Milano),Barbara Cittadini (AIOP Palermo), Mara Fabrizio (AUSL 2 Umbria), Anna Marusca Ghizzoni (ASL MN), Vincenzo Gargano (IPASVI Palermo), Gianni Giovannoni (A.O. MN), Giovanna Gotti (A.O. MN), Aviano Rossi (AUSL 2 Umbria).<\/p>\n<p>In particolare, il percorso formativo \u00e8 strutturato in moduli tematici che prevedono attivit\u00e0 di didattica frontale, studio guidato, tutorship di processo con accompagnamento all\u2019apprendimento, esperienze sul campo e una prova di tesi finale. Le attivit\u00e0 didattiche sono cos\u00ec ripartite: attivit\u00e0 didattica frontale (400 ore), studio guidato e individuale (525 ore), apprendimento clinico\/tirocinio (500 ore), tesi (75 ore).<\/p>\n<p>L\u2019organizzazione didattica sar\u00e0 cos\u00ec articolata: Legislazione, programmazione sanitaria, Politiche di programmazione sanitaria e sistema informativo (6 cfu), Analisi organizzativa, teorie e sviluppo delle organizzazioni, Logiche economiche nel processo di aziendalizzazione (6 cfu), Sviluppo di qualit\u00e0 dei servizi, Qualit\u00e0 dell\u2019assistenza (8 cfu), Metodologia della ricerca scientifica, Assistenza basata sulle evidenze (4 cfu), Processi di gestione del personale,<\/p>\n<p>Gestione e sviluppo delle risorse umane (7 cfu), Specifico professionale delle Professioni Sanitarie, Teorie e modelli assistenziali (6 cfu), Tirocinio (20 cfu), Prova finale (3 cfu), per un totale di 60 crediti formativi universitari. La sede di Belluno ha accolto 36 iscritti della IV edizione in fase di compimento, dimostrando cos\u00ec il proprio apprezzamento verso questa importante offerta formativa. Dalla sua prima edizione e nelle quattro sedi coinvolte (Feltre, Milano, Mantova e Palermo) 420 professionisti sanitari sono stati formati dal Master MASA, 150 sono a met\u00e0\u00a0della terza edizione in corso e numerose sono le richieste di pre-iscrizione all\u2019attuale V edizione.<\/p>","protected":false},"excerpt":{"rendered":"<p>Sabato 6 ottobre presso la Sala Muccin del Centro Congressi Belluno si terr\u00e0 la cerimonia di proclamazione dei\u00a0diplomati della terza edizione del Master Universitario di I livello in Management Sanitario per le funzioni di coordinamento (MASA). Sul successo raccolto dalle prime quattro edizioni del Master, tuttora in corso, si riconferma la collaborazione tra l\u2019Universit\u00e0 IULM [&hellip;]<\/p>\n","protected":false},"author":2,"featured_media":0,"comment_status":"closed","ping_status":"open","sticky":false,"template":"","format":"standard","meta":{"footnotes":""},"categories":[36,25,17,15],"tags":[],"class_list":["post-42578","post","type-post","status-publish","format-standard","category-lavoro-economia","category-pausa-caffe","category-sanita","category-scuola"],"yoast_head":"<!-- This site is optimized with the Yoast SEO plugin v28.4 - https:\/\/yoast.com\/product\/yoast-seo-wordpress\/ -->\n<title>Sabato al Centro Giovanni 23mo la consegna dei diplomi del master universitario Masa in management sanitario. Ed inaugurazione della V edizione - Bellunopress - Dolomiti<\/title>\n<meta name=\"robots\" content=\"index, follow, max-snippet:-1, max-image-preview:large, max-video-preview:-1\" \/>\n<link rel=\"canonical\" href=\"https:\/\/www.bellunopress.it\/fr\/2012\/10\/01\/sabato-al-centro-giovanni-23mo-la-consegna-dei-diplomi-del-master-universitario-masa-in-management-sanitario-ed-inaugurazione-della-v-edizione\/\" \/>\n<meta property=\"og:locale\" content=\"fr_FR\" \/>\n<meta property=\"og:type\" content=\"article\" \/>\n<meta property=\"og:title\" content=\"Sabato al Centro Giovanni 23mo la consegna dei diplomi del master universitario Masa in management sanitario. Ed inaugurazione della V edizione - Bellunopress - Dolomiti\" \/>\n<meta property=\"og:description\" content=\"Sabato 6 ottobre presso la Sala Muccin del Centro Congressi Belluno si terr\u00e0 la cerimonia di proclamazione dei\u00a0diplomati della terza edizione del Master Universitario di I livello in Management Sanitario per le funzioni di coordinamento (MASA). Sul successo raccolto dalle prime quattro edizioni del Master, tuttora in corso, si riconferma la collaborazione tra l\u2019Universit\u00e0 IULM [&hellip;]\" \/>\n<meta property=\"og:url\" content=\"https:\/\/www.bellunopress.it\/fr\/2012\/10\/01\/sabato-al-centro-giovanni-23mo-la-consegna-dei-diplomi-del-master-universitario-masa-in-management-sanitario-ed-inaugurazione-della-v-edizione\/\" \/>\n<meta property=\"og:site_name\" content=\"Bellunopress - Dolomiti\" \/>\n<meta property=\"article:publisher\" content=\"https:\/\/www.facebook.com\/profile.php?id=100008943462799\" \/>\n<meta property=\"article:published_time\" content=\"2012-10-01T16:02:10+00:00\" \/>\n<meta property=\"article:modified_time\" content=\"2012-10-01T16:06:07+00:00\" \/>\n<meta property=\"og:image\" content=\"http:\/\/www.bellunopress.it\/wp-content\/uploads\/2010\/12\/giovanni-23.jpg\" \/>\n<meta name=\"author\" content=\"redazione\" \/>\n<meta name=\"twitter:card\" content=\"summary_large_image\" \/>\n<meta name=\"twitter:creator\" content=\"@bellunopress\" \/>\n<meta name=\"twitter:site\" content=\"@bellunopress\" \/>\n<meta name=\"twitter:label1\" content=\"\u00c9crit par\" \/>\n\t<meta name=\"twitter:data1\" content=\"redazione\" \/>\n\t<meta name=\"twitter:label2\" content=\"Dur\u00e9e de lecture estim\u00e9e\" \/>\n\t<meta name=\"twitter:data2\" content=\"3 minutes\" \/>\n<script type=\"application\/ld+json\" class=\"yoast-schema-graph\">{\"@context\":\"https:\\\/\\\/schema.org\",\"@graph\":[{\"@type\":\"Article\",\"@id\":\"https:\\\/\\\/www.bellunopress.it\\\/2012\\\/10\\\/01\\\/sabato-al-centro-giovanni-23mo-la-consegna-dei-diplomi-del-master-universitario-masa-in-management-sanitario-ed-inaugurazione-della-v-edizione\\\/#article\",\"isPartOf\":{\"@id\":\"https:\\\/\\\/www.bellunopress.it\\\/2012\\\/10\\\/01\\\/sabato-al-centro-giovanni-23mo-la-consegna-dei-diplomi-del-master-universitario-masa-in-management-sanitario-ed-inaugurazione-della-v-edizione\\\/\"},\"author\":{\"name\":\"redazione\",\"@id\":\"https:\\\/\\\/www.bellunopress.it\\\/#\\\/schema\\\/person\\\/79bb06722b37ece1c03d3e94beb30d73\"},\"headline\":\"Sabato al Centro Giovanni 23mo la consegna dei diplomi del master universitario Masa in management sanitario. Ed inaugurazione della V edizione\",\"datePublished\":\"2012-10-01T16:02:10+00:00\",\"dateModified\":\"2012-10-01T16:06:07+00:00\",\"mainEntityOfPage\":{\"@id\":\"https:\\\/\\\/www.bellunopress.it\\\/2012\\\/10\\\/01\\\/sabato-al-centro-giovanni-23mo-la-consegna-dei-diplomi-del-master-universitario-masa-in-management-sanitario-ed-inaugurazione-della-v-edizione\\\/\"},\"wordCount\":673,\"publisher\":{\"@id\":\"https:\\\/\\\/www.bellunopress.it\\\/#organization\"},\"image\":{\"@id\":\"https:\\\/\\\/www.bellunopress.it\\\/2012\\\/10\\\/01\\\/sabato-al-centro-giovanni-23mo-la-consegna-dei-diplomi-del-master-universitario-masa-in-management-sanitario-ed-inaugurazione-della-v-edizione\\\/#primaryimage\"},\"thumbnailUrl\":\"http:\\\/\\\/www.bellunopress.it\\\/wp-content\\\/uploads\\\/2010\\\/12\\\/giovanni-23.jpg\",\"articleSection\":[\"Lavoro, Economia, Turismo\",\"Pausa Caff\u00e8\",\"Sanit\u00e0 Medicina\",\"Scuola\"],\"inLanguage\":\"fr-FR\"},{\"@type\":\"WebPage\",\"@id\":\"https:\\\/\\\/www.bellunopress.it\\\/2012\\\/10\\\/01\\\/sabato-al-centro-giovanni-23mo-la-consegna-dei-diplomi-del-master-universitario-masa-in-management-sanitario-ed-inaugurazione-della-v-edizione\\\/\",\"url\":\"https:\\\/\\\/www.bellunopress.it\\\/2012\\\/10\\\/01\\\/sabato-al-centro-giovanni-23mo-la-consegna-dei-diplomi-del-master-universitario-masa-in-management-sanitario-ed-inaugurazione-della-v-edizione\\\/\",\"name\":\"Sabato al Centro Giovanni 23mo la consegna dei diplomi del master universitario Masa in management sanitario. Ed inaugurazione della V edizione - Bellunopress - Dolomiti\",\"isPartOf\":{\"@id\":\"https:\\\/\\\/www.bellunopress.it\\\/#website\"},\"primaryImageOfPage\":{\"@id\":\"https:\\\/\\\/www.bellunopress.it\\\/2012\\\/10\\\/01\\\/sabato-al-centro-giovanni-23mo-la-consegna-dei-diplomi-del-master-universitario-masa-in-management-sanitario-ed-inaugurazione-della-v-edizione\\\/#primaryimage\"},\"image\":{\"@id\":\"https:\\\/\\\/www.bellunopress.it\\\/2012\\\/10\\\/01\\\/sabato-al-centro-giovanni-23mo-la-consegna-dei-diplomi-del-master-universitario-masa-in-management-sanitario-ed-inaugurazione-della-v-edizione\\\/#primaryimage\"},\"thumbnailUrl\":\"http:\\\/\\\/www.bellunopress.it\\\/wp-content\\\/uploads\\\/2010\\\/12\\\/giovanni-23.jpg\",\"datePublished\":\"2012-10-01T16:02:10+00:00\",\"dateModified\":\"2012-10-01T16:06:07+00:00\",\"breadcrumb\":{\"@id\":\"https:\\\/\\\/www.bellunopress.it\\\/2012\\\/10\\\/01\\\/sabato-al-centro-giovanni-23mo-la-consegna-dei-diplomi-del-master-universitario-masa-in-management-sanitario-ed-inaugurazione-della-v-edizione\\\/#breadcrumb\"},\"inLanguage\":\"fr-FR\",\"potentialAction\":[{\"@type\":\"ReadAction\",\"target\":[\"https:\\\/\\\/www.bellunopress.it\\\/2012\\\/10\\\/01\\\/sabato-al-centro-giovanni-23mo-la-consegna-dei-diplomi-del-master-universitario-masa-in-management-sanitario-ed-inaugurazione-della-v-edizione\\\/\"]}]},{\"@type\":\"ImageObject\",\"inLanguage\":\"fr-FR\",\"@id\":\"https:\\\/\\\/www.bellunopress.it\\\/2012\\\/10\\\/01\\\/sabato-al-centro-giovanni-23mo-la-consegna-dei-diplomi-del-master-universitario-masa-in-management-sanitario-ed-inaugurazione-della-v-edizione\\\/#primaryimage\",\"url\":\"http:\\\/\\\/www.bellunopress.it\\\/wp-content\\\/uploads\\\/2010\\\/12\\\/giovanni-23.jpg\",\"contentUrl\":\"http:\\\/\\\/www.bellunopress.it\\\/wp-content\\\/uploads\\\/2010\\\/12\\\/giovanni-23.jpg\"},{\"@type\":\"BreadcrumbList\",\"@id\":\"https:\\\/\\\/www.bellunopress.it\\\/2012\\\/10\\\/01\\\/sabato-al-centro-giovanni-23mo-la-consegna-dei-diplomi-del-master-universitario-masa-in-management-sanitario-ed-inaugurazione-della-v-edizione\\\/#breadcrumb\",\"itemListElement\":[{\"@type\":\"ListItem\",\"position\":1,\"name\":\"Home\",\"item\":\"https:\\\/\\\/www.bellunopress.it\\\/\"},{\"@type\":\"ListItem\",\"position\":2,\"name\":\"Sabato al Centro Giovanni 23mo la consegna dei diplomi del master universitario Masa in management sanitario. Ed inaugurazione della V edizione\"}]},{\"@type\":\"WebSite\",\"@id\":\"https:\\\/\\\/www.bellunopress.it\\\/#website\",\"url\":\"https:\\\/\\\/www.bellunopress.it\\\/\",\"name\":\"Bellunopress - Dolomiti\",\"description\":\"e-mail: redazione@bellunopress.it\",\"publisher\":{\"@id\":\"https:\\\/\\\/www.bellunopress.it\\\/#organization\"},\"potentialAction\":[{\"@type\":\"SearchAction\",\"target\":{\"@type\":\"EntryPoint\",\"urlTemplate\":\"https:\\\/\\\/www.bellunopress.it\\\/?s={search_term_string}\"},\"query-input\":{\"@type\":\"PropertyValueSpecification\",\"valueRequired\":true,\"valueName\":\"search_term_string\"}}],\"inLanguage\":\"fr-FR\"},{\"@type\":\"Organization\",\"@id\":\"https:\\\/\\\/www.bellunopress.it\\\/#organization\",\"name\":\"Bellunopress\",\"url\":\"https:\\\/\\\/www.bellunopress.it\\\/\",\"logo\":{\"@type\":\"ImageObject\",\"inLanguage\":\"fr-FR\",\"@id\":\"https:\\\/\\\/www.bellunopress.it\\\/#\\\/schema\\\/logo\\\/image\\\/\",\"url\":\"https:\\\/\\\/www.bellunopress.it\\\/wp-content\\\/uploads\\\/2011\\\/05\\\/cropped-logo-bellunopress-.jpg\",\"contentUrl\":\"https:\\\/\\\/www.bellunopress.it\\\/wp-content\\\/uploads\\\/2011\\\/05\\\/cropped-logo-bellunopress-.jpg\",\"width\":512,\"height\":512,\"caption\":\"Bellunopress\"},\"image\":{\"@id\":\"https:\\\/\\\/www.bellunopress.it\\\/#\\\/schema\\\/logo\\\/image\\\/\"},\"sameAs\":[\"https:\\\/\\\/www.facebook.com\\\/profile.php?id=100008943462799\",\"https:\\\/\\\/x.com\\\/bellunopress\",\"https:\\\/\\\/www.linkedin.com\\\/hp\\\/?dnr=JBzUWaJfMUw8vbXJJ2tVW5-I3jZKvC4wsoxE&amp;amp;amp;amp;amp;amp;trk=nav_responsive_tab_home\",\"https:\\\/\\\/www.youtube.com\\\/channel\\\/UCxL0wu1uN0_3_7hGG0306cw\"]},{\"@type\":\"Person\",\"@id\":\"https:\\\/\\\/www.bellunopress.it\\\/#\\\/schema\\\/person\\\/79bb06722b37ece1c03d3e94beb30d73\",\"name\":\"redazione\",\"image\":{\"@type\":\"ImageObject\",\"inLanguage\":\"fr-FR\",\"@id\":\"https:\\\/\\\/secure.gravatar.com\\\/avatar\\\/37d968a2e67a6fd04c169c4bdef102d0bc5d31b2546345219e348575eb80e9a0?s=96&d=mm&r=g\",\"url\":\"https:\\\/\\\/secure.gravatar.com\\\/avatar\\\/37d968a2e67a6fd04c169c4bdef102d0bc5d31b2546345219e348575eb80e9a0?s=96&d=mm&r=g\",\"contentUrl\":\"https:\\\/\\\/secure.gravatar.com\\\/avatar\\\/37d968a2e67a6fd04c169c4bdef102d0bc5d31b2546345219e348575eb80e9a0?s=96&d=mm&r=g\",\"caption\":\"redazione\"},\"sameAs\":[\"http:\\\/\\\/www.bellunopress.it\",\"https:\\\/\\\/x.com\\\/bellunopress\"],\"url\":\"https:\\\/\\\/www.bellunopress.it\\\/fr\\\/author\\\/redazione\\\/\"}]}<\/script>\n<!-- \/ Yoast SEO plugin. -->","yoast_head_json":{"title":"Sabato al Centro Giovanni 23mo la consegna dei diplomi del master universitario Masa in management sanitario. Ed inaugurazione della V edizione - Bellunopress - Dolomiti","robots":{"index":"index","follow":"follow","max-snippet":"max-snippet:-1","max-image-preview":"max-image-preview:large","max-video-preview":"max-video-preview:-1"},"canonical":"https:\/\/www.bellunopress.it\/fr\/2012\/10\/01\/sabato-al-centro-giovanni-23mo-la-consegna-dei-diplomi-del-master-universitario-masa-in-management-sanitario-ed-inaugurazione-della-v-edizione\/","og_locale":"fr_FR","og_type":"article","og_title":"Sabato al Centro Giovanni 23mo la consegna dei diplomi del master universitario Masa in management sanitario. Ed inaugurazione della V edizione - Bellunopress - Dolomiti","og_description":"Sabato 6 ottobre presso la Sala Muccin del Centro Congressi Belluno si terr\u00e0 la cerimonia di proclamazione dei\u00a0diplomati della terza edizione del Master Universitario di I livello in Management Sanitario per le funzioni di coordinamento (MASA). Sul successo raccolto dalle prime quattro edizioni del Master, tuttora in corso, si riconferma la collaborazione tra l\u2019Universit\u00e0 IULM [&hellip;]","og_url":"https:\/\/www.bellunopress.it\/fr\/2012\/10\/01\/sabato-al-centro-giovanni-23mo-la-consegna-dei-diplomi-del-master-universitario-masa-in-management-sanitario-ed-inaugurazione-della-v-edizione\/","og_site_name":"Bellunopress - Dolomiti","article_publisher":"https:\/\/www.facebook.com\/profile.php?id=100008943462799","article_published_time":"2012-10-01T16:02:10+00:00","article_modified_time":"2012-10-01T16:06:07+00:00","og_image":[{"url":"http:\/\/www.bellunopress.it\/wp-content\/uploads\/2010\/12\/giovanni-23.jpg","type":"","width":"","height":""}],"author":"redazione","twitter_card":"summary_large_image","twitter_creator":"@bellunopress","twitter_site":"@bellunopress","twitter_misc":{"\u00c9crit par":"redazione","Dur\u00e9e de lecture estim\u00e9e":"3 minutes"},"schema":{"@context":"https:\/\/schema.org","@graph":[{"@type":"Article","@id":"https:\/\/www.bellunopress.it\/2012\/10\/01\/sabato-al-centro-giovanni-23mo-la-consegna-dei-diplomi-del-master-universitario-masa-in-management-sanitario-ed-inaugurazione-della-v-edizione\/#article","isPartOf":{"@id":"https:\/\/www.bellunopress.it\/2012\/10\/01\/sabato-al-centro-giovanni-23mo-la-consegna-dei-diplomi-del-master-universitario-masa-in-management-sanitario-ed-inaugurazione-della-v-edizione\/"},"author":{"name":"redazione","@id":"https:\/\/www.bellunopress.it\/#\/schema\/person\/79bb06722b37ece1c03d3e94beb30d73"},"headline":"Sabato al Centro Giovanni 23mo la consegna dei diplomi del master universitario Masa in management sanitario. Ed inaugurazione della V edizione","datePublished":"2012-10-01T16:02:10+00:00","dateModified":"2012-10-01T16:06:07+00:00","mainEntityOfPage":{"@id":"https:\/\/www.bellunopress.it\/2012\/10\/01\/sabato-al-centro-giovanni-23mo-la-consegna-dei-diplomi-del-master-universitario-masa-in-management-sanitario-ed-inaugurazione-della-v-edizione\/"},"wordCount":673,"publisher":{"@id":"https:\/\/www.bellunopress.it\/#organization"},"image":{"@id":"https:\/\/www.bellunopress.it\/2012\/10\/01\/sabato-al-centro-giovanni-23mo-la-consegna-dei-diplomi-del-master-universitario-masa-in-management-sanitario-ed-inaugurazione-della-v-edizione\/#primaryimage"},"thumbnailUrl":"http:\/\/www.bellunopress.it\/wp-content\/uploads\/2010\/12\/giovanni-23.jpg","articleSection":["Lavoro, Economia, Turismo","Pausa Caff\u00e8","Sanit\u00e0 Medicina","Scuola"],"inLanguage":"fr-FR"},{"@type":"WebPage","@id":"https:\/\/www.bellunopress.it\/2012\/10\/01\/sabato-al-centro-giovanni-23mo-la-consegna-dei-diplomi-del-master-universitario-masa-in-management-sanitario-ed-inaugurazione-della-v-edizione\/","url":"https:\/\/www.bellunopress.it\/2012\/10\/01\/sabato-al-centro-giovanni-23mo-la-consegna-dei-diplomi-del-master-universitario-masa-in-management-sanitario-ed-inaugurazione-della-v-edizione\/","name":"Sabato al Centro Giovanni 23mo la consegna dei diplomi del master universitario Masa in management sanitario. Ed inaugurazione della V edizione - Bellunopress - Dolomiti","isPartOf":{"@id":"https:\/\/www.bellunopress.it\/#website"},"primaryImageOfPage":{"@id":"https:\/\/www.bellunopress.it\/2012\/10\/01\/sabato-al-centro-giovanni-23mo-la-consegna-dei-diplomi-del-master-universitario-masa-in-management-sanitario-ed-inaugurazione-della-v-edizione\/#primaryimage"},"image":{"@id":"https:\/\/www.bellunopress.it\/2012\/10\/01\/sabato-al-centro-giovanni-23mo-la-consegna-dei-diplomi-del-master-universitario-masa-in-management-sanitario-ed-inaugurazione-della-v-edizione\/#primaryimage"},"thumbnailUrl":"http:\/\/www.bellunopress.it\/wp-content\/uploads\/2010\/12\/giovanni-23.jpg","datePublished":"2012-10-01T16:02:10+00:00","dateModified":"2012-10-01T16:06:07+00:00","breadcrumb":{"@id":"https:\/\/www.bellunopress.it\/2012\/10\/01\/sabato-al-centro-giovanni-23mo-la-consegna-dei-diplomi-del-master-universitario-masa-in-management-sanitario-ed-inaugurazione-della-v-edizione\/#breadcrumb"},"inLanguage":"fr-FR","potentialAction":[{"@type":"ReadAction","target":["https:\/\/www.bellunopress.it\/2012\/10\/01\/sabato-al-centro-giovanni-23mo-la-consegna-dei-diplomi-del-master-universitario-masa-in-management-sanitario-ed-inaugurazione-della-v-edizione\/"]}]},{"@type":"ImageObject","inLanguage":"fr-FR","@id":"https:\/\/www.bellunopress.it\/2012\/10\/01\/sabato-al-centro-giovanni-23mo-la-consegna-dei-diplomi-del-master-universitario-masa-in-management-sanitario-ed-inaugurazione-della-v-edizione\/#primaryimage","url":"http:\/\/www.bellunopress.it\/wp-content\/uploads\/2010\/12\/giovanni-23.jpg","contentUrl":"http:\/\/www.bellunopress.it\/wp-content\/uploads\/2010\/12\/giovanni-23.jpg"},{"@type":"BreadcrumbList","@id":"https:\/\/www.bellunopress.it\/2012\/10\/01\/sabato-al-centro-giovanni-23mo-la-consegna-dei-diplomi-del-master-universitario-masa-in-management-sanitario-ed-inaugurazione-della-v-edizione\/#breadcrumb","itemListElement":[{"@type":"ListItem","position":1,"name":"Home","item":"https:\/\/www.bellunopress.it\/"},{"@type":"ListItem","position":2,"name":"Sabato al Centro Giovanni 23mo la consegna dei diplomi del master universitario Masa in management sanitario. Ed inaugurazione della V edizione"}]},{"@type":"WebSite","@id":"https:\/\/www.bellunopress.it\/#website","url":"https:\/\/www.bellunopress.it\/","name":"Bellunopress - Dolomiti","description":"e-mail: redazione@bellunopress.it","publisher":{"@id":"https:\/\/www.bellunopress.it\/#organization"},"potentialAction":[{"@type":"SearchAction","target":{"@type":"EntryPoint","urlTemplate":"https:\/\/www.bellunopress.it\/?s={search_term_string}"},"query-input":{"@type":"PropertyValueSpecification","valueRequired":true,"valueName":"search_term_string"}}],"inLanguage":"fr-FR"},{"@type":"Organization","@id":"https:\/\/www.bellunopress.it\/#organization","name":"Bellunopress","url":"https:\/\/www.bellunopress.it\/","logo":{"@type":"ImageObject","inLanguage":"fr-FR","@id":"https:\/\/www.bellunopress.it\/#\/schema\/logo\/image\/","url":"https:\/\/www.bellunopress.it\/wp-content\/uploads\/2011\/05\/cropped-logo-bellunopress-.jpg","contentUrl":"https:\/\/www.bellunopress.it\/wp-content\/uploads\/2011\/05\/cropped-logo-bellunopress-.jpg","width":512,"height":512,"caption":"Bellunopress"},"image":{"@id":"https:\/\/www.bellunopress.it\/#\/schema\/logo\/image\/"},"sameAs":["https:\/\/www.facebook.com\/profile.php?id=100008943462799","https:\/\/x.com\/bellunopress","https:\/\/www.linkedin.com\/hp\/?dnr=JBzUWaJfMUw8vbXJJ2tVW5-I3jZKvC4wsoxE&amp;amp;amp;amp;amp;amp;trk=nav_responsive_tab_home","https:\/\/www.youtube.com\/channel\/UCxL0wu1uN0_3_7hGG0306cw"]},{"@type":"Person","@id":"https:\/\/www.bellunopress.it\/#\/schema\/person\/79bb06722b37ece1c03d3e94beb30d73","name":"r\u00e9daction","image":{"@type":"ImageObject","inLanguage":"fr-FR","@id":"https:\/\/secure.gravatar.com\/avatar\/37d968a2e67a6fd04c169c4bdef102d0bc5d31b2546345219e348575eb80e9a0?s=96&d=mm&r=g","url":"https:\/\/secure.gravatar.com\/avatar\/37d968a2e67a6fd04c169c4bdef102d0bc5d31b2546345219e348575eb80e9a0?s=96&d=mm&r=g","contentUrl":"https:\/\/secure.gravatar.com\/avatar\/37d968a2e67a6fd04c169c4bdef102d0bc5d31b2546345219e348575eb80e9a0?s=96&d=mm&r=g","caption":"redazione"},"sameAs":["http:\/\/www.bellunopress.it","https:\/\/x.com\/bellunopress"],"url":"https:\/\/www.bellunopress.it\/fr\/author\/redazione\/"}]}},"_links":{"self":[{"href":"https:\/\/www.bellunopress.it\/fr\/wp-json\/wp\/v2\/posts\/42578","targetHints":{"allow":["GET"]}}],"collection":[{"href":"https:\/\/www.bellunopress.it\/fr\/wp-json\/wp\/v2\/posts"}],"about":[{"href":"https:\/\/www.bellunopress.it\/fr\/wp-json\/wp\/v2\/types\/post"}],"author":[{"embeddable":true,"href":"https:\/\/www.bellunopress.it\/fr\/wp-json\/wp\/v2\/users\/2"}],"replies":[{"embeddable":true,"href":"https:\/\/www.bellunopress.it\/fr\/wp-json\/wp\/v2\/comments?post=42578"}],"version-history":[{"count":4,"href":"https:\/\/www.bellunopress.it\/fr\/wp-json\/wp\/v2\/posts\/42578\/revisions"}],"predecessor-version":[{"id":42582,"href":"https:\/\/www.bellunopress.it\/fr\/wp-json\/wp\/v2\/posts\/42578\/revisions\/42582"}],"wp:attachment":[{"href":"https:\/\/www.bellunopress.it\/fr\/wp-json\/wp\/v2\/media?parent=42578"}],"wp:term":[{"taxonomy":"category","embeddable":true,"href":"https:\/\/www.bellunopress.it\/fr\/wp-json\/wp\/v2\/categories?post=42578"},{"taxonomy":"post_tag","embeddable":true,"href":"https:\/\/www.bellunopress.it\/fr\/wp-json\/wp\/v2\/tags?post=42578"}],"curies":[{"name":"wp","href":"https:\/\/api.w.org\/{rel}","templated":true}]}}