{"id":41804,"date":"2012-09-07T15:34:59","date_gmt":"2012-09-07T14:34:59","guid":{"rendered":"http:\/\/www.bellunopress.it\/?p=41804"},"modified":"2012-09-07T15:34:59","modified_gmt":"2012-09-07T14:34:59","slug":"sabato-al-parco-citta-di-bologna-lo-stand-della-nuova-compagnia-teatrale-amatoriale-ilaria-pernigotti-la-crisi-bellunese-della-stagione-teatrale-un-soggetto-segua-il-teatro-professionale-laltr","status":"publish","type":"post","link":"https:\/\/www.bellunopress.it\/fr\/2012\/09\/07\/sabato-al-parco-citta-di-bologna-lo-stand-della-nuova-compagnia-teatrale-amatoriale-ilaria-pernigotti-la-crisi-bellunese-della-stagione-teatrale-un-soggetto-segua-il-teatro-professionale-laltr\/","title":{"rendered":"Sabato al Parco Citt\u00e0 di Bologna lo stand della nuova compagnia teatrale amatoriale. Ilaria Pernigotti: &#8220;La crisi bellunese della stagione teatrale? Un soggetto segua il teatro professionale, l&#8217;altro quello amatoriale!&#8221;"},"content":{"rendered":"<p><a href=\"http:\/\/www.bellunopress.it\/wp-content\/uploads\/2012\/09\/ilaria-pernigotti-1.jpg\"><img loading=\"lazy\" decoding=\"async\" class=\"alignleft size-full wp-image-41806\" title=\"ilaria pernigotti 1\" src=\"http:\/\/www.bellunopress.it\/wp-content\/uploads\/2012\/09\/ilaria-pernigotti-1.jpg\" alt=\"\" width=\"283\" height=\"290\" \/><\/a>\u00abSe il Teatro comunale di Belluno dovesse rimanere chiuso, sarebbe un grave danno alla cultura\u00bb. Lo afferma Ilaria Pernigotti, giovane insegnante di origine vicentina, 21 anni appena compiuti, allieva del maestro Giuliano Fracasso nel Coro orchestra di Vicenza dal 2006 al 2010, e iscritta al corso di \u201ccanto lirico\u201d della Scuola di musica \u201cMiari\u201d di Belluno. Un&#8217;artista dalle molte iniziative. Sua la rappresentazione teatrale tratta dai diari dei soldati e civili della I^ Guerra mondiale che andr\u00e0 in scena il 14 settembre nella Sala della Regola di Candide, con attori, i ragazzi della quinta superiore dell&#8217; Istituto \u201cLeonardo da Vinci\u201d di Belluno, in occasione del &#8220;Pellegrinaggio al Passo della Sentinella&#8221; organizzato dall&#8217; Ana di Comelico Superiore. in Comelico. Con la partecipazione straordinaria del &#8220;Coro Comelico&#8221; in un intreccio appassionante, di parole e musica. Per ultima la creazione di una compagnia teatrale amatoriale, con appello lanciato su Facebook, al quale hanno gi\u00e0 aderito una trentina di aspiranti attori\/attrici. \u00abInizier\u00f2 con il filone brillante\/comico, si prova due volte la settimana per un totale di 4 ore, pi\u00f9 l&#8217;impegno di imparare il copione, con l&#8217;obiettivo di andare in scena l&#8217;anno prossimo\u00bb. Il progetto completo sar\u00e0 illustrato sabato 8 settembre a Belluno, con uno stand al Parco Citt\u00e0 di Bologna dalle ore 10.30 alle 17.00. Prima prova prevista per il giorno 18 settembre al Centro Giovanni XXIII.<\/p>\n<p>Anche sulla questione che ha paralizzato la stagione teatrale bellunese Ilaria ha le idee molto chiare. \u00abQuello che sta succedendo a Belluno, si potrebbe risolvere con un \u201carmistizio\u201d tra i due contendenti: uno pu\u00f2 proseguire nel settore del teatro professionale e l&#8217;altro in quello amatoriale. Con benefici per entrambi. A Vicenza vi sono circa 60 compagnie amatoriali aderenti alla F.I.T.A. (Federazione Italiana Teatro Amatori), senza contare le formazioni musicali e altri enti teatrali non iscritti alla F.I.T.A. E gli enti preposti per la Cultura in citt\u00e0 e provincia, si sono equamente divisi i compiti. Non capisco perch\u00e9 a Belluno non possa avvenire lo stesso. Per questo motivo ho deciso di fondare una compagnia amatoriale, per poter contribuire a dare maggior slancio alla citt\u00e1 di Belluno. Una mia idea, sarebbe quella di rappresentare dei testi sulla nostra Cultura Popolare, ovvero, il Teatro Veneto, con autori come G. Gallina e, pi\u00f9 avanti, chiss\u00e1 magari C. Goldoni. Penso che il Teatro Veneto sia importante, perch\u00e8 racconta la nostra storia: la storia dei nostri padri e dei nostri paesi. Non voglio una Vicenza a Belluno, ma che Belluno prenda spunto da Vicenza, per creare stagioni teatrali varie, non esiste solo il Teatro Comunale e, quindi l&#8217;ambito professionale, esiste anche il mondo amatoriale, forse meno &#8220;tecnico&#8221;, pi\u00f9 &#8220;improvvisato&#8221;, artigianale, ma vissuto e, sinceramente, amato sia da chi lo fa, sia da chi lo viene a vedere.\u00bb<\/p>\n<p>\u00abIo credo che con la Cultura si possa vivere &#8211; conclude Ilaria Pernigotti &#8211; bench\u00e9 in Italia vi siano continui tagli. Una tendenza che io auspico si possa invertire\u00bb.<\/p>","protected":false},"excerpt":{"rendered":"<p>\u00abSe il Teatro comunale di Belluno dovesse rimanere chiuso, sarebbe un grave danno alla cultura\u00bb. Lo afferma Ilaria Pernigotti, giovane insegnante di origine vicentina, 21 anni appena compiuti, allieva del maestro Giuliano Fracasso nel Coro orchestra di Vicenza dal 2006 al 2010, e iscritta al corso di \u201ccanto lirico\u201d della Scuola di musica \u201cMiari\u201d di [&hellip;]<\/p>\n","protected":false},"author":2,"featured_media":0,"comment_status":"closed","ping_status":"open","sticky":false,"template":"","format":"standard","meta":{"footnotes":""},"categories":[3,26],"tags":[],"class_list":["post-41804","post","type-post","status-publish","format-standard","category-arte-cultura-spettacoli-scienza-archivi","category-prima-pagina"],"yoast_head":"<!-- This site is optimized with the Yoast SEO plugin v28.4 - https:\/\/yoast.com\/product\/yoast-seo-wordpress\/ -->\n<title>Sabato al Parco Citt\u00e0 di Bologna lo stand della nuova compagnia teatrale amatoriale. Ilaria Pernigotti: &quot;La crisi bellunese della stagione teatrale? Un soggetto segua il teatro professionale, l&#039;altro quello amatoriale!&quot;   - Bellunopress - Dolomiti<\/title>\n<meta name=\"robots\" content=\"index, follow, max-snippet:-1, max-image-preview:large, max-video-preview:-1\" \/>\n<link rel=\"canonical\" href=\"https:\/\/www.bellunopress.it\/fr\/2012\/09\/07\/sabato-al-parco-citta-di-bologna-lo-stand-della-nuova-compagnia-teatrale-amatoriale-ilaria-pernigotti-la-crisi-bellunese-della-stagione-teatrale-un-soggetto-segua-il-teatro-professionale-laltr\/\" \/>\n<meta property=\"og:locale\" content=\"fr_FR\" \/>\n<meta property=\"og:type\" content=\"article\" \/>\n<meta property=\"og:title\" content=\"Sabato al Parco Citt\u00e0 di Bologna lo stand della nuova compagnia teatrale amatoriale. Ilaria Pernigotti: &quot;La crisi bellunese della stagione teatrale? Un soggetto segua il teatro professionale, l&#039;altro quello amatoriale!&quot;   - Bellunopress - Dolomiti\" \/>\n<meta property=\"og:description\" content=\"\u00abSe il Teatro comunale di Belluno dovesse rimanere chiuso, sarebbe un grave danno alla cultura\u00bb. Lo afferma Ilaria Pernigotti, giovane insegnante di origine vicentina, 21 anni appena compiuti, allieva del maestro Giuliano Fracasso nel Coro orchestra di Vicenza dal 2006 al 2010, e iscritta al corso di \u201ccanto lirico\u201d della Scuola di musica \u201cMiari\u201d di [&hellip;]\" \/>\n<meta property=\"og:url\" content=\"https:\/\/www.bellunopress.it\/fr\/2012\/09\/07\/sabato-al-parco-citta-di-bologna-lo-stand-della-nuova-compagnia-teatrale-amatoriale-ilaria-pernigotti-la-crisi-bellunese-della-stagione-teatrale-un-soggetto-segua-il-teatro-professionale-laltr\/\" \/>\n<meta property=\"og:site_name\" content=\"Bellunopress - Dolomiti\" \/>\n<meta property=\"article:publisher\" content=\"https:\/\/www.facebook.com\/profile.php?id=100008943462799\" \/>\n<meta property=\"article:published_time\" content=\"2012-09-07T14:34:59+00:00\" \/>\n<meta property=\"og:image\" content=\"http:\/\/www.bellunopress.it\/wp-content\/uploads\/2012\/09\/ilaria-pernigotti-1.jpg\" \/>\n<meta name=\"author\" content=\"redazione\" \/>\n<meta name=\"twitter:card\" content=\"summary_large_image\" \/>\n<meta name=\"twitter:creator\" content=\"@bellunopress\" \/>\n<meta name=\"twitter:site\" content=\"@bellunopress\" \/>\n<meta name=\"twitter:label1\" content=\"\u00c9crit par\" \/>\n\t<meta name=\"twitter:data1\" content=\"redazione\" \/>\n\t<meta name=\"twitter:label2\" content=\"Dur\u00e9e de lecture estim\u00e9e\" \/>\n\t<meta name=\"twitter:data2\" content=\"2 minutes\" \/>\n<script type=\"application\/ld+json\" class=\"yoast-schema-graph\">{\"@context\":\"https:\\\/\\\/schema.org\",\"@graph\":[{\"@type\":\"Article\",\"@id\":\"https:\\\/\\\/www.bellunopress.it\\\/2012\\\/09\\\/07\\\/sabato-al-parco-citta-di-bologna-lo-stand-della-nuova-compagnia-teatrale-amatoriale-ilaria-pernigotti-la-crisi-bellunese-della-stagione-teatrale-un-soggetto-segua-il-teatro-professionale-laltr\\\/#article\",\"isPartOf\":{\"@id\":\"https:\\\/\\\/www.bellunopress.it\\\/2012\\\/09\\\/07\\\/sabato-al-parco-citta-di-bologna-lo-stand-della-nuova-compagnia-teatrale-amatoriale-ilaria-pernigotti-la-crisi-bellunese-della-stagione-teatrale-un-soggetto-segua-il-teatro-professionale-laltr\\\/\"},\"author\":{\"name\":\"redazione\",\"@id\":\"https:\\\/\\\/www.bellunopress.it\\\/#\\\/schema\\\/person\\\/79bb06722b37ece1c03d3e94beb30d73\"},\"headline\":\"Sabato al Parco Citt\u00e0 di Bologna lo stand della nuova compagnia teatrale amatoriale. Ilaria Pernigotti: &#8220;La crisi bellunese della stagione teatrale? Un soggetto segua il teatro professionale, l&#8217;altro quello amatoriale!&#8221;\",\"datePublished\":\"2012-09-07T14:34:59+00:00\",\"mainEntityOfPage\":{\"@id\":\"https:\\\/\\\/www.bellunopress.it\\\/2012\\\/09\\\/07\\\/sabato-al-parco-citta-di-bologna-lo-stand-della-nuova-compagnia-teatrale-amatoriale-ilaria-pernigotti-la-crisi-bellunese-della-stagione-teatrale-un-soggetto-segua-il-teatro-professionale-laltr\\\/\"},\"wordCount\":518,\"publisher\":{\"@id\":\"https:\\\/\\\/www.bellunopress.it\\\/#organization\"},\"image\":{\"@id\":\"https:\\\/\\\/www.bellunopress.it\\\/2012\\\/09\\\/07\\\/sabato-al-parco-citta-di-bologna-lo-stand-della-nuova-compagnia-teatrale-amatoriale-ilaria-pernigotti-la-crisi-bellunese-della-stagione-teatrale-un-soggetto-segua-il-teatro-professionale-laltr\\\/#primaryimage\"},\"thumbnailUrl\":\"http:\\\/\\\/www.bellunopress.it\\\/wp-content\\\/uploads\\\/2012\\\/09\\\/ilaria-pernigotti-1.jpg\",\"articleSection\":[\"Arte, Cultura, Spettacoli, Scienza\",\"Prima Pagina\"],\"inLanguage\":\"fr-FR\"},{\"@type\":\"WebPage\",\"@id\":\"https:\\\/\\\/www.bellunopress.it\\\/2012\\\/09\\\/07\\\/sabato-al-parco-citta-di-bologna-lo-stand-della-nuova-compagnia-teatrale-amatoriale-ilaria-pernigotti-la-crisi-bellunese-della-stagione-teatrale-un-soggetto-segua-il-teatro-professionale-laltr\\\/\",\"url\":\"https:\\\/\\\/www.bellunopress.it\\\/2012\\\/09\\\/07\\\/sabato-al-parco-citta-di-bologna-lo-stand-della-nuova-compagnia-teatrale-amatoriale-ilaria-pernigotti-la-crisi-bellunese-della-stagione-teatrale-un-soggetto-segua-il-teatro-professionale-laltr\\\/\",\"name\":\"Sabato al Parco Citt\u00e0 di Bologna lo stand della nuova compagnia teatrale amatoriale. Ilaria Pernigotti: \\\"La crisi bellunese della stagione teatrale? Un soggetto segua il teatro professionale, l'altro quello amatoriale!\\\" - Bellunopress - Dolomiti\",\"isPartOf\":{\"@id\":\"https:\\\/\\\/www.bellunopress.it\\\/#website\"},\"primaryImageOfPage\":{\"@id\":\"https:\\\/\\\/www.bellunopress.it\\\/2012\\\/09\\\/07\\\/sabato-al-parco-citta-di-bologna-lo-stand-della-nuova-compagnia-teatrale-amatoriale-ilaria-pernigotti-la-crisi-bellunese-della-stagione-teatrale-un-soggetto-segua-il-teatro-professionale-laltr\\\/#primaryimage\"},\"image\":{\"@id\":\"https:\\\/\\\/www.bellunopress.it\\\/2012\\\/09\\\/07\\\/sabato-al-parco-citta-di-bologna-lo-stand-della-nuova-compagnia-teatrale-amatoriale-ilaria-pernigotti-la-crisi-bellunese-della-stagione-teatrale-un-soggetto-segua-il-teatro-professionale-laltr\\\/#primaryimage\"},\"thumbnailUrl\":\"http:\\\/\\\/www.bellunopress.it\\\/wp-content\\\/uploads\\\/2012\\\/09\\\/ilaria-pernigotti-1.jpg\",\"datePublished\":\"2012-09-07T14:34:59+00:00\",\"breadcrumb\":{\"@id\":\"https:\\\/\\\/www.bellunopress.it\\\/2012\\\/09\\\/07\\\/sabato-al-parco-citta-di-bologna-lo-stand-della-nuova-compagnia-teatrale-amatoriale-ilaria-pernigotti-la-crisi-bellunese-della-stagione-teatrale-un-soggetto-segua-il-teatro-professionale-laltr\\\/#breadcrumb\"},\"inLanguage\":\"fr-FR\",\"potentialAction\":[{\"@type\":\"ReadAction\",\"target\":[\"https:\\\/\\\/www.bellunopress.it\\\/2012\\\/09\\\/07\\\/sabato-al-parco-citta-di-bologna-lo-stand-della-nuova-compagnia-teatrale-amatoriale-ilaria-pernigotti-la-crisi-bellunese-della-stagione-teatrale-un-soggetto-segua-il-teatro-professionale-laltr\\\/\"]}]},{\"@type\":\"ImageObject\",\"inLanguage\":\"fr-FR\",\"@id\":\"https:\\\/\\\/www.bellunopress.it\\\/2012\\\/09\\\/07\\\/sabato-al-parco-citta-di-bologna-lo-stand-della-nuova-compagnia-teatrale-amatoriale-ilaria-pernigotti-la-crisi-bellunese-della-stagione-teatrale-un-soggetto-segua-il-teatro-professionale-laltr\\\/#primaryimage\",\"url\":\"http:\\\/\\\/www.bellunopress.it\\\/wp-content\\\/uploads\\\/2012\\\/09\\\/ilaria-pernigotti-1.jpg\",\"contentUrl\":\"http:\\\/\\\/www.bellunopress.it\\\/wp-content\\\/uploads\\\/2012\\\/09\\\/ilaria-pernigotti-1.jpg\"},{\"@type\":\"BreadcrumbList\",\"@id\":\"https:\\\/\\\/www.bellunopress.it\\\/2012\\\/09\\\/07\\\/sabato-al-parco-citta-di-bologna-lo-stand-della-nuova-compagnia-teatrale-amatoriale-ilaria-pernigotti-la-crisi-bellunese-della-stagione-teatrale-un-soggetto-segua-il-teatro-professionale-laltr\\\/#breadcrumb\",\"itemListElement\":[{\"@type\":\"ListItem\",\"position\":1,\"name\":\"Home\",\"item\":\"https:\\\/\\\/www.bellunopress.it\\\/\"},{\"@type\":\"ListItem\",\"position\":2,\"name\":\"Sabato al Parco Citt\u00e0 di Bologna lo stand della nuova compagnia teatrale amatoriale. Ilaria Pernigotti: &#8220;La crisi bellunese della stagione teatrale? Un soggetto segua il teatro professionale, l&#8217;altro quello amatoriale!&#8221;\"}]},{\"@type\":\"WebSite\",\"@id\":\"https:\\\/\\\/www.bellunopress.it\\\/#website\",\"url\":\"https:\\\/\\\/www.bellunopress.it\\\/\",\"name\":\"Bellunopress - Dolomiti\",\"description\":\"e-mail: redazione@bellunopress.it\",\"publisher\":{\"@id\":\"https:\\\/\\\/www.bellunopress.it\\\/#organization\"},\"potentialAction\":[{\"@type\":\"SearchAction\",\"target\":{\"@type\":\"EntryPoint\",\"urlTemplate\":\"https:\\\/\\\/www.bellunopress.it\\\/?s={search_term_string}\"},\"query-input\":{\"@type\":\"PropertyValueSpecification\",\"valueRequired\":true,\"valueName\":\"search_term_string\"}}],\"inLanguage\":\"fr-FR\"},{\"@type\":\"Organization\",\"@id\":\"https:\\\/\\\/www.bellunopress.it\\\/#organization\",\"name\":\"Bellunopress\",\"url\":\"https:\\\/\\\/www.bellunopress.it\\\/\",\"logo\":{\"@type\":\"ImageObject\",\"inLanguage\":\"fr-FR\",\"@id\":\"https:\\\/\\\/www.bellunopress.it\\\/#\\\/schema\\\/logo\\\/image\\\/\",\"url\":\"https:\\\/\\\/www.bellunopress.it\\\/wp-content\\\/uploads\\\/2011\\\/05\\\/cropped-logo-bellunopress-.jpg\",\"contentUrl\":\"https:\\\/\\\/www.bellunopress.it\\\/wp-content\\\/uploads\\\/2011\\\/05\\\/cropped-logo-bellunopress-.jpg\",\"width\":512,\"height\":512,\"caption\":\"Bellunopress\"},\"image\":{\"@id\":\"https:\\\/\\\/www.bellunopress.it\\\/#\\\/schema\\\/logo\\\/image\\\/\"},\"sameAs\":[\"https:\\\/\\\/www.facebook.com\\\/profile.php?id=100008943462799\",\"https:\\\/\\\/x.com\\\/bellunopress\",\"https:\\\/\\\/www.linkedin.com\\\/hp\\\/?dnr=JBzUWaJfMUw8vbXJJ2tVW5-I3jZKvC4wsoxE&amp;amp;amp;amp;amp;amp;trk=nav_responsive_tab_home\",\"https:\\\/\\\/www.youtube.com\\\/channel\\\/UCxL0wu1uN0_3_7hGG0306cw\"]},{\"@type\":\"Person\",\"@id\":\"https:\\\/\\\/www.bellunopress.it\\\/#\\\/schema\\\/person\\\/79bb06722b37ece1c03d3e94beb30d73\",\"name\":\"redazione\",\"image\":{\"@type\":\"ImageObject\",\"inLanguage\":\"fr-FR\",\"@id\":\"https:\\\/\\\/secure.gravatar.com\\\/avatar\\\/37d968a2e67a6fd04c169c4bdef102d0bc5d31b2546345219e348575eb80e9a0?s=96&d=mm&r=g\",\"url\":\"https:\\\/\\\/secure.gravatar.com\\\/avatar\\\/37d968a2e67a6fd04c169c4bdef102d0bc5d31b2546345219e348575eb80e9a0?s=96&d=mm&r=g\",\"contentUrl\":\"https:\\\/\\\/secure.gravatar.com\\\/avatar\\\/37d968a2e67a6fd04c169c4bdef102d0bc5d31b2546345219e348575eb80e9a0?s=96&d=mm&r=g\",\"caption\":\"redazione\"},\"sameAs\":[\"http:\\\/\\\/www.bellunopress.it\",\"https:\\\/\\\/x.com\\\/bellunopress\"],\"url\":\"https:\\\/\\\/www.bellunopress.it\\\/fr\\\/author\\\/redazione\\\/\"}]}<\/script>\n<!-- \/ Yoast SEO plugin. -->","yoast_head_json":{"title":"Sabato al Parco Citt\u00e0 di Bologna lo stand della nuova compagnia teatrale amatoriale. Ilaria Pernigotti: \"La crisi bellunese della stagione teatrale? Un soggetto segua il teatro professionale, l'altro quello amatoriale!\"   - Bellunopress - Dolomiti","robots":{"index":"index","follow":"follow","max-snippet":"max-snippet:-1","max-image-preview":"max-image-preview:large","max-video-preview":"max-video-preview:-1"},"canonical":"https:\/\/www.bellunopress.it\/fr\/2012\/09\/07\/sabato-al-parco-citta-di-bologna-lo-stand-della-nuova-compagnia-teatrale-amatoriale-ilaria-pernigotti-la-crisi-bellunese-della-stagione-teatrale-un-soggetto-segua-il-teatro-professionale-laltr\/","og_locale":"fr_FR","og_type":"article","og_title":"Sabato al Parco Citt\u00e0 di Bologna lo stand della nuova compagnia teatrale amatoriale. Ilaria Pernigotti: \"La crisi bellunese della stagione teatrale? Un soggetto segua il teatro professionale, l'altro quello amatoriale!\"   - Bellunopress - Dolomiti","og_description":"\u00abSe il Teatro comunale di Belluno dovesse rimanere chiuso, sarebbe un grave danno alla cultura\u00bb. Lo afferma Ilaria Pernigotti, giovane insegnante di origine vicentina, 21 anni appena compiuti, allieva del maestro Giuliano Fracasso nel Coro orchestra di Vicenza dal 2006 al 2010, e iscritta al corso di \u201ccanto lirico\u201d della Scuola di musica \u201cMiari\u201d di [&hellip;]","og_url":"https:\/\/www.bellunopress.it\/fr\/2012\/09\/07\/sabato-al-parco-citta-di-bologna-lo-stand-della-nuova-compagnia-teatrale-amatoriale-ilaria-pernigotti-la-crisi-bellunese-della-stagione-teatrale-un-soggetto-segua-il-teatro-professionale-laltr\/","og_site_name":"Bellunopress - Dolomiti","article_publisher":"https:\/\/www.facebook.com\/profile.php?id=100008943462799","article_published_time":"2012-09-07T14:34:59+00:00","og_image":[{"url":"http:\/\/www.bellunopress.it\/wp-content\/uploads\/2012\/09\/ilaria-pernigotti-1.jpg","type":"","width":"","height":""}],"author":"redazione","twitter_card":"summary_large_image","twitter_creator":"@bellunopress","twitter_site":"@bellunopress","twitter_misc":{"\u00c9crit par":"redazione","Dur\u00e9e de lecture estim\u00e9e":"2 minutes"},"schema":{"@context":"https:\/\/schema.org","@graph":[{"@type":"Article","@id":"https:\/\/www.bellunopress.it\/2012\/09\/07\/sabato-al-parco-citta-di-bologna-lo-stand-della-nuova-compagnia-teatrale-amatoriale-ilaria-pernigotti-la-crisi-bellunese-della-stagione-teatrale-un-soggetto-segua-il-teatro-professionale-laltr\/#article","isPartOf":{"@id":"https:\/\/www.bellunopress.it\/2012\/09\/07\/sabato-al-parco-citta-di-bologna-lo-stand-della-nuova-compagnia-teatrale-amatoriale-ilaria-pernigotti-la-crisi-bellunese-della-stagione-teatrale-un-soggetto-segua-il-teatro-professionale-laltr\/"},"author":{"name":"redazione","@id":"https:\/\/www.bellunopress.it\/#\/schema\/person\/79bb06722b37ece1c03d3e94beb30d73"},"headline":"Sabato al Parco Citt\u00e0 di Bologna lo stand della nuova compagnia teatrale amatoriale. Ilaria Pernigotti: &#8220;La crisi bellunese della stagione teatrale? Un soggetto segua il teatro professionale, l&#8217;altro quello amatoriale!&#8221;","datePublished":"2012-09-07T14:34:59+00:00","mainEntityOfPage":{"@id":"https:\/\/www.bellunopress.it\/2012\/09\/07\/sabato-al-parco-citta-di-bologna-lo-stand-della-nuova-compagnia-teatrale-amatoriale-ilaria-pernigotti-la-crisi-bellunese-della-stagione-teatrale-un-soggetto-segua-il-teatro-professionale-laltr\/"},"wordCount":518,"publisher":{"@id":"https:\/\/www.bellunopress.it\/#organization"},"image":{"@id":"https:\/\/www.bellunopress.it\/2012\/09\/07\/sabato-al-parco-citta-di-bologna-lo-stand-della-nuova-compagnia-teatrale-amatoriale-ilaria-pernigotti-la-crisi-bellunese-della-stagione-teatrale-un-soggetto-segua-il-teatro-professionale-laltr\/#primaryimage"},"thumbnailUrl":"http:\/\/www.bellunopress.it\/wp-content\/uploads\/2012\/09\/ilaria-pernigotti-1.jpg","articleSection":["Arte, Cultura, Spettacoli, Scienza","Prima Pagina"],"inLanguage":"fr-FR"},{"@type":"WebPage","@id":"https:\/\/www.bellunopress.it\/2012\/09\/07\/sabato-al-parco-citta-di-bologna-lo-stand-della-nuova-compagnia-teatrale-amatoriale-ilaria-pernigotti-la-crisi-bellunese-della-stagione-teatrale-un-soggetto-segua-il-teatro-professionale-laltr\/","url":"https:\/\/www.bellunopress.it\/2012\/09\/07\/sabato-al-parco-citta-di-bologna-lo-stand-della-nuova-compagnia-teatrale-amatoriale-ilaria-pernigotti-la-crisi-bellunese-della-stagione-teatrale-un-soggetto-segua-il-teatro-professionale-laltr\/","name":"Sabato al Parco Citt\u00e0 di Bologna lo stand della nuova compagnia teatrale amatoriale. Ilaria Pernigotti: \"La crisi bellunese della stagione teatrale? Un soggetto segua il teatro professionale, l'altro quello amatoriale!\" - Bellunopress - Dolomiti","isPartOf":{"@id":"https:\/\/www.bellunopress.it\/#website"},"primaryImageOfPage":{"@id":"https:\/\/www.bellunopress.it\/2012\/09\/07\/sabato-al-parco-citta-di-bologna-lo-stand-della-nuova-compagnia-teatrale-amatoriale-ilaria-pernigotti-la-crisi-bellunese-della-stagione-teatrale-un-soggetto-segua-il-teatro-professionale-laltr\/#primaryimage"},"image":{"@id":"https:\/\/www.bellunopress.it\/2012\/09\/07\/sabato-al-parco-citta-di-bologna-lo-stand-della-nuova-compagnia-teatrale-amatoriale-ilaria-pernigotti-la-crisi-bellunese-della-stagione-teatrale-un-soggetto-segua-il-teatro-professionale-laltr\/#primaryimage"},"thumbnailUrl":"http:\/\/www.bellunopress.it\/wp-content\/uploads\/2012\/09\/ilaria-pernigotti-1.jpg","datePublished":"2012-09-07T14:34:59+00:00","breadcrumb":{"@id":"https:\/\/www.bellunopress.it\/2012\/09\/07\/sabato-al-parco-citta-di-bologna-lo-stand-della-nuova-compagnia-teatrale-amatoriale-ilaria-pernigotti-la-crisi-bellunese-della-stagione-teatrale-un-soggetto-segua-il-teatro-professionale-laltr\/#breadcrumb"},"inLanguage":"fr-FR","potentialAction":[{"@type":"ReadAction","target":["https:\/\/www.bellunopress.it\/2012\/09\/07\/sabato-al-parco-citta-di-bologna-lo-stand-della-nuova-compagnia-teatrale-amatoriale-ilaria-pernigotti-la-crisi-bellunese-della-stagione-teatrale-un-soggetto-segua-il-teatro-professionale-laltr\/"]}]},{"@type":"ImageObject","inLanguage":"fr-FR","@id":"https:\/\/www.bellunopress.it\/2012\/09\/07\/sabato-al-parco-citta-di-bologna-lo-stand-della-nuova-compagnia-teatrale-amatoriale-ilaria-pernigotti-la-crisi-bellunese-della-stagione-teatrale-un-soggetto-segua-il-teatro-professionale-laltr\/#primaryimage","url":"http:\/\/www.bellunopress.it\/wp-content\/uploads\/2012\/09\/ilaria-pernigotti-1.jpg","contentUrl":"http:\/\/www.bellunopress.it\/wp-content\/uploads\/2012\/09\/ilaria-pernigotti-1.jpg"},{"@type":"BreadcrumbList","@id":"https:\/\/www.bellunopress.it\/2012\/09\/07\/sabato-al-parco-citta-di-bologna-lo-stand-della-nuova-compagnia-teatrale-amatoriale-ilaria-pernigotti-la-crisi-bellunese-della-stagione-teatrale-un-soggetto-segua-il-teatro-professionale-laltr\/#breadcrumb","itemListElement":[{"@type":"ListItem","position":1,"name":"Home","item":"https:\/\/www.bellunopress.it\/"},{"@type":"ListItem","position":2,"name":"Sabato al Parco Citt\u00e0 di Bologna lo stand della nuova compagnia teatrale amatoriale. Ilaria Pernigotti: &#8220;La crisi bellunese della stagione teatrale? Un soggetto segua il teatro professionale, l&#8217;altro quello amatoriale!&#8221;"}]},{"@type":"WebSite","@id":"https:\/\/www.bellunopress.it\/#website","url":"https:\/\/www.bellunopress.it\/","name":"Bellunopress - Dolomiti","description":"e-mail: redazione@bellunopress.it","publisher":{"@id":"https:\/\/www.bellunopress.it\/#organization"},"potentialAction":[{"@type":"SearchAction","target":{"@type":"EntryPoint","urlTemplate":"https:\/\/www.bellunopress.it\/?s={search_term_string}"},"query-input":{"@type":"PropertyValueSpecification","valueRequired":true,"valueName":"search_term_string"}}],"inLanguage":"fr-FR"},{"@type":"Organization","@id":"https:\/\/www.bellunopress.it\/#organization","name":"Bellunopress","url":"https:\/\/www.bellunopress.it\/","logo":{"@type":"ImageObject","inLanguage":"fr-FR","@id":"https:\/\/www.bellunopress.it\/#\/schema\/logo\/image\/","url":"https:\/\/www.bellunopress.it\/wp-content\/uploads\/2011\/05\/cropped-logo-bellunopress-.jpg","contentUrl":"https:\/\/www.bellunopress.it\/wp-content\/uploads\/2011\/05\/cropped-logo-bellunopress-.jpg","width":512,"height":512,"caption":"Bellunopress"},"image":{"@id":"https:\/\/www.bellunopress.it\/#\/schema\/logo\/image\/"},"sameAs":["https:\/\/www.facebook.com\/profile.php?id=100008943462799","https:\/\/x.com\/bellunopress","https:\/\/www.linkedin.com\/hp\/?dnr=JBzUWaJfMUw8vbXJJ2tVW5-I3jZKvC4wsoxE&amp;amp;amp;amp;amp;amp;trk=nav_responsive_tab_home","https:\/\/www.youtube.com\/channel\/UCxL0wu1uN0_3_7hGG0306cw"]},{"@type":"Person","@id":"https:\/\/www.bellunopress.it\/#\/schema\/person\/79bb06722b37ece1c03d3e94beb30d73","name":"r\u00e9daction","image":{"@type":"ImageObject","inLanguage":"fr-FR","@id":"https:\/\/secure.gravatar.com\/avatar\/37d968a2e67a6fd04c169c4bdef102d0bc5d31b2546345219e348575eb80e9a0?s=96&d=mm&r=g","url":"https:\/\/secure.gravatar.com\/avatar\/37d968a2e67a6fd04c169c4bdef102d0bc5d31b2546345219e348575eb80e9a0?s=96&d=mm&r=g","contentUrl":"https:\/\/secure.gravatar.com\/avatar\/37d968a2e67a6fd04c169c4bdef102d0bc5d31b2546345219e348575eb80e9a0?s=96&d=mm&r=g","caption":"redazione"},"sameAs":["http:\/\/www.bellunopress.it","https:\/\/x.com\/bellunopress"],"url":"https:\/\/www.bellunopress.it\/fr\/author\/redazione\/"}]}},"_links":{"self":[{"href":"https:\/\/www.bellunopress.it\/fr\/wp-json\/wp\/v2\/posts\/41804","targetHints":{"allow":["GET"]}}],"collection":[{"href":"https:\/\/www.bellunopress.it\/fr\/wp-json\/wp\/v2\/posts"}],"about":[{"href":"https:\/\/www.bellunopress.it\/fr\/wp-json\/wp\/v2\/types\/post"}],"author":[{"embeddable":true,"href":"https:\/\/www.bellunopress.it\/fr\/wp-json\/wp\/v2\/users\/2"}],"replies":[{"embeddable":true,"href":"https:\/\/www.bellunopress.it\/fr\/wp-json\/wp\/v2\/comments?post=41804"}],"version-history":[{"count":1,"href":"https:\/\/www.bellunopress.it\/fr\/wp-json\/wp\/v2\/posts\/41804\/revisions"}],"predecessor-version":[{"id":41807,"href":"https:\/\/www.bellunopress.it\/fr\/wp-json\/wp\/v2\/posts\/41804\/revisions\/41807"}],"wp:attachment":[{"href":"https:\/\/www.bellunopress.it\/fr\/wp-json\/wp\/v2\/media?parent=41804"}],"wp:term":[{"taxonomy":"category","embeddable":true,"href":"https:\/\/www.bellunopress.it\/fr\/wp-json\/wp\/v2\/categories?post=41804"},{"taxonomy":"post_tag","embeddable":true,"href":"https:\/\/www.bellunopress.it\/fr\/wp-json\/wp\/v2\/tags?post=41804"}],"curies":[{"name":"wp","href":"https:\/\/api.w.org\/{rel}","templated":true}]}}