{"id":41796,"date":"2012-09-06T20:17:36","date_gmt":"2012-09-06T19:17:36","guid":{"rendered":"http:\/\/www.bellunopress.it\/?p=41796"},"modified":"2012-09-06T20:18:48","modified_gmt":"2012-09-06T19:18:48","slug":"oscar-de-bona-eletto-presidente-dellassociazione-bellunesi-nel-mondo","status":"publish","type":"post","link":"https:\/\/www.bellunopress.it\/fr\/2012\/09\/06\/oscar-de-bona-eletto-presidente-dellassociazione-bellunesi-nel-mondo\/","title":{"rendered":"Oscar De Bona eletto presidente dell&#8217;Associazione Bellunesi nel mondo"},"content":{"rendered":"<div>\n<figure id=\"attachment_41797\" aria-describedby=\"caption-attachment-41797\" style=\"width: 230px\" class=\"wp-caption alignleft\"><a href=\"http:\/\/www.bellunopress.it\/wp-content\/uploads\/2012\/09\/oscar-de-bona-1.jpg\"><img loading=\"lazy\" decoding=\"async\" class=\"size-full wp-image-41797\" title=\"oscar de bona 1\" src=\"http:\/\/www.bellunopress.it\/wp-content\/uploads\/2012\/09\/oscar-de-bona-1.jpg\" alt=\"\" width=\"230\" height=\"290\" \/><\/a><figcaption id=\"caption-attachment-41797\" class=\"wp-caption-text\">Oscar De Bona<\/figcaption><\/figure>\n<p>Gioved\u00ec 6 settembre, alle ore 17, si \u00e8 riunito il nuovo Consiglio Direttivo dell\u2019Associazione Bellunesi nel Mondo, eletto dall\u2019assemblea del 21 luglio, per provvedere ai primi fondamentali adempimenti statutari. Presieduto dalla vicepresidente uscente Patrizia Burigo il Consiglio, una volta insediatosi, ha provveduto prima di tutto all\u2019elezione del nuovo presidente.<\/p><\/div>\n<div>Dopo i ringraziamenti per l\u2019ottimo lavoro svolto dal precedente presidente, Giaochino Bratti &#8211; al quale sono state evidenziate le sue capacit\u00e0, il suo grande impegno e l\u2019amore per l\u2019associazione &#8211; e dal suo esecutivo, la parola \u00e8 passata a diversi consiglieri: Ivano Foch, Irene Savaris, Arrigo Galli, Ivan Perotto, Patrizia Burigo, Angelo Paganin, Oscar De Bona, Renato De Fanti ed Emilio Dalle Mule<\/div>\n<div>Ognuno di loro ha portato le proprie indicazioni per la scelta del nuovo presidente.<\/div>\n<div>Si \u00e8 passati quindi all\u2019elezione che ha decretato come nuovo presidente dell\u2019Associazione Bellunesi nel Mondo Oscar De Bona. Queste le sue prime parole al momento dell\u2019elezione: \u201cMi riempie il cuore ricevere questo incarico e lo voglio svolgere con entusiasmo e grande passione. Quella stessa passione che l\u2019Associazione Bellunesi nel Mondo mi ha trasmesso sin dall\u2019inizio\u201d.<\/div>\n<div>Successivamente \u00e8 stata eletta come vice presidente vicario Patrizia Burigo, mentre la carica di vice presidente \u00e8 stata assunta da Rino Budel.<\/div>\n<div>L\u2019ultima parte delle elezioni ha coinvolto la nomina dei quattro consiglieri dell\u2019esecutivo. Sono stati\u00a0eletti Emilio Dalle Mule, Patricia Madalozzo, Patrizio De Martin e Angelo Paganin.<\/div>\n<div>Alla guida della rivista \u201cBellunesi nel Mondo\u201d \u00e8 stato confermato Vincenzo Barcelloni Corte, presidente\u00a0onorario dell\u2019Associazione Bellunesi nel Mondo.<\/div>","protected":false},"excerpt":{"rendered":"<p>Gioved\u00ec 6 settembre, alle ore 17, si \u00e8 riunito il nuovo Consiglio Direttivo dell\u2019Associazione Bellunesi nel Mondo, eletto dall\u2019assemblea del 21 luglio, per provvedere ai primi fondamentali adempimenti statutari. Presieduto dalla vicepresidente uscente Patrizia Burigo il Consiglio, una volta insediatosi, ha provveduto prima di tutto all\u2019elezione del nuovo presidente. Dopo i ringraziamenti per l\u2019ottimo lavoro [&hellip;]<\/p>\n","protected":false},"author":2,"featured_media":0,"comment_status":"closed","ping_status":"open","sticky":false,"template":"","format":"standard","meta":{"footnotes":""},"categories":[26,8],"tags":[],"class_list":["post-41796","post","type-post","status-publish","format-standard","category-prima-pagina","category-societa-istituzioni"],"yoast_head":"<!-- This site is optimized with the Yoast SEO plugin v28.4 - https:\/\/yoast.com\/product\/yoast-seo-wordpress\/ -->\n<title>Oscar De Bona eletto presidente dell&#039;Associazione Bellunesi nel mondo - Bellunopress - Dolomiti<\/title>\n<meta name=\"robots\" content=\"index, follow, max-snippet:-1, max-image-preview:large, max-video-preview:-1\" \/>\n<link rel=\"canonical\" href=\"https:\/\/www.bellunopress.it\/fr\/2012\/09\/06\/oscar-de-bona-eletto-presidente-dellassociazione-bellunesi-nel-mondo\/\" \/>\n<meta property=\"og:locale\" content=\"fr_FR\" \/>\n<meta property=\"og:type\" content=\"article\" \/>\n<meta property=\"og:title\" content=\"Oscar De Bona eletto presidente dell&#039;Associazione Bellunesi nel mondo - Bellunopress - Dolomiti\" \/>\n<meta property=\"og:description\" content=\"Gioved\u00ec 6 settembre, alle ore 17, si \u00e8 riunito il nuovo Consiglio Direttivo dell\u2019Associazione Bellunesi nel Mondo, eletto dall\u2019assemblea del 21 luglio, per provvedere ai primi fondamentali adempimenti statutari. Presieduto dalla vicepresidente uscente Patrizia Burigo il Consiglio, una volta insediatosi, ha provveduto prima di tutto all\u2019elezione del nuovo presidente. Dopo i ringraziamenti per l\u2019ottimo lavoro [&hellip;]\" \/>\n<meta property=\"og:url\" content=\"https:\/\/www.bellunopress.it\/fr\/2012\/09\/06\/oscar-de-bona-eletto-presidente-dellassociazione-bellunesi-nel-mondo\/\" \/>\n<meta property=\"og:site_name\" content=\"Bellunopress - Dolomiti\" \/>\n<meta property=\"article:publisher\" content=\"https:\/\/www.facebook.com\/profile.php?id=100008943462799\" \/>\n<meta property=\"article:published_time\" content=\"2012-09-06T19:17:36+00:00\" \/>\n<meta property=\"article:modified_time\" content=\"2012-09-06T19:18:48+00:00\" \/>\n<meta property=\"og:image\" content=\"http:\/\/www.bellunopress.it\/wp-content\/uploads\/2012\/09\/oscar-de-bona-1.jpg\" \/>\n<meta name=\"author\" content=\"redazione\" \/>\n<meta name=\"twitter:card\" content=\"summary_large_image\" \/>\n<meta name=\"twitter:creator\" content=\"@bellunopress\" \/>\n<meta name=\"twitter:site\" content=\"@bellunopress\" \/>\n<meta name=\"twitter:label1\" content=\"\u00c9crit par\" \/>\n\t<meta name=\"twitter:data1\" content=\"redazione\" \/>\n\t<meta name=\"twitter:label2\" content=\"Dur\u00e9e de lecture estim\u00e9e\" \/>\n\t<meta name=\"twitter:data2\" content=\"1 minute\" \/>\n<script type=\"application\/ld+json\" class=\"yoast-schema-graph\">{\"@context\":\"https:\\\/\\\/schema.org\",\"@graph\":[{\"@type\":\"Article\",\"@id\":\"https:\\\/\\\/www.bellunopress.it\\\/2012\\\/09\\\/06\\\/oscar-de-bona-eletto-presidente-dellassociazione-bellunesi-nel-mondo\\\/#article\",\"isPartOf\":{\"@id\":\"https:\\\/\\\/www.bellunopress.it\\\/2012\\\/09\\\/06\\\/oscar-de-bona-eletto-presidente-dellassociazione-bellunesi-nel-mondo\\\/\"},\"author\":{\"name\":\"redazione\",\"@id\":\"https:\\\/\\\/www.bellunopress.it\\\/#\\\/schema\\\/person\\\/79bb06722b37ece1c03d3e94beb30d73\"},\"headline\":\"Oscar De Bona eletto presidente dell&#8217;Associazione Bellunesi nel mondo\",\"datePublished\":\"2012-09-06T19:17:36+00:00\",\"dateModified\":\"2012-09-06T19:18:48+00:00\",\"mainEntityOfPage\":{\"@id\":\"https:\\\/\\\/www.bellunopress.it\\\/2012\\\/09\\\/06\\\/oscar-de-bona-eletto-presidente-dellassociazione-bellunesi-nel-mondo\\\/\"},\"wordCount\":273,\"publisher\":{\"@id\":\"https:\\\/\\\/www.bellunopress.it\\\/#organization\"},\"image\":{\"@id\":\"https:\\\/\\\/www.bellunopress.it\\\/2012\\\/09\\\/06\\\/oscar-de-bona-eletto-presidente-dellassociazione-bellunesi-nel-mondo\\\/#primaryimage\"},\"thumbnailUrl\":\"http:\\\/\\\/www.bellunopress.it\\\/wp-content\\\/uploads\\\/2012\\\/09\\\/oscar-de-bona-1.jpg\",\"articleSection\":[\"Prima Pagina\",\"Societ\u00e0, Associazioni, Istituzioni\"],\"inLanguage\":\"fr-FR\"},{\"@type\":\"WebPage\",\"@id\":\"https:\\\/\\\/www.bellunopress.it\\\/2012\\\/09\\\/06\\\/oscar-de-bona-eletto-presidente-dellassociazione-bellunesi-nel-mondo\\\/\",\"url\":\"https:\\\/\\\/www.bellunopress.it\\\/2012\\\/09\\\/06\\\/oscar-de-bona-eletto-presidente-dellassociazione-bellunesi-nel-mondo\\\/\",\"name\":\"Oscar De Bona eletto presidente dell'Associazione Bellunesi nel mondo - Bellunopress - Dolomiti\",\"isPartOf\":{\"@id\":\"https:\\\/\\\/www.bellunopress.it\\\/#website\"},\"primaryImageOfPage\":{\"@id\":\"https:\\\/\\\/www.bellunopress.it\\\/2012\\\/09\\\/06\\\/oscar-de-bona-eletto-presidente-dellassociazione-bellunesi-nel-mondo\\\/#primaryimage\"},\"image\":{\"@id\":\"https:\\\/\\\/www.bellunopress.it\\\/2012\\\/09\\\/06\\\/oscar-de-bona-eletto-presidente-dellassociazione-bellunesi-nel-mondo\\\/#primaryimage\"},\"thumbnailUrl\":\"http:\\\/\\\/www.bellunopress.it\\\/wp-content\\\/uploads\\\/2012\\\/09\\\/oscar-de-bona-1.jpg\",\"datePublished\":\"2012-09-06T19:17:36+00:00\",\"dateModified\":\"2012-09-06T19:18:48+00:00\",\"breadcrumb\":{\"@id\":\"https:\\\/\\\/www.bellunopress.it\\\/2012\\\/09\\\/06\\\/oscar-de-bona-eletto-presidente-dellassociazione-bellunesi-nel-mondo\\\/#breadcrumb\"},\"inLanguage\":\"fr-FR\",\"potentialAction\":[{\"@type\":\"ReadAction\",\"target\":[\"https:\\\/\\\/www.bellunopress.it\\\/2012\\\/09\\\/06\\\/oscar-de-bona-eletto-presidente-dellassociazione-bellunesi-nel-mondo\\\/\"]}]},{\"@type\":\"ImageObject\",\"inLanguage\":\"fr-FR\",\"@id\":\"https:\\\/\\\/www.bellunopress.it\\\/2012\\\/09\\\/06\\\/oscar-de-bona-eletto-presidente-dellassociazione-bellunesi-nel-mondo\\\/#primaryimage\",\"url\":\"http:\\\/\\\/www.bellunopress.it\\\/wp-content\\\/uploads\\\/2012\\\/09\\\/oscar-de-bona-1.jpg\",\"contentUrl\":\"http:\\\/\\\/www.bellunopress.it\\\/wp-content\\\/uploads\\\/2012\\\/09\\\/oscar-de-bona-1.jpg\"},{\"@type\":\"BreadcrumbList\",\"@id\":\"https:\\\/\\\/www.bellunopress.it\\\/2012\\\/09\\\/06\\\/oscar-de-bona-eletto-presidente-dellassociazione-bellunesi-nel-mondo\\\/#breadcrumb\",\"itemListElement\":[{\"@type\":\"ListItem\",\"position\":1,\"name\":\"Home\",\"item\":\"https:\\\/\\\/www.bellunopress.it\\\/\"},{\"@type\":\"ListItem\",\"position\":2,\"name\":\"Oscar De Bona eletto presidente dell&#8217;Associazione Bellunesi nel mondo\"}]},{\"@type\":\"WebSite\",\"@id\":\"https:\\\/\\\/www.bellunopress.it\\\/#website\",\"url\":\"https:\\\/\\\/www.bellunopress.it\\\/\",\"name\":\"Bellunopress - Dolomiti\",\"description\":\"e-mail: redazione@bellunopress.it\",\"publisher\":{\"@id\":\"https:\\\/\\\/www.bellunopress.it\\\/#organization\"},\"potentialAction\":[{\"@type\":\"SearchAction\",\"target\":{\"@type\":\"EntryPoint\",\"urlTemplate\":\"https:\\\/\\\/www.bellunopress.it\\\/?s={search_term_string}\"},\"query-input\":{\"@type\":\"PropertyValueSpecification\",\"valueRequired\":true,\"valueName\":\"search_term_string\"}}],\"inLanguage\":\"fr-FR\"},{\"@type\":\"Organization\",\"@id\":\"https:\\\/\\\/www.bellunopress.it\\\/#organization\",\"name\":\"Bellunopress\",\"url\":\"https:\\\/\\\/www.bellunopress.it\\\/\",\"logo\":{\"@type\":\"ImageObject\",\"inLanguage\":\"fr-FR\",\"@id\":\"https:\\\/\\\/www.bellunopress.it\\\/#\\\/schema\\\/logo\\\/image\\\/\",\"url\":\"https:\\\/\\\/www.bellunopress.it\\\/wp-content\\\/uploads\\\/2011\\\/05\\\/cropped-logo-bellunopress-.jpg\",\"contentUrl\":\"https:\\\/\\\/www.bellunopress.it\\\/wp-content\\\/uploads\\\/2011\\\/05\\\/cropped-logo-bellunopress-.jpg\",\"width\":512,\"height\":512,\"caption\":\"Bellunopress\"},\"image\":{\"@id\":\"https:\\\/\\\/www.bellunopress.it\\\/#\\\/schema\\\/logo\\\/image\\\/\"},\"sameAs\":[\"https:\\\/\\\/www.facebook.com\\\/profile.php?id=100008943462799\",\"https:\\\/\\\/x.com\\\/bellunopress\",\"https:\\\/\\\/www.linkedin.com\\\/hp\\\/?dnr=JBzUWaJfMUw8vbXJJ2tVW5-I3jZKvC4wsoxE&amp;amp;amp;amp;amp;amp;trk=nav_responsive_tab_home\",\"https:\\\/\\\/www.youtube.com\\\/channel\\\/UCxL0wu1uN0_3_7hGG0306cw\"]},{\"@type\":\"Person\",\"@id\":\"https:\\\/\\\/www.bellunopress.it\\\/#\\\/schema\\\/person\\\/79bb06722b37ece1c03d3e94beb30d73\",\"name\":\"redazione\",\"image\":{\"@type\":\"ImageObject\",\"inLanguage\":\"fr-FR\",\"@id\":\"https:\\\/\\\/secure.gravatar.com\\\/avatar\\\/37d968a2e67a6fd04c169c4bdef102d0bc5d31b2546345219e348575eb80e9a0?s=96&d=mm&r=g\",\"url\":\"https:\\\/\\\/secure.gravatar.com\\\/avatar\\\/37d968a2e67a6fd04c169c4bdef102d0bc5d31b2546345219e348575eb80e9a0?s=96&d=mm&r=g\",\"contentUrl\":\"https:\\\/\\\/secure.gravatar.com\\\/avatar\\\/37d968a2e67a6fd04c169c4bdef102d0bc5d31b2546345219e348575eb80e9a0?s=96&d=mm&r=g\",\"caption\":\"redazione\"},\"sameAs\":[\"http:\\\/\\\/www.bellunopress.it\",\"https:\\\/\\\/x.com\\\/bellunopress\"],\"url\":\"https:\\\/\\\/www.bellunopress.it\\\/fr\\\/author\\\/redazione\\\/\"}]}<\/script>\n<!-- \/ Yoast SEO plugin. -->","yoast_head_json":{"title":"Oscar De Bona eletto presidente dell'Associazione Bellunesi nel mondo - Bellunopress - Dolomiti","robots":{"index":"index","follow":"follow","max-snippet":"max-snippet:-1","max-image-preview":"max-image-preview:large","max-video-preview":"max-video-preview:-1"},"canonical":"https:\/\/www.bellunopress.it\/fr\/2012\/09\/06\/oscar-de-bona-eletto-presidente-dellassociazione-bellunesi-nel-mondo\/","og_locale":"fr_FR","og_type":"article","og_title":"Oscar De Bona eletto presidente dell'Associazione Bellunesi nel mondo - Bellunopress - Dolomiti","og_description":"Gioved\u00ec 6 settembre, alle ore 17, si \u00e8 riunito il nuovo Consiglio Direttivo dell\u2019Associazione Bellunesi nel Mondo, eletto dall\u2019assemblea del 21 luglio, per provvedere ai primi fondamentali adempimenti statutari. Presieduto dalla vicepresidente uscente Patrizia Burigo il Consiglio, una volta insediatosi, ha provveduto prima di tutto all\u2019elezione del nuovo presidente. Dopo i ringraziamenti per l\u2019ottimo lavoro [&hellip;]","og_url":"https:\/\/www.bellunopress.it\/fr\/2012\/09\/06\/oscar-de-bona-eletto-presidente-dellassociazione-bellunesi-nel-mondo\/","og_site_name":"Bellunopress - Dolomiti","article_publisher":"https:\/\/www.facebook.com\/profile.php?id=100008943462799","article_published_time":"2012-09-06T19:17:36+00:00","article_modified_time":"2012-09-06T19:18:48+00:00","og_image":[{"url":"http:\/\/www.bellunopress.it\/wp-content\/uploads\/2012\/09\/oscar-de-bona-1.jpg","type":"","width":"","height":""}],"author":"redazione","twitter_card":"summary_large_image","twitter_creator":"@bellunopress","twitter_site":"@bellunopress","twitter_misc":{"\u00c9crit par":"redazione","Dur\u00e9e de lecture estim\u00e9e":"1 minute"},"schema":{"@context":"https:\/\/schema.org","@graph":[{"@type":"Article","@id":"https:\/\/www.bellunopress.it\/2012\/09\/06\/oscar-de-bona-eletto-presidente-dellassociazione-bellunesi-nel-mondo\/#article","isPartOf":{"@id":"https:\/\/www.bellunopress.it\/2012\/09\/06\/oscar-de-bona-eletto-presidente-dellassociazione-bellunesi-nel-mondo\/"},"author":{"name":"redazione","@id":"https:\/\/www.bellunopress.it\/#\/schema\/person\/79bb06722b37ece1c03d3e94beb30d73"},"headline":"Oscar De Bona eletto presidente dell&#8217;Associazione Bellunesi nel mondo","datePublished":"2012-09-06T19:17:36+00:00","dateModified":"2012-09-06T19:18:48+00:00","mainEntityOfPage":{"@id":"https:\/\/www.bellunopress.it\/2012\/09\/06\/oscar-de-bona-eletto-presidente-dellassociazione-bellunesi-nel-mondo\/"},"wordCount":273,"publisher":{"@id":"https:\/\/www.bellunopress.it\/#organization"},"image":{"@id":"https:\/\/www.bellunopress.it\/2012\/09\/06\/oscar-de-bona-eletto-presidente-dellassociazione-bellunesi-nel-mondo\/#primaryimage"},"thumbnailUrl":"http:\/\/www.bellunopress.it\/wp-content\/uploads\/2012\/09\/oscar-de-bona-1.jpg","articleSection":["Prima Pagina","Societ\u00e0, Associazioni, Istituzioni"],"inLanguage":"fr-FR"},{"@type":"WebPage","@id":"https:\/\/www.bellunopress.it\/2012\/09\/06\/oscar-de-bona-eletto-presidente-dellassociazione-bellunesi-nel-mondo\/","url":"https:\/\/www.bellunopress.it\/2012\/09\/06\/oscar-de-bona-eletto-presidente-dellassociazione-bellunesi-nel-mondo\/","name":"Oscar De Bona eletto presidente dell'Associazione Bellunesi nel mondo - Bellunopress - Dolomiti","isPartOf":{"@id":"https:\/\/www.bellunopress.it\/#website"},"primaryImageOfPage":{"@id":"https:\/\/www.bellunopress.it\/2012\/09\/06\/oscar-de-bona-eletto-presidente-dellassociazione-bellunesi-nel-mondo\/#primaryimage"},"image":{"@id":"https:\/\/www.bellunopress.it\/2012\/09\/06\/oscar-de-bona-eletto-presidente-dellassociazione-bellunesi-nel-mondo\/#primaryimage"},"thumbnailUrl":"http:\/\/www.bellunopress.it\/wp-content\/uploads\/2012\/09\/oscar-de-bona-1.jpg","datePublished":"2012-09-06T19:17:36+00:00","dateModified":"2012-09-06T19:18:48+00:00","breadcrumb":{"@id":"https:\/\/www.bellunopress.it\/2012\/09\/06\/oscar-de-bona-eletto-presidente-dellassociazione-bellunesi-nel-mondo\/#breadcrumb"},"inLanguage":"fr-FR","potentialAction":[{"@type":"ReadAction","target":["https:\/\/www.bellunopress.it\/2012\/09\/06\/oscar-de-bona-eletto-presidente-dellassociazione-bellunesi-nel-mondo\/"]}]},{"@type":"ImageObject","inLanguage":"fr-FR","@id":"https:\/\/www.bellunopress.it\/2012\/09\/06\/oscar-de-bona-eletto-presidente-dellassociazione-bellunesi-nel-mondo\/#primaryimage","url":"http:\/\/www.bellunopress.it\/wp-content\/uploads\/2012\/09\/oscar-de-bona-1.jpg","contentUrl":"http:\/\/www.bellunopress.it\/wp-content\/uploads\/2012\/09\/oscar-de-bona-1.jpg"},{"@type":"BreadcrumbList","@id":"https:\/\/www.bellunopress.it\/2012\/09\/06\/oscar-de-bona-eletto-presidente-dellassociazione-bellunesi-nel-mondo\/#breadcrumb","itemListElement":[{"@type":"ListItem","position":1,"name":"Home","item":"https:\/\/www.bellunopress.it\/"},{"@type":"ListItem","position":2,"name":"Oscar De Bona eletto presidente dell&#8217;Associazione Bellunesi nel mondo"}]},{"@type":"WebSite","@id":"https:\/\/www.bellunopress.it\/#website","url":"https:\/\/www.bellunopress.it\/","name":"Bellunopress - Dolomiti","description":"e-mail: redazione@bellunopress.it","publisher":{"@id":"https:\/\/www.bellunopress.it\/#organization"},"potentialAction":[{"@type":"SearchAction","target":{"@type":"EntryPoint","urlTemplate":"https:\/\/www.bellunopress.it\/?s={search_term_string}"},"query-input":{"@type":"PropertyValueSpecification","valueRequired":true,"valueName":"search_term_string"}}],"inLanguage":"fr-FR"},{"@type":"Organization","@id":"https:\/\/www.bellunopress.it\/#organization","name":"Bellunopress","url":"https:\/\/www.bellunopress.it\/","logo":{"@type":"ImageObject","inLanguage":"fr-FR","@id":"https:\/\/www.bellunopress.it\/#\/schema\/logo\/image\/","url":"https:\/\/www.bellunopress.it\/wp-content\/uploads\/2011\/05\/cropped-logo-bellunopress-.jpg","contentUrl":"https:\/\/www.bellunopress.it\/wp-content\/uploads\/2011\/05\/cropped-logo-bellunopress-.jpg","width":512,"height":512,"caption":"Bellunopress"},"image":{"@id":"https:\/\/www.bellunopress.it\/#\/schema\/logo\/image\/"},"sameAs":["https:\/\/www.facebook.com\/profile.php?id=100008943462799","https:\/\/x.com\/bellunopress","https:\/\/www.linkedin.com\/hp\/?dnr=JBzUWaJfMUw8vbXJJ2tVW5-I3jZKvC4wsoxE&amp;amp;amp;amp;amp;amp;trk=nav_responsive_tab_home","https:\/\/www.youtube.com\/channel\/UCxL0wu1uN0_3_7hGG0306cw"]},{"@type":"Person","@id":"https:\/\/www.bellunopress.it\/#\/schema\/person\/79bb06722b37ece1c03d3e94beb30d73","name":"r\u00e9daction","image":{"@type":"ImageObject","inLanguage":"fr-FR","@id":"https:\/\/secure.gravatar.com\/avatar\/37d968a2e67a6fd04c169c4bdef102d0bc5d31b2546345219e348575eb80e9a0?s=96&d=mm&r=g","url":"https:\/\/secure.gravatar.com\/avatar\/37d968a2e67a6fd04c169c4bdef102d0bc5d31b2546345219e348575eb80e9a0?s=96&d=mm&r=g","contentUrl":"https:\/\/secure.gravatar.com\/avatar\/37d968a2e67a6fd04c169c4bdef102d0bc5d31b2546345219e348575eb80e9a0?s=96&d=mm&r=g","caption":"redazione"},"sameAs":["http:\/\/www.bellunopress.it","https:\/\/x.com\/bellunopress"],"url":"https:\/\/www.bellunopress.it\/fr\/author\/redazione\/"}]}},"_links":{"self":[{"href":"https:\/\/www.bellunopress.it\/fr\/wp-json\/wp\/v2\/posts\/41796","targetHints":{"allow":["GET"]}}],"collection":[{"href":"https:\/\/www.bellunopress.it\/fr\/wp-json\/wp\/v2\/posts"}],"about":[{"href":"https:\/\/www.bellunopress.it\/fr\/wp-json\/wp\/v2\/types\/post"}],"author":[{"embeddable":true,"href":"https:\/\/www.bellunopress.it\/fr\/wp-json\/wp\/v2\/users\/2"}],"replies":[{"embeddable":true,"href":"https:\/\/www.bellunopress.it\/fr\/wp-json\/wp\/v2\/comments?post=41796"}],"version-history":[{"count":2,"href":"https:\/\/www.bellunopress.it\/fr\/wp-json\/wp\/v2\/posts\/41796\/revisions"}],"predecessor-version":[{"id":41799,"href":"https:\/\/www.bellunopress.it\/fr\/wp-json\/wp\/v2\/posts\/41796\/revisions\/41799"}],"wp:attachment":[{"href":"https:\/\/www.bellunopress.it\/fr\/wp-json\/wp\/v2\/media?parent=41796"}],"wp:term":[{"taxonomy":"category","embeddable":true,"href":"https:\/\/www.bellunopress.it\/fr\/wp-json\/wp\/v2\/categories?post=41796"},{"taxonomy":"post_tag","embeddable":true,"href":"https:\/\/www.bellunopress.it\/fr\/wp-json\/wp\/v2\/tags?post=41796"}],"curies":[{"name":"wp","href":"https:\/\/api.w.org\/{rel}","templated":true}]}}