{"id":41790,"date":"2012-09-06T19:04:38","date_gmt":"2012-09-06T18:04:38","guid":{"rendered":"http:\/\/www.bellunopress.it\/?p=41790"},"modified":"2012-09-06T19:05:17","modified_gmt":"2012-09-06T18:05:17","slug":"sebastiano-tronto-18enne-di-santa-giustina-alle-olimpiadi-internazionali-di-informatica","status":"publish","type":"post","link":"https:\/\/www.bellunopress.it\/fr\/2012\/09\/06\/sebastiano-tronto-18enne-di-santa-giustina-alle-olimpiadi-internazionali-di-informatica\/","title":{"rendered":"Sebastiano Tronto 18enne di Santa Giustina alle Olimpiadi internazionali di informatica"},"content":{"rendered":"<p>Milano \u2013 Quando le luci dei riflettori si spegneranno sulle Olimpiadi estive di Londra, a Sirmione e Montichiari si accenderanno quelle delle Olimpiadi Internazionali di Informatica, che l&#8217;Italia ospiter\u00e0 per la prima volta proprio quest&#8217;anno, dal 23 al 30 settembre 2012.<\/p>\n<p>Le IOI 2012 sono organizzate dal Ministero dell&#8217;Istruzione, dell&#8217;Universit\u00e0 e della Ricerca, tramite l&#8217;Ufficio Scolastico Regionale della Lombardia, da AICA, Associazione Italiana per l&#8217;Informatica e il Calcolo Digitale, e dal Politecnico di Milano.<\/p>\n<p>Collaborano nell&#8217;organizzazione la Provincia di Brescia, il Comune di Sirmione, il Comune di Montichiari e il Politecnico di Milano.<\/p>\n<p>Il Presidente del Comitato IOI 2012 \u00e8 Giuseppe Colosio, Direttore dell&#8217;Ufficio Scolastico Regionale per la Lombardia.<\/p>\n<p>Le IOI sono dedicate agli studenti delle scuole secondarie superiori di tutto il mondo, e dal 1989, anno in cui si tenne la prima edizione in Bulgaria, su impulso e con l&#8217;organizzazione dell&#8217;UNESCO, sono andate via via crescendo, per importanza e partecipazione.<\/p>\n<p>L&#8217;Italia vi partecipa dal 2000, e ad ogni edizione l&#8217;interesse e la partecipazione crescono: in occasione dell&#8217;ultima edizione sono stati 10.000 gli studenti e 420 gli istituti superiori coinvolti.<\/p>\n<p>In questi 12 anni il nostro paese si \u00e8 aggiudicato 1 medaglia d&#8217;oro, 11 medaglie d&#8217;argento e 18 medaglie di bronzo. Un bottino gi\u00e0 considerevole, ma che i nostri \u201catleti\u201d della tastiera tenteranno di rendere ancora pi\u00f9 ricco tra poche settimane.<\/p>\n<p>Saranno circa 90 le squadre internazionali di studenti che si contenderanno le medaglie in quest&#8217;edizione. Ogni squadra sar\u00e0 composta da 4 studenti, pi\u00f9 gli allenatori.<\/p>\n<p>All&#8217;Italia, in quanto paese organizzatore, sar\u00e0 riservata la possibilit\u00e0 di schierare una seconda squadra di 4 talenti della programmazione, che parteciper\u00e0 senza competere al medagliere, pi\u00f9 due riserve.<\/p>\n<p>La gara consister\u00e0 nella soluzione di problemi logico-matematici, che verranno tradotti in programmi informatici tramite l&#8217;utilizzo dei linguaggi di programmazione Pascal, C o C++.<\/p>\n<p>&nbsp;<\/p>\n<p>I PARTECIPANTI ITALIANI<\/p>\n<p>La rappresentanza italiana alle IOI 2012 \u00e8 stata definita grazie alle Olimpiadi Italiane di Informatica, che si svolgono ogni anno al fine di selezionare la squadra olimpica.<\/p>\n<p>Un vero e proprio percorso didattico, lungo due anni, condiviso da studenti, professori ed organizzatori, che si materializza in tre tappe principali.<\/p>\n<p>La selezione scolastica, che avviene presso i singoli Istituti, \u00e8 una fase di scrematura preliminare dalla quale vengono individuati circa un migliaio di studenti in grado di accedere alla fase successiva. In questa sede gli studenti vengono sottoposti ad una serie di test preparati da un comitato misto tra AICA e MIUR per rilevare l&#8217;abilit\u00e0 nella soluzione di problemi logici e nell&#8217;elaborazione di algoritmi in Pascal, C o C++.<\/p>\n<p>&nbsp;<\/p>\n<p>La selezione territoriale, che effettua un&#8217;ulteriore scrematura individuando circa 80 studenti, che vengono messi alla prova con problemi logico-matematici al computer.<\/p>\n<p>Le Olimpiadi Italiane di Informatica, gara nazionale nella quale gli 80 studenti selezionati sostengono prove dalla difficolt\u00e0 analoga alla versione internazionale, individuano i 15\/20 atleti migliori che entrano cos\u00ec a far parte del Gruppo di Probabili Olimpici (PO) per le Olimpiadi Internazionali successive.<\/p>\n<p>Da questi 15\/20 studenti, dopo un intenso programma di training con professori-allenatori, viene poi scelta la squadra olimpica per le IOI.<\/p>\n<p>Il 13 giugno 2012, al termine degli allenamenti rivolti ai 12 studenti selezionati nelle precedenti attivit\u00e0 formative, ha avuto luogo a Sirmione la riunione del Comitato per le Olimpiadi Italiane di Informatica che, in base al Regolamento, ha il compito di individuare i componenti della squadra chiamata a rappresentare l\u2019Italia alle prossime Olimpiadi Internazionali.<\/p>\n<p>I quattro titolari della Squadra Olimpica 2012 che rappresenteranno gli studenti italiani alla manifestazione sono:<\/p>\n<p>Squadra A (titolare della competizione) costituita, in ordine alfabetico, da:<\/p>\n<p>&nbsp;<\/p>\n<p>1\u00b0 Matteo Almanza \u2013 L.S. A. Labriola &#8211; Roma<\/p>\n<p>2\u00b0 Federico Glaudio \u2013 L.S. A. Righi \u2013 Roma<\/p>\n<p>3\u00b0 Giuliano Gregori \u2013 L.S. G. Oberdan \u2013 Trieste<\/p>\n<p>4\u00b0 Luca Versari \u2013 L.S. G. Marconi \u2013 Chiavari (GE)<\/p>\n<p>&nbsp;<\/p>\n<p>Squadra B (partecipa senza competere al medagliere) costituita, in ordine alfabetico, da:<\/p>\n<p>&nbsp;<\/p>\n<p>1\u00b0 Gabriele Farina \u2013 L.S. N. Copernico &#8211; Brescia<\/p>\n<p>2\u00b0 Giada Franz \u2013 L.S. G. Marinelli \u2013 Udine<\/p>\n<p>3\u00b0 Davide Pallotti \u2013 L.S. N. Copernico \u2013 Bologna<\/p>\n<p>4\u00b0 Sebastiano Tronto \u2013 I.I.S. G. Galilei \u2013 Belluno<\/p>\n<p>Riserve costituite, in ordine alfabetico, da:<\/p>\n<p>&nbsp;<\/p>\n<p>1\u00b0 Alice Cortinovis \u2013 L.S. L. Mascheroni \u2013 Bergamo<\/p>\n<p>2\u00b0 William Di Luigi \u2013 I.I.S. E. Alessandrini \u2013 Montesilvano (PE)<\/p>\n<p>&nbsp;<\/p>\n<p>Per la prima volta la squadra olimpica italiana si tinge anche di rosa, con Giada Franz di Udine e con Alice Cortinovis di Bergamo.<\/p>\n<p>Sito web: www.ioi2012.org<\/p>\n<p>Pagina Facebook: www.facebook.com\/IOI2012Italy<\/p>\n<p>Twitter account: www.twitter.com\/IOI2012<\/p>\n<p>Canale Youtube: www.youtube.com\/ioi2012media<\/p>\n<p>&nbsp;<\/p>\n<p>&nbsp;<\/p>\n<p><strong>Ecco chi \u00e8 il concorrente bellunese<\/strong><\/p>\n<figure id=\"attachment_41793\" aria-describedby=\"caption-attachment-41793\" style=\"width: 269px\" class=\"wp-caption alignleft\"><a href=\"http:\/\/www.bellunopress.it\/wp-content\/uploads\/2012\/09\/sebastiano-tronto-1.jpg\"><img loading=\"lazy\" decoding=\"async\" class=\"size-full wp-image-41793\" title=\"sebastiano tronto 1\" src=\"http:\/\/www.bellunopress.it\/wp-content\/uploads\/2012\/09\/sebastiano-tronto-1.jpg\" alt=\"\" width=\"269\" height=\"290\" \/><\/a><figcaption id=\"caption-attachment-41793\" class=\"wp-caption-text\">Sebastiano Tronto<\/figcaption><\/figure>\n<p>Nome e Cognome: Sebastiano Tronto<\/p>\n<p>Et\u00e0: 18 anni; luogo di residenza: Santa Giustina (BL)<\/p>\n<p>Ho partecipato alle olimpiadi nazionali di informatica 2010 (medaglia di bronzo, probabile olimpico) e all&#8217;ultima edizione, del 2011 (medaglia d&#8217;argento); ho partecipato anche alle olimpiadi nazionali di matematica nel 2011 e nel 2012 (medaglia di bronzo nell&#8217;ultima edizione).<\/p>\n<p>Passioni:<\/p>\n<p>Come \u00e8 nata la tua passione per l&#8217;informatica?<\/p>\n<p>La mia passione per la programmazione risale all&#8217;epoca della quinta elementare, quando un mio amico mi disse di aver trovato un programma con il quale si potevano \u201ccreare videogiochi, e anche virus!\u201d. Da qualche anno ormai riuscivo a \u201csmanettare\u201d con il computer, per quanto possa saperlo fare un bambino di 10 anni, e l&#8217;idea di poter capire come fossero fatti quei programmi che sapevo usare mi piacque parecchio.<\/p>\n<p>Cos\u00ec cominciai a scrivere qualche codice: sapevo a malapena gestire il comando \u201cif\u201d e l&#8217;input\/output con tastiera\/schermo, ma era gi\u00e0 uno spasso cos\u00ec!<\/p>\n<p>Tutto andava tranquillamente, fino a quando mi decisi a programmare un \u201cvirus\u201d: il mio, molto semplicemente, eliminava qualche cartella di sistema, senza nessun altro scopo. Scoprii per\u00f2 che testarlo sul pc di casa non era una grande idea; il risultato fu un computer da formattare e due genitori molto arrabbiati. Una volta riparato il computer, mia madre mi disse che, se promettevo di non fare mai pi\u00f9 \u201cvirus\u201d, mi avrebbe regalato un libro per imparare un linguaggio di programmazione pi\u00f9 \u201cserio\u201d. Fu cos\u00ec che abbandonai il lato oscuro della forza ed iniziai a programmare in Java.<\/p>\n<p>Alle medie e durante i primi anni di superiori mi sono parecchio sbizzarrito: dopo molti programmi pi\u00f9 o meno inutili e banali, sono riuscito a creare anche una piccolo programma per criptare i file (in maniera molto semplice, utilizzando il cifrario di Cesare) e una briscola per computer. Nel frattempo sono anche passato al sistema operativo Linux e mi sono appassionato al recupero del cosiddetto \u201cthrashware\u201d, ossia hardware molto vecchio ma ancora funzionante che spesso viene buttato via.<\/p>\n<p>In seconda superiore, grazie alla scuola, sono entrato in contatto con le gare di informatica, qualificandomi gi\u00e0 quell&#8217;anno, con mia grande sorpresa, alle Nazionali. Ho quindi abbandonato (forse momentaneamente) la programmazione \u201cricreativa\u201d, per dedicarmi agli aspetti pi\u00f9 teorici dell&#8217;informatica, necessari per le gare: algoritmi, strutture dati, complessit\u00e0 computazionale, ecc&#8230;<\/p>\n<p>Qual \u00e8, secondo te, la miglior invenzione nel campo dell&#8217;informatica negli ultimi 5 anni?<\/p>\n<p>Questa \u00e8 una domanda piuttosto difficile, secondo me. Uno dei motivi \u00e8 che non sono poi cos\u00ec aggiornato sulle ultime innovazioni tecnologiche, ma questo ha un&#8217;importanza marginale. Ci\u00f2 che rende questa domanda pi\u00f9 complicata di quanto non sembri \u00e8 il fatto che molte invenzioni restano nell&#8217;ombra per alcuni anni, prima di essere diffuse: ad esempio, i social network esistono ormai da alcuni anni, ma solo di recente si sono diffusi in maniera cos\u00ec spropositata, tanto che ora \u00e8 pi\u00f9 strano non avere un account Facebook, piuttosto che averlo.<\/p>\n<p>Quindi questa domanda assume pi\u00f9 il carattere di una scommessa: su quale delle recenti invenzioni punteresti? Una di quelle che mi affascina di pi\u00f9, e che penso avr\u00e0 grande popolarit\u00e0 in futuro, \u00e8 la tecnologia Kinect, sviluppata di recente da Microsoft. Per chi non lo sapesse, Kinect \u00e8 una periferica pensata per la consolle Xbox 360 che, attraverso un proiettore di raggi infrarossi, una telecamera e un microfono, permette all&#8217;utente di interagire con la macchina attraverso i movimento del corpo e i comandi vocali, senza l&#8217;utilizzo di alcun controller.<\/p>\n<p>Credo che questo sia un notevole passo in avanti nel campo dell&#8217;interazione tra uomo e macchina, e che ci potranno essere sviluppi interessanti, anche e soprattutto al di fuori del campo dei videogiochi.<\/p>\n<p>Quali sono i tuoi interessi oltre all&#8217;informatica?<\/p>\n<p>Credo che una delle mie passioni che valga la pena citare sia quella per il cubo di Rubik: sono infatti uno di quei pazzoidi che si vedono ogni tanto in televisione ai talent show (non io, non ancora almeno) che sanno risolvere il pi\u00f9 famoso rompicapo degli anni &#8217;80 in alcuni secondi (che per me sono circa 15, mentre il record del mondo e di 5.66). Tranquilli, non \u00e8 nulla di sovrannaturale o impossibile! Chiunque, con l&#8217;aiuto di qualche guida facilmente reperibile on-line, ci pu\u00f2 riuscire; arrivare a farlo in pochi secondi \u00e8 solo questione di allenamento.<\/p>\n<p>Da circa un anno ormai mi sono specializzato nella categoria da bendato, nella quale sono secondo in Italia e nei primi 25 posti al mondo, se nessuno mi ha superato di recente (se cercate il mio nome su Youtube dovreste trovare qualche video). Anche in questo caso, come dicevo prima, non \u00e8 questione di avere una memoria eccezionale o di essere dei geni, basta non farsi scoraggiare alle prime difficolt\u00e0: a me sono servite due settimane di fallimenti prima di risolvere un cubo da bendato per la prima volta.<\/p>\n<p>Molto pi\u00f9 recentemente, sempre \u201cseguendo la scia\u201d creata dal risolvere il cubo di Rubik da bendato, mi sono appassionato ai cosiddetti \u201cmemory sports\u201d, ovvero sfide come memorizzare l&#8217;ordine di un mazzo di carte o una sequenza di cifre casuali nel minor tempo possibile. Per ora i risultati non sono dei migliori (in uno degli ultimi tentativi sono quasi riuscito a memorizzare un mazzo di 52 carte in circa 9 minuti e mezzo, dimenticandone per\u00f2 3, quando il record del mondo \u00e8 di 21 secondi), ma penso che con un po&#8217; di impegno posso migliorare in fretta.<\/p>\n<p>&nbsp;<\/p>\n<p>IOI 2012:<\/p>\n<p>Come ti preparerai all&#8217;evento?<\/p>\n<p>Di sicuro uno dei modi pi\u00f9 efficaci per prepararsi ad un evento del genere \u00e8 fare pratica con i problemi assegnati nelle scorse edizioni: a questo scopo abbiamo (dico abbiamo, ma in realt\u00e0 il mio lavoro \u00e8 stato piuttosto limitato) messo online un server con installato il sistema di gara per poter risolvere i problemi e vedere i punteggi come se stessimo partecipando alle IOI o ad uno stage come quelli fatti durante l&#8217;anno scolastico, il tutto per\u00f2 senza doverci muovere da casa. Per abbiamo caricato gi\u00e0 un buon numero di problemi sul server, ma se riesco a dedicare all&#8217;allenamento il tempo che spero, dovrei finire di risolverli prima della gara, avendo cos\u00ec ancora tempo per cercare altri problemi su internet o discutere di quelli gi\u00e0 risolti con i miei \u201ccolleghi\u201d.<\/p>\n<p>Cosa ti aspetti dalle IOI2012?<\/p>\n<p>Non ho mai partecipato ad un evento di tale importanza, quindi di sicuro per me sar\u00e0 un&#8217;esperienza completamente nuova. Oltre a questo, spero di riuscire a dare il 100% in gara, e di ottenere dei risultati che possano essere significativi per me, anche se visti dall&#8217;esterno possono sembrare mediocri. Essendo nella squadra B, ho la fortuna di non avere addosso la pressione di dover per forza ottenere dei grandi punteggi, e di poter quindi dare il meglio di me senza farmi prendere dall&#8217;agitazione.<\/p>","protected":false},"excerpt":{"rendered":"<p>Milano \u2013 Quando le luci dei riflettori si spegneranno sulle Olimpiadi estive di Londra, a Sirmione e Montichiari si accenderanno quelle delle Olimpiadi Internazionali di Informatica, che l&#8217;Italia ospiter\u00e0 per la prima volta proprio quest&#8217;anno, dal 23 al 30 settembre 2012. Le IOI 2012 sono organizzate dal Ministero dell&#8217;Istruzione, dell&#8217;Universit\u00e0 e della Ricerca, tramite l&#8217;Ufficio [&hellip;]<\/p>\n","protected":false},"author":2,"featured_media":0,"comment_status":"closed","ping_status":"open","sticky":false,"template":"","format":"standard","meta":{"footnotes":""},"categories":[26,15,8],"tags":[],"class_list":["post-41790","post","type-post","status-publish","format-standard","category-prima-pagina","category-scuola","category-societa-istituzioni"],"yoast_head":"<!-- This site is optimized with the Yoast SEO plugin v28.4 - https:\/\/yoast.com\/product\/yoast-seo-wordpress\/ -->\n<title>Sebastiano Tronto 18enne di Santa Giustina alle Olimpiadi internazionali di informatica   - Bellunopress - Dolomiti<\/title>\n<meta name=\"robots\" content=\"index, follow, max-snippet:-1, max-image-preview:large, max-video-preview:-1\" \/>\n<link rel=\"canonical\" href=\"https:\/\/www.bellunopress.it\/fr\/2012\/09\/06\/sebastiano-tronto-18enne-di-santa-giustina-alle-olimpiadi-internazionali-di-informatica\/\" \/>\n<meta property=\"og:locale\" content=\"fr_FR\" \/>\n<meta property=\"og:type\" content=\"article\" \/>\n<meta property=\"og:title\" content=\"Sebastiano Tronto 18enne di Santa Giustina alle Olimpiadi internazionali di informatica   - Bellunopress - Dolomiti\" \/>\n<meta property=\"og:description\" content=\"Milano \u2013 Quando le luci dei riflettori si spegneranno sulle Olimpiadi estive di Londra, a Sirmione e Montichiari si accenderanno quelle delle Olimpiadi Internazionali di Informatica, che l&#8217;Italia ospiter\u00e0 per la prima volta proprio quest&#8217;anno, dal 23 al 30 settembre 2012. Le IOI 2012 sono organizzate dal Ministero dell&#8217;Istruzione, dell&#8217;Universit\u00e0 e della Ricerca, tramite l&#8217;Ufficio [&hellip;]\" \/>\n<meta property=\"og:url\" content=\"https:\/\/www.bellunopress.it\/fr\/2012\/09\/06\/sebastiano-tronto-18enne-di-santa-giustina-alle-olimpiadi-internazionali-di-informatica\/\" \/>\n<meta property=\"og:site_name\" content=\"Bellunopress - Dolomiti\" \/>\n<meta property=\"article:publisher\" content=\"https:\/\/www.facebook.com\/profile.php?id=100008943462799\" \/>\n<meta property=\"article:published_time\" content=\"2012-09-06T18:04:38+00:00\" \/>\n<meta property=\"article:modified_time\" content=\"2012-09-06T18:05:17+00:00\" \/>\n<meta property=\"og:image\" content=\"http:\/\/www.bellunopress.it\/wp-content\/uploads\/2012\/09\/sebastiano-tronto-1.jpg\" \/>\n<meta name=\"author\" content=\"redazione\" \/>\n<meta name=\"twitter:card\" content=\"summary_large_image\" \/>\n<meta name=\"twitter:creator\" content=\"@bellunopress\" \/>\n<meta name=\"twitter:site\" content=\"@bellunopress\" \/>\n<meta name=\"twitter:label1\" content=\"\u00c9crit par\" \/>\n\t<meta name=\"twitter:data1\" content=\"redazione\" \/>\n\t<meta name=\"twitter:label2\" content=\"Dur\u00e9e de lecture estim\u00e9e\" \/>\n\t<meta name=\"twitter:data2\" content=\"9 minutes\" \/>\n<script type=\"application\/ld+json\" class=\"yoast-schema-graph\">{\"@context\":\"https:\\\/\\\/schema.org\",\"@graph\":[{\"@type\":\"Article\",\"@id\":\"https:\\\/\\\/www.bellunopress.it\\\/2012\\\/09\\\/06\\\/sebastiano-tronto-18enne-di-santa-giustina-alle-olimpiadi-internazionali-di-informatica\\\/#article\",\"isPartOf\":{\"@id\":\"https:\\\/\\\/www.bellunopress.it\\\/2012\\\/09\\\/06\\\/sebastiano-tronto-18enne-di-santa-giustina-alle-olimpiadi-internazionali-di-informatica\\\/\"},\"author\":{\"name\":\"redazione\",\"@id\":\"https:\\\/\\\/www.bellunopress.it\\\/#\\\/schema\\\/person\\\/79bb06722b37ece1c03d3e94beb30d73\"},\"headline\":\"Sebastiano Tronto 18enne di Santa Giustina alle Olimpiadi internazionali di informatica\",\"datePublished\":\"2012-09-06T18:04:38+00:00\",\"dateModified\":\"2012-09-06T18:05:17+00:00\",\"mainEntityOfPage\":{\"@id\":\"https:\\\/\\\/www.bellunopress.it\\\/2012\\\/09\\\/06\\\/sebastiano-tronto-18enne-di-santa-giustina-alle-olimpiadi-internazionali-di-informatica\\\/\"},\"wordCount\":1861,\"publisher\":{\"@id\":\"https:\\\/\\\/www.bellunopress.it\\\/#organization\"},\"image\":{\"@id\":\"https:\\\/\\\/www.bellunopress.it\\\/2012\\\/09\\\/06\\\/sebastiano-tronto-18enne-di-santa-giustina-alle-olimpiadi-internazionali-di-informatica\\\/#primaryimage\"},\"thumbnailUrl\":\"http:\\\/\\\/www.bellunopress.it\\\/wp-content\\\/uploads\\\/2012\\\/09\\\/sebastiano-tronto-1.jpg\",\"articleSection\":[\"Prima Pagina\",\"Scuola\",\"Societ\u00e0, Associazioni, Istituzioni\"],\"inLanguage\":\"fr-FR\"},{\"@type\":\"WebPage\",\"@id\":\"https:\\\/\\\/www.bellunopress.it\\\/2012\\\/09\\\/06\\\/sebastiano-tronto-18enne-di-santa-giustina-alle-olimpiadi-internazionali-di-informatica\\\/\",\"url\":\"https:\\\/\\\/www.bellunopress.it\\\/2012\\\/09\\\/06\\\/sebastiano-tronto-18enne-di-santa-giustina-alle-olimpiadi-internazionali-di-informatica\\\/\",\"name\":\"Sebastiano Tronto 18enne di Santa Giustina alle Olimpiadi internazionali di informatica - Bellunopress - Dolomiti\",\"isPartOf\":{\"@id\":\"https:\\\/\\\/www.bellunopress.it\\\/#website\"},\"primaryImageOfPage\":{\"@id\":\"https:\\\/\\\/www.bellunopress.it\\\/2012\\\/09\\\/06\\\/sebastiano-tronto-18enne-di-santa-giustina-alle-olimpiadi-internazionali-di-informatica\\\/#primaryimage\"},\"image\":{\"@id\":\"https:\\\/\\\/www.bellunopress.it\\\/2012\\\/09\\\/06\\\/sebastiano-tronto-18enne-di-santa-giustina-alle-olimpiadi-internazionali-di-informatica\\\/#primaryimage\"},\"thumbnailUrl\":\"http:\\\/\\\/www.bellunopress.it\\\/wp-content\\\/uploads\\\/2012\\\/09\\\/sebastiano-tronto-1.jpg\",\"datePublished\":\"2012-09-06T18:04:38+00:00\",\"dateModified\":\"2012-09-06T18:05:17+00:00\",\"breadcrumb\":{\"@id\":\"https:\\\/\\\/www.bellunopress.it\\\/2012\\\/09\\\/06\\\/sebastiano-tronto-18enne-di-santa-giustina-alle-olimpiadi-internazionali-di-informatica\\\/#breadcrumb\"},\"inLanguage\":\"fr-FR\",\"potentialAction\":[{\"@type\":\"ReadAction\",\"target\":[\"https:\\\/\\\/www.bellunopress.it\\\/2012\\\/09\\\/06\\\/sebastiano-tronto-18enne-di-santa-giustina-alle-olimpiadi-internazionali-di-informatica\\\/\"]}]},{\"@type\":\"ImageObject\",\"inLanguage\":\"fr-FR\",\"@id\":\"https:\\\/\\\/www.bellunopress.it\\\/2012\\\/09\\\/06\\\/sebastiano-tronto-18enne-di-santa-giustina-alle-olimpiadi-internazionali-di-informatica\\\/#primaryimage\",\"url\":\"http:\\\/\\\/www.bellunopress.it\\\/wp-content\\\/uploads\\\/2012\\\/09\\\/sebastiano-tronto-1.jpg\",\"contentUrl\":\"http:\\\/\\\/www.bellunopress.it\\\/wp-content\\\/uploads\\\/2012\\\/09\\\/sebastiano-tronto-1.jpg\"},{\"@type\":\"BreadcrumbList\",\"@id\":\"https:\\\/\\\/www.bellunopress.it\\\/2012\\\/09\\\/06\\\/sebastiano-tronto-18enne-di-santa-giustina-alle-olimpiadi-internazionali-di-informatica\\\/#breadcrumb\",\"itemListElement\":[{\"@type\":\"ListItem\",\"position\":1,\"name\":\"Home\",\"item\":\"https:\\\/\\\/www.bellunopress.it\\\/\"},{\"@type\":\"ListItem\",\"position\":2,\"name\":\"Sebastiano Tronto 18enne di Santa Giustina alle Olimpiadi internazionali di informatica\"}]},{\"@type\":\"WebSite\",\"@id\":\"https:\\\/\\\/www.bellunopress.it\\\/#website\",\"url\":\"https:\\\/\\\/www.bellunopress.it\\\/\",\"name\":\"Bellunopress - Dolomiti\",\"description\":\"e-mail: redazione@bellunopress.it\",\"publisher\":{\"@id\":\"https:\\\/\\\/www.bellunopress.it\\\/#organization\"},\"potentialAction\":[{\"@type\":\"SearchAction\",\"target\":{\"@type\":\"EntryPoint\",\"urlTemplate\":\"https:\\\/\\\/www.bellunopress.it\\\/?s={search_term_string}\"},\"query-input\":{\"@type\":\"PropertyValueSpecification\",\"valueRequired\":true,\"valueName\":\"search_term_string\"}}],\"inLanguage\":\"fr-FR\"},{\"@type\":\"Organization\",\"@id\":\"https:\\\/\\\/www.bellunopress.it\\\/#organization\",\"name\":\"Bellunopress\",\"url\":\"https:\\\/\\\/www.bellunopress.it\\\/\",\"logo\":{\"@type\":\"ImageObject\",\"inLanguage\":\"fr-FR\",\"@id\":\"https:\\\/\\\/www.bellunopress.it\\\/#\\\/schema\\\/logo\\\/image\\\/\",\"url\":\"https:\\\/\\\/www.bellunopress.it\\\/wp-content\\\/uploads\\\/2011\\\/05\\\/cropped-logo-bellunopress-.jpg\",\"contentUrl\":\"https:\\\/\\\/www.bellunopress.it\\\/wp-content\\\/uploads\\\/2011\\\/05\\\/cropped-logo-bellunopress-.jpg\",\"width\":512,\"height\":512,\"caption\":\"Bellunopress\"},\"image\":{\"@id\":\"https:\\\/\\\/www.bellunopress.it\\\/#\\\/schema\\\/logo\\\/image\\\/\"},\"sameAs\":[\"https:\\\/\\\/www.facebook.com\\\/profile.php?id=100008943462799\",\"https:\\\/\\\/x.com\\\/bellunopress\",\"https:\\\/\\\/www.linkedin.com\\\/hp\\\/?dnr=JBzUWaJfMUw8vbXJJ2tVW5-I3jZKvC4wsoxE&amp;amp;amp;amp;amp;amp;trk=nav_responsive_tab_home\",\"https:\\\/\\\/www.youtube.com\\\/channel\\\/UCxL0wu1uN0_3_7hGG0306cw\"]},{\"@type\":\"Person\",\"@id\":\"https:\\\/\\\/www.bellunopress.it\\\/#\\\/schema\\\/person\\\/79bb06722b37ece1c03d3e94beb30d73\",\"name\":\"redazione\",\"image\":{\"@type\":\"ImageObject\",\"inLanguage\":\"fr-FR\",\"@id\":\"https:\\\/\\\/secure.gravatar.com\\\/avatar\\\/37d968a2e67a6fd04c169c4bdef102d0bc5d31b2546345219e348575eb80e9a0?s=96&d=mm&r=g\",\"url\":\"https:\\\/\\\/secure.gravatar.com\\\/avatar\\\/37d968a2e67a6fd04c169c4bdef102d0bc5d31b2546345219e348575eb80e9a0?s=96&d=mm&r=g\",\"contentUrl\":\"https:\\\/\\\/secure.gravatar.com\\\/avatar\\\/37d968a2e67a6fd04c169c4bdef102d0bc5d31b2546345219e348575eb80e9a0?s=96&d=mm&r=g\",\"caption\":\"redazione\"},\"sameAs\":[\"http:\\\/\\\/www.bellunopress.it\",\"https:\\\/\\\/x.com\\\/bellunopress\"],\"url\":\"https:\\\/\\\/www.bellunopress.it\\\/fr\\\/author\\\/redazione\\\/\"}]}<\/script>\n<!-- \/ Yoast SEO plugin. -->","yoast_head_json":{"title":"Sebastiano Tronto 18enne di Santa Giustina alle Olimpiadi internazionali di informatica   - Bellunopress - Dolomiti","robots":{"index":"index","follow":"follow","max-snippet":"max-snippet:-1","max-image-preview":"max-image-preview:large","max-video-preview":"max-video-preview:-1"},"canonical":"https:\/\/www.bellunopress.it\/fr\/2012\/09\/06\/sebastiano-tronto-18enne-di-santa-giustina-alle-olimpiadi-internazionali-di-informatica\/","og_locale":"fr_FR","og_type":"article","og_title":"Sebastiano Tronto 18enne di Santa Giustina alle Olimpiadi internazionali di informatica   - Bellunopress - Dolomiti","og_description":"Milano \u2013 Quando le luci dei riflettori si spegneranno sulle Olimpiadi estive di Londra, a Sirmione e Montichiari si accenderanno quelle delle Olimpiadi Internazionali di Informatica, che l&#8217;Italia ospiter\u00e0 per la prima volta proprio quest&#8217;anno, dal 23 al 30 settembre 2012. Le IOI 2012 sono organizzate dal Ministero dell&#8217;Istruzione, dell&#8217;Universit\u00e0 e della Ricerca, tramite l&#8217;Ufficio [&hellip;]","og_url":"https:\/\/www.bellunopress.it\/fr\/2012\/09\/06\/sebastiano-tronto-18enne-di-santa-giustina-alle-olimpiadi-internazionali-di-informatica\/","og_site_name":"Bellunopress - Dolomiti","article_publisher":"https:\/\/www.facebook.com\/profile.php?id=100008943462799","article_published_time":"2012-09-06T18:04:38+00:00","article_modified_time":"2012-09-06T18:05:17+00:00","og_image":[{"url":"http:\/\/www.bellunopress.it\/wp-content\/uploads\/2012\/09\/sebastiano-tronto-1.jpg","type":"","width":"","height":""}],"author":"redazione","twitter_card":"summary_large_image","twitter_creator":"@bellunopress","twitter_site":"@bellunopress","twitter_misc":{"\u00c9crit par":"redazione","Dur\u00e9e de lecture estim\u00e9e":"9 minutes"},"schema":{"@context":"https:\/\/schema.org","@graph":[{"@type":"Article","@id":"https:\/\/www.bellunopress.it\/2012\/09\/06\/sebastiano-tronto-18enne-di-santa-giustina-alle-olimpiadi-internazionali-di-informatica\/#article","isPartOf":{"@id":"https:\/\/www.bellunopress.it\/2012\/09\/06\/sebastiano-tronto-18enne-di-santa-giustina-alle-olimpiadi-internazionali-di-informatica\/"},"author":{"name":"redazione","@id":"https:\/\/www.bellunopress.it\/#\/schema\/person\/79bb06722b37ece1c03d3e94beb30d73"},"headline":"Sebastiano Tronto 18enne di Santa Giustina alle Olimpiadi internazionali di informatica","datePublished":"2012-09-06T18:04:38+00:00","dateModified":"2012-09-06T18:05:17+00:00","mainEntityOfPage":{"@id":"https:\/\/www.bellunopress.it\/2012\/09\/06\/sebastiano-tronto-18enne-di-santa-giustina-alle-olimpiadi-internazionali-di-informatica\/"},"wordCount":1861,"publisher":{"@id":"https:\/\/www.bellunopress.it\/#organization"},"image":{"@id":"https:\/\/www.bellunopress.it\/2012\/09\/06\/sebastiano-tronto-18enne-di-santa-giustina-alle-olimpiadi-internazionali-di-informatica\/#primaryimage"},"thumbnailUrl":"http:\/\/www.bellunopress.it\/wp-content\/uploads\/2012\/09\/sebastiano-tronto-1.jpg","articleSection":["Prima Pagina","Scuola","Societ\u00e0, Associazioni, Istituzioni"],"inLanguage":"fr-FR"},{"@type":"WebPage","@id":"https:\/\/www.bellunopress.it\/2012\/09\/06\/sebastiano-tronto-18enne-di-santa-giustina-alle-olimpiadi-internazionali-di-informatica\/","url":"https:\/\/www.bellunopress.it\/2012\/09\/06\/sebastiano-tronto-18enne-di-santa-giustina-alle-olimpiadi-internazionali-di-informatica\/","name":"Sebastiano Tronto 18enne di Santa Giustina alle Olimpiadi internazionali di informatica - Bellunopress - Dolomiti","isPartOf":{"@id":"https:\/\/www.bellunopress.it\/#website"},"primaryImageOfPage":{"@id":"https:\/\/www.bellunopress.it\/2012\/09\/06\/sebastiano-tronto-18enne-di-santa-giustina-alle-olimpiadi-internazionali-di-informatica\/#primaryimage"},"image":{"@id":"https:\/\/www.bellunopress.it\/2012\/09\/06\/sebastiano-tronto-18enne-di-santa-giustina-alle-olimpiadi-internazionali-di-informatica\/#primaryimage"},"thumbnailUrl":"http:\/\/www.bellunopress.it\/wp-content\/uploads\/2012\/09\/sebastiano-tronto-1.jpg","datePublished":"2012-09-06T18:04:38+00:00","dateModified":"2012-09-06T18:05:17+00:00","breadcrumb":{"@id":"https:\/\/www.bellunopress.it\/2012\/09\/06\/sebastiano-tronto-18enne-di-santa-giustina-alle-olimpiadi-internazionali-di-informatica\/#breadcrumb"},"inLanguage":"fr-FR","potentialAction":[{"@type":"ReadAction","target":["https:\/\/www.bellunopress.it\/2012\/09\/06\/sebastiano-tronto-18enne-di-santa-giustina-alle-olimpiadi-internazionali-di-informatica\/"]}]},{"@type":"ImageObject","inLanguage":"fr-FR","@id":"https:\/\/www.bellunopress.it\/2012\/09\/06\/sebastiano-tronto-18enne-di-santa-giustina-alle-olimpiadi-internazionali-di-informatica\/#primaryimage","url":"http:\/\/www.bellunopress.it\/wp-content\/uploads\/2012\/09\/sebastiano-tronto-1.jpg","contentUrl":"http:\/\/www.bellunopress.it\/wp-content\/uploads\/2012\/09\/sebastiano-tronto-1.jpg"},{"@type":"BreadcrumbList","@id":"https:\/\/www.bellunopress.it\/2012\/09\/06\/sebastiano-tronto-18enne-di-santa-giustina-alle-olimpiadi-internazionali-di-informatica\/#breadcrumb","itemListElement":[{"@type":"ListItem","position":1,"name":"Home","item":"https:\/\/www.bellunopress.it\/"},{"@type":"ListItem","position":2,"name":"Sebastiano Tronto 18enne di Santa Giustina alle Olimpiadi internazionali di informatica"}]},{"@type":"WebSite","@id":"https:\/\/www.bellunopress.it\/#website","url":"https:\/\/www.bellunopress.it\/","name":"Bellunopress - Dolomiti","description":"e-mail: redazione@bellunopress.it","publisher":{"@id":"https:\/\/www.bellunopress.it\/#organization"},"potentialAction":[{"@type":"SearchAction","target":{"@type":"EntryPoint","urlTemplate":"https:\/\/www.bellunopress.it\/?s={search_term_string}"},"query-input":{"@type":"PropertyValueSpecification","valueRequired":true,"valueName":"search_term_string"}}],"inLanguage":"fr-FR"},{"@type":"Organization","@id":"https:\/\/www.bellunopress.it\/#organization","name":"Bellunopress","url":"https:\/\/www.bellunopress.it\/","logo":{"@type":"ImageObject","inLanguage":"fr-FR","@id":"https:\/\/www.bellunopress.it\/#\/schema\/logo\/image\/","url":"https:\/\/www.bellunopress.it\/wp-content\/uploads\/2011\/05\/cropped-logo-bellunopress-.jpg","contentUrl":"https:\/\/www.bellunopress.it\/wp-content\/uploads\/2011\/05\/cropped-logo-bellunopress-.jpg","width":512,"height":512,"caption":"Bellunopress"},"image":{"@id":"https:\/\/www.bellunopress.it\/#\/schema\/logo\/image\/"},"sameAs":["https:\/\/www.facebook.com\/profile.php?id=100008943462799","https:\/\/x.com\/bellunopress","https:\/\/www.linkedin.com\/hp\/?dnr=JBzUWaJfMUw8vbXJJ2tVW5-I3jZKvC4wsoxE&amp;amp;amp;amp;amp;amp;trk=nav_responsive_tab_home","https:\/\/www.youtube.com\/channel\/UCxL0wu1uN0_3_7hGG0306cw"]},{"@type":"Person","@id":"https:\/\/www.bellunopress.it\/#\/schema\/person\/79bb06722b37ece1c03d3e94beb30d73","name":"r\u00e9daction","image":{"@type":"ImageObject","inLanguage":"fr-FR","@id":"https:\/\/secure.gravatar.com\/avatar\/37d968a2e67a6fd04c169c4bdef102d0bc5d31b2546345219e348575eb80e9a0?s=96&d=mm&r=g","url":"https:\/\/secure.gravatar.com\/avatar\/37d968a2e67a6fd04c169c4bdef102d0bc5d31b2546345219e348575eb80e9a0?s=96&d=mm&r=g","contentUrl":"https:\/\/secure.gravatar.com\/avatar\/37d968a2e67a6fd04c169c4bdef102d0bc5d31b2546345219e348575eb80e9a0?s=96&d=mm&r=g","caption":"redazione"},"sameAs":["http:\/\/www.bellunopress.it","https:\/\/x.com\/bellunopress"],"url":"https:\/\/www.bellunopress.it\/fr\/author\/redazione\/"}]}},"_links":{"self":[{"href":"https:\/\/www.bellunopress.it\/fr\/wp-json\/wp\/v2\/posts\/41790","targetHints":{"allow":["GET"]}}],"collection":[{"href":"https:\/\/www.bellunopress.it\/fr\/wp-json\/wp\/v2\/posts"}],"about":[{"href":"https:\/\/www.bellunopress.it\/fr\/wp-json\/wp\/v2\/types\/post"}],"author":[{"embeddable":true,"href":"https:\/\/www.bellunopress.it\/fr\/wp-json\/wp\/v2\/users\/2"}],"replies":[{"embeddable":true,"href":"https:\/\/www.bellunopress.it\/fr\/wp-json\/wp\/v2\/comments?post=41790"}],"version-history":[{"count":2,"href":"https:\/\/www.bellunopress.it\/fr\/wp-json\/wp\/v2\/posts\/41790\/revisions"}],"predecessor-version":[{"id":41795,"href":"https:\/\/www.bellunopress.it\/fr\/wp-json\/wp\/v2\/posts\/41790\/revisions\/41795"}],"wp:attachment":[{"href":"https:\/\/www.bellunopress.it\/fr\/wp-json\/wp\/v2\/media?parent=41790"}],"wp:term":[{"taxonomy":"category","embeddable":true,"href":"https:\/\/www.bellunopress.it\/fr\/wp-json\/wp\/v2\/categories?post=41790"},{"taxonomy":"post_tag","embeddable":true,"href":"https:\/\/www.bellunopress.it\/fr\/wp-json\/wp\/v2\/tags?post=41790"}],"curies":[{"name":"wp","href":"https:\/\/api.w.org\/{rel}","templated":true}]}}