{"id":41786,"date":"2012-09-06T16:59:10","date_gmt":"2012-09-06T15:59:10","guid":{"rendered":"http:\/\/www.bellunopress.it\/?p=41786"},"modified":"2012-09-06T16:59:10","modified_gmt":"2012-09-06T15:59:10","slug":"cala-il-sipario-sulla-65ma-coppa-doro-delle-dolomiti-a-cortina-dampezzo-la-carica-dei-600-tra-glamour-e-competizione-pura","status":"publish","type":"post","link":"https:\/\/www.bellunopress.it\/fr\/2012\/09\/06\/cala-il-sipario-sulla-65ma-coppa-doro-delle-dolomiti-a-cortina-dampezzo-la-carica-dei-600-tra-glamour-e-competizione-pura\/","title":{"rendered":"Cala il sipario sulla 65ma Coppa d\u2019Oro delle Dolomiti. A Cortina d\u2019Ampezzo la \u201ccarica dei 600\u201d tra glamour e competizione pura"},"content":{"rendered":"<figure id=\"attachment_41619\" aria-describedby=\"caption-attachment-41619\" style=\"width: 300px\" class=\"wp-caption alignleft\"><a href=\"http:\/\/www.bellunopress.it\/wp-content\/uploads\/2012\/09\/Coppa-doro-Can\u00e8_Galliani-Lancia-Aprilia.jpg\"><img loading=\"lazy\" decoding=\"async\" class=\"size-full wp-image-41619\" title=\"Coppa d'oro Can\u00e8_Galliani Lancia Aprilia\" src=\"http:\/\/www.bellunopress.it\/wp-content\/uploads\/2012\/09\/Coppa-doro-Can\u00e8_Galliani-Lancia-Aprilia.jpg\" alt=\"\" width=\"300\" height=\"200\" \/><\/a><figcaption id=\"caption-attachment-41619\" class=\"wp-caption-text\">Lancia Aprilia di Can\u00e8 e Galliani<\/figcaption><\/figure>\n<p>Oltre 110 auto d\u2019epoca e un piccolo esercito di 600 persone hanno invaso Cortina lo scorso week end per l\u2019attesissima Coppa d\u2019Oro delle Dolomiti: equipaggi variegati, composti da coppie di amici, amiche, mariti e mogli, colleghi di lavoro, padri e figli o figlie, tutti naturalmente con al seguito famiglia, meccanici e immancabili sponsor. E poi pubblico di appassionati e addetti ai lavori, tra commissari di percorso (62), commissari sportivi e tecnici (5), addetti alla sicurezza, allestitori e naturalmente organizzatori, e giornalisti. Oltre 5 gli hotel coinvolti, per un prevedibile \u201ctutto esaurito\u201d. Un importante indotto economico che ha coinvolto ristoranti, negozi e locali della Perla della Dolomiti nonch\u00e9 dei paesi toccati dal percorso della competizione.<\/p>\n<p><strong>\u00a0Cortina, un carattere inconfondibile<\/strong><\/p>\n<p>Tutto questo \u00e8 successo a Cortina dove il glamour internazionale si sa, \u00e9 di casa: signore elegantissime, ragazzi dandy, bambini da copertina. Questa \u00e8 Cortina, tradizionale e moderna, affascinante e dal carattere inconfondibile.<\/p>\n<p>Come inconfondibile \u00e8 lo stile dei partner che hanno dato lustro alla manifestazione, giunta alla sua 65\u00b0 edizione, a partire dal main sponsor Parmigiani Fleurier che ha scelto la Coppa d\u2019Oro per presentare le sue nuove collezioni e meraviglie meccaniche. Con l\u2019occasione la maison svizzera ha infatti ideato per il team vincitore il cronografo Kalpagraphe, organizzando per la prima volta a Cortina la sosta della Collection Atelier, una collezione itinerante di pezzi unici di alta orologeria, molto apprezzata dal pubblico presente. Suo anche il merito di aver portato a Cortina e, per la prima volta in Italia, insieme alla prestigiosa casa automobilistica Bugatti, la Veyron SS e l\u2019orologio a lei dedicato.<\/p>\n<p>I capi d\u2019alta gamma di BarkTM e le pregiate borse di Zagliani sono stati esposti nello store del lusso Franz Kraler dove si \u00e8 tenuto venerd\u00ec sera un cocktail che ha coinvolto gli ospiti della manifestazione. Presente anche la splendida attrice Giorgia Surina, madrina della Coppa d\u2019Oro delle Dolomiti e testimonial Pershing. Certamente il suo fascino non \u00e8 passato inosservato, cos\u00ec come la bellezza della Porsche 356 Cabriolet del 1967 rimasta parcheggiata durante l\u2019evento fuori dal locale, messa a disposizione da Porsche Italia.<\/p>\n<p>Eventi, sfilate d\u2019auto uniche e cene di gala, questo si \u00e8 vissuto a Cortina lo scorso week end, in un clima non certo favorevole a livello meteorologico, ma frizzante e mondano come sempre succede a chi la frequenta. 150 solo le bottiglie di champagne della Maison Charles Heidsieck stappate durante l\u2019elegante cena inaugurale di gioved\u00ec 30 al Cristallo Hotel Spa&amp;Golf alla presenza di autorit\u00e0, sponsor, equipaggi e ospiti d\u2019eccellenza. Sempre la prestigiosa casa vinicola ha assegnato al 65\u00b0 classificato assoluto &#8211; il team di giapponesi Kozuma-Horigome su Fiat 1100\/103 E &#8211; un viaggio a Reims per visitare la Maison Charles, oltre al famoso Museo dell\u2019Automobile.<\/p>\n<p><strong>\u00a0La competizione<\/strong><\/p>\n<p>Importanti e numerose le auto rare che hanno sfilato sul tappeto blu di Corso Italia: dalla BMW 328 Roadster del 1938 all\u2019Aston Martin Ulster del 1935, dalla Mercedes Benz 300 SL Gullwing del 1955 alla Maserati A6 GCS del 1954; una carrellata di auto prestigiose come la Porsche 550 A RS del 1957, la Jaguar Biondetti Special del 1950 e ancora la Ermini Sport Siluro del 1951 e l\u2019Alfa Romeo-6C 1750 Castagna del 1929.<\/p>\n<p>60 le prove di questa edizione, molto tecniche e rese ancora pi\u00f9 difficili dalla pioggia &#8211; a detta dei top driver pi\u00f9 esperti; le alternanze di tempi brevissimi e lunghi, i pressostati dietro le curve e in salita hanno alzato per altro l\u2019asticella del livello sportivo della gara, soprattutto tra coloro che si sono contesi il primo posto sul fil del centesimo di secondo. Acqua e nebbia non hanno certo aiutato la visibilit\u00e0 di piloti e navigatori, soprattutto durante la tappa delle \u201cDolomiti Friulane\u201d.<\/p>\n<p>E\u2019 stato in questa giornata che si \u00e8 registrato il maggior numero di ritiri e di interventi da parte dei meccanici. Plauso per la solidariet\u00e0 \u00e8 andato ai meccanici della Porsche che hanno aiutato lungo il percorso non solo le \u201cloro\u201d vetture, ma anche quelle di altre case automobilistiche.<\/p>\n<p>Ma i veri eroi del venerd\u00ec sono stati gli equipaggi delle \u201cbarchette\u201d, che non solo si sono ingegnati per non bagnare il roadbook coprendolo con plastica e altro, ma che non si sono lasciati abbattere dalle condizione meteo avverse e hanno portato a termine la tappa. Per fortuna a loro \u00e8 andato il bonus dell\u2019 8% concesso da regolamento.<\/p>\n<p>Alla partenza del sabato, per la storica e suggestiva tappa \u201cLe strade di Hemingway\u201d, le vetture sono state 104; il tempo pi\u00f9 clemente ha permesso a tutti i partecipanti di godersi maggiormente il paesaggio. Anche il pubblico, numeroso lungo tutto il percorso, non ha fatto mancare il suo incoraggiamento, il suo calore ed entusiasmo al passaggio delle auto. In fondo la gara di Cortina appartiene anche a loro, ne percepiscono sempre di pi\u00f9 la tradizione e il respiro internazionale. Tanti infatti sono stati gli ospiti stranieri: oltre 32 vetture provenienti da 10 paesi.<\/p>\n<p>Sabato sera occhi puntati sui cartelloni del centro classifiche per conoscere i vincitori. La gara \u00e8 stata infatti combattuta fino all\u2019ultimo centesimo, ma l\u2019inossidabile coppia Can\u00e9-Galliani della Loro Piana Classic su Lancia Aprilia del 1938 si \u00e8 imposta con 24,2 penalit\u00e0 di vantaggio su Ezio e Francesca Salviato, padre e figlia, sempre su Lancia Aprilia, ma del 1939. Al terzo posto Sergio Sisti e Roberto Gregori su Riley Sprite del 1936.<\/p>\n<p>I coniugi Can\u00e8 si sono imposti anche nel Trofeo Alte Sfere Heritage by BarkTM , ovvero la prova speciale al millesimo di secondo disputata domenica mattina in Corso Italia dai primi 65 classificati.<\/p>\n<p>Cristina Meini e Valeria Zacchi provenienti dalla \u201ccitt\u00e0 della Leonessa\u201d, sempre su Lancia Aprilia del 1938 sono arrivate prime tra gli equipaggi femminili e 21\u00b0 assolute mentre, i concittadini Alberto e Riccardo Riboldi si sono aggiudicati l\u2019ambitol premio ,con la FIAT Morettini 508 S del 1936, delle \u201cbarchette\u201d in onore di Danilo Calmonte. Primo tra i numerosi equipaggi stranieri la coppia di olandesi Houtkamp John e Rutger su Jaguar XK140 OTS Works del 1955. La miglior scuderia \u00e8 risultata la Loro Piana Classic.<\/p>\n<p>E per finire qualche curiosit\u00e0: alla gara hanno partecipato anche il Senatore Filippo Berselli su una simpatica Topolino, giunta 59a al traguardo e il Presidente dell\u2019ACI Italia Angelo Sticchi Damiani su una Lancia Aurelia B24 Convertibile II Serie del 1957.<\/p>\n<p>Gi\u00f9 il sipario dunque sulla 65ma edizione della Coppa d\u2019Oro delle Dolomiti, appuntamento di regolarit\u00e0 classica, Grande Evento CSAI che \u00e8 stato organizzato da Alte Sfere di Brescia su licenza dell\u2019Automobile Club di Belluno.<\/p>\n<p>Una festa che si \u00e8 conclusa con i complimenti di tutti, equipaggi e sponsor, per l\u2019impeccabile organizzazione. Commossa naturalmente Rossella Labate, Presidente del Comitato Organizzatore, con Stefano Sangalli vere anime dell\u2019evento.<\/p>\n<p>&nbsp;<\/p>","protected":false},"excerpt":{"rendered":"<p>Oltre 110 auto d\u2019epoca e un piccolo esercito di 600 persone hanno invaso Cortina lo scorso week end per l\u2019attesissima Coppa d\u2019Oro delle Dolomiti: equipaggi variegati, composti da coppie di amici, amiche, mariti e mogli, colleghi di lavoro, padri e figli o figlie, tutti naturalmente con al seguito famiglia, meccanici e immancabili sponsor. E poi [&hellip;]<\/p>\n","protected":false},"author":2,"featured_media":0,"comment_status":"closed","ping_status":"open","sticky":false,"template":"","format":"standard","meta":{"footnotes":""},"categories":[26,4],"tags":[],"class_list":["post-41786","post","type-post","status-publish","format-standard","category-prima-pagina","category-sport"],"yoast_head":"<!-- This site is optimized with the Yoast SEO plugin v28.4 - https:\/\/yoast.com\/product\/yoast-seo-wordpress\/ -->\n<title>Cala il sipario sulla 65ma Coppa d\u2019Oro delle Dolomiti. A Cortina d\u2019Ampezzo la \u201ccarica dei 600\u201d tra glamour e competizione pura - Bellunopress - Dolomiti<\/title>\n<meta name=\"robots\" content=\"index, follow, max-snippet:-1, max-image-preview:large, max-video-preview:-1\" \/>\n<link rel=\"canonical\" href=\"https:\/\/www.bellunopress.it\/fr\/2012\/09\/06\/cala-il-sipario-sulla-65ma-coppa-doro-delle-dolomiti-a-cortina-dampezzo-la-carica-dei-600-tra-glamour-e-competizione-pura\/\" \/>\n<meta property=\"og:locale\" content=\"fr_FR\" \/>\n<meta property=\"og:type\" content=\"article\" \/>\n<meta property=\"og:title\" content=\"Cala il sipario sulla 65ma Coppa d\u2019Oro delle Dolomiti. A Cortina d\u2019Ampezzo la \u201ccarica dei 600\u201d tra glamour e competizione pura - Bellunopress - Dolomiti\" \/>\n<meta property=\"og:description\" content=\"Oltre 110 auto d\u2019epoca e un piccolo esercito di 600 persone hanno invaso Cortina lo scorso week end per l\u2019attesissima Coppa d\u2019Oro delle Dolomiti: equipaggi variegati, composti da coppie di amici, amiche, mariti e mogli, colleghi di lavoro, padri e figli o figlie, tutti naturalmente con al seguito famiglia, meccanici e immancabili sponsor. E poi [&hellip;]\" \/>\n<meta property=\"og:url\" content=\"https:\/\/www.bellunopress.it\/fr\/2012\/09\/06\/cala-il-sipario-sulla-65ma-coppa-doro-delle-dolomiti-a-cortina-dampezzo-la-carica-dei-600-tra-glamour-e-competizione-pura\/\" \/>\n<meta property=\"og:site_name\" content=\"Bellunopress - Dolomiti\" \/>\n<meta property=\"article:publisher\" content=\"https:\/\/www.facebook.com\/profile.php?id=100008943462799\" \/>\n<meta property=\"article:published_time\" content=\"2012-09-06T15:59:10+00:00\" \/>\n<meta property=\"og:image\" content=\"http:\/\/www.bellunopress.it\/wp-content\/uploads\/2012\/09\/Coppa-doro-Can\u00e8_Galliani-Lancia-Aprilia.jpg\" \/>\n<meta name=\"author\" content=\"redazione\" \/>\n<meta name=\"twitter:card\" content=\"summary_large_image\" \/>\n<meta name=\"twitter:creator\" content=\"@bellunopress\" \/>\n<meta name=\"twitter:site\" content=\"@bellunopress\" \/>\n<meta name=\"twitter:label1\" content=\"\u00c9crit par\" \/>\n\t<meta name=\"twitter:data1\" content=\"redazione\" \/>\n\t<meta name=\"twitter:label2\" content=\"Dur\u00e9e de lecture estim\u00e9e\" \/>\n\t<meta name=\"twitter:data2\" content=\"5 minutes\" \/>\n<script type=\"application\/ld+json\" class=\"yoast-schema-graph\">{\"@context\":\"https:\\\/\\\/schema.org\",\"@graph\":[{\"@type\":\"Article\",\"@id\":\"https:\\\/\\\/www.bellunopress.it\\\/2012\\\/09\\\/06\\\/cala-il-sipario-sulla-65ma-coppa-doro-delle-dolomiti-a-cortina-dampezzo-la-carica-dei-600-tra-glamour-e-competizione-pura\\\/#article\",\"isPartOf\":{\"@id\":\"https:\\\/\\\/www.bellunopress.it\\\/2012\\\/09\\\/06\\\/cala-il-sipario-sulla-65ma-coppa-doro-delle-dolomiti-a-cortina-dampezzo-la-carica-dei-600-tra-glamour-e-competizione-pura\\\/\"},\"author\":{\"name\":\"redazione\",\"@id\":\"https:\\\/\\\/www.bellunopress.it\\\/#\\\/schema\\\/person\\\/79bb06722b37ece1c03d3e94beb30d73\"},\"headline\":\"Cala il sipario sulla 65ma Coppa d\u2019Oro delle Dolomiti. A Cortina d\u2019Ampezzo la \u201ccarica dei 600\u201d tra glamour e competizione pura\",\"datePublished\":\"2012-09-06T15:59:10+00:00\",\"mainEntityOfPage\":{\"@id\":\"https:\\\/\\\/www.bellunopress.it\\\/2012\\\/09\\\/06\\\/cala-il-sipario-sulla-65ma-coppa-doro-delle-dolomiti-a-cortina-dampezzo-la-carica-dei-600-tra-glamour-e-competizione-pura\\\/\"},\"wordCount\":1111,\"publisher\":{\"@id\":\"https:\\\/\\\/www.bellunopress.it\\\/#organization\"},\"articleSection\":[\"Prima Pagina\",\"Sport, tempo libero\"],\"inLanguage\":\"fr-FR\"},{\"@type\":\"WebPage\",\"@id\":\"https:\\\/\\\/www.bellunopress.it\\\/2012\\\/09\\\/06\\\/cala-il-sipario-sulla-65ma-coppa-doro-delle-dolomiti-a-cortina-dampezzo-la-carica-dei-600-tra-glamour-e-competizione-pura\\\/\",\"url\":\"https:\\\/\\\/www.bellunopress.it\\\/2012\\\/09\\\/06\\\/cala-il-sipario-sulla-65ma-coppa-doro-delle-dolomiti-a-cortina-dampezzo-la-carica-dei-600-tra-glamour-e-competizione-pura\\\/\",\"name\":\"Cala il sipario sulla 65ma Coppa d\u2019Oro delle Dolomiti. A Cortina d\u2019Ampezzo la \u201ccarica dei 600\u201d tra glamour e competizione pura - Bellunopress - Dolomiti\",\"isPartOf\":{\"@id\":\"https:\\\/\\\/www.bellunopress.it\\\/#website\"},\"datePublished\":\"2012-09-06T15:59:10+00:00\",\"breadcrumb\":{\"@id\":\"https:\\\/\\\/www.bellunopress.it\\\/2012\\\/09\\\/06\\\/cala-il-sipario-sulla-65ma-coppa-doro-delle-dolomiti-a-cortina-dampezzo-la-carica-dei-600-tra-glamour-e-competizione-pura\\\/#breadcrumb\"},\"inLanguage\":\"fr-FR\",\"potentialAction\":[{\"@type\":\"ReadAction\",\"target\":[\"https:\\\/\\\/www.bellunopress.it\\\/2012\\\/09\\\/06\\\/cala-il-sipario-sulla-65ma-coppa-doro-delle-dolomiti-a-cortina-dampezzo-la-carica-dei-600-tra-glamour-e-competizione-pura\\\/\"]}]},{\"@type\":\"BreadcrumbList\",\"@id\":\"https:\\\/\\\/www.bellunopress.it\\\/2012\\\/09\\\/06\\\/cala-il-sipario-sulla-65ma-coppa-doro-delle-dolomiti-a-cortina-dampezzo-la-carica-dei-600-tra-glamour-e-competizione-pura\\\/#breadcrumb\",\"itemListElement\":[{\"@type\":\"ListItem\",\"position\":1,\"name\":\"Home\",\"item\":\"https:\\\/\\\/www.bellunopress.it\\\/\"},{\"@type\":\"ListItem\",\"position\":2,\"name\":\"Cala il sipario sulla 65ma Coppa d\u2019Oro delle Dolomiti. A Cortina d\u2019Ampezzo la \u201ccarica dei 600\u201d tra glamour e competizione pura\"}]},{\"@type\":\"WebSite\",\"@id\":\"https:\\\/\\\/www.bellunopress.it\\\/#website\",\"url\":\"https:\\\/\\\/www.bellunopress.it\\\/\",\"name\":\"Bellunopress - Dolomiti\",\"description\":\"e-mail: redazione@bellunopress.it\",\"publisher\":{\"@id\":\"https:\\\/\\\/www.bellunopress.it\\\/#organization\"},\"potentialAction\":[{\"@type\":\"SearchAction\",\"target\":{\"@type\":\"EntryPoint\",\"urlTemplate\":\"https:\\\/\\\/www.bellunopress.it\\\/?s={search_term_string}\"},\"query-input\":{\"@type\":\"PropertyValueSpecification\",\"valueRequired\":true,\"valueName\":\"search_term_string\"}}],\"inLanguage\":\"fr-FR\"},{\"@type\":\"Organization\",\"@id\":\"https:\\\/\\\/www.bellunopress.it\\\/#organization\",\"name\":\"Bellunopress\",\"url\":\"https:\\\/\\\/www.bellunopress.it\\\/\",\"logo\":{\"@type\":\"ImageObject\",\"inLanguage\":\"fr-FR\",\"@id\":\"https:\\\/\\\/www.bellunopress.it\\\/#\\\/schema\\\/logo\\\/image\\\/\",\"url\":\"https:\\\/\\\/www.bellunopress.it\\\/wp-content\\\/uploads\\\/2011\\\/05\\\/cropped-logo-bellunopress-.jpg\",\"contentUrl\":\"https:\\\/\\\/www.bellunopress.it\\\/wp-content\\\/uploads\\\/2011\\\/05\\\/cropped-logo-bellunopress-.jpg\",\"width\":512,\"height\":512,\"caption\":\"Bellunopress\"},\"image\":{\"@id\":\"https:\\\/\\\/www.bellunopress.it\\\/#\\\/schema\\\/logo\\\/image\\\/\"},\"sameAs\":[\"https:\\\/\\\/www.facebook.com\\\/profile.php?id=100008943462799\",\"https:\\\/\\\/x.com\\\/bellunopress\",\"https:\\\/\\\/www.linkedin.com\\\/hp\\\/?dnr=JBzUWaJfMUw8vbXJJ2tVW5-I3jZKvC4wsoxE&amp;amp;amp;amp;amp;amp;trk=nav_responsive_tab_home\",\"https:\\\/\\\/www.youtube.com\\\/channel\\\/UCxL0wu1uN0_3_7hGG0306cw\"]},{\"@type\":\"Person\",\"@id\":\"https:\\\/\\\/www.bellunopress.it\\\/#\\\/schema\\\/person\\\/79bb06722b37ece1c03d3e94beb30d73\",\"name\":\"redazione\",\"image\":{\"@type\":\"ImageObject\",\"inLanguage\":\"fr-FR\",\"@id\":\"https:\\\/\\\/secure.gravatar.com\\\/avatar\\\/37d968a2e67a6fd04c169c4bdef102d0bc5d31b2546345219e348575eb80e9a0?s=96&d=mm&r=g\",\"url\":\"https:\\\/\\\/secure.gravatar.com\\\/avatar\\\/37d968a2e67a6fd04c169c4bdef102d0bc5d31b2546345219e348575eb80e9a0?s=96&d=mm&r=g\",\"contentUrl\":\"https:\\\/\\\/secure.gravatar.com\\\/avatar\\\/37d968a2e67a6fd04c169c4bdef102d0bc5d31b2546345219e348575eb80e9a0?s=96&d=mm&r=g\",\"caption\":\"redazione\"},\"sameAs\":[\"http:\\\/\\\/www.bellunopress.it\",\"https:\\\/\\\/x.com\\\/bellunopress\"],\"url\":\"https:\\\/\\\/www.bellunopress.it\\\/fr\\\/author\\\/redazione\\\/\"}]}<\/script>\n<!-- \/ Yoast SEO plugin. -->","yoast_head_json":{"title":"Cala il sipario sulla 65ma Coppa d\u2019Oro delle Dolomiti. A Cortina d\u2019Ampezzo la \u201ccarica dei 600\u201d tra glamour e competizione pura - Bellunopress - Dolomiti","robots":{"index":"index","follow":"follow","max-snippet":"max-snippet:-1","max-image-preview":"max-image-preview:large","max-video-preview":"max-video-preview:-1"},"canonical":"https:\/\/www.bellunopress.it\/fr\/2012\/09\/06\/cala-il-sipario-sulla-65ma-coppa-doro-delle-dolomiti-a-cortina-dampezzo-la-carica-dei-600-tra-glamour-e-competizione-pura\/","og_locale":"fr_FR","og_type":"article","og_title":"Cala il sipario sulla 65ma Coppa d\u2019Oro delle Dolomiti. A Cortina d\u2019Ampezzo la \u201ccarica dei 600\u201d tra glamour e competizione pura - Bellunopress - Dolomiti","og_description":"Oltre 110 auto d\u2019epoca e un piccolo esercito di 600 persone hanno invaso Cortina lo scorso week end per l\u2019attesissima Coppa d\u2019Oro delle Dolomiti: equipaggi variegati, composti da coppie di amici, amiche, mariti e mogli, colleghi di lavoro, padri e figli o figlie, tutti naturalmente con al seguito famiglia, meccanici e immancabili sponsor. E poi [&hellip;]","og_url":"https:\/\/www.bellunopress.it\/fr\/2012\/09\/06\/cala-il-sipario-sulla-65ma-coppa-doro-delle-dolomiti-a-cortina-dampezzo-la-carica-dei-600-tra-glamour-e-competizione-pura\/","og_site_name":"Bellunopress - Dolomiti","article_publisher":"https:\/\/www.facebook.com\/profile.php?id=100008943462799","article_published_time":"2012-09-06T15:59:10+00:00","og_image":[{"url":"http:\/\/www.bellunopress.it\/wp-content\/uploads\/2012\/09\/Coppa-doro-Can\u00e8_Galliani-Lancia-Aprilia.jpg","type":"","width":"","height":""}],"author":"redazione","twitter_card":"summary_large_image","twitter_creator":"@bellunopress","twitter_site":"@bellunopress","twitter_misc":{"\u00c9crit par":"redazione","Dur\u00e9e de lecture estim\u00e9e":"5 minutes"},"schema":{"@context":"https:\/\/schema.org","@graph":[{"@type":"Article","@id":"https:\/\/www.bellunopress.it\/2012\/09\/06\/cala-il-sipario-sulla-65ma-coppa-doro-delle-dolomiti-a-cortina-dampezzo-la-carica-dei-600-tra-glamour-e-competizione-pura\/#article","isPartOf":{"@id":"https:\/\/www.bellunopress.it\/2012\/09\/06\/cala-il-sipario-sulla-65ma-coppa-doro-delle-dolomiti-a-cortina-dampezzo-la-carica-dei-600-tra-glamour-e-competizione-pura\/"},"author":{"name":"redazione","@id":"https:\/\/www.bellunopress.it\/#\/schema\/person\/79bb06722b37ece1c03d3e94beb30d73"},"headline":"Cala il sipario sulla 65ma Coppa d\u2019Oro delle Dolomiti. A Cortina d\u2019Ampezzo la \u201ccarica dei 600\u201d tra glamour e competizione pura","datePublished":"2012-09-06T15:59:10+00:00","mainEntityOfPage":{"@id":"https:\/\/www.bellunopress.it\/2012\/09\/06\/cala-il-sipario-sulla-65ma-coppa-doro-delle-dolomiti-a-cortina-dampezzo-la-carica-dei-600-tra-glamour-e-competizione-pura\/"},"wordCount":1111,"publisher":{"@id":"https:\/\/www.bellunopress.it\/#organization"},"articleSection":["Prima Pagina","Sport, tempo libero"],"inLanguage":"fr-FR"},{"@type":"WebPage","@id":"https:\/\/www.bellunopress.it\/2012\/09\/06\/cala-il-sipario-sulla-65ma-coppa-doro-delle-dolomiti-a-cortina-dampezzo-la-carica-dei-600-tra-glamour-e-competizione-pura\/","url":"https:\/\/www.bellunopress.it\/2012\/09\/06\/cala-il-sipario-sulla-65ma-coppa-doro-delle-dolomiti-a-cortina-dampezzo-la-carica-dei-600-tra-glamour-e-competizione-pura\/","name":"Cala il sipario sulla 65ma Coppa d\u2019Oro delle Dolomiti. A Cortina d\u2019Ampezzo la \u201ccarica dei 600\u201d tra glamour e competizione pura - Bellunopress - Dolomiti","isPartOf":{"@id":"https:\/\/www.bellunopress.it\/#website"},"datePublished":"2012-09-06T15:59:10+00:00","breadcrumb":{"@id":"https:\/\/www.bellunopress.it\/2012\/09\/06\/cala-il-sipario-sulla-65ma-coppa-doro-delle-dolomiti-a-cortina-dampezzo-la-carica-dei-600-tra-glamour-e-competizione-pura\/#breadcrumb"},"inLanguage":"fr-FR","potentialAction":[{"@type":"ReadAction","target":["https:\/\/www.bellunopress.it\/2012\/09\/06\/cala-il-sipario-sulla-65ma-coppa-doro-delle-dolomiti-a-cortina-dampezzo-la-carica-dei-600-tra-glamour-e-competizione-pura\/"]}]},{"@type":"BreadcrumbList","@id":"https:\/\/www.bellunopress.it\/2012\/09\/06\/cala-il-sipario-sulla-65ma-coppa-doro-delle-dolomiti-a-cortina-dampezzo-la-carica-dei-600-tra-glamour-e-competizione-pura\/#breadcrumb","itemListElement":[{"@type":"ListItem","position":1,"name":"Home","item":"https:\/\/www.bellunopress.it\/"},{"@type":"ListItem","position":2,"name":"Cala il sipario sulla 65ma Coppa d\u2019Oro delle Dolomiti. A Cortina d\u2019Ampezzo la \u201ccarica dei 600\u201d tra glamour e competizione pura"}]},{"@type":"WebSite","@id":"https:\/\/www.bellunopress.it\/#website","url":"https:\/\/www.bellunopress.it\/","name":"Bellunopress - Dolomiti","description":"e-mail: redazione@bellunopress.it","publisher":{"@id":"https:\/\/www.bellunopress.it\/#organization"},"potentialAction":[{"@type":"SearchAction","target":{"@type":"EntryPoint","urlTemplate":"https:\/\/www.bellunopress.it\/?s={search_term_string}"},"query-input":{"@type":"PropertyValueSpecification","valueRequired":true,"valueName":"search_term_string"}}],"inLanguage":"fr-FR"},{"@type":"Organization","@id":"https:\/\/www.bellunopress.it\/#organization","name":"Bellunopress","url":"https:\/\/www.bellunopress.it\/","logo":{"@type":"ImageObject","inLanguage":"fr-FR","@id":"https:\/\/www.bellunopress.it\/#\/schema\/logo\/image\/","url":"https:\/\/www.bellunopress.it\/wp-content\/uploads\/2011\/05\/cropped-logo-bellunopress-.jpg","contentUrl":"https:\/\/www.bellunopress.it\/wp-content\/uploads\/2011\/05\/cropped-logo-bellunopress-.jpg","width":512,"height":512,"caption":"Bellunopress"},"image":{"@id":"https:\/\/www.bellunopress.it\/#\/schema\/logo\/image\/"},"sameAs":["https:\/\/www.facebook.com\/profile.php?id=100008943462799","https:\/\/x.com\/bellunopress","https:\/\/www.linkedin.com\/hp\/?dnr=JBzUWaJfMUw8vbXJJ2tVW5-I3jZKvC4wsoxE&amp;amp;amp;amp;amp;amp;trk=nav_responsive_tab_home","https:\/\/www.youtube.com\/channel\/UCxL0wu1uN0_3_7hGG0306cw"]},{"@type":"Person","@id":"https:\/\/www.bellunopress.it\/#\/schema\/person\/79bb06722b37ece1c03d3e94beb30d73","name":"r\u00e9daction","image":{"@type":"ImageObject","inLanguage":"fr-FR","@id":"https:\/\/secure.gravatar.com\/avatar\/37d968a2e67a6fd04c169c4bdef102d0bc5d31b2546345219e348575eb80e9a0?s=96&d=mm&r=g","url":"https:\/\/secure.gravatar.com\/avatar\/37d968a2e67a6fd04c169c4bdef102d0bc5d31b2546345219e348575eb80e9a0?s=96&d=mm&r=g","contentUrl":"https:\/\/secure.gravatar.com\/avatar\/37d968a2e67a6fd04c169c4bdef102d0bc5d31b2546345219e348575eb80e9a0?s=96&d=mm&r=g","caption":"redazione"},"sameAs":["http:\/\/www.bellunopress.it","https:\/\/x.com\/bellunopress"],"url":"https:\/\/www.bellunopress.it\/fr\/author\/redazione\/"}]}},"_links":{"self":[{"href":"https:\/\/www.bellunopress.it\/fr\/wp-json\/wp\/v2\/posts\/41786","targetHints":{"allow":["GET"]}}],"collection":[{"href":"https:\/\/www.bellunopress.it\/fr\/wp-json\/wp\/v2\/posts"}],"about":[{"href":"https:\/\/www.bellunopress.it\/fr\/wp-json\/wp\/v2\/types\/post"}],"author":[{"embeddable":true,"href":"https:\/\/www.bellunopress.it\/fr\/wp-json\/wp\/v2\/users\/2"}],"replies":[{"embeddable":true,"href":"https:\/\/www.bellunopress.it\/fr\/wp-json\/wp\/v2\/comments?post=41786"}],"version-history":[{"count":1,"href":"https:\/\/www.bellunopress.it\/fr\/wp-json\/wp\/v2\/posts\/41786\/revisions"}],"predecessor-version":[{"id":41787,"href":"https:\/\/www.bellunopress.it\/fr\/wp-json\/wp\/v2\/posts\/41786\/revisions\/41787"}],"wp:attachment":[{"href":"https:\/\/www.bellunopress.it\/fr\/wp-json\/wp\/v2\/media?parent=41786"}],"wp:term":[{"taxonomy":"category","embeddable":true,"href":"https:\/\/www.bellunopress.it\/fr\/wp-json\/wp\/v2\/categories?post=41786"},{"taxonomy":"post_tag","embeddable":true,"href":"https:\/\/www.bellunopress.it\/fr\/wp-json\/wp\/v2\/tags?post=41786"}],"curies":[{"name":"wp","href":"https:\/\/api.w.org\/{rel}","templated":true}]}}