{"id":40965,"date":"2012-08-10T13:01:28","date_gmt":"2012-08-10T12:01:28","guid":{"rendered":"http:\/\/www.bellunopress.it\/?p=40965"},"modified":"2012-08-10T13:01:28","modified_gmt":"2012-08-10T12:01:28","slug":"identificata-dalla-polizia-50enne-che-aveva-derubato-unanziana-in-casa","status":"publish","type":"post","link":"https:\/\/www.bellunopress.it\/fr\/2012\/08\/10\/identificata-dalla-polizia-50enne-che-aveva-derubato-unanziana-in-casa\/","title":{"rendered":"Identificata dalla polizia 50enne che aveva derubato un&#8217;anziana in casa"},"content":{"rendered":"<p>In due settimane di indagini, \u00e8 stata identificata dalla polizia l&#8217;autrice del furto in casa di un&#8217;anziana a Belluno. Si tratta di Z.L. 50enne gi\u00e0 nota alla polizia, deferita a piede libero per il reato di furto aggravato.<\/p>\n<p><a href=\"http:\/\/www.bellunopress.it\/wp-content\/uploads\/2011\/08\/polizia-150x113.jpg\"><img loading=\"lazy\" decoding=\"async\" class=\"alignleft size-full wp-image-29780\" title=\"polizia 150x113\" src=\"http:\/\/www.bellunopress.it\/wp-content\/uploads\/2011\/08\/polizia-150x113.jpg\" alt=\"\" width=\"150\" height=\"113\" \/><\/a>Il 12 luglio scorso una signora anziana abitante a Belluno chiamava il 113 dicendo di essere stata vittima di un furto nella propria abitazione. Sul posto interveniva personale della Squadra Volanti di Belluno che assumeva le prime informazioni sull\u2019accaduto. L&#8217;anziana precisava\u00a0di convivere con la sorella, la quale, raccontava che poco prima, mentre era sola in casa, aveva ricevuto la visita di una donna che in\u00a0dialetto bellunese\u00a0 le chiedeva di poter avere un bicchiere d\u2019acqua. Approfittando del momento la sconosciuta s&#8217;impossessava del portafogli contenente 500 euro in contanti riposto nella borsa che si trovava sul tavolo del soggiorno, facendo perdere le sue tracce.<\/p>\n<p>Diramate le ricerche con la descrizione fisica, gli agenti del Commissariato di Cortina, tenuto conto del modus operandi, immediatamente presumevano che si trattasse di una \u201cvecchia conoscenza\u201d, molto nota in quanto pregiudicata per numerosi furti effettuati con le stesse modalit\u00e0 ed assidua frequentatrice di Cortina.<\/p>\n<p>Il 27 luglio il\u00a0personale del Commissariato, individuava la sospettata alla stazione delle corriere e immediatamente la invitava in ufficio per accertamenti. Alle prime verifiche e di fronte alle contestazione degli agenti, la donna confessava il furto in Belluno. Pertanto Z.L. italiana, di anni 50, veniva deferita a piede libero all\u2019A.G.per il reato di furto aggravato, in danno dell\u2019anziana.<\/p>","protected":false},"excerpt":{"rendered":"<p>In due settimane di indagini, \u00e8 stata identificata dalla polizia l&#8217;autrice del furto in casa di un&#8217;anziana a Belluno. Si tratta di Z.L. 50enne gi\u00e0 nota alla polizia, deferita a piede libero per il reato di furto aggravato. Il 12 luglio scorso una signora anziana abitante a Belluno chiamava il 113 dicendo di essere stata [&hellip;]<\/p>\n","protected":false},"author":2,"featured_media":0,"comment_status":"closed","ping_status":"open","sticky":false,"template":"","format":"standard","meta":{"footnotes":""},"categories":[5,26],"tags":[],"class_list":["post-40965","post","type-post","status-publish","format-standard","category-cronaca","category-prima-pagina"],"yoast_head":"<!-- This site is optimized with the Yoast SEO plugin v28.4 - https:\/\/yoast.com\/product\/yoast-seo-wordpress\/ -->\n<title>Identificata dalla polizia 50enne che aveva derubato un&#039;anziana in casa - Bellunopress - Dolomiti<\/title>\n<meta name=\"robots\" content=\"index, follow, max-snippet:-1, max-image-preview:large, max-video-preview:-1\" \/>\n<link rel=\"canonical\" href=\"https:\/\/www.bellunopress.it\/fr\/2012\/08\/10\/identificata-dalla-polizia-50enne-che-aveva-derubato-unanziana-in-casa\/\" \/>\n<meta property=\"og:locale\" content=\"fr_FR\" \/>\n<meta property=\"og:type\" content=\"article\" \/>\n<meta property=\"og:title\" content=\"Identificata dalla polizia 50enne che aveva derubato un&#039;anziana in casa - Bellunopress - Dolomiti\" \/>\n<meta property=\"og:description\" content=\"In due settimane di indagini, \u00e8 stata identificata dalla polizia l&#8217;autrice del furto in casa di un&#8217;anziana a Belluno. Si tratta di Z.L. 50enne gi\u00e0 nota alla polizia, deferita a piede libero per il reato di furto aggravato. Il 12 luglio scorso una signora anziana abitante a Belluno chiamava il 113 dicendo di essere stata [&hellip;]\" \/>\n<meta property=\"og:url\" content=\"https:\/\/www.bellunopress.it\/fr\/2012\/08\/10\/identificata-dalla-polizia-50enne-che-aveva-derubato-unanziana-in-casa\/\" \/>\n<meta property=\"og:site_name\" content=\"Bellunopress - Dolomiti\" \/>\n<meta property=\"article:publisher\" content=\"https:\/\/www.facebook.com\/profile.php?id=100008943462799\" \/>\n<meta property=\"article:published_time\" content=\"2012-08-10T12:01:28+00:00\" \/>\n<meta property=\"og:image\" content=\"http:\/\/www.bellunopress.it\/wp-content\/uploads\/2011\/08\/polizia-150x113.jpg\" \/>\n<meta name=\"author\" content=\"redazione\" \/>\n<meta name=\"twitter:card\" content=\"summary_large_image\" \/>\n<meta name=\"twitter:creator\" content=\"@bellunopress\" \/>\n<meta name=\"twitter:site\" content=\"@bellunopress\" \/>\n<meta name=\"twitter:label1\" content=\"\u00c9crit par\" \/>\n\t<meta name=\"twitter:data1\" content=\"redazione\" \/>\n\t<meta name=\"twitter:label2\" content=\"Dur\u00e9e de lecture estim\u00e9e\" \/>\n\t<meta name=\"twitter:data2\" content=\"1 minute\" \/>\n<script type=\"application\/ld+json\" class=\"yoast-schema-graph\">{\"@context\":\"https:\\\/\\\/schema.org\",\"@graph\":[{\"@type\":\"Article\",\"@id\":\"https:\\\/\\\/www.bellunopress.it\\\/2012\\\/08\\\/10\\\/identificata-dalla-polizia-50enne-che-aveva-derubato-unanziana-in-casa\\\/#article\",\"isPartOf\":{\"@id\":\"https:\\\/\\\/www.bellunopress.it\\\/2012\\\/08\\\/10\\\/identificata-dalla-polizia-50enne-che-aveva-derubato-unanziana-in-casa\\\/\"},\"author\":{\"name\":\"redazione\",\"@id\":\"https:\\\/\\\/www.bellunopress.it\\\/#\\\/schema\\\/person\\\/79bb06722b37ece1c03d3e94beb30d73\"},\"headline\":\"Identificata dalla polizia 50enne che aveva derubato un&#8217;anziana in casa\",\"datePublished\":\"2012-08-10T12:01:28+00:00\",\"mainEntityOfPage\":{\"@id\":\"https:\\\/\\\/www.bellunopress.it\\\/2012\\\/08\\\/10\\\/identificata-dalla-polizia-50enne-che-aveva-derubato-unanziana-in-casa\\\/\"},\"wordCount\":263,\"publisher\":{\"@id\":\"https:\\\/\\\/www.bellunopress.it\\\/#organization\"},\"image\":{\"@id\":\"https:\\\/\\\/www.bellunopress.it\\\/2012\\\/08\\\/10\\\/identificata-dalla-polizia-50enne-che-aveva-derubato-unanziana-in-casa\\\/#primaryimage\"},\"thumbnailUrl\":\"http:\\\/\\\/www.bellunopress.it\\\/wp-content\\\/uploads\\\/2011\\\/08\\\/polizia-150x113.jpg\",\"articleSection\":[\"Cronaca\\\/Politica\",\"Prima Pagina\"],\"inLanguage\":\"fr-FR\"},{\"@type\":\"WebPage\",\"@id\":\"https:\\\/\\\/www.bellunopress.it\\\/2012\\\/08\\\/10\\\/identificata-dalla-polizia-50enne-che-aveva-derubato-unanziana-in-casa\\\/\",\"url\":\"https:\\\/\\\/www.bellunopress.it\\\/2012\\\/08\\\/10\\\/identificata-dalla-polizia-50enne-che-aveva-derubato-unanziana-in-casa\\\/\",\"name\":\"Identificata dalla polizia 50enne che aveva derubato un'anziana in casa - Bellunopress - Dolomiti\",\"isPartOf\":{\"@id\":\"https:\\\/\\\/www.bellunopress.it\\\/#website\"},\"primaryImageOfPage\":{\"@id\":\"https:\\\/\\\/www.bellunopress.it\\\/2012\\\/08\\\/10\\\/identificata-dalla-polizia-50enne-che-aveva-derubato-unanziana-in-casa\\\/#primaryimage\"},\"image\":{\"@id\":\"https:\\\/\\\/www.bellunopress.it\\\/2012\\\/08\\\/10\\\/identificata-dalla-polizia-50enne-che-aveva-derubato-unanziana-in-casa\\\/#primaryimage\"},\"thumbnailUrl\":\"http:\\\/\\\/www.bellunopress.it\\\/wp-content\\\/uploads\\\/2011\\\/08\\\/polizia-150x113.jpg\",\"datePublished\":\"2012-08-10T12:01:28+00:00\",\"breadcrumb\":{\"@id\":\"https:\\\/\\\/www.bellunopress.it\\\/2012\\\/08\\\/10\\\/identificata-dalla-polizia-50enne-che-aveva-derubato-unanziana-in-casa\\\/#breadcrumb\"},\"inLanguage\":\"fr-FR\",\"potentialAction\":[{\"@type\":\"ReadAction\",\"target\":[\"https:\\\/\\\/www.bellunopress.it\\\/2012\\\/08\\\/10\\\/identificata-dalla-polizia-50enne-che-aveva-derubato-unanziana-in-casa\\\/\"]}]},{\"@type\":\"ImageObject\",\"inLanguage\":\"fr-FR\",\"@id\":\"https:\\\/\\\/www.bellunopress.it\\\/2012\\\/08\\\/10\\\/identificata-dalla-polizia-50enne-che-aveva-derubato-unanziana-in-casa\\\/#primaryimage\",\"url\":\"http:\\\/\\\/www.bellunopress.it\\\/wp-content\\\/uploads\\\/2011\\\/08\\\/polizia-150x113.jpg\",\"contentUrl\":\"http:\\\/\\\/www.bellunopress.it\\\/wp-content\\\/uploads\\\/2011\\\/08\\\/polizia-150x113.jpg\"},{\"@type\":\"BreadcrumbList\",\"@id\":\"https:\\\/\\\/www.bellunopress.it\\\/2012\\\/08\\\/10\\\/identificata-dalla-polizia-50enne-che-aveva-derubato-unanziana-in-casa\\\/#breadcrumb\",\"itemListElement\":[{\"@type\":\"ListItem\",\"position\":1,\"name\":\"Home\",\"item\":\"https:\\\/\\\/www.bellunopress.it\\\/\"},{\"@type\":\"ListItem\",\"position\":2,\"name\":\"Identificata dalla polizia 50enne che aveva derubato un&#8217;anziana in casa\"}]},{\"@type\":\"WebSite\",\"@id\":\"https:\\\/\\\/www.bellunopress.it\\\/#website\",\"url\":\"https:\\\/\\\/www.bellunopress.it\\\/\",\"name\":\"Bellunopress - Dolomiti\",\"description\":\"e-mail: redazione@bellunopress.it\",\"publisher\":{\"@id\":\"https:\\\/\\\/www.bellunopress.it\\\/#organization\"},\"potentialAction\":[{\"@type\":\"SearchAction\",\"target\":{\"@type\":\"EntryPoint\",\"urlTemplate\":\"https:\\\/\\\/www.bellunopress.it\\\/?s={search_term_string}\"},\"query-input\":{\"@type\":\"PropertyValueSpecification\",\"valueRequired\":true,\"valueName\":\"search_term_string\"}}],\"inLanguage\":\"fr-FR\"},{\"@type\":\"Organization\",\"@id\":\"https:\\\/\\\/www.bellunopress.it\\\/#organization\",\"name\":\"Bellunopress\",\"url\":\"https:\\\/\\\/www.bellunopress.it\\\/\",\"logo\":{\"@type\":\"ImageObject\",\"inLanguage\":\"fr-FR\",\"@id\":\"https:\\\/\\\/www.bellunopress.it\\\/#\\\/schema\\\/logo\\\/image\\\/\",\"url\":\"https:\\\/\\\/www.bellunopress.it\\\/wp-content\\\/uploads\\\/2011\\\/05\\\/cropped-logo-bellunopress-.jpg\",\"contentUrl\":\"https:\\\/\\\/www.bellunopress.it\\\/wp-content\\\/uploads\\\/2011\\\/05\\\/cropped-logo-bellunopress-.jpg\",\"width\":512,\"height\":512,\"caption\":\"Bellunopress\"},\"image\":{\"@id\":\"https:\\\/\\\/www.bellunopress.it\\\/#\\\/schema\\\/logo\\\/image\\\/\"},\"sameAs\":[\"https:\\\/\\\/www.facebook.com\\\/profile.php?id=100008943462799\",\"https:\\\/\\\/x.com\\\/bellunopress\",\"https:\\\/\\\/www.linkedin.com\\\/hp\\\/?dnr=JBzUWaJfMUw8vbXJJ2tVW5-I3jZKvC4wsoxE&amp;amp;amp;amp;amp;amp;trk=nav_responsive_tab_home\",\"https:\\\/\\\/www.youtube.com\\\/channel\\\/UCxL0wu1uN0_3_7hGG0306cw\"]},{\"@type\":\"Person\",\"@id\":\"https:\\\/\\\/www.bellunopress.it\\\/#\\\/schema\\\/person\\\/79bb06722b37ece1c03d3e94beb30d73\",\"name\":\"redazione\",\"image\":{\"@type\":\"ImageObject\",\"inLanguage\":\"fr-FR\",\"@id\":\"https:\\\/\\\/secure.gravatar.com\\\/avatar\\\/37d968a2e67a6fd04c169c4bdef102d0bc5d31b2546345219e348575eb80e9a0?s=96&d=mm&r=g\",\"url\":\"https:\\\/\\\/secure.gravatar.com\\\/avatar\\\/37d968a2e67a6fd04c169c4bdef102d0bc5d31b2546345219e348575eb80e9a0?s=96&d=mm&r=g\",\"contentUrl\":\"https:\\\/\\\/secure.gravatar.com\\\/avatar\\\/37d968a2e67a6fd04c169c4bdef102d0bc5d31b2546345219e348575eb80e9a0?s=96&d=mm&r=g\",\"caption\":\"redazione\"},\"sameAs\":[\"http:\\\/\\\/www.bellunopress.it\",\"https:\\\/\\\/x.com\\\/bellunopress\"],\"url\":\"https:\\\/\\\/www.bellunopress.it\\\/fr\\\/author\\\/redazione\\\/\"}]}<\/script>\n<!-- \/ Yoast SEO plugin. -->","yoast_head_json":{"title":"Identificata dalla polizia 50enne che aveva derubato un'anziana in casa - Bellunopress - Dolomiti","robots":{"index":"index","follow":"follow","max-snippet":"max-snippet:-1","max-image-preview":"max-image-preview:large","max-video-preview":"max-video-preview:-1"},"canonical":"https:\/\/www.bellunopress.it\/fr\/2012\/08\/10\/identificata-dalla-polizia-50enne-che-aveva-derubato-unanziana-in-casa\/","og_locale":"fr_FR","og_type":"article","og_title":"Identificata dalla polizia 50enne che aveva derubato un'anziana in casa - Bellunopress - Dolomiti","og_description":"In due settimane di indagini, \u00e8 stata identificata dalla polizia l&#8217;autrice del furto in casa di un&#8217;anziana a Belluno. Si tratta di Z.L. 50enne gi\u00e0 nota alla polizia, deferita a piede libero per il reato di furto aggravato. Il 12 luglio scorso una signora anziana abitante a Belluno chiamava il 113 dicendo di essere stata [&hellip;]","og_url":"https:\/\/www.bellunopress.it\/fr\/2012\/08\/10\/identificata-dalla-polizia-50enne-che-aveva-derubato-unanziana-in-casa\/","og_site_name":"Bellunopress - Dolomiti","article_publisher":"https:\/\/www.facebook.com\/profile.php?id=100008943462799","article_published_time":"2012-08-10T12:01:28+00:00","og_image":[{"url":"http:\/\/www.bellunopress.it\/wp-content\/uploads\/2011\/08\/polizia-150x113.jpg","type":"","width":"","height":""}],"author":"redazione","twitter_card":"summary_large_image","twitter_creator":"@bellunopress","twitter_site":"@bellunopress","twitter_misc":{"\u00c9crit par":"redazione","Dur\u00e9e de lecture estim\u00e9e":"1 minute"},"schema":{"@context":"https:\/\/schema.org","@graph":[{"@type":"Article","@id":"https:\/\/www.bellunopress.it\/2012\/08\/10\/identificata-dalla-polizia-50enne-che-aveva-derubato-unanziana-in-casa\/#article","isPartOf":{"@id":"https:\/\/www.bellunopress.it\/2012\/08\/10\/identificata-dalla-polizia-50enne-che-aveva-derubato-unanziana-in-casa\/"},"author":{"name":"redazione","@id":"https:\/\/www.bellunopress.it\/#\/schema\/person\/79bb06722b37ece1c03d3e94beb30d73"},"headline":"Identificata dalla polizia 50enne che aveva derubato un&#8217;anziana in casa","datePublished":"2012-08-10T12:01:28+00:00","mainEntityOfPage":{"@id":"https:\/\/www.bellunopress.it\/2012\/08\/10\/identificata-dalla-polizia-50enne-che-aveva-derubato-unanziana-in-casa\/"},"wordCount":263,"publisher":{"@id":"https:\/\/www.bellunopress.it\/#organization"},"image":{"@id":"https:\/\/www.bellunopress.it\/2012\/08\/10\/identificata-dalla-polizia-50enne-che-aveva-derubato-unanziana-in-casa\/#primaryimage"},"thumbnailUrl":"http:\/\/www.bellunopress.it\/wp-content\/uploads\/2011\/08\/polizia-150x113.jpg","articleSection":["Cronaca\/Politica","Prima Pagina"],"inLanguage":"fr-FR"},{"@type":"WebPage","@id":"https:\/\/www.bellunopress.it\/2012\/08\/10\/identificata-dalla-polizia-50enne-che-aveva-derubato-unanziana-in-casa\/","url":"https:\/\/www.bellunopress.it\/2012\/08\/10\/identificata-dalla-polizia-50enne-che-aveva-derubato-unanziana-in-casa\/","name":"Identificata dalla polizia 50enne che aveva derubato un'anziana in casa - Bellunopress - Dolomiti","isPartOf":{"@id":"https:\/\/www.bellunopress.it\/#website"},"primaryImageOfPage":{"@id":"https:\/\/www.bellunopress.it\/2012\/08\/10\/identificata-dalla-polizia-50enne-che-aveva-derubato-unanziana-in-casa\/#primaryimage"},"image":{"@id":"https:\/\/www.bellunopress.it\/2012\/08\/10\/identificata-dalla-polizia-50enne-che-aveva-derubato-unanziana-in-casa\/#primaryimage"},"thumbnailUrl":"http:\/\/www.bellunopress.it\/wp-content\/uploads\/2011\/08\/polizia-150x113.jpg","datePublished":"2012-08-10T12:01:28+00:00","breadcrumb":{"@id":"https:\/\/www.bellunopress.it\/2012\/08\/10\/identificata-dalla-polizia-50enne-che-aveva-derubato-unanziana-in-casa\/#breadcrumb"},"inLanguage":"fr-FR","potentialAction":[{"@type":"ReadAction","target":["https:\/\/www.bellunopress.it\/2012\/08\/10\/identificata-dalla-polizia-50enne-che-aveva-derubato-unanziana-in-casa\/"]}]},{"@type":"ImageObject","inLanguage":"fr-FR","@id":"https:\/\/www.bellunopress.it\/2012\/08\/10\/identificata-dalla-polizia-50enne-che-aveva-derubato-unanziana-in-casa\/#primaryimage","url":"http:\/\/www.bellunopress.it\/wp-content\/uploads\/2011\/08\/polizia-150x113.jpg","contentUrl":"http:\/\/www.bellunopress.it\/wp-content\/uploads\/2011\/08\/polizia-150x113.jpg"},{"@type":"BreadcrumbList","@id":"https:\/\/www.bellunopress.it\/2012\/08\/10\/identificata-dalla-polizia-50enne-che-aveva-derubato-unanziana-in-casa\/#breadcrumb","itemListElement":[{"@type":"ListItem","position":1,"name":"Home","item":"https:\/\/www.bellunopress.it\/"},{"@type":"ListItem","position":2,"name":"Identificata dalla polizia 50enne che aveva derubato un&#8217;anziana in casa"}]},{"@type":"WebSite","@id":"https:\/\/www.bellunopress.it\/#website","url":"https:\/\/www.bellunopress.it\/","name":"Bellunopress - Dolomiti","description":"e-mail: redazione@bellunopress.it","publisher":{"@id":"https:\/\/www.bellunopress.it\/#organization"},"potentialAction":[{"@type":"SearchAction","target":{"@type":"EntryPoint","urlTemplate":"https:\/\/www.bellunopress.it\/?s={search_term_string}"},"query-input":{"@type":"PropertyValueSpecification","valueRequired":true,"valueName":"search_term_string"}}],"inLanguage":"fr-FR"},{"@type":"Organization","@id":"https:\/\/www.bellunopress.it\/#organization","name":"Bellunopress","url":"https:\/\/www.bellunopress.it\/","logo":{"@type":"ImageObject","inLanguage":"fr-FR","@id":"https:\/\/www.bellunopress.it\/#\/schema\/logo\/image\/","url":"https:\/\/www.bellunopress.it\/wp-content\/uploads\/2011\/05\/cropped-logo-bellunopress-.jpg","contentUrl":"https:\/\/www.bellunopress.it\/wp-content\/uploads\/2011\/05\/cropped-logo-bellunopress-.jpg","width":512,"height":512,"caption":"Bellunopress"},"image":{"@id":"https:\/\/www.bellunopress.it\/#\/schema\/logo\/image\/"},"sameAs":["https:\/\/www.facebook.com\/profile.php?id=100008943462799","https:\/\/x.com\/bellunopress","https:\/\/www.linkedin.com\/hp\/?dnr=JBzUWaJfMUw8vbXJJ2tVW5-I3jZKvC4wsoxE&amp;amp;amp;amp;amp;amp;trk=nav_responsive_tab_home","https:\/\/www.youtube.com\/channel\/UCxL0wu1uN0_3_7hGG0306cw"]},{"@type":"Person","@id":"https:\/\/www.bellunopress.it\/#\/schema\/person\/79bb06722b37ece1c03d3e94beb30d73","name":"r\u00e9daction","image":{"@type":"ImageObject","inLanguage":"fr-FR","@id":"https:\/\/secure.gravatar.com\/avatar\/37d968a2e67a6fd04c169c4bdef102d0bc5d31b2546345219e348575eb80e9a0?s=96&d=mm&r=g","url":"https:\/\/secure.gravatar.com\/avatar\/37d968a2e67a6fd04c169c4bdef102d0bc5d31b2546345219e348575eb80e9a0?s=96&d=mm&r=g","contentUrl":"https:\/\/secure.gravatar.com\/avatar\/37d968a2e67a6fd04c169c4bdef102d0bc5d31b2546345219e348575eb80e9a0?s=96&d=mm&r=g","caption":"redazione"},"sameAs":["http:\/\/www.bellunopress.it","https:\/\/x.com\/bellunopress"],"url":"https:\/\/www.bellunopress.it\/fr\/author\/redazione\/"}]}},"_links":{"self":[{"href":"https:\/\/www.bellunopress.it\/fr\/wp-json\/wp\/v2\/posts\/40965","targetHints":{"allow":["GET"]}}],"collection":[{"href":"https:\/\/www.bellunopress.it\/fr\/wp-json\/wp\/v2\/posts"}],"about":[{"href":"https:\/\/www.bellunopress.it\/fr\/wp-json\/wp\/v2\/types\/post"}],"author":[{"embeddable":true,"href":"https:\/\/www.bellunopress.it\/fr\/wp-json\/wp\/v2\/users\/2"}],"replies":[{"embeddable":true,"href":"https:\/\/www.bellunopress.it\/fr\/wp-json\/wp\/v2\/comments?post=40965"}],"version-history":[{"count":2,"href":"https:\/\/www.bellunopress.it\/fr\/wp-json\/wp\/v2\/posts\/40965\/revisions"}],"predecessor-version":[{"id":40967,"href":"https:\/\/www.bellunopress.it\/fr\/wp-json\/wp\/v2\/posts\/40965\/revisions\/40967"}],"wp:attachment":[{"href":"https:\/\/www.bellunopress.it\/fr\/wp-json\/wp\/v2\/media?parent=40965"}],"wp:term":[{"taxonomy":"category","embeddable":true,"href":"https:\/\/www.bellunopress.it\/fr\/wp-json\/wp\/v2\/categories?post=40965"},{"taxonomy":"post_tag","embeddable":true,"href":"https:\/\/www.bellunopress.it\/fr\/wp-json\/wp\/v2\/tags?post=40965"}],"curies":[{"name":"wp","href":"https:\/\/api.w.org\/{rel}","templated":true}]}}