{"id":39947,"date":"2012-07-10T07:19:41","date_gmt":"2012-07-10T06:19:41","guid":{"rendered":"http:\/\/www.bellunopress.it\/?p=39947"},"modified":"2012-07-10T07:20:34","modified_gmt":"2012-07-10T06:20:34","slug":"oltre-trenta-le-opere-candidate-al-premio-cortina-dampezzo-ecco-tutti-i-titoli","status":"publish","type":"post","link":"https:\/\/www.bellunopress.it\/fr\/2012\/07\/10\/oltre-trenta-le-opere-candidate-al-premio-cortina-dampezzo-ecco-tutti-i-titoli\/","title":{"rendered":"Oltre trenta le opere candidate al Premio Cortina d&#8217;Ampezzo: ecco tutti i titoli"},"content":{"rendered":"<p><a href=\"http:\/\/www.bellunopress.it\/wp-content\/uploads\/2012\/07\/premio-cortina.jpg\"><img loading=\"lazy\" decoding=\"async\" class=\"alignleft size-full wp-image-39948\" title=\"premio cortina\" src=\"http:\/\/www.bellunopress.it\/wp-content\/uploads\/2012\/07\/premio-cortina.jpg\" alt=\"\" width=\"162\" height=\"117\" \/><\/a>Sono sedici le opere che concorrono al Premio Cortina d\u2019Ampezzo 2012, e quindici quelle candidate al Premio della Montagna Cortina d\u2019Ampezzo 2012, pervenute su proposta delle case editrici e dei Giurati negli ultimi due mesi. Lo rende noto l\u2019organizzazione del Premio, che \u00e8 quest\u2019anno alla sua seconda edizione. La competizione letteraria delle Dolomiti culminer\u00e0 nella finale del 30 agosto, con la proclamazione dei vincitori nelle due categorie sopra citate (e nella categoria del Premio Internet Cortina d\u2019Ampezzo), ovviamente a Cortina.<\/p>\n<p>&nbsp;<\/p>\n<p>Ma intanto i riflettori sono puntati sulla selezione delle settine dei semifinalisti: le due Giurie del Premio, capitanate rispettivamente da Gian Arturo Ferrari, Presidente del Centro per il Libro istituito dal Consiglio dei Ministri, e dallo scrittore e giornalista Arrigo Petacco, si riuniranno infatti tra marted\u00ec 10 e mercoled\u00ec 11 luglio. Mercoled\u00ec sar\u00e0 infatti il Park Hotel Faloria di Cortina d&#8217;Ampezzo ad accogliere la riunione dei Giurati, come da tradizione. Ma gi\u00e0 si sanno i titoli delle opere in concorso, sulle quali i Giurati faranno la scelta. Eccole, di seguito.<\/p>\n<p>&nbsp;<\/p>\n<p>Al Premio Cortina (narrativa nazionale) sono candidati:<\/p>\n<p>&nbsp;<\/p>\n<p>Antonio Monda, L\u2019America non esiste (Mondadori)<\/p>\n<p>&nbsp;<\/p>\n<p>Edoardo Albinati, Vita e morte di un ingegnere (Mondadori)<\/p>\n<p>&nbsp;<\/p>\n<p>Marcello Fois, Nel tempo di mezzo (Einaudi)<\/p>\n<p>&nbsp;<\/p>\n<p>Clara Sereni, Una storia chiusa (Rizzoli)<\/p>\n<p>&nbsp;<\/p>\n<p>Gaetano Cappelli, Baci a colazione (Marsilio)<\/p>\n<p>&nbsp;<\/p>\n<p>Enrico Brizzi, La legge della giungla (Laterza)<\/p>\n<p>&nbsp;<\/p>\n<p>Maurizio Cucchi, L&#8217;indifferenza dell&#8217;assassino (Guanda)<\/p>\n<p>&nbsp;<\/p>\n<p>Carlo A. Martigli, L&#8217;eretico (Longanesi)<\/p>\n<p>&nbsp;<\/p>\n<p>Carlo Alfieri, Una vita complicata (Mursia)<\/p>\n<p>&nbsp;<\/p>\n<p>Giorgio Manacorda, Il corridoio di legno (Voland)<\/p>\n<p>&nbsp;<\/p>\n<p>Alessandro Mischi, Il battito nelle corde (Minerva)<\/p>\n<p>&nbsp;<\/p>\n<p>Nadia Scappini, Le ciliegie sotto il tavolo (Marietti)<\/p>\n<p>&nbsp;<\/p>\n<p>Antonio Derro, Sognando Morgana (Genesi)<\/p>\n<p>&nbsp;<\/p>\n<p>Massimo Spadetto, Il grande mazziere (Enjoy)<\/p>\n<p>&nbsp;<\/p>\n<p>Annella Prisco, Appuntamento in rosso (Guida)<\/p>\n<p>&nbsp;<\/p>\n<p>Karin L. Gelten, Mapuche. Lo spirito del vulcano (Reverdito).<\/p>\n<p>&nbsp;<\/p>\n<p>&nbsp;<\/p>\n<p>&nbsp;<\/p>\n<p>Al Premio della Montagna (libri di vario genere che hanno a tema o sono connesse alla Montagna) sono invece candidati:<\/p>\n<p>&nbsp;<\/p>\n<p>Marco Albino Ferrari, Alpi segrete (Laterza)<\/p>\n<p>&nbsp;<\/p>\n<p>Jean Michel Asselin, Sonam sherpa (Corbaccio)<\/p>\n<p>&nbsp;<\/p>\n<p>Devis Bonanni, Pecoranera (Marsilio)<\/p>\n<p>&nbsp;<\/p>\n<p>Italo Zandonella, La ragazza del mulo (Mursia)<\/p>\n<p>&nbsp;<\/p>\n<p>Marco Confortola, Ricominciare (Baldini Castoldi Dalai)<\/p>\n<p>&nbsp;<\/p>\n<p>Marco Albino Ferrari, Racconti di pareti e di scalate (Einaudi)<\/p>\n<p>&nbsp;<\/p>\n<p>Mauro Corona, Come sasso nella corrente (Mondadori)<\/p>\n<p>&nbsp;<\/p>\n<p>Marco Andreolli, Freddo dentro (Marietti)<\/p>\n<p>&nbsp;<\/p>\n<p>Guido Alfonso Tommasini, Valzer in nero (Aletti)<\/p>\n<p>&nbsp;<\/p>\n<p>Italo Zandonella, Il pastore che amava i libri (Biblioteca dell&#8217;Immagine)<\/p>\n<p>&nbsp;<\/p>\n<p>Giovanni Pagogna, Il trono delle ombre (Rizzoli)<\/p>\n<p>&nbsp;<\/p>\n<p>Roberto Serafin, Walter Bonatti. L\u2019uomo, il mito (Priuli &amp; Verlucca)<\/p>\n<p>&nbsp;<\/p>\n<p>Angiola Tremonti, La valle degli orsi (Bompiani)<\/p>\n<p>&nbsp;<\/p>\n<p>Silvano Faggioni, Theodor Christomannos (Reverdito)<\/p>\n<p>&nbsp;<\/p>\n<p>Stefano Vietina, Storie di uomini e imprese che fanno vivere la montagna (Arco).<\/p>\n<p>&nbsp;<\/p>\n<p>C&#8217;\u00e8 molta attesa per lo snodarsi delle tappe salienti della competizione, che si preannunciano ricche e complesse. Dopo la selezione delle settine, a fine luglio verranno individuati i tre finalisti nelle due categorie del Premio, che saranno presenti alla cerimonia di premiazione, che si terr\u00e0 ovviamente a Cortina il 30 agosto 2012, quando verr\u00e0 svelato il nome del vincitore.<\/p>\n<p>&nbsp;<\/p>\n<p>Il Premio, ideato e voluto da Vera Slepoj, psicologa e scrittrice, con lo storico cortinese Francesco Chiamulera, vede all\u2019opera due Giurie composte da figure di primo piano della cultura, dell\u2019editoria, della stampa e dell\u2019impresa italiana, che premieranno rispettivamente la migliore opera di narrativa nazionale e il miglior libro, italiano o internazionale, che si ispiri, abbia a tema, racconti o illustri la Montagna.<\/p>\n<p>&nbsp;<\/p>\n<p>Le due categorie hanno incoronato all\u2019esordio, nel 2011, Mariapia Veladiano (\u201cLa vita accanto\u201d, Einaudi), e Francesco Vidotto (\u201cSiro\u201d, Minerva). Nelle due Giurie siedono il direttore di Airone e Natural Style Andrea Biavardi, il direttore di Videonews Claudio Brachino, il presidente del Parco Naturale delle Dolomiti d\u2019Ampezzo Gianfrancesco Demenego, la scrittrice e critica letteraria Nadia Fusini, il Vicedirettore di Panorama Walter Mariotti, il filosofo Giacomo Marramao, l\u2019Assessore alla Cultura del Comune di Cortina Giovanna Martinolli, il presidente di Mario Mele &amp; Partners Mario Mele, la scrittrice Milena Milani, il direttore di Style Carlo Montanaro, Giuliano Pisani, gi\u00e0 Assessore alla Cultura del Comune di Padova, l\u2019editorialista del Corriere delle Alpi Ennio Rossignoli, la storica animatrice della cultura a Cortina Clelia Tabacchi Sabella, Alberto Sinigaglia del quotidiano La Stampa, la Famiglia Sovilla, il Presidente di Salmoiraghi &amp; Vigan\u00f2 Dino Tabacchi, la giornalista e scrittrice Marina Valensise, il Rettore dell\u2019Universit\u00e0 di Padova Giuseppe Zaccaria, il vicepresidente della Casa Vinicola Zonin Francesco Zonin, Marino Zorzato, Assessore alla Cultura e Vicepresidente della Regione del Veneto.<\/p>\n<p>&nbsp;<\/p>\n<p>IL PREMIO WEB. Il Premio chiama inoltre a raccolta il popolo del web per una terza categoria premiante: il Premio Internet Cortina d\u2019Ampezzo, che consente a chiunque, a tutti gli amanti della lettura e dei libri, di scegliere l\u2019opera che ritengono di maggior valore, attraverso una libera votazione attraverso il sito web <a href=\"http:\/\/www.premiocortina.it\">www.premiocortina.it<\/a>.<\/p>\n<p>Secondo quanto stabilito dal regolamento, il voto sar\u00e0 aperto il 15 luglio e si chiuder\u00e0 alla mezzanotte del 20 agosto 2012. Un\u2019iniziativa che nell\u2019anno passato ha scatenato le energie di migliaia di utenti certificati, che hanno premiato a grande maggioranza Marco Presta, autore di \u201cUn calcio in bocca fa miracoli\u201d, Einaudi.<\/p>","protected":false},"excerpt":{"rendered":"<p>Sono sedici le opere che concorrono al Premio Cortina d\u2019Ampezzo 2012, e quindici quelle candidate al Premio della Montagna Cortina d\u2019Ampezzo 2012, pervenute su proposta delle case editrici e dei Giurati negli ultimi due mesi. Lo rende noto l\u2019organizzazione del Premio, che \u00e8 quest\u2019anno alla sua seconda edizione. La competizione letteraria delle Dolomiti culminer\u00e0 nella [&hellip;]<\/p>\n","protected":false},"author":2,"featured_media":0,"comment_status":"closed","ping_status":"open","sticky":false,"template":"","format":"standard","meta":{"footnotes":""},"categories":[3,26],"tags":[],"class_list":["post-39947","post","type-post","status-publish","format-standard","category-arte-cultura-spettacoli-scienza-archivi","category-prima-pagina"],"yoast_head":"<!-- This site is optimized with the Yoast SEO plugin v28.4 - https:\/\/yoast.com\/product\/yoast-seo-wordpress\/ -->\n<title>Oltre trenta le opere candidate al Premio Cortina d&#039;Ampezzo: ecco tutti i titoli - Bellunopress - Dolomiti<\/title>\n<meta name=\"robots\" content=\"index, follow, max-snippet:-1, max-image-preview:large, max-video-preview:-1\" \/>\n<link rel=\"canonical\" href=\"https:\/\/www.bellunopress.it\/fr\/2012\/07\/10\/oltre-trenta-le-opere-candidate-al-premio-cortina-dampezzo-ecco-tutti-i-titoli\/\" \/>\n<meta property=\"og:locale\" content=\"fr_FR\" \/>\n<meta property=\"og:type\" content=\"article\" \/>\n<meta property=\"og:title\" content=\"Oltre trenta le opere candidate al Premio Cortina d&#039;Ampezzo: ecco tutti i titoli - Bellunopress - Dolomiti\" \/>\n<meta property=\"og:description\" content=\"Sono sedici le opere che concorrono al Premio Cortina d\u2019Ampezzo 2012, e quindici quelle candidate al Premio della Montagna Cortina d\u2019Ampezzo 2012, pervenute su proposta delle case editrici e dei Giurati negli ultimi due mesi. Lo rende noto l\u2019organizzazione del Premio, che \u00e8 quest\u2019anno alla sua seconda edizione. La competizione letteraria delle Dolomiti culminer\u00e0 nella [&hellip;]\" \/>\n<meta property=\"og:url\" content=\"https:\/\/www.bellunopress.it\/fr\/2012\/07\/10\/oltre-trenta-le-opere-candidate-al-premio-cortina-dampezzo-ecco-tutti-i-titoli\/\" \/>\n<meta property=\"og:site_name\" content=\"Bellunopress - Dolomiti\" \/>\n<meta property=\"article:publisher\" content=\"https:\/\/www.facebook.com\/profile.php?id=100008943462799\" \/>\n<meta property=\"article:published_time\" content=\"2012-07-10T06:19:41+00:00\" \/>\n<meta property=\"article:modified_time\" content=\"2012-07-10T06:20:34+00:00\" \/>\n<meta property=\"og:image\" content=\"http:\/\/www.bellunopress.it\/wp-content\/uploads\/2012\/07\/premio-cortina.jpg\" \/>\n<meta name=\"author\" content=\"redazione\" \/>\n<meta name=\"twitter:card\" content=\"summary_large_image\" \/>\n<meta name=\"twitter:creator\" content=\"@bellunopress\" \/>\n<meta name=\"twitter:site\" content=\"@bellunopress\" \/>\n<meta name=\"twitter:label1\" content=\"\u00c9crit par\" \/>\n\t<meta name=\"twitter:data1\" content=\"redazione\" \/>\n\t<meta name=\"twitter:label2\" content=\"Dur\u00e9e de lecture estim\u00e9e\" \/>\n\t<meta name=\"twitter:data2\" content=\"4 minutes\" \/>\n<script type=\"application\/ld+json\" class=\"yoast-schema-graph\">{\"@context\":\"https:\\\/\\\/schema.org\",\"@graph\":[{\"@type\":\"Article\",\"@id\":\"https:\\\/\\\/www.bellunopress.it\\\/2012\\\/07\\\/10\\\/oltre-trenta-le-opere-candidate-al-premio-cortina-dampezzo-ecco-tutti-i-titoli\\\/#article\",\"isPartOf\":{\"@id\":\"https:\\\/\\\/www.bellunopress.it\\\/2012\\\/07\\\/10\\\/oltre-trenta-le-opere-candidate-al-premio-cortina-dampezzo-ecco-tutti-i-titoli\\\/\"},\"author\":{\"name\":\"redazione\",\"@id\":\"https:\\\/\\\/www.bellunopress.it\\\/#\\\/schema\\\/person\\\/79bb06722b37ece1c03d3e94beb30d73\"},\"headline\":\"Oltre trenta le opere candidate al Premio Cortina d&#8217;Ampezzo: ecco tutti i titoli\",\"datePublished\":\"2012-07-10T06:19:41+00:00\",\"dateModified\":\"2012-07-10T06:20:34+00:00\",\"mainEntityOfPage\":{\"@id\":\"https:\\\/\\\/www.bellunopress.it\\\/2012\\\/07\\\/10\\\/oltre-trenta-le-opere-candidate-al-premio-cortina-dampezzo-ecco-tutti-i-titoli\\\/\"},\"wordCount\":874,\"publisher\":{\"@id\":\"https:\\\/\\\/www.bellunopress.it\\\/#organization\"},\"image\":{\"@id\":\"https:\\\/\\\/www.bellunopress.it\\\/2012\\\/07\\\/10\\\/oltre-trenta-le-opere-candidate-al-premio-cortina-dampezzo-ecco-tutti-i-titoli\\\/#primaryimage\"},\"thumbnailUrl\":\"http:\\\/\\\/www.bellunopress.it\\\/wp-content\\\/uploads\\\/2012\\\/07\\\/premio-cortina.jpg\",\"articleSection\":[\"Arte, Cultura, Spettacoli, Scienza\",\"Prima Pagina\"],\"inLanguage\":\"fr-FR\"},{\"@type\":\"WebPage\",\"@id\":\"https:\\\/\\\/www.bellunopress.it\\\/2012\\\/07\\\/10\\\/oltre-trenta-le-opere-candidate-al-premio-cortina-dampezzo-ecco-tutti-i-titoli\\\/\",\"url\":\"https:\\\/\\\/www.bellunopress.it\\\/2012\\\/07\\\/10\\\/oltre-trenta-le-opere-candidate-al-premio-cortina-dampezzo-ecco-tutti-i-titoli\\\/\",\"name\":\"Oltre trenta le opere candidate al Premio Cortina d'Ampezzo: ecco tutti i titoli - Bellunopress - Dolomiti\",\"isPartOf\":{\"@id\":\"https:\\\/\\\/www.bellunopress.it\\\/#website\"},\"primaryImageOfPage\":{\"@id\":\"https:\\\/\\\/www.bellunopress.it\\\/2012\\\/07\\\/10\\\/oltre-trenta-le-opere-candidate-al-premio-cortina-dampezzo-ecco-tutti-i-titoli\\\/#primaryimage\"},\"image\":{\"@id\":\"https:\\\/\\\/www.bellunopress.it\\\/2012\\\/07\\\/10\\\/oltre-trenta-le-opere-candidate-al-premio-cortina-dampezzo-ecco-tutti-i-titoli\\\/#primaryimage\"},\"thumbnailUrl\":\"http:\\\/\\\/www.bellunopress.it\\\/wp-content\\\/uploads\\\/2012\\\/07\\\/premio-cortina.jpg\",\"datePublished\":\"2012-07-10T06:19:41+00:00\",\"dateModified\":\"2012-07-10T06:20:34+00:00\",\"breadcrumb\":{\"@id\":\"https:\\\/\\\/www.bellunopress.it\\\/2012\\\/07\\\/10\\\/oltre-trenta-le-opere-candidate-al-premio-cortina-dampezzo-ecco-tutti-i-titoli\\\/#breadcrumb\"},\"inLanguage\":\"fr-FR\",\"potentialAction\":[{\"@type\":\"ReadAction\",\"target\":[\"https:\\\/\\\/www.bellunopress.it\\\/2012\\\/07\\\/10\\\/oltre-trenta-le-opere-candidate-al-premio-cortina-dampezzo-ecco-tutti-i-titoli\\\/\"]}]},{\"@type\":\"ImageObject\",\"inLanguage\":\"fr-FR\",\"@id\":\"https:\\\/\\\/www.bellunopress.it\\\/2012\\\/07\\\/10\\\/oltre-trenta-le-opere-candidate-al-premio-cortina-dampezzo-ecco-tutti-i-titoli\\\/#primaryimage\",\"url\":\"http:\\\/\\\/www.bellunopress.it\\\/wp-content\\\/uploads\\\/2012\\\/07\\\/premio-cortina.jpg\",\"contentUrl\":\"http:\\\/\\\/www.bellunopress.it\\\/wp-content\\\/uploads\\\/2012\\\/07\\\/premio-cortina.jpg\"},{\"@type\":\"BreadcrumbList\",\"@id\":\"https:\\\/\\\/www.bellunopress.it\\\/2012\\\/07\\\/10\\\/oltre-trenta-le-opere-candidate-al-premio-cortina-dampezzo-ecco-tutti-i-titoli\\\/#breadcrumb\",\"itemListElement\":[{\"@type\":\"ListItem\",\"position\":1,\"name\":\"Home\",\"item\":\"https:\\\/\\\/www.bellunopress.it\\\/\"},{\"@type\":\"ListItem\",\"position\":2,\"name\":\"Oltre trenta le opere candidate al Premio Cortina d&#8217;Ampezzo: ecco tutti i titoli\"}]},{\"@type\":\"WebSite\",\"@id\":\"https:\\\/\\\/www.bellunopress.it\\\/#website\",\"url\":\"https:\\\/\\\/www.bellunopress.it\\\/\",\"name\":\"Bellunopress - Dolomiti\",\"description\":\"e-mail: redazione@bellunopress.it\",\"publisher\":{\"@id\":\"https:\\\/\\\/www.bellunopress.it\\\/#organization\"},\"potentialAction\":[{\"@type\":\"SearchAction\",\"target\":{\"@type\":\"EntryPoint\",\"urlTemplate\":\"https:\\\/\\\/www.bellunopress.it\\\/?s={search_term_string}\"},\"query-input\":{\"@type\":\"PropertyValueSpecification\",\"valueRequired\":true,\"valueName\":\"search_term_string\"}}],\"inLanguage\":\"fr-FR\"},{\"@type\":\"Organization\",\"@id\":\"https:\\\/\\\/www.bellunopress.it\\\/#organization\",\"name\":\"Bellunopress\",\"url\":\"https:\\\/\\\/www.bellunopress.it\\\/\",\"logo\":{\"@type\":\"ImageObject\",\"inLanguage\":\"fr-FR\",\"@id\":\"https:\\\/\\\/www.bellunopress.it\\\/#\\\/schema\\\/logo\\\/image\\\/\",\"url\":\"https:\\\/\\\/www.bellunopress.it\\\/wp-content\\\/uploads\\\/2011\\\/05\\\/cropped-logo-bellunopress-.jpg\",\"contentUrl\":\"https:\\\/\\\/www.bellunopress.it\\\/wp-content\\\/uploads\\\/2011\\\/05\\\/cropped-logo-bellunopress-.jpg\",\"width\":512,\"height\":512,\"caption\":\"Bellunopress\"},\"image\":{\"@id\":\"https:\\\/\\\/www.bellunopress.it\\\/#\\\/schema\\\/logo\\\/image\\\/\"},\"sameAs\":[\"https:\\\/\\\/www.facebook.com\\\/profile.php?id=100008943462799\",\"https:\\\/\\\/x.com\\\/bellunopress\",\"https:\\\/\\\/www.linkedin.com\\\/hp\\\/?dnr=JBzUWaJfMUw8vbXJJ2tVW5-I3jZKvC4wsoxE&amp;amp;amp;amp;amp;amp;trk=nav_responsive_tab_home\",\"https:\\\/\\\/www.youtube.com\\\/channel\\\/UCxL0wu1uN0_3_7hGG0306cw\"]},{\"@type\":\"Person\",\"@id\":\"https:\\\/\\\/www.bellunopress.it\\\/#\\\/schema\\\/person\\\/79bb06722b37ece1c03d3e94beb30d73\",\"name\":\"redazione\",\"image\":{\"@type\":\"ImageObject\",\"inLanguage\":\"fr-FR\",\"@id\":\"https:\\\/\\\/secure.gravatar.com\\\/avatar\\\/37d968a2e67a6fd04c169c4bdef102d0bc5d31b2546345219e348575eb80e9a0?s=96&d=mm&r=g\",\"url\":\"https:\\\/\\\/secure.gravatar.com\\\/avatar\\\/37d968a2e67a6fd04c169c4bdef102d0bc5d31b2546345219e348575eb80e9a0?s=96&d=mm&r=g\",\"contentUrl\":\"https:\\\/\\\/secure.gravatar.com\\\/avatar\\\/37d968a2e67a6fd04c169c4bdef102d0bc5d31b2546345219e348575eb80e9a0?s=96&d=mm&r=g\",\"caption\":\"redazione\"},\"sameAs\":[\"http:\\\/\\\/www.bellunopress.it\",\"https:\\\/\\\/x.com\\\/bellunopress\"],\"url\":\"https:\\\/\\\/www.bellunopress.it\\\/fr\\\/author\\\/redazione\\\/\"}]}<\/script>\n<!-- \/ Yoast SEO plugin. -->","yoast_head_json":{"title":"Oltre trenta le opere candidate al Premio Cortina d'Ampezzo: ecco tutti i titoli - Bellunopress - Dolomiti","robots":{"index":"index","follow":"follow","max-snippet":"max-snippet:-1","max-image-preview":"max-image-preview:large","max-video-preview":"max-video-preview:-1"},"canonical":"https:\/\/www.bellunopress.it\/fr\/2012\/07\/10\/oltre-trenta-le-opere-candidate-al-premio-cortina-dampezzo-ecco-tutti-i-titoli\/","og_locale":"fr_FR","og_type":"article","og_title":"Oltre trenta le opere candidate al Premio Cortina d'Ampezzo: ecco tutti i titoli - Bellunopress - Dolomiti","og_description":"Sono sedici le opere che concorrono al Premio Cortina d\u2019Ampezzo 2012, e quindici quelle candidate al Premio della Montagna Cortina d\u2019Ampezzo 2012, pervenute su proposta delle case editrici e dei Giurati negli ultimi due mesi. Lo rende noto l\u2019organizzazione del Premio, che \u00e8 quest\u2019anno alla sua seconda edizione. La competizione letteraria delle Dolomiti culminer\u00e0 nella [&hellip;]","og_url":"https:\/\/www.bellunopress.it\/fr\/2012\/07\/10\/oltre-trenta-le-opere-candidate-al-premio-cortina-dampezzo-ecco-tutti-i-titoli\/","og_site_name":"Bellunopress - Dolomiti","article_publisher":"https:\/\/www.facebook.com\/profile.php?id=100008943462799","article_published_time":"2012-07-10T06:19:41+00:00","article_modified_time":"2012-07-10T06:20:34+00:00","og_image":[{"url":"http:\/\/www.bellunopress.it\/wp-content\/uploads\/2012\/07\/premio-cortina.jpg","type":"","width":"","height":""}],"author":"redazione","twitter_card":"summary_large_image","twitter_creator":"@bellunopress","twitter_site":"@bellunopress","twitter_misc":{"\u00c9crit par":"redazione","Dur\u00e9e de lecture estim\u00e9e":"4 minutes"},"schema":{"@context":"https:\/\/schema.org","@graph":[{"@type":"Article","@id":"https:\/\/www.bellunopress.it\/2012\/07\/10\/oltre-trenta-le-opere-candidate-al-premio-cortina-dampezzo-ecco-tutti-i-titoli\/#article","isPartOf":{"@id":"https:\/\/www.bellunopress.it\/2012\/07\/10\/oltre-trenta-le-opere-candidate-al-premio-cortina-dampezzo-ecco-tutti-i-titoli\/"},"author":{"name":"redazione","@id":"https:\/\/www.bellunopress.it\/#\/schema\/person\/79bb06722b37ece1c03d3e94beb30d73"},"headline":"Oltre trenta le opere candidate al Premio Cortina d&#8217;Ampezzo: ecco tutti i titoli","datePublished":"2012-07-10T06:19:41+00:00","dateModified":"2012-07-10T06:20:34+00:00","mainEntityOfPage":{"@id":"https:\/\/www.bellunopress.it\/2012\/07\/10\/oltre-trenta-le-opere-candidate-al-premio-cortina-dampezzo-ecco-tutti-i-titoli\/"},"wordCount":874,"publisher":{"@id":"https:\/\/www.bellunopress.it\/#organization"},"image":{"@id":"https:\/\/www.bellunopress.it\/2012\/07\/10\/oltre-trenta-le-opere-candidate-al-premio-cortina-dampezzo-ecco-tutti-i-titoli\/#primaryimage"},"thumbnailUrl":"http:\/\/www.bellunopress.it\/wp-content\/uploads\/2012\/07\/premio-cortina.jpg","articleSection":["Arte, Cultura, Spettacoli, Scienza","Prima Pagina"],"inLanguage":"fr-FR"},{"@type":"WebPage","@id":"https:\/\/www.bellunopress.it\/2012\/07\/10\/oltre-trenta-le-opere-candidate-al-premio-cortina-dampezzo-ecco-tutti-i-titoli\/","url":"https:\/\/www.bellunopress.it\/2012\/07\/10\/oltre-trenta-le-opere-candidate-al-premio-cortina-dampezzo-ecco-tutti-i-titoli\/","name":"Oltre trenta le opere candidate al Premio Cortina d'Ampezzo: ecco tutti i titoli - Bellunopress - Dolomiti","isPartOf":{"@id":"https:\/\/www.bellunopress.it\/#website"},"primaryImageOfPage":{"@id":"https:\/\/www.bellunopress.it\/2012\/07\/10\/oltre-trenta-le-opere-candidate-al-premio-cortina-dampezzo-ecco-tutti-i-titoli\/#primaryimage"},"image":{"@id":"https:\/\/www.bellunopress.it\/2012\/07\/10\/oltre-trenta-le-opere-candidate-al-premio-cortina-dampezzo-ecco-tutti-i-titoli\/#primaryimage"},"thumbnailUrl":"http:\/\/www.bellunopress.it\/wp-content\/uploads\/2012\/07\/premio-cortina.jpg","datePublished":"2012-07-10T06:19:41+00:00","dateModified":"2012-07-10T06:20:34+00:00","breadcrumb":{"@id":"https:\/\/www.bellunopress.it\/2012\/07\/10\/oltre-trenta-le-opere-candidate-al-premio-cortina-dampezzo-ecco-tutti-i-titoli\/#breadcrumb"},"inLanguage":"fr-FR","potentialAction":[{"@type":"ReadAction","target":["https:\/\/www.bellunopress.it\/2012\/07\/10\/oltre-trenta-le-opere-candidate-al-premio-cortina-dampezzo-ecco-tutti-i-titoli\/"]}]},{"@type":"ImageObject","inLanguage":"fr-FR","@id":"https:\/\/www.bellunopress.it\/2012\/07\/10\/oltre-trenta-le-opere-candidate-al-premio-cortina-dampezzo-ecco-tutti-i-titoli\/#primaryimage","url":"http:\/\/www.bellunopress.it\/wp-content\/uploads\/2012\/07\/premio-cortina.jpg","contentUrl":"http:\/\/www.bellunopress.it\/wp-content\/uploads\/2012\/07\/premio-cortina.jpg"},{"@type":"BreadcrumbList","@id":"https:\/\/www.bellunopress.it\/2012\/07\/10\/oltre-trenta-le-opere-candidate-al-premio-cortina-dampezzo-ecco-tutti-i-titoli\/#breadcrumb","itemListElement":[{"@type":"ListItem","position":1,"name":"Home","item":"https:\/\/www.bellunopress.it\/"},{"@type":"ListItem","position":2,"name":"Oltre trenta le opere candidate al Premio Cortina d&#8217;Ampezzo: ecco tutti i titoli"}]},{"@type":"WebSite","@id":"https:\/\/www.bellunopress.it\/#website","url":"https:\/\/www.bellunopress.it\/","name":"Bellunopress - Dolomiti","description":"e-mail: redazione@bellunopress.it","publisher":{"@id":"https:\/\/www.bellunopress.it\/#organization"},"potentialAction":[{"@type":"SearchAction","target":{"@type":"EntryPoint","urlTemplate":"https:\/\/www.bellunopress.it\/?s={search_term_string}"},"query-input":{"@type":"PropertyValueSpecification","valueRequired":true,"valueName":"search_term_string"}}],"inLanguage":"fr-FR"},{"@type":"Organization","@id":"https:\/\/www.bellunopress.it\/#organization","name":"Bellunopress","url":"https:\/\/www.bellunopress.it\/","logo":{"@type":"ImageObject","inLanguage":"fr-FR","@id":"https:\/\/www.bellunopress.it\/#\/schema\/logo\/image\/","url":"https:\/\/www.bellunopress.it\/wp-content\/uploads\/2011\/05\/cropped-logo-bellunopress-.jpg","contentUrl":"https:\/\/www.bellunopress.it\/wp-content\/uploads\/2011\/05\/cropped-logo-bellunopress-.jpg","width":512,"height":512,"caption":"Bellunopress"},"image":{"@id":"https:\/\/www.bellunopress.it\/#\/schema\/logo\/image\/"},"sameAs":["https:\/\/www.facebook.com\/profile.php?id=100008943462799","https:\/\/x.com\/bellunopress","https:\/\/www.linkedin.com\/hp\/?dnr=JBzUWaJfMUw8vbXJJ2tVW5-I3jZKvC4wsoxE&amp;amp;amp;amp;amp;amp;trk=nav_responsive_tab_home","https:\/\/www.youtube.com\/channel\/UCxL0wu1uN0_3_7hGG0306cw"]},{"@type":"Person","@id":"https:\/\/www.bellunopress.it\/#\/schema\/person\/79bb06722b37ece1c03d3e94beb30d73","name":"r\u00e9daction","image":{"@type":"ImageObject","inLanguage":"fr-FR","@id":"https:\/\/secure.gravatar.com\/avatar\/37d968a2e67a6fd04c169c4bdef102d0bc5d31b2546345219e348575eb80e9a0?s=96&d=mm&r=g","url":"https:\/\/secure.gravatar.com\/avatar\/37d968a2e67a6fd04c169c4bdef102d0bc5d31b2546345219e348575eb80e9a0?s=96&d=mm&r=g","contentUrl":"https:\/\/secure.gravatar.com\/avatar\/37d968a2e67a6fd04c169c4bdef102d0bc5d31b2546345219e348575eb80e9a0?s=96&d=mm&r=g","caption":"redazione"},"sameAs":["http:\/\/www.bellunopress.it","https:\/\/x.com\/bellunopress"],"url":"https:\/\/www.bellunopress.it\/fr\/author\/redazione\/"}]}},"_links":{"self":[{"href":"https:\/\/www.bellunopress.it\/fr\/wp-json\/wp\/v2\/posts\/39947","targetHints":{"allow":["GET"]}}],"collection":[{"href":"https:\/\/www.bellunopress.it\/fr\/wp-json\/wp\/v2\/posts"}],"about":[{"href":"https:\/\/www.bellunopress.it\/fr\/wp-json\/wp\/v2\/types\/post"}],"author":[{"embeddable":true,"href":"https:\/\/www.bellunopress.it\/fr\/wp-json\/wp\/v2\/users\/2"}],"replies":[{"embeddable":true,"href":"https:\/\/www.bellunopress.it\/fr\/wp-json\/wp\/v2\/comments?post=39947"}],"version-history":[{"count":2,"href":"https:\/\/www.bellunopress.it\/fr\/wp-json\/wp\/v2\/posts\/39947\/revisions"}],"predecessor-version":[{"id":39950,"href":"https:\/\/www.bellunopress.it\/fr\/wp-json\/wp\/v2\/posts\/39947\/revisions\/39950"}],"wp:attachment":[{"href":"https:\/\/www.bellunopress.it\/fr\/wp-json\/wp\/v2\/media?parent=39947"}],"wp:term":[{"taxonomy":"category","embeddable":true,"href":"https:\/\/www.bellunopress.it\/fr\/wp-json\/wp\/v2\/categories?post=39947"},{"taxonomy":"post_tag","embeddable":true,"href":"https:\/\/www.bellunopress.it\/fr\/wp-json\/wp\/v2\/tags?post=39947"}],"curies":[{"name":"wp","href":"https:\/\/api.w.org\/{rel}","templated":true}]}}