{"id":38955,"date":"2012-06-13T12:52:10","date_gmt":"2012-06-13T11:52:10","guid":{"rendered":"http:\/\/www.bellunopress.it\/?p=38955"},"modified":"2012-06-13T12:52:10","modified_gmt":"2012-06-13T11:52:10","slug":"e-iniziata-la-manutenzione-del-verde-pubblico-da-parte-del-comune-di-belluno-spetta-ai-privati-il-taglio-delle-siepi-di-proprieta-a-bordo-strada","status":"publish","type":"post","link":"https:\/\/www.bellunopress.it\/fr\/2012\/06\/13\/e-iniziata-la-manutenzione-del-verde-pubblico-da-parte-del-comune-di-belluno-spetta-ai-privati-il-taglio-delle-siepi-di-proprieta-a-bordo-strada\/","title":{"rendered":"E&#8217; iniziata la manutenzione del verde pubblico da parte del Comune di Belluno. Spetta ai privati il taglio delle siepi di propriet\u00e0 a bordo strada"},"content":{"rendered":"<p><a href=\"http:\/\/www.bellunopress.it\/wp-content\/uploads\/2011\/06\/comune-belluno.gif\"><img loading=\"lazy\" decoding=\"async\" class=\"alignleft size-full wp-image-27535\" title=\"comune belluno\" src=\"http:\/\/www.bellunopress.it\/wp-content\/uploads\/2011\/06\/comune-belluno.gif\" alt=\"\" width=\"105\" height=\"150\" \/><\/a>Il Comune di Belluno, in questi giorni, sta provvedendo allo sfalcio dei cigli stradali e alla potatura delle piante su area comunale, prospicienti la carreggiata.<\/p>\n<p>I lavori si svolgono tramite l&#8217;appalto con ditte esterne alle quali si aggiunge, per gli interventi su scuole e asili, l&#8217;operato del personale comunale, e l&#8217;importante collaborazione dei volontari di Protezione Civile che consentono di far fronte alle situazioni pi\u00f9 urgenti.<\/p>\n<p>L&#8217;appalto per la manutenzione del verde pubblico ammonta attualmente a un importo complessivo di 30.000 euro e interessa tutto il territorio comunale.<\/p>\n<p>Per consentire la potatura e il taglio delle piante prospicienti la carreggiate nelle vie comunali, da giugno a novembre, verr\u00e0 istituito, dove necessario, il senso unico alternato, con brevi interruzioni della circolazione in corrispondenza dei cantieri.<\/p>\n<p>Il Comune, quindi, provvede alla cura del verde pubblico con la potatura delle alberature in varie vie cittadine e lungo le strade e continuer\u00e0 a farlo per tutto il corso della bella stagione, operando sulla vegetazione di competenza pubblica.<\/p>\n<p>Ogni proprietario, invece, \u00e8 responsabile della manutenzione del proprio verde privato, con particolare riguardo a quello sul bordo strada, dove una crescita eccessiva non riguarderebbe solo l&#8217;igiene e il decoro ma comprometterebbe anche la visibilit\u00e0 e la sicurezza stradale, tanto che le regole precise, che vanno rispettate da tutti, sono dettate proprio dal Codice della Strada.<\/p>\n<p>Se i necessari interventi non verranno effettuati nel pi\u00f9 breve tempo possibile, la Polizia Locale sanzioner\u00e0, senza ulteriori avvisi, i proprietari, come previsto dall&#8217;art. 29 del Codice della Strada.<\/p>\n<p>Da ricordare, inoltre, che in seguito a una precisa richiesta del Gruppo Ferrovie dello Stato, \u00e8 in vigore un&#8217;ordinanza del Sindaco relativa al taglio dei rami e degli alberi situati terreni di propriet\u00e0 privata, in prossimit\u00e0 della ferrovia, che quindi, in caso di caduta, possono interferire con le rotaie.<\/p>\n<p>L&#8217;ordinanza ha la duplice finalit\u00e0 di tutelare la pubblica incolumit\u00e0 e garantire lo svolgimento del pubblico esercizio ferroviario, sul tratto ricadente nel territorio comunale.<\/p>\n<p>I regolamenti comunali di Polizia urbana e Polizia rurale sono sul sito internet del Comune di Belluno all&#8217;indirizzo www.comune.belluno.it, come anche utili informazioni sulle potature.<\/p>\n<p>&nbsp;<\/p>\n<p>A chi rivolgersi:<\/p>\n<p>Comando Polizia Locale via Gabelli n. 9 &#8211; Belluno<\/p>\n<p>vigili@comune.belluno.it<\/p>\n<p>tel. 0437.913520 &#8211; fax 0437. 913527<\/p>\n<p>&nbsp;<\/p>\n<p>&nbsp;<\/p>\n<p>&nbsp;<\/p>","protected":false},"excerpt":{"rendered":"<p>Il Comune di Belluno, in questi giorni, sta provvedendo allo sfalcio dei cigli stradali e alla potatura delle piante su area comunale, prospicienti la carreggiata. I lavori si svolgono tramite l&#8217;appalto con ditte esterne alle quali si aggiunge, per gli interventi su scuole e asili, l&#8217;operato del personale comunale, e l&#8217;importante collaborazione dei volontari di [&hellip;]<\/p>\n","protected":false},"author":2,"featured_media":0,"comment_status":"closed","ping_status":"open","sticky":false,"template":"","format":"standard","meta":{"footnotes":""},"categories":[26,8],"tags":[],"class_list":["post-38955","post","type-post","status-publish","format-standard","category-prima-pagina","category-societa-istituzioni"],"yoast_head":"<!-- This site is optimized with the Yoast SEO plugin v28.4 - https:\/\/yoast.com\/product\/yoast-seo-wordpress\/ -->\n<title>E&#039; iniziata la manutenzione del verde pubblico da parte del Comune di Belluno. Spetta ai privati il taglio delle siepi di propriet\u00e0 a bordo strada - Bellunopress - Dolomiti<\/title>\n<meta name=\"robots\" content=\"index, follow, max-snippet:-1, max-image-preview:large, max-video-preview:-1\" \/>\n<link rel=\"canonical\" href=\"https:\/\/www.bellunopress.it\/fr\/2012\/06\/13\/e-iniziata-la-manutenzione-del-verde-pubblico-da-parte-del-comune-di-belluno-spetta-ai-privati-il-taglio-delle-siepi-di-proprieta-a-bordo-strada\/\" \/>\n<meta property=\"og:locale\" content=\"fr_FR\" \/>\n<meta property=\"og:type\" content=\"article\" \/>\n<meta property=\"og:title\" content=\"E&#039; iniziata la manutenzione del verde pubblico da parte del Comune di Belluno. Spetta ai privati il taglio delle siepi di propriet\u00e0 a bordo strada - Bellunopress - Dolomiti\" \/>\n<meta property=\"og:description\" content=\"Il Comune di Belluno, in questi giorni, sta provvedendo allo sfalcio dei cigli stradali e alla potatura delle piante su area comunale, prospicienti la carreggiata. I lavori si svolgono tramite l&#8217;appalto con ditte esterne alle quali si aggiunge, per gli interventi su scuole e asili, l&#8217;operato del personale comunale, e l&#8217;importante collaborazione dei volontari di [&hellip;]\" \/>\n<meta property=\"og:url\" content=\"https:\/\/www.bellunopress.it\/fr\/2012\/06\/13\/e-iniziata-la-manutenzione-del-verde-pubblico-da-parte-del-comune-di-belluno-spetta-ai-privati-il-taglio-delle-siepi-di-proprieta-a-bordo-strada\/\" \/>\n<meta property=\"og:site_name\" content=\"Bellunopress - Dolomiti\" \/>\n<meta property=\"article:publisher\" content=\"https:\/\/www.facebook.com\/profile.php?id=100008943462799\" \/>\n<meta property=\"article:published_time\" content=\"2012-06-13T11:52:10+00:00\" \/>\n<meta property=\"og:image\" content=\"http:\/\/www.bellunopress.it\/wp-content\/uploads\/2011\/06\/comune-belluno.gif\" \/>\n<meta name=\"author\" content=\"redazione\" \/>\n<meta name=\"twitter:card\" content=\"summary_large_image\" \/>\n<meta name=\"twitter:creator\" content=\"@bellunopress\" \/>\n<meta name=\"twitter:site\" content=\"@bellunopress\" \/>\n<meta name=\"twitter:label1\" content=\"\u00c9crit par\" \/>\n\t<meta name=\"twitter:data1\" content=\"redazione\" \/>\n\t<meta name=\"twitter:label2\" content=\"Dur\u00e9e de lecture estim\u00e9e\" \/>\n\t<meta name=\"twitter:data2\" content=\"2 minutes\" \/>\n<script type=\"application\/ld+json\" class=\"yoast-schema-graph\">{\"@context\":\"https:\\\/\\\/schema.org\",\"@graph\":[{\"@type\":\"Article\",\"@id\":\"https:\\\/\\\/www.bellunopress.it\\\/2012\\\/06\\\/13\\\/e-iniziata-la-manutenzione-del-verde-pubblico-da-parte-del-comune-di-belluno-spetta-ai-privati-il-taglio-delle-siepi-di-proprieta-a-bordo-strada\\\/#article\",\"isPartOf\":{\"@id\":\"https:\\\/\\\/www.bellunopress.it\\\/2012\\\/06\\\/13\\\/e-iniziata-la-manutenzione-del-verde-pubblico-da-parte-del-comune-di-belluno-spetta-ai-privati-il-taglio-delle-siepi-di-proprieta-a-bordo-strada\\\/\"},\"author\":{\"name\":\"redazione\",\"@id\":\"https:\\\/\\\/www.bellunopress.it\\\/#\\\/schema\\\/person\\\/79bb06722b37ece1c03d3e94beb30d73\"},\"headline\":\"E&#8217; iniziata la manutenzione del verde pubblico da parte del Comune di Belluno. Spetta ai privati il taglio delle siepi di propriet\u00e0 a bordo strada\",\"datePublished\":\"2012-06-13T11:52:10+00:00\",\"mainEntityOfPage\":{\"@id\":\"https:\\\/\\\/www.bellunopress.it\\\/2012\\\/06\\\/13\\\/e-iniziata-la-manutenzione-del-verde-pubblico-da-parte-del-comune-di-belluno-spetta-ai-privati-il-taglio-delle-siepi-di-proprieta-a-bordo-strada\\\/\"},\"wordCount\":401,\"publisher\":{\"@id\":\"https:\\\/\\\/www.bellunopress.it\\\/#organization\"},\"image\":{\"@id\":\"https:\\\/\\\/www.bellunopress.it\\\/2012\\\/06\\\/13\\\/e-iniziata-la-manutenzione-del-verde-pubblico-da-parte-del-comune-di-belluno-spetta-ai-privati-il-taglio-delle-siepi-di-proprieta-a-bordo-strada\\\/#primaryimage\"},\"thumbnailUrl\":\"http:\\\/\\\/www.bellunopress.it\\\/wp-content\\\/uploads\\\/2011\\\/06\\\/comune-belluno.gif\",\"articleSection\":[\"Prima Pagina\",\"Societ\u00e0, Associazioni, Istituzioni\"],\"inLanguage\":\"fr-FR\"},{\"@type\":\"WebPage\",\"@id\":\"https:\\\/\\\/www.bellunopress.it\\\/2012\\\/06\\\/13\\\/e-iniziata-la-manutenzione-del-verde-pubblico-da-parte-del-comune-di-belluno-spetta-ai-privati-il-taglio-delle-siepi-di-proprieta-a-bordo-strada\\\/\",\"url\":\"https:\\\/\\\/www.bellunopress.it\\\/2012\\\/06\\\/13\\\/e-iniziata-la-manutenzione-del-verde-pubblico-da-parte-del-comune-di-belluno-spetta-ai-privati-il-taglio-delle-siepi-di-proprieta-a-bordo-strada\\\/\",\"name\":\"E' iniziata la manutenzione del verde pubblico da parte del Comune di Belluno. Spetta ai privati il taglio delle siepi di propriet\u00e0 a bordo strada - Bellunopress - Dolomiti\",\"isPartOf\":{\"@id\":\"https:\\\/\\\/www.bellunopress.it\\\/#website\"},\"primaryImageOfPage\":{\"@id\":\"https:\\\/\\\/www.bellunopress.it\\\/2012\\\/06\\\/13\\\/e-iniziata-la-manutenzione-del-verde-pubblico-da-parte-del-comune-di-belluno-spetta-ai-privati-il-taglio-delle-siepi-di-proprieta-a-bordo-strada\\\/#primaryimage\"},\"image\":{\"@id\":\"https:\\\/\\\/www.bellunopress.it\\\/2012\\\/06\\\/13\\\/e-iniziata-la-manutenzione-del-verde-pubblico-da-parte-del-comune-di-belluno-spetta-ai-privati-il-taglio-delle-siepi-di-proprieta-a-bordo-strada\\\/#primaryimage\"},\"thumbnailUrl\":\"http:\\\/\\\/www.bellunopress.it\\\/wp-content\\\/uploads\\\/2011\\\/06\\\/comune-belluno.gif\",\"datePublished\":\"2012-06-13T11:52:10+00:00\",\"breadcrumb\":{\"@id\":\"https:\\\/\\\/www.bellunopress.it\\\/2012\\\/06\\\/13\\\/e-iniziata-la-manutenzione-del-verde-pubblico-da-parte-del-comune-di-belluno-spetta-ai-privati-il-taglio-delle-siepi-di-proprieta-a-bordo-strada\\\/#breadcrumb\"},\"inLanguage\":\"fr-FR\",\"potentialAction\":[{\"@type\":\"ReadAction\",\"target\":[\"https:\\\/\\\/www.bellunopress.it\\\/2012\\\/06\\\/13\\\/e-iniziata-la-manutenzione-del-verde-pubblico-da-parte-del-comune-di-belluno-spetta-ai-privati-il-taglio-delle-siepi-di-proprieta-a-bordo-strada\\\/\"]}]},{\"@type\":\"ImageObject\",\"inLanguage\":\"fr-FR\",\"@id\":\"https:\\\/\\\/www.bellunopress.it\\\/2012\\\/06\\\/13\\\/e-iniziata-la-manutenzione-del-verde-pubblico-da-parte-del-comune-di-belluno-spetta-ai-privati-il-taglio-delle-siepi-di-proprieta-a-bordo-strada\\\/#primaryimage\",\"url\":\"http:\\\/\\\/www.bellunopress.it\\\/wp-content\\\/uploads\\\/2011\\\/06\\\/comune-belluno.gif\",\"contentUrl\":\"http:\\\/\\\/www.bellunopress.it\\\/wp-content\\\/uploads\\\/2011\\\/06\\\/comune-belluno.gif\"},{\"@type\":\"BreadcrumbList\",\"@id\":\"https:\\\/\\\/www.bellunopress.it\\\/2012\\\/06\\\/13\\\/e-iniziata-la-manutenzione-del-verde-pubblico-da-parte-del-comune-di-belluno-spetta-ai-privati-il-taglio-delle-siepi-di-proprieta-a-bordo-strada\\\/#breadcrumb\",\"itemListElement\":[{\"@type\":\"ListItem\",\"position\":1,\"name\":\"Home\",\"item\":\"https:\\\/\\\/www.bellunopress.it\\\/\"},{\"@type\":\"ListItem\",\"position\":2,\"name\":\"E&#8217; iniziata la manutenzione del verde pubblico da parte del Comune di Belluno. Spetta ai privati il taglio delle siepi di propriet\u00e0 a bordo strada\"}]},{\"@type\":\"WebSite\",\"@id\":\"https:\\\/\\\/www.bellunopress.it\\\/#website\",\"url\":\"https:\\\/\\\/www.bellunopress.it\\\/\",\"name\":\"Bellunopress - Dolomiti\",\"description\":\"e-mail: redazione@bellunopress.it\",\"publisher\":{\"@id\":\"https:\\\/\\\/www.bellunopress.it\\\/#organization\"},\"potentialAction\":[{\"@type\":\"SearchAction\",\"target\":{\"@type\":\"EntryPoint\",\"urlTemplate\":\"https:\\\/\\\/www.bellunopress.it\\\/?s={search_term_string}\"},\"query-input\":{\"@type\":\"PropertyValueSpecification\",\"valueRequired\":true,\"valueName\":\"search_term_string\"}}],\"inLanguage\":\"fr-FR\"},{\"@type\":\"Organization\",\"@id\":\"https:\\\/\\\/www.bellunopress.it\\\/#organization\",\"name\":\"Bellunopress\",\"url\":\"https:\\\/\\\/www.bellunopress.it\\\/\",\"logo\":{\"@type\":\"ImageObject\",\"inLanguage\":\"fr-FR\",\"@id\":\"https:\\\/\\\/www.bellunopress.it\\\/#\\\/schema\\\/logo\\\/image\\\/\",\"url\":\"https:\\\/\\\/www.bellunopress.it\\\/wp-content\\\/uploads\\\/2011\\\/05\\\/cropped-logo-bellunopress-.jpg\",\"contentUrl\":\"https:\\\/\\\/www.bellunopress.it\\\/wp-content\\\/uploads\\\/2011\\\/05\\\/cropped-logo-bellunopress-.jpg\",\"width\":512,\"height\":512,\"caption\":\"Bellunopress\"},\"image\":{\"@id\":\"https:\\\/\\\/www.bellunopress.it\\\/#\\\/schema\\\/logo\\\/image\\\/\"},\"sameAs\":[\"https:\\\/\\\/www.facebook.com\\\/profile.php?id=100008943462799\",\"https:\\\/\\\/x.com\\\/bellunopress\",\"https:\\\/\\\/www.linkedin.com\\\/hp\\\/?dnr=JBzUWaJfMUw8vbXJJ2tVW5-I3jZKvC4wsoxE&amp;amp;amp;amp;amp;amp;trk=nav_responsive_tab_home\",\"https:\\\/\\\/www.youtube.com\\\/channel\\\/UCxL0wu1uN0_3_7hGG0306cw\"]},{\"@type\":\"Person\",\"@id\":\"https:\\\/\\\/www.bellunopress.it\\\/#\\\/schema\\\/person\\\/79bb06722b37ece1c03d3e94beb30d73\",\"name\":\"redazione\",\"image\":{\"@type\":\"ImageObject\",\"inLanguage\":\"fr-FR\",\"@id\":\"https:\\\/\\\/secure.gravatar.com\\\/avatar\\\/37d968a2e67a6fd04c169c4bdef102d0bc5d31b2546345219e348575eb80e9a0?s=96&d=mm&r=g\",\"url\":\"https:\\\/\\\/secure.gravatar.com\\\/avatar\\\/37d968a2e67a6fd04c169c4bdef102d0bc5d31b2546345219e348575eb80e9a0?s=96&d=mm&r=g\",\"contentUrl\":\"https:\\\/\\\/secure.gravatar.com\\\/avatar\\\/37d968a2e67a6fd04c169c4bdef102d0bc5d31b2546345219e348575eb80e9a0?s=96&d=mm&r=g\",\"caption\":\"redazione\"},\"sameAs\":[\"http:\\\/\\\/www.bellunopress.it\",\"https:\\\/\\\/x.com\\\/bellunopress\"],\"url\":\"https:\\\/\\\/www.bellunopress.it\\\/fr\\\/author\\\/redazione\\\/\"}]}<\/script>\n<!-- \/ Yoast SEO plugin. -->","yoast_head_json":{"title":"E' iniziata la manutenzione del verde pubblico da parte del Comune di Belluno. Spetta ai privati il taglio delle siepi di propriet\u00e0 a bordo strada - Bellunopress - Dolomiti","robots":{"index":"index","follow":"follow","max-snippet":"max-snippet:-1","max-image-preview":"max-image-preview:large","max-video-preview":"max-video-preview:-1"},"canonical":"https:\/\/www.bellunopress.it\/fr\/2012\/06\/13\/e-iniziata-la-manutenzione-del-verde-pubblico-da-parte-del-comune-di-belluno-spetta-ai-privati-il-taglio-delle-siepi-di-proprieta-a-bordo-strada\/","og_locale":"fr_FR","og_type":"article","og_title":"E' iniziata la manutenzione del verde pubblico da parte del Comune di Belluno. Spetta ai privati il taglio delle siepi di propriet\u00e0 a bordo strada - Bellunopress - Dolomiti","og_description":"Il Comune di Belluno, in questi giorni, sta provvedendo allo sfalcio dei cigli stradali e alla potatura delle piante su area comunale, prospicienti la carreggiata. I lavori si svolgono tramite l&#8217;appalto con ditte esterne alle quali si aggiunge, per gli interventi su scuole e asili, l&#8217;operato del personale comunale, e l&#8217;importante collaborazione dei volontari di [&hellip;]","og_url":"https:\/\/www.bellunopress.it\/fr\/2012\/06\/13\/e-iniziata-la-manutenzione-del-verde-pubblico-da-parte-del-comune-di-belluno-spetta-ai-privati-il-taglio-delle-siepi-di-proprieta-a-bordo-strada\/","og_site_name":"Bellunopress - Dolomiti","article_publisher":"https:\/\/www.facebook.com\/profile.php?id=100008943462799","article_published_time":"2012-06-13T11:52:10+00:00","og_image":[{"url":"http:\/\/www.bellunopress.it\/wp-content\/uploads\/2011\/06\/comune-belluno.gif","type":"","width":"","height":""}],"author":"redazione","twitter_card":"summary_large_image","twitter_creator":"@bellunopress","twitter_site":"@bellunopress","twitter_misc":{"\u00c9crit par":"redazione","Dur\u00e9e de lecture estim\u00e9e":"2 minutes"},"schema":{"@context":"https:\/\/schema.org","@graph":[{"@type":"Article","@id":"https:\/\/www.bellunopress.it\/2012\/06\/13\/e-iniziata-la-manutenzione-del-verde-pubblico-da-parte-del-comune-di-belluno-spetta-ai-privati-il-taglio-delle-siepi-di-proprieta-a-bordo-strada\/#article","isPartOf":{"@id":"https:\/\/www.bellunopress.it\/2012\/06\/13\/e-iniziata-la-manutenzione-del-verde-pubblico-da-parte-del-comune-di-belluno-spetta-ai-privati-il-taglio-delle-siepi-di-proprieta-a-bordo-strada\/"},"author":{"name":"redazione","@id":"https:\/\/www.bellunopress.it\/#\/schema\/person\/79bb06722b37ece1c03d3e94beb30d73"},"headline":"E&#8217; iniziata la manutenzione del verde pubblico da parte del Comune di Belluno. Spetta ai privati il taglio delle siepi di propriet\u00e0 a bordo strada","datePublished":"2012-06-13T11:52:10+00:00","mainEntityOfPage":{"@id":"https:\/\/www.bellunopress.it\/2012\/06\/13\/e-iniziata-la-manutenzione-del-verde-pubblico-da-parte-del-comune-di-belluno-spetta-ai-privati-il-taglio-delle-siepi-di-proprieta-a-bordo-strada\/"},"wordCount":401,"publisher":{"@id":"https:\/\/www.bellunopress.it\/#organization"},"image":{"@id":"https:\/\/www.bellunopress.it\/2012\/06\/13\/e-iniziata-la-manutenzione-del-verde-pubblico-da-parte-del-comune-di-belluno-spetta-ai-privati-il-taglio-delle-siepi-di-proprieta-a-bordo-strada\/#primaryimage"},"thumbnailUrl":"http:\/\/www.bellunopress.it\/wp-content\/uploads\/2011\/06\/comune-belluno.gif","articleSection":["Prima Pagina","Societ\u00e0, Associazioni, Istituzioni"],"inLanguage":"fr-FR"},{"@type":"WebPage","@id":"https:\/\/www.bellunopress.it\/2012\/06\/13\/e-iniziata-la-manutenzione-del-verde-pubblico-da-parte-del-comune-di-belluno-spetta-ai-privati-il-taglio-delle-siepi-di-proprieta-a-bordo-strada\/","url":"https:\/\/www.bellunopress.it\/2012\/06\/13\/e-iniziata-la-manutenzione-del-verde-pubblico-da-parte-del-comune-di-belluno-spetta-ai-privati-il-taglio-delle-siepi-di-proprieta-a-bordo-strada\/","name":"E' iniziata la manutenzione del verde pubblico da parte del Comune di Belluno. Spetta ai privati il taglio delle siepi di propriet\u00e0 a bordo strada - Bellunopress - Dolomiti","isPartOf":{"@id":"https:\/\/www.bellunopress.it\/#website"},"primaryImageOfPage":{"@id":"https:\/\/www.bellunopress.it\/2012\/06\/13\/e-iniziata-la-manutenzione-del-verde-pubblico-da-parte-del-comune-di-belluno-spetta-ai-privati-il-taglio-delle-siepi-di-proprieta-a-bordo-strada\/#primaryimage"},"image":{"@id":"https:\/\/www.bellunopress.it\/2012\/06\/13\/e-iniziata-la-manutenzione-del-verde-pubblico-da-parte-del-comune-di-belluno-spetta-ai-privati-il-taglio-delle-siepi-di-proprieta-a-bordo-strada\/#primaryimage"},"thumbnailUrl":"http:\/\/www.bellunopress.it\/wp-content\/uploads\/2011\/06\/comune-belluno.gif","datePublished":"2012-06-13T11:52:10+00:00","breadcrumb":{"@id":"https:\/\/www.bellunopress.it\/2012\/06\/13\/e-iniziata-la-manutenzione-del-verde-pubblico-da-parte-del-comune-di-belluno-spetta-ai-privati-il-taglio-delle-siepi-di-proprieta-a-bordo-strada\/#breadcrumb"},"inLanguage":"fr-FR","potentialAction":[{"@type":"ReadAction","target":["https:\/\/www.bellunopress.it\/2012\/06\/13\/e-iniziata-la-manutenzione-del-verde-pubblico-da-parte-del-comune-di-belluno-spetta-ai-privati-il-taglio-delle-siepi-di-proprieta-a-bordo-strada\/"]}]},{"@type":"ImageObject","inLanguage":"fr-FR","@id":"https:\/\/www.bellunopress.it\/2012\/06\/13\/e-iniziata-la-manutenzione-del-verde-pubblico-da-parte-del-comune-di-belluno-spetta-ai-privati-il-taglio-delle-siepi-di-proprieta-a-bordo-strada\/#primaryimage","url":"http:\/\/www.bellunopress.it\/wp-content\/uploads\/2011\/06\/comune-belluno.gif","contentUrl":"http:\/\/www.bellunopress.it\/wp-content\/uploads\/2011\/06\/comune-belluno.gif"},{"@type":"BreadcrumbList","@id":"https:\/\/www.bellunopress.it\/2012\/06\/13\/e-iniziata-la-manutenzione-del-verde-pubblico-da-parte-del-comune-di-belluno-spetta-ai-privati-il-taglio-delle-siepi-di-proprieta-a-bordo-strada\/#breadcrumb","itemListElement":[{"@type":"ListItem","position":1,"name":"Home","item":"https:\/\/www.bellunopress.it\/"},{"@type":"ListItem","position":2,"name":"E&#8217; iniziata la manutenzione del verde pubblico da parte del Comune di Belluno. Spetta ai privati il taglio delle siepi di propriet\u00e0 a bordo strada"}]},{"@type":"WebSite","@id":"https:\/\/www.bellunopress.it\/#website","url":"https:\/\/www.bellunopress.it\/","name":"Bellunopress - Dolomiti","description":"e-mail: redazione@bellunopress.it","publisher":{"@id":"https:\/\/www.bellunopress.it\/#organization"},"potentialAction":[{"@type":"SearchAction","target":{"@type":"EntryPoint","urlTemplate":"https:\/\/www.bellunopress.it\/?s={search_term_string}"},"query-input":{"@type":"PropertyValueSpecification","valueRequired":true,"valueName":"search_term_string"}}],"inLanguage":"fr-FR"},{"@type":"Organization","@id":"https:\/\/www.bellunopress.it\/#organization","name":"Bellunopress","url":"https:\/\/www.bellunopress.it\/","logo":{"@type":"ImageObject","inLanguage":"fr-FR","@id":"https:\/\/www.bellunopress.it\/#\/schema\/logo\/image\/","url":"https:\/\/www.bellunopress.it\/wp-content\/uploads\/2011\/05\/cropped-logo-bellunopress-.jpg","contentUrl":"https:\/\/www.bellunopress.it\/wp-content\/uploads\/2011\/05\/cropped-logo-bellunopress-.jpg","width":512,"height":512,"caption":"Bellunopress"},"image":{"@id":"https:\/\/www.bellunopress.it\/#\/schema\/logo\/image\/"},"sameAs":["https:\/\/www.facebook.com\/profile.php?id=100008943462799","https:\/\/x.com\/bellunopress","https:\/\/www.linkedin.com\/hp\/?dnr=JBzUWaJfMUw8vbXJJ2tVW5-I3jZKvC4wsoxE&amp;amp;amp;amp;amp;amp;trk=nav_responsive_tab_home","https:\/\/www.youtube.com\/channel\/UCxL0wu1uN0_3_7hGG0306cw"]},{"@type":"Person","@id":"https:\/\/www.bellunopress.it\/#\/schema\/person\/79bb06722b37ece1c03d3e94beb30d73","name":"r\u00e9daction","image":{"@type":"ImageObject","inLanguage":"fr-FR","@id":"https:\/\/secure.gravatar.com\/avatar\/37d968a2e67a6fd04c169c4bdef102d0bc5d31b2546345219e348575eb80e9a0?s=96&d=mm&r=g","url":"https:\/\/secure.gravatar.com\/avatar\/37d968a2e67a6fd04c169c4bdef102d0bc5d31b2546345219e348575eb80e9a0?s=96&d=mm&r=g","contentUrl":"https:\/\/secure.gravatar.com\/avatar\/37d968a2e67a6fd04c169c4bdef102d0bc5d31b2546345219e348575eb80e9a0?s=96&d=mm&r=g","caption":"redazione"},"sameAs":["http:\/\/www.bellunopress.it","https:\/\/x.com\/bellunopress"],"url":"https:\/\/www.bellunopress.it\/fr\/author\/redazione\/"}]}},"_links":{"self":[{"href":"https:\/\/www.bellunopress.it\/fr\/wp-json\/wp\/v2\/posts\/38955","targetHints":{"allow":["GET"]}}],"collection":[{"href":"https:\/\/www.bellunopress.it\/fr\/wp-json\/wp\/v2\/posts"}],"about":[{"href":"https:\/\/www.bellunopress.it\/fr\/wp-json\/wp\/v2\/types\/post"}],"author":[{"embeddable":true,"href":"https:\/\/www.bellunopress.it\/fr\/wp-json\/wp\/v2\/users\/2"}],"replies":[{"embeddable":true,"href":"https:\/\/www.bellunopress.it\/fr\/wp-json\/wp\/v2\/comments?post=38955"}],"version-history":[{"count":2,"href":"https:\/\/www.bellunopress.it\/fr\/wp-json\/wp\/v2\/posts\/38955\/revisions"}],"predecessor-version":[{"id":38957,"href":"https:\/\/www.bellunopress.it\/fr\/wp-json\/wp\/v2\/posts\/38955\/revisions\/38957"}],"wp:attachment":[{"href":"https:\/\/www.bellunopress.it\/fr\/wp-json\/wp\/v2\/media?parent=38955"}],"wp:term":[{"taxonomy":"category","embeddable":true,"href":"https:\/\/www.bellunopress.it\/fr\/wp-json\/wp\/v2\/categories?post=38955"},{"taxonomy":"post_tag","embeddable":true,"href":"https:\/\/www.bellunopress.it\/fr\/wp-json\/wp\/v2\/tags?post=38955"}],"curies":[{"name":"wp","href":"https:\/\/api.w.org\/{rel}","templated":true}]}}