{"id":38566,"date":"2012-06-01T06:09:38","date_gmt":"2012-06-01T05:09:38","guid":{"rendered":"http:\/\/www.bellunopress.it\/?p=38566"},"modified":"2012-06-01T06:09:38","modified_gmt":"2012-06-01T05:09:38","slug":"federpetroli-italia-esclude-qualsiasi-relazione-tra-terremoti-e-trivellazioni","status":"publish","type":"post","link":"https:\/\/www.bellunopress.it\/fr\/2012\/06\/01\/federpetroli-italia-esclude-qualsiasi-relazione-tra-terremoti-e-trivellazioni\/","title":{"rendered":"FederPetroli Italia esclude qualsiasi relazione tra terremoti e trivellazioni"},"content":{"rendered":"<p>Nel corso degli anni, su riferimenti reali, non abbiamo situazioni di onde sismiche di alta scala in seguito a trivellazioni per ricerca di idrocarburi.\u00a0\u00a0La polemica che sta interessando il settore petrolifero in questi giorni \u00e8 montata su un nulla di fatto. Lo dichiara una nota\u00a0 di\u00a0FederPetroli Italia\u00a0a firma del suo presidente Michele Marsiglia, in relazione\u00a0alla monitorizzazione e fase di avanzamento delle possibile trivellazioni nelle zone del sud dell&#8217;Italia Vallo di Diano: &#8220;Non abbiamo elementi nella storia della ricerca e sviluppo di giacimenti petroliferi che portino alla causa di manifestazioni sismiche con pericolosit\u00e0 per i cittadini, da quelle che sono le dimaniche di trivellazione attraverso la tecnica del Fracking (fratturazione idraulica) ad altre forme di trivellazioni di uso pi\u00f9 comune o non convenzionale.<\/p>\n<p>Il settore dell&#8217;E&amp;P (Eplorazione e Produzione), attraverso nuove tecnologie avanzate consente nella prima fase di eplorazione attraverso la Prospezione Sismica Tridimensionale ed altro, di verificare buona parte dello stato del giacimento e la base geologica e sismica. Si prosegue con la fase di Perforazione che si sviluppa con controllo accurato delle fasi di trivellazione ed utilizzo di sistemi per limitato impatto ambientale in situazioni di complessa operativit\u00e0.<\/p>\n<p>Per quel che riguarda il possibile stoccaggio di Gas Metano nel sottosuolo, non vi sono elementi che definiscono tale processo pericoloso anzi, dopo rigide normative per lo stoccaggio del gas in superficie, il sottosuolo risulta per grado di sicurezza ed in alcune situazioni, ottimale.<\/p>\n<p>Riteniamo che in situazioni di disagio come quello che si sta verificando in seguito al terremoto, si trovi sempre spazio per polemiche nulle, senza pensare a quella che \u00e8 la vera emergenza, ricordando che, prima di una trivellazione, gli studi e verifiche hanno tempi molto lunghi, con il consenso di Amministrazione locali, provinciali, nazionali ed in primis, comitati cittadini.<\/p>\n<p>E&#8217; doveroso manifestare la massima solidariet\u00e0 alle persone coinvolte in questo stato di calamit\u00e0 naturale ed essere a disposizione con le nostre forze, attraverso FederPetroli Italia ed aziende collegate a poter dare un aiuto, valido e concreto, nelle nostre possibilit\u00e0&#8221;.<\/p>\n<p>Queste le parole espresse dal presidente della FederPetroli Italia in merito ad alcuni attacchi e polemiche sulla divisione Upstream del settore petrolifero.<\/p>\n<p>Fonte: <a href=\"http:\/\/www.federpetroliitalia.org\/comunicati_stampa.php\">http:\/\/www.federpetroliitalia.org\/comunicati_stampa.php<\/a><\/p>\n<p>&nbsp;<\/p>\n<p>&nbsp;<\/p>","protected":false},"excerpt":{"rendered":"<p>Nel corso degli anni, su riferimenti reali, non abbiamo situazioni di onde sismiche di alta scala in seguito a trivellazioni per ricerca di idrocarburi.\u00a0\u00a0La polemica che sta interessando il settore petrolifero in questi giorni \u00e8 montata su un nulla di fatto. Lo dichiara una nota\u00a0 di\u00a0FederPetroli Italia\u00a0a firma del suo presidente Michele Marsiglia, in relazione\u00a0alla [&hellip;]<\/p>\n","protected":false},"author":2,"featured_media":0,"comment_status":"closed","ping_status":"open","sticky":false,"template":"","format":"standard","meta":{"footnotes":""},"categories":[5,26],"tags":[],"class_list":["post-38566","post","type-post","status-publish","format-standard","category-cronaca","category-prima-pagina"],"yoast_head":"<!-- This site is optimized with the Yoast SEO plugin v28.4 - https:\/\/yoast.com\/product\/yoast-seo-wordpress\/ -->\n<title>FederPetroli Italia esclude qualsiasi relazione tra terremoti e trivellazioni - Bellunopress - Dolomiti<\/title>\n<meta name=\"robots\" content=\"index, follow, max-snippet:-1, max-image-preview:large, max-video-preview:-1\" \/>\n<link rel=\"canonical\" href=\"https:\/\/www.bellunopress.it\/fr\/2012\/06\/01\/federpetroli-italia-esclude-qualsiasi-relazione-tra-terremoti-e-trivellazioni\/\" \/>\n<meta property=\"og:locale\" content=\"fr_FR\" \/>\n<meta property=\"og:type\" content=\"article\" \/>\n<meta property=\"og:title\" content=\"FederPetroli Italia esclude qualsiasi relazione tra terremoti e trivellazioni - Bellunopress - Dolomiti\" \/>\n<meta property=\"og:description\" content=\"Nel corso degli anni, su riferimenti reali, non abbiamo situazioni di onde sismiche di alta scala in seguito a trivellazioni per ricerca di idrocarburi.\u00a0\u00a0La polemica che sta interessando il settore petrolifero in questi giorni \u00e8 montata su un nulla di fatto. Lo dichiara una nota\u00a0 di\u00a0FederPetroli Italia\u00a0a firma del suo presidente Michele Marsiglia, in relazione\u00a0alla [&hellip;]\" \/>\n<meta property=\"og:url\" content=\"https:\/\/www.bellunopress.it\/fr\/2012\/06\/01\/federpetroli-italia-esclude-qualsiasi-relazione-tra-terremoti-e-trivellazioni\/\" \/>\n<meta property=\"og:site_name\" content=\"Bellunopress - Dolomiti\" \/>\n<meta property=\"article:publisher\" content=\"https:\/\/www.facebook.com\/profile.php?id=100008943462799\" \/>\n<meta property=\"article:published_time\" content=\"2012-06-01T05:09:38+00:00\" \/>\n<meta property=\"og:image\" content=\"http:\/\/www.bellunopress.it\/wp-content\/uploads\/2012\/07\/logo-bellunopress-250x250-2012.jpg\" \/>\n<meta name=\"author\" content=\"redazione\" \/>\n<meta name=\"twitter:card\" content=\"summary_large_image\" \/>\n<meta name=\"twitter:creator\" content=\"@bellunopress\" \/>\n<meta name=\"twitter:site\" content=\"@bellunopress\" \/>\n<meta name=\"twitter:label1\" content=\"\u00c9crit par\" \/>\n\t<meta name=\"twitter:data1\" content=\"redazione\" \/>\n\t<meta name=\"twitter:label2\" content=\"Dur\u00e9e de lecture estim\u00e9e\" \/>\n\t<meta name=\"twitter:data2\" content=\"2 minutes\" \/>\n<script type=\"application\/ld+json\" class=\"yoast-schema-graph\">{\"@context\":\"https:\\\/\\\/schema.org\",\"@graph\":[{\"@type\":\"Article\",\"@id\":\"https:\\\/\\\/www.bellunopress.it\\\/2012\\\/06\\\/01\\\/federpetroli-italia-esclude-qualsiasi-relazione-tra-terremoti-e-trivellazioni\\\/#article\",\"isPartOf\":{\"@id\":\"https:\\\/\\\/www.bellunopress.it\\\/2012\\\/06\\\/01\\\/federpetroli-italia-esclude-qualsiasi-relazione-tra-terremoti-e-trivellazioni\\\/\"},\"author\":{\"name\":\"redazione\",\"@id\":\"https:\\\/\\\/www.bellunopress.it\\\/#\\\/schema\\\/person\\\/79bb06722b37ece1c03d3e94beb30d73\"},\"headline\":\"FederPetroli Italia esclude qualsiasi relazione tra terremoti e trivellazioni\",\"datePublished\":\"2012-06-01T05:09:38+00:00\",\"mainEntityOfPage\":{\"@id\":\"https:\\\/\\\/www.bellunopress.it\\\/2012\\\/06\\\/01\\\/federpetroli-italia-esclude-qualsiasi-relazione-tra-terremoti-e-trivellazioni\\\/\"},\"wordCount\":379,\"publisher\":{\"@id\":\"https:\\\/\\\/www.bellunopress.it\\\/#organization\"},\"articleSection\":[\"Cronaca\\\/Politica\",\"Prima Pagina\"],\"inLanguage\":\"fr-FR\"},{\"@type\":\"WebPage\",\"@id\":\"https:\\\/\\\/www.bellunopress.it\\\/2012\\\/06\\\/01\\\/federpetroli-italia-esclude-qualsiasi-relazione-tra-terremoti-e-trivellazioni\\\/\",\"url\":\"https:\\\/\\\/www.bellunopress.it\\\/2012\\\/06\\\/01\\\/federpetroli-italia-esclude-qualsiasi-relazione-tra-terremoti-e-trivellazioni\\\/\",\"name\":\"FederPetroli Italia esclude qualsiasi relazione tra terremoti e trivellazioni - Bellunopress - Dolomiti\",\"isPartOf\":{\"@id\":\"https:\\\/\\\/www.bellunopress.it\\\/#website\"},\"datePublished\":\"2012-06-01T05:09:38+00:00\",\"breadcrumb\":{\"@id\":\"https:\\\/\\\/www.bellunopress.it\\\/2012\\\/06\\\/01\\\/federpetroli-italia-esclude-qualsiasi-relazione-tra-terremoti-e-trivellazioni\\\/#breadcrumb\"},\"inLanguage\":\"fr-FR\",\"potentialAction\":[{\"@type\":\"ReadAction\",\"target\":[\"https:\\\/\\\/www.bellunopress.it\\\/2012\\\/06\\\/01\\\/federpetroli-italia-esclude-qualsiasi-relazione-tra-terremoti-e-trivellazioni\\\/\"]}]},{\"@type\":\"BreadcrumbList\",\"@id\":\"https:\\\/\\\/www.bellunopress.it\\\/2012\\\/06\\\/01\\\/federpetroli-italia-esclude-qualsiasi-relazione-tra-terremoti-e-trivellazioni\\\/#breadcrumb\",\"itemListElement\":[{\"@type\":\"ListItem\",\"position\":1,\"name\":\"Home\",\"item\":\"https:\\\/\\\/www.bellunopress.it\\\/\"},{\"@type\":\"ListItem\",\"position\":2,\"name\":\"FederPetroli Italia esclude qualsiasi relazione tra terremoti e trivellazioni\"}]},{\"@type\":\"WebSite\",\"@id\":\"https:\\\/\\\/www.bellunopress.it\\\/#website\",\"url\":\"https:\\\/\\\/www.bellunopress.it\\\/\",\"name\":\"Bellunopress - Dolomiti\",\"description\":\"e-mail: redazione@bellunopress.it\",\"publisher\":{\"@id\":\"https:\\\/\\\/www.bellunopress.it\\\/#organization\"},\"potentialAction\":[{\"@type\":\"SearchAction\",\"target\":{\"@type\":\"EntryPoint\",\"urlTemplate\":\"https:\\\/\\\/www.bellunopress.it\\\/?s={search_term_string}\"},\"query-input\":{\"@type\":\"PropertyValueSpecification\",\"valueRequired\":true,\"valueName\":\"search_term_string\"}}],\"inLanguage\":\"fr-FR\"},{\"@type\":\"Organization\",\"@id\":\"https:\\\/\\\/www.bellunopress.it\\\/#organization\",\"name\":\"Bellunopress\",\"url\":\"https:\\\/\\\/www.bellunopress.it\\\/\",\"logo\":{\"@type\":\"ImageObject\",\"inLanguage\":\"fr-FR\",\"@id\":\"https:\\\/\\\/www.bellunopress.it\\\/#\\\/schema\\\/logo\\\/image\\\/\",\"url\":\"https:\\\/\\\/www.bellunopress.it\\\/wp-content\\\/uploads\\\/2011\\\/05\\\/cropped-logo-bellunopress-.jpg\",\"contentUrl\":\"https:\\\/\\\/www.bellunopress.it\\\/wp-content\\\/uploads\\\/2011\\\/05\\\/cropped-logo-bellunopress-.jpg\",\"width\":512,\"height\":512,\"caption\":\"Bellunopress\"},\"image\":{\"@id\":\"https:\\\/\\\/www.bellunopress.it\\\/#\\\/schema\\\/logo\\\/image\\\/\"},\"sameAs\":[\"https:\\\/\\\/www.facebook.com\\\/profile.php?id=100008943462799\",\"https:\\\/\\\/x.com\\\/bellunopress\",\"https:\\\/\\\/www.linkedin.com\\\/hp\\\/?dnr=JBzUWaJfMUw8vbXJJ2tVW5-I3jZKvC4wsoxE&amp;amp;amp;amp;amp;amp;trk=nav_responsive_tab_home\",\"https:\\\/\\\/www.youtube.com\\\/channel\\\/UCxL0wu1uN0_3_7hGG0306cw\"]},{\"@type\":\"Person\",\"@id\":\"https:\\\/\\\/www.bellunopress.it\\\/#\\\/schema\\\/person\\\/79bb06722b37ece1c03d3e94beb30d73\",\"name\":\"redazione\",\"image\":{\"@type\":\"ImageObject\",\"inLanguage\":\"fr-FR\",\"@id\":\"https:\\\/\\\/secure.gravatar.com\\\/avatar\\\/37d968a2e67a6fd04c169c4bdef102d0bc5d31b2546345219e348575eb80e9a0?s=96&d=mm&r=g\",\"url\":\"https:\\\/\\\/secure.gravatar.com\\\/avatar\\\/37d968a2e67a6fd04c169c4bdef102d0bc5d31b2546345219e348575eb80e9a0?s=96&d=mm&r=g\",\"contentUrl\":\"https:\\\/\\\/secure.gravatar.com\\\/avatar\\\/37d968a2e67a6fd04c169c4bdef102d0bc5d31b2546345219e348575eb80e9a0?s=96&d=mm&r=g\",\"caption\":\"redazione\"},\"sameAs\":[\"http:\\\/\\\/www.bellunopress.it\",\"https:\\\/\\\/x.com\\\/bellunopress\"],\"url\":\"https:\\\/\\\/www.bellunopress.it\\\/fr\\\/author\\\/redazione\\\/\"}]}<\/script>\n<!-- \/ Yoast SEO plugin. -->","yoast_head_json":{"title":"FederPetroli Italia esclude qualsiasi relazione tra terremoti e trivellazioni - Bellunopress - Dolomiti","robots":{"index":"index","follow":"follow","max-snippet":"max-snippet:-1","max-image-preview":"max-image-preview:large","max-video-preview":"max-video-preview:-1"},"canonical":"https:\/\/www.bellunopress.it\/fr\/2012\/06\/01\/federpetroli-italia-esclude-qualsiasi-relazione-tra-terremoti-e-trivellazioni\/","og_locale":"fr_FR","og_type":"article","og_title":"FederPetroli Italia esclude qualsiasi relazione tra terremoti e trivellazioni - Bellunopress - Dolomiti","og_description":"Nel corso degli anni, su riferimenti reali, non abbiamo situazioni di onde sismiche di alta scala in seguito a trivellazioni per ricerca di idrocarburi.\u00a0\u00a0La polemica che sta interessando il settore petrolifero in questi giorni \u00e8 montata su un nulla di fatto. Lo dichiara una nota\u00a0 di\u00a0FederPetroli Italia\u00a0a firma del suo presidente Michele Marsiglia, in relazione\u00a0alla [&hellip;]","og_url":"https:\/\/www.bellunopress.it\/fr\/2012\/06\/01\/federpetroli-italia-esclude-qualsiasi-relazione-tra-terremoti-e-trivellazioni\/","og_site_name":"Bellunopress - Dolomiti","article_publisher":"https:\/\/www.facebook.com\/profile.php?id=100008943462799","article_published_time":"2012-06-01T05:09:38+00:00","og_image":[{"url":"http:\/\/www.bellunopress.it\/wp-content\/uploads\/2012\/07\/logo-bellunopress-250x250-2012.jpg","type":"","width":"","height":""}],"author":"redazione","twitter_card":"summary_large_image","twitter_creator":"@bellunopress","twitter_site":"@bellunopress","twitter_misc":{"\u00c9crit par":"redazione","Dur\u00e9e de lecture estim\u00e9e":"2 minutes"},"schema":{"@context":"https:\/\/schema.org","@graph":[{"@type":"Article","@id":"https:\/\/www.bellunopress.it\/2012\/06\/01\/federpetroli-italia-esclude-qualsiasi-relazione-tra-terremoti-e-trivellazioni\/#article","isPartOf":{"@id":"https:\/\/www.bellunopress.it\/2012\/06\/01\/federpetroli-italia-esclude-qualsiasi-relazione-tra-terremoti-e-trivellazioni\/"},"author":{"name":"redazione","@id":"https:\/\/www.bellunopress.it\/#\/schema\/person\/79bb06722b37ece1c03d3e94beb30d73"},"headline":"FederPetroli Italia esclude qualsiasi relazione tra terremoti e trivellazioni","datePublished":"2012-06-01T05:09:38+00:00","mainEntityOfPage":{"@id":"https:\/\/www.bellunopress.it\/2012\/06\/01\/federpetroli-italia-esclude-qualsiasi-relazione-tra-terremoti-e-trivellazioni\/"},"wordCount":379,"publisher":{"@id":"https:\/\/www.bellunopress.it\/#organization"},"articleSection":["Cronaca\/Politica","Prima Pagina"],"inLanguage":"fr-FR"},{"@type":"WebPage","@id":"https:\/\/www.bellunopress.it\/2012\/06\/01\/federpetroli-italia-esclude-qualsiasi-relazione-tra-terremoti-e-trivellazioni\/","url":"https:\/\/www.bellunopress.it\/2012\/06\/01\/federpetroli-italia-esclude-qualsiasi-relazione-tra-terremoti-e-trivellazioni\/","name":"FederPetroli Italia esclude qualsiasi relazione tra terremoti e trivellazioni - Bellunopress - Dolomiti","isPartOf":{"@id":"https:\/\/www.bellunopress.it\/#website"},"datePublished":"2012-06-01T05:09:38+00:00","breadcrumb":{"@id":"https:\/\/www.bellunopress.it\/2012\/06\/01\/federpetroli-italia-esclude-qualsiasi-relazione-tra-terremoti-e-trivellazioni\/#breadcrumb"},"inLanguage":"fr-FR","potentialAction":[{"@type":"ReadAction","target":["https:\/\/www.bellunopress.it\/2012\/06\/01\/federpetroli-italia-esclude-qualsiasi-relazione-tra-terremoti-e-trivellazioni\/"]}]},{"@type":"BreadcrumbList","@id":"https:\/\/www.bellunopress.it\/2012\/06\/01\/federpetroli-italia-esclude-qualsiasi-relazione-tra-terremoti-e-trivellazioni\/#breadcrumb","itemListElement":[{"@type":"ListItem","position":1,"name":"Home","item":"https:\/\/www.bellunopress.it\/"},{"@type":"ListItem","position":2,"name":"FederPetroli Italia esclude qualsiasi relazione tra terremoti e trivellazioni"}]},{"@type":"WebSite","@id":"https:\/\/www.bellunopress.it\/#website","url":"https:\/\/www.bellunopress.it\/","name":"Bellunopress - Dolomiti","description":"e-mail: redazione@bellunopress.it","publisher":{"@id":"https:\/\/www.bellunopress.it\/#organization"},"potentialAction":[{"@type":"SearchAction","target":{"@type":"EntryPoint","urlTemplate":"https:\/\/www.bellunopress.it\/?s={search_term_string}"},"query-input":{"@type":"PropertyValueSpecification","valueRequired":true,"valueName":"search_term_string"}}],"inLanguage":"fr-FR"},{"@type":"Organization","@id":"https:\/\/www.bellunopress.it\/#organization","name":"Bellunopress","url":"https:\/\/www.bellunopress.it\/","logo":{"@type":"ImageObject","inLanguage":"fr-FR","@id":"https:\/\/www.bellunopress.it\/#\/schema\/logo\/image\/","url":"https:\/\/www.bellunopress.it\/wp-content\/uploads\/2011\/05\/cropped-logo-bellunopress-.jpg","contentUrl":"https:\/\/www.bellunopress.it\/wp-content\/uploads\/2011\/05\/cropped-logo-bellunopress-.jpg","width":512,"height":512,"caption":"Bellunopress"},"image":{"@id":"https:\/\/www.bellunopress.it\/#\/schema\/logo\/image\/"},"sameAs":["https:\/\/www.facebook.com\/profile.php?id=100008943462799","https:\/\/x.com\/bellunopress","https:\/\/www.linkedin.com\/hp\/?dnr=JBzUWaJfMUw8vbXJJ2tVW5-I3jZKvC4wsoxE&amp;amp;amp;amp;amp;amp;trk=nav_responsive_tab_home","https:\/\/www.youtube.com\/channel\/UCxL0wu1uN0_3_7hGG0306cw"]},{"@type":"Person","@id":"https:\/\/www.bellunopress.it\/#\/schema\/person\/79bb06722b37ece1c03d3e94beb30d73","name":"r\u00e9daction","image":{"@type":"ImageObject","inLanguage":"fr-FR","@id":"https:\/\/secure.gravatar.com\/avatar\/37d968a2e67a6fd04c169c4bdef102d0bc5d31b2546345219e348575eb80e9a0?s=96&d=mm&r=g","url":"https:\/\/secure.gravatar.com\/avatar\/37d968a2e67a6fd04c169c4bdef102d0bc5d31b2546345219e348575eb80e9a0?s=96&d=mm&r=g","contentUrl":"https:\/\/secure.gravatar.com\/avatar\/37d968a2e67a6fd04c169c4bdef102d0bc5d31b2546345219e348575eb80e9a0?s=96&d=mm&r=g","caption":"redazione"},"sameAs":["http:\/\/www.bellunopress.it","https:\/\/x.com\/bellunopress"],"url":"https:\/\/www.bellunopress.it\/fr\/author\/redazione\/"}]}},"_links":{"self":[{"href":"https:\/\/www.bellunopress.it\/fr\/wp-json\/wp\/v2\/posts\/38566","targetHints":{"allow":["GET"]}}],"collection":[{"href":"https:\/\/www.bellunopress.it\/fr\/wp-json\/wp\/v2\/posts"}],"about":[{"href":"https:\/\/www.bellunopress.it\/fr\/wp-json\/wp\/v2\/types\/post"}],"author":[{"embeddable":true,"href":"https:\/\/www.bellunopress.it\/fr\/wp-json\/wp\/v2\/users\/2"}],"replies":[{"embeddable":true,"href":"https:\/\/www.bellunopress.it\/fr\/wp-json\/wp\/v2\/comments?post=38566"}],"version-history":[{"count":1,"href":"https:\/\/www.bellunopress.it\/fr\/wp-json\/wp\/v2\/posts\/38566\/revisions"}],"predecessor-version":[{"id":38567,"href":"https:\/\/www.bellunopress.it\/fr\/wp-json\/wp\/v2\/posts\/38566\/revisions\/38567"}],"wp:attachment":[{"href":"https:\/\/www.bellunopress.it\/fr\/wp-json\/wp\/v2\/media?parent=38566"}],"wp:term":[{"taxonomy":"category","embeddable":true,"href":"https:\/\/www.bellunopress.it\/fr\/wp-json\/wp\/v2\/categories?post=38566"},{"taxonomy":"post_tag","embeddable":true,"href":"https:\/\/www.bellunopress.it\/fr\/wp-json\/wp\/v2\/tags?post=38566"}],"curies":[{"name":"wp","href":"https:\/\/api.w.org\/{rel}","templated":true}]}}