{"id":38552,"date":"2012-05-31T18:37:25","date_gmt":"2012-05-31T17:37:25","guid":{"rendered":"http:\/\/www.bellunopress.it\/?p=38552"},"modified":"2012-05-31T22:56:35","modified_gmt":"2012-05-31T21:56:35","slug":"apv-service-la-tecnologia-che-ci-fa-vedere-il-mondo-da-unaltra-prospettiva","status":"publish","type":"post","link":"https:\/\/www.bellunopress.it\/fr\/2012\/05\/31\/apv-service-la-tecnologia-che-ci-fa-vedere-il-mondo-da-unaltra-prospettiva\/","title":{"rendered":"APV Service, la tecnologia che ci fa vedere il mondo da un&#8217;altra prospettiva"},"content":{"rendered":"<p>Nasce a Ponte nelle Alpi la tecnologia che ci fa vedere il mondo da un&#8217;altra prospettiva. Immagini e filmati in alta risoluzione realizzati da droni ed elicotteri Uav dell&#8217;ultima generazione, con autonomia di volo fino a 30 minuti, con controllo Gps.<\/p>\n<p><img loading=\"lazy\" decoding=\"async\" class=\"alignleft size-full wp-image-38553\" title=\"drone 035\" src=\"http:\/\/www.bellunopress.it\/wp-content\/uploads\/2012\/05\/drone-035.jpg\" alt=\"\" width=\"290\" height=\"130\" \/><a href=\"http:\/\/www.apvservices.it\/en\/\">L&#8217;APV Services<\/a> di Ponte nelle Alpi, con sede in piazza Boito, 20 offre servizi di produzione video &amp; foto specializzati in riprese aeree con droni e elicotteri per amatori e professionisti.<\/p>\n<p>Monitoraggio del territorio a lungo raggio, in caso di calamit\u00e0, con drone configurato a tutta ala. Immagini in alta risoluzione per perizie tecniche su manufatti lesionati altrimenti irraggiungibili, con elicotteri a decollo verticale a quattro motori e camera stabilizzata. Ma anche riprese per eventi e manifestazioni, monitoraggio delle temperature in quota attraverso sensori, e molte altre applicazioni che conducono il drone dove l&#8217;uomo fino a ieri non poteva arrivare.<\/p>\n<p>Ma non \u00e8 tutto. <a href=\"http:\/\/www.apvservices.it\/en\/\">APV Service <\/a>commercializza direttamente droni ed elicotteri con pacchetti chiavi in mano comprensivi di corso di formazione per il corretto utilizzo delle apparecchiature. Il cliente \u00e8 seguito dall\u2019inizio alla fine, dalla pre alla post produzione dei video o delle foto, con l&#8217;assistenza di professionisti. Le migliori tecnologie disponibili sul mercato, con possibilit\u00e0 di progettazione di macchine specifiche, in collaborazione diretta di ingegneri e progettisti software specializzati nel settore.<\/p>\n<p>I migliori sistemi di volo, i pi\u00f9 avanzati stabilizzatori per fotocamere e videocamere, ad un prezzo accessibile. L&#8217;APV Service dispone di un team di esperti nel settore elettronico, informatico e grafico e professionisti specializzati nel pilotaggio da ripresa, in grado di intervenire celermente e a costi accessibili su tutto il territorio nazionale.<\/p>\n<p><a href=\"http:\/\/www.apvservices.it\/en\/\">http:\/\/www.apvservices.it\/en\/<\/a><\/p>\n<p>Ecco i video prodotti da APVServices:<\/p>\n<p>&nbsp;<\/p>\n<p>\u2022Castello di Zumelle: <a href=\"http:\/\/www.youtube.com\/watch?v=-EydHcAAq4c\">http:\/\/www.youtube.com\/watch?v=-EydHcAAq4c<\/a><\/p>\n<p>\u2022Auditorium di Pietra Belluno <a href=\"http:\/\/www.youtube.com\/watch?v=upQ7bRUdS8U\">http:\/\/www.youtube.com\/watch?v=upQ7bRUdS8U<\/a><\/p>\n<p>\u2022Ristorante Albergo Al Giardinetto <a href=\"http:\/\/www.youtube.com\/watch?v=g_Tbs736KmY\">http:\/\/www.youtube.com\/watch?v=g_Tbs736KmY<\/a><\/p>\n<p>&nbsp;<\/p>\n<p>E i canali YouTube, Facebook, twitter e Vimeo legati ad APVServices:<\/p>\n<p><a href=\"http:\/\/www.facebook.com\/apvservices\">http:\/\/www.facebook.com\/apvservices<\/a><\/p>\n<p><a href=\"https:\/\/twitter.com\/#!\/apvservices\">https:\/\/twitter.com\/#!\/apvservices<\/a><\/p>\n<p><a href=\"https:\/\/vimeo.com\/apvservices\">https:\/\/vimeo.com\/apvservices<\/a><\/p>\n<p><a href=\"http:\/\/www.youtube.com\/apvservices\">http:\/\/www.youtube.com\/apvservices<\/a><\/p>\n<p>&nbsp;<\/p>\n<p>&nbsp;<\/p>","protected":false},"excerpt":{"rendered":"<p>Nasce a Ponte nelle Alpi la tecnologia che ci fa vedere il mondo da un&#8217;altra prospettiva. Immagini e filmati in alta risoluzione realizzati da droni ed elicotteri Uav dell&#8217;ultima generazione, con autonomia di volo fino a 30 minuti, con controllo Gps. L&#8217;APV Services di Ponte nelle Alpi, con sede in piazza Boito, 20 offre servizi [&hellip;]<\/p>\n","protected":false},"author":2,"featured_media":0,"comment_status":"closed","ping_status":"open","sticky":false,"template":"","format":"standard","meta":{"footnotes":""},"categories":[25,50],"tags":[],"class_list":["post-38552","post","type-post","status-publish","format-standard","category-pausa-caffe","category-pubbliredazionali"],"yoast_head":"<!-- This site is optimized with the Yoast SEO plugin v28.4 - https:\/\/yoast.com\/product\/yoast-seo-wordpress\/ -->\n<title>APV Service, la tecnologia che ci fa vedere il mondo da un&#039;altra prospettiva - Bellunopress - Dolomiti<\/title>\n<meta name=\"robots\" content=\"index, follow, max-snippet:-1, max-image-preview:large, max-video-preview:-1\" \/>\n<link rel=\"canonical\" href=\"https:\/\/www.bellunopress.it\/fr\/2012\/05\/31\/apv-service-la-tecnologia-che-ci-fa-vedere-il-mondo-da-unaltra-prospettiva\/\" \/>\n<meta property=\"og:locale\" content=\"fr_FR\" \/>\n<meta property=\"og:type\" content=\"article\" \/>\n<meta property=\"og:title\" content=\"APV Service, la tecnologia che ci fa vedere il mondo da un&#039;altra prospettiva - Bellunopress - Dolomiti\" \/>\n<meta property=\"og:description\" content=\"Nasce a Ponte nelle Alpi la tecnologia che ci fa vedere il mondo da un&#8217;altra prospettiva. Immagini e filmati in alta risoluzione realizzati da droni ed elicotteri Uav dell&#8217;ultima generazione, con autonomia di volo fino a 30 minuti, con controllo Gps. L&#8217;APV Services di Ponte nelle Alpi, con sede in piazza Boito, 20 offre servizi [&hellip;]\" \/>\n<meta property=\"og:url\" content=\"https:\/\/www.bellunopress.it\/fr\/2012\/05\/31\/apv-service-la-tecnologia-che-ci-fa-vedere-il-mondo-da-unaltra-prospettiva\/\" \/>\n<meta property=\"og:site_name\" content=\"Bellunopress - Dolomiti\" \/>\n<meta property=\"article:publisher\" content=\"https:\/\/www.facebook.com\/profile.php?id=100008943462799\" \/>\n<meta property=\"article:published_time\" content=\"2012-05-31T17:37:25+00:00\" \/>\n<meta property=\"article:modified_time\" content=\"2012-05-31T21:56:35+00:00\" \/>\n<meta property=\"og:image\" content=\"http:\/\/www.bellunopress.it\/wp-content\/uploads\/2012\/05\/drone-035.jpg\" \/>\n<meta name=\"author\" content=\"redazione\" \/>\n<meta name=\"twitter:card\" content=\"summary_large_image\" \/>\n<meta name=\"twitter:creator\" content=\"@bellunopress\" \/>\n<meta name=\"twitter:site\" content=\"@bellunopress\" \/>\n<meta name=\"twitter:label1\" content=\"\u00c9crit par\" \/>\n\t<meta name=\"twitter:data1\" content=\"redazione\" \/>\n\t<meta name=\"twitter:label2\" content=\"Dur\u00e9e de lecture estim\u00e9e\" \/>\n\t<meta name=\"twitter:data2\" content=\"2 minutes\" \/>\n<script type=\"application\/ld+json\" class=\"yoast-schema-graph\">{\"@context\":\"https:\\\/\\\/schema.org\",\"@graph\":[{\"@type\":\"Article\",\"@id\":\"https:\\\/\\\/www.bellunopress.it\\\/2012\\\/05\\\/31\\\/apv-service-la-tecnologia-che-ci-fa-vedere-il-mondo-da-unaltra-prospettiva\\\/#article\",\"isPartOf\":{\"@id\":\"https:\\\/\\\/www.bellunopress.it\\\/2012\\\/05\\\/31\\\/apv-service-la-tecnologia-che-ci-fa-vedere-il-mondo-da-unaltra-prospettiva\\\/\"},\"author\":{\"name\":\"redazione\",\"@id\":\"https:\\\/\\\/www.bellunopress.it\\\/#\\\/schema\\\/person\\\/79bb06722b37ece1c03d3e94beb30d73\"},\"headline\":\"APV Service, la tecnologia che ci fa vedere il mondo da un&#8217;altra prospettiva\",\"datePublished\":\"2012-05-31T17:37:25+00:00\",\"dateModified\":\"2012-05-31T21:56:35+00:00\",\"mainEntityOfPage\":{\"@id\":\"https:\\\/\\\/www.bellunopress.it\\\/2012\\\/05\\\/31\\\/apv-service-la-tecnologia-che-ci-fa-vedere-il-mondo-da-unaltra-prospettiva\\\/\"},\"wordCount\":363,\"publisher\":{\"@id\":\"https:\\\/\\\/www.bellunopress.it\\\/#organization\"},\"image\":{\"@id\":\"https:\\\/\\\/www.bellunopress.it\\\/2012\\\/05\\\/31\\\/apv-service-la-tecnologia-che-ci-fa-vedere-il-mondo-da-unaltra-prospettiva\\\/#primaryimage\"},\"thumbnailUrl\":\"http:\\\/\\\/www.bellunopress.it\\\/wp-content\\\/uploads\\\/2012\\\/05\\\/drone-035.jpg\",\"articleSection\":[\"Pausa Caff\u00e8\",\"Pubbliredazionali\"],\"inLanguage\":\"fr-FR\"},{\"@type\":\"WebPage\",\"@id\":\"https:\\\/\\\/www.bellunopress.it\\\/2012\\\/05\\\/31\\\/apv-service-la-tecnologia-che-ci-fa-vedere-il-mondo-da-unaltra-prospettiva\\\/\",\"url\":\"https:\\\/\\\/www.bellunopress.it\\\/2012\\\/05\\\/31\\\/apv-service-la-tecnologia-che-ci-fa-vedere-il-mondo-da-unaltra-prospettiva\\\/\",\"name\":\"APV Service, la tecnologia che ci fa vedere il mondo da un'altra prospettiva - Bellunopress - Dolomiti\",\"isPartOf\":{\"@id\":\"https:\\\/\\\/www.bellunopress.it\\\/#website\"},\"primaryImageOfPage\":{\"@id\":\"https:\\\/\\\/www.bellunopress.it\\\/2012\\\/05\\\/31\\\/apv-service-la-tecnologia-che-ci-fa-vedere-il-mondo-da-unaltra-prospettiva\\\/#primaryimage\"},\"image\":{\"@id\":\"https:\\\/\\\/www.bellunopress.it\\\/2012\\\/05\\\/31\\\/apv-service-la-tecnologia-che-ci-fa-vedere-il-mondo-da-unaltra-prospettiva\\\/#primaryimage\"},\"thumbnailUrl\":\"http:\\\/\\\/www.bellunopress.it\\\/wp-content\\\/uploads\\\/2012\\\/05\\\/drone-035.jpg\",\"datePublished\":\"2012-05-31T17:37:25+00:00\",\"dateModified\":\"2012-05-31T21:56:35+00:00\",\"breadcrumb\":{\"@id\":\"https:\\\/\\\/www.bellunopress.it\\\/2012\\\/05\\\/31\\\/apv-service-la-tecnologia-che-ci-fa-vedere-il-mondo-da-unaltra-prospettiva\\\/#breadcrumb\"},\"inLanguage\":\"fr-FR\",\"potentialAction\":[{\"@type\":\"ReadAction\",\"target\":[\"https:\\\/\\\/www.bellunopress.it\\\/2012\\\/05\\\/31\\\/apv-service-la-tecnologia-che-ci-fa-vedere-il-mondo-da-unaltra-prospettiva\\\/\"]}]},{\"@type\":\"ImageObject\",\"inLanguage\":\"fr-FR\",\"@id\":\"https:\\\/\\\/www.bellunopress.it\\\/2012\\\/05\\\/31\\\/apv-service-la-tecnologia-che-ci-fa-vedere-il-mondo-da-unaltra-prospettiva\\\/#primaryimage\",\"url\":\"http:\\\/\\\/www.bellunopress.it\\\/wp-content\\\/uploads\\\/2012\\\/05\\\/drone-035.jpg\",\"contentUrl\":\"http:\\\/\\\/www.bellunopress.it\\\/wp-content\\\/uploads\\\/2012\\\/05\\\/drone-035.jpg\"},{\"@type\":\"BreadcrumbList\",\"@id\":\"https:\\\/\\\/www.bellunopress.it\\\/2012\\\/05\\\/31\\\/apv-service-la-tecnologia-che-ci-fa-vedere-il-mondo-da-unaltra-prospettiva\\\/#breadcrumb\",\"itemListElement\":[{\"@type\":\"ListItem\",\"position\":1,\"name\":\"Home\",\"item\":\"https:\\\/\\\/www.bellunopress.it\\\/\"},{\"@type\":\"ListItem\",\"position\":2,\"name\":\"APV Service, la tecnologia che ci fa vedere il mondo da un&#8217;altra prospettiva\"}]},{\"@type\":\"WebSite\",\"@id\":\"https:\\\/\\\/www.bellunopress.it\\\/#website\",\"url\":\"https:\\\/\\\/www.bellunopress.it\\\/\",\"name\":\"Bellunopress - Dolomiti\",\"description\":\"e-mail: redazione@bellunopress.it\",\"publisher\":{\"@id\":\"https:\\\/\\\/www.bellunopress.it\\\/#organization\"},\"potentialAction\":[{\"@type\":\"SearchAction\",\"target\":{\"@type\":\"EntryPoint\",\"urlTemplate\":\"https:\\\/\\\/www.bellunopress.it\\\/?s={search_term_string}\"},\"query-input\":{\"@type\":\"PropertyValueSpecification\",\"valueRequired\":true,\"valueName\":\"search_term_string\"}}],\"inLanguage\":\"fr-FR\"},{\"@type\":\"Organization\",\"@id\":\"https:\\\/\\\/www.bellunopress.it\\\/#organization\",\"name\":\"Bellunopress\",\"url\":\"https:\\\/\\\/www.bellunopress.it\\\/\",\"logo\":{\"@type\":\"ImageObject\",\"inLanguage\":\"fr-FR\",\"@id\":\"https:\\\/\\\/www.bellunopress.it\\\/#\\\/schema\\\/logo\\\/image\\\/\",\"url\":\"https:\\\/\\\/www.bellunopress.it\\\/wp-content\\\/uploads\\\/2011\\\/05\\\/cropped-logo-bellunopress-.jpg\",\"contentUrl\":\"https:\\\/\\\/www.bellunopress.it\\\/wp-content\\\/uploads\\\/2011\\\/05\\\/cropped-logo-bellunopress-.jpg\",\"width\":512,\"height\":512,\"caption\":\"Bellunopress\"},\"image\":{\"@id\":\"https:\\\/\\\/www.bellunopress.it\\\/#\\\/schema\\\/logo\\\/image\\\/\"},\"sameAs\":[\"https:\\\/\\\/www.facebook.com\\\/profile.php?id=100008943462799\",\"https:\\\/\\\/x.com\\\/bellunopress\",\"https:\\\/\\\/www.linkedin.com\\\/hp\\\/?dnr=JBzUWaJfMUw8vbXJJ2tVW5-I3jZKvC4wsoxE&amp;amp;amp;amp;amp;amp;trk=nav_responsive_tab_home\",\"https:\\\/\\\/www.youtube.com\\\/channel\\\/UCxL0wu1uN0_3_7hGG0306cw\"]},{\"@type\":\"Person\",\"@id\":\"https:\\\/\\\/www.bellunopress.it\\\/#\\\/schema\\\/person\\\/79bb06722b37ece1c03d3e94beb30d73\",\"name\":\"redazione\",\"image\":{\"@type\":\"ImageObject\",\"inLanguage\":\"fr-FR\",\"@id\":\"https:\\\/\\\/secure.gravatar.com\\\/avatar\\\/37d968a2e67a6fd04c169c4bdef102d0bc5d31b2546345219e348575eb80e9a0?s=96&d=mm&r=g\",\"url\":\"https:\\\/\\\/secure.gravatar.com\\\/avatar\\\/37d968a2e67a6fd04c169c4bdef102d0bc5d31b2546345219e348575eb80e9a0?s=96&d=mm&r=g\",\"contentUrl\":\"https:\\\/\\\/secure.gravatar.com\\\/avatar\\\/37d968a2e67a6fd04c169c4bdef102d0bc5d31b2546345219e348575eb80e9a0?s=96&d=mm&r=g\",\"caption\":\"redazione\"},\"sameAs\":[\"http:\\\/\\\/www.bellunopress.it\",\"https:\\\/\\\/x.com\\\/bellunopress\"],\"url\":\"https:\\\/\\\/www.bellunopress.it\\\/fr\\\/author\\\/redazione\\\/\"}]}<\/script>\n<!-- \/ Yoast SEO plugin. -->","yoast_head_json":{"title":"APV Service, la tecnologia che ci fa vedere il mondo da un'altra prospettiva - Bellunopress - Dolomiti","robots":{"index":"index","follow":"follow","max-snippet":"max-snippet:-1","max-image-preview":"max-image-preview:large","max-video-preview":"max-video-preview:-1"},"canonical":"https:\/\/www.bellunopress.it\/fr\/2012\/05\/31\/apv-service-la-tecnologia-che-ci-fa-vedere-il-mondo-da-unaltra-prospettiva\/","og_locale":"fr_FR","og_type":"article","og_title":"APV Service, la tecnologia che ci fa vedere il mondo da un'altra prospettiva - Bellunopress - Dolomiti","og_description":"Nasce a Ponte nelle Alpi la tecnologia che ci fa vedere il mondo da un&#8217;altra prospettiva. Immagini e filmati in alta risoluzione realizzati da droni ed elicotteri Uav dell&#8217;ultima generazione, con autonomia di volo fino a 30 minuti, con controllo Gps. L&#8217;APV Services di Ponte nelle Alpi, con sede in piazza Boito, 20 offre servizi [&hellip;]","og_url":"https:\/\/www.bellunopress.it\/fr\/2012\/05\/31\/apv-service-la-tecnologia-che-ci-fa-vedere-il-mondo-da-unaltra-prospettiva\/","og_site_name":"Bellunopress - Dolomiti","article_publisher":"https:\/\/www.facebook.com\/profile.php?id=100008943462799","article_published_time":"2012-05-31T17:37:25+00:00","article_modified_time":"2012-05-31T21:56:35+00:00","og_image":[{"url":"http:\/\/www.bellunopress.it\/wp-content\/uploads\/2012\/05\/drone-035.jpg","type":"","width":"","height":""}],"author":"redazione","twitter_card":"summary_large_image","twitter_creator":"@bellunopress","twitter_site":"@bellunopress","twitter_misc":{"\u00c9crit par":"redazione","Dur\u00e9e de lecture estim\u00e9e":"2 minutes"},"schema":{"@context":"https:\/\/schema.org","@graph":[{"@type":"Article","@id":"https:\/\/www.bellunopress.it\/2012\/05\/31\/apv-service-la-tecnologia-che-ci-fa-vedere-il-mondo-da-unaltra-prospettiva\/#article","isPartOf":{"@id":"https:\/\/www.bellunopress.it\/2012\/05\/31\/apv-service-la-tecnologia-che-ci-fa-vedere-il-mondo-da-unaltra-prospettiva\/"},"author":{"name":"redazione","@id":"https:\/\/www.bellunopress.it\/#\/schema\/person\/79bb06722b37ece1c03d3e94beb30d73"},"headline":"APV Service, la tecnologia che ci fa vedere il mondo da un&#8217;altra prospettiva","datePublished":"2012-05-31T17:37:25+00:00","dateModified":"2012-05-31T21:56:35+00:00","mainEntityOfPage":{"@id":"https:\/\/www.bellunopress.it\/2012\/05\/31\/apv-service-la-tecnologia-che-ci-fa-vedere-il-mondo-da-unaltra-prospettiva\/"},"wordCount":363,"publisher":{"@id":"https:\/\/www.bellunopress.it\/#organization"},"image":{"@id":"https:\/\/www.bellunopress.it\/2012\/05\/31\/apv-service-la-tecnologia-che-ci-fa-vedere-il-mondo-da-unaltra-prospettiva\/#primaryimage"},"thumbnailUrl":"http:\/\/www.bellunopress.it\/wp-content\/uploads\/2012\/05\/drone-035.jpg","articleSection":["Pausa Caff\u00e8","Pubbliredazionali"],"inLanguage":"fr-FR"},{"@type":"WebPage","@id":"https:\/\/www.bellunopress.it\/2012\/05\/31\/apv-service-la-tecnologia-che-ci-fa-vedere-il-mondo-da-unaltra-prospettiva\/","url":"https:\/\/www.bellunopress.it\/2012\/05\/31\/apv-service-la-tecnologia-che-ci-fa-vedere-il-mondo-da-unaltra-prospettiva\/","name":"APV Service, la tecnologia che ci fa vedere il mondo da un'altra prospettiva - Bellunopress - Dolomiti","isPartOf":{"@id":"https:\/\/www.bellunopress.it\/#website"},"primaryImageOfPage":{"@id":"https:\/\/www.bellunopress.it\/2012\/05\/31\/apv-service-la-tecnologia-che-ci-fa-vedere-il-mondo-da-unaltra-prospettiva\/#primaryimage"},"image":{"@id":"https:\/\/www.bellunopress.it\/2012\/05\/31\/apv-service-la-tecnologia-che-ci-fa-vedere-il-mondo-da-unaltra-prospettiva\/#primaryimage"},"thumbnailUrl":"http:\/\/www.bellunopress.it\/wp-content\/uploads\/2012\/05\/drone-035.jpg","datePublished":"2012-05-31T17:37:25+00:00","dateModified":"2012-05-31T21:56:35+00:00","breadcrumb":{"@id":"https:\/\/www.bellunopress.it\/2012\/05\/31\/apv-service-la-tecnologia-che-ci-fa-vedere-il-mondo-da-unaltra-prospettiva\/#breadcrumb"},"inLanguage":"fr-FR","potentialAction":[{"@type":"ReadAction","target":["https:\/\/www.bellunopress.it\/2012\/05\/31\/apv-service-la-tecnologia-che-ci-fa-vedere-il-mondo-da-unaltra-prospettiva\/"]}]},{"@type":"ImageObject","inLanguage":"fr-FR","@id":"https:\/\/www.bellunopress.it\/2012\/05\/31\/apv-service-la-tecnologia-che-ci-fa-vedere-il-mondo-da-unaltra-prospettiva\/#primaryimage","url":"http:\/\/www.bellunopress.it\/wp-content\/uploads\/2012\/05\/drone-035.jpg","contentUrl":"http:\/\/www.bellunopress.it\/wp-content\/uploads\/2012\/05\/drone-035.jpg"},{"@type":"BreadcrumbList","@id":"https:\/\/www.bellunopress.it\/2012\/05\/31\/apv-service-la-tecnologia-che-ci-fa-vedere-il-mondo-da-unaltra-prospettiva\/#breadcrumb","itemListElement":[{"@type":"ListItem","position":1,"name":"Home","item":"https:\/\/www.bellunopress.it\/"},{"@type":"ListItem","position":2,"name":"APV Service, la tecnologia che ci fa vedere il mondo da un&#8217;altra prospettiva"}]},{"@type":"WebSite","@id":"https:\/\/www.bellunopress.it\/#website","url":"https:\/\/www.bellunopress.it\/","name":"Bellunopress - Dolomiti","description":"e-mail: redazione@bellunopress.it","publisher":{"@id":"https:\/\/www.bellunopress.it\/#organization"},"potentialAction":[{"@type":"SearchAction","target":{"@type":"EntryPoint","urlTemplate":"https:\/\/www.bellunopress.it\/?s={search_term_string}"},"query-input":{"@type":"PropertyValueSpecification","valueRequired":true,"valueName":"search_term_string"}}],"inLanguage":"fr-FR"},{"@type":"Organization","@id":"https:\/\/www.bellunopress.it\/#organization","name":"Bellunopress","url":"https:\/\/www.bellunopress.it\/","logo":{"@type":"ImageObject","inLanguage":"fr-FR","@id":"https:\/\/www.bellunopress.it\/#\/schema\/logo\/image\/","url":"https:\/\/www.bellunopress.it\/wp-content\/uploads\/2011\/05\/cropped-logo-bellunopress-.jpg","contentUrl":"https:\/\/www.bellunopress.it\/wp-content\/uploads\/2011\/05\/cropped-logo-bellunopress-.jpg","width":512,"height":512,"caption":"Bellunopress"},"image":{"@id":"https:\/\/www.bellunopress.it\/#\/schema\/logo\/image\/"},"sameAs":["https:\/\/www.facebook.com\/profile.php?id=100008943462799","https:\/\/x.com\/bellunopress","https:\/\/www.linkedin.com\/hp\/?dnr=JBzUWaJfMUw8vbXJJ2tVW5-I3jZKvC4wsoxE&amp;amp;amp;amp;amp;amp;trk=nav_responsive_tab_home","https:\/\/www.youtube.com\/channel\/UCxL0wu1uN0_3_7hGG0306cw"]},{"@type":"Person","@id":"https:\/\/www.bellunopress.it\/#\/schema\/person\/79bb06722b37ece1c03d3e94beb30d73","name":"r\u00e9daction","image":{"@type":"ImageObject","inLanguage":"fr-FR","@id":"https:\/\/secure.gravatar.com\/avatar\/37d968a2e67a6fd04c169c4bdef102d0bc5d31b2546345219e348575eb80e9a0?s=96&d=mm&r=g","url":"https:\/\/secure.gravatar.com\/avatar\/37d968a2e67a6fd04c169c4bdef102d0bc5d31b2546345219e348575eb80e9a0?s=96&d=mm&r=g","contentUrl":"https:\/\/secure.gravatar.com\/avatar\/37d968a2e67a6fd04c169c4bdef102d0bc5d31b2546345219e348575eb80e9a0?s=96&d=mm&r=g","caption":"redazione"},"sameAs":["http:\/\/www.bellunopress.it","https:\/\/x.com\/bellunopress"],"url":"https:\/\/www.bellunopress.it\/fr\/author\/redazione\/"}]}},"_links":{"self":[{"href":"https:\/\/www.bellunopress.it\/fr\/wp-json\/wp\/v2\/posts\/38552","targetHints":{"allow":["GET"]}}],"collection":[{"href":"https:\/\/www.bellunopress.it\/fr\/wp-json\/wp\/v2\/posts"}],"about":[{"href":"https:\/\/www.bellunopress.it\/fr\/wp-json\/wp\/v2\/types\/post"}],"author":[{"embeddable":true,"href":"https:\/\/www.bellunopress.it\/fr\/wp-json\/wp\/v2\/users\/2"}],"replies":[{"embeddable":true,"href":"https:\/\/www.bellunopress.it\/fr\/wp-json\/wp\/v2\/comments?post=38552"}],"version-history":[{"count":3,"href":"https:\/\/www.bellunopress.it\/fr\/wp-json\/wp\/v2\/posts\/38552\/revisions"}],"predecessor-version":[{"id":38555,"href":"https:\/\/www.bellunopress.it\/fr\/wp-json\/wp\/v2\/posts\/38552\/revisions\/38555"}],"wp:attachment":[{"href":"https:\/\/www.bellunopress.it\/fr\/wp-json\/wp\/v2\/media?parent=38552"}],"wp:term":[{"taxonomy":"category","embeddable":true,"href":"https:\/\/www.bellunopress.it\/fr\/wp-json\/wp\/v2\/categories?post=38552"},{"taxonomy":"post_tag","embeddable":true,"href":"https:\/\/www.bellunopress.it\/fr\/wp-json\/wp\/v2\/tags?post=38552"}],"curies":[{"name":"wp","href":"https:\/\/api.w.org\/{rel}","templated":true}]}}