{"id":38547,"date":"2012-05-31T14:51:10","date_gmt":"2012-05-31T13:51:10","guid":{"rendered":"http:\/\/www.bellunopress.it\/?p=38547"},"modified":"2012-05-31T14:51:10","modified_gmt":"2012-05-31T13:51:10","slug":"dal-4-giugno-il-piccolo-principe-di-antoine-de-saint-exupery-su-radio-belluno","status":"publish","type":"post","link":"https:\/\/www.bellunopress.it\/fr\/2012\/05\/31\/dal-4-giugno-il-piccolo-principe-di-antoine-de-saint-exupery-su-radio-belluno\/","title":{"rendered":"Dal 4 giugno \u201cIl Piccolo Principe\u201d di Antoine De Saint Exup\u00e9ry su Radio Belluno"},"content":{"rendered":"<p><a href=\"http:\/\/www.bellunopress.it\/wp-content\/uploads\/2012\/05\/Anna-gamba-nipote-di-paolo-dego-bretelle-lasche-leggera.jpg\"><img loading=\"lazy\" decoding=\"async\" class=\"alignleft size-full wp-image-38548\" title=\"Anna gamba nipote di paolo dego bretelle lasche leggera\" src=\"http:\/\/www.bellunopress.it\/wp-content\/uploads\/2012\/05\/Anna-gamba-nipote-di-paolo-dego-bretelle-lasche-leggera.jpg\" alt=\"\" width=\"160\" height=\"240\" \/><\/a>Dal 4 giugno \u201cIl Piccolo Principe\u201d di Antoine De Saint Exup\u00e9ry \u00e8 su Radio Belluno. Un\u2019edizione radiofonica in dodici puntate dell\u2019opera dello scrittore e aviatore francese, curata da Guido Beretta, andr\u00e0 in onda in Fm e streaming per due settimane dal luned\u00ec al sabato alle 7.35 \u2013 11.00 \u2013 19.50. Le puntate saranno disponibili in podcast sul sito di RadioBelluno www.radiobelluno.it. Domenica 17 giugno, alle 10, verr\u00e0 trasmessa la versione completa (durata 1 ora e 30 minuti). Si tratta di una produzione radiofonica teatrale cui collaborano Radio Belluno e l\u2019associazione culturale Bretelle Lasche, che insieme la dedicano alla memoria di Loris Tormen, recentemente e prematuramente scomparso. \u201cE\u2019da un po\u2019che lavoro mettendo insieme la radio e Bretelle Lasche\u201d, spiega Beretta, \u201cla prima esperienza comune \u00e8 stata quella di portare in radio tre commedie radiofoniche di Guareschi, ora tocca a quest\u2019opera meravigliosa diventare una pi\u00e8ce teatrale radiofonica. Il riadattamento del testo prevede due tagli minimi in base alla dinamica recitativa\u201d. Ecco gli attori in studio: Anna Gamba &#8211; Il Piccolo Principe; Guido Beretta &#8211; L&#8217;aviatore e l&#8217;ubriacone; Camilla Emili &#8211; La rosa; Andrea Cecchella &#8211; Il re; Marco De Martin &#8211; Il vanitoso; Michele Firpo &#8211; L&#8217;uomo d&#8217;affari; Roberto Serafini &#8211; Il lampionaio; Pierluigi Svaluto Moreolo &#8211; Il geografo; Michele Sbardella &#8211; Il serpente; Lorena De March &#8211; Il fiore; Luca Vassos &#8211; La volpe.\u00a0 La produzione ringrazia Paolo Da Col per la consulenza musicale. La lettura de &#8220;Il Piccolo Principe&#8221; \u00e8 inserita anche nel programma della manifestazione organizzata dalle Bretelle Lasche &#8220;Leggere le sere&#8221;, in scena marted\u00ec 17 luglio, alle 21, in luogo ancora da definire.<\/p>","protected":false},"excerpt":{"rendered":"<p>Dal 4 giugno \u201cIl Piccolo Principe\u201d di Antoine De Saint Exup\u00e9ry \u00e8 su Radio Belluno. Un\u2019edizione radiofonica in dodici puntate dell\u2019opera dello scrittore e aviatore francese, curata da Guido Beretta, andr\u00e0 in onda in Fm e streaming per due settimane dal luned\u00ec al sabato alle 7.35 \u2013 11.00 \u2013 19.50. Le puntate saranno disponibili in [&hellip;]<\/p>\n","protected":false},"author":2,"featured_media":0,"comment_status":"closed","ping_status":"open","sticky":false,"template":"","format":"standard","meta":{"footnotes":""},"categories":[27,3,25],"tags":[],"class_list":["post-38547","post","type-post","status-publish","format-standard","category-appuntamenti","category-arte-cultura-spettacoli-scienza-archivi","category-pausa-caffe"],"yoast_head":"<!-- This site is optimized with the Yoast SEO plugin v28.4 - https:\/\/yoast.com\/product\/yoast-seo-wordpress\/ -->\n<title>Dal 4 giugno \u201cIl Piccolo Principe\u201d di Antoine De Saint Exup\u00e9ry su Radio Belluno - Bellunopress - Dolomiti<\/title>\n<meta name=\"robots\" content=\"index, follow, max-snippet:-1, max-image-preview:large, max-video-preview:-1\" \/>\n<link rel=\"canonical\" href=\"https:\/\/www.bellunopress.it\/fr\/2012\/05\/31\/dal-4-giugno-il-piccolo-principe-di-antoine-de-saint-exupery-su-radio-belluno\/\" \/>\n<meta property=\"og:locale\" content=\"fr_FR\" \/>\n<meta property=\"og:type\" content=\"article\" \/>\n<meta property=\"og:title\" content=\"Dal 4 giugno \u201cIl Piccolo Principe\u201d di Antoine De Saint Exup\u00e9ry su Radio Belluno - Bellunopress - Dolomiti\" \/>\n<meta property=\"og:description\" content=\"Dal 4 giugno \u201cIl Piccolo Principe\u201d di Antoine De Saint Exup\u00e9ry \u00e8 su Radio Belluno. Un\u2019edizione radiofonica in dodici puntate dell\u2019opera dello scrittore e aviatore francese, curata da Guido Beretta, andr\u00e0 in onda in Fm e streaming per due settimane dal luned\u00ec al sabato alle 7.35 \u2013 11.00 \u2013 19.50. Le puntate saranno disponibili in [&hellip;]\" \/>\n<meta property=\"og:url\" content=\"https:\/\/www.bellunopress.it\/fr\/2012\/05\/31\/dal-4-giugno-il-piccolo-principe-di-antoine-de-saint-exupery-su-radio-belluno\/\" \/>\n<meta property=\"og:site_name\" content=\"Bellunopress - Dolomiti\" \/>\n<meta property=\"article:publisher\" content=\"https:\/\/www.facebook.com\/profile.php?id=100008943462799\" \/>\n<meta property=\"article:published_time\" content=\"2012-05-31T13:51:10+00:00\" \/>\n<meta property=\"og:image\" content=\"http:\/\/www.bellunopress.it\/wp-content\/uploads\/2012\/05\/Anna-gamba-nipote-di-paolo-dego-bretelle-lasche-leggera.jpg\" \/>\n<meta name=\"author\" content=\"redazione\" \/>\n<meta name=\"twitter:card\" content=\"summary_large_image\" \/>\n<meta name=\"twitter:creator\" content=\"@bellunopress\" \/>\n<meta name=\"twitter:site\" content=\"@bellunopress\" \/>\n<meta name=\"twitter:label1\" content=\"\u00c9crit par\" \/>\n\t<meta name=\"twitter:data1\" content=\"redazione\" \/>\n\t<meta name=\"twitter:label2\" content=\"Dur\u00e9e de lecture estim\u00e9e\" \/>\n\t<meta name=\"twitter:data2\" content=\"1 minute\" \/>\n<script type=\"application\/ld+json\" class=\"yoast-schema-graph\">{\"@context\":\"https:\\\/\\\/schema.org\",\"@graph\":[{\"@type\":\"Article\",\"@id\":\"https:\\\/\\\/www.bellunopress.it\\\/2012\\\/05\\\/31\\\/dal-4-giugno-il-piccolo-principe-di-antoine-de-saint-exupery-su-radio-belluno\\\/#article\",\"isPartOf\":{\"@id\":\"https:\\\/\\\/www.bellunopress.it\\\/2012\\\/05\\\/31\\\/dal-4-giugno-il-piccolo-principe-di-antoine-de-saint-exupery-su-radio-belluno\\\/\"},\"author\":{\"name\":\"redazione\",\"@id\":\"https:\\\/\\\/www.bellunopress.it\\\/#\\\/schema\\\/person\\\/79bb06722b37ece1c03d3e94beb30d73\"},\"headline\":\"Dal 4 giugno \u201cIl Piccolo Principe\u201d di Antoine De Saint Exup\u00e9ry su Radio Belluno\",\"datePublished\":\"2012-05-31T13:51:10+00:00\",\"mainEntityOfPage\":{\"@id\":\"https:\\\/\\\/www.bellunopress.it\\\/2012\\\/05\\\/31\\\/dal-4-giugno-il-piccolo-principe-di-antoine-de-saint-exupery-su-radio-belluno\\\/\"},\"wordCount\":278,\"publisher\":{\"@id\":\"https:\\\/\\\/www.bellunopress.it\\\/#organization\"},\"image\":{\"@id\":\"https:\\\/\\\/www.bellunopress.it\\\/2012\\\/05\\\/31\\\/dal-4-giugno-il-piccolo-principe-di-antoine-de-saint-exupery-su-radio-belluno\\\/#primaryimage\"},\"thumbnailUrl\":\"http:\\\/\\\/www.bellunopress.it\\\/wp-content\\\/uploads\\\/2012\\\/05\\\/Anna-gamba-nipote-di-paolo-dego-bretelle-lasche-leggera.jpg\",\"articleSection\":[\"Appuntamenti, Eventi\",\"Arte, Cultura, Spettacoli, Scienza\",\"Pausa Caff\u00e8\"],\"inLanguage\":\"fr-FR\"},{\"@type\":\"WebPage\",\"@id\":\"https:\\\/\\\/www.bellunopress.it\\\/2012\\\/05\\\/31\\\/dal-4-giugno-il-piccolo-principe-di-antoine-de-saint-exupery-su-radio-belluno\\\/\",\"url\":\"https:\\\/\\\/www.bellunopress.it\\\/2012\\\/05\\\/31\\\/dal-4-giugno-il-piccolo-principe-di-antoine-de-saint-exupery-su-radio-belluno\\\/\",\"name\":\"Dal 4 giugno \u201cIl Piccolo Principe\u201d di Antoine De Saint Exup\u00e9ry su Radio Belluno - Bellunopress - Dolomiti\",\"isPartOf\":{\"@id\":\"https:\\\/\\\/www.bellunopress.it\\\/#website\"},\"primaryImageOfPage\":{\"@id\":\"https:\\\/\\\/www.bellunopress.it\\\/2012\\\/05\\\/31\\\/dal-4-giugno-il-piccolo-principe-di-antoine-de-saint-exupery-su-radio-belluno\\\/#primaryimage\"},\"image\":{\"@id\":\"https:\\\/\\\/www.bellunopress.it\\\/2012\\\/05\\\/31\\\/dal-4-giugno-il-piccolo-principe-di-antoine-de-saint-exupery-su-radio-belluno\\\/#primaryimage\"},\"thumbnailUrl\":\"http:\\\/\\\/www.bellunopress.it\\\/wp-content\\\/uploads\\\/2012\\\/05\\\/Anna-gamba-nipote-di-paolo-dego-bretelle-lasche-leggera.jpg\",\"datePublished\":\"2012-05-31T13:51:10+00:00\",\"breadcrumb\":{\"@id\":\"https:\\\/\\\/www.bellunopress.it\\\/2012\\\/05\\\/31\\\/dal-4-giugno-il-piccolo-principe-di-antoine-de-saint-exupery-su-radio-belluno\\\/#breadcrumb\"},\"inLanguage\":\"fr-FR\",\"potentialAction\":[{\"@type\":\"ReadAction\",\"target\":[\"https:\\\/\\\/www.bellunopress.it\\\/2012\\\/05\\\/31\\\/dal-4-giugno-il-piccolo-principe-di-antoine-de-saint-exupery-su-radio-belluno\\\/\"]}]},{\"@type\":\"ImageObject\",\"inLanguage\":\"fr-FR\",\"@id\":\"https:\\\/\\\/www.bellunopress.it\\\/2012\\\/05\\\/31\\\/dal-4-giugno-il-piccolo-principe-di-antoine-de-saint-exupery-su-radio-belluno\\\/#primaryimage\",\"url\":\"http:\\\/\\\/www.bellunopress.it\\\/wp-content\\\/uploads\\\/2012\\\/05\\\/Anna-gamba-nipote-di-paolo-dego-bretelle-lasche-leggera.jpg\",\"contentUrl\":\"http:\\\/\\\/www.bellunopress.it\\\/wp-content\\\/uploads\\\/2012\\\/05\\\/Anna-gamba-nipote-di-paolo-dego-bretelle-lasche-leggera.jpg\"},{\"@type\":\"BreadcrumbList\",\"@id\":\"https:\\\/\\\/www.bellunopress.it\\\/2012\\\/05\\\/31\\\/dal-4-giugno-il-piccolo-principe-di-antoine-de-saint-exupery-su-radio-belluno\\\/#breadcrumb\",\"itemListElement\":[{\"@type\":\"ListItem\",\"position\":1,\"name\":\"Home\",\"item\":\"https:\\\/\\\/www.bellunopress.it\\\/\"},{\"@type\":\"ListItem\",\"position\":2,\"name\":\"Dal 4 giugno \u201cIl Piccolo Principe\u201d di Antoine De Saint Exup\u00e9ry su Radio Belluno\"}]},{\"@type\":\"WebSite\",\"@id\":\"https:\\\/\\\/www.bellunopress.it\\\/#website\",\"url\":\"https:\\\/\\\/www.bellunopress.it\\\/\",\"name\":\"Bellunopress - Dolomiti\",\"description\":\"e-mail: redazione@bellunopress.it\",\"publisher\":{\"@id\":\"https:\\\/\\\/www.bellunopress.it\\\/#organization\"},\"potentialAction\":[{\"@type\":\"SearchAction\",\"target\":{\"@type\":\"EntryPoint\",\"urlTemplate\":\"https:\\\/\\\/www.bellunopress.it\\\/?s={search_term_string}\"},\"query-input\":{\"@type\":\"PropertyValueSpecification\",\"valueRequired\":true,\"valueName\":\"search_term_string\"}}],\"inLanguage\":\"fr-FR\"},{\"@type\":\"Organization\",\"@id\":\"https:\\\/\\\/www.bellunopress.it\\\/#organization\",\"name\":\"Bellunopress\",\"url\":\"https:\\\/\\\/www.bellunopress.it\\\/\",\"logo\":{\"@type\":\"ImageObject\",\"inLanguage\":\"fr-FR\",\"@id\":\"https:\\\/\\\/www.bellunopress.it\\\/#\\\/schema\\\/logo\\\/image\\\/\",\"url\":\"https:\\\/\\\/www.bellunopress.it\\\/wp-content\\\/uploads\\\/2011\\\/05\\\/cropped-logo-bellunopress-.jpg\",\"contentUrl\":\"https:\\\/\\\/www.bellunopress.it\\\/wp-content\\\/uploads\\\/2011\\\/05\\\/cropped-logo-bellunopress-.jpg\",\"width\":512,\"height\":512,\"caption\":\"Bellunopress\"},\"image\":{\"@id\":\"https:\\\/\\\/www.bellunopress.it\\\/#\\\/schema\\\/logo\\\/image\\\/\"},\"sameAs\":[\"https:\\\/\\\/www.facebook.com\\\/profile.php?id=100008943462799\",\"https:\\\/\\\/x.com\\\/bellunopress\",\"https:\\\/\\\/www.linkedin.com\\\/hp\\\/?dnr=JBzUWaJfMUw8vbXJJ2tVW5-I3jZKvC4wsoxE&amp;amp;amp;amp;amp;amp;trk=nav_responsive_tab_home\",\"https:\\\/\\\/www.youtube.com\\\/channel\\\/UCxL0wu1uN0_3_7hGG0306cw\"]},{\"@type\":\"Person\",\"@id\":\"https:\\\/\\\/www.bellunopress.it\\\/#\\\/schema\\\/person\\\/79bb06722b37ece1c03d3e94beb30d73\",\"name\":\"redazione\",\"image\":{\"@type\":\"ImageObject\",\"inLanguage\":\"fr-FR\",\"@id\":\"https:\\\/\\\/secure.gravatar.com\\\/avatar\\\/37d968a2e67a6fd04c169c4bdef102d0bc5d31b2546345219e348575eb80e9a0?s=96&d=mm&r=g\",\"url\":\"https:\\\/\\\/secure.gravatar.com\\\/avatar\\\/37d968a2e67a6fd04c169c4bdef102d0bc5d31b2546345219e348575eb80e9a0?s=96&d=mm&r=g\",\"contentUrl\":\"https:\\\/\\\/secure.gravatar.com\\\/avatar\\\/37d968a2e67a6fd04c169c4bdef102d0bc5d31b2546345219e348575eb80e9a0?s=96&d=mm&r=g\",\"caption\":\"redazione\"},\"sameAs\":[\"http:\\\/\\\/www.bellunopress.it\",\"https:\\\/\\\/x.com\\\/bellunopress\"],\"url\":\"https:\\\/\\\/www.bellunopress.it\\\/fr\\\/author\\\/redazione\\\/\"}]}<\/script>\n<!-- \/ Yoast SEO plugin. -->","yoast_head_json":{"title":"Dal 4 giugno \u201cIl Piccolo Principe\u201d di Antoine De Saint Exup\u00e9ry su Radio Belluno - Bellunopress - Dolomiti","robots":{"index":"index","follow":"follow","max-snippet":"max-snippet:-1","max-image-preview":"max-image-preview:large","max-video-preview":"max-video-preview:-1"},"canonical":"https:\/\/www.bellunopress.it\/fr\/2012\/05\/31\/dal-4-giugno-il-piccolo-principe-di-antoine-de-saint-exupery-su-radio-belluno\/","og_locale":"fr_FR","og_type":"article","og_title":"Dal 4 giugno \u201cIl Piccolo Principe\u201d di Antoine De Saint Exup\u00e9ry su Radio Belluno - Bellunopress - Dolomiti","og_description":"Dal 4 giugno \u201cIl Piccolo Principe\u201d di Antoine De Saint Exup\u00e9ry \u00e8 su Radio Belluno. Un\u2019edizione radiofonica in dodici puntate dell\u2019opera dello scrittore e aviatore francese, curata da Guido Beretta, andr\u00e0 in onda in Fm e streaming per due settimane dal luned\u00ec al sabato alle 7.35 \u2013 11.00 \u2013 19.50. Le puntate saranno disponibili in [&hellip;]","og_url":"https:\/\/www.bellunopress.it\/fr\/2012\/05\/31\/dal-4-giugno-il-piccolo-principe-di-antoine-de-saint-exupery-su-radio-belluno\/","og_site_name":"Bellunopress - Dolomiti","article_publisher":"https:\/\/www.facebook.com\/profile.php?id=100008943462799","article_published_time":"2012-05-31T13:51:10+00:00","og_image":[{"url":"http:\/\/www.bellunopress.it\/wp-content\/uploads\/2012\/05\/Anna-gamba-nipote-di-paolo-dego-bretelle-lasche-leggera.jpg","type":"","width":"","height":""}],"author":"redazione","twitter_card":"summary_large_image","twitter_creator":"@bellunopress","twitter_site":"@bellunopress","twitter_misc":{"\u00c9crit par":"redazione","Dur\u00e9e de lecture estim\u00e9e":"1 minute"},"schema":{"@context":"https:\/\/schema.org","@graph":[{"@type":"Article","@id":"https:\/\/www.bellunopress.it\/2012\/05\/31\/dal-4-giugno-il-piccolo-principe-di-antoine-de-saint-exupery-su-radio-belluno\/#article","isPartOf":{"@id":"https:\/\/www.bellunopress.it\/2012\/05\/31\/dal-4-giugno-il-piccolo-principe-di-antoine-de-saint-exupery-su-radio-belluno\/"},"author":{"name":"redazione","@id":"https:\/\/www.bellunopress.it\/#\/schema\/person\/79bb06722b37ece1c03d3e94beb30d73"},"headline":"Dal 4 giugno \u201cIl Piccolo Principe\u201d di Antoine De Saint Exup\u00e9ry su Radio Belluno","datePublished":"2012-05-31T13:51:10+00:00","mainEntityOfPage":{"@id":"https:\/\/www.bellunopress.it\/2012\/05\/31\/dal-4-giugno-il-piccolo-principe-di-antoine-de-saint-exupery-su-radio-belluno\/"},"wordCount":278,"publisher":{"@id":"https:\/\/www.bellunopress.it\/#organization"},"image":{"@id":"https:\/\/www.bellunopress.it\/2012\/05\/31\/dal-4-giugno-il-piccolo-principe-di-antoine-de-saint-exupery-su-radio-belluno\/#primaryimage"},"thumbnailUrl":"http:\/\/www.bellunopress.it\/wp-content\/uploads\/2012\/05\/Anna-gamba-nipote-di-paolo-dego-bretelle-lasche-leggera.jpg","articleSection":["Appuntamenti, Eventi","Arte, Cultura, Spettacoli, Scienza","Pausa Caff\u00e8"],"inLanguage":"fr-FR"},{"@type":"WebPage","@id":"https:\/\/www.bellunopress.it\/2012\/05\/31\/dal-4-giugno-il-piccolo-principe-di-antoine-de-saint-exupery-su-radio-belluno\/","url":"https:\/\/www.bellunopress.it\/2012\/05\/31\/dal-4-giugno-il-piccolo-principe-di-antoine-de-saint-exupery-su-radio-belluno\/","name":"Dal 4 giugno \u201cIl Piccolo Principe\u201d di Antoine De Saint Exup\u00e9ry su Radio Belluno - Bellunopress - Dolomiti","isPartOf":{"@id":"https:\/\/www.bellunopress.it\/#website"},"primaryImageOfPage":{"@id":"https:\/\/www.bellunopress.it\/2012\/05\/31\/dal-4-giugno-il-piccolo-principe-di-antoine-de-saint-exupery-su-radio-belluno\/#primaryimage"},"image":{"@id":"https:\/\/www.bellunopress.it\/2012\/05\/31\/dal-4-giugno-il-piccolo-principe-di-antoine-de-saint-exupery-su-radio-belluno\/#primaryimage"},"thumbnailUrl":"http:\/\/www.bellunopress.it\/wp-content\/uploads\/2012\/05\/Anna-gamba-nipote-di-paolo-dego-bretelle-lasche-leggera.jpg","datePublished":"2012-05-31T13:51:10+00:00","breadcrumb":{"@id":"https:\/\/www.bellunopress.it\/2012\/05\/31\/dal-4-giugno-il-piccolo-principe-di-antoine-de-saint-exupery-su-radio-belluno\/#breadcrumb"},"inLanguage":"fr-FR","potentialAction":[{"@type":"ReadAction","target":["https:\/\/www.bellunopress.it\/2012\/05\/31\/dal-4-giugno-il-piccolo-principe-di-antoine-de-saint-exupery-su-radio-belluno\/"]}]},{"@type":"ImageObject","inLanguage":"fr-FR","@id":"https:\/\/www.bellunopress.it\/2012\/05\/31\/dal-4-giugno-il-piccolo-principe-di-antoine-de-saint-exupery-su-radio-belluno\/#primaryimage","url":"http:\/\/www.bellunopress.it\/wp-content\/uploads\/2012\/05\/Anna-gamba-nipote-di-paolo-dego-bretelle-lasche-leggera.jpg","contentUrl":"http:\/\/www.bellunopress.it\/wp-content\/uploads\/2012\/05\/Anna-gamba-nipote-di-paolo-dego-bretelle-lasche-leggera.jpg"},{"@type":"BreadcrumbList","@id":"https:\/\/www.bellunopress.it\/2012\/05\/31\/dal-4-giugno-il-piccolo-principe-di-antoine-de-saint-exupery-su-radio-belluno\/#breadcrumb","itemListElement":[{"@type":"ListItem","position":1,"name":"Home","item":"https:\/\/www.bellunopress.it\/"},{"@type":"ListItem","position":2,"name":"Dal 4 giugno \u201cIl Piccolo Principe\u201d di Antoine De Saint Exup\u00e9ry su Radio Belluno"}]},{"@type":"WebSite","@id":"https:\/\/www.bellunopress.it\/#website","url":"https:\/\/www.bellunopress.it\/","name":"Bellunopress - Dolomiti","description":"e-mail: redazione@bellunopress.it","publisher":{"@id":"https:\/\/www.bellunopress.it\/#organization"},"potentialAction":[{"@type":"SearchAction","target":{"@type":"EntryPoint","urlTemplate":"https:\/\/www.bellunopress.it\/?s={search_term_string}"},"query-input":{"@type":"PropertyValueSpecification","valueRequired":true,"valueName":"search_term_string"}}],"inLanguage":"fr-FR"},{"@type":"Organization","@id":"https:\/\/www.bellunopress.it\/#organization","name":"Bellunopress","url":"https:\/\/www.bellunopress.it\/","logo":{"@type":"ImageObject","inLanguage":"fr-FR","@id":"https:\/\/www.bellunopress.it\/#\/schema\/logo\/image\/","url":"https:\/\/www.bellunopress.it\/wp-content\/uploads\/2011\/05\/cropped-logo-bellunopress-.jpg","contentUrl":"https:\/\/www.bellunopress.it\/wp-content\/uploads\/2011\/05\/cropped-logo-bellunopress-.jpg","width":512,"height":512,"caption":"Bellunopress"},"image":{"@id":"https:\/\/www.bellunopress.it\/#\/schema\/logo\/image\/"},"sameAs":["https:\/\/www.facebook.com\/profile.php?id=100008943462799","https:\/\/x.com\/bellunopress","https:\/\/www.linkedin.com\/hp\/?dnr=JBzUWaJfMUw8vbXJJ2tVW5-I3jZKvC4wsoxE&amp;amp;amp;amp;amp;amp;trk=nav_responsive_tab_home","https:\/\/www.youtube.com\/channel\/UCxL0wu1uN0_3_7hGG0306cw"]},{"@type":"Person","@id":"https:\/\/www.bellunopress.it\/#\/schema\/person\/79bb06722b37ece1c03d3e94beb30d73","name":"r\u00e9daction","image":{"@type":"ImageObject","inLanguage":"fr-FR","@id":"https:\/\/secure.gravatar.com\/avatar\/37d968a2e67a6fd04c169c4bdef102d0bc5d31b2546345219e348575eb80e9a0?s=96&d=mm&r=g","url":"https:\/\/secure.gravatar.com\/avatar\/37d968a2e67a6fd04c169c4bdef102d0bc5d31b2546345219e348575eb80e9a0?s=96&d=mm&r=g","contentUrl":"https:\/\/secure.gravatar.com\/avatar\/37d968a2e67a6fd04c169c4bdef102d0bc5d31b2546345219e348575eb80e9a0?s=96&d=mm&r=g","caption":"redazione"},"sameAs":["http:\/\/www.bellunopress.it","https:\/\/x.com\/bellunopress"],"url":"https:\/\/www.bellunopress.it\/fr\/author\/redazione\/"}]}},"_links":{"self":[{"href":"https:\/\/www.bellunopress.it\/fr\/wp-json\/wp\/v2\/posts\/38547","targetHints":{"allow":["GET"]}}],"collection":[{"href":"https:\/\/www.bellunopress.it\/fr\/wp-json\/wp\/v2\/posts"}],"about":[{"href":"https:\/\/www.bellunopress.it\/fr\/wp-json\/wp\/v2\/types\/post"}],"author":[{"embeddable":true,"href":"https:\/\/www.bellunopress.it\/fr\/wp-json\/wp\/v2\/users\/2"}],"replies":[{"embeddable":true,"href":"https:\/\/www.bellunopress.it\/fr\/wp-json\/wp\/v2\/comments?post=38547"}],"version-history":[{"count":1,"href":"https:\/\/www.bellunopress.it\/fr\/wp-json\/wp\/v2\/posts\/38547\/revisions"}],"predecessor-version":[{"id":38549,"href":"https:\/\/www.bellunopress.it\/fr\/wp-json\/wp\/v2\/posts\/38547\/revisions\/38549"}],"wp:attachment":[{"href":"https:\/\/www.bellunopress.it\/fr\/wp-json\/wp\/v2\/media?parent=38547"}],"wp:term":[{"taxonomy":"category","embeddable":true,"href":"https:\/\/www.bellunopress.it\/fr\/wp-json\/wp\/v2\/categories?post=38547"},{"taxonomy":"post_tag","embeddable":true,"href":"https:\/\/www.bellunopress.it\/fr\/wp-json\/wp\/v2\/tags?post=38547"}],"curies":[{"name":"wp","href":"https:\/\/api.w.org\/{rel}","templated":true}]}}