{"id":38399,"date":"2012-05-27T16:47:37","date_gmt":"2012-05-27T15:47:37","guid":{"rendered":"http:\/\/www.bellunopress.it\/?p=38399"},"modified":"2012-05-27T20:28:03","modified_gmt":"2012-05-27T19:28:03","slug":"i-segreti-della-strada-regia-dalemagna-ai-tempi-della-serenissima-il-libro-della-ricercatrice-monia-franzolin-edito-da-terra-ferma-e-stato-presentato-sabato-al-ristorante-nogherazza-a-cast","status":"publish","type":"post","link":"https:\/\/www.bellunopress.it\/fr\/2012\/05\/27\/i-segreti-della-strada-regia-dalemagna-ai-tempi-della-serenissima-il-libro-della-ricercatrice-monia-franzolin-edito-da-terra-ferma-e-stato-presentato-sabato-al-ristorante-nogherazza-a-cast\/","title":{"rendered":"I segreti della Strada Regia d\u2019Alemagna ai tempi della Serenissima. Il libro della ricercatrice Monia Franzolin, edito da Terra Ferma, \u00e8 stato presentato sabato al ristorante Nogherazza a Castion"},"content":{"rendered":"<figure id=\"attachment_38400\" aria-describedby=\"caption-attachment-38400\" style=\"width: 116px\" class=\"wp-caption alignleft\"><a href=\"http:\/\/www.bellunopress.it\/wp-content\/uploads\/2012\/05\/Monia-Franzolin.jpg\"><img loading=\"lazy\" decoding=\"async\" class=\"size-full wp-image-38400\" title=\"Monia Franzolin\" src=\"http:\/\/www.bellunopress.it\/wp-content\/uploads\/2012\/05\/Monia-Franzolin.jpg\" alt=\"\" width=\"116\" height=\"150\" \/><\/a><figcaption id=\"caption-attachment-38400\" class=\"wp-caption-text\">Monia Franzolin<\/figcaption><\/figure>\n<p>Anni di ricerche, di impegno e di studio per ricostruire e restituire ai posteri la storia di una delle tre vie di comunicazione pi\u00f9 importanti che collegavano Venezia alla Germania passando per il Bellunese, dal passo Fadalto a Cortina d\u2019Ampezzo. \u201cSulla Strada Regia di Alemagna\u201d (Edizioni Terra Ferma) \u00e8 il frutto del lungo lavoro di ricerca della giovane storica dell\u2019Arte e conservatrice dei Beni architettonici, Monia Franzolin. Il volume, presentato sabato alla Nogherazza (Belluno) a un pubblico di appassionati e ai numerosi sostenitori e sponsor privati e pubblici dell\u2019iniziativa, oltre presentarsi in una veste grafica particolarmente elegante, colma una lacuna storica documentale (c\u2019\u00e8 un solo saggio risalente al 1876) e soprattutto si pone come uno strumento di conoscenza che coniuga piacevolmente al meglio ricerca scientifica e divulgazione. Anche le illustrazioni rivestono un carattere importante di questa pubblicazione, con foto e mappe significative tratte dagli archivi storici, e altre realizzate dalla stessa ricercatrice che sulla medesima via Regia di Alemagna aveva centrato anche la sua tesi di laurea. Si pu\u00f2 dunque ben capire il fascino inevitabile che questa antica strada, gi\u00e0 presente ai tempi dell\u2019impero romano, e nata con una destinazione commerciale, suscita in chi \u00e8 attento ai cambiamenti storici, culturali, sociali e di costume come l\u2019autrice della ricerca in questione.<\/p>\n<p><a href=\"http:\/\/www.bellunopress.it\/wp-content\/uploads\/2012\/05\/Monia-e-il-libro-leggera.jpg\"><img loading=\"lazy\" decoding=\"async\" class=\"alignright size-full wp-image-38397\" title=\"Monia e il libro leggera\" src=\"http:\/\/www.bellunopress.it\/wp-content\/uploads\/2012\/05\/Monia-e-il-libro-leggera.jpg\" alt=\"\" width=\"250\" height=\"212\" \/><\/a>\u201cLungo questa strada che univa il nord al sud dell\u2019Europa ho incontrato mercanti, pellegrini, amministratori, soldati e castellieri. Un intero mondo, non privo di diverse connotazioni religiose, costituito dall\u2019interazione tra la via Regia e il territorio su cui transitava che ne determinava le peculiarit\u00e0 locali\u201d, ha spiegato Franzolin, intervistata nel corso della presentazione del libro da Pierluigi Svaluto Moreolo che ha introdotto l\u2019autrice e l\u2019opera citando Kavafis e Dante. Il libro sulla via Regia d\u2019Alemagna sviluppa un\u2019analisi complessa, che prende in considerazione, contestualizzandoli, anche elementi geografici e architettonici racchiusi nel periodo che va dal 1400 in poi, cio\u00e8 gli anni in cui il territorio dell\u2019Alto Veneto pass\u00f2 sotto la giurisdizione della Serenissima. Un percorso che a quei tempi faceva risparmiare circa 80 chilometri rispetto alle altre due alternative esistenti (cio\u00e8 circa 3 giorni di cammino) e permetteva a Venezia di imporre dazi a piacimento lungo la strada, per buona parte giacente nel suo territorio. Il libro, che possiede anche una valenza turistica e promozionale non indifferente (c\u2019\u00e8 il progetto per una pista ciclabile), ha avuto un\u2019ottima accoglienza anche da parte dei numerosi Comuni, le Comunit\u00e0 montane e le due Province coinvolte dal percorso della via Regia. Tutti enti che hanno offerto il loro patrocinio a questa iniziativa. Ora il volume, oltre a entrare a far parte del patrimonio bibliotecario, sar\u00e0 oggetto di studio e di confronto anche nelle scuole. Alcuni istituti bellunesi infatti hanno gi\u00e0 dimostrato il loro interesse a inserire questa ricerca tra i testi scolastici e a integrazione dell\u2019offerta formativa.<\/p>\n<p>&#8212;-<\/p>","protected":false},"excerpt":{"rendered":"<p>Anni di ricerche, di impegno e di studio per ricostruire e restituire ai posteri la storia di una delle tre vie di comunicazione pi\u00f9 importanti che collegavano Venezia alla Germania passando per il Bellunese, dal passo Fadalto a Cortina d\u2019Ampezzo. \u201cSulla Strada Regia di Alemagna\u201d (Edizioni Terra Ferma) \u00e8 il frutto del lungo lavoro di [&hellip;]<\/p>\n","protected":false},"author":2,"featured_media":0,"comment_status":"closed","ping_status":"open","sticky":false,"template":"","format":"standard","meta":{"footnotes":""},"categories":[3,26],"tags":[],"class_list":["post-38399","post","type-post","status-publish","format-standard","category-arte-cultura-spettacoli-scienza-archivi","category-prima-pagina"],"yoast_head":"<!-- This site is optimized with the Yoast SEO plugin v28.4 - https:\/\/yoast.com\/product\/yoast-seo-wordpress\/ -->\n<title>I segreti della Strada Regia d\u2019Alemagna ai tempi della Serenissima. Il libro della ricercatrice Monia Franzolin, edito da Terra Ferma, \u00e8 stato presentato sabato al ristorante Nogherazza a Castion - Bellunopress - Dolomiti<\/title>\n<meta name=\"robots\" content=\"index, follow, max-snippet:-1, max-image-preview:large, max-video-preview:-1\" \/>\n<link rel=\"canonical\" href=\"https:\/\/www.bellunopress.it\/fr\/2012\/05\/27\/i-segreti-della-strada-regia-dalemagna-ai-tempi-della-serenissima-il-libro-della-ricercatrice-monia-franzolin-edito-da-terra-ferma-e-stato-presentato-sabato-al-ristorante-nogherazza-a-cast\/\" \/>\n<meta property=\"og:locale\" content=\"fr_FR\" \/>\n<meta property=\"og:type\" content=\"article\" \/>\n<meta property=\"og:title\" content=\"I segreti della Strada Regia d\u2019Alemagna ai tempi della Serenissima. Il libro della ricercatrice Monia Franzolin, edito da Terra Ferma, \u00e8 stato presentato sabato al ristorante Nogherazza a Castion - Bellunopress - Dolomiti\" \/>\n<meta property=\"og:description\" content=\"Anni di ricerche, di impegno e di studio per ricostruire e restituire ai posteri la storia di una delle tre vie di comunicazione pi\u00f9 importanti che collegavano Venezia alla Germania passando per il Bellunese, dal passo Fadalto a Cortina d\u2019Ampezzo. \u201cSulla Strada Regia di Alemagna\u201d (Edizioni Terra Ferma) \u00e8 il frutto del lungo lavoro di [&hellip;]\" \/>\n<meta property=\"og:url\" content=\"https:\/\/www.bellunopress.it\/fr\/2012\/05\/27\/i-segreti-della-strada-regia-dalemagna-ai-tempi-della-serenissima-il-libro-della-ricercatrice-monia-franzolin-edito-da-terra-ferma-e-stato-presentato-sabato-al-ristorante-nogherazza-a-cast\/\" \/>\n<meta property=\"og:site_name\" content=\"Bellunopress - Dolomiti\" \/>\n<meta property=\"article:publisher\" content=\"https:\/\/www.facebook.com\/profile.php?id=100008943462799\" \/>\n<meta property=\"article:published_time\" content=\"2012-05-27T15:47:37+00:00\" \/>\n<meta property=\"article:modified_time\" content=\"2012-05-27T19:28:03+00:00\" \/>\n<meta property=\"og:image\" content=\"http:\/\/www.bellunopress.it\/wp-content\/uploads\/2012\/05\/Monia-Franzolin.jpg\" \/>\n<meta name=\"author\" content=\"redazione\" \/>\n<meta name=\"twitter:card\" content=\"summary_large_image\" \/>\n<meta name=\"twitter:creator\" content=\"@bellunopress\" \/>\n<meta name=\"twitter:site\" content=\"@bellunopress\" \/>\n<meta name=\"twitter:label1\" content=\"\u00c9crit par\" \/>\n\t<meta name=\"twitter:data1\" content=\"redazione\" \/>\n\t<meta name=\"twitter:label2\" content=\"Dur\u00e9e de lecture estim\u00e9e\" \/>\n\t<meta name=\"twitter:data2\" content=\"2 minutes\" \/>\n<script type=\"application\/ld+json\" class=\"yoast-schema-graph\">{\"@context\":\"https:\\\/\\\/schema.org\",\"@graph\":[{\"@type\":\"Article\",\"@id\":\"https:\\\/\\\/www.bellunopress.it\\\/2012\\\/05\\\/27\\\/i-segreti-della-strada-regia-dalemagna-ai-tempi-della-serenissima-il-libro-della-ricercatrice-monia-franzolin-edito-da-terra-ferma-e-stato-presentato-sabato-al-ristorante-nogherazza-a-cast\\\/#article\",\"isPartOf\":{\"@id\":\"https:\\\/\\\/www.bellunopress.it\\\/2012\\\/05\\\/27\\\/i-segreti-della-strada-regia-dalemagna-ai-tempi-della-serenissima-il-libro-della-ricercatrice-monia-franzolin-edito-da-terra-ferma-e-stato-presentato-sabato-al-ristorante-nogherazza-a-cast\\\/\"},\"author\":{\"name\":\"redazione\",\"@id\":\"https:\\\/\\\/www.bellunopress.it\\\/#\\\/schema\\\/person\\\/79bb06722b37ece1c03d3e94beb30d73\"},\"headline\":\"I segreti della Strada Regia d\u2019Alemagna ai tempi della Serenissima. Il libro della ricercatrice Monia Franzolin, edito da Terra Ferma, \u00e8 stato presentato sabato al ristorante Nogherazza a Castion\",\"datePublished\":\"2012-05-27T15:47:37+00:00\",\"dateModified\":\"2012-05-27T19:28:03+00:00\",\"mainEntityOfPage\":{\"@id\":\"https:\\\/\\\/www.bellunopress.it\\\/2012\\\/05\\\/27\\\/i-segreti-della-strada-regia-dalemagna-ai-tempi-della-serenissima-il-libro-della-ricercatrice-monia-franzolin-edito-da-terra-ferma-e-stato-presentato-sabato-al-ristorante-nogherazza-a-cast\\\/\"},\"wordCount\":510,\"publisher\":{\"@id\":\"https:\\\/\\\/www.bellunopress.it\\\/#organization\"},\"image\":{\"@id\":\"https:\\\/\\\/www.bellunopress.it\\\/2012\\\/05\\\/27\\\/i-segreti-della-strada-regia-dalemagna-ai-tempi-della-serenissima-il-libro-della-ricercatrice-monia-franzolin-edito-da-terra-ferma-e-stato-presentato-sabato-al-ristorante-nogherazza-a-cast\\\/#primaryimage\"},\"thumbnailUrl\":\"http:\\\/\\\/www.bellunopress.it\\\/wp-content\\\/uploads\\\/2012\\\/05\\\/Monia-Franzolin.jpg\",\"articleSection\":[\"Arte, Cultura, Spettacoli, Scienza\",\"Prima Pagina\"],\"inLanguage\":\"fr-FR\"},{\"@type\":\"WebPage\",\"@id\":\"https:\\\/\\\/www.bellunopress.it\\\/2012\\\/05\\\/27\\\/i-segreti-della-strada-regia-dalemagna-ai-tempi-della-serenissima-il-libro-della-ricercatrice-monia-franzolin-edito-da-terra-ferma-e-stato-presentato-sabato-al-ristorante-nogherazza-a-cast\\\/\",\"url\":\"https:\\\/\\\/www.bellunopress.it\\\/2012\\\/05\\\/27\\\/i-segreti-della-strada-regia-dalemagna-ai-tempi-della-serenissima-il-libro-della-ricercatrice-monia-franzolin-edito-da-terra-ferma-e-stato-presentato-sabato-al-ristorante-nogherazza-a-cast\\\/\",\"name\":\"I segreti della Strada Regia d\u2019Alemagna ai tempi della Serenissima. Il libro della ricercatrice Monia Franzolin, edito da Terra Ferma, \u00e8 stato presentato sabato al ristorante Nogherazza a Castion - Bellunopress - Dolomiti\",\"isPartOf\":{\"@id\":\"https:\\\/\\\/www.bellunopress.it\\\/#website\"},\"primaryImageOfPage\":{\"@id\":\"https:\\\/\\\/www.bellunopress.it\\\/2012\\\/05\\\/27\\\/i-segreti-della-strada-regia-dalemagna-ai-tempi-della-serenissima-il-libro-della-ricercatrice-monia-franzolin-edito-da-terra-ferma-e-stato-presentato-sabato-al-ristorante-nogherazza-a-cast\\\/#primaryimage\"},\"image\":{\"@id\":\"https:\\\/\\\/www.bellunopress.it\\\/2012\\\/05\\\/27\\\/i-segreti-della-strada-regia-dalemagna-ai-tempi-della-serenissima-il-libro-della-ricercatrice-monia-franzolin-edito-da-terra-ferma-e-stato-presentato-sabato-al-ristorante-nogherazza-a-cast\\\/#primaryimage\"},\"thumbnailUrl\":\"http:\\\/\\\/www.bellunopress.it\\\/wp-content\\\/uploads\\\/2012\\\/05\\\/Monia-Franzolin.jpg\",\"datePublished\":\"2012-05-27T15:47:37+00:00\",\"dateModified\":\"2012-05-27T19:28:03+00:00\",\"breadcrumb\":{\"@id\":\"https:\\\/\\\/www.bellunopress.it\\\/2012\\\/05\\\/27\\\/i-segreti-della-strada-regia-dalemagna-ai-tempi-della-serenissima-il-libro-della-ricercatrice-monia-franzolin-edito-da-terra-ferma-e-stato-presentato-sabato-al-ristorante-nogherazza-a-cast\\\/#breadcrumb\"},\"inLanguage\":\"fr-FR\",\"potentialAction\":[{\"@type\":\"ReadAction\",\"target\":[\"https:\\\/\\\/www.bellunopress.it\\\/2012\\\/05\\\/27\\\/i-segreti-della-strada-regia-dalemagna-ai-tempi-della-serenissima-il-libro-della-ricercatrice-monia-franzolin-edito-da-terra-ferma-e-stato-presentato-sabato-al-ristorante-nogherazza-a-cast\\\/\"]}]},{\"@type\":\"ImageObject\",\"inLanguage\":\"fr-FR\",\"@id\":\"https:\\\/\\\/www.bellunopress.it\\\/2012\\\/05\\\/27\\\/i-segreti-della-strada-regia-dalemagna-ai-tempi-della-serenissima-il-libro-della-ricercatrice-monia-franzolin-edito-da-terra-ferma-e-stato-presentato-sabato-al-ristorante-nogherazza-a-cast\\\/#primaryimage\",\"url\":\"http:\\\/\\\/www.bellunopress.it\\\/wp-content\\\/uploads\\\/2012\\\/05\\\/Monia-Franzolin.jpg\",\"contentUrl\":\"http:\\\/\\\/www.bellunopress.it\\\/wp-content\\\/uploads\\\/2012\\\/05\\\/Monia-Franzolin.jpg\"},{\"@type\":\"BreadcrumbList\",\"@id\":\"https:\\\/\\\/www.bellunopress.it\\\/2012\\\/05\\\/27\\\/i-segreti-della-strada-regia-dalemagna-ai-tempi-della-serenissima-il-libro-della-ricercatrice-monia-franzolin-edito-da-terra-ferma-e-stato-presentato-sabato-al-ristorante-nogherazza-a-cast\\\/#breadcrumb\",\"itemListElement\":[{\"@type\":\"ListItem\",\"position\":1,\"name\":\"Home\",\"item\":\"https:\\\/\\\/www.bellunopress.it\\\/\"},{\"@type\":\"ListItem\",\"position\":2,\"name\":\"I segreti della Strada Regia d\u2019Alemagna ai tempi della Serenissima. Il libro della ricercatrice Monia Franzolin, edito da Terra Ferma, \u00e8 stato presentato sabato al ristorante Nogherazza a Castion\"}]},{\"@type\":\"WebSite\",\"@id\":\"https:\\\/\\\/www.bellunopress.it\\\/#website\",\"url\":\"https:\\\/\\\/www.bellunopress.it\\\/\",\"name\":\"Bellunopress - Dolomiti\",\"description\":\"e-mail: redazione@bellunopress.it\",\"publisher\":{\"@id\":\"https:\\\/\\\/www.bellunopress.it\\\/#organization\"},\"potentialAction\":[{\"@type\":\"SearchAction\",\"target\":{\"@type\":\"EntryPoint\",\"urlTemplate\":\"https:\\\/\\\/www.bellunopress.it\\\/?s={search_term_string}\"},\"query-input\":{\"@type\":\"PropertyValueSpecification\",\"valueRequired\":true,\"valueName\":\"search_term_string\"}}],\"inLanguage\":\"fr-FR\"},{\"@type\":\"Organization\",\"@id\":\"https:\\\/\\\/www.bellunopress.it\\\/#organization\",\"name\":\"Bellunopress\",\"url\":\"https:\\\/\\\/www.bellunopress.it\\\/\",\"logo\":{\"@type\":\"ImageObject\",\"inLanguage\":\"fr-FR\",\"@id\":\"https:\\\/\\\/www.bellunopress.it\\\/#\\\/schema\\\/logo\\\/image\\\/\",\"url\":\"https:\\\/\\\/www.bellunopress.it\\\/wp-content\\\/uploads\\\/2011\\\/05\\\/cropped-logo-bellunopress-.jpg\",\"contentUrl\":\"https:\\\/\\\/www.bellunopress.it\\\/wp-content\\\/uploads\\\/2011\\\/05\\\/cropped-logo-bellunopress-.jpg\",\"width\":512,\"height\":512,\"caption\":\"Bellunopress\"},\"image\":{\"@id\":\"https:\\\/\\\/www.bellunopress.it\\\/#\\\/schema\\\/logo\\\/image\\\/\"},\"sameAs\":[\"https:\\\/\\\/www.facebook.com\\\/profile.php?id=100008943462799\",\"https:\\\/\\\/x.com\\\/bellunopress\",\"https:\\\/\\\/www.linkedin.com\\\/hp\\\/?dnr=JBzUWaJfMUw8vbXJJ2tVW5-I3jZKvC4wsoxE&amp;amp;amp;amp;amp;amp;trk=nav_responsive_tab_home\",\"https:\\\/\\\/www.youtube.com\\\/channel\\\/UCxL0wu1uN0_3_7hGG0306cw\"]},{\"@type\":\"Person\",\"@id\":\"https:\\\/\\\/www.bellunopress.it\\\/#\\\/schema\\\/person\\\/79bb06722b37ece1c03d3e94beb30d73\",\"name\":\"redazione\",\"image\":{\"@type\":\"ImageObject\",\"inLanguage\":\"fr-FR\",\"@id\":\"https:\\\/\\\/secure.gravatar.com\\\/avatar\\\/37d968a2e67a6fd04c169c4bdef102d0bc5d31b2546345219e348575eb80e9a0?s=96&d=mm&r=g\",\"url\":\"https:\\\/\\\/secure.gravatar.com\\\/avatar\\\/37d968a2e67a6fd04c169c4bdef102d0bc5d31b2546345219e348575eb80e9a0?s=96&d=mm&r=g\",\"contentUrl\":\"https:\\\/\\\/secure.gravatar.com\\\/avatar\\\/37d968a2e67a6fd04c169c4bdef102d0bc5d31b2546345219e348575eb80e9a0?s=96&d=mm&r=g\",\"caption\":\"redazione\"},\"sameAs\":[\"http:\\\/\\\/www.bellunopress.it\",\"https:\\\/\\\/x.com\\\/bellunopress\"],\"url\":\"https:\\\/\\\/www.bellunopress.it\\\/fr\\\/author\\\/redazione\\\/\"}]}<\/script>\n<!-- \/ Yoast SEO plugin. -->","yoast_head_json":{"title":"I segreti della Strada Regia d\u2019Alemagna ai tempi della Serenissima. Il libro della ricercatrice Monia Franzolin, edito da Terra Ferma, \u00e8 stato presentato sabato al ristorante Nogherazza a Castion - Bellunopress - Dolomiti","robots":{"index":"index","follow":"follow","max-snippet":"max-snippet:-1","max-image-preview":"max-image-preview:large","max-video-preview":"max-video-preview:-1"},"canonical":"https:\/\/www.bellunopress.it\/fr\/2012\/05\/27\/i-segreti-della-strada-regia-dalemagna-ai-tempi-della-serenissima-il-libro-della-ricercatrice-monia-franzolin-edito-da-terra-ferma-e-stato-presentato-sabato-al-ristorante-nogherazza-a-cast\/","og_locale":"fr_FR","og_type":"article","og_title":"I segreti della Strada Regia d\u2019Alemagna ai tempi della Serenissima. Il libro della ricercatrice Monia Franzolin, edito da Terra Ferma, \u00e8 stato presentato sabato al ristorante Nogherazza a Castion - Bellunopress - Dolomiti","og_description":"Anni di ricerche, di impegno e di studio per ricostruire e restituire ai posteri la storia di una delle tre vie di comunicazione pi\u00f9 importanti che collegavano Venezia alla Germania passando per il Bellunese, dal passo Fadalto a Cortina d\u2019Ampezzo. \u201cSulla Strada Regia di Alemagna\u201d (Edizioni Terra Ferma) \u00e8 il frutto del lungo lavoro di [&hellip;]","og_url":"https:\/\/www.bellunopress.it\/fr\/2012\/05\/27\/i-segreti-della-strada-regia-dalemagna-ai-tempi-della-serenissima-il-libro-della-ricercatrice-monia-franzolin-edito-da-terra-ferma-e-stato-presentato-sabato-al-ristorante-nogherazza-a-cast\/","og_site_name":"Bellunopress - Dolomiti","article_publisher":"https:\/\/www.facebook.com\/profile.php?id=100008943462799","article_published_time":"2012-05-27T15:47:37+00:00","article_modified_time":"2012-05-27T19:28:03+00:00","og_image":[{"url":"http:\/\/www.bellunopress.it\/wp-content\/uploads\/2012\/05\/Monia-Franzolin.jpg","type":"","width":"","height":""}],"author":"redazione","twitter_card":"summary_large_image","twitter_creator":"@bellunopress","twitter_site":"@bellunopress","twitter_misc":{"\u00c9crit par":"redazione","Dur\u00e9e de lecture estim\u00e9e":"2 minutes"},"schema":{"@context":"https:\/\/schema.org","@graph":[{"@type":"Article","@id":"https:\/\/www.bellunopress.it\/2012\/05\/27\/i-segreti-della-strada-regia-dalemagna-ai-tempi-della-serenissima-il-libro-della-ricercatrice-monia-franzolin-edito-da-terra-ferma-e-stato-presentato-sabato-al-ristorante-nogherazza-a-cast\/#article","isPartOf":{"@id":"https:\/\/www.bellunopress.it\/2012\/05\/27\/i-segreti-della-strada-regia-dalemagna-ai-tempi-della-serenissima-il-libro-della-ricercatrice-monia-franzolin-edito-da-terra-ferma-e-stato-presentato-sabato-al-ristorante-nogherazza-a-cast\/"},"author":{"name":"redazione","@id":"https:\/\/www.bellunopress.it\/#\/schema\/person\/79bb06722b37ece1c03d3e94beb30d73"},"headline":"I segreti della Strada Regia d\u2019Alemagna ai tempi della Serenissima. Il libro della ricercatrice Monia Franzolin, edito da Terra Ferma, \u00e8 stato presentato sabato al ristorante Nogherazza a Castion","datePublished":"2012-05-27T15:47:37+00:00","dateModified":"2012-05-27T19:28:03+00:00","mainEntityOfPage":{"@id":"https:\/\/www.bellunopress.it\/2012\/05\/27\/i-segreti-della-strada-regia-dalemagna-ai-tempi-della-serenissima-il-libro-della-ricercatrice-monia-franzolin-edito-da-terra-ferma-e-stato-presentato-sabato-al-ristorante-nogherazza-a-cast\/"},"wordCount":510,"publisher":{"@id":"https:\/\/www.bellunopress.it\/#organization"},"image":{"@id":"https:\/\/www.bellunopress.it\/2012\/05\/27\/i-segreti-della-strada-regia-dalemagna-ai-tempi-della-serenissima-il-libro-della-ricercatrice-monia-franzolin-edito-da-terra-ferma-e-stato-presentato-sabato-al-ristorante-nogherazza-a-cast\/#primaryimage"},"thumbnailUrl":"http:\/\/www.bellunopress.it\/wp-content\/uploads\/2012\/05\/Monia-Franzolin.jpg","articleSection":["Arte, Cultura, Spettacoli, Scienza","Prima Pagina"],"inLanguage":"fr-FR"},{"@type":"WebPage","@id":"https:\/\/www.bellunopress.it\/2012\/05\/27\/i-segreti-della-strada-regia-dalemagna-ai-tempi-della-serenissima-il-libro-della-ricercatrice-monia-franzolin-edito-da-terra-ferma-e-stato-presentato-sabato-al-ristorante-nogherazza-a-cast\/","url":"https:\/\/www.bellunopress.it\/2012\/05\/27\/i-segreti-della-strada-regia-dalemagna-ai-tempi-della-serenissima-il-libro-della-ricercatrice-monia-franzolin-edito-da-terra-ferma-e-stato-presentato-sabato-al-ristorante-nogherazza-a-cast\/","name":"I segreti della Strada Regia d\u2019Alemagna ai tempi della Serenissima. Il libro della ricercatrice Monia Franzolin, edito da Terra Ferma, \u00e8 stato presentato sabato al ristorante Nogherazza a Castion - Bellunopress - Dolomiti","isPartOf":{"@id":"https:\/\/www.bellunopress.it\/#website"},"primaryImageOfPage":{"@id":"https:\/\/www.bellunopress.it\/2012\/05\/27\/i-segreti-della-strada-regia-dalemagna-ai-tempi-della-serenissima-il-libro-della-ricercatrice-monia-franzolin-edito-da-terra-ferma-e-stato-presentato-sabato-al-ristorante-nogherazza-a-cast\/#primaryimage"},"image":{"@id":"https:\/\/www.bellunopress.it\/2012\/05\/27\/i-segreti-della-strada-regia-dalemagna-ai-tempi-della-serenissima-il-libro-della-ricercatrice-monia-franzolin-edito-da-terra-ferma-e-stato-presentato-sabato-al-ristorante-nogherazza-a-cast\/#primaryimage"},"thumbnailUrl":"http:\/\/www.bellunopress.it\/wp-content\/uploads\/2012\/05\/Monia-Franzolin.jpg","datePublished":"2012-05-27T15:47:37+00:00","dateModified":"2012-05-27T19:28:03+00:00","breadcrumb":{"@id":"https:\/\/www.bellunopress.it\/2012\/05\/27\/i-segreti-della-strada-regia-dalemagna-ai-tempi-della-serenissima-il-libro-della-ricercatrice-monia-franzolin-edito-da-terra-ferma-e-stato-presentato-sabato-al-ristorante-nogherazza-a-cast\/#breadcrumb"},"inLanguage":"fr-FR","potentialAction":[{"@type":"ReadAction","target":["https:\/\/www.bellunopress.it\/2012\/05\/27\/i-segreti-della-strada-regia-dalemagna-ai-tempi-della-serenissima-il-libro-della-ricercatrice-monia-franzolin-edito-da-terra-ferma-e-stato-presentato-sabato-al-ristorante-nogherazza-a-cast\/"]}]},{"@type":"ImageObject","inLanguage":"fr-FR","@id":"https:\/\/www.bellunopress.it\/2012\/05\/27\/i-segreti-della-strada-regia-dalemagna-ai-tempi-della-serenissima-il-libro-della-ricercatrice-monia-franzolin-edito-da-terra-ferma-e-stato-presentato-sabato-al-ristorante-nogherazza-a-cast\/#primaryimage","url":"http:\/\/www.bellunopress.it\/wp-content\/uploads\/2012\/05\/Monia-Franzolin.jpg","contentUrl":"http:\/\/www.bellunopress.it\/wp-content\/uploads\/2012\/05\/Monia-Franzolin.jpg"},{"@type":"BreadcrumbList","@id":"https:\/\/www.bellunopress.it\/2012\/05\/27\/i-segreti-della-strada-regia-dalemagna-ai-tempi-della-serenissima-il-libro-della-ricercatrice-monia-franzolin-edito-da-terra-ferma-e-stato-presentato-sabato-al-ristorante-nogherazza-a-cast\/#breadcrumb","itemListElement":[{"@type":"ListItem","position":1,"name":"Home","item":"https:\/\/www.bellunopress.it\/"},{"@type":"ListItem","position":2,"name":"I segreti della Strada Regia d\u2019Alemagna ai tempi della Serenissima. Il libro della ricercatrice Monia Franzolin, edito da Terra Ferma, \u00e8 stato presentato sabato al ristorante Nogherazza a Castion"}]},{"@type":"WebSite","@id":"https:\/\/www.bellunopress.it\/#website","url":"https:\/\/www.bellunopress.it\/","name":"Bellunopress - Dolomiti","description":"e-mail: redazione@bellunopress.it","publisher":{"@id":"https:\/\/www.bellunopress.it\/#organization"},"potentialAction":[{"@type":"SearchAction","target":{"@type":"EntryPoint","urlTemplate":"https:\/\/www.bellunopress.it\/?s={search_term_string}"},"query-input":{"@type":"PropertyValueSpecification","valueRequired":true,"valueName":"search_term_string"}}],"inLanguage":"fr-FR"},{"@type":"Organization","@id":"https:\/\/www.bellunopress.it\/#organization","name":"Bellunopress","url":"https:\/\/www.bellunopress.it\/","logo":{"@type":"ImageObject","inLanguage":"fr-FR","@id":"https:\/\/www.bellunopress.it\/#\/schema\/logo\/image\/","url":"https:\/\/www.bellunopress.it\/wp-content\/uploads\/2011\/05\/cropped-logo-bellunopress-.jpg","contentUrl":"https:\/\/www.bellunopress.it\/wp-content\/uploads\/2011\/05\/cropped-logo-bellunopress-.jpg","width":512,"height":512,"caption":"Bellunopress"},"image":{"@id":"https:\/\/www.bellunopress.it\/#\/schema\/logo\/image\/"},"sameAs":["https:\/\/www.facebook.com\/profile.php?id=100008943462799","https:\/\/x.com\/bellunopress","https:\/\/www.linkedin.com\/hp\/?dnr=JBzUWaJfMUw8vbXJJ2tVW5-I3jZKvC4wsoxE&amp;amp;amp;amp;amp;amp;trk=nav_responsive_tab_home","https:\/\/www.youtube.com\/channel\/UCxL0wu1uN0_3_7hGG0306cw"]},{"@type":"Person","@id":"https:\/\/www.bellunopress.it\/#\/schema\/person\/79bb06722b37ece1c03d3e94beb30d73","name":"r\u00e9daction","image":{"@type":"ImageObject","inLanguage":"fr-FR","@id":"https:\/\/secure.gravatar.com\/avatar\/37d968a2e67a6fd04c169c4bdef102d0bc5d31b2546345219e348575eb80e9a0?s=96&d=mm&r=g","url":"https:\/\/secure.gravatar.com\/avatar\/37d968a2e67a6fd04c169c4bdef102d0bc5d31b2546345219e348575eb80e9a0?s=96&d=mm&r=g","contentUrl":"https:\/\/secure.gravatar.com\/avatar\/37d968a2e67a6fd04c169c4bdef102d0bc5d31b2546345219e348575eb80e9a0?s=96&d=mm&r=g","caption":"redazione"},"sameAs":["http:\/\/www.bellunopress.it","https:\/\/x.com\/bellunopress"],"url":"https:\/\/www.bellunopress.it\/fr\/author\/redazione\/"}]}},"_links":{"self":[{"href":"https:\/\/www.bellunopress.it\/fr\/wp-json\/wp\/v2\/posts\/38399","targetHints":{"allow":["GET"]}}],"collection":[{"href":"https:\/\/www.bellunopress.it\/fr\/wp-json\/wp\/v2\/posts"}],"about":[{"href":"https:\/\/www.bellunopress.it\/fr\/wp-json\/wp\/v2\/types\/post"}],"author":[{"embeddable":true,"href":"https:\/\/www.bellunopress.it\/fr\/wp-json\/wp\/v2\/users\/2"}],"replies":[{"embeddable":true,"href":"https:\/\/www.bellunopress.it\/fr\/wp-json\/wp\/v2\/comments?post=38399"}],"version-history":[{"count":3,"href":"https:\/\/www.bellunopress.it\/fr\/wp-json\/wp\/v2\/posts\/38399\/revisions"}],"predecessor-version":[{"id":38402,"href":"https:\/\/www.bellunopress.it\/fr\/wp-json\/wp\/v2\/posts\/38399\/revisions\/38402"}],"wp:attachment":[{"href":"https:\/\/www.bellunopress.it\/fr\/wp-json\/wp\/v2\/media?parent=38399"}],"wp:term":[{"taxonomy":"category","embeddable":true,"href":"https:\/\/www.bellunopress.it\/fr\/wp-json\/wp\/v2\/categories?post=38399"},{"taxonomy":"post_tag","embeddable":true,"href":"https:\/\/www.bellunopress.it\/fr\/wp-json\/wp\/v2\/tags?post=38399"}],"curies":[{"name":"wp","href":"https:\/\/api.w.org\/{rel}","templated":true}]}}