{"id":38373,"date":"2012-05-26T13:03:39","date_gmt":"2012-05-26T12:03:39","guid":{"rendered":"http:\/\/www.bellunopress.it\/?p=38373"},"modified":"2012-05-26T19:02:33","modified_gmt":"2012-05-26T18:02:33","slug":"ritrovata-senza-vita-la-donna-46enne-di-cencenighe-scomparsa-ieri-sera","status":"publish","type":"post","link":"https:\/\/www.bellunopress.it\/fr\/2012\/05\/26\/ritrovata-senza-vita-la-donna-46enne-di-cencenighe-scomparsa-ieri-sera\/","title":{"rendered":"Ritrovata senza vita la donna 46enne di Cencenighe scomparsa ieri sera"},"content":{"rendered":"<p><a href=\"http:\/\/www.bellunopress.it\/wp-content\/uploads\/2012\/05\/vigili-del-fuoco-Saf-Fluviale.jpg\"><img loading=\"lazy\" decoding=\"async\" class=\"alignleft size-full wp-image-38374\" title=\"vigili del fuoco Saf Fluviale\" src=\"http:\/\/www.bellunopress.it\/wp-content\/uploads\/2012\/05\/vigili-del-fuoco-Saf-Fluviale.jpg\" alt=\"\" width=\"290\" height=\"162\" \/><\/a>\u00c8 stata ritrovato questa mattina attorno alle sette il corpo senza vita di una donna di Cencenighe Agordino (BL), la cui scomparsa era stata segnalata dai genitori ieri sera, dopo che, scesa dalla corriera al rientro dal lavoro, non era tornata a casa, distante solo dieci minuti dalla fermata. Scattato l&#8217;allarme, in seguito alle prime, vane, ricerche dei famigliari, il 118 ha allertato le squadre del Soccorso alpino di Agordo che, con l&#8217;aiuto dei soccorritori di Alleghe e delle unit\u00e0 cinofile, hanno iniziato a perlustrare la zona attorno all&#8217;abitato, setacciando i versanti del Cordevole, mentre i sommozzatori dei vigili del fuoco ne controllavano le acque. Le ricerche iniziate alle ore 19,39 di venerd\u00ec dalle\u00a0squadre del Comando Provinciale dei Vigili del fuoco di Belluno, sono proseguite per tutta la notte con l&#8217;ausilio anche dei sommozzatori dei Vigili del fuoco di Venezia che hanno scandagliato il lago di Cencenighe. Anche con il supporto della fotoelettrica del Soccorso alpino della Val Pettorina. Ma M.S., 46 anni, residente a Cencenighe (BL), \u00e8 stata ritrovata solo questa mattina alle ore sei. Quando l&#8217;Enel ha abbassato il livello dell&#8217;acqua nel torrente\u00a0Cordevole in localit\u00e0 Morbiach, il corpo della donna, che probabilmente si \u00e8 tolta la vita, \u00e8 stato individuato, 700 metri a valle del ponte del Ghiro. La salma \u00e8 stata recuperata dal personale SAF Fluviale del Comando dei Vigili del Fuoco\u00a0di Belluno e affidata al carro funebre.<\/p>\n<p>&nbsp;<\/p>\n<p>&nbsp;<\/p>\n<p>&nbsp;<\/p>\n<p>&nbsp;<\/p>\n<p>&nbsp;<\/p>","protected":false},"excerpt":{"rendered":"<p>\u00c8 stata ritrovato questa mattina attorno alle sette il corpo senza vita di una donna di Cencenighe Agordino (BL), la cui scomparsa era stata segnalata dai genitori ieri sera, dopo che, scesa dalla corriera al rientro dal lavoro, non era tornata a casa, distante solo dieci minuti dalla fermata. Scattato l&#8217;allarme, in seguito alle prime, [&hellip;]<\/p>\n","protected":false},"author":2,"featured_media":0,"comment_status":"closed","ping_status":"open","sticky":false,"template":"","format":"standard","meta":{"footnotes":""},"categories":[5,26],"tags":[],"class_list":["post-38373","post","type-post","status-publish","format-standard","category-cronaca","category-prima-pagina"],"yoast_head":"<!-- This site is optimized with the Yoast SEO plugin v28.4 - https:\/\/yoast.com\/product\/yoast-seo-wordpress\/ -->\n<title>Ritrovata senza vita la donna 46enne di Cencenighe scomparsa ieri sera - Bellunopress - Dolomiti<\/title>\n<meta name=\"robots\" content=\"index, follow, max-snippet:-1, max-image-preview:large, max-video-preview:-1\" \/>\n<link rel=\"canonical\" href=\"https:\/\/www.bellunopress.it\/fr\/2012\/05\/26\/ritrovata-senza-vita-la-donna-46enne-di-cencenighe-scomparsa-ieri-sera\/\" \/>\n<meta property=\"og:locale\" content=\"fr_FR\" \/>\n<meta property=\"og:type\" content=\"article\" \/>\n<meta property=\"og:title\" content=\"Ritrovata senza vita la donna 46enne di Cencenighe scomparsa ieri sera - Bellunopress - Dolomiti\" \/>\n<meta property=\"og:description\" content=\"\u00c8 stata ritrovato questa mattina attorno alle sette il corpo senza vita di una donna di Cencenighe Agordino (BL), la cui scomparsa era stata segnalata dai genitori ieri sera, dopo che, scesa dalla corriera al rientro dal lavoro, non era tornata a casa, distante solo dieci minuti dalla fermata. Scattato l&#8217;allarme, in seguito alle prime, [&hellip;]\" \/>\n<meta property=\"og:url\" content=\"https:\/\/www.bellunopress.it\/fr\/2012\/05\/26\/ritrovata-senza-vita-la-donna-46enne-di-cencenighe-scomparsa-ieri-sera\/\" \/>\n<meta property=\"og:site_name\" content=\"Bellunopress - Dolomiti\" \/>\n<meta property=\"article:publisher\" content=\"https:\/\/www.facebook.com\/profile.php?id=100008943462799\" \/>\n<meta property=\"article:published_time\" content=\"2012-05-26T12:03:39+00:00\" \/>\n<meta property=\"article:modified_time\" content=\"2012-05-26T18:02:33+00:00\" \/>\n<meta property=\"og:image\" content=\"http:\/\/www.bellunopress.it\/wp-content\/uploads\/2012\/05\/vigili-del-fuoco-Saf-Fluviale.jpg\" \/>\n<meta name=\"author\" content=\"redazione\" \/>\n<meta name=\"twitter:card\" content=\"summary_large_image\" \/>\n<meta name=\"twitter:creator\" content=\"@bellunopress\" \/>\n<meta name=\"twitter:site\" content=\"@bellunopress\" \/>\n<meta name=\"twitter:label1\" content=\"\u00c9crit par\" \/>\n\t<meta name=\"twitter:data1\" content=\"redazione\" \/>\n\t<meta name=\"twitter:label2\" content=\"Dur\u00e9e de lecture estim\u00e9e\" \/>\n\t<meta name=\"twitter:data2\" content=\"1 minute\" \/>\n<script type=\"application\/ld+json\" class=\"yoast-schema-graph\">{\"@context\":\"https:\\\/\\\/schema.org\",\"@graph\":[{\"@type\":\"Article\",\"@id\":\"https:\\\/\\\/www.bellunopress.it\\\/2012\\\/05\\\/26\\\/ritrovata-senza-vita-la-donna-46enne-di-cencenighe-scomparsa-ieri-sera\\\/#article\",\"isPartOf\":{\"@id\":\"https:\\\/\\\/www.bellunopress.it\\\/2012\\\/05\\\/26\\\/ritrovata-senza-vita-la-donna-46enne-di-cencenighe-scomparsa-ieri-sera\\\/\"},\"author\":{\"name\":\"redazione\",\"@id\":\"https:\\\/\\\/www.bellunopress.it\\\/#\\\/schema\\\/person\\\/79bb06722b37ece1c03d3e94beb30d73\"},\"headline\":\"Ritrovata senza vita la donna 46enne di Cencenighe scomparsa ieri sera\",\"datePublished\":\"2012-05-26T12:03:39+00:00\",\"dateModified\":\"2012-05-26T18:02:33+00:00\",\"mainEntityOfPage\":{\"@id\":\"https:\\\/\\\/www.bellunopress.it\\\/2012\\\/05\\\/26\\\/ritrovata-senza-vita-la-donna-46enne-di-cencenighe-scomparsa-ieri-sera\\\/\"},\"wordCount\":248,\"publisher\":{\"@id\":\"https:\\\/\\\/www.bellunopress.it\\\/#organization\"},\"image\":{\"@id\":\"https:\\\/\\\/www.bellunopress.it\\\/2012\\\/05\\\/26\\\/ritrovata-senza-vita-la-donna-46enne-di-cencenighe-scomparsa-ieri-sera\\\/#primaryimage\"},\"thumbnailUrl\":\"http:\\\/\\\/www.bellunopress.it\\\/wp-content\\\/uploads\\\/2012\\\/05\\\/vigili-del-fuoco-Saf-Fluviale.jpg\",\"articleSection\":[\"Cronaca\\\/Politica\",\"Prima Pagina\"],\"inLanguage\":\"fr-FR\"},{\"@type\":\"WebPage\",\"@id\":\"https:\\\/\\\/www.bellunopress.it\\\/2012\\\/05\\\/26\\\/ritrovata-senza-vita-la-donna-46enne-di-cencenighe-scomparsa-ieri-sera\\\/\",\"url\":\"https:\\\/\\\/www.bellunopress.it\\\/2012\\\/05\\\/26\\\/ritrovata-senza-vita-la-donna-46enne-di-cencenighe-scomparsa-ieri-sera\\\/\",\"name\":\"Ritrovata senza vita la donna 46enne di Cencenighe scomparsa ieri sera - Bellunopress - Dolomiti\",\"isPartOf\":{\"@id\":\"https:\\\/\\\/www.bellunopress.it\\\/#website\"},\"primaryImageOfPage\":{\"@id\":\"https:\\\/\\\/www.bellunopress.it\\\/2012\\\/05\\\/26\\\/ritrovata-senza-vita-la-donna-46enne-di-cencenighe-scomparsa-ieri-sera\\\/#primaryimage\"},\"image\":{\"@id\":\"https:\\\/\\\/www.bellunopress.it\\\/2012\\\/05\\\/26\\\/ritrovata-senza-vita-la-donna-46enne-di-cencenighe-scomparsa-ieri-sera\\\/#primaryimage\"},\"thumbnailUrl\":\"http:\\\/\\\/www.bellunopress.it\\\/wp-content\\\/uploads\\\/2012\\\/05\\\/vigili-del-fuoco-Saf-Fluviale.jpg\",\"datePublished\":\"2012-05-26T12:03:39+00:00\",\"dateModified\":\"2012-05-26T18:02:33+00:00\",\"breadcrumb\":{\"@id\":\"https:\\\/\\\/www.bellunopress.it\\\/2012\\\/05\\\/26\\\/ritrovata-senza-vita-la-donna-46enne-di-cencenighe-scomparsa-ieri-sera\\\/#breadcrumb\"},\"inLanguage\":\"fr-FR\",\"potentialAction\":[{\"@type\":\"ReadAction\",\"target\":[\"https:\\\/\\\/www.bellunopress.it\\\/2012\\\/05\\\/26\\\/ritrovata-senza-vita-la-donna-46enne-di-cencenighe-scomparsa-ieri-sera\\\/\"]}]},{\"@type\":\"ImageObject\",\"inLanguage\":\"fr-FR\",\"@id\":\"https:\\\/\\\/www.bellunopress.it\\\/2012\\\/05\\\/26\\\/ritrovata-senza-vita-la-donna-46enne-di-cencenighe-scomparsa-ieri-sera\\\/#primaryimage\",\"url\":\"http:\\\/\\\/www.bellunopress.it\\\/wp-content\\\/uploads\\\/2012\\\/05\\\/vigili-del-fuoco-Saf-Fluviale.jpg\",\"contentUrl\":\"http:\\\/\\\/www.bellunopress.it\\\/wp-content\\\/uploads\\\/2012\\\/05\\\/vigili-del-fuoco-Saf-Fluviale.jpg\"},{\"@type\":\"BreadcrumbList\",\"@id\":\"https:\\\/\\\/www.bellunopress.it\\\/2012\\\/05\\\/26\\\/ritrovata-senza-vita-la-donna-46enne-di-cencenighe-scomparsa-ieri-sera\\\/#breadcrumb\",\"itemListElement\":[{\"@type\":\"ListItem\",\"position\":1,\"name\":\"Home\",\"item\":\"https:\\\/\\\/www.bellunopress.it\\\/\"},{\"@type\":\"ListItem\",\"position\":2,\"name\":\"Ritrovata senza vita la donna 46enne di Cencenighe scomparsa ieri sera\"}]},{\"@type\":\"WebSite\",\"@id\":\"https:\\\/\\\/www.bellunopress.it\\\/#website\",\"url\":\"https:\\\/\\\/www.bellunopress.it\\\/\",\"name\":\"Bellunopress - Dolomiti\",\"description\":\"e-mail: redazione@bellunopress.it\",\"publisher\":{\"@id\":\"https:\\\/\\\/www.bellunopress.it\\\/#organization\"},\"potentialAction\":[{\"@type\":\"SearchAction\",\"target\":{\"@type\":\"EntryPoint\",\"urlTemplate\":\"https:\\\/\\\/www.bellunopress.it\\\/?s={search_term_string}\"},\"query-input\":{\"@type\":\"PropertyValueSpecification\",\"valueRequired\":true,\"valueName\":\"search_term_string\"}}],\"inLanguage\":\"fr-FR\"},{\"@type\":\"Organization\",\"@id\":\"https:\\\/\\\/www.bellunopress.it\\\/#organization\",\"name\":\"Bellunopress\",\"url\":\"https:\\\/\\\/www.bellunopress.it\\\/\",\"logo\":{\"@type\":\"ImageObject\",\"inLanguage\":\"fr-FR\",\"@id\":\"https:\\\/\\\/www.bellunopress.it\\\/#\\\/schema\\\/logo\\\/image\\\/\",\"url\":\"https:\\\/\\\/www.bellunopress.it\\\/wp-content\\\/uploads\\\/2011\\\/05\\\/cropped-logo-bellunopress-.jpg\",\"contentUrl\":\"https:\\\/\\\/www.bellunopress.it\\\/wp-content\\\/uploads\\\/2011\\\/05\\\/cropped-logo-bellunopress-.jpg\",\"width\":512,\"height\":512,\"caption\":\"Bellunopress\"},\"image\":{\"@id\":\"https:\\\/\\\/www.bellunopress.it\\\/#\\\/schema\\\/logo\\\/image\\\/\"},\"sameAs\":[\"https:\\\/\\\/www.facebook.com\\\/profile.php?id=100008943462799\",\"https:\\\/\\\/x.com\\\/bellunopress\",\"https:\\\/\\\/www.linkedin.com\\\/hp\\\/?dnr=JBzUWaJfMUw8vbXJJ2tVW5-I3jZKvC4wsoxE&amp;amp;amp;amp;amp;amp;trk=nav_responsive_tab_home\",\"https:\\\/\\\/www.youtube.com\\\/channel\\\/UCxL0wu1uN0_3_7hGG0306cw\"]},{\"@type\":\"Person\",\"@id\":\"https:\\\/\\\/www.bellunopress.it\\\/#\\\/schema\\\/person\\\/79bb06722b37ece1c03d3e94beb30d73\",\"name\":\"redazione\",\"image\":{\"@type\":\"ImageObject\",\"inLanguage\":\"fr-FR\",\"@id\":\"https:\\\/\\\/secure.gravatar.com\\\/avatar\\\/37d968a2e67a6fd04c169c4bdef102d0bc5d31b2546345219e348575eb80e9a0?s=96&d=mm&r=g\",\"url\":\"https:\\\/\\\/secure.gravatar.com\\\/avatar\\\/37d968a2e67a6fd04c169c4bdef102d0bc5d31b2546345219e348575eb80e9a0?s=96&d=mm&r=g\",\"contentUrl\":\"https:\\\/\\\/secure.gravatar.com\\\/avatar\\\/37d968a2e67a6fd04c169c4bdef102d0bc5d31b2546345219e348575eb80e9a0?s=96&d=mm&r=g\",\"caption\":\"redazione\"},\"sameAs\":[\"http:\\\/\\\/www.bellunopress.it\",\"https:\\\/\\\/x.com\\\/bellunopress\"],\"url\":\"https:\\\/\\\/www.bellunopress.it\\\/fr\\\/author\\\/redazione\\\/\"}]}<\/script>\n<!-- \/ Yoast SEO plugin. -->","yoast_head_json":{"title":"Ritrovata senza vita la donna 46enne di Cencenighe scomparsa ieri sera - Bellunopress - Dolomiti","robots":{"index":"index","follow":"follow","max-snippet":"max-snippet:-1","max-image-preview":"max-image-preview:large","max-video-preview":"max-video-preview:-1"},"canonical":"https:\/\/www.bellunopress.it\/fr\/2012\/05\/26\/ritrovata-senza-vita-la-donna-46enne-di-cencenighe-scomparsa-ieri-sera\/","og_locale":"fr_FR","og_type":"article","og_title":"Ritrovata senza vita la donna 46enne di Cencenighe scomparsa ieri sera - Bellunopress - Dolomiti","og_description":"\u00c8 stata ritrovato questa mattina attorno alle sette il corpo senza vita di una donna di Cencenighe Agordino (BL), la cui scomparsa era stata segnalata dai genitori ieri sera, dopo che, scesa dalla corriera al rientro dal lavoro, non era tornata a casa, distante solo dieci minuti dalla fermata. Scattato l&#8217;allarme, in seguito alle prime, [&hellip;]","og_url":"https:\/\/www.bellunopress.it\/fr\/2012\/05\/26\/ritrovata-senza-vita-la-donna-46enne-di-cencenighe-scomparsa-ieri-sera\/","og_site_name":"Bellunopress - Dolomiti","article_publisher":"https:\/\/www.facebook.com\/profile.php?id=100008943462799","article_published_time":"2012-05-26T12:03:39+00:00","article_modified_time":"2012-05-26T18:02:33+00:00","og_image":[{"url":"http:\/\/www.bellunopress.it\/wp-content\/uploads\/2012\/05\/vigili-del-fuoco-Saf-Fluviale.jpg","type":"","width":"","height":""}],"author":"redazione","twitter_card":"summary_large_image","twitter_creator":"@bellunopress","twitter_site":"@bellunopress","twitter_misc":{"\u00c9crit par":"redazione","Dur\u00e9e de lecture estim\u00e9e":"1 minute"},"schema":{"@context":"https:\/\/schema.org","@graph":[{"@type":"Article","@id":"https:\/\/www.bellunopress.it\/2012\/05\/26\/ritrovata-senza-vita-la-donna-46enne-di-cencenighe-scomparsa-ieri-sera\/#article","isPartOf":{"@id":"https:\/\/www.bellunopress.it\/2012\/05\/26\/ritrovata-senza-vita-la-donna-46enne-di-cencenighe-scomparsa-ieri-sera\/"},"author":{"name":"redazione","@id":"https:\/\/www.bellunopress.it\/#\/schema\/person\/79bb06722b37ece1c03d3e94beb30d73"},"headline":"Ritrovata senza vita la donna 46enne di Cencenighe scomparsa ieri sera","datePublished":"2012-05-26T12:03:39+00:00","dateModified":"2012-05-26T18:02:33+00:00","mainEntityOfPage":{"@id":"https:\/\/www.bellunopress.it\/2012\/05\/26\/ritrovata-senza-vita-la-donna-46enne-di-cencenighe-scomparsa-ieri-sera\/"},"wordCount":248,"publisher":{"@id":"https:\/\/www.bellunopress.it\/#organization"},"image":{"@id":"https:\/\/www.bellunopress.it\/2012\/05\/26\/ritrovata-senza-vita-la-donna-46enne-di-cencenighe-scomparsa-ieri-sera\/#primaryimage"},"thumbnailUrl":"http:\/\/www.bellunopress.it\/wp-content\/uploads\/2012\/05\/vigili-del-fuoco-Saf-Fluviale.jpg","articleSection":["Cronaca\/Politica","Prima Pagina"],"inLanguage":"fr-FR"},{"@type":"WebPage","@id":"https:\/\/www.bellunopress.it\/2012\/05\/26\/ritrovata-senza-vita-la-donna-46enne-di-cencenighe-scomparsa-ieri-sera\/","url":"https:\/\/www.bellunopress.it\/2012\/05\/26\/ritrovata-senza-vita-la-donna-46enne-di-cencenighe-scomparsa-ieri-sera\/","name":"Ritrovata senza vita la donna 46enne di Cencenighe scomparsa ieri sera - Bellunopress - Dolomiti","isPartOf":{"@id":"https:\/\/www.bellunopress.it\/#website"},"primaryImageOfPage":{"@id":"https:\/\/www.bellunopress.it\/2012\/05\/26\/ritrovata-senza-vita-la-donna-46enne-di-cencenighe-scomparsa-ieri-sera\/#primaryimage"},"image":{"@id":"https:\/\/www.bellunopress.it\/2012\/05\/26\/ritrovata-senza-vita-la-donna-46enne-di-cencenighe-scomparsa-ieri-sera\/#primaryimage"},"thumbnailUrl":"http:\/\/www.bellunopress.it\/wp-content\/uploads\/2012\/05\/vigili-del-fuoco-Saf-Fluviale.jpg","datePublished":"2012-05-26T12:03:39+00:00","dateModified":"2012-05-26T18:02:33+00:00","breadcrumb":{"@id":"https:\/\/www.bellunopress.it\/2012\/05\/26\/ritrovata-senza-vita-la-donna-46enne-di-cencenighe-scomparsa-ieri-sera\/#breadcrumb"},"inLanguage":"fr-FR","potentialAction":[{"@type":"ReadAction","target":["https:\/\/www.bellunopress.it\/2012\/05\/26\/ritrovata-senza-vita-la-donna-46enne-di-cencenighe-scomparsa-ieri-sera\/"]}]},{"@type":"ImageObject","inLanguage":"fr-FR","@id":"https:\/\/www.bellunopress.it\/2012\/05\/26\/ritrovata-senza-vita-la-donna-46enne-di-cencenighe-scomparsa-ieri-sera\/#primaryimage","url":"http:\/\/www.bellunopress.it\/wp-content\/uploads\/2012\/05\/vigili-del-fuoco-Saf-Fluviale.jpg","contentUrl":"http:\/\/www.bellunopress.it\/wp-content\/uploads\/2012\/05\/vigili-del-fuoco-Saf-Fluviale.jpg"},{"@type":"BreadcrumbList","@id":"https:\/\/www.bellunopress.it\/2012\/05\/26\/ritrovata-senza-vita-la-donna-46enne-di-cencenighe-scomparsa-ieri-sera\/#breadcrumb","itemListElement":[{"@type":"ListItem","position":1,"name":"Home","item":"https:\/\/www.bellunopress.it\/"},{"@type":"ListItem","position":2,"name":"Ritrovata senza vita la donna 46enne di Cencenighe scomparsa ieri sera"}]},{"@type":"WebSite","@id":"https:\/\/www.bellunopress.it\/#website","url":"https:\/\/www.bellunopress.it\/","name":"Bellunopress - Dolomiti","description":"e-mail: redazione@bellunopress.it","publisher":{"@id":"https:\/\/www.bellunopress.it\/#organization"},"potentialAction":[{"@type":"SearchAction","target":{"@type":"EntryPoint","urlTemplate":"https:\/\/www.bellunopress.it\/?s={search_term_string}"},"query-input":{"@type":"PropertyValueSpecification","valueRequired":true,"valueName":"search_term_string"}}],"inLanguage":"fr-FR"},{"@type":"Organization","@id":"https:\/\/www.bellunopress.it\/#organization","name":"Bellunopress","url":"https:\/\/www.bellunopress.it\/","logo":{"@type":"ImageObject","inLanguage":"fr-FR","@id":"https:\/\/www.bellunopress.it\/#\/schema\/logo\/image\/","url":"https:\/\/www.bellunopress.it\/wp-content\/uploads\/2011\/05\/cropped-logo-bellunopress-.jpg","contentUrl":"https:\/\/www.bellunopress.it\/wp-content\/uploads\/2011\/05\/cropped-logo-bellunopress-.jpg","width":512,"height":512,"caption":"Bellunopress"},"image":{"@id":"https:\/\/www.bellunopress.it\/#\/schema\/logo\/image\/"},"sameAs":["https:\/\/www.facebook.com\/profile.php?id=100008943462799","https:\/\/x.com\/bellunopress","https:\/\/www.linkedin.com\/hp\/?dnr=JBzUWaJfMUw8vbXJJ2tVW5-I3jZKvC4wsoxE&amp;amp;amp;amp;amp;amp;trk=nav_responsive_tab_home","https:\/\/www.youtube.com\/channel\/UCxL0wu1uN0_3_7hGG0306cw"]},{"@type":"Person","@id":"https:\/\/www.bellunopress.it\/#\/schema\/person\/79bb06722b37ece1c03d3e94beb30d73","name":"r\u00e9daction","image":{"@type":"ImageObject","inLanguage":"fr-FR","@id":"https:\/\/secure.gravatar.com\/avatar\/37d968a2e67a6fd04c169c4bdef102d0bc5d31b2546345219e348575eb80e9a0?s=96&d=mm&r=g","url":"https:\/\/secure.gravatar.com\/avatar\/37d968a2e67a6fd04c169c4bdef102d0bc5d31b2546345219e348575eb80e9a0?s=96&d=mm&r=g","contentUrl":"https:\/\/secure.gravatar.com\/avatar\/37d968a2e67a6fd04c169c4bdef102d0bc5d31b2546345219e348575eb80e9a0?s=96&d=mm&r=g","caption":"redazione"},"sameAs":["http:\/\/www.bellunopress.it","https:\/\/x.com\/bellunopress"],"url":"https:\/\/www.bellunopress.it\/fr\/author\/redazione\/"}]}},"_links":{"self":[{"href":"https:\/\/www.bellunopress.it\/fr\/wp-json\/wp\/v2\/posts\/38373","targetHints":{"allow":["GET"]}}],"collection":[{"href":"https:\/\/www.bellunopress.it\/fr\/wp-json\/wp\/v2\/posts"}],"about":[{"href":"https:\/\/www.bellunopress.it\/fr\/wp-json\/wp\/v2\/types\/post"}],"author":[{"embeddable":true,"href":"https:\/\/www.bellunopress.it\/fr\/wp-json\/wp\/v2\/users\/2"}],"replies":[{"embeddable":true,"href":"https:\/\/www.bellunopress.it\/fr\/wp-json\/wp\/v2\/comments?post=38373"}],"version-history":[{"count":2,"href":"https:\/\/www.bellunopress.it\/fr\/wp-json\/wp\/v2\/posts\/38373\/revisions"}],"predecessor-version":[{"id":38385,"href":"https:\/\/www.bellunopress.it\/fr\/wp-json\/wp\/v2\/posts\/38373\/revisions\/38385"}],"wp:attachment":[{"href":"https:\/\/www.bellunopress.it\/fr\/wp-json\/wp\/v2\/media?parent=38373"}],"wp:term":[{"taxonomy":"category","embeddable":true,"href":"https:\/\/www.bellunopress.it\/fr\/wp-json\/wp\/v2\/categories?post=38373"},{"taxonomy":"post_tag","embeddable":true,"href":"https:\/\/www.bellunopress.it\/fr\/wp-json\/wp\/v2\/tags?post=38373"}],"curies":[{"name":"wp","href":"https:\/\/api.w.org\/{rel}","templated":true}]}}