{"id":38359,"date":"2012-05-26T06:37:40","date_gmt":"2012-05-26T05:37:40","guid":{"rendered":"http:\/\/www.bellunopress.it\/?p=38359"},"modified":"2012-05-26T06:38:12","modified_gmt":"2012-05-26T05:38:12","slug":"progetto-indipendente-premiati-i-migliori-lavori-sul-tema-delle-dipendenze-creati-dalle-scuole-bellunesi","status":"publish","type":"post","link":"https:\/\/www.bellunopress.it\/fr\/2012\/05\/26\/progetto-indipendente-premiati-i-migliori-lavori-sul-tema-delle-dipendenze-creati-dalle-scuole-bellunesi\/","title":{"rendered":"Progetto \u201cIndipendente\u201d: premiati i migliori lavori sul tema delle dipendenze creati dalle scuole bellunesi"},"content":{"rendered":"<p><a href=\"http:\/\/www.bellunopress.it\/wp-content\/uploads\/2012\/05\/premiazione-progetto-indipendente.jpg\"><img loading=\"lazy\" decoding=\"async\" class=\"alignleft size-full wp-image-38360\" title=\"premiazione  progetto indipendente\" src=\"http:\/\/www.bellunopress.it\/wp-content\/uploads\/2012\/05\/premiazione-progetto-indipendente.jpg\" alt=\"\" width=\"290\" height=\"193\" \/><\/a>Si \u00e8 svolta sabato scorso 19 maggio al Teatro Comunale di Belluno la cerimonia conclusiva del progetto \u201cIndipendente\u201d promosso dai Rotary Club di Belluno, Feltre e Cortina-Cadore in collaborazione con le Ulss 1 e 2 di Belluno e Feltre, con Ufficio scolastico territoriale, Comitato d&#8217;Intesa, Gruppo teatrale \u201cI nasi pronunciati\u201d, Gruppo Inquadrati del Csv di Belluno, Inner Wheel e Rotaract, con il patrocinio delle Conferenze dei Sindaci Ulss 1 e 2 e Comune di Belluno e il sostegno del Consorzio Bim Piave e un pool di sponsor privati.<\/p>\n<p>Il progetto, coordinato da Milena Maia, incentrato sulla sensibilizzazione e informazione dei giovani sulle tematiche legate alle dipendenze, con particolare riguardo al consumo di alcool, ha visto la partecipazione di 13 scuole primarie di primo grado, 22 classi per un totale di pi\u00f9 di 450 alunni. Un progetto incentrato in tre fasi: informazione scientifica partecipata, approccio teatrale e l&#8217;approccio visivo attraverso la realizzazione del \u201cVideatro\u201d. La prima edizione del progetto, di valenza triennale, incentrata sulla produzione di spot per sensibilizzare in primo luogo gli stessi giovani e di conseguenza portare un messaggio agli adulti, si \u00e8 chiusa sabato 19 maggio alla presenza tra gli altri del Prefetto di Belluno Maria Laura Simonetti con la visione di tutti i prodotti realizzati grazie al coordinamento e il montaggio curati dal regista e responsabile di \u201cInquadrati\u201d Roberto Bristot e la premiazione di quelli considerati pi\u00f9 significativi da un&#8217;apposita giuria presieduta da Rosy Tes\u00e8, artista ed esperta del settore animazione e formata da Valeria Genny, Tiziana Bolognani, Franco de Poli, Giorgia Segato, Davide Fent (Rorary feltre) Olga Riva Piller Cottrer (Cadore) Riccardo Zaccone (Rotary Belluno), Stefano Savaris (Bim Piave), e gli studenti Giovanni Antona (Cadore), Alessandro Zannin (Feltrino) e Nico Zulian (Belluno). Alla giuria ha partecipato anche il comitato di Pilotaggio del progetto.<\/p>\n<p>Le scuole premiate sono rappresentative di tutto il territorio bellunese.<\/p>\n<p>&#8211; Premio per il miglior \u201cVideatro\u201d per \u201cUn pesce fuor d\u2019acqua\u201d realizzato dalla classe 2^D della Scuola Ricci di Belluno.<\/p>\n<p>&#8211; Premio Originalit\u00e0 a \u201c I Prosecchi Sposi\u201d della classe 1^A di San Vito di Cadore.<\/p>\n<p>&#8211; Premio Interpretazione della classe a \u201c\u2026Goodbye!\u201d (non ti voglio pi\u00f9 bere) della classe 3^C di Mel.<\/p>\n<p>&#8211; Premio miglior scenografia \u201cC.C.S.I. il colpevole\u201d della classe 2^ di Feltre.<\/p>\n<p>&#8211; Premio speciale della Giuria (miglior slogan-messaggio) \u201dNon buttarti via\u201d della classe 2^B di Canale d\u2019Agordo.<\/p>\n<p>&#8211; Premio menzione speciale della giuria, Impegno, ambientazione e partecipazione a \u201cRosso di sera\u201d della classe 2^A di Lozzo di Cadore.<\/p>\n<p>&#8211; Premio Comitato di Pilotaggio per i valori aggiunti portati al progetto per la Scuola Secondaria di<\/p>\n<p>primo grado \u201cP.F Calvi\u201d di S. Vito di Cadore, classi 1B e 2B.<\/p>\n<p>Il progetto \u201cIndipendente\u201d continua con l&#8217;attivit\u00e0 di valutazione dell&#8217;attivit\u00e0 svolta all&#8217;interno delle classi, che permetter\u00e0 di organizzare al meglio le prossime edizioni.<\/p>","protected":false},"excerpt":{"rendered":"<p>Si \u00e8 svolta sabato scorso 19 maggio al Teatro Comunale di Belluno la cerimonia conclusiva del progetto \u201cIndipendente\u201d promosso dai Rotary Club di Belluno, Feltre e Cortina-Cadore in collaborazione con le Ulss 1 e 2 di Belluno e Feltre, con Ufficio scolastico territoriale, Comitato d&#8217;Intesa, Gruppo teatrale \u201cI nasi pronunciati\u201d, Gruppo Inquadrati del Csv di [&hellip;]<\/p>\n","protected":false},"author":2,"featured_media":0,"comment_status":"closed","ping_status":"open","sticky":false,"template":"","format":"standard","meta":{"footnotes":""},"categories":[26,8],"tags":[],"class_list":["post-38359","post","type-post","status-publish","format-standard","category-prima-pagina","category-societa-istituzioni"],"yoast_head":"<!-- This site is optimized with the Yoast SEO plugin v28.4 - https:\/\/yoast.com\/product\/yoast-seo-wordpress\/ -->\n<title>Progetto \u201cIndipendente\u201d: premiati i migliori lavori sul tema delle dipendenze creati dalle scuole bellunesi - Bellunopress - Dolomiti<\/title>\n<meta name=\"robots\" content=\"index, follow, max-snippet:-1, max-image-preview:large, max-video-preview:-1\" \/>\n<link rel=\"canonical\" href=\"https:\/\/www.bellunopress.it\/fr\/2012\/05\/26\/progetto-indipendente-premiati-i-migliori-lavori-sul-tema-delle-dipendenze-creati-dalle-scuole-bellunesi\/\" \/>\n<meta property=\"og:locale\" content=\"fr_FR\" \/>\n<meta property=\"og:type\" content=\"article\" \/>\n<meta property=\"og:title\" content=\"Progetto \u201cIndipendente\u201d: premiati i migliori lavori sul tema delle dipendenze creati dalle scuole bellunesi - Bellunopress - Dolomiti\" \/>\n<meta property=\"og:description\" content=\"Si \u00e8 svolta sabato scorso 19 maggio al Teatro Comunale di Belluno la cerimonia conclusiva del progetto \u201cIndipendente\u201d promosso dai Rotary Club di Belluno, Feltre e Cortina-Cadore in collaborazione con le Ulss 1 e 2 di Belluno e Feltre, con Ufficio scolastico territoriale, Comitato d&#8217;Intesa, Gruppo teatrale \u201cI nasi pronunciati\u201d, Gruppo Inquadrati del Csv di [&hellip;]\" \/>\n<meta property=\"og:url\" content=\"https:\/\/www.bellunopress.it\/fr\/2012\/05\/26\/progetto-indipendente-premiati-i-migliori-lavori-sul-tema-delle-dipendenze-creati-dalle-scuole-bellunesi\/\" \/>\n<meta property=\"og:site_name\" content=\"Bellunopress - Dolomiti\" \/>\n<meta property=\"article:publisher\" content=\"https:\/\/www.facebook.com\/profile.php?id=100008943462799\" \/>\n<meta property=\"article:published_time\" content=\"2012-05-26T05:37:40+00:00\" \/>\n<meta property=\"article:modified_time\" content=\"2012-05-26T05:38:12+00:00\" \/>\n<meta property=\"og:image\" content=\"http:\/\/www.bellunopress.it\/wp-content\/uploads\/2012\/05\/premiazione-progetto-indipendente.jpg\" \/>\n<meta name=\"author\" content=\"redazione\" \/>\n<meta name=\"twitter:card\" content=\"summary_large_image\" \/>\n<meta name=\"twitter:creator\" content=\"@bellunopress\" \/>\n<meta name=\"twitter:site\" content=\"@bellunopress\" \/>\n<meta name=\"twitter:label1\" content=\"\u00c9crit par\" \/>\n\t<meta name=\"twitter:data1\" content=\"redazione\" \/>\n\t<meta name=\"twitter:label2\" content=\"Dur\u00e9e de lecture estim\u00e9e\" \/>\n\t<meta name=\"twitter:data2\" content=\"2 minutes\" \/>\n<script type=\"application\/ld+json\" class=\"yoast-schema-graph\">{\"@context\":\"https:\\\/\\\/schema.org\",\"@graph\":[{\"@type\":\"Article\",\"@id\":\"https:\\\/\\\/www.bellunopress.it\\\/2012\\\/05\\\/26\\\/progetto-indipendente-premiati-i-migliori-lavori-sul-tema-delle-dipendenze-creati-dalle-scuole-bellunesi\\\/#article\",\"isPartOf\":{\"@id\":\"https:\\\/\\\/www.bellunopress.it\\\/2012\\\/05\\\/26\\\/progetto-indipendente-premiati-i-migliori-lavori-sul-tema-delle-dipendenze-creati-dalle-scuole-bellunesi\\\/\"},\"author\":{\"name\":\"redazione\",\"@id\":\"https:\\\/\\\/www.bellunopress.it\\\/#\\\/schema\\\/person\\\/79bb06722b37ece1c03d3e94beb30d73\"},\"headline\":\"Progetto \u201cIndipendente\u201d: premiati i migliori lavori sul tema delle dipendenze creati dalle scuole bellunesi\",\"datePublished\":\"2012-05-26T05:37:40+00:00\",\"dateModified\":\"2012-05-26T05:38:12+00:00\",\"mainEntityOfPage\":{\"@id\":\"https:\\\/\\\/www.bellunopress.it\\\/2012\\\/05\\\/26\\\/progetto-indipendente-premiati-i-migliori-lavori-sul-tema-delle-dipendenze-creati-dalle-scuole-bellunesi\\\/\"},\"wordCount\":474,\"publisher\":{\"@id\":\"https:\\\/\\\/www.bellunopress.it\\\/#organization\"},\"image\":{\"@id\":\"https:\\\/\\\/www.bellunopress.it\\\/2012\\\/05\\\/26\\\/progetto-indipendente-premiati-i-migliori-lavori-sul-tema-delle-dipendenze-creati-dalle-scuole-bellunesi\\\/#primaryimage\"},\"thumbnailUrl\":\"http:\\\/\\\/www.bellunopress.it\\\/wp-content\\\/uploads\\\/2012\\\/05\\\/premiazione-progetto-indipendente.jpg\",\"articleSection\":[\"Prima Pagina\",\"Societ\u00e0, Associazioni, Istituzioni\"],\"inLanguage\":\"fr-FR\"},{\"@type\":\"WebPage\",\"@id\":\"https:\\\/\\\/www.bellunopress.it\\\/2012\\\/05\\\/26\\\/progetto-indipendente-premiati-i-migliori-lavori-sul-tema-delle-dipendenze-creati-dalle-scuole-bellunesi\\\/\",\"url\":\"https:\\\/\\\/www.bellunopress.it\\\/2012\\\/05\\\/26\\\/progetto-indipendente-premiati-i-migliori-lavori-sul-tema-delle-dipendenze-creati-dalle-scuole-bellunesi\\\/\",\"name\":\"Progetto \u201cIndipendente\u201d: premiati i migliori lavori sul tema delle dipendenze creati dalle scuole bellunesi - Bellunopress - Dolomiti\",\"isPartOf\":{\"@id\":\"https:\\\/\\\/www.bellunopress.it\\\/#website\"},\"primaryImageOfPage\":{\"@id\":\"https:\\\/\\\/www.bellunopress.it\\\/2012\\\/05\\\/26\\\/progetto-indipendente-premiati-i-migliori-lavori-sul-tema-delle-dipendenze-creati-dalle-scuole-bellunesi\\\/#primaryimage\"},\"image\":{\"@id\":\"https:\\\/\\\/www.bellunopress.it\\\/2012\\\/05\\\/26\\\/progetto-indipendente-premiati-i-migliori-lavori-sul-tema-delle-dipendenze-creati-dalle-scuole-bellunesi\\\/#primaryimage\"},\"thumbnailUrl\":\"http:\\\/\\\/www.bellunopress.it\\\/wp-content\\\/uploads\\\/2012\\\/05\\\/premiazione-progetto-indipendente.jpg\",\"datePublished\":\"2012-05-26T05:37:40+00:00\",\"dateModified\":\"2012-05-26T05:38:12+00:00\",\"breadcrumb\":{\"@id\":\"https:\\\/\\\/www.bellunopress.it\\\/2012\\\/05\\\/26\\\/progetto-indipendente-premiati-i-migliori-lavori-sul-tema-delle-dipendenze-creati-dalle-scuole-bellunesi\\\/#breadcrumb\"},\"inLanguage\":\"fr-FR\",\"potentialAction\":[{\"@type\":\"ReadAction\",\"target\":[\"https:\\\/\\\/www.bellunopress.it\\\/2012\\\/05\\\/26\\\/progetto-indipendente-premiati-i-migliori-lavori-sul-tema-delle-dipendenze-creati-dalle-scuole-bellunesi\\\/\"]}]},{\"@type\":\"ImageObject\",\"inLanguage\":\"fr-FR\",\"@id\":\"https:\\\/\\\/www.bellunopress.it\\\/2012\\\/05\\\/26\\\/progetto-indipendente-premiati-i-migliori-lavori-sul-tema-delle-dipendenze-creati-dalle-scuole-bellunesi\\\/#primaryimage\",\"url\":\"http:\\\/\\\/www.bellunopress.it\\\/wp-content\\\/uploads\\\/2012\\\/05\\\/premiazione-progetto-indipendente.jpg\",\"contentUrl\":\"http:\\\/\\\/www.bellunopress.it\\\/wp-content\\\/uploads\\\/2012\\\/05\\\/premiazione-progetto-indipendente.jpg\"},{\"@type\":\"BreadcrumbList\",\"@id\":\"https:\\\/\\\/www.bellunopress.it\\\/2012\\\/05\\\/26\\\/progetto-indipendente-premiati-i-migliori-lavori-sul-tema-delle-dipendenze-creati-dalle-scuole-bellunesi\\\/#breadcrumb\",\"itemListElement\":[{\"@type\":\"ListItem\",\"position\":1,\"name\":\"Home\",\"item\":\"https:\\\/\\\/www.bellunopress.it\\\/\"},{\"@type\":\"ListItem\",\"position\":2,\"name\":\"Progetto \u201cIndipendente\u201d: premiati i migliori lavori sul tema delle dipendenze creati dalle scuole bellunesi\"}]},{\"@type\":\"WebSite\",\"@id\":\"https:\\\/\\\/www.bellunopress.it\\\/#website\",\"url\":\"https:\\\/\\\/www.bellunopress.it\\\/\",\"name\":\"Bellunopress - Dolomiti\",\"description\":\"e-mail: redazione@bellunopress.it\",\"publisher\":{\"@id\":\"https:\\\/\\\/www.bellunopress.it\\\/#organization\"},\"potentialAction\":[{\"@type\":\"SearchAction\",\"target\":{\"@type\":\"EntryPoint\",\"urlTemplate\":\"https:\\\/\\\/www.bellunopress.it\\\/?s={search_term_string}\"},\"query-input\":{\"@type\":\"PropertyValueSpecification\",\"valueRequired\":true,\"valueName\":\"search_term_string\"}}],\"inLanguage\":\"fr-FR\"},{\"@type\":\"Organization\",\"@id\":\"https:\\\/\\\/www.bellunopress.it\\\/#organization\",\"name\":\"Bellunopress\",\"url\":\"https:\\\/\\\/www.bellunopress.it\\\/\",\"logo\":{\"@type\":\"ImageObject\",\"inLanguage\":\"fr-FR\",\"@id\":\"https:\\\/\\\/www.bellunopress.it\\\/#\\\/schema\\\/logo\\\/image\\\/\",\"url\":\"https:\\\/\\\/www.bellunopress.it\\\/wp-content\\\/uploads\\\/2011\\\/05\\\/cropped-logo-bellunopress-.jpg\",\"contentUrl\":\"https:\\\/\\\/www.bellunopress.it\\\/wp-content\\\/uploads\\\/2011\\\/05\\\/cropped-logo-bellunopress-.jpg\",\"width\":512,\"height\":512,\"caption\":\"Bellunopress\"},\"image\":{\"@id\":\"https:\\\/\\\/www.bellunopress.it\\\/#\\\/schema\\\/logo\\\/image\\\/\"},\"sameAs\":[\"https:\\\/\\\/www.facebook.com\\\/profile.php?id=100008943462799\",\"https:\\\/\\\/x.com\\\/bellunopress\",\"https:\\\/\\\/www.linkedin.com\\\/hp\\\/?dnr=JBzUWaJfMUw8vbXJJ2tVW5-I3jZKvC4wsoxE&amp;amp;amp;amp;amp;amp;trk=nav_responsive_tab_home\",\"https:\\\/\\\/www.youtube.com\\\/channel\\\/UCxL0wu1uN0_3_7hGG0306cw\"]},{\"@type\":\"Person\",\"@id\":\"https:\\\/\\\/www.bellunopress.it\\\/#\\\/schema\\\/person\\\/79bb06722b37ece1c03d3e94beb30d73\",\"name\":\"redazione\",\"image\":{\"@type\":\"ImageObject\",\"inLanguage\":\"fr-FR\",\"@id\":\"https:\\\/\\\/secure.gravatar.com\\\/avatar\\\/37d968a2e67a6fd04c169c4bdef102d0bc5d31b2546345219e348575eb80e9a0?s=96&d=mm&r=g\",\"url\":\"https:\\\/\\\/secure.gravatar.com\\\/avatar\\\/37d968a2e67a6fd04c169c4bdef102d0bc5d31b2546345219e348575eb80e9a0?s=96&d=mm&r=g\",\"contentUrl\":\"https:\\\/\\\/secure.gravatar.com\\\/avatar\\\/37d968a2e67a6fd04c169c4bdef102d0bc5d31b2546345219e348575eb80e9a0?s=96&d=mm&r=g\",\"caption\":\"redazione\"},\"sameAs\":[\"http:\\\/\\\/www.bellunopress.it\",\"https:\\\/\\\/x.com\\\/bellunopress\"],\"url\":\"https:\\\/\\\/www.bellunopress.it\\\/fr\\\/author\\\/redazione\\\/\"}]}<\/script>\n<!-- \/ Yoast SEO plugin. -->","yoast_head_json":{"title":"Progetto \u201cIndipendente\u201d: premiati i migliori lavori sul tema delle dipendenze creati dalle scuole bellunesi - Bellunopress - Dolomiti","robots":{"index":"index","follow":"follow","max-snippet":"max-snippet:-1","max-image-preview":"max-image-preview:large","max-video-preview":"max-video-preview:-1"},"canonical":"https:\/\/www.bellunopress.it\/fr\/2012\/05\/26\/progetto-indipendente-premiati-i-migliori-lavori-sul-tema-delle-dipendenze-creati-dalle-scuole-bellunesi\/","og_locale":"fr_FR","og_type":"article","og_title":"Progetto \u201cIndipendente\u201d: premiati i migliori lavori sul tema delle dipendenze creati dalle scuole bellunesi - Bellunopress - Dolomiti","og_description":"Si \u00e8 svolta sabato scorso 19 maggio al Teatro Comunale di Belluno la cerimonia conclusiva del progetto \u201cIndipendente\u201d promosso dai Rotary Club di Belluno, Feltre e Cortina-Cadore in collaborazione con le Ulss 1 e 2 di Belluno e Feltre, con Ufficio scolastico territoriale, Comitato d&#8217;Intesa, Gruppo teatrale \u201cI nasi pronunciati\u201d, Gruppo Inquadrati del Csv di [&hellip;]","og_url":"https:\/\/www.bellunopress.it\/fr\/2012\/05\/26\/progetto-indipendente-premiati-i-migliori-lavori-sul-tema-delle-dipendenze-creati-dalle-scuole-bellunesi\/","og_site_name":"Bellunopress - Dolomiti","article_publisher":"https:\/\/www.facebook.com\/profile.php?id=100008943462799","article_published_time":"2012-05-26T05:37:40+00:00","article_modified_time":"2012-05-26T05:38:12+00:00","og_image":[{"url":"http:\/\/www.bellunopress.it\/wp-content\/uploads\/2012\/05\/premiazione-progetto-indipendente.jpg","type":"","width":"","height":""}],"author":"redazione","twitter_card":"summary_large_image","twitter_creator":"@bellunopress","twitter_site":"@bellunopress","twitter_misc":{"\u00c9crit par":"redazione","Dur\u00e9e de lecture estim\u00e9e":"2 minutes"},"schema":{"@context":"https:\/\/schema.org","@graph":[{"@type":"Article","@id":"https:\/\/www.bellunopress.it\/2012\/05\/26\/progetto-indipendente-premiati-i-migliori-lavori-sul-tema-delle-dipendenze-creati-dalle-scuole-bellunesi\/#article","isPartOf":{"@id":"https:\/\/www.bellunopress.it\/2012\/05\/26\/progetto-indipendente-premiati-i-migliori-lavori-sul-tema-delle-dipendenze-creati-dalle-scuole-bellunesi\/"},"author":{"name":"redazione","@id":"https:\/\/www.bellunopress.it\/#\/schema\/person\/79bb06722b37ece1c03d3e94beb30d73"},"headline":"Progetto \u201cIndipendente\u201d: premiati i migliori lavori sul tema delle dipendenze creati dalle scuole bellunesi","datePublished":"2012-05-26T05:37:40+00:00","dateModified":"2012-05-26T05:38:12+00:00","mainEntityOfPage":{"@id":"https:\/\/www.bellunopress.it\/2012\/05\/26\/progetto-indipendente-premiati-i-migliori-lavori-sul-tema-delle-dipendenze-creati-dalle-scuole-bellunesi\/"},"wordCount":474,"publisher":{"@id":"https:\/\/www.bellunopress.it\/#organization"},"image":{"@id":"https:\/\/www.bellunopress.it\/2012\/05\/26\/progetto-indipendente-premiati-i-migliori-lavori-sul-tema-delle-dipendenze-creati-dalle-scuole-bellunesi\/#primaryimage"},"thumbnailUrl":"http:\/\/www.bellunopress.it\/wp-content\/uploads\/2012\/05\/premiazione-progetto-indipendente.jpg","articleSection":["Prima Pagina","Societ\u00e0, Associazioni, Istituzioni"],"inLanguage":"fr-FR"},{"@type":"WebPage","@id":"https:\/\/www.bellunopress.it\/2012\/05\/26\/progetto-indipendente-premiati-i-migliori-lavori-sul-tema-delle-dipendenze-creati-dalle-scuole-bellunesi\/","url":"https:\/\/www.bellunopress.it\/2012\/05\/26\/progetto-indipendente-premiati-i-migliori-lavori-sul-tema-delle-dipendenze-creati-dalle-scuole-bellunesi\/","name":"Progetto \u201cIndipendente\u201d: premiati i migliori lavori sul tema delle dipendenze creati dalle scuole bellunesi - Bellunopress - Dolomiti","isPartOf":{"@id":"https:\/\/www.bellunopress.it\/#website"},"primaryImageOfPage":{"@id":"https:\/\/www.bellunopress.it\/2012\/05\/26\/progetto-indipendente-premiati-i-migliori-lavori-sul-tema-delle-dipendenze-creati-dalle-scuole-bellunesi\/#primaryimage"},"image":{"@id":"https:\/\/www.bellunopress.it\/2012\/05\/26\/progetto-indipendente-premiati-i-migliori-lavori-sul-tema-delle-dipendenze-creati-dalle-scuole-bellunesi\/#primaryimage"},"thumbnailUrl":"http:\/\/www.bellunopress.it\/wp-content\/uploads\/2012\/05\/premiazione-progetto-indipendente.jpg","datePublished":"2012-05-26T05:37:40+00:00","dateModified":"2012-05-26T05:38:12+00:00","breadcrumb":{"@id":"https:\/\/www.bellunopress.it\/2012\/05\/26\/progetto-indipendente-premiati-i-migliori-lavori-sul-tema-delle-dipendenze-creati-dalle-scuole-bellunesi\/#breadcrumb"},"inLanguage":"fr-FR","potentialAction":[{"@type":"ReadAction","target":["https:\/\/www.bellunopress.it\/2012\/05\/26\/progetto-indipendente-premiati-i-migliori-lavori-sul-tema-delle-dipendenze-creati-dalle-scuole-bellunesi\/"]}]},{"@type":"ImageObject","inLanguage":"fr-FR","@id":"https:\/\/www.bellunopress.it\/2012\/05\/26\/progetto-indipendente-premiati-i-migliori-lavori-sul-tema-delle-dipendenze-creati-dalle-scuole-bellunesi\/#primaryimage","url":"http:\/\/www.bellunopress.it\/wp-content\/uploads\/2012\/05\/premiazione-progetto-indipendente.jpg","contentUrl":"http:\/\/www.bellunopress.it\/wp-content\/uploads\/2012\/05\/premiazione-progetto-indipendente.jpg"},{"@type":"BreadcrumbList","@id":"https:\/\/www.bellunopress.it\/2012\/05\/26\/progetto-indipendente-premiati-i-migliori-lavori-sul-tema-delle-dipendenze-creati-dalle-scuole-bellunesi\/#breadcrumb","itemListElement":[{"@type":"ListItem","position":1,"name":"Home","item":"https:\/\/www.bellunopress.it\/"},{"@type":"ListItem","position":2,"name":"Progetto \u201cIndipendente\u201d: premiati i migliori lavori sul tema delle dipendenze creati dalle scuole bellunesi"}]},{"@type":"WebSite","@id":"https:\/\/www.bellunopress.it\/#website","url":"https:\/\/www.bellunopress.it\/","name":"Bellunopress - Dolomiti","description":"e-mail: redazione@bellunopress.it","publisher":{"@id":"https:\/\/www.bellunopress.it\/#organization"},"potentialAction":[{"@type":"SearchAction","target":{"@type":"EntryPoint","urlTemplate":"https:\/\/www.bellunopress.it\/?s={search_term_string}"},"query-input":{"@type":"PropertyValueSpecification","valueRequired":true,"valueName":"search_term_string"}}],"inLanguage":"fr-FR"},{"@type":"Organization","@id":"https:\/\/www.bellunopress.it\/#organization","name":"Bellunopress","url":"https:\/\/www.bellunopress.it\/","logo":{"@type":"ImageObject","inLanguage":"fr-FR","@id":"https:\/\/www.bellunopress.it\/#\/schema\/logo\/image\/","url":"https:\/\/www.bellunopress.it\/wp-content\/uploads\/2011\/05\/cropped-logo-bellunopress-.jpg","contentUrl":"https:\/\/www.bellunopress.it\/wp-content\/uploads\/2011\/05\/cropped-logo-bellunopress-.jpg","width":512,"height":512,"caption":"Bellunopress"},"image":{"@id":"https:\/\/www.bellunopress.it\/#\/schema\/logo\/image\/"},"sameAs":["https:\/\/www.facebook.com\/profile.php?id=100008943462799","https:\/\/x.com\/bellunopress","https:\/\/www.linkedin.com\/hp\/?dnr=JBzUWaJfMUw8vbXJJ2tVW5-I3jZKvC4wsoxE&amp;amp;amp;amp;amp;amp;trk=nav_responsive_tab_home","https:\/\/www.youtube.com\/channel\/UCxL0wu1uN0_3_7hGG0306cw"]},{"@type":"Person","@id":"https:\/\/www.bellunopress.it\/#\/schema\/person\/79bb06722b37ece1c03d3e94beb30d73","name":"r\u00e9daction","image":{"@type":"ImageObject","inLanguage":"fr-FR","@id":"https:\/\/secure.gravatar.com\/avatar\/37d968a2e67a6fd04c169c4bdef102d0bc5d31b2546345219e348575eb80e9a0?s=96&d=mm&r=g","url":"https:\/\/secure.gravatar.com\/avatar\/37d968a2e67a6fd04c169c4bdef102d0bc5d31b2546345219e348575eb80e9a0?s=96&d=mm&r=g","contentUrl":"https:\/\/secure.gravatar.com\/avatar\/37d968a2e67a6fd04c169c4bdef102d0bc5d31b2546345219e348575eb80e9a0?s=96&d=mm&r=g","caption":"redazione"},"sameAs":["http:\/\/www.bellunopress.it","https:\/\/x.com\/bellunopress"],"url":"https:\/\/www.bellunopress.it\/fr\/author\/redazione\/"}]}},"_links":{"self":[{"href":"https:\/\/www.bellunopress.it\/fr\/wp-json\/wp\/v2\/posts\/38359","targetHints":{"allow":["GET"]}}],"collection":[{"href":"https:\/\/www.bellunopress.it\/fr\/wp-json\/wp\/v2\/posts"}],"about":[{"href":"https:\/\/www.bellunopress.it\/fr\/wp-json\/wp\/v2\/types\/post"}],"author":[{"embeddable":true,"href":"https:\/\/www.bellunopress.it\/fr\/wp-json\/wp\/v2\/users\/2"}],"replies":[{"embeddable":true,"href":"https:\/\/www.bellunopress.it\/fr\/wp-json\/wp\/v2\/comments?post=38359"}],"version-history":[{"count":2,"href":"https:\/\/www.bellunopress.it\/fr\/wp-json\/wp\/v2\/posts\/38359\/revisions"}],"predecessor-version":[{"id":38362,"href":"https:\/\/www.bellunopress.it\/fr\/wp-json\/wp\/v2\/posts\/38359\/revisions\/38362"}],"wp:attachment":[{"href":"https:\/\/www.bellunopress.it\/fr\/wp-json\/wp\/v2\/media?parent=38359"}],"wp:term":[{"taxonomy":"category","embeddable":true,"href":"https:\/\/www.bellunopress.it\/fr\/wp-json\/wp\/v2\/categories?post=38359"},{"taxonomy":"post_tag","embeddable":true,"href":"https:\/\/www.bellunopress.it\/fr\/wp-json\/wp\/v2\/tags?post=38359"}],"curies":[{"name":"wp","href":"https:\/\/api.w.org\/{rel}","templated":true}]}}