{"id":37812,"date":"2012-05-10T14:36:30","date_gmt":"2012-05-10T13:36:30","guid":{"rendered":"http:\/\/www.bellunopress.it\/?p=37812"},"modified":"2012-05-10T14:36:30","modified_gmt":"2012-05-10T13:36:30","slug":"il-comitato-degli-operatori-economici-dellalta-valle-del-mis-tocca-quota-500","status":"publish","type":"post","link":"https:\/\/www.bellunopress.it\/fr\/2012\/05\/10\/il-comitato-degli-operatori-economici-dellalta-valle-del-mis-tocca-quota-500\/","title":{"rendered":"Il Comitato degli operatori economici dell&#8217;alta Valle del Mis tocca quota 500"},"content":{"rendered":"<p>Sono cinquecento le firme di adesione raccolte\u00a0dal Comitato degli operatori economici dell\u2019alta Valle del Mis. E la raccolta continua.<\/p>\n<figure id=\"attachment_23557\" aria-describedby=\"caption-attachment-23557\" style=\"width: 270px\" class=\"wp-caption alignleft\"><a href=\"http:\/\/www.bellunopress.it\/wp-content\/uploads\/2011\/02\/valle-del-mis.jpg\"><img loading=\"lazy\" decoding=\"async\" class=\"size-full wp-image-23557\" title=\"valle del mis\" src=\"http:\/\/www.bellunopress.it\/wp-content\/uploads\/2011\/02\/valle-del-mis.jpg\" alt=\"\" width=\"270\" height=\"202\" \/><\/a><figcaption id=\"caption-attachment-23557\" class=\"wp-caption-text\">Valle del Mis<\/figcaption><\/figure>\n<p>&#8220;Siamo soddisfatti &#8211; affermano da Tis\u00e8r\u00a0in un comunicato i rappresentanti del Comitato &#8211; anche per l\u2019adesione ricevuta in valle, \u00a0circa il 70% dei residenti hanno gi\u00e0 firmato. E fa piacere vedere tanta gente che difende il territorio come fosse casa propria. Quelli che pensavano di rappresentarci sono sempre pi\u00f9 soli. La dignit\u00e0 di essere montanari non ha prezzo.<\/p>\n<p>A quell\u2019Agordino che inneggiava ai \u201clauti \u201c introiti che i comuni riceverebbero con la svendita e lo svilimento del proprio territorio consiglieremo di valutar ed informarsi bene su quali siano per la collettivit\u00e0 locale ed anche nazionale le utilit\u00e0 rappresentate da queste operazioni economiche puramente speculative.<\/p>\n<p>A quelli che pensano che ormai \u201cle vacche sono fuori della Stalla\u201d diciamo che il film non \u00e8 ancora finito. Nulla \u00e8 certo, purtroppo le decisioni vengono prese a Venezia dove si \u00e8 dimostrato che non si sa neanche su cosa si decide.<\/p>\n<p>Se gli Agordini &#8211; conclude la nota &#8211;\u00a0\u00a0sapessero fare quadrato intorno a questi episodi, forse avrebbero poi meno da invidiare ai contermini Altoatesini&#8221;.<\/p>","protected":false},"excerpt":{"rendered":"<p>Sono cinquecento le firme di adesione raccolte\u00a0dal Comitato degli operatori economici dell\u2019alta Valle del Mis. E la raccolta continua. &#8220;Siamo soddisfatti &#8211; affermano da Tis\u00e8r\u00a0in un comunicato i rappresentanti del Comitato &#8211; anche per l\u2019adesione ricevuta in valle, \u00a0circa il 70% dei residenti hanno gi\u00e0 firmato. E fa piacere vedere tanta gente che difende il [&hellip;]<\/p>\n","protected":false},"author":2,"featured_media":0,"comment_status":"closed","ping_status":"open","sticky":false,"template":"","format":"standard","meta":{"footnotes":""},"categories":[5,26],"tags":[],"class_list":["post-37812","post","type-post","status-publish","format-standard","category-cronaca","category-prima-pagina"],"yoast_head":"<!-- This site is optimized with the Yoast SEO plugin v28.4 - https:\/\/yoast.com\/product\/yoast-seo-wordpress\/ -->\n<title>Il Comitato degli operatori economici dell&#039;alta Valle del Mis tocca quota 500  - Bellunopress - Dolomiti<\/title>\n<meta name=\"robots\" content=\"index, follow, max-snippet:-1, max-image-preview:large, max-video-preview:-1\" \/>\n<link rel=\"canonical\" href=\"https:\/\/www.bellunopress.it\/fr\/2012\/05\/10\/il-comitato-degli-operatori-economici-dellalta-valle-del-mis-tocca-quota-500\/\" \/>\n<meta property=\"og:locale\" content=\"fr_FR\" \/>\n<meta property=\"og:type\" content=\"article\" \/>\n<meta property=\"og:title\" content=\"Il Comitato degli operatori economici dell&#039;alta Valle del Mis tocca quota 500  - Bellunopress - Dolomiti\" \/>\n<meta property=\"og:description\" content=\"Sono cinquecento le firme di adesione raccolte\u00a0dal Comitato degli operatori economici dell\u2019alta Valle del Mis. E la raccolta continua. &#8220;Siamo soddisfatti &#8211; affermano da Tis\u00e8r\u00a0in un comunicato i rappresentanti del Comitato &#8211; anche per l\u2019adesione ricevuta in valle, \u00a0circa il 70% dei residenti hanno gi\u00e0 firmato. E fa piacere vedere tanta gente che difende il [&hellip;]\" \/>\n<meta property=\"og:url\" content=\"https:\/\/www.bellunopress.it\/fr\/2012\/05\/10\/il-comitato-degli-operatori-economici-dellalta-valle-del-mis-tocca-quota-500\/\" \/>\n<meta property=\"og:site_name\" content=\"Bellunopress - Dolomiti\" \/>\n<meta property=\"article:publisher\" content=\"https:\/\/www.facebook.com\/profile.php?id=100008943462799\" \/>\n<meta property=\"article:published_time\" content=\"2012-05-10T13:36:30+00:00\" \/>\n<meta property=\"og:image\" content=\"http:\/\/www.bellunopress.it\/wp-content\/uploads\/2011\/02\/valle-del-mis.jpg\" \/>\n<meta name=\"author\" content=\"redazione\" \/>\n<meta name=\"twitter:card\" content=\"summary_large_image\" \/>\n<meta name=\"twitter:creator\" content=\"@bellunopress\" \/>\n<meta name=\"twitter:site\" content=\"@bellunopress\" \/>\n<meta name=\"twitter:label1\" content=\"Written by\" \/>\n\t<meta name=\"twitter:data1\" content=\"redazione\" \/>\n\t<meta name=\"twitter:label2\" content=\"Est. reading time\" \/>\n\t<meta name=\"twitter:data2\" content=\"1 minute\" \/>\n<script type=\"application\/ld+json\" class=\"yoast-schema-graph\">{\"@context\":\"https:\\\/\\\/schema.org\",\"@graph\":[{\"@type\":\"Article\",\"@id\":\"https:\\\/\\\/www.bellunopress.it\\\/2012\\\/05\\\/10\\\/il-comitato-degli-operatori-economici-dellalta-valle-del-mis-tocca-quota-500\\\/#article\",\"isPartOf\":{\"@id\":\"https:\\\/\\\/www.bellunopress.it\\\/2012\\\/05\\\/10\\\/il-comitato-degli-operatori-economici-dellalta-valle-del-mis-tocca-quota-500\\\/\"},\"author\":{\"name\":\"redazione\",\"@id\":\"https:\\\/\\\/www.bellunopress.it\\\/#\\\/schema\\\/person\\\/79bb06722b37ece1c03d3e94beb30d73\"},\"headline\":\"Il Comitato degli operatori economici dell&#8217;alta Valle del Mis tocca quota 500\",\"datePublished\":\"2012-05-10T13:36:30+00:00\",\"mainEntityOfPage\":{\"@id\":\"https:\\\/\\\/www.bellunopress.it\\\/2012\\\/05\\\/10\\\/il-comitato-degli-operatori-economici-dellalta-valle-del-mis-tocca-quota-500\\\/\"},\"wordCount\":214,\"publisher\":{\"@id\":\"https:\\\/\\\/www.bellunopress.it\\\/#organization\"},\"image\":{\"@id\":\"https:\\\/\\\/www.bellunopress.it\\\/2012\\\/05\\\/10\\\/il-comitato-degli-operatori-economici-dellalta-valle-del-mis-tocca-quota-500\\\/#primaryimage\"},\"thumbnailUrl\":\"http:\\\/\\\/www.bellunopress.it\\\/wp-content\\\/uploads\\\/2011\\\/02\\\/valle-del-mis.jpg\",\"articleSection\":[\"Cronaca\\\/Politica\",\"Prima Pagina\"],\"inLanguage\":\"fr-FR\"},{\"@type\":\"WebPage\",\"@id\":\"https:\\\/\\\/www.bellunopress.it\\\/2012\\\/05\\\/10\\\/il-comitato-degli-operatori-economici-dellalta-valle-del-mis-tocca-quota-500\\\/\",\"url\":\"https:\\\/\\\/www.bellunopress.it\\\/2012\\\/05\\\/10\\\/il-comitato-degli-operatori-economici-dellalta-valle-del-mis-tocca-quota-500\\\/\",\"name\":\"Il Comitato degli operatori economici dell'alta Valle del Mis tocca quota 500 - Bellunopress - Dolomiti\",\"isPartOf\":{\"@id\":\"https:\\\/\\\/www.bellunopress.it\\\/#website\"},\"primaryImageOfPage\":{\"@id\":\"https:\\\/\\\/www.bellunopress.it\\\/2012\\\/05\\\/10\\\/il-comitato-degli-operatori-economici-dellalta-valle-del-mis-tocca-quota-500\\\/#primaryimage\"},\"image\":{\"@id\":\"https:\\\/\\\/www.bellunopress.it\\\/2012\\\/05\\\/10\\\/il-comitato-degli-operatori-economici-dellalta-valle-del-mis-tocca-quota-500\\\/#primaryimage\"},\"thumbnailUrl\":\"http:\\\/\\\/www.bellunopress.it\\\/wp-content\\\/uploads\\\/2011\\\/02\\\/valle-del-mis.jpg\",\"datePublished\":\"2012-05-10T13:36:30+00:00\",\"breadcrumb\":{\"@id\":\"https:\\\/\\\/www.bellunopress.it\\\/2012\\\/05\\\/10\\\/il-comitato-degli-operatori-economici-dellalta-valle-del-mis-tocca-quota-500\\\/#breadcrumb\"},\"inLanguage\":\"fr-FR\",\"potentialAction\":[{\"@type\":\"ReadAction\",\"target\":[\"https:\\\/\\\/www.bellunopress.it\\\/2012\\\/05\\\/10\\\/il-comitato-degli-operatori-economici-dellalta-valle-del-mis-tocca-quota-500\\\/\"]}]},{\"@type\":\"ImageObject\",\"inLanguage\":\"fr-FR\",\"@id\":\"https:\\\/\\\/www.bellunopress.it\\\/2012\\\/05\\\/10\\\/il-comitato-degli-operatori-economici-dellalta-valle-del-mis-tocca-quota-500\\\/#primaryimage\",\"url\":\"http:\\\/\\\/www.bellunopress.it\\\/wp-content\\\/uploads\\\/2011\\\/02\\\/valle-del-mis.jpg\",\"contentUrl\":\"http:\\\/\\\/www.bellunopress.it\\\/wp-content\\\/uploads\\\/2011\\\/02\\\/valle-del-mis.jpg\"},{\"@type\":\"BreadcrumbList\",\"@id\":\"https:\\\/\\\/www.bellunopress.it\\\/2012\\\/05\\\/10\\\/il-comitato-degli-operatori-economici-dellalta-valle-del-mis-tocca-quota-500\\\/#breadcrumb\",\"itemListElement\":[{\"@type\":\"ListItem\",\"position\":1,\"name\":\"Home\",\"item\":\"https:\\\/\\\/www.bellunopress.it\\\/\"},{\"@type\":\"ListItem\",\"position\":2,\"name\":\"Il Comitato degli operatori economici dell&#8217;alta Valle del Mis tocca quota 500\"}]},{\"@type\":\"WebSite\",\"@id\":\"https:\\\/\\\/www.bellunopress.it\\\/#website\",\"url\":\"https:\\\/\\\/www.bellunopress.it\\\/\",\"name\":\"Bellunopress - Dolomiti\",\"description\":\"e-mail: redazione@bellunopress.it\",\"publisher\":{\"@id\":\"https:\\\/\\\/www.bellunopress.it\\\/#organization\"},\"potentialAction\":[{\"@type\":\"SearchAction\",\"target\":{\"@type\":\"EntryPoint\",\"urlTemplate\":\"https:\\\/\\\/www.bellunopress.it\\\/?s={search_term_string}\"},\"query-input\":{\"@type\":\"PropertyValueSpecification\",\"valueRequired\":true,\"valueName\":\"search_term_string\"}}],\"inLanguage\":\"fr-FR\"},{\"@type\":\"Organization\",\"@id\":\"https:\\\/\\\/www.bellunopress.it\\\/#organization\",\"name\":\"Bellunopress\",\"url\":\"https:\\\/\\\/www.bellunopress.it\\\/\",\"logo\":{\"@type\":\"ImageObject\",\"inLanguage\":\"fr-FR\",\"@id\":\"https:\\\/\\\/www.bellunopress.it\\\/#\\\/schema\\\/logo\\\/image\\\/\",\"url\":\"https:\\\/\\\/www.bellunopress.it\\\/wp-content\\\/uploads\\\/2011\\\/05\\\/cropped-logo-bellunopress-.jpg\",\"contentUrl\":\"https:\\\/\\\/www.bellunopress.it\\\/wp-content\\\/uploads\\\/2011\\\/05\\\/cropped-logo-bellunopress-.jpg\",\"width\":512,\"height\":512,\"caption\":\"Bellunopress\"},\"image\":{\"@id\":\"https:\\\/\\\/www.bellunopress.it\\\/#\\\/schema\\\/logo\\\/image\\\/\"},\"sameAs\":[\"https:\\\/\\\/www.facebook.com\\\/profile.php?id=100008943462799\",\"https:\\\/\\\/x.com\\\/bellunopress\",\"https:\\\/\\\/www.linkedin.com\\\/hp\\\/?dnr=JBzUWaJfMUw8vbXJJ2tVW5-I3jZKvC4wsoxE&amp;amp;amp;amp;amp;amp;trk=nav_responsive_tab_home\",\"https:\\\/\\\/www.youtube.com\\\/channel\\\/UCxL0wu1uN0_3_7hGG0306cw\"]},{\"@type\":\"Person\",\"@id\":\"https:\\\/\\\/www.bellunopress.it\\\/#\\\/schema\\\/person\\\/79bb06722b37ece1c03d3e94beb30d73\",\"name\":\"redazione\",\"image\":{\"@type\":\"ImageObject\",\"inLanguage\":\"fr-FR\",\"@id\":\"https:\\\/\\\/secure.gravatar.com\\\/avatar\\\/37d968a2e67a6fd04c169c4bdef102d0bc5d31b2546345219e348575eb80e9a0?s=96&d=mm&r=g\",\"url\":\"https:\\\/\\\/secure.gravatar.com\\\/avatar\\\/37d968a2e67a6fd04c169c4bdef102d0bc5d31b2546345219e348575eb80e9a0?s=96&d=mm&r=g\",\"contentUrl\":\"https:\\\/\\\/secure.gravatar.com\\\/avatar\\\/37d968a2e67a6fd04c169c4bdef102d0bc5d31b2546345219e348575eb80e9a0?s=96&d=mm&r=g\",\"caption\":\"redazione\"},\"sameAs\":[\"http:\\\/\\\/www.bellunopress.it\",\"https:\\\/\\\/x.com\\\/bellunopress\"],\"url\":\"https:\\\/\\\/www.bellunopress.it\\\/fr\\\/author\\\/redazione\\\/\"}]}<\/script>\n<!-- \/ Yoast SEO plugin. -->","yoast_head_json":{"title":"Il Comitato degli operatori economici dell'alta Valle del Mis tocca quota 500  - Bellunopress - Dolomiti","robots":{"index":"index","follow":"follow","max-snippet":"max-snippet:-1","max-image-preview":"max-image-preview:large","max-video-preview":"max-video-preview:-1"},"canonical":"https:\/\/www.bellunopress.it\/fr\/2012\/05\/10\/il-comitato-degli-operatori-economici-dellalta-valle-del-mis-tocca-quota-500\/","og_locale":"fr_FR","og_type":"article","og_title":"Il Comitato degli operatori economici dell'alta Valle del Mis tocca quota 500  - Bellunopress - Dolomiti","og_description":"Sono cinquecento le firme di adesione raccolte\u00a0dal Comitato degli operatori economici dell\u2019alta Valle del Mis. E la raccolta continua. &#8220;Siamo soddisfatti &#8211; affermano da Tis\u00e8r\u00a0in un comunicato i rappresentanti del Comitato &#8211; anche per l\u2019adesione ricevuta in valle, \u00a0circa il 70% dei residenti hanno gi\u00e0 firmato. E fa piacere vedere tanta gente che difende il [&hellip;]","og_url":"https:\/\/www.bellunopress.it\/fr\/2012\/05\/10\/il-comitato-degli-operatori-economici-dellalta-valle-del-mis-tocca-quota-500\/","og_site_name":"Bellunopress - Dolomiti","article_publisher":"https:\/\/www.facebook.com\/profile.php?id=100008943462799","article_published_time":"2012-05-10T13:36:30+00:00","og_image":[{"url":"http:\/\/www.bellunopress.it\/wp-content\/uploads\/2011\/02\/valle-del-mis.jpg","type":"","width":"","height":""}],"author":"redazione","twitter_card":"summary_large_image","twitter_creator":"@bellunopress","twitter_site":"@bellunopress","twitter_misc":{"Written by":"redazione","Est. reading time":"1 minute"},"schema":{"@context":"https:\/\/schema.org","@graph":[{"@type":"Article","@id":"https:\/\/www.bellunopress.it\/2012\/05\/10\/il-comitato-degli-operatori-economici-dellalta-valle-del-mis-tocca-quota-500\/#article","isPartOf":{"@id":"https:\/\/www.bellunopress.it\/2012\/05\/10\/il-comitato-degli-operatori-economici-dellalta-valle-del-mis-tocca-quota-500\/"},"author":{"name":"redazione","@id":"https:\/\/www.bellunopress.it\/#\/schema\/person\/79bb06722b37ece1c03d3e94beb30d73"},"headline":"Il Comitato degli operatori economici dell&#8217;alta Valle del Mis tocca quota 500","datePublished":"2012-05-10T13:36:30+00:00","mainEntityOfPage":{"@id":"https:\/\/www.bellunopress.it\/2012\/05\/10\/il-comitato-degli-operatori-economici-dellalta-valle-del-mis-tocca-quota-500\/"},"wordCount":214,"publisher":{"@id":"https:\/\/www.bellunopress.it\/#organization"},"image":{"@id":"https:\/\/www.bellunopress.it\/2012\/05\/10\/il-comitato-degli-operatori-economici-dellalta-valle-del-mis-tocca-quota-500\/#primaryimage"},"thumbnailUrl":"http:\/\/www.bellunopress.it\/wp-content\/uploads\/2011\/02\/valle-del-mis.jpg","articleSection":["Cronaca\/Politica","Prima Pagina"],"inLanguage":"fr-FR"},{"@type":"WebPage","@id":"https:\/\/www.bellunopress.it\/2012\/05\/10\/il-comitato-degli-operatori-economici-dellalta-valle-del-mis-tocca-quota-500\/","url":"https:\/\/www.bellunopress.it\/2012\/05\/10\/il-comitato-degli-operatori-economici-dellalta-valle-del-mis-tocca-quota-500\/","name":"Il Comitato degli operatori economici dell'alta Valle del Mis tocca quota 500 - Bellunopress - Dolomiti","isPartOf":{"@id":"https:\/\/www.bellunopress.it\/#website"},"primaryImageOfPage":{"@id":"https:\/\/www.bellunopress.it\/2012\/05\/10\/il-comitato-degli-operatori-economici-dellalta-valle-del-mis-tocca-quota-500\/#primaryimage"},"image":{"@id":"https:\/\/www.bellunopress.it\/2012\/05\/10\/il-comitato-degli-operatori-economici-dellalta-valle-del-mis-tocca-quota-500\/#primaryimage"},"thumbnailUrl":"http:\/\/www.bellunopress.it\/wp-content\/uploads\/2011\/02\/valle-del-mis.jpg","datePublished":"2012-05-10T13:36:30+00:00","breadcrumb":{"@id":"https:\/\/www.bellunopress.it\/2012\/05\/10\/il-comitato-degli-operatori-economici-dellalta-valle-del-mis-tocca-quota-500\/#breadcrumb"},"inLanguage":"fr-FR","potentialAction":[{"@type":"ReadAction","target":["https:\/\/www.bellunopress.it\/2012\/05\/10\/il-comitato-degli-operatori-economici-dellalta-valle-del-mis-tocca-quota-500\/"]}]},{"@type":"ImageObject","inLanguage":"fr-FR","@id":"https:\/\/www.bellunopress.it\/2012\/05\/10\/il-comitato-degli-operatori-economici-dellalta-valle-del-mis-tocca-quota-500\/#primaryimage","url":"http:\/\/www.bellunopress.it\/wp-content\/uploads\/2011\/02\/valle-del-mis.jpg","contentUrl":"http:\/\/www.bellunopress.it\/wp-content\/uploads\/2011\/02\/valle-del-mis.jpg"},{"@type":"BreadcrumbList","@id":"https:\/\/www.bellunopress.it\/2012\/05\/10\/il-comitato-degli-operatori-economici-dellalta-valle-del-mis-tocca-quota-500\/#breadcrumb","itemListElement":[{"@type":"ListItem","position":1,"name":"Home","item":"https:\/\/www.bellunopress.it\/"},{"@type":"ListItem","position":2,"name":"Il Comitato degli operatori economici dell&#8217;alta Valle del Mis tocca quota 500"}]},{"@type":"WebSite","@id":"https:\/\/www.bellunopress.it\/#website","url":"https:\/\/www.bellunopress.it\/","name":"Bellunopress - Dolomiti","description":"e-mail: redazione@bellunopress.it","publisher":{"@id":"https:\/\/www.bellunopress.it\/#organization"},"potentialAction":[{"@type":"SearchAction","target":{"@type":"EntryPoint","urlTemplate":"https:\/\/www.bellunopress.it\/?s={search_term_string}"},"query-input":{"@type":"PropertyValueSpecification","valueRequired":true,"valueName":"search_term_string"}}],"inLanguage":"fr-FR"},{"@type":"Organization","@id":"https:\/\/www.bellunopress.it\/#organization","name":"Bellunopress","url":"https:\/\/www.bellunopress.it\/","logo":{"@type":"ImageObject","inLanguage":"fr-FR","@id":"https:\/\/www.bellunopress.it\/#\/schema\/logo\/image\/","url":"https:\/\/www.bellunopress.it\/wp-content\/uploads\/2011\/05\/cropped-logo-bellunopress-.jpg","contentUrl":"https:\/\/www.bellunopress.it\/wp-content\/uploads\/2011\/05\/cropped-logo-bellunopress-.jpg","width":512,"height":512,"caption":"Bellunopress"},"image":{"@id":"https:\/\/www.bellunopress.it\/#\/schema\/logo\/image\/"},"sameAs":["https:\/\/www.facebook.com\/profile.php?id=100008943462799","https:\/\/x.com\/bellunopress","https:\/\/www.linkedin.com\/hp\/?dnr=JBzUWaJfMUw8vbXJJ2tVW5-I3jZKvC4wsoxE&amp;amp;amp;amp;amp;amp;trk=nav_responsive_tab_home","https:\/\/www.youtube.com\/channel\/UCxL0wu1uN0_3_7hGG0306cw"]},{"@type":"Person","@id":"https:\/\/www.bellunopress.it\/#\/schema\/person\/79bb06722b37ece1c03d3e94beb30d73","name":"r\u00e9daction","image":{"@type":"ImageObject","inLanguage":"fr-FR","@id":"https:\/\/secure.gravatar.com\/avatar\/37d968a2e67a6fd04c169c4bdef102d0bc5d31b2546345219e348575eb80e9a0?s=96&d=mm&r=g","url":"https:\/\/secure.gravatar.com\/avatar\/37d968a2e67a6fd04c169c4bdef102d0bc5d31b2546345219e348575eb80e9a0?s=96&d=mm&r=g","contentUrl":"https:\/\/secure.gravatar.com\/avatar\/37d968a2e67a6fd04c169c4bdef102d0bc5d31b2546345219e348575eb80e9a0?s=96&d=mm&r=g","caption":"redazione"},"sameAs":["http:\/\/www.bellunopress.it","https:\/\/x.com\/bellunopress"],"url":"https:\/\/www.bellunopress.it\/fr\/author\/redazione\/"}]}},"_links":{"self":[{"href":"https:\/\/www.bellunopress.it\/fr\/wp-json\/wp\/v2\/posts\/37812","targetHints":{"allow":["GET"]}}],"collection":[{"href":"https:\/\/www.bellunopress.it\/fr\/wp-json\/wp\/v2\/posts"}],"about":[{"href":"https:\/\/www.bellunopress.it\/fr\/wp-json\/wp\/v2\/types\/post"}],"author":[{"embeddable":true,"href":"https:\/\/www.bellunopress.it\/fr\/wp-json\/wp\/v2\/users\/2"}],"replies":[{"embeddable":true,"href":"https:\/\/www.bellunopress.it\/fr\/wp-json\/wp\/v2\/comments?post=37812"}],"version-history":[{"count":1,"href":"https:\/\/www.bellunopress.it\/fr\/wp-json\/wp\/v2\/posts\/37812\/revisions"}],"predecessor-version":[{"id":37814,"href":"https:\/\/www.bellunopress.it\/fr\/wp-json\/wp\/v2\/posts\/37812\/revisions\/37814"}],"wp:attachment":[{"href":"https:\/\/www.bellunopress.it\/fr\/wp-json\/wp\/v2\/media?parent=37812"}],"wp:term":[{"taxonomy":"category","embeddable":true,"href":"https:\/\/www.bellunopress.it\/fr\/wp-json\/wp\/v2\/categories?post=37812"},{"taxonomy":"post_tag","embeddable":true,"href":"https:\/\/www.bellunopress.it\/fr\/wp-json\/wp\/v2\/tags?post=37812"}],"curies":[{"name":"wp","href":"https:\/\/api.w.org\/{rel}","templated":true}]}}