{"id":37803,"date":"2012-05-10T11:03:56","date_gmt":"2012-05-10T10:03:56","guid":{"rendered":"http:\/\/www.bellunopress.it\/?p=37803"},"modified":"2012-05-10T06:08:45","modified_gmt":"2012-05-10T05:08:45","slug":"cosa-accade-alla-montagna-di-silvano-martini","status":"publish","type":"post","link":"https:\/\/www.bellunopress.it\/fr\/2012\/05\/10\/cosa-accade-alla-montagna-di-silvano-martini\/","title":{"rendered":"Cosa accade alla montagna?    * di Silvano Martini"},"content":{"rendered":"<figure id=\"attachment_37804\" aria-describedby=\"caption-attachment-37804\" style=\"width: 140px\" class=\"wp-caption alignleft\"><a href=\"http:\/\/www.bellunopress.it\/wp-content\/uploads\/2012\/05\/Silvano-Martini.jpg\"><img loading=\"lazy\" decoding=\"async\" class=\"size-full wp-image-37804\" title=\"Silvano Martini\" src=\"http:\/\/www.bellunopress.it\/wp-content\/uploads\/2012\/05\/Silvano-Martini.jpg\" alt=\"\" width=\"140\" height=\"190\" \/><\/a><figcaption id=\"caption-attachment-37804\" class=\"wp-caption-text\">Silvano Martini<\/figcaption><\/figure>\n<p>Sono oramai decine le serate di presentazione del BARD Belluno Autonoma Regione Dolomiti a cui partecipo come relatore. Si tratta di una esperienza bellissima che avevo in parte gi\u00e0 fatto durante i due anni e mezzo in consiglio provinciale: girare la provincia, incontrare persone, amministratori, giovani\u2026<\/p>\n<p>Molti non percepiscono la gravit\u00e0 di quello che sta accadendo al nostro territorio e si comportano come chi, aggredito da un tumore, finge di non essere malato salvo ricorrere alle cure quando \u00e8 troppo tardi.<\/p>\n<p>Mi dicono che un lavoro bene o male si trova e non stento a crederlo perch\u00e9 il turnover vede pi\u00f9 persone in uscita che in entrata a causa della scarsa natalit\u00e0 e del fatto che molti che hanno studiato se ne sono andati e non cercano lavoro in questi luoghi.<\/p>\n<p>Questo fenomeno apparentemente risolve la questione della disoccupazione ma comporta una diminuzione secca degli occupati e in definitiva una contrazione del PIL locale con conseguente impoverimento del tessuto economico e di conseguenza anche sociale, della parte alta e periferica della provincia. Un po\u2019 meno peggio vanno le cose in Val Belluno che in ragione della presenza in quei luoghi di un tessuto industriale consistente anche se per la verit\u00e0 i numeri ci dicono che l\u2019economia \u00e8 concentrata in misura eccessiva sul comparto manifatturiero. Questo comporta i rischi che ben conosciamo noi che una crisi definitiva, strutturale e irreversibile del settore industriale dell\u2019occhiale l\u2019abbiamo gi\u00e0 pesantemente subita.<\/p>\n<p>Non esistono soluzioni facili a portata di mano che consentano, da sole, di risolvere i problemi che ho appena esposto. Possiamo per\u00f2 cambiare il corso degli eventi se sapremo riprendere in mano il nostro destino attuando politiche adeguate al particolare e meraviglioso territorio che abbiamo la fortuna di abitare.<\/p>\n<p>Non posso certo esaurire in poche righe questioni cos\u00ec complesse ma posso fornire alcuni spunti, conoscendone meglio le problematiche, soprattutto alle amministrazioni che fanno parte delle tre Comunit\u00e0 Montane Cadore, Comelico, Val Boite, Cortina D\u2019Ampezzo, alcune delle quali appena rinnovate.<\/p>\n<p>Sono cose semplici e risapute ma conviene ripeterle per chiarezza ad uso dei nuovi che affrontano per la prima volta l\u2019amministrazione di un comune.<\/p>\n<p>\u2022Mutualit\u00e0<\/p>\n<p>\u2022Collaborazione<\/p>\n<p>\u2022Innovazione<\/p>\n<p>\u2022Difesa del territorio<\/p>\n<p>\u2022Miglioramento della viabilit\u00e0 con interventi soft (vedi Pusteria)<\/p>\n<p>\u2022No all\u2019autostrada<\/p>\n<p>\u2022Politica energetica locale basata su risorse proprie<\/p>\n<p>\u2022abbandono dei combustibili fossili a favore delle fonti rinnovabili<\/p>\n<p>\u2022incentivazione dello studio e della formazione<\/p>\n<p>\u2022Adozione di criteri e tecniche costruttive basate sulle risorse locali<\/p>\n<p>\u2022creazione di un polo industriale che sfrutti la filiera del legno<\/p>\n<p>\u2022sostegno al settore primario in funzione di integrazione al reddito e per la produzione di ambiente<\/p>\n<p>\u2022collaborazione tra le amministrazioni per favorire maggior integrazione tra i residenti<\/p>\n<p>\u2022miglioramento e adeguamento dei servizi sanitari alle mutate condizioni sociali<\/p>\n<p>\u2022Incentivazione del turismo a partire dalle piccole attivit\u00e0 per creare un\u2019offerta diffusa sul territorio gestita con criteri industriali<\/p>\n<p>\u2022recupero delle arti, delle tradizioni, dei mestieri<\/p>\n<p>ovviamente si tratta solo di spunti e vanno riempiti di contenuti sapendo per\u00f2 che ogni paese non pu\u00f2 pensare e pretendere di bastare a se stesso. Credo anzi che buona parte dei nostri guai siano dovuti all\u2019incapacit\u00e0 di pensare al plurale.<\/p>\n<p>Dobbiamo anche viaggiare e informarci e non aver paura di copiare le buone idee degli altri. In alto Adige ci sono 50 impianti a biomasse e in Auronzo ancora oggi nessuno crede alla convenienza di un solo piccolo impianto a Misurina. Questo significa che siamo arretrati e incapaci di metabolizzare semplici idee. Non \u00e8 colpa del Sud Tirolo se noi siamo ridotti allo spettro di quello che eravamo: \u00e8 colpa nostra e della nostra incapacit\u00e0 di stare insieme come una societ\u00e0 coesa e ben strutturata mentre noi non siamo capaci di andar d\u2019accordo nemmeno per semplici progetti.<\/p>\n<p>Il BARD, Belluno Autonoma Regione Dolomiti, si propone come un collante per le popolazioni delle Dolomiti. Si propone di mettere assieme le persone al di la delle appartenenze a partiti politici o delle convinzioni politiche che rispettiamo ma che non sono in grado ora di fornirci risposte adeguate.<\/p>\n<p>Il BARD non offre soluzioni, non ha nulla da insegnare ma chiede aiuto a tutti e chiede a ciascuno di assumere su di se la responsabilit\u00e0 di battersi, insieme agli altri cittadini di questa bellissima provincia, per un futuro di autogoverno. Un futuro in cui possiamo riprenderci le risorse che oggi ci sono sottratte quasi per intero e che bastano e avanzano, se ben gestite, ad assicurare a noi e ai nostri figli, un futuro dignitoso da vivere, se lo vogliamo, tra le nostre montagne.<\/p>\n<p>Aderiamo tutti al BARD: ricostruiamo insieme un futuro possibile per il popolo delle Terre Alte !<\/p>\n<p>Silvano Martini &#8211; vicepresidente BARD<\/p>\n<p>&nbsp;<\/p>\n<p>&nbsp;<\/p>","protected":false},"excerpt":{"rendered":"<p>Sono oramai decine le serate di presentazione del BARD Belluno Autonoma Regione Dolomiti a cui partecipo come relatore. Si tratta di una esperienza bellissima che avevo in parte gi\u00e0 fatto durante i due anni e mezzo in consiglio provinciale: girare la provincia, incontrare persone, amministratori, giovani\u2026 Molti non percepiscono la gravit\u00e0 di quello che sta [&hellip;]<\/p>\n","protected":false},"author":2,"featured_media":0,"comment_status":"closed","ping_status":"open","sticky":false,"template":"","format":"standard","meta":{"footnotes":""},"categories":[1],"tags":[],"class_list":["post-37803","post","type-post","status-publish","format-standard","category-leo"],"yoast_head":"<!-- This site is optimized with the Yoast SEO plugin v28.4 - https:\/\/yoast.com\/product\/yoast-seo-wordpress\/ -->\n<title>Cosa accade alla montagna?  * di Silvano Martini - Bellunopress - Dolomiti<\/title>\n<meta name=\"robots\" content=\"index, follow, max-snippet:-1, max-image-preview:large, max-video-preview:-1\" \/>\n<link rel=\"canonical\" href=\"https:\/\/www.bellunopress.it\/fr\/2012\/05\/10\/cosa-accade-alla-montagna-di-silvano-martini\/\" \/>\n<meta property=\"og:locale\" content=\"fr_FR\" \/>\n<meta property=\"og:type\" content=\"article\" \/>\n<meta property=\"og:title\" content=\"Cosa accade alla montagna?  * di Silvano Martini - Bellunopress - Dolomiti\" \/>\n<meta property=\"og:description\" content=\"Sono oramai decine le serate di presentazione del BARD Belluno Autonoma Regione Dolomiti a cui partecipo come relatore. Si tratta di una esperienza bellissima che avevo in parte gi\u00e0 fatto durante i due anni e mezzo in consiglio provinciale: girare la provincia, incontrare persone, amministratori, giovani\u2026 Molti non percepiscono la gravit\u00e0 di quello che sta [&hellip;]\" \/>\n<meta property=\"og:url\" content=\"https:\/\/www.bellunopress.it\/fr\/2012\/05\/10\/cosa-accade-alla-montagna-di-silvano-martini\/\" \/>\n<meta property=\"og:site_name\" content=\"Bellunopress - Dolomiti\" \/>\n<meta property=\"article:publisher\" content=\"https:\/\/www.facebook.com\/profile.php?id=100008943462799\" \/>\n<meta property=\"article:published_time\" content=\"2012-05-10T10:03:56+00:00\" \/>\n<meta property=\"og:image\" content=\"http:\/\/www.bellunopress.it\/wp-content\/uploads\/2012\/05\/Silvano-Martini.jpg\" \/>\n<meta name=\"author\" content=\"redazione\" \/>\n<meta name=\"twitter:card\" content=\"summary_large_image\" \/>\n<meta name=\"twitter:creator\" content=\"@bellunopress\" \/>\n<meta name=\"twitter:site\" content=\"@bellunopress\" \/>\n<meta name=\"twitter:label1\" content=\"\u00c9crit par\" \/>\n\t<meta name=\"twitter:data1\" content=\"redazione\" \/>\n\t<meta name=\"twitter:label2\" content=\"Dur\u00e9e de lecture estim\u00e9e\" \/>\n\t<meta name=\"twitter:data2\" content=\"4 minutes\" \/>\n<script type=\"application\/ld+json\" class=\"yoast-schema-graph\">{\"@context\":\"https:\\\/\\\/schema.org\",\"@graph\":[{\"@type\":\"Article\",\"@id\":\"https:\\\/\\\/www.bellunopress.it\\\/2012\\\/05\\\/10\\\/cosa-accade-alla-montagna-di-silvano-martini\\\/#article\",\"isPartOf\":{\"@id\":\"https:\\\/\\\/www.bellunopress.it\\\/2012\\\/05\\\/10\\\/cosa-accade-alla-montagna-di-silvano-martini\\\/\"},\"author\":{\"name\":\"redazione\",\"@id\":\"https:\\\/\\\/www.bellunopress.it\\\/#\\\/schema\\\/person\\\/79bb06722b37ece1c03d3e94beb30d73\"},\"headline\":\"Cosa accade alla montagna? * di Silvano Martini\",\"datePublished\":\"2012-05-10T10:03:56+00:00\",\"mainEntityOfPage\":{\"@id\":\"https:\\\/\\\/www.bellunopress.it\\\/2012\\\/05\\\/10\\\/cosa-accade-alla-montagna-di-silvano-martini\\\/\"},\"wordCount\":785,\"publisher\":{\"@id\":\"https:\\\/\\\/www.bellunopress.it\\\/#organization\"},\"image\":{\"@id\":\"https:\\\/\\\/www.bellunopress.it\\\/2012\\\/05\\\/10\\\/cosa-accade-alla-montagna-di-silvano-martini\\\/#primaryimage\"},\"thumbnailUrl\":\"http:\\\/\\\/www.bellunopress.it\\\/wp-content\\\/uploads\\\/2012\\\/05\\\/Silvano-Martini.jpg\",\"articleSection\":[\"Lettere Opinioni\"],\"inLanguage\":\"fr-FR\"},{\"@type\":\"WebPage\",\"@id\":\"https:\\\/\\\/www.bellunopress.it\\\/2012\\\/05\\\/10\\\/cosa-accade-alla-montagna-di-silvano-martini\\\/\",\"url\":\"https:\\\/\\\/www.bellunopress.it\\\/2012\\\/05\\\/10\\\/cosa-accade-alla-montagna-di-silvano-martini\\\/\",\"name\":\"Cosa accade alla montagna? * di Silvano Martini - Bellunopress - Dolomiti\",\"isPartOf\":{\"@id\":\"https:\\\/\\\/www.bellunopress.it\\\/#website\"},\"primaryImageOfPage\":{\"@id\":\"https:\\\/\\\/www.bellunopress.it\\\/2012\\\/05\\\/10\\\/cosa-accade-alla-montagna-di-silvano-martini\\\/#primaryimage\"},\"image\":{\"@id\":\"https:\\\/\\\/www.bellunopress.it\\\/2012\\\/05\\\/10\\\/cosa-accade-alla-montagna-di-silvano-martini\\\/#primaryimage\"},\"thumbnailUrl\":\"http:\\\/\\\/www.bellunopress.it\\\/wp-content\\\/uploads\\\/2012\\\/05\\\/Silvano-Martini.jpg\",\"datePublished\":\"2012-05-10T10:03:56+00:00\",\"breadcrumb\":{\"@id\":\"https:\\\/\\\/www.bellunopress.it\\\/2012\\\/05\\\/10\\\/cosa-accade-alla-montagna-di-silvano-martini\\\/#breadcrumb\"},\"inLanguage\":\"fr-FR\",\"potentialAction\":[{\"@type\":\"ReadAction\",\"target\":[\"https:\\\/\\\/www.bellunopress.it\\\/2012\\\/05\\\/10\\\/cosa-accade-alla-montagna-di-silvano-martini\\\/\"]}]},{\"@type\":\"ImageObject\",\"inLanguage\":\"fr-FR\",\"@id\":\"https:\\\/\\\/www.bellunopress.it\\\/2012\\\/05\\\/10\\\/cosa-accade-alla-montagna-di-silvano-martini\\\/#primaryimage\",\"url\":\"http:\\\/\\\/www.bellunopress.it\\\/wp-content\\\/uploads\\\/2012\\\/05\\\/Silvano-Martini.jpg\",\"contentUrl\":\"http:\\\/\\\/www.bellunopress.it\\\/wp-content\\\/uploads\\\/2012\\\/05\\\/Silvano-Martini.jpg\"},{\"@type\":\"BreadcrumbList\",\"@id\":\"https:\\\/\\\/www.bellunopress.it\\\/2012\\\/05\\\/10\\\/cosa-accade-alla-montagna-di-silvano-martini\\\/#breadcrumb\",\"itemListElement\":[{\"@type\":\"ListItem\",\"position\":1,\"name\":\"Home\",\"item\":\"https:\\\/\\\/www.bellunopress.it\\\/\"},{\"@type\":\"ListItem\",\"position\":2,\"name\":\"Cosa accade alla montagna? * di Silvano Martini\"}]},{\"@type\":\"WebSite\",\"@id\":\"https:\\\/\\\/www.bellunopress.it\\\/#website\",\"url\":\"https:\\\/\\\/www.bellunopress.it\\\/\",\"name\":\"Bellunopress - Dolomiti\",\"description\":\"e-mail: redazione@bellunopress.it\",\"publisher\":{\"@id\":\"https:\\\/\\\/www.bellunopress.it\\\/#organization\"},\"potentialAction\":[{\"@type\":\"SearchAction\",\"target\":{\"@type\":\"EntryPoint\",\"urlTemplate\":\"https:\\\/\\\/www.bellunopress.it\\\/?s={search_term_string}\"},\"query-input\":{\"@type\":\"PropertyValueSpecification\",\"valueRequired\":true,\"valueName\":\"search_term_string\"}}],\"inLanguage\":\"fr-FR\"},{\"@type\":\"Organization\",\"@id\":\"https:\\\/\\\/www.bellunopress.it\\\/#organization\",\"name\":\"Bellunopress\",\"url\":\"https:\\\/\\\/www.bellunopress.it\\\/\",\"logo\":{\"@type\":\"ImageObject\",\"inLanguage\":\"fr-FR\",\"@id\":\"https:\\\/\\\/www.bellunopress.it\\\/#\\\/schema\\\/logo\\\/image\\\/\",\"url\":\"https:\\\/\\\/www.bellunopress.it\\\/wp-content\\\/uploads\\\/2011\\\/05\\\/cropped-logo-bellunopress-.jpg\",\"contentUrl\":\"https:\\\/\\\/www.bellunopress.it\\\/wp-content\\\/uploads\\\/2011\\\/05\\\/cropped-logo-bellunopress-.jpg\",\"width\":512,\"height\":512,\"caption\":\"Bellunopress\"},\"image\":{\"@id\":\"https:\\\/\\\/www.bellunopress.it\\\/#\\\/schema\\\/logo\\\/image\\\/\"},\"sameAs\":[\"https:\\\/\\\/www.facebook.com\\\/profile.php?id=100008943462799\",\"https:\\\/\\\/x.com\\\/bellunopress\",\"https:\\\/\\\/www.linkedin.com\\\/hp\\\/?dnr=JBzUWaJfMUw8vbXJJ2tVW5-I3jZKvC4wsoxE&amp;amp;amp;amp;amp;amp;trk=nav_responsive_tab_home\",\"https:\\\/\\\/www.youtube.com\\\/channel\\\/UCxL0wu1uN0_3_7hGG0306cw\"]},{\"@type\":\"Person\",\"@id\":\"https:\\\/\\\/www.bellunopress.it\\\/#\\\/schema\\\/person\\\/79bb06722b37ece1c03d3e94beb30d73\",\"name\":\"redazione\",\"image\":{\"@type\":\"ImageObject\",\"inLanguage\":\"fr-FR\",\"@id\":\"https:\\\/\\\/secure.gravatar.com\\\/avatar\\\/37d968a2e67a6fd04c169c4bdef102d0bc5d31b2546345219e348575eb80e9a0?s=96&d=mm&r=g\",\"url\":\"https:\\\/\\\/secure.gravatar.com\\\/avatar\\\/37d968a2e67a6fd04c169c4bdef102d0bc5d31b2546345219e348575eb80e9a0?s=96&d=mm&r=g\",\"contentUrl\":\"https:\\\/\\\/secure.gravatar.com\\\/avatar\\\/37d968a2e67a6fd04c169c4bdef102d0bc5d31b2546345219e348575eb80e9a0?s=96&d=mm&r=g\",\"caption\":\"redazione\"},\"sameAs\":[\"http:\\\/\\\/www.bellunopress.it\",\"https:\\\/\\\/x.com\\\/bellunopress\"],\"url\":\"https:\\\/\\\/www.bellunopress.it\\\/fr\\\/author\\\/redazione\\\/\"}]}<\/script>\n<!-- \/ Yoast SEO plugin. -->","yoast_head_json":{"title":"Cosa accade alla montagna?  * di Silvano Martini - Bellunopress - Dolomiti","robots":{"index":"index","follow":"follow","max-snippet":"max-snippet:-1","max-image-preview":"max-image-preview:large","max-video-preview":"max-video-preview:-1"},"canonical":"https:\/\/www.bellunopress.it\/fr\/2012\/05\/10\/cosa-accade-alla-montagna-di-silvano-martini\/","og_locale":"fr_FR","og_type":"article","og_title":"Cosa accade alla montagna?  * di Silvano Martini - Bellunopress - Dolomiti","og_description":"Sono oramai decine le serate di presentazione del BARD Belluno Autonoma Regione Dolomiti a cui partecipo come relatore. Si tratta di una esperienza bellissima che avevo in parte gi\u00e0 fatto durante i due anni e mezzo in consiglio provinciale: girare la provincia, incontrare persone, amministratori, giovani\u2026 Molti non percepiscono la gravit\u00e0 di quello che sta [&hellip;]","og_url":"https:\/\/www.bellunopress.it\/fr\/2012\/05\/10\/cosa-accade-alla-montagna-di-silvano-martini\/","og_site_name":"Bellunopress - Dolomiti","article_publisher":"https:\/\/www.facebook.com\/profile.php?id=100008943462799","article_published_time":"2012-05-10T10:03:56+00:00","og_image":[{"url":"http:\/\/www.bellunopress.it\/wp-content\/uploads\/2012\/05\/Silvano-Martini.jpg","type":"","width":"","height":""}],"author":"redazione","twitter_card":"summary_large_image","twitter_creator":"@bellunopress","twitter_site":"@bellunopress","twitter_misc":{"\u00c9crit par":"redazione","Dur\u00e9e de lecture estim\u00e9e":"4 minutes"},"schema":{"@context":"https:\/\/schema.org","@graph":[{"@type":"Article","@id":"https:\/\/www.bellunopress.it\/2012\/05\/10\/cosa-accade-alla-montagna-di-silvano-martini\/#article","isPartOf":{"@id":"https:\/\/www.bellunopress.it\/2012\/05\/10\/cosa-accade-alla-montagna-di-silvano-martini\/"},"author":{"name":"redazione","@id":"https:\/\/www.bellunopress.it\/#\/schema\/person\/79bb06722b37ece1c03d3e94beb30d73"},"headline":"Cosa accade alla montagna? * di Silvano Martini","datePublished":"2012-05-10T10:03:56+00:00","mainEntityOfPage":{"@id":"https:\/\/www.bellunopress.it\/2012\/05\/10\/cosa-accade-alla-montagna-di-silvano-martini\/"},"wordCount":785,"publisher":{"@id":"https:\/\/www.bellunopress.it\/#organization"},"image":{"@id":"https:\/\/www.bellunopress.it\/2012\/05\/10\/cosa-accade-alla-montagna-di-silvano-martini\/#primaryimage"},"thumbnailUrl":"http:\/\/www.bellunopress.it\/wp-content\/uploads\/2012\/05\/Silvano-Martini.jpg","articleSection":["Lettere Opinioni"],"inLanguage":"fr-FR"},{"@type":"WebPage","@id":"https:\/\/www.bellunopress.it\/2012\/05\/10\/cosa-accade-alla-montagna-di-silvano-martini\/","url":"https:\/\/www.bellunopress.it\/2012\/05\/10\/cosa-accade-alla-montagna-di-silvano-martini\/","name":"Cosa accade alla montagna? * di Silvano Martini - Bellunopress - Dolomiti","isPartOf":{"@id":"https:\/\/www.bellunopress.it\/#website"},"primaryImageOfPage":{"@id":"https:\/\/www.bellunopress.it\/2012\/05\/10\/cosa-accade-alla-montagna-di-silvano-martini\/#primaryimage"},"image":{"@id":"https:\/\/www.bellunopress.it\/2012\/05\/10\/cosa-accade-alla-montagna-di-silvano-martini\/#primaryimage"},"thumbnailUrl":"http:\/\/www.bellunopress.it\/wp-content\/uploads\/2012\/05\/Silvano-Martini.jpg","datePublished":"2012-05-10T10:03:56+00:00","breadcrumb":{"@id":"https:\/\/www.bellunopress.it\/2012\/05\/10\/cosa-accade-alla-montagna-di-silvano-martini\/#breadcrumb"},"inLanguage":"fr-FR","potentialAction":[{"@type":"ReadAction","target":["https:\/\/www.bellunopress.it\/2012\/05\/10\/cosa-accade-alla-montagna-di-silvano-martini\/"]}]},{"@type":"ImageObject","inLanguage":"fr-FR","@id":"https:\/\/www.bellunopress.it\/2012\/05\/10\/cosa-accade-alla-montagna-di-silvano-martini\/#primaryimage","url":"http:\/\/www.bellunopress.it\/wp-content\/uploads\/2012\/05\/Silvano-Martini.jpg","contentUrl":"http:\/\/www.bellunopress.it\/wp-content\/uploads\/2012\/05\/Silvano-Martini.jpg"},{"@type":"BreadcrumbList","@id":"https:\/\/www.bellunopress.it\/2012\/05\/10\/cosa-accade-alla-montagna-di-silvano-martini\/#breadcrumb","itemListElement":[{"@type":"ListItem","position":1,"name":"Home","item":"https:\/\/www.bellunopress.it\/"},{"@type":"ListItem","position":2,"name":"Cosa accade alla montagna? * di Silvano Martini"}]},{"@type":"WebSite","@id":"https:\/\/www.bellunopress.it\/#website","url":"https:\/\/www.bellunopress.it\/","name":"Bellunopress - Dolomiti","description":"e-mail: redazione@bellunopress.it","publisher":{"@id":"https:\/\/www.bellunopress.it\/#organization"},"potentialAction":[{"@type":"SearchAction","target":{"@type":"EntryPoint","urlTemplate":"https:\/\/www.bellunopress.it\/?s={search_term_string}"},"query-input":{"@type":"PropertyValueSpecification","valueRequired":true,"valueName":"search_term_string"}}],"inLanguage":"fr-FR"},{"@type":"Organization","@id":"https:\/\/www.bellunopress.it\/#organization","name":"Bellunopress","url":"https:\/\/www.bellunopress.it\/","logo":{"@type":"ImageObject","inLanguage":"fr-FR","@id":"https:\/\/www.bellunopress.it\/#\/schema\/logo\/image\/","url":"https:\/\/www.bellunopress.it\/wp-content\/uploads\/2011\/05\/cropped-logo-bellunopress-.jpg","contentUrl":"https:\/\/www.bellunopress.it\/wp-content\/uploads\/2011\/05\/cropped-logo-bellunopress-.jpg","width":512,"height":512,"caption":"Bellunopress"},"image":{"@id":"https:\/\/www.bellunopress.it\/#\/schema\/logo\/image\/"},"sameAs":["https:\/\/www.facebook.com\/profile.php?id=100008943462799","https:\/\/x.com\/bellunopress","https:\/\/www.linkedin.com\/hp\/?dnr=JBzUWaJfMUw8vbXJJ2tVW5-I3jZKvC4wsoxE&amp;amp;amp;amp;amp;amp;trk=nav_responsive_tab_home","https:\/\/www.youtube.com\/channel\/UCxL0wu1uN0_3_7hGG0306cw"]},{"@type":"Person","@id":"https:\/\/www.bellunopress.it\/#\/schema\/person\/79bb06722b37ece1c03d3e94beb30d73","name":"r\u00e9daction","image":{"@type":"ImageObject","inLanguage":"fr-FR","@id":"https:\/\/secure.gravatar.com\/avatar\/37d968a2e67a6fd04c169c4bdef102d0bc5d31b2546345219e348575eb80e9a0?s=96&d=mm&r=g","url":"https:\/\/secure.gravatar.com\/avatar\/37d968a2e67a6fd04c169c4bdef102d0bc5d31b2546345219e348575eb80e9a0?s=96&d=mm&r=g","contentUrl":"https:\/\/secure.gravatar.com\/avatar\/37d968a2e67a6fd04c169c4bdef102d0bc5d31b2546345219e348575eb80e9a0?s=96&d=mm&r=g","caption":"redazione"},"sameAs":["http:\/\/www.bellunopress.it","https:\/\/x.com\/bellunopress"],"url":"https:\/\/www.bellunopress.it\/fr\/author\/redazione\/"}]}},"_links":{"self":[{"href":"https:\/\/www.bellunopress.it\/fr\/wp-json\/wp\/v2\/posts\/37803","targetHints":{"allow":["GET"]}}],"collection":[{"href":"https:\/\/www.bellunopress.it\/fr\/wp-json\/wp\/v2\/posts"}],"about":[{"href":"https:\/\/www.bellunopress.it\/fr\/wp-json\/wp\/v2\/types\/post"}],"author":[{"embeddable":true,"href":"https:\/\/www.bellunopress.it\/fr\/wp-json\/wp\/v2\/users\/2"}],"replies":[{"embeddable":true,"href":"https:\/\/www.bellunopress.it\/fr\/wp-json\/wp\/v2\/comments?post=37803"}],"version-history":[{"count":1,"href":"https:\/\/www.bellunopress.it\/fr\/wp-json\/wp\/v2\/posts\/37803\/revisions"}],"predecessor-version":[{"id":37805,"href":"https:\/\/www.bellunopress.it\/fr\/wp-json\/wp\/v2\/posts\/37803\/revisions\/37805"}],"wp:attachment":[{"href":"https:\/\/www.bellunopress.it\/fr\/wp-json\/wp\/v2\/media?parent=37803"}],"wp:term":[{"taxonomy":"category","embeddable":true,"href":"https:\/\/www.bellunopress.it\/fr\/wp-json\/wp\/v2\/categories?post=37803"},{"taxonomy":"post_tag","embeddable":true,"href":"https:\/\/www.bellunopress.it\/fr\/wp-json\/wp\/v2\/tags?post=37803"}],"curies":[{"name":"wp","href":"https:\/\/api.w.org\/{rel}","templated":true}]}}