{"id":36910,"date":"2012-04-10T15:12:39","date_gmt":"2012-04-10T14:12:39","guid":{"rendered":"http:\/\/www.bellunopress.it\/?p=36910"},"modified":"2012-04-15T00:21:19","modified_gmt":"2012-04-14T23:21:19","slug":"alice-nel-paese-delle-meraviglie-sabato-al-teatro-comunale-di-belluno","status":"publish","type":"post","link":"https:\/\/www.bellunopress.it\/fr\/2012\/04\/10\/alice-nel-paese-delle-meraviglie-sabato-al-teatro-comunale-di-belluno\/","title":{"rendered":"Alice nel paese delle meraviglie, sabato al Teatro Comunale di Belluno"},"content":{"rendered":"<p>Con l\u2019arrivo della primavera si conclude la Stagione di danza 2010\/12 promossa e organizzata dal Circuito Teatrale Arteven \/ Regione del Veneto e dalla Fondazione Teatri delle Dolomiti in collaborazione con TIB Teatro. Sabato 14 aprile alle 20.45 al Teatro Comunale di Belluno \u00e8 di scena la principale compagnia di danza italiana Aterballetto \u2013 Fondazione Nazionale della danza, direzione artistica di Cristina Bozzolini, con la nuova produzione intitolata Alice nel paese delle meraviglie.<\/p>\n<figure id=\"attachment_25958\" aria-describedby=\"caption-attachment-25958\" style=\"width: 280px\" class=\"wp-caption alignleft\"><a href=\"http:\/\/www.bellunopress.it\/wp-content\/uploads\/2011\/04\/teatro-comunale-280x198.jpg\"><img loading=\"lazy\" decoding=\"async\" class=\"size-full wp-image-25958\" title=\"teatro comunale 280x198\" src=\"http:\/\/www.bellunopress.it\/wp-content\/uploads\/2011\/04\/teatro-comunale-280x198.jpg\" alt=\"\" width=\"280\" height=\"198\" \/><\/a><figcaption id=\"caption-attachment-25958\" class=\"wp-caption-text\">Teatro Comunale di Belluno<\/figcaption><\/figure>\n<p>Francesco Nappa su Alice nel paese delle meraviglie: \u00ab\u00c8 un viaggio onirico tra senso e non senso che mette in scena anche l\u2019ambiguit\u00e0 racchiusa da questo testo compresa la passione proibita dello scrittore Lewis Carrol al limite della pedofilia\u2026 il passo a due finale tra Alice ed il cappellaio lo lascia intuire. Per la mia Alice ho immaginato che in ogni personaggio dal bruco blu al coniglio, che qui diventa l\u2019Uomo bianco, ci sia un po\u2019 della personalit\u00e0 dello scrittore, il tutto sostenuto da una musica cameristica (che parte tuttavia un\u2019orchestra) eseguita dal Quartetto Balanescu su musiche di David Byrne, Robert Moran, John Lurie, Michael Turke, Micheal Nyman &#8211; commenta Nappa -. Quello a cui ho puntato \u00e8 evitare la pantomima in un viaggio popolato anche di nuovi personaggi come la Donna filata che nel sogno di Alice raffigura la sorella i cui fili assomigliano a cordoni ombelicali. Mentre un\u2019altra figura \u00e8 stata reinterpretata: si tratta della regina di cuori che nel balletto diventa la Regina di Gossip, quella dell\u2019ultima notizia che sar\u00e0 protagonista di una scena giocata con i giornali. Per attuare immagini ed ambientazioni oniriche \u00e8 stato coinvolto Gilles Papain uno dei massimi video maker mondiali\u00bb.<\/p>\n<p>Il video trailer dello spettacolo \u00e8 visibile su www.youteatro.it la web tv nazionale dedicata allo spettacolo dal vivo.<\/p>\n<p>ALICE NEL PAESE DELLE MERAVIGLIE \u00e8 liberamente ispirato all\u2019omonimo racconto di Lewis Carroll, la coreografia, la regia e la scenografia sono opera di Francesco Nappa,<\/p>\n<p>le musiche di David Byrne, Robert Moran, Michael Nyman, John Lurie, Michael Torke, eseguite da Balanescu Quartet, mentre le creazioni video sono del videodesigner di fama internazionale Gilles Papain.<\/p>\n<p>&nbsp;<\/p>\n<p>Chi \u00e8 Alice? \u00c8 semplicemente Alice Liddell, malinconica bambina inglese che si lasciava ritrarre in fotografie misteriose e, chiss\u00e0, allusive, e cullare dalle parole nonsense di Charles Dogsdon, alias Lewis Carroll, sulle rive del Tamigi, nelle estati vittoriane fatte di cantilene, giochi di parole, sciarade e invenzioni di creature fantastiche? Oppure \u00e8 l\u2019incarnazione poetica di uno stato della vita nel quale anima e corpo stanno per trasformarsi e assumere una propria identit\u00e0 \u2013 che ne determiner\u00e0 il ruolo futuro nell\u2019esistenza? Fortemente legato alla parola, ma ugualmente stimolante per la potenza immaginifica, il viaggio metaforico di Alice ha sfidato teatranti e coreografi. \u00c8 il caso di Francesco Nappa, danzatore dal prestigioso curriculum, da qualche tempo felicemente attratto dalla composizione coreografica, che ha scelto di affrontare il labirinto di Alice per la sua prima commissione \u2018a serata\u2019 con Aterballetto. La scelta di una nuova messa in scena, in forma di balletto, del famoso racconto di L. Carroll \u2018Alice nel paese delle meraviglie\u2019, affidandone la creazione a Francesco Nappa nasce non solo da una sua proposta, radicata da molto tempo in una sua affascinata attrazione per quel testo, ma anche per la originalit\u00e0 di una impostazione che, pur in un vasto dominio della fantasia, fa emergere costante una modernit\u00e0 del racconto, in una dialettica tra senso e non-senso, duplice modalit\u00e0 di rapporto della propria esperienza nella vita che ci circonda, sia su di un livello reale che su un livello psicologico ed onirico, quali componenti costanti della costruzione dell\u2019identit\u00e0, specie nell\u2019adolescenza. In base a questo assunto interpretativo, Nappa si fa accompagnare, in questa costruzione coreografica, dalla creazione di video-proiezioni, realizzate da Gilles Papain, videodesigner di fama internazionale, sia in sintonia con i propri interessi multimediali, sia per ottenere atmosfere fantastiche, pur in una economia di gestione che eviti impianti scenografici invadenti. Nella fluidit\u00e0 di un percorso drammaturgico, sotteso ma sempre percepibile, Nappa rileva ed evidenzia una costante immedesimazione dell\u2019Autore Carroll in alcuni personaggi, in una ricerca di molteplicit\u00e0 di rapporti: ecco quindi il bruco, che conforta Alice in una caratterizzazione quasi paterna; il personaggio bianco, che la conduce dove vuole con capacit\u00e0 psicologiche manipolatorie; il cappellaio, che giunge ad esprimere un puro sentimento di amore, evidenziato in un conclusivo passo a due, lasciando, proprio nel finale, al risveglio di Alice, una indefinibile eppure forte sensazione di magico ricordo.<\/p>\n<p>&nbsp;<\/p>\n<p>&nbsp;<\/p>\n<p>INFO e PRENOTAZIONI<\/p>\n<p>Tel. 0437 943303 dal marted\u00ec al venerd\u00ec ore 10.30 -12.30 e 15.30 \u2013 17.30 e info@tibteatro.it Biglietto \u20ac 20,00 \u2013 Biglietto Gruppi Scuola unico \u20ac 10,00<\/p>\n<p>biglietteria tutti i giorni di spettacolo ore 11 \u2013 13 e 17 &#8211; 20. I biglietti prenotati devono essere obbligatoriamente ritirati almeno un&#8217;ora prima dell&#8217;inizio dello spettacolo. Si prega, in ogni caso, di comunicare l&#8217;eventuale annullo della prenotazione<\/p>\n<p>www.arteven.it<\/p>","protected":false},"excerpt":{"rendered":"<p>Con l\u2019arrivo della primavera si conclude la Stagione di danza 2010\/12 promossa e organizzata dal Circuito Teatrale Arteven \/ Regione del Veneto e dalla Fondazione Teatri delle Dolomiti in collaborazione con TIB Teatro. Sabato 14 aprile alle 20.45 al Teatro Comunale di Belluno \u00e8 di scena la principale compagnia di danza italiana Aterballetto \u2013 Fondazione [&hellip;]<\/p>\n","protected":false},"author":2,"featured_media":0,"comment_status":"closed","ping_status":"open","sticky":false,"template":"","format":"standard","meta":{"footnotes":""},"categories":[27,3,25],"tags":[],"class_list":["post-36910","post","type-post","status-publish","format-standard","category-appuntamenti","category-arte-cultura-spettacoli-scienza-archivi","category-pausa-caffe"],"yoast_head":"<!-- This site is optimized with the Yoast SEO plugin v28.4 - https:\/\/yoast.com\/product\/yoast-seo-wordpress\/ -->\n<title>Alice nel paese delle meraviglie, sabato al Teatro Comunale di Belluno - Bellunopress - Dolomiti<\/title>\n<meta name=\"robots\" content=\"index, follow, max-snippet:-1, max-image-preview:large, max-video-preview:-1\" \/>\n<link rel=\"canonical\" href=\"https:\/\/www.bellunopress.it\/fr\/2012\/04\/10\/alice-nel-paese-delle-meraviglie-sabato-al-teatro-comunale-di-belluno\/\" \/>\n<meta property=\"og:locale\" content=\"fr_FR\" \/>\n<meta property=\"og:type\" content=\"article\" \/>\n<meta property=\"og:title\" content=\"Alice nel paese delle meraviglie, sabato al Teatro Comunale di Belluno - Bellunopress - Dolomiti\" \/>\n<meta property=\"og:description\" content=\"Con l\u2019arrivo della primavera si conclude la Stagione di danza 2010\/12 promossa e organizzata dal Circuito Teatrale Arteven \/ Regione del Veneto e dalla Fondazione Teatri delle Dolomiti in collaborazione con TIB Teatro. Sabato 14 aprile alle 20.45 al Teatro Comunale di Belluno \u00e8 di scena la principale compagnia di danza italiana Aterballetto \u2013 Fondazione [&hellip;]\" \/>\n<meta property=\"og:url\" content=\"https:\/\/www.bellunopress.it\/fr\/2012\/04\/10\/alice-nel-paese-delle-meraviglie-sabato-al-teatro-comunale-di-belluno\/\" \/>\n<meta property=\"og:site_name\" content=\"Bellunopress - Dolomiti\" \/>\n<meta property=\"article:publisher\" content=\"https:\/\/www.facebook.com\/profile.php?id=100008943462799\" \/>\n<meta property=\"article:published_time\" content=\"2012-04-10T14:12:39+00:00\" \/>\n<meta property=\"article:modified_time\" content=\"2012-04-14T23:21:19+00:00\" \/>\n<meta property=\"og:image\" content=\"http:\/\/www.bellunopress.it\/wp-content\/uploads\/2011\/04\/teatro-comunale-280x198.jpg\" \/>\n<meta name=\"author\" content=\"redazione\" \/>\n<meta name=\"twitter:card\" content=\"summary_large_image\" \/>\n<meta name=\"twitter:creator\" content=\"@bellunopress\" \/>\n<meta name=\"twitter:site\" content=\"@bellunopress\" \/>\n<meta name=\"twitter:label1\" content=\"\u00c9crit par\" \/>\n\t<meta name=\"twitter:data1\" content=\"redazione\" \/>\n\t<meta name=\"twitter:label2\" content=\"Dur\u00e9e de lecture estim\u00e9e\" \/>\n\t<meta name=\"twitter:data2\" content=\"4 minutes\" \/>\n<script type=\"application\/ld+json\" class=\"yoast-schema-graph\">{\"@context\":\"https:\\\/\\\/schema.org\",\"@graph\":[{\"@type\":\"Article\",\"@id\":\"https:\\\/\\\/www.bellunopress.it\\\/2012\\\/04\\\/10\\\/alice-nel-paese-delle-meraviglie-sabato-al-teatro-comunale-di-belluno\\\/#article\",\"isPartOf\":{\"@id\":\"https:\\\/\\\/www.bellunopress.it\\\/2012\\\/04\\\/10\\\/alice-nel-paese-delle-meraviglie-sabato-al-teatro-comunale-di-belluno\\\/\"},\"author\":{\"name\":\"redazione\",\"@id\":\"https:\\\/\\\/www.bellunopress.it\\\/#\\\/schema\\\/person\\\/79bb06722b37ece1c03d3e94beb30d73\"},\"headline\":\"Alice nel paese delle meraviglie, sabato al Teatro Comunale di Belluno\",\"datePublished\":\"2012-04-10T14:12:39+00:00\",\"dateModified\":\"2012-04-14T23:21:19+00:00\",\"mainEntityOfPage\":{\"@id\":\"https:\\\/\\\/www.bellunopress.it\\\/2012\\\/04\\\/10\\\/alice-nel-paese-delle-meraviglie-sabato-al-teatro-comunale-di-belluno\\\/\"},\"wordCount\":810,\"publisher\":{\"@id\":\"https:\\\/\\\/www.bellunopress.it\\\/#organization\"},\"image\":{\"@id\":\"https:\\\/\\\/www.bellunopress.it\\\/2012\\\/04\\\/10\\\/alice-nel-paese-delle-meraviglie-sabato-al-teatro-comunale-di-belluno\\\/#primaryimage\"},\"thumbnailUrl\":\"http:\\\/\\\/www.bellunopress.it\\\/wp-content\\\/uploads\\\/2011\\\/04\\\/teatro-comunale-280x198.jpg\",\"articleSection\":[\"Appuntamenti, Eventi\",\"Arte, Cultura, Spettacoli, Scienza\",\"Pausa Caff\u00e8\"],\"inLanguage\":\"fr-FR\"},{\"@type\":\"WebPage\",\"@id\":\"https:\\\/\\\/www.bellunopress.it\\\/2012\\\/04\\\/10\\\/alice-nel-paese-delle-meraviglie-sabato-al-teatro-comunale-di-belluno\\\/\",\"url\":\"https:\\\/\\\/www.bellunopress.it\\\/2012\\\/04\\\/10\\\/alice-nel-paese-delle-meraviglie-sabato-al-teatro-comunale-di-belluno\\\/\",\"name\":\"Alice nel paese delle meraviglie, sabato al Teatro Comunale di Belluno - Bellunopress - Dolomiti\",\"isPartOf\":{\"@id\":\"https:\\\/\\\/www.bellunopress.it\\\/#website\"},\"primaryImageOfPage\":{\"@id\":\"https:\\\/\\\/www.bellunopress.it\\\/2012\\\/04\\\/10\\\/alice-nel-paese-delle-meraviglie-sabato-al-teatro-comunale-di-belluno\\\/#primaryimage\"},\"image\":{\"@id\":\"https:\\\/\\\/www.bellunopress.it\\\/2012\\\/04\\\/10\\\/alice-nel-paese-delle-meraviglie-sabato-al-teatro-comunale-di-belluno\\\/#primaryimage\"},\"thumbnailUrl\":\"http:\\\/\\\/www.bellunopress.it\\\/wp-content\\\/uploads\\\/2011\\\/04\\\/teatro-comunale-280x198.jpg\",\"datePublished\":\"2012-04-10T14:12:39+00:00\",\"dateModified\":\"2012-04-14T23:21:19+00:00\",\"breadcrumb\":{\"@id\":\"https:\\\/\\\/www.bellunopress.it\\\/2012\\\/04\\\/10\\\/alice-nel-paese-delle-meraviglie-sabato-al-teatro-comunale-di-belluno\\\/#breadcrumb\"},\"inLanguage\":\"fr-FR\",\"potentialAction\":[{\"@type\":\"ReadAction\",\"target\":[\"https:\\\/\\\/www.bellunopress.it\\\/2012\\\/04\\\/10\\\/alice-nel-paese-delle-meraviglie-sabato-al-teatro-comunale-di-belluno\\\/\"]}]},{\"@type\":\"ImageObject\",\"inLanguage\":\"fr-FR\",\"@id\":\"https:\\\/\\\/www.bellunopress.it\\\/2012\\\/04\\\/10\\\/alice-nel-paese-delle-meraviglie-sabato-al-teatro-comunale-di-belluno\\\/#primaryimage\",\"url\":\"http:\\\/\\\/www.bellunopress.it\\\/wp-content\\\/uploads\\\/2011\\\/04\\\/teatro-comunale-280x198.jpg\",\"contentUrl\":\"http:\\\/\\\/www.bellunopress.it\\\/wp-content\\\/uploads\\\/2011\\\/04\\\/teatro-comunale-280x198.jpg\"},{\"@type\":\"BreadcrumbList\",\"@id\":\"https:\\\/\\\/www.bellunopress.it\\\/2012\\\/04\\\/10\\\/alice-nel-paese-delle-meraviglie-sabato-al-teatro-comunale-di-belluno\\\/#breadcrumb\",\"itemListElement\":[{\"@type\":\"ListItem\",\"position\":1,\"name\":\"Home\",\"item\":\"https:\\\/\\\/www.bellunopress.it\\\/\"},{\"@type\":\"ListItem\",\"position\":2,\"name\":\"Alice nel paese delle meraviglie, sabato al Teatro Comunale di Belluno\"}]},{\"@type\":\"WebSite\",\"@id\":\"https:\\\/\\\/www.bellunopress.it\\\/#website\",\"url\":\"https:\\\/\\\/www.bellunopress.it\\\/\",\"name\":\"Bellunopress - Dolomiti\",\"description\":\"e-mail: redazione@bellunopress.it\",\"publisher\":{\"@id\":\"https:\\\/\\\/www.bellunopress.it\\\/#organization\"},\"potentialAction\":[{\"@type\":\"SearchAction\",\"target\":{\"@type\":\"EntryPoint\",\"urlTemplate\":\"https:\\\/\\\/www.bellunopress.it\\\/?s={search_term_string}\"},\"query-input\":{\"@type\":\"PropertyValueSpecification\",\"valueRequired\":true,\"valueName\":\"search_term_string\"}}],\"inLanguage\":\"fr-FR\"},{\"@type\":\"Organization\",\"@id\":\"https:\\\/\\\/www.bellunopress.it\\\/#organization\",\"name\":\"Bellunopress\",\"url\":\"https:\\\/\\\/www.bellunopress.it\\\/\",\"logo\":{\"@type\":\"ImageObject\",\"inLanguage\":\"fr-FR\",\"@id\":\"https:\\\/\\\/www.bellunopress.it\\\/#\\\/schema\\\/logo\\\/image\\\/\",\"url\":\"https:\\\/\\\/www.bellunopress.it\\\/wp-content\\\/uploads\\\/2011\\\/05\\\/cropped-logo-bellunopress-.jpg\",\"contentUrl\":\"https:\\\/\\\/www.bellunopress.it\\\/wp-content\\\/uploads\\\/2011\\\/05\\\/cropped-logo-bellunopress-.jpg\",\"width\":512,\"height\":512,\"caption\":\"Bellunopress\"},\"image\":{\"@id\":\"https:\\\/\\\/www.bellunopress.it\\\/#\\\/schema\\\/logo\\\/image\\\/\"},\"sameAs\":[\"https:\\\/\\\/www.facebook.com\\\/profile.php?id=100008943462799\",\"https:\\\/\\\/x.com\\\/bellunopress\",\"https:\\\/\\\/www.linkedin.com\\\/hp\\\/?dnr=JBzUWaJfMUw8vbXJJ2tVW5-I3jZKvC4wsoxE&amp;amp;amp;amp;amp;amp;trk=nav_responsive_tab_home\",\"https:\\\/\\\/www.youtube.com\\\/channel\\\/UCxL0wu1uN0_3_7hGG0306cw\"]},{\"@type\":\"Person\",\"@id\":\"https:\\\/\\\/www.bellunopress.it\\\/#\\\/schema\\\/person\\\/79bb06722b37ece1c03d3e94beb30d73\",\"name\":\"redazione\",\"image\":{\"@type\":\"ImageObject\",\"inLanguage\":\"fr-FR\",\"@id\":\"https:\\\/\\\/secure.gravatar.com\\\/avatar\\\/37d968a2e67a6fd04c169c4bdef102d0bc5d31b2546345219e348575eb80e9a0?s=96&d=mm&r=g\",\"url\":\"https:\\\/\\\/secure.gravatar.com\\\/avatar\\\/37d968a2e67a6fd04c169c4bdef102d0bc5d31b2546345219e348575eb80e9a0?s=96&d=mm&r=g\",\"contentUrl\":\"https:\\\/\\\/secure.gravatar.com\\\/avatar\\\/37d968a2e67a6fd04c169c4bdef102d0bc5d31b2546345219e348575eb80e9a0?s=96&d=mm&r=g\",\"caption\":\"redazione\"},\"sameAs\":[\"http:\\\/\\\/www.bellunopress.it\",\"https:\\\/\\\/x.com\\\/bellunopress\"],\"url\":\"https:\\\/\\\/www.bellunopress.it\\\/fr\\\/author\\\/redazione\\\/\"}]}<\/script>\n<!-- \/ Yoast SEO plugin. -->","yoast_head_json":{"title":"Alice nel paese delle meraviglie, sabato al Teatro Comunale di Belluno - Bellunopress - Dolomiti","robots":{"index":"index","follow":"follow","max-snippet":"max-snippet:-1","max-image-preview":"max-image-preview:large","max-video-preview":"max-video-preview:-1"},"canonical":"https:\/\/www.bellunopress.it\/fr\/2012\/04\/10\/alice-nel-paese-delle-meraviglie-sabato-al-teatro-comunale-di-belluno\/","og_locale":"fr_FR","og_type":"article","og_title":"Alice nel paese delle meraviglie, sabato al Teatro Comunale di Belluno - Bellunopress - Dolomiti","og_description":"Con l\u2019arrivo della primavera si conclude la Stagione di danza 2010\/12 promossa e organizzata dal Circuito Teatrale Arteven \/ Regione del Veneto e dalla Fondazione Teatri delle Dolomiti in collaborazione con TIB Teatro. Sabato 14 aprile alle 20.45 al Teatro Comunale di Belluno \u00e8 di scena la principale compagnia di danza italiana Aterballetto \u2013 Fondazione [&hellip;]","og_url":"https:\/\/www.bellunopress.it\/fr\/2012\/04\/10\/alice-nel-paese-delle-meraviglie-sabato-al-teatro-comunale-di-belluno\/","og_site_name":"Bellunopress - Dolomiti","article_publisher":"https:\/\/www.facebook.com\/profile.php?id=100008943462799","article_published_time":"2012-04-10T14:12:39+00:00","article_modified_time":"2012-04-14T23:21:19+00:00","og_image":[{"url":"http:\/\/www.bellunopress.it\/wp-content\/uploads\/2011\/04\/teatro-comunale-280x198.jpg","type":"","width":"","height":""}],"author":"redazione","twitter_card":"summary_large_image","twitter_creator":"@bellunopress","twitter_site":"@bellunopress","twitter_misc":{"\u00c9crit par":"redazione","Dur\u00e9e de lecture estim\u00e9e":"4 minutes"},"schema":{"@context":"https:\/\/schema.org","@graph":[{"@type":"Article","@id":"https:\/\/www.bellunopress.it\/2012\/04\/10\/alice-nel-paese-delle-meraviglie-sabato-al-teatro-comunale-di-belluno\/#article","isPartOf":{"@id":"https:\/\/www.bellunopress.it\/2012\/04\/10\/alice-nel-paese-delle-meraviglie-sabato-al-teatro-comunale-di-belluno\/"},"author":{"name":"redazione","@id":"https:\/\/www.bellunopress.it\/#\/schema\/person\/79bb06722b37ece1c03d3e94beb30d73"},"headline":"Alice nel paese delle meraviglie, sabato al Teatro Comunale di Belluno","datePublished":"2012-04-10T14:12:39+00:00","dateModified":"2012-04-14T23:21:19+00:00","mainEntityOfPage":{"@id":"https:\/\/www.bellunopress.it\/2012\/04\/10\/alice-nel-paese-delle-meraviglie-sabato-al-teatro-comunale-di-belluno\/"},"wordCount":810,"publisher":{"@id":"https:\/\/www.bellunopress.it\/#organization"},"image":{"@id":"https:\/\/www.bellunopress.it\/2012\/04\/10\/alice-nel-paese-delle-meraviglie-sabato-al-teatro-comunale-di-belluno\/#primaryimage"},"thumbnailUrl":"http:\/\/www.bellunopress.it\/wp-content\/uploads\/2011\/04\/teatro-comunale-280x198.jpg","articleSection":["Appuntamenti, Eventi","Arte, Cultura, Spettacoli, Scienza","Pausa Caff\u00e8"],"inLanguage":"fr-FR"},{"@type":"WebPage","@id":"https:\/\/www.bellunopress.it\/2012\/04\/10\/alice-nel-paese-delle-meraviglie-sabato-al-teatro-comunale-di-belluno\/","url":"https:\/\/www.bellunopress.it\/2012\/04\/10\/alice-nel-paese-delle-meraviglie-sabato-al-teatro-comunale-di-belluno\/","name":"Alice nel paese delle meraviglie, sabato al Teatro Comunale di Belluno - Bellunopress - Dolomiti","isPartOf":{"@id":"https:\/\/www.bellunopress.it\/#website"},"primaryImageOfPage":{"@id":"https:\/\/www.bellunopress.it\/2012\/04\/10\/alice-nel-paese-delle-meraviglie-sabato-al-teatro-comunale-di-belluno\/#primaryimage"},"image":{"@id":"https:\/\/www.bellunopress.it\/2012\/04\/10\/alice-nel-paese-delle-meraviglie-sabato-al-teatro-comunale-di-belluno\/#primaryimage"},"thumbnailUrl":"http:\/\/www.bellunopress.it\/wp-content\/uploads\/2011\/04\/teatro-comunale-280x198.jpg","datePublished":"2012-04-10T14:12:39+00:00","dateModified":"2012-04-14T23:21:19+00:00","breadcrumb":{"@id":"https:\/\/www.bellunopress.it\/2012\/04\/10\/alice-nel-paese-delle-meraviglie-sabato-al-teatro-comunale-di-belluno\/#breadcrumb"},"inLanguage":"fr-FR","potentialAction":[{"@type":"ReadAction","target":["https:\/\/www.bellunopress.it\/2012\/04\/10\/alice-nel-paese-delle-meraviglie-sabato-al-teatro-comunale-di-belluno\/"]}]},{"@type":"ImageObject","inLanguage":"fr-FR","@id":"https:\/\/www.bellunopress.it\/2012\/04\/10\/alice-nel-paese-delle-meraviglie-sabato-al-teatro-comunale-di-belluno\/#primaryimage","url":"http:\/\/www.bellunopress.it\/wp-content\/uploads\/2011\/04\/teatro-comunale-280x198.jpg","contentUrl":"http:\/\/www.bellunopress.it\/wp-content\/uploads\/2011\/04\/teatro-comunale-280x198.jpg"},{"@type":"BreadcrumbList","@id":"https:\/\/www.bellunopress.it\/2012\/04\/10\/alice-nel-paese-delle-meraviglie-sabato-al-teatro-comunale-di-belluno\/#breadcrumb","itemListElement":[{"@type":"ListItem","position":1,"name":"Home","item":"https:\/\/www.bellunopress.it\/"},{"@type":"ListItem","position":2,"name":"Alice nel paese delle meraviglie, sabato al Teatro Comunale di Belluno"}]},{"@type":"WebSite","@id":"https:\/\/www.bellunopress.it\/#website","url":"https:\/\/www.bellunopress.it\/","name":"Bellunopress - Dolomiti","description":"e-mail: redazione@bellunopress.it","publisher":{"@id":"https:\/\/www.bellunopress.it\/#organization"},"potentialAction":[{"@type":"SearchAction","target":{"@type":"EntryPoint","urlTemplate":"https:\/\/www.bellunopress.it\/?s={search_term_string}"},"query-input":{"@type":"PropertyValueSpecification","valueRequired":true,"valueName":"search_term_string"}}],"inLanguage":"fr-FR"},{"@type":"Organization","@id":"https:\/\/www.bellunopress.it\/#organization","name":"Bellunopress","url":"https:\/\/www.bellunopress.it\/","logo":{"@type":"ImageObject","inLanguage":"fr-FR","@id":"https:\/\/www.bellunopress.it\/#\/schema\/logo\/image\/","url":"https:\/\/www.bellunopress.it\/wp-content\/uploads\/2011\/05\/cropped-logo-bellunopress-.jpg","contentUrl":"https:\/\/www.bellunopress.it\/wp-content\/uploads\/2011\/05\/cropped-logo-bellunopress-.jpg","width":512,"height":512,"caption":"Bellunopress"},"image":{"@id":"https:\/\/www.bellunopress.it\/#\/schema\/logo\/image\/"},"sameAs":["https:\/\/www.facebook.com\/profile.php?id=100008943462799","https:\/\/x.com\/bellunopress","https:\/\/www.linkedin.com\/hp\/?dnr=JBzUWaJfMUw8vbXJJ2tVW5-I3jZKvC4wsoxE&amp;amp;amp;amp;amp;amp;trk=nav_responsive_tab_home","https:\/\/www.youtube.com\/channel\/UCxL0wu1uN0_3_7hGG0306cw"]},{"@type":"Person","@id":"https:\/\/www.bellunopress.it\/#\/schema\/person\/79bb06722b37ece1c03d3e94beb30d73","name":"r\u00e9daction","image":{"@type":"ImageObject","inLanguage":"fr-FR","@id":"https:\/\/secure.gravatar.com\/avatar\/37d968a2e67a6fd04c169c4bdef102d0bc5d31b2546345219e348575eb80e9a0?s=96&d=mm&r=g","url":"https:\/\/secure.gravatar.com\/avatar\/37d968a2e67a6fd04c169c4bdef102d0bc5d31b2546345219e348575eb80e9a0?s=96&d=mm&r=g","contentUrl":"https:\/\/secure.gravatar.com\/avatar\/37d968a2e67a6fd04c169c4bdef102d0bc5d31b2546345219e348575eb80e9a0?s=96&d=mm&r=g","caption":"redazione"},"sameAs":["http:\/\/www.bellunopress.it","https:\/\/x.com\/bellunopress"],"url":"https:\/\/www.bellunopress.it\/fr\/author\/redazione\/"}]}},"_links":{"self":[{"href":"https:\/\/www.bellunopress.it\/fr\/wp-json\/wp\/v2\/posts\/36910","targetHints":{"allow":["GET"]}}],"collection":[{"href":"https:\/\/www.bellunopress.it\/fr\/wp-json\/wp\/v2\/posts"}],"about":[{"href":"https:\/\/www.bellunopress.it\/fr\/wp-json\/wp\/v2\/types\/post"}],"author":[{"embeddable":true,"href":"https:\/\/www.bellunopress.it\/fr\/wp-json\/wp\/v2\/users\/2"}],"replies":[{"embeddable":true,"href":"https:\/\/www.bellunopress.it\/fr\/wp-json\/wp\/v2\/comments?post=36910"}],"version-history":[{"count":4,"href":"https:\/\/www.bellunopress.it\/fr\/wp-json\/wp\/v2\/posts\/36910\/revisions"}],"predecessor-version":[{"id":36965,"href":"https:\/\/www.bellunopress.it\/fr\/wp-json\/wp\/v2\/posts\/36910\/revisions\/36965"}],"wp:attachment":[{"href":"https:\/\/www.bellunopress.it\/fr\/wp-json\/wp\/v2\/media?parent=36910"}],"wp:term":[{"taxonomy":"category","embeddable":true,"href":"https:\/\/www.bellunopress.it\/fr\/wp-json\/wp\/v2\/categories?post=36910"},{"taxonomy":"post_tag","embeddable":true,"href":"https:\/\/www.bellunopress.it\/fr\/wp-json\/wp\/v2\/tags?post=36910"}],"curies":[{"name":"wp","href":"https:\/\/api.w.org\/{rel}","templated":true}]}}