{"id":36851,"date":"2012-04-11T16:59:07","date_gmt":"2012-04-11T15:59:07","guid":{"rendered":"http:\/\/www.bellunopress.it\/?p=36851"},"modified":"2012-04-11T16:59:07","modified_gmt":"2012-04-11T15:59:07","slug":"giorgio-zampieri-riconfermato-alla-presidenza-di-casa-tua","status":"publish","type":"post","link":"https:\/\/www.bellunopress.it\/fr\/2012\/04\/11\/giorgio-zampieri-riconfermato-alla-presidenza-di-casa-tua\/","title":{"rendered":"Giorgio Zampieri riconfermato alla presidenza di &#8220;Casa tua&#8221;"},"content":{"rendered":"<p><a href=\"http:\/\/www.bellunopress.it\/wp-content\/uploads\/2009\/03\/giorgio-zampieri-240x180.bmp\"><img decoding=\"async\" class=\"alignleft size-full wp-image-1957\" title=\"giorgio-zampieri-240x180\" src=\"http:\/\/www.bellunopress.it\/wp-content\/uploads\/2009\/03\/giorgio-zampieri-240x180.bmp\" alt=\"\" \/><\/a>Riconferma del direttivo uscente per l&#8217;Associazione Casa Tua di Belluno. Lo ha stabilito l&#8217;assemblea che ha rinnovato nei giorni scorsi le cariche sociali per il prossimo triennio. Riconferma, quindi, di Giorgio Zampieri alla presidenza (delegato dal Comitato d\u2019Intesa), cos\u00ec come riconfermata Noris Bortot in qualit\u00e0 di vice presidente (espressione del Corc) e di Romeo Bristot come tesoriere (in rappresentanza dell\u2019Abvs). Casa Tua, costruita nel 1996 nel giardino dell\u2019Ospedale di Belluno, si conferma un servizio utilizzato e sempre apprezzato dai familiari che assistono ammalati degenti nel vicino ospedale San Martino e per i malati che si sottopongono a terapie oncologiche o in day hospital. Dal 1977 al 2011 casa Tua ha ospitato 1204 persone dalla sola provincia di Belluno, 821 da altre province del Veneto, 1292 da fuori Regione e addirittura 111 persone dall&#8217;estero, per un totale complessivo di 3428 ospiti. La zona pi\u00f9 rappresentata della provincia di Belluno, sempre dal 1977 al 2011, \u00e8 stata il Cadore con 652 ospiti, l&#8217;Agordino con 214, Longarone-Zoldo con 121, Belluno con 101, l&#8217;Alpago con 62 e il Feltrino con 54 ospiti. La struttura \u00e8 composta da dieci camere, quattro servizi igienici di cui uno accessibile ai disabili, una cucina ad uso comune, una lavanderia ed un ampio soggiorno per una superficie di oltre 200 mq ed \u00e8 in grado di accogliere almeno 14 persone. E\u2019 dotata di tutto il necessario per abitare e l\u2019ospite deve provvedere alle esigenze personali e di vitto. L\u2019ospitalit\u00e0, iniziata dal 1997, \u00e8 assolutamente gratuita.<\/p>\n<p>Nella gestione di Casa Tua collaborano molte delle associazioni volontaristiche che operano nell\u2019ambito delle problematiche ospedaliere: l\u2019Abvs, l\u2019Andos, l\u2019Avo, la Lilt, il Gruppo assistenza ammalati della San Vincenzo, il Corc e singoli volontari che aderiscono a titolo personale. Forte sinergia esiste tra l\u2019Associazione Casa Tua, la Direzione medica, le capo sala e lo staff dirigenziale dell\u2019Ulss1. Una citazione particolare per Fioretto Bortot, che con la sua quotidiana presenza \u00e8 punto di riferimento e garanzia per gli ospiti.<\/p>\n<p>\u201cIl rapporto tra le persone per non sentirsi soli, l&#8217;avere un punto di riferimento &#8211; afferma il riconfermato presidente Giorgio Zampieri &#8211; riveste per il malato una valenza terapeutica attenuando la depressione, la passivit\u00e0, lo sconforto. Anche il dolore viene alleviato. Casa Tua cerca di creare un clima che favorisce lo scambio di sentimenti tra persone che, oltrepassando le parole, raggiunge un livello che aiuta a dare una risposta al bisogno di aiuto\u201d.<\/p>\n<p>&nbsp;<\/p>\n<p>&nbsp;<\/p>\n<p>&nbsp;<\/p>\n<p>&nbsp;<\/p>","protected":false},"excerpt":{"rendered":"<p>Riconferma del direttivo uscente per l&#8217;Associazione Casa Tua di Belluno. Lo ha stabilito l&#8217;assemblea che ha rinnovato nei giorni scorsi le cariche sociali per il prossimo triennio. Riconferma, quindi, di Giorgio Zampieri alla presidenza (delegato dal Comitato d\u2019Intesa), cos\u00ec come riconfermata Noris Bortot in qualit\u00e0 di vice presidente (espressione del Corc) e di Romeo Bristot [&hellip;]<\/p>\n","protected":false},"author":2,"featured_media":0,"comment_status":"closed","ping_status":"open","sticky":false,"template":"","format":"standard","meta":{"footnotes":""},"categories":[26,8],"tags":[],"class_list":["post-36851","post","type-post","status-publish","format-standard","category-prima-pagina","category-societa-istituzioni"],"yoast_head":"<!-- This site is optimized with the Yoast SEO plugin v28.4 - https:\/\/yoast.com\/product\/yoast-seo-wordpress\/ -->\n<title>Giorgio Zampieri riconfermato alla presidenza di &quot;Casa tua&quot; - Bellunopress - Dolomiti<\/title>\n<meta name=\"robots\" content=\"index, follow, max-snippet:-1, max-image-preview:large, max-video-preview:-1\" \/>\n<link rel=\"canonical\" href=\"https:\/\/www.bellunopress.it\/fr\/2012\/04\/11\/giorgio-zampieri-riconfermato-alla-presidenza-di-casa-tua\/\" \/>\n<meta property=\"og:locale\" content=\"fr_FR\" \/>\n<meta property=\"og:type\" content=\"article\" \/>\n<meta property=\"og:title\" content=\"Giorgio Zampieri riconfermato alla presidenza di &quot;Casa tua&quot; - Bellunopress - Dolomiti\" \/>\n<meta property=\"og:description\" content=\"Riconferma del direttivo uscente per l&#8217;Associazione Casa Tua di Belluno. Lo ha stabilito l&#8217;assemblea che ha rinnovato nei giorni scorsi le cariche sociali per il prossimo triennio. Riconferma, quindi, di Giorgio Zampieri alla presidenza (delegato dal Comitato d\u2019Intesa), cos\u00ec come riconfermata Noris Bortot in qualit\u00e0 di vice presidente (espressione del Corc) e di Romeo Bristot [&hellip;]\" \/>\n<meta property=\"og:url\" content=\"https:\/\/www.bellunopress.it\/fr\/2012\/04\/11\/giorgio-zampieri-riconfermato-alla-presidenza-di-casa-tua\/\" \/>\n<meta property=\"og:site_name\" content=\"Bellunopress - Dolomiti\" \/>\n<meta property=\"article:publisher\" content=\"https:\/\/www.facebook.com\/profile.php?id=100008943462799\" \/>\n<meta property=\"article:published_time\" content=\"2012-04-11T15:59:07+00:00\" \/>\n<meta property=\"og:image\" content=\"http:\/\/www.bellunopress.it\/wp-content\/uploads\/2009\/03\/giorgio-zampieri-240x180.bmp\" \/>\n<meta name=\"author\" content=\"redazione\" \/>\n<meta name=\"twitter:card\" content=\"summary_large_image\" \/>\n<meta name=\"twitter:creator\" content=\"@bellunopress\" \/>\n<meta name=\"twitter:site\" content=\"@bellunopress\" \/>\n<meta name=\"twitter:label1\" content=\"\u00c9crit par\" \/>\n\t<meta name=\"twitter:data1\" content=\"redazione\" \/>\n\t<meta name=\"twitter:label2\" content=\"Dur\u00e9e de lecture estim\u00e9e\" \/>\n\t<meta name=\"twitter:data2\" content=\"2 minutes\" \/>\n<script type=\"application\/ld+json\" class=\"yoast-schema-graph\">{\"@context\":\"https:\\\/\\\/schema.org\",\"@graph\":[{\"@type\":\"Article\",\"@id\":\"https:\\\/\\\/www.bellunopress.it\\\/2012\\\/04\\\/11\\\/giorgio-zampieri-riconfermato-alla-presidenza-di-casa-tua\\\/#article\",\"isPartOf\":{\"@id\":\"https:\\\/\\\/www.bellunopress.it\\\/2012\\\/04\\\/11\\\/giorgio-zampieri-riconfermato-alla-presidenza-di-casa-tua\\\/\"},\"author\":{\"name\":\"redazione\",\"@id\":\"https:\\\/\\\/www.bellunopress.it\\\/#\\\/schema\\\/person\\\/79bb06722b37ece1c03d3e94beb30d73\"},\"headline\":\"Giorgio Zampieri riconfermato alla presidenza di &#8220;Casa tua&#8221;\",\"datePublished\":\"2012-04-11T15:59:07+00:00\",\"mainEntityOfPage\":{\"@id\":\"https:\\\/\\\/www.bellunopress.it\\\/2012\\\/04\\\/11\\\/giorgio-zampieri-riconfermato-alla-presidenza-di-casa-tua\\\/\"},\"wordCount\":401,\"publisher\":{\"@id\":\"https:\\\/\\\/www.bellunopress.it\\\/#organization\"},\"image\":{\"@id\":\"https:\\\/\\\/www.bellunopress.it\\\/2012\\\/04\\\/11\\\/giorgio-zampieri-riconfermato-alla-presidenza-di-casa-tua\\\/#primaryimage\"},\"thumbnailUrl\":\"http:\\\/\\\/www.bellunopress.it\\\/wp-content\\\/uploads\\\/2009\\\/03\\\/giorgio-zampieri-240x180.bmp\",\"articleSection\":[\"Prima Pagina\",\"Societ\u00e0, Associazioni, Istituzioni\"],\"inLanguage\":\"fr-FR\"},{\"@type\":\"WebPage\",\"@id\":\"https:\\\/\\\/www.bellunopress.it\\\/2012\\\/04\\\/11\\\/giorgio-zampieri-riconfermato-alla-presidenza-di-casa-tua\\\/\",\"url\":\"https:\\\/\\\/www.bellunopress.it\\\/2012\\\/04\\\/11\\\/giorgio-zampieri-riconfermato-alla-presidenza-di-casa-tua\\\/\",\"name\":\"Giorgio Zampieri riconfermato alla presidenza di \\\"Casa tua\\\" - Bellunopress - Dolomiti\",\"isPartOf\":{\"@id\":\"https:\\\/\\\/www.bellunopress.it\\\/#website\"},\"primaryImageOfPage\":{\"@id\":\"https:\\\/\\\/www.bellunopress.it\\\/2012\\\/04\\\/11\\\/giorgio-zampieri-riconfermato-alla-presidenza-di-casa-tua\\\/#primaryimage\"},\"image\":{\"@id\":\"https:\\\/\\\/www.bellunopress.it\\\/2012\\\/04\\\/11\\\/giorgio-zampieri-riconfermato-alla-presidenza-di-casa-tua\\\/#primaryimage\"},\"thumbnailUrl\":\"http:\\\/\\\/www.bellunopress.it\\\/wp-content\\\/uploads\\\/2009\\\/03\\\/giorgio-zampieri-240x180.bmp\",\"datePublished\":\"2012-04-11T15:59:07+00:00\",\"breadcrumb\":{\"@id\":\"https:\\\/\\\/www.bellunopress.it\\\/2012\\\/04\\\/11\\\/giorgio-zampieri-riconfermato-alla-presidenza-di-casa-tua\\\/#breadcrumb\"},\"inLanguage\":\"fr-FR\",\"potentialAction\":[{\"@type\":\"ReadAction\",\"target\":[\"https:\\\/\\\/www.bellunopress.it\\\/2012\\\/04\\\/11\\\/giorgio-zampieri-riconfermato-alla-presidenza-di-casa-tua\\\/\"]}]},{\"@type\":\"ImageObject\",\"inLanguage\":\"fr-FR\",\"@id\":\"https:\\\/\\\/www.bellunopress.it\\\/2012\\\/04\\\/11\\\/giorgio-zampieri-riconfermato-alla-presidenza-di-casa-tua\\\/#primaryimage\",\"url\":\"http:\\\/\\\/www.bellunopress.it\\\/wp-content\\\/uploads\\\/2009\\\/03\\\/giorgio-zampieri-240x180.bmp\",\"contentUrl\":\"http:\\\/\\\/www.bellunopress.it\\\/wp-content\\\/uploads\\\/2009\\\/03\\\/giorgio-zampieri-240x180.bmp\"},{\"@type\":\"BreadcrumbList\",\"@id\":\"https:\\\/\\\/www.bellunopress.it\\\/2012\\\/04\\\/11\\\/giorgio-zampieri-riconfermato-alla-presidenza-di-casa-tua\\\/#breadcrumb\",\"itemListElement\":[{\"@type\":\"ListItem\",\"position\":1,\"name\":\"Home\",\"item\":\"https:\\\/\\\/www.bellunopress.it\\\/\"},{\"@type\":\"ListItem\",\"position\":2,\"name\":\"Giorgio Zampieri riconfermato alla presidenza di &#8220;Casa tua&#8221;\"}]},{\"@type\":\"WebSite\",\"@id\":\"https:\\\/\\\/www.bellunopress.it\\\/#website\",\"url\":\"https:\\\/\\\/www.bellunopress.it\\\/\",\"name\":\"Bellunopress - Dolomiti\",\"description\":\"e-mail: redazione@bellunopress.it\",\"publisher\":{\"@id\":\"https:\\\/\\\/www.bellunopress.it\\\/#organization\"},\"potentialAction\":[{\"@type\":\"SearchAction\",\"target\":{\"@type\":\"EntryPoint\",\"urlTemplate\":\"https:\\\/\\\/www.bellunopress.it\\\/?s={search_term_string}\"},\"query-input\":{\"@type\":\"PropertyValueSpecification\",\"valueRequired\":true,\"valueName\":\"search_term_string\"}}],\"inLanguage\":\"fr-FR\"},{\"@type\":\"Organization\",\"@id\":\"https:\\\/\\\/www.bellunopress.it\\\/#organization\",\"name\":\"Bellunopress\",\"url\":\"https:\\\/\\\/www.bellunopress.it\\\/\",\"logo\":{\"@type\":\"ImageObject\",\"inLanguage\":\"fr-FR\",\"@id\":\"https:\\\/\\\/www.bellunopress.it\\\/#\\\/schema\\\/logo\\\/image\\\/\",\"url\":\"https:\\\/\\\/www.bellunopress.it\\\/wp-content\\\/uploads\\\/2011\\\/05\\\/cropped-logo-bellunopress-.jpg\",\"contentUrl\":\"https:\\\/\\\/www.bellunopress.it\\\/wp-content\\\/uploads\\\/2011\\\/05\\\/cropped-logo-bellunopress-.jpg\",\"width\":512,\"height\":512,\"caption\":\"Bellunopress\"},\"image\":{\"@id\":\"https:\\\/\\\/www.bellunopress.it\\\/#\\\/schema\\\/logo\\\/image\\\/\"},\"sameAs\":[\"https:\\\/\\\/www.facebook.com\\\/profile.php?id=100008943462799\",\"https:\\\/\\\/x.com\\\/bellunopress\",\"https:\\\/\\\/www.linkedin.com\\\/hp\\\/?dnr=JBzUWaJfMUw8vbXJJ2tVW5-I3jZKvC4wsoxE&amp;amp;amp;amp;amp;amp;trk=nav_responsive_tab_home\",\"https:\\\/\\\/www.youtube.com\\\/channel\\\/UCxL0wu1uN0_3_7hGG0306cw\"]},{\"@type\":\"Person\",\"@id\":\"https:\\\/\\\/www.bellunopress.it\\\/#\\\/schema\\\/person\\\/79bb06722b37ece1c03d3e94beb30d73\",\"name\":\"redazione\",\"image\":{\"@type\":\"ImageObject\",\"inLanguage\":\"fr-FR\",\"@id\":\"https:\\\/\\\/secure.gravatar.com\\\/avatar\\\/37d968a2e67a6fd04c169c4bdef102d0bc5d31b2546345219e348575eb80e9a0?s=96&d=mm&r=g\",\"url\":\"https:\\\/\\\/secure.gravatar.com\\\/avatar\\\/37d968a2e67a6fd04c169c4bdef102d0bc5d31b2546345219e348575eb80e9a0?s=96&d=mm&r=g\",\"contentUrl\":\"https:\\\/\\\/secure.gravatar.com\\\/avatar\\\/37d968a2e67a6fd04c169c4bdef102d0bc5d31b2546345219e348575eb80e9a0?s=96&d=mm&r=g\",\"caption\":\"redazione\"},\"sameAs\":[\"http:\\\/\\\/www.bellunopress.it\",\"https:\\\/\\\/x.com\\\/bellunopress\"],\"url\":\"https:\\\/\\\/www.bellunopress.it\\\/fr\\\/author\\\/redazione\\\/\"}]}<\/script>\n<!-- \/ Yoast SEO plugin. -->","yoast_head_json":{"title":"Giorgio Zampieri riconfermato alla presidenza di \"Casa tua\" - Bellunopress - Dolomiti","robots":{"index":"index","follow":"follow","max-snippet":"max-snippet:-1","max-image-preview":"max-image-preview:large","max-video-preview":"max-video-preview:-1"},"canonical":"https:\/\/www.bellunopress.it\/fr\/2012\/04\/11\/giorgio-zampieri-riconfermato-alla-presidenza-di-casa-tua\/","og_locale":"fr_FR","og_type":"article","og_title":"Giorgio Zampieri riconfermato alla presidenza di \"Casa tua\" - Bellunopress - Dolomiti","og_description":"Riconferma del direttivo uscente per l&#8217;Associazione Casa Tua di Belluno. Lo ha stabilito l&#8217;assemblea che ha rinnovato nei giorni scorsi le cariche sociali per il prossimo triennio. Riconferma, quindi, di Giorgio Zampieri alla presidenza (delegato dal Comitato d\u2019Intesa), cos\u00ec come riconfermata Noris Bortot in qualit\u00e0 di vice presidente (espressione del Corc) e di Romeo Bristot [&hellip;]","og_url":"https:\/\/www.bellunopress.it\/fr\/2012\/04\/11\/giorgio-zampieri-riconfermato-alla-presidenza-di-casa-tua\/","og_site_name":"Bellunopress - Dolomiti","article_publisher":"https:\/\/www.facebook.com\/profile.php?id=100008943462799","article_published_time":"2012-04-11T15:59:07+00:00","og_image":[{"url":"http:\/\/www.bellunopress.it\/wp-content\/uploads\/2009\/03\/giorgio-zampieri-240x180.bmp","type":"","width":"","height":""}],"author":"redazione","twitter_card":"summary_large_image","twitter_creator":"@bellunopress","twitter_site":"@bellunopress","twitter_misc":{"\u00c9crit par":"redazione","Dur\u00e9e de lecture estim\u00e9e":"2 minutes"},"schema":{"@context":"https:\/\/schema.org","@graph":[{"@type":"Article","@id":"https:\/\/www.bellunopress.it\/2012\/04\/11\/giorgio-zampieri-riconfermato-alla-presidenza-di-casa-tua\/#article","isPartOf":{"@id":"https:\/\/www.bellunopress.it\/2012\/04\/11\/giorgio-zampieri-riconfermato-alla-presidenza-di-casa-tua\/"},"author":{"name":"redazione","@id":"https:\/\/www.bellunopress.it\/#\/schema\/person\/79bb06722b37ece1c03d3e94beb30d73"},"headline":"Giorgio Zampieri riconfermato alla presidenza di &#8220;Casa tua&#8221;","datePublished":"2012-04-11T15:59:07+00:00","mainEntityOfPage":{"@id":"https:\/\/www.bellunopress.it\/2012\/04\/11\/giorgio-zampieri-riconfermato-alla-presidenza-di-casa-tua\/"},"wordCount":401,"publisher":{"@id":"https:\/\/www.bellunopress.it\/#organization"},"image":{"@id":"https:\/\/www.bellunopress.it\/2012\/04\/11\/giorgio-zampieri-riconfermato-alla-presidenza-di-casa-tua\/#primaryimage"},"thumbnailUrl":"http:\/\/www.bellunopress.it\/wp-content\/uploads\/2009\/03\/giorgio-zampieri-240x180.bmp","articleSection":["Prima Pagina","Societ\u00e0, Associazioni, Istituzioni"],"inLanguage":"fr-FR"},{"@type":"WebPage","@id":"https:\/\/www.bellunopress.it\/2012\/04\/11\/giorgio-zampieri-riconfermato-alla-presidenza-di-casa-tua\/","url":"https:\/\/www.bellunopress.it\/2012\/04\/11\/giorgio-zampieri-riconfermato-alla-presidenza-di-casa-tua\/","name":"Giorgio Zampieri riconfermato alla presidenza di \"Casa tua\" - Bellunopress - Dolomiti","isPartOf":{"@id":"https:\/\/www.bellunopress.it\/#website"},"primaryImageOfPage":{"@id":"https:\/\/www.bellunopress.it\/2012\/04\/11\/giorgio-zampieri-riconfermato-alla-presidenza-di-casa-tua\/#primaryimage"},"image":{"@id":"https:\/\/www.bellunopress.it\/2012\/04\/11\/giorgio-zampieri-riconfermato-alla-presidenza-di-casa-tua\/#primaryimage"},"thumbnailUrl":"http:\/\/www.bellunopress.it\/wp-content\/uploads\/2009\/03\/giorgio-zampieri-240x180.bmp","datePublished":"2012-04-11T15:59:07+00:00","breadcrumb":{"@id":"https:\/\/www.bellunopress.it\/2012\/04\/11\/giorgio-zampieri-riconfermato-alla-presidenza-di-casa-tua\/#breadcrumb"},"inLanguage":"fr-FR","potentialAction":[{"@type":"ReadAction","target":["https:\/\/www.bellunopress.it\/2012\/04\/11\/giorgio-zampieri-riconfermato-alla-presidenza-di-casa-tua\/"]}]},{"@type":"ImageObject","inLanguage":"fr-FR","@id":"https:\/\/www.bellunopress.it\/2012\/04\/11\/giorgio-zampieri-riconfermato-alla-presidenza-di-casa-tua\/#primaryimage","url":"http:\/\/www.bellunopress.it\/wp-content\/uploads\/2009\/03\/giorgio-zampieri-240x180.bmp","contentUrl":"http:\/\/www.bellunopress.it\/wp-content\/uploads\/2009\/03\/giorgio-zampieri-240x180.bmp"},{"@type":"BreadcrumbList","@id":"https:\/\/www.bellunopress.it\/2012\/04\/11\/giorgio-zampieri-riconfermato-alla-presidenza-di-casa-tua\/#breadcrumb","itemListElement":[{"@type":"ListItem","position":1,"name":"Home","item":"https:\/\/www.bellunopress.it\/"},{"@type":"ListItem","position":2,"name":"Giorgio Zampieri riconfermato alla presidenza di &#8220;Casa tua&#8221;"}]},{"@type":"WebSite","@id":"https:\/\/www.bellunopress.it\/#website","url":"https:\/\/www.bellunopress.it\/","name":"Bellunopress - Dolomiti","description":"e-mail: redazione@bellunopress.it","publisher":{"@id":"https:\/\/www.bellunopress.it\/#organization"},"potentialAction":[{"@type":"SearchAction","target":{"@type":"EntryPoint","urlTemplate":"https:\/\/www.bellunopress.it\/?s={search_term_string}"},"query-input":{"@type":"PropertyValueSpecification","valueRequired":true,"valueName":"search_term_string"}}],"inLanguage":"fr-FR"},{"@type":"Organization","@id":"https:\/\/www.bellunopress.it\/#organization","name":"Bellunopress","url":"https:\/\/www.bellunopress.it\/","logo":{"@type":"ImageObject","inLanguage":"fr-FR","@id":"https:\/\/www.bellunopress.it\/#\/schema\/logo\/image\/","url":"https:\/\/www.bellunopress.it\/wp-content\/uploads\/2011\/05\/cropped-logo-bellunopress-.jpg","contentUrl":"https:\/\/www.bellunopress.it\/wp-content\/uploads\/2011\/05\/cropped-logo-bellunopress-.jpg","width":512,"height":512,"caption":"Bellunopress"},"image":{"@id":"https:\/\/www.bellunopress.it\/#\/schema\/logo\/image\/"},"sameAs":["https:\/\/www.facebook.com\/profile.php?id=100008943462799","https:\/\/x.com\/bellunopress","https:\/\/www.linkedin.com\/hp\/?dnr=JBzUWaJfMUw8vbXJJ2tVW5-I3jZKvC4wsoxE&amp;amp;amp;amp;amp;amp;trk=nav_responsive_tab_home","https:\/\/www.youtube.com\/channel\/UCxL0wu1uN0_3_7hGG0306cw"]},{"@type":"Person","@id":"https:\/\/www.bellunopress.it\/#\/schema\/person\/79bb06722b37ece1c03d3e94beb30d73","name":"r\u00e9daction","image":{"@type":"ImageObject","inLanguage":"fr-FR","@id":"https:\/\/secure.gravatar.com\/avatar\/37d968a2e67a6fd04c169c4bdef102d0bc5d31b2546345219e348575eb80e9a0?s=96&d=mm&r=g","url":"https:\/\/secure.gravatar.com\/avatar\/37d968a2e67a6fd04c169c4bdef102d0bc5d31b2546345219e348575eb80e9a0?s=96&d=mm&r=g","contentUrl":"https:\/\/secure.gravatar.com\/avatar\/37d968a2e67a6fd04c169c4bdef102d0bc5d31b2546345219e348575eb80e9a0?s=96&d=mm&r=g","caption":"redazione"},"sameAs":["http:\/\/www.bellunopress.it","https:\/\/x.com\/bellunopress"],"url":"https:\/\/www.bellunopress.it\/fr\/author\/redazione\/"}]}},"_links":{"self":[{"href":"https:\/\/www.bellunopress.it\/fr\/wp-json\/wp\/v2\/posts\/36851","targetHints":{"allow":["GET"]}}],"collection":[{"href":"https:\/\/www.bellunopress.it\/fr\/wp-json\/wp\/v2\/posts"}],"about":[{"href":"https:\/\/www.bellunopress.it\/fr\/wp-json\/wp\/v2\/types\/post"}],"author":[{"embeddable":true,"href":"https:\/\/www.bellunopress.it\/fr\/wp-json\/wp\/v2\/users\/2"}],"replies":[{"embeddable":true,"href":"https:\/\/www.bellunopress.it\/fr\/wp-json\/wp\/v2\/comments?post=36851"}],"version-history":[{"count":1,"href":"https:\/\/www.bellunopress.it\/fr\/wp-json\/wp\/v2\/posts\/36851\/revisions"}],"predecessor-version":[{"id":36852,"href":"https:\/\/www.bellunopress.it\/fr\/wp-json\/wp\/v2\/posts\/36851\/revisions\/36852"}],"wp:attachment":[{"href":"https:\/\/www.bellunopress.it\/fr\/wp-json\/wp\/v2\/media?parent=36851"}],"wp:term":[{"taxonomy":"category","embeddable":true,"href":"https:\/\/www.bellunopress.it\/fr\/wp-json\/wp\/v2\/categories?post=36851"},{"taxonomy":"post_tag","embeddable":true,"href":"https:\/\/www.bellunopress.it\/fr\/wp-json\/wp\/v2\/tags?post=36851"}],"curies":[{"name":"wp","href":"https:\/\/api.w.org\/{rel}","templated":true}]}}